{"id":57151,"date":"2021-11-12T15:55:57","date_gmt":"2021-11-12T14:55:57","guid":{"rendered":"https:\/\/kunmedierne.dk\/mors\/?p=57151"},"modified":"2024-08-12T13:35:52","modified_gmt":"2024-08-12T11:35:52","slug":"farlig-trafik-paa-praestbrovej","status":"publish","type":"post","link":"https:\/\/kunmedierne.dk\/mors\/farlig-trafik-paa-praestbrovej\/","title":{"rendered":"&#8211; Farlig trafik p\u00e5 Pr\u00e6stbrovej"},"content":{"rendered":"<p><em>Debatindl\u00e6g af Thomas Dahlgaard, kandidat for Venstre ved Kommunalvalg 2021:<\/em><\/p>\n<hr \/>\n<p><strong>MORS<\/strong>: N\u00e5r man om morgenen skal fra \u00d8ster J\u00f8lby omr\u00e5det og p\u00e5 arbejde i industriomr\u00e5det i Erslev, i Nyk\u00f8bing\u00a0 eller l\u00e6ngere \u00f8stp\u00e5, bliver man en del af en trafikkaravane, som bev\u00e6ger sig ad Pr\u00e6stbrovej. Trafikken er t\u00e6t og farten hos enkelte bilister er temmelig h\u00f8j, og deres t\u00e5lmodighed tilsvarende lav.<\/p>\n<p>Dette afstedkommer farlige trafiksituationer p\u00e5 str\u00e6kningen, som jo ogs\u00e5 er t\u00e6nkt som skolevej for en del elever fra\u00a0 omr\u00e5det. Aktuelt er der en smal stribe asfalt i begge sider af vejen, som skal g\u00f8re det ud for cykelsti, hvilket absolut er utilstr\u00e6kkeligt. Der er aktuelt reserveret kommunale midler til en etablering af en decideret cykelsti, men et tilsagn fra staten om medfinansiering lader vente p\u00e5 sig, s\u00e5 et egentlig anl\u00e6g af en cykelsti lader sig tidligst g\u00f8re i 2023- m\u00e5ske senere.<\/p>\n<p><a href=\"https:\/\/morsoe-begravelsesforretning.dk\/\"><img loading=\"lazy\" decoding=\"async\" class=\"alignleft size-full wp-image-46598\" src=\"https:\/\/kunmedierne.dk\/mors\/wp-content\/uploads\/2021\/06\/t07.jpg\" alt=\"\" width=\"1425\" height=\"127\" srcset=\"https:\/\/kunmedierne.dk\/mors\/wp-content\/uploads\/2021\/06\/t07.jpg 1425w, https:\/\/kunmedierne.dk\/mors\/wp-content\/uploads\/2021\/06\/t07-300x27.jpg 300w, https:\/\/kunmedierne.dk\/mors\/wp-content\/uploads\/2021\/06\/t07-1024x91.jpg 1024w, https:\/\/kunmedierne.dk\/mors\/wp-content\/uploads\/2021\/06\/t07-768x68.jpg 768w, https:\/\/kunmedierne.dk\/mors\/wp-content\/uploads\/2021\/06\/t07-600x53.jpg 600w\" sizes=\"auto, (max-width: 1425px) 100vw, 1425px\" \/><\/a><\/p>\n<p>N\u00e5r cykelstien kommer er det min forh\u00e5bning at der ogs\u00e5 etableres gadelys mellem Erslev og J\u00f8lby, s\u00e5 sikkerheden \u00f8ges yderligere i de m\u00f8rke timer og \u00e5rstider til gavn for alle.<\/p>\n<p>Et andet presserende trafikproblem, som opleves p\u00e5 Midtmors, er Det store kryds i \u00d8ster J\u00f8lby. At f\u00e5 omdannet denne til en rundk\u00f8rsel er et meget stort \u00f8nske fra de mange trafikanter, som hver morgen skal passere denne forhindring. I spidsbelastningstiderne opleves der lange k\u00f8er p\u00e5 begge sider af krydset. Dette udfordrer folks t\u00e5lmodighed og \u00f8ger deres risikovillighed, til n\u00e5r det bliver deres tur til at komme videre. Is\u00e6r venstresving volder mange udfordringer og giver mange farlige situationer. Lykkeligvis har der kun v\u00e6ret et mindre antal ulykker, men een ulykke, som kan undg\u00e5s, er en for meget!<\/p>\n<p><a href=\"https:\/\/www.sparthy.dk\/\"><img loading=\"lazy\" decoding=\"async\" class=\"alignleft size-full wp-image-46599\" src=\"https:\/\/kunmedierne.dk\/mors\/wp-content\/uploads\/2021\/06\/t08.jpg\" alt=\"\" width=\"1400\" height=\"125\" srcset=\"https:\/\/kunmedierne.dk\/mors\/wp-content\/uploads\/2021\/06\/t08.jpg 1400w, https:\/\/kunmedierne.dk\/mors\/wp-content\/uploads\/2021\/06\/t08-300x27.jpg 300w, https:\/\/kunmedierne.dk\/mors\/wp-content\/uploads\/2021\/06\/t08-1024x91.jpg 1024w, https:\/\/kunmedierne.dk\/mors\/wp-content\/uploads\/2021\/06\/t08-768x69.jpg 768w, https:\/\/kunmedierne.dk\/mors\/wp-content\/uploads\/2021\/06\/t08-600x54.jpg 600w\" sizes=\"auto, (max-width: 1400px) 100vw, 1400px\" \/><\/a><\/p>\n<p>Med den planlagte udvidelse af A26\/34 m\u00e5 man forvente et \u00f8get trafikpres p\u00e5 str\u00e6kningen hvilket igen \u00f8ger risikoen for farlige situationer. Den kommende kommunalbestyrelse b\u00f8r derfor arbejde aktivt for at etablere en rundk\u00f8rsel, enten ved at presse p\u00e5 overfor vejdirektoratet, eller ved at tilbyde en kommunal medfinansiering i etablering af en rundk\u00f8rsel. Dette er tidligere lykkedes for Thisted kommune da man etablerede en rundk\u00f8rsel i Vildsund, s\u00e5 lad os kopiere kunsstykket.<\/p>\n<p>Fordelene ved en rundk\u00f8rsel er mange. Den vil lette trafikpresset p\u00e5 Pr\u00e6stbrovej, da mange med en \u00f8get tilg\u00e6ngelighed til A26 vil v\u00e6lge denne. En rundk\u00f8rsel vil sikre en langt bedre passage af A26 for alle trafikanter fra Vestmorsvej og \u00d8ster J\u00f8lby a , ogs\u00e5 de mere langsomme trafikanter, som knallerter og landbrugsk\u00f8ret\u00f8jer. En rundk\u00f8rsel vil med sikkerhed minimere risikoen for trafikuheld betragteligt og bringe hastigheden i \u00d8ster J\u00f8lby kryds ned. En rundk\u00f8rsel vil v\u00e6re til gavn for alle og b\u00f8r prioriteres.<\/p>\n<p><img loading=\"lazy\" decoding=\"async\" class=\"alignleft size-full wp-image-46600\" src=\"https:\/\/kunmedierne.dk\/mors\/wp-content\/uploads\/2021\/06\/t09.jpg\" alt=\"\" width=\"1400\" height=\"125\" srcset=\"https:\/\/kunmedierne.dk\/mors\/wp-content\/uploads\/2021\/06\/t09.jpg 1400w, https:\/\/kunmedierne.dk\/mors\/wp-content\/uploads\/2021\/06\/t09-300x27.jpg 300w, https:\/\/kunmedierne.dk\/mors\/wp-content\/uploads\/2021\/06\/t09-1024x91.jpg 1024w, https:\/\/kunmedierne.dk\/mors\/wp-content\/uploads\/2021\/06\/t09-768x69.jpg 768w, https:\/\/kunmedierne.dk\/mors\/wp-content\/uploads\/2021\/06\/t09-600x54.jpg 600w\" sizes=\"auto, (max-width: 1400px) 100vw, 1400px\" \/>Slutteligt vil jeg \u00f8nske alle en god valgdag p\u00e5 tirsdag og jeg h\u00e5ber at man vil benytte sig af sin mulighed for at f\u00e5 valgt nogle gode og dygtige politikere ind i kommunalbestyrelsen, som kan arbejde for at g\u00f8re Mors til et endnu bedre sted at bo og leve de n\u00e6ste 4 \u00e5r.<\/p>\n<hr \/>\n<blockquote>\n<h5>F\u00e5 dagens nyheder om Mors direkte i din mailboks. Tilmeld dig vores gratis nyhedsbrev nederst p\u00e5 siden. S\u00e5 f\u00e5r du KunMors som en lokal avis \u2013 alle ugens dage \u00e5ret rundt.<\/h5>\n<\/blockquote>\n<p>&nbsp;<\/p>\n","protected":false},"excerpt":{"rendered":"<p>Debatindl\u00e6g af Thomas Dahlgaard, kandidat for Venstre ved Kommunalvalg 2021: MORS: N\u00e5r man om morgenen skal fra \u00d8ster J\u00f8lby omr\u00e5det og p\u00e5 arbejde i industriomr\u00e5det i Erslev, i Nyk\u00f8bing\u00a0 eller l\u00e6ngere \u00f8stp\u00e5, bliver man en del af en trafikkaravane, som bev\u00e6ger sig ad Pr\u00e6stbrovej. Trafikken er t\u00e6t og farten hos enkelte bilister er temmelig h\u00f8j, [&hellip;]<\/p>\n","protected":false},"author":11,"featured_media":43014,"comment_status":"open","ping_status":"open","sticky":false,"template":"","format":"standard","meta":{"_acf_changed":false,"footnotes":""},"categories":[56],"tags":[167],"class_list":["post-57151","post","type-post","status-publish","format-standard","has-post-thumbnail","hentry","category-debat","tag-politik"],"acf":[],"yoast_head":"<!-- This site is optimized with the Yoast SEO plugin v26.8 - https:\/\/yoast.com\/product\/yoast-seo-wordpress\/ -->\n<title>- Farlig trafik p\u00e5 Pr\u00e6stbrovej - Mors<\/title>\n<meta name=\"robots\" content=\"index, follow, max-snippet:-1, max-image-preview:large, max-video-preview:-1\" \/>\n<link rel=\"canonical\" href=\"https:\/\/kunmedierne.dk\/mors\/farlig-trafik-paa-praestbrovej\/\" \/>\n<meta property=\"og:locale\" content=\"da_DK\" \/>\n<meta property=\"og:type\" content=\"article\" \/>\n<meta property=\"og:title\" content=\"- Farlig trafik p\u00e5 Pr\u00e6stbrovej - Mors\" \/>\n<meta property=\"og:description\" content=\"Debatindl\u00e6g af Thomas Dahlgaard, kandidat for Venstre ved Kommunalvalg 2021: MORS: N\u00e5r man om morgenen skal fra \u00d8ster J\u00f8lby omr\u00e5det og p\u00e5 arbejde i industriomr\u00e5det i Erslev, i Nyk\u00f8bing\u00a0 eller l\u00e6ngere \u00f8stp\u00e5, bliver man en del af en trafikkaravane, som bev\u00e6ger sig ad Pr\u00e6stbrovej. Trafikken er t\u00e6t og farten hos enkelte bilister er temmelig h\u00f8j, [&hellip;]\" \/>\n<meta property=\"og:url\" content=\"https:\/\/kunmedierne.dk\/mors\/farlig-trafik-paa-praestbrovej\/\" \/>\n<meta property=\"og:site_name\" content=\"Mors\" \/>\n<meta property=\"article:published_time\" content=\"2021-11-12T14:55:57+00:00\" \/>\n<meta property=\"article:modified_time\" content=\"2024-08-12T11:35:52+00:00\" \/>\n<meta property=\"og:image\" content=\"https:\/\/kunmedierne.dk\/mors\/wp-content\/uploads\/2021\/04\/thomas-dahlgaard.jpg\" \/>\n\t<meta property=\"og:image:width\" content=\"770\" \/>\n\t<meta property=\"og:image:height\" content=\"513\" \/>\n\t<meta property=\"og:image:type\" content=\"image\/jpeg\" \/>\n<meta name=\"author\" content=\"Debat\" \/>\n<meta name=\"twitter:card\" content=\"summary_large_image\" \/>\n<meta name=\"twitter:label1\" content=\"Skrevet af\" \/>\n\t<meta name=\"twitter:data1\" content=\"Debat\" \/>\n\t<meta name=\"twitter:label2\" content=\"Estimeret l\u00e6setid\" \/>\n\t<meta name=\"twitter:data2\" content=\"3 minutter\" \/>\n<script type=\"application\/ld+json\" class=\"yoast-schema-graph\">{\"@context\":\"https:\/\/schema.org\",\"@graph\":[{\"@type\":\"Article\",\"@id\":\"https:\/\/kunmedierne.dk\/mors\/farlig-trafik-paa-praestbrovej\/#article\",\"isPartOf\":{\"@id\":\"https:\/\/kunmedierne.dk\/mors\/farlig-trafik-paa-praestbrovej\/\"},\"author\":{\"name\":\"Debat\",\"@id\":\"https:\/\/kunmedierne.dk\/mors\/#\/schema\/person\/84c1391bce0b43b9bb3a49736bc0ad78\"},\"headline\":\"&#8211; Farlig trafik p\u00e5 Pr\u00e6stbrovej\",\"datePublished\":\"2021-11-12T14:55:57+00:00\",\"dateModified\":\"2024-08-12T11:35:52+00:00\",\"mainEntityOfPage\":{\"@id\":\"https:\/\/kunmedierne.dk\/mors\/farlig-trafik-paa-praestbrovej\/\"},\"wordCount\":559,\"commentCount\":0,\"publisher\":{\"@id\":\"https:\/\/kunmedierne.dk\/mors\/#organization\"},\"image\":{\"@id\":\"https:\/\/kunmedierne.dk\/mors\/farlig-trafik-paa-praestbrovej\/#primaryimage\"},\"thumbnailUrl\":\"https:\/\/kunmedierne.dk\/mors\/wp-content\/uploads\/2021\/04\/thomas-dahlgaard.jpg\",\"keywords\":[\"Politik\"],\"articleSection\":[\"Debat\"],\"inLanguage\":\"da-DK\",\"potentialAction\":[{\"@type\":\"CommentAction\",\"name\":\"Comment\",\"target\":[\"https:\/\/kunmedierne.dk\/mors\/farlig-trafik-paa-praestbrovej\/#respond\"]}]},{\"@type\":\"WebPage\",\"@id\":\"https:\/\/kunmedierne.dk\/mors\/farlig-trafik-paa-praestbrovej\/\",\"url\":\"https:\/\/kunmedierne.dk\/mors\/farlig-trafik-paa-praestbrovej\/\",\"name\":\"- Farlig trafik p\u00e5 Pr\u00e6stbrovej - Mors\",\"isPartOf\":{\"@id\":\"https:\/\/kunmedierne.dk\/mors\/#website\"},\"primaryImageOfPage\":{\"@id\":\"https:\/\/kunmedierne.dk\/mors\/farlig-trafik-paa-praestbrovej\/#primaryimage\"},\"image\":{\"@id\":\"https:\/\/kunmedierne.dk\/mors\/farlig-trafik-paa-praestbrovej\/#primaryimage\"},\"thumbnailUrl\":\"https:\/\/kunmedierne.dk\/mors\/wp-content\/uploads\/2021\/04\/thomas-dahlgaard.jpg\",\"datePublished\":\"2021-11-12T14:55:57+00:00\",\"dateModified\":\"2024-08-12T11:35:52+00:00\",\"breadcrumb\":{\"@id\":\"https:\/\/kunmedierne.dk\/mors\/farlig-trafik-paa-praestbrovej\/#breadcrumb\"},\"inLanguage\":\"da-DK\",\"potentialAction\":[{\"@type\":\"ReadAction\",\"target\":[\"https:\/\/kunmedierne.dk\/mors\/farlig-trafik-paa-praestbrovej\/\"]}]},{\"@type\":\"ImageObject\",\"inLanguage\":\"da-DK\",\"@id\":\"https:\/\/kunmedierne.dk\/mors\/farlig-trafik-paa-praestbrovej\/#primaryimage\",\"url\":\"https:\/\/kunmedierne.dk\/mors\/wp-content\/uploads\/2021\/04\/thomas-dahlgaard.jpg\",\"contentUrl\":\"https:\/\/kunmedierne.dk\/mors\/wp-content\/uploads\/2021\/04\/thomas-dahlgaard.jpg\",\"width\":770,\"height\":513,\"caption\":\"Thomas Dahlgaard, kandidat for Venstre ved kommunalvalget i november. Foto: Venstre Mors\"},{\"@type\":\"BreadcrumbList\",\"@id\":\"https:\/\/kunmedierne.dk\/mors\/farlig-trafik-paa-praestbrovej\/#breadcrumb\",\"itemListElement\":[{\"@type\":\"ListItem\",\"position\":1,\"name\":\"Hjem\",\"item\":\"https:\/\/kunmedierne.dk\/mors\/\"},{\"@type\":\"ListItem\",\"position\":2,\"name\":\"&#8211; Farlig trafik p\u00e5 Pr\u00e6stbrovej\"}]},{\"@type\":\"WebSite\",\"@id\":\"https:\/\/kunmedierne.dk\/mors\/#website\",\"url\":\"https:\/\/kunmedierne.dk\/mors\/\",\"name\":\"Mors\",\"description\":\"et netmedie med journalistik om livet p\u00e5 Mors\",\"publisher\":{\"@id\":\"https:\/\/kunmedierne.dk\/mors\/#organization\"},\"potentialAction\":[{\"@type\":\"SearchAction\",\"target\":{\"@type\":\"EntryPoint\",\"urlTemplate\":\"https:\/\/kunmedierne.dk\/mors\/?s={search_term_string}\"},\"query-input\":{\"@type\":\"PropertyValueSpecification\",\"valueRequired\":true,\"valueName\":\"search_term_string\"}}],\"inLanguage\":\"da-DK\"},{\"@type\":\"Organization\",\"@id\":\"https:\/\/kunmedierne.dk\/mors\/#organization\",\"name\":\"Mors\",\"url\":\"https:\/\/kunmedierne.dk\/mors\/\",\"logo\":{\"@type\":\"ImageObject\",\"inLanguage\":\"da-DK\",\"@id\":\"https:\/\/kunmedierne.dk\/mors\/#\/schema\/logo\/image\/\",\"url\":\"https:\/\/kunmedierne.dk\/mors\/wp-content\/uploads\/2024\/08\/kunmors-logo.svg\",\"contentUrl\":\"https:\/\/kunmedierne.dk\/mors\/wp-content\/uploads\/2024\/08\/kunmors-logo.svg\",\"caption\":\"Mors\"},\"image\":{\"@id\":\"https:\/\/kunmedierne.dk\/mors\/#\/schema\/logo\/image\/\"}},{\"@type\":\"Person\",\"@id\":\"https:\/\/kunmedierne.dk\/mors\/#\/schema\/person\/84c1391bce0b43b9bb3a49736bc0ad78\",\"name\":\"Debat\",\"image\":{\"@type\":\"ImageObject\",\"inLanguage\":\"da-DK\",\"@id\":\"https:\/\/kunmedierne.dk\/mors\/#\/schema\/person\/image\/\",\"url\":\"https:\/\/secure.gravatar.com\/avatar\/b0fb2e221d618f7c65162ab0d49c7e8a0b580c871ca03af90e42b47b4150654c?s=96&d=mm&r=g\",\"contentUrl\":\"https:\/\/secure.gravatar.com\/avatar\/b0fb2e221d618f7c65162ab0d49c7e8a0b580c871ca03af90e42b47b4150654c?s=96&d=mm&r=g\",\"caption\":\"Debat\"},\"url\":\"https:\/\/kunmedierne.dk\/mors\/author\/debat\/\"}]}<\/script>\n<!-- \/ Yoast SEO plugin. -->","yoast_head_json":{"title":"- Farlig trafik p\u00e5 Pr\u00e6stbrovej - Mors","robots":{"index":"index","follow":"follow","max-snippet":"max-snippet:-1","max-image-preview":"max-image-preview:large","max-video-preview":"max-video-preview:-1"},"canonical":"https:\/\/kunmedierne.dk\/mors\/farlig-trafik-paa-praestbrovej\/","og_locale":"da_DK","og_type":"article","og_title":"- Farlig trafik p\u00e5 Pr\u00e6stbrovej - Mors","og_description":"Debatindl\u00e6g af Thomas Dahlgaard, kandidat for Venstre ved Kommunalvalg 2021: MORS: N\u00e5r man om morgenen skal fra \u00d8ster J\u00f8lby omr\u00e5det og p\u00e5 arbejde i industriomr\u00e5det i Erslev, i Nyk\u00f8bing\u00a0 eller l\u00e6ngere \u00f8stp\u00e5, bliver man en del af en trafikkaravane, som bev\u00e6ger sig ad Pr\u00e6stbrovej. Trafikken er t\u00e6t og farten hos enkelte bilister er temmelig h\u00f8j, [&hellip;]","og_url":"https:\/\/kunmedierne.dk\/mors\/farlig-trafik-paa-praestbrovej\/","og_site_name":"Mors","article_published_time":"2021-11-12T14:55:57+00:00","article_modified_time":"2024-08-12T11:35:52+00:00","og_image":[{"width":770,"height":513,"url":"https:\/\/kunmedierne.dk\/mors\/wp-content\/uploads\/2021\/04\/thomas-dahlgaard.jpg","type":"image\/jpeg"}],"author":"Debat","twitter_card":"summary_large_image","twitter_misc":{"Skrevet af":"Debat","Estimeret l\u00e6setid":"3 minutter"},"schema":{"@context":"https:\/\/schema.org","@graph":[{"@type":"Article","@id":"https:\/\/kunmedierne.dk\/mors\/farlig-trafik-paa-praestbrovej\/#article","isPartOf":{"@id":"https:\/\/kunmedierne.dk\/mors\/farlig-trafik-paa-praestbrovej\/"},"author":{"name":"Debat","@id":"https:\/\/kunmedierne.dk\/mors\/#\/schema\/person\/84c1391bce0b43b9bb3a49736bc0ad78"},"headline":"&#8211; Farlig trafik p\u00e5 Pr\u00e6stbrovej","datePublished":"2021-11-12T14:55:57+00:00","dateModified":"2024-08-12T11:35:52+00:00","mainEntityOfPage":{"@id":"https:\/\/kunmedierne.dk\/mors\/farlig-trafik-paa-praestbrovej\/"},"wordCount":559,"commentCount":0,"publisher":{"@id":"https:\/\/kunmedierne.dk\/mors\/#organization"},"image":{"@id":"https:\/\/kunmedierne.dk\/mors\/farlig-trafik-paa-praestbrovej\/#primaryimage"},"thumbnailUrl":"https:\/\/kunmedierne.dk\/mors\/wp-content\/uploads\/2021\/04\/thomas-dahlgaard.jpg","keywords":["Politik"],"articleSection":["Debat"],"inLanguage":"da-DK","potentialAction":[{"@type":"CommentAction","name":"Comment","target":["https:\/\/kunmedierne.dk\/mors\/farlig-trafik-paa-praestbrovej\/#respond"]}]},{"@type":"WebPage","@id":"https:\/\/kunmedierne.dk\/mors\/farlig-trafik-paa-praestbrovej\/","url":"https:\/\/kunmedierne.dk\/mors\/farlig-trafik-paa-praestbrovej\/","name":"- Farlig trafik p\u00e5 Pr\u00e6stbrovej - Mors","isPartOf":{"@id":"https:\/\/kunmedierne.dk\/mors\/#website"},"primaryImageOfPage":{"@id":"https:\/\/kunmedierne.dk\/mors\/farlig-trafik-paa-praestbrovej\/#primaryimage"},"image":{"@id":"https:\/\/kunmedierne.dk\/mors\/farlig-trafik-paa-praestbrovej\/#primaryimage"},"thumbnailUrl":"https:\/\/kunmedierne.dk\/mors\/wp-content\/uploads\/2021\/04\/thomas-dahlgaard.jpg","datePublished":"2021-11-12T14:55:57+00:00","dateModified":"2024-08-12T11:35:52+00:00","breadcrumb":{"@id":"https:\/\/kunmedierne.dk\/mors\/farlig-trafik-paa-praestbrovej\/#breadcrumb"},"inLanguage":"da-DK","potentialAction":[{"@type":"ReadAction","target":["https:\/\/kunmedierne.dk\/mors\/farlig-trafik-paa-praestbrovej\/"]}]},{"@type":"ImageObject","inLanguage":"da-DK","@id":"https:\/\/kunmedierne.dk\/mors\/farlig-trafik-paa-praestbrovej\/#primaryimage","url":"https:\/\/kunmedierne.dk\/mors\/wp-content\/uploads\/2021\/04\/thomas-dahlgaard.jpg","contentUrl":"https:\/\/kunmedierne.dk\/mors\/wp-content\/uploads\/2021\/04\/thomas-dahlgaard.jpg","width":770,"height":513,"caption":"Thomas Dahlgaard, kandidat for Venstre ved kommunalvalget i november. Foto: Venstre Mors"},{"@type":"BreadcrumbList","@id":"https:\/\/kunmedierne.dk\/mors\/farlig-trafik-paa-praestbrovej\/#breadcrumb","itemListElement":[{"@type":"ListItem","position":1,"name":"Hjem","item":"https:\/\/kunmedierne.dk\/mors\/"},{"@type":"ListItem","position":2,"name":"&#8211; Farlig trafik p\u00e5 Pr\u00e6stbrovej"}]},{"@type":"WebSite","@id":"https:\/\/kunmedierne.dk\/mors\/#website","url":"https:\/\/kunmedierne.dk\/mors\/","name":"Mors","description":"et netmedie med journalistik om livet p\u00e5 Mors","publisher":{"@id":"https:\/\/kunmedierne.dk\/mors\/#organization"},"potentialAction":[{"@type":"SearchAction","target":{"@type":"EntryPoint","urlTemplate":"https:\/\/kunmedierne.dk\/mors\/?s={search_term_string}"},"query-input":{"@type":"PropertyValueSpecification","valueRequired":true,"valueName":"search_term_string"}}],"inLanguage":"da-DK"},{"@type":"Organization","@id":"https:\/\/kunmedierne.dk\/mors\/#organization","name":"Mors","url":"https:\/\/kunmedierne.dk\/mors\/","logo":{"@type":"ImageObject","inLanguage":"da-DK","@id":"https:\/\/kunmedierne.dk\/mors\/#\/schema\/logo\/image\/","url":"https:\/\/kunmedierne.dk\/mors\/wp-content\/uploads\/2024\/08\/kunmors-logo.svg","contentUrl":"https:\/\/kunmedierne.dk\/mors\/wp-content\/uploads\/2024\/08\/kunmors-logo.svg","caption":"Mors"},"image":{"@id":"https:\/\/kunmedierne.dk\/mors\/#\/schema\/logo\/image\/"}},{"@type":"Person","@id":"https:\/\/kunmedierne.dk\/mors\/#\/schema\/person\/84c1391bce0b43b9bb3a49736bc0ad78","name":"Debat","image":{"@type":"ImageObject","inLanguage":"da-DK","@id":"https:\/\/kunmedierne.dk\/mors\/#\/schema\/person\/image\/","url":"https:\/\/secure.gravatar.com\/avatar\/b0fb2e221d618f7c65162ab0d49c7e8a0b580c871ca03af90e42b47b4150654c?s=96&d=mm&r=g","contentUrl":"https:\/\/secure.gravatar.com\/avatar\/b0fb2e221d618f7c65162ab0d49c7e8a0b580c871ca03af90e42b47b4150654c?s=96&d=mm&r=g","caption":"Debat"},"url":"https:\/\/kunmedierne.dk\/mors\/author\/debat\/"}]}},"_links":{"self":[{"href":"https:\/\/kunmedierne.dk\/mors\/wp-json\/wp\/v2\/posts\/57151","targetHints":{"allow":["GET"]}}],"collection":[{"href":"https:\/\/kunmedierne.dk\/mors\/wp-json\/wp\/v2\/posts"}],"about":[{"href":"https:\/\/kunmedierne.dk\/mors\/wp-json\/wp\/v2\/types\/post"}],"author":[{"embeddable":true,"href":"https:\/\/kunmedierne.dk\/mors\/wp-json\/wp\/v2\/users\/11"}],"replies":[{"embeddable":true,"href":"https:\/\/kunmedierne.dk\/mors\/wp-json\/wp\/v2\/comments?post=57151"}],"version-history":[{"count":3,"href":"https:\/\/kunmedierne.dk\/mors\/wp-json\/wp\/v2\/posts\/57151\/revisions"}],"predecessor-version":[{"id":57157,"href":"https:\/\/kunmedierne.dk\/mors\/wp-json\/wp\/v2\/posts\/57151\/revisions\/57157"}],"wp:featuredmedia":[{"embeddable":true,"href":"https:\/\/kunmedierne.dk\/mors\/wp-json\/wp\/v2\/media\/43014"}],"wp:attachment":[{"href":"https:\/\/kunmedierne.dk\/mors\/wp-json\/wp\/v2\/media?parent=57151"}],"wp:term":[{"taxonomy":"category","embeddable":true,"href":"https:\/\/kunmedierne.dk\/mors\/wp-json\/wp\/v2\/categories?post=57151"},{"taxonomy":"post_tag","embeddable":true,"href":"https:\/\/kunmedierne.dk\/mors\/wp-json\/wp\/v2\/tags?post=57151"}],"curies":[{"name":"wp","href":"https:\/\/api.w.org\/{rel}","templated":true}]}}