{"id":57105,"date":"2021-11-12T10:13:09","date_gmt":"2021-11-12T09:13:09","guid":{"rendered":"https:\/\/kunmedierne.dk\/mors\/?p=57105"},"modified":"2024-08-12T13:35:52","modified_gmt":"2024-08-12T11:35:52","slug":"tur-i-turismen","status":"publish","type":"post","link":"https:\/\/kunmedierne.dk\/mors\/tur-i-turismen\/","title":{"rendered":"&#8211; Tur i turismen"},"content":{"rendered":"<p><em>Debatindl\u00e6g fra Klaus Hvidtfeldt Larsen, medlem af kommunalbestyrelsen og kandidat for Venstre ved Kommunalvalg 2021:<\/em><\/p>\n<hr \/>\n<p><strong>MORS<\/strong>:\u00a0P\u00e5 tirsdag\u00a0skal du s\u00e6tte dit\u00a0kryds. Det kunne v\u00e6re ved mig. Jeg hedder Klaus Hvidtfeldt Larsen, er 37 \u00e5r, bor p\u00e5 Mors med min familie og har siddet i Byr\u00e5det siden sidste valg.<\/p>\n<p>Jeg er vild med vand og med vores unikke omgivelser. Med hj\u00e6lp fra lokale virksomheder og kommunen startede jeg sidste \u00e5r en\u00a0Wakeboardbane op,\u00a0som havde over 700\u00a0personer\u00a0p\u00e5 kablet og endnu flere bes\u00f8gende.\u00a0Projektet,\u00a0som var et privat initiativ,\u00a0er i dag\u00a0en selvst\u00e6ndig forening,\u00a0som ogs\u00e5 inkluderer SUP.\u00a0Du kan se mere om projektet her:\u00a0<a href=\"https:\/\/www.facebook.com\/wakeupmors\">https:\/\/www.facebook.com\/wakeupmors<\/a><\/p>\n<p><a href=\"https:\/\/www.braendselsforeningen.dk\/\"><img loading=\"lazy\" decoding=\"async\" class=\"alignleft size-full wp-image-46597\" src=\"https:\/\/kunmedierne.dk\/mors\/wp-content\/uploads\/2021\/06\/t06.jpg\" alt=\"\" width=\"1425\" height=\"127\" srcset=\"https:\/\/kunmedierne.dk\/mors\/wp-content\/uploads\/2021\/06\/t06.jpg 1425w, https:\/\/kunmedierne.dk\/mors\/wp-content\/uploads\/2021\/06\/t06-300x27.jpg 300w, https:\/\/kunmedierne.dk\/mors\/wp-content\/uploads\/2021\/06\/t06-1024x91.jpg 1024w, https:\/\/kunmedierne.dk\/mors\/wp-content\/uploads\/2021\/06\/t06-768x68.jpg 768w, https:\/\/kunmedierne.dk\/mors\/wp-content\/uploads\/2021\/06\/t06-600x53.jpg 600w\" sizes=\"auto, (max-width: 1425px) 100vw, 1425px\" \/><\/a>Jeg tror p\u00e5, at turismen\u00a0p\u00e5 Mors skal v\u00e6kstes og udvikles, s\u00e5 vi tiltr\u00e6kker endnu flere mennesker til vores fantastiske \u00f8 og derigennem er med til at skabe oms\u00e6tning,\u00a0som\u00a0i sidste ende gavner vores f\u00e6lles pengekasse.\u00a0For f\u00f8rst n\u00e5r der er sund \u00f8konomi i husholdningskassen, har vi r\u00e5d til alt det andet.<\/p>\n<p>I denne valgkamp, har det ogs\u00e5 v\u00e6ret p\u00e5 tale, om vi bruger for mange penge p\u00e5 turisme og events, som i stedet kunne bruges p\u00e5 at ans\u00e6tte flere l\u00e6rere, p\u00e6dagoger eller folk i hjemmeplejen.<\/p>\n<p>Det mener jeg ikke, jeg ser det derimod som en god investering.\u00a0Et godt eksempel er Kulturm\u00f8det, som blev afholdt f\u00f8rste gang i 2013 med 6.000 bes\u00f8gende, og nu har over 25.000 g\u00e6ster. De g\u00e6ster bruger penge, n\u00e5r de bes\u00f8ger os.\u00a0N\u00e6sten samme historie g\u00e6lder for Skaldyrsfestival\u00a0og lignende arrangementer.\u00a0Mors er et sted\u00a0der skaber positiv omtale, og n\u00e6ste udfordring\u00a0er overnatningskapaciteten,\u00a0som vi s\u00e5 sm\u00e5t er i gang medat arbejde p\u00e5.<\/p>\n<p><a href=\"https:\/\/morsoe-begravelsesforretning.dk\/\"><img loading=\"lazy\" decoding=\"async\" class=\"alignleft size-full wp-image-46598\" src=\"https:\/\/kunmedierne.dk\/mors\/wp-content\/uploads\/2021\/06\/t07.jpg\" alt=\"\" width=\"1425\" height=\"127\" srcset=\"https:\/\/kunmedierne.dk\/mors\/wp-content\/uploads\/2021\/06\/t07.jpg 1425w, https:\/\/kunmedierne.dk\/mors\/wp-content\/uploads\/2021\/06\/t07-300x27.jpg 300w, https:\/\/kunmedierne.dk\/mors\/wp-content\/uploads\/2021\/06\/t07-1024x91.jpg 1024w, https:\/\/kunmedierne.dk\/mors\/wp-content\/uploads\/2021\/06\/t07-768x68.jpg 768w, https:\/\/kunmedierne.dk\/mors\/wp-content\/uploads\/2021\/06\/t07-600x53.jpg 600w\" sizes=\"auto, (max-width: 1425px) 100vw, 1425px\" \/><\/a>T\u00e6nk engang, hvad det kan blive til\u00a0her p\u00e5 Mors.<\/p>\n<p>Du \u00f8nskes et godt valg!<\/p>\n<p>De bedste hilsner &#8211; Klaus<\/p>\n<hr \/>\n<p><em>Har du et bidrag til den lokale debat? Send det til os p\u00e5 e-mail: debat@kunmedierne.dk\/mors. Husk at l\u00e6se korrektur inden afsendelse p\u00e5 indl\u00e6gget.<\/em><\/p>\n<blockquote>\n<h5>F\u00e5 dagens nyheder om Mors direkte i din mailboks. Tilmeld dig vores gratis nyhedsbrev nederst p\u00e5 siden. S\u00e5 f\u00e5r du KunMors som en lokal avis \u2013 alle ugens dage \u00e5ret rundt.<\/h5>\n<\/blockquote>\n","protected":false},"excerpt":{"rendered":"<p>Debatindl\u00e6g fra Klaus Hvidtfeldt Larsen, medlem af kommunalbestyrelsen og kandidat for Venstre ved Kommunalvalg 2021: MORS:\u00a0P\u00e5 tirsdag\u00a0skal du s\u00e6tte dit\u00a0kryds. Det kunne v\u00e6re ved mig. Jeg hedder Klaus Hvidtfeldt Larsen, er 37 \u00e5r, bor p\u00e5 Mors med min familie og har siddet i Byr\u00e5det siden sidste valg. Jeg er vild med vand og med vores [&hellip;]<\/p>\n","protected":false},"author":11,"featured_media":21315,"comment_status":"open","ping_status":"open","sticky":false,"template":"","format":"standard","meta":{"_acf_changed":false,"footnotes":""},"categories":[56],"tags":[167,171],"class_list":["post-57105","post","type-post","status-publish","format-standard","has-post-thumbnail","hentry","category-debat","tag-politik","tag-turisme"],"acf":[],"yoast_head":"<!-- This site is optimized with the Yoast SEO plugin v26.8 - https:\/\/yoast.com\/product\/yoast-seo-wordpress\/ -->\n<title>- Tur i turismen - Mors<\/title>\n<meta name=\"robots\" content=\"index, follow, max-snippet:-1, max-image-preview:large, max-video-preview:-1\" \/>\n<link rel=\"canonical\" href=\"https:\/\/kunmedierne.dk\/mors\/tur-i-turismen\/\" \/>\n<meta property=\"og:locale\" content=\"da_DK\" \/>\n<meta property=\"og:type\" content=\"article\" \/>\n<meta property=\"og:title\" content=\"- Tur i turismen - Mors\" \/>\n<meta property=\"og:description\" content=\"Debatindl\u00e6g fra Klaus Hvidtfeldt Larsen, medlem af kommunalbestyrelsen og kandidat for Venstre ved Kommunalvalg 2021: MORS:\u00a0P\u00e5 tirsdag\u00a0skal du s\u00e6tte dit\u00a0kryds. Det kunne v\u00e6re ved mig. Jeg hedder Klaus Hvidtfeldt Larsen, er 37 \u00e5r, bor p\u00e5 Mors med min familie og har siddet i Byr\u00e5det siden sidste valg. Jeg er vild med vand og med vores [&hellip;]\" \/>\n<meta property=\"og:url\" content=\"https:\/\/kunmedierne.dk\/mors\/tur-i-turismen\/\" \/>\n<meta property=\"og:site_name\" content=\"Mors\" \/>\n<meta property=\"article:published_time\" content=\"2021-11-12T09:13:09+00:00\" \/>\n<meta property=\"article:modified_time\" content=\"2024-08-12T11:35:52+00:00\" \/>\n<meta property=\"og:image\" content=\"https:\/\/kunmedierne.dk\/mors\/wp-content\/uploads\/2020\/05\/0-debat-klaus-hvidtfeldt-larsen-V.jpg\" \/>\n\t<meta property=\"og:image:width\" content=\"770\" \/>\n\t<meta property=\"og:image:height\" content=\"513\" \/>\n\t<meta property=\"og:image:type\" content=\"image\/jpeg\" \/>\n<meta name=\"author\" content=\"Debat\" \/>\n<meta name=\"twitter:card\" content=\"summary_large_image\" \/>\n<meta name=\"twitter:label1\" content=\"Skrevet af\" \/>\n\t<meta name=\"twitter:data1\" content=\"Debat\" \/>\n\t<meta name=\"twitter:label2\" content=\"Estimeret l\u00e6setid\" \/>\n\t<meta name=\"twitter:data2\" content=\"2 minutter\" \/>\n<script type=\"application\/ld+json\" class=\"yoast-schema-graph\">{\"@context\":\"https:\/\/schema.org\",\"@graph\":[{\"@type\":\"Article\",\"@id\":\"https:\/\/kunmedierne.dk\/mors\/tur-i-turismen\/#article\",\"isPartOf\":{\"@id\":\"https:\/\/kunmedierne.dk\/mors\/tur-i-turismen\/\"},\"author\":{\"name\":\"Debat\",\"@id\":\"https:\/\/kunmedierne.dk\/mors\/#\/schema\/person\/84c1391bce0b43b9bb3a49736bc0ad78\"},\"headline\":\"&#8211; Tur i turismen\",\"datePublished\":\"2021-11-12T09:13:09+00:00\",\"dateModified\":\"2024-08-12T11:35:52+00:00\",\"mainEntityOfPage\":{\"@id\":\"https:\/\/kunmedierne.dk\/mors\/tur-i-turismen\/\"},\"wordCount\":378,\"commentCount\":0,\"publisher\":{\"@id\":\"https:\/\/kunmedierne.dk\/mors\/#organization\"},\"image\":{\"@id\":\"https:\/\/kunmedierne.dk\/mors\/tur-i-turismen\/#primaryimage\"},\"thumbnailUrl\":\"https:\/\/kunmedierne.dk\/mors\/wp-content\/uploads\/2020\/05\/0-debat-klaus-hvidtfeldt-larsen-V.jpg\",\"keywords\":[\"Politik\",\"Turisme\"],\"articleSection\":[\"Debat\"],\"inLanguage\":\"da-DK\",\"potentialAction\":[{\"@type\":\"CommentAction\",\"name\":\"Comment\",\"target\":[\"https:\/\/kunmedierne.dk\/mors\/tur-i-turismen\/#respond\"]}]},{\"@type\":\"WebPage\",\"@id\":\"https:\/\/kunmedierne.dk\/mors\/tur-i-turismen\/\",\"url\":\"https:\/\/kunmedierne.dk\/mors\/tur-i-turismen\/\",\"name\":\"- Tur i turismen - Mors\",\"isPartOf\":{\"@id\":\"https:\/\/kunmedierne.dk\/mors\/#website\"},\"primaryImageOfPage\":{\"@id\":\"https:\/\/kunmedierne.dk\/mors\/tur-i-turismen\/#primaryimage\"},\"image\":{\"@id\":\"https:\/\/kunmedierne.dk\/mors\/tur-i-turismen\/#primaryimage\"},\"thumbnailUrl\":\"https:\/\/kunmedierne.dk\/mors\/wp-content\/uploads\/2020\/05\/0-debat-klaus-hvidtfeldt-larsen-V.jpg\",\"datePublished\":\"2021-11-12T09:13:09+00:00\",\"dateModified\":\"2024-08-12T11:35:52+00:00\",\"breadcrumb\":{\"@id\":\"https:\/\/kunmedierne.dk\/mors\/tur-i-turismen\/#breadcrumb\"},\"inLanguage\":\"da-DK\",\"potentialAction\":[{\"@type\":\"ReadAction\",\"target\":[\"https:\/\/kunmedierne.dk\/mors\/tur-i-turismen\/\"]}]},{\"@type\":\"ImageObject\",\"inLanguage\":\"da-DK\",\"@id\":\"https:\/\/kunmedierne.dk\/mors\/tur-i-turismen\/#primaryimage\",\"url\":\"https:\/\/kunmedierne.dk\/mors\/wp-content\/uploads\/2020\/05\/0-debat-klaus-hvidtfeldt-larsen-V.jpg\",\"contentUrl\":\"https:\/\/kunmedierne.dk\/mors\/wp-content\/uploads\/2020\/05\/0-debat-klaus-hvidtfeldt-larsen-V.jpg\",\"width\":770,\"height\":513,\"caption\":\"Klaus Hvidtfeldt Larsen (V). Foto: Per Bech\/Mors\u00f8 Kommune.\"},{\"@type\":\"BreadcrumbList\",\"@id\":\"https:\/\/kunmedierne.dk\/mors\/tur-i-turismen\/#breadcrumb\",\"itemListElement\":[{\"@type\":\"ListItem\",\"position\":1,\"name\":\"Hjem\",\"item\":\"https:\/\/kunmedierne.dk\/mors\/\"},{\"@type\":\"ListItem\",\"position\":2,\"name\":\"&#8211; Tur i turismen\"}]},{\"@type\":\"WebSite\",\"@id\":\"https:\/\/kunmedierne.dk\/mors\/#website\",\"url\":\"https:\/\/kunmedierne.dk\/mors\/\",\"name\":\"Mors\",\"description\":\"et netmedie med journalistik om livet p\u00e5 Mors\",\"publisher\":{\"@id\":\"https:\/\/kunmedierne.dk\/mors\/#organization\"},\"potentialAction\":[{\"@type\":\"SearchAction\",\"target\":{\"@type\":\"EntryPoint\",\"urlTemplate\":\"https:\/\/kunmedierne.dk\/mors\/?s={search_term_string}\"},\"query-input\":{\"@type\":\"PropertyValueSpecification\",\"valueRequired\":true,\"valueName\":\"search_term_string\"}}],\"inLanguage\":\"da-DK\"},{\"@type\":\"Organization\",\"@id\":\"https:\/\/kunmedierne.dk\/mors\/#organization\",\"name\":\"Mors\",\"url\":\"https:\/\/kunmedierne.dk\/mors\/\",\"logo\":{\"@type\":\"ImageObject\",\"inLanguage\":\"da-DK\",\"@id\":\"https:\/\/kunmedierne.dk\/mors\/#\/schema\/logo\/image\/\",\"url\":\"https:\/\/kunmedierne.dk\/mors\/wp-content\/uploads\/2024\/08\/kunmors-logo.svg\",\"contentUrl\":\"https:\/\/kunmedierne.dk\/mors\/wp-content\/uploads\/2024\/08\/kunmors-logo.svg\",\"caption\":\"Mors\"},\"image\":{\"@id\":\"https:\/\/kunmedierne.dk\/mors\/#\/schema\/logo\/image\/\"}},{\"@type\":\"Person\",\"@id\":\"https:\/\/kunmedierne.dk\/mors\/#\/schema\/person\/84c1391bce0b43b9bb3a49736bc0ad78\",\"name\":\"Debat\",\"image\":{\"@type\":\"ImageObject\",\"inLanguage\":\"da-DK\",\"@id\":\"https:\/\/kunmedierne.dk\/mors\/#\/schema\/person\/image\/\",\"url\":\"https:\/\/secure.gravatar.com\/avatar\/b0fb2e221d618f7c65162ab0d49c7e8a0b580c871ca03af90e42b47b4150654c?s=96&d=mm&r=g\",\"contentUrl\":\"https:\/\/secure.gravatar.com\/avatar\/b0fb2e221d618f7c65162ab0d49c7e8a0b580c871ca03af90e42b47b4150654c?s=96&d=mm&r=g\",\"caption\":\"Debat\"},\"url\":\"https:\/\/kunmedierne.dk\/mors\/author\/debat\/\"}]}<\/script>\n<!-- \/ Yoast SEO plugin. -->","yoast_head_json":{"title":"- Tur i turismen - Mors","robots":{"index":"index","follow":"follow","max-snippet":"max-snippet:-1","max-image-preview":"max-image-preview:large","max-video-preview":"max-video-preview:-1"},"canonical":"https:\/\/kunmedierne.dk\/mors\/tur-i-turismen\/","og_locale":"da_DK","og_type":"article","og_title":"- Tur i turismen - Mors","og_description":"Debatindl\u00e6g fra Klaus Hvidtfeldt Larsen, medlem af kommunalbestyrelsen og kandidat for Venstre ved Kommunalvalg 2021: MORS:\u00a0P\u00e5 tirsdag\u00a0skal du s\u00e6tte dit\u00a0kryds. Det kunne v\u00e6re ved mig. Jeg hedder Klaus Hvidtfeldt Larsen, er 37 \u00e5r, bor p\u00e5 Mors med min familie og har siddet i Byr\u00e5det siden sidste valg. Jeg er vild med vand og med vores [&hellip;]","og_url":"https:\/\/kunmedierne.dk\/mors\/tur-i-turismen\/","og_site_name":"Mors","article_published_time":"2021-11-12T09:13:09+00:00","article_modified_time":"2024-08-12T11:35:52+00:00","og_image":[{"width":770,"height":513,"url":"https:\/\/kunmedierne.dk\/mors\/wp-content\/uploads\/2020\/05\/0-debat-klaus-hvidtfeldt-larsen-V.jpg","type":"image\/jpeg"}],"author":"Debat","twitter_card":"summary_large_image","twitter_misc":{"Skrevet af":"Debat","Estimeret l\u00e6setid":"2 minutter"},"schema":{"@context":"https:\/\/schema.org","@graph":[{"@type":"Article","@id":"https:\/\/kunmedierne.dk\/mors\/tur-i-turismen\/#article","isPartOf":{"@id":"https:\/\/kunmedierne.dk\/mors\/tur-i-turismen\/"},"author":{"name":"Debat","@id":"https:\/\/kunmedierne.dk\/mors\/#\/schema\/person\/84c1391bce0b43b9bb3a49736bc0ad78"},"headline":"&#8211; Tur i turismen","datePublished":"2021-11-12T09:13:09+00:00","dateModified":"2024-08-12T11:35:52+00:00","mainEntityOfPage":{"@id":"https:\/\/kunmedierne.dk\/mors\/tur-i-turismen\/"},"wordCount":378,"commentCount":0,"publisher":{"@id":"https:\/\/kunmedierne.dk\/mors\/#organization"},"image":{"@id":"https:\/\/kunmedierne.dk\/mors\/tur-i-turismen\/#primaryimage"},"thumbnailUrl":"https:\/\/kunmedierne.dk\/mors\/wp-content\/uploads\/2020\/05\/0-debat-klaus-hvidtfeldt-larsen-V.jpg","keywords":["Politik","Turisme"],"articleSection":["Debat"],"inLanguage":"da-DK","potentialAction":[{"@type":"CommentAction","name":"Comment","target":["https:\/\/kunmedierne.dk\/mors\/tur-i-turismen\/#respond"]}]},{"@type":"WebPage","@id":"https:\/\/kunmedierne.dk\/mors\/tur-i-turismen\/","url":"https:\/\/kunmedierne.dk\/mors\/tur-i-turismen\/","name":"- Tur i turismen - Mors","isPartOf":{"@id":"https:\/\/kunmedierne.dk\/mors\/#website"},"primaryImageOfPage":{"@id":"https:\/\/kunmedierne.dk\/mors\/tur-i-turismen\/#primaryimage"},"image":{"@id":"https:\/\/kunmedierne.dk\/mors\/tur-i-turismen\/#primaryimage"},"thumbnailUrl":"https:\/\/kunmedierne.dk\/mors\/wp-content\/uploads\/2020\/05\/0-debat-klaus-hvidtfeldt-larsen-V.jpg","datePublished":"2021-11-12T09:13:09+00:00","dateModified":"2024-08-12T11:35:52+00:00","breadcrumb":{"@id":"https:\/\/kunmedierne.dk\/mors\/tur-i-turismen\/#breadcrumb"},"inLanguage":"da-DK","potentialAction":[{"@type":"ReadAction","target":["https:\/\/kunmedierne.dk\/mors\/tur-i-turismen\/"]}]},{"@type":"ImageObject","inLanguage":"da-DK","@id":"https:\/\/kunmedierne.dk\/mors\/tur-i-turismen\/#primaryimage","url":"https:\/\/kunmedierne.dk\/mors\/wp-content\/uploads\/2020\/05\/0-debat-klaus-hvidtfeldt-larsen-V.jpg","contentUrl":"https:\/\/kunmedierne.dk\/mors\/wp-content\/uploads\/2020\/05\/0-debat-klaus-hvidtfeldt-larsen-V.jpg","width":770,"height":513,"caption":"Klaus Hvidtfeldt Larsen (V). Foto: Per Bech\/Mors\u00f8 Kommune."},{"@type":"BreadcrumbList","@id":"https:\/\/kunmedierne.dk\/mors\/tur-i-turismen\/#breadcrumb","itemListElement":[{"@type":"ListItem","position":1,"name":"Hjem","item":"https:\/\/kunmedierne.dk\/mors\/"},{"@type":"ListItem","position":2,"name":"&#8211; Tur i turismen"}]},{"@type":"WebSite","@id":"https:\/\/kunmedierne.dk\/mors\/#website","url":"https:\/\/kunmedierne.dk\/mors\/","name":"Mors","description":"et netmedie med journalistik om livet p\u00e5 Mors","publisher":{"@id":"https:\/\/kunmedierne.dk\/mors\/#organization"},"potentialAction":[{"@type":"SearchAction","target":{"@type":"EntryPoint","urlTemplate":"https:\/\/kunmedierne.dk\/mors\/?s={search_term_string}"},"query-input":{"@type":"PropertyValueSpecification","valueRequired":true,"valueName":"search_term_string"}}],"inLanguage":"da-DK"},{"@type":"Organization","@id":"https:\/\/kunmedierne.dk\/mors\/#organization","name":"Mors","url":"https:\/\/kunmedierne.dk\/mors\/","logo":{"@type":"ImageObject","inLanguage":"da-DK","@id":"https:\/\/kunmedierne.dk\/mors\/#\/schema\/logo\/image\/","url":"https:\/\/kunmedierne.dk\/mors\/wp-content\/uploads\/2024\/08\/kunmors-logo.svg","contentUrl":"https:\/\/kunmedierne.dk\/mors\/wp-content\/uploads\/2024\/08\/kunmors-logo.svg","caption":"Mors"},"image":{"@id":"https:\/\/kunmedierne.dk\/mors\/#\/schema\/logo\/image\/"}},{"@type":"Person","@id":"https:\/\/kunmedierne.dk\/mors\/#\/schema\/person\/84c1391bce0b43b9bb3a49736bc0ad78","name":"Debat","image":{"@type":"ImageObject","inLanguage":"da-DK","@id":"https:\/\/kunmedierne.dk\/mors\/#\/schema\/person\/image\/","url":"https:\/\/secure.gravatar.com\/avatar\/b0fb2e221d618f7c65162ab0d49c7e8a0b580c871ca03af90e42b47b4150654c?s=96&d=mm&r=g","contentUrl":"https:\/\/secure.gravatar.com\/avatar\/b0fb2e221d618f7c65162ab0d49c7e8a0b580c871ca03af90e42b47b4150654c?s=96&d=mm&r=g","caption":"Debat"},"url":"https:\/\/kunmedierne.dk\/mors\/author\/debat\/"}]}},"_links":{"self":[{"href":"https:\/\/kunmedierne.dk\/mors\/wp-json\/wp\/v2\/posts\/57105","targetHints":{"allow":["GET"]}}],"collection":[{"href":"https:\/\/kunmedierne.dk\/mors\/wp-json\/wp\/v2\/posts"}],"about":[{"href":"https:\/\/kunmedierne.dk\/mors\/wp-json\/wp\/v2\/types\/post"}],"author":[{"embeddable":true,"href":"https:\/\/kunmedierne.dk\/mors\/wp-json\/wp\/v2\/users\/11"}],"replies":[{"embeddable":true,"href":"https:\/\/kunmedierne.dk\/mors\/wp-json\/wp\/v2\/comments?post=57105"}],"version-history":[{"count":1,"href":"https:\/\/kunmedierne.dk\/mors\/wp-json\/wp\/v2\/posts\/57105\/revisions"}],"predecessor-version":[{"id":57106,"href":"https:\/\/kunmedierne.dk\/mors\/wp-json\/wp\/v2\/posts\/57105\/revisions\/57106"}],"wp:featuredmedia":[{"embeddable":true,"href":"https:\/\/kunmedierne.dk\/mors\/wp-json\/wp\/v2\/media\/21315"}],"wp:attachment":[{"href":"https:\/\/kunmedierne.dk\/mors\/wp-json\/wp\/v2\/media?parent=57105"}],"wp:term":[{"taxonomy":"category","embeddable":true,"href":"https:\/\/kunmedierne.dk\/mors\/wp-json\/wp\/v2\/categories?post=57105"},{"taxonomy":"post_tag","embeddable":true,"href":"https:\/\/kunmedierne.dk\/mors\/wp-json\/wp\/v2\/tags?post=57105"}],"curies":[{"name":"wp","href":"https:\/\/api.w.org\/{rel}","templated":true}]}}