{"id":57037,"date":"2021-11-11T11:47:10","date_gmt":"2021-11-11T10:47:10","guid":{"rendered":"https:\/\/kunmedierne.dk\/mors\/?p=57037"},"modified":"2024-08-12T13:35:52","modified_gmt":"2024-08-12T11:35:52","slug":"de-bedste-laeger-og-nok-af-dem","status":"publish","type":"post","link":"https:\/\/kunmedierne.dk\/mors\/de-bedste-laeger-og-nok-af-dem\/","title":{"rendered":"&#8211; De bedste l\u00e6ger og nok af dem"},"content":{"rendered":"<p><em>Debatindl\u00e6g af Peter Therkildsen,\u00a0<span class=\"v1s3\">medlem af regionsr\u00e5det i Nordjylland og medlem af kommunalbestyrelsen p\u00e5 Mors for Venstre \u2013 og kandidat ved begge valg:<\/span><\/em><\/p>\n<hr \/>\n<p><strong>MORS<\/strong>: Forleden skrev Lars Lyngholm Bisgaard at han nu f\u00f8lte at han havde verdens bedste l\u00e6ge.<\/p>\n<p>Tak for det Lars, og her en forklaring p\u00e5 og om hvordan vi har og skal sikre det.<\/p>\n<p>F\u00f8rst vil jeg sige, at vi i regionsr\u00e5det stort set kun oplever at borgerne f\u00f8ler tryghed i relation til de praktiserende l\u00e6ger.<\/p>\n<p>P\u00e5 Mors og i Thy har vi gennem en \u00e5rr\u00e6kke haft udfordringer med at d\u00e6kke behovet ind. Der har manglet l\u00e6ger, og praksisoph\u00f8r afstedkom at der ikke stod l\u00e6ger til at overtage de ledig ydernumre.<\/p>\n<p><a href=\"https:\/\/www.sparv.dk\/\"><img loading=\"lazy\" decoding=\"async\" class=\"alignleft size-full wp-image-46602\" src=\"https:\/\/kunmedierne.dk\/mors\/wp-content\/uploads\/2021\/06\/t11.jpg\" alt=\"\" width=\"1400\" height=\"125\" srcset=\"https:\/\/kunmedierne.dk\/mors\/wp-content\/uploads\/2021\/06\/t11.jpg 1400w, https:\/\/kunmedierne.dk\/mors\/wp-content\/uploads\/2021\/06\/t11-300x27.jpg 300w, https:\/\/kunmedierne.dk\/mors\/wp-content\/uploads\/2021\/06\/t11-1024x91.jpg 1024w, https:\/\/kunmedierne.dk\/mors\/wp-content\/uploads\/2021\/06\/t11-768x69.jpg 768w, https:\/\/kunmedierne.dk\/mors\/wp-content\/uploads\/2021\/06\/t11-600x54.jpg 600w\" sizes=\"auto, (max-width: 1400px) 100vw, 1400px\" \/><\/a>Nu er situationen en anden, der er kommet flere almene mediciner, og flere l\u00e6ger indser nu at de skal flytte v\u00e6k fra universitetsbyerne.<\/p>\n<p>Uddannelsen bliver lagt om, s\u00e5 en st\u00f8rre del af praktikken kommer til at foreg\u00e5 i praksis, og s\u00e5 tilbyder vi fra regioner og kommuner bedre vilk\u00e5r og muligheder for delestillinger, \u00e6gtef\u00e6lde ans\u00e6ttelse mm.<\/p>\n<p>Praktiserende l\u00e6ger er indgangen til vores sundhedsv\u00e6sen, og den mentale sundhed presser vores sundhedsv\u00e6sen i h\u00f8jere og h\u00f8jere grad.<\/p>\n<p>Derfor er samarbejdet mellem l\u00e6gen, det kommunale system, hospitalerne, psykiatrien og de enkelte borgeres netv\u00e6rk helt afg\u00f8rende for at sundheden og velf\u00e6rden udvikles i de kommende \u00e5r.<\/p>\n<p>Nu kan man altid p\u00e5st\u00e5 at der mangler penge, og ja penge skal der til, men det er ogs\u00e5 et sp\u00f8rgsm\u00e5l om vi udnytter de muligheder der findes. At en tidligere indsats er den billigste og bedste indsats, og den rigtige hj\u00e6lp og beslutning fra l\u00e6gens side, st\u00f8ttet af andet sundhedspersonale, giver de bedste resultater.<\/p>\n<p><a href=\"https:\/\/thistedkloakservice.dk\/\"><img loading=\"lazy\" decoding=\"async\" class=\"alignleft size-full wp-image-46603\" src=\"https:\/\/kunmedierne.dk\/mors\/wp-content\/uploads\/2021\/06\/t12.jpg\" alt=\"\" width=\"1400\" height=\"125\" srcset=\"https:\/\/kunmedierne.dk\/mors\/wp-content\/uploads\/2021\/06\/t12.jpg 1400w, https:\/\/kunmedierne.dk\/mors\/wp-content\/uploads\/2021\/06\/t12-300x27.jpg 300w, https:\/\/kunmedierne.dk\/mors\/wp-content\/uploads\/2021\/06\/t12-1024x91.jpg 1024w, https:\/\/kunmedierne.dk\/mors\/wp-content\/uploads\/2021\/06\/t12-768x69.jpg 768w, https:\/\/kunmedierne.dk\/mors\/wp-content\/uploads\/2021\/06\/t12-600x54.jpg 600w\" sizes=\"auto, (max-width: 1400px) 100vw, 1400px\" \/><\/a>L\u00e6geuddannelsen i Aalborg st\u00f8tter op om de politiske initiativer der er taget. Den nye overenskomst med l\u00e6gerne, &#8211; samarbejdet med kommunerne, og ikke mindst erfaringerne fra projekt \u201cnye veje\u201d om vi p\u00e5 Mors har udviklet p\u00e5, har givet et l\u00f8ft.<\/p>\n<p>Der er stadig noget at g\u00f8re, i udviklingen af det n\u00e6re sundhedsv\u00e6sen. Vi mangler stadig flere politiske beslutninger. Vi skal have praksis med faste l\u00e6ger, s\u00e5 man som Lars Lyngholm f\u00f8ler det som en god oplevelse n\u00e5r man tager hjem fra en konsultation.<\/p>\n<p>Her er den private praktiserende faste l\u00e6ge, en uundv\u00e6rlig sundhedsperson for rigtig mange af os.<\/p>\n<p>Hertil kommer at klinikpersonale, som sygeplejersker mm. ogs\u00e5 spiller en s\u00e6rdeles vigtig rolle.<\/p>\n<p><a href=\"https:\/\/morsgaver.dk\/\"><img loading=\"lazy\" decoding=\"async\" class=\"alignleft size-full wp-image-51444\" src=\"https:\/\/kunmedierne.dk\/mors\/wp-content\/uploads\/2021\/09\/KunMors_julegaver_2021.jpg\" alt=\"\" width=\"1400\" height=\"125\" srcset=\"https:\/\/kunmedierne.dk\/mors\/wp-content\/uploads\/2021\/09\/KunMors_julegaver_2021.jpg 1400w, https:\/\/kunmedierne.dk\/mors\/wp-content\/uploads\/2021\/09\/KunMors_julegaver_2021-300x27.jpg 300w, https:\/\/kunmedierne.dk\/mors\/wp-content\/uploads\/2021\/09\/KunMors_julegaver_2021-1024x91.jpg 1024w, https:\/\/kunmedierne.dk\/mors\/wp-content\/uploads\/2021\/09\/KunMors_julegaver_2021-768x69.jpg 768w, https:\/\/kunmedierne.dk\/mors\/wp-content\/uploads\/2021\/09\/KunMors_julegaver_2021-600x54.jpg 600w\" sizes=\"auto, (max-width: 1400px) 100vw, 1400px\" \/><\/a><\/p>\n<hr \/>\n<p><em>Har du et bidrag til den lokale debat? Send det til os p\u00e5 e-mail: debat@kunmedierne.dk\/mors. Husk at l\u00e6se korrektur inden afsendelse p\u00e5 indl\u00e6gget.<\/em><\/p>\n<blockquote>\n<h5>F\u00e5 dagens nyheder om Mors direkte i din mailboks. Tilmeld dig vores gratis nyhedsbrev nederst p\u00e5 siden. S\u00e5 f\u00e5r du KunMors som en lokal avis \u2013 alle ugens dage \u00e5ret rundt.<\/h5>\n<\/blockquote>\n","protected":false},"excerpt":{"rendered":"<p>Debatindl\u00e6g af Peter Therkildsen,\u00a0medlem af regionsr\u00e5det i Nordjylland og medlem af kommunalbestyrelsen p\u00e5 Mors for Venstre \u2013 og kandidat ved begge valg: MORS: Forleden skrev Lars Lyngholm Bisgaard at han nu f\u00f8lte at han havde verdens bedste l\u00e6ge. Tak for det Lars, og her en forklaring p\u00e5 og om hvordan vi har og skal sikre [&hellip;]<\/p>\n","protected":false},"author":11,"featured_media":55853,"comment_status":"open","ping_status":"open","sticky":false,"template":"","format":"standard","meta":{"_acf_changed":false,"footnotes":""},"categories":[56],"tags":[167],"class_list":["post-57037","post","type-post","status-publish","format-standard","has-post-thumbnail","hentry","category-debat","tag-politik"],"acf":[],"yoast_head":"<!-- This site is optimized with the Yoast SEO plugin v26.8 - https:\/\/yoast.com\/product\/yoast-seo-wordpress\/ -->\n<title>- De bedste l\u00e6ger og nok af dem - Mors<\/title>\n<meta name=\"robots\" content=\"index, follow, max-snippet:-1, max-image-preview:large, max-video-preview:-1\" \/>\n<link rel=\"canonical\" href=\"https:\/\/kunmedierne.dk\/mors\/de-bedste-laeger-og-nok-af-dem\/\" \/>\n<meta property=\"og:locale\" content=\"da_DK\" \/>\n<meta property=\"og:type\" content=\"article\" \/>\n<meta property=\"og:title\" content=\"- De bedste l\u00e6ger og nok af dem - Mors\" \/>\n<meta property=\"og:description\" content=\"Debatindl\u00e6g af Peter Therkildsen,\u00a0medlem af regionsr\u00e5det i Nordjylland og medlem af kommunalbestyrelsen p\u00e5 Mors for Venstre \u2013 og kandidat ved begge valg: MORS: Forleden skrev Lars Lyngholm Bisgaard at han nu f\u00f8lte at han havde verdens bedste l\u00e6ge. Tak for det Lars, og her en forklaring p\u00e5 og om hvordan vi har og skal sikre [&hellip;]\" \/>\n<meta property=\"og:url\" content=\"https:\/\/kunmedierne.dk\/mors\/de-bedste-laeger-og-nok-af-dem\/\" \/>\n<meta property=\"og:site_name\" content=\"Mors\" \/>\n<meta property=\"article:published_time\" content=\"2021-11-11T10:47:10+00:00\" \/>\n<meta property=\"article:modified_time\" content=\"2024-08-12T11:35:52+00:00\" \/>\n<meta property=\"og:image\" content=\"https:\/\/kunmedierne.dk\/mors\/wp-content\/uploads\/2021\/10\/peter-therkildsen.jpg\" \/>\n\t<meta property=\"og:image:width\" content=\"770\" \/>\n\t<meta property=\"og:image:height\" content=\"513\" \/>\n\t<meta property=\"og:image:type\" content=\"image\/jpeg\" \/>\n<meta name=\"author\" content=\"Debat\" \/>\n<meta name=\"twitter:card\" content=\"summary_large_image\" \/>\n<meta name=\"twitter:label1\" content=\"Skrevet af\" \/>\n\t<meta name=\"twitter:data1\" content=\"Debat\" \/>\n\t<meta name=\"twitter:label2\" content=\"Estimeret l\u00e6setid\" \/>\n\t<meta name=\"twitter:data2\" content=\"3 minutter\" \/>\n<script type=\"application\/ld+json\" class=\"yoast-schema-graph\">{\"@context\":\"https:\/\/schema.org\",\"@graph\":[{\"@type\":\"Article\",\"@id\":\"https:\/\/kunmedierne.dk\/mors\/de-bedste-laeger-og-nok-af-dem\/#article\",\"isPartOf\":{\"@id\":\"https:\/\/kunmedierne.dk\/mors\/de-bedste-laeger-og-nok-af-dem\/\"},\"author\":{\"name\":\"Debat\",\"@id\":\"https:\/\/kunmedierne.dk\/mors\/#\/schema\/person\/84c1391bce0b43b9bb3a49736bc0ad78\"},\"headline\":\"&#8211; De bedste l\u00e6ger og nok af dem\",\"datePublished\":\"2021-11-11T10:47:10+00:00\",\"dateModified\":\"2024-08-12T11:35:52+00:00\",\"mainEntityOfPage\":{\"@id\":\"https:\/\/kunmedierne.dk\/mors\/de-bedste-laeger-og-nok-af-dem\/\"},\"wordCount\":495,\"commentCount\":0,\"publisher\":{\"@id\":\"https:\/\/kunmedierne.dk\/mors\/#organization\"},\"image\":{\"@id\":\"https:\/\/kunmedierne.dk\/mors\/de-bedste-laeger-og-nok-af-dem\/#primaryimage\"},\"thumbnailUrl\":\"https:\/\/kunmedierne.dk\/mors\/wp-content\/uploads\/2021\/10\/peter-therkildsen.jpg\",\"keywords\":[\"Politik\"],\"articleSection\":[\"Debat\"],\"inLanguage\":\"da-DK\",\"potentialAction\":[{\"@type\":\"CommentAction\",\"name\":\"Comment\",\"target\":[\"https:\/\/kunmedierne.dk\/mors\/de-bedste-laeger-og-nok-af-dem\/#respond\"]}]},{\"@type\":\"WebPage\",\"@id\":\"https:\/\/kunmedierne.dk\/mors\/de-bedste-laeger-og-nok-af-dem\/\",\"url\":\"https:\/\/kunmedierne.dk\/mors\/de-bedste-laeger-og-nok-af-dem\/\",\"name\":\"- De bedste l\u00e6ger og nok af dem - Mors\",\"isPartOf\":{\"@id\":\"https:\/\/kunmedierne.dk\/mors\/#website\"},\"primaryImageOfPage\":{\"@id\":\"https:\/\/kunmedierne.dk\/mors\/de-bedste-laeger-og-nok-af-dem\/#primaryimage\"},\"image\":{\"@id\":\"https:\/\/kunmedierne.dk\/mors\/de-bedste-laeger-og-nok-af-dem\/#primaryimage\"},\"thumbnailUrl\":\"https:\/\/kunmedierne.dk\/mors\/wp-content\/uploads\/2021\/10\/peter-therkildsen.jpg\",\"datePublished\":\"2021-11-11T10:47:10+00:00\",\"dateModified\":\"2024-08-12T11:35:52+00:00\",\"breadcrumb\":{\"@id\":\"https:\/\/kunmedierne.dk\/mors\/de-bedste-laeger-og-nok-af-dem\/#breadcrumb\"},\"inLanguage\":\"da-DK\",\"potentialAction\":[{\"@type\":\"ReadAction\",\"target\":[\"https:\/\/kunmedierne.dk\/mors\/de-bedste-laeger-og-nok-af-dem\/\"]}]},{\"@type\":\"ImageObject\",\"inLanguage\":\"da-DK\",\"@id\":\"https:\/\/kunmedierne.dk\/mors\/de-bedste-laeger-og-nok-af-dem\/#primaryimage\",\"url\":\"https:\/\/kunmedierne.dk\/mors\/wp-content\/uploads\/2021\/10\/peter-therkildsen.jpg\",\"contentUrl\":\"https:\/\/kunmedierne.dk\/mors\/wp-content\/uploads\/2021\/10\/peter-therkildsen.jpg\",\"width\":770,\"height\":513,\"caption\":\"Peter Therkildsen, kandidat til kommunal- og regionsvalget 2021.\"},{\"@type\":\"BreadcrumbList\",\"@id\":\"https:\/\/kunmedierne.dk\/mors\/de-bedste-laeger-og-nok-af-dem\/#breadcrumb\",\"itemListElement\":[{\"@type\":\"ListItem\",\"position\":1,\"name\":\"Hjem\",\"item\":\"https:\/\/kunmedierne.dk\/mors\/\"},{\"@type\":\"ListItem\",\"position\":2,\"name\":\"&#8211; De bedste l\u00e6ger og nok af dem\"}]},{\"@type\":\"WebSite\",\"@id\":\"https:\/\/kunmedierne.dk\/mors\/#website\",\"url\":\"https:\/\/kunmedierne.dk\/mors\/\",\"name\":\"Mors\",\"description\":\"et netmedie med journalistik om livet p\u00e5 Mors\",\"publisher\":{\"@id\":\"https:\/\/kunmedierne.dk\/mors\/#organization\"},\"potentialAction\":[{\"@type\":\"SearchAction\",\"target\":{\"@type\":\"EntryPoint\",\"urlTemplate\":\"https:\/\/kunmedierne.dk\/mors\/?s={search_term_string}\"},\"query-input\":{\"@type\":\"PropertyValueSpecification\",\"valueRequired\":true,\"valueName\":\"search_term_string\"}}],\"inLanguage\":\"da-DK\"},{\"@type\":\"Organization\",\"@id\":\"https:\/\/kunmedierne.dk\/mors\/#organization\",\"name\":\"Mors\",\"url\":\"https:\/\/kunmedierne.dk\/mors\/\",\"logo\":{\"@type\":\"ImageObject\",\"inLanguage\":\"da-DK\",\"@id\":\"https:\/\/kunmedierne.dk\/mors\/#\/schema\/logo\/image\/\",\"url\":\"https:\/\/kunmedierne.dk\/mors\/wp-content\/uploads\/2024\/08\/kunmors-logo.svg\",\"contentUrl\":\"https:\/\/kunmedierne.dk\/mors\/wp-content\/uploads\/2024\/08\/kunmors-logo.svg\",\"caption\":\"Mors\"},\"image\":{\"@id\":\"https:\/\/kunmedierne.dk\/mors\/#\/schema\/logo\/image\/\"}},{\"@type\":\"Person\",\"@id\":\"https:\/\/kunmedierne.dk\/mors\/#\/schema\/person\/84c1391bce0b43b9bb3a49736bc0ad78\",\"name\":\"Debat\",\"image\":{\"@type\":\"ImageObject\",\"inLanguage\":\"da-DK\",\"@id\":\"https:\/\/kunmedierne.dk\/mors\/#\/schema\/person\/image\/\",\"url\":\"https:\/\/secure.gravatar.com\/avatar\/b0fb2e221d618f7c65162ab0d49c7e8a0b580c871ca03af90e42b47b4150654c?s=96&d=mm&r=g\",\"contentUrl\":\"https:\/\/secure.gravatar.com\/avatar\/b0fb2e221d618f7c65162ab0d49c7e8a0b580c871ca03af90e42b47b4150654c?s=96&d=mm&r=g\",\"caption\":\"Debat\"},\"url\":\"https:\/\/kunmedierne.dk\/mors\/author\/debat\/\"}]}<\/script>\n<!-- \/ Yoast SEO plugin. -->","yoast_head_json":{"title":"- De bedste l\u00e6ger og nok af dem - Mors","robots":{"index":"index","follow":"follow","max-snippet":"max-snippet:-1","max-image-preview":"max-image-preview:large","max-video-preview":"max-video-preview:-1"},"canonical":"https:\/\/kunmedierne.dk\/mors\/de-bedste-laeger-og-nok-af-dem\/","og_locale":"da_DK","og_type":"article","og_title":"- De bedste l\u00e6ger og nok af dem - Mors","og_description":"Debatindl\u00e6g af Peter Therkildsen,\u00a0medlem af regionsr\u00e5det i Nordjylland og medlem af kommunalbestyrelsen p\u00e5 Mors for Venstre \u2013 og kandidat ved begge valg: MORS: Forleden skrev Lars Lyngholm Bisgaard at han nu f\u00f8lte at han havde verdens bedste l\u00e6ge. Tak for det Lars, og her en forklaring p\u00e5 og om hvordan vi har og skal sikre [&hellip;]","og_url":"https:\/\/kunmedierne.dk\/mors\/de-bedste-laeger-og-nok-af-dem\/","og_site_name":"Mors","article_published_time":"2021-11-11T10:47:10+00:00","article_modified_time":"2024-08-12T11:35:52+00:00","og_image":[{"width":770,"height":513,"url":"https:\/\/kunmedierne.dk\/mors\/wp-content\/uploads\/2021\/10\/peter-therkildsen.jpg","type":"image\/jpeg"}],"author":"Debat","twitter_card":"summary_large_image","twitter_misc":{"Skrevet af":"Debat","Estimeret l\u00e6setid":"3 minutter"},"schema":{"@context":"https:\/\/schema.org","@graph":[{"@type":"Article","@id":"https:\/\/kunmedierne.dk\/mors\/de-bedste-laeger-og-nok-af-dem\/#article","isPartOf":{"@id":"https:\/\/kunmedierne.dk\/mors\/de-bedste-laeger-og-nok-af-dem\/"},"author":{"name":"Debat","@id":"https:\/\/kunmedierne.dk\/mors\/#\/schema\/person\/84c1391bce0b43b9bb3a49736bc0ad78"},"headline":"&#8211; De bedste l\u00e6ger og nok af dem","datePublished":"2021-11-11T10:47:10+00:00","dateModified":"2024-08-12T11:35:52+00:00","mainEntityOfPage":{"@id":"https:\/\/kunmedierne.dk\/mors\/de-bedste-laeger-og-nok-af-dem\/"},"wordCount":495,"commentCount":0,"publisher":{"@id":"https:\/\/kunmedierne.dk\/mors\/#organization"},"image":{"@id":"https:\/\/kunmedierne.dk\/mors\/de-bedste-laeger-og-nok-af-dem\/#primaryimage"},"thumbnailUrl":"https:\/\/kunmedierne.dk\/mors\/wp-content\/uploads\/2021\/10\/peter-therkildsen.jpg","keywords":["Politik"],"articleSection":["Debat"],"inLanguage":"da-DK","potentialAction":[{"@type":"CommentAction","name":"Comment","target":["https:\/\/kunmedierne.dk\/mors\/de-bedste-laeger-og-nok-af-dem\/#respond"]}]},{"@type":"WebPage","@id":"https:\/\/kunmedierne.dk\/mors\/de-bedste-laeger-og-nok-af-dem\/","url":"https:\/\/kunmedierne.dk\/mors\/de-bedste-laeger-og-nok-af-dem\/","name":"- De bedste l\u00e6ger og nok af dem - Mors","isPartOf":{"@id":"https:\/\/kunmedierne.dk\/mors\/#website"},"primaryImageOfPage":{"@id":"https:\/\/kunmedierne.dk\/mors\/de-bedste-laeger-og-nok-af-dem\/#primaryimage"},"image":{"@id":"https:\/\/kunmedierne.dk\/mors\/de-bedste-laeger-og-nok-af-dem\/#primaryimage"},"thumbnailUrl":"https:\/\/kunmedierne.dk\/mors\/wp-content\/uploads\/2021\/10\/peter-therkildsen.jpg","datePublished":"2021-11-11T10:47:10+00:00","dateModified":"2024-08-12T11:35:52+00:00","breadcrumb":{"@id":"https:\/\/kunmedierne.dk\/mors\/de-bedste-laeger-og-nok-af-dem\/#breadcrumb"},"inLanguage":"da-DK","potentialAction":[{"@type":"ReadAction","target":["https:\/\/kunmedierne.dk\/mors\/de-bedste-laeger-og-nok-af-dem\/"]}]},{"@type":"ImageObject","inLanguage":"da-DK","@id":"https:\/\/kunmedierne.dk\/mors\/de-bedste-laeger-og-nok-af-dem\/#primaryimage","url":"https:\/\/kunmedierne.dk\/mors\/wp-content\/uploads\/2021\/10\/peter-therkildsen.jpg","contentUrl":"https:\/\/kunmedierne.dk\/mors\/wp-content\/uploads\/2021\/10\/peter-therkildsen.jpg","width":770,"height":513,"caption":"Peter Therkildsen, kandidat til kommunal- og regionsvalget 2021."},{"@type":"BreadcrumbList","@id":"https:\/\/kunmedierne.dk\/mors\/de-bedste-laeger-og-nok-af-dem\/#breadcrumb","itemListElement":[{"@type":"ListItem","position":1,"name":"Hjem","item":"https:\/\/kunmedierne.dk\/mors\/"},{"@type":"ListItem","position":2,"name":"&#8211; De bedste l\u00e6ger og nok af dem"}]},{"@type":"WebSite","@id":"https:\/\/kunmedierne.dk\/mors\/#website","url":"https:\/\/kunmedierne.dk\/mors\/","name":"Mors","description":"et netmedie med journalistik om livet p\u00e5 Mors","publisher":{"@id":"https:\/\/kunmedierne.dk\/mors\/#organization"},"potentialAction":[{"@type":"SearchAction","target":{"@type":"EntryPoint","urlTemplate":"https:\/\/kunmedierne.dk\/mors\/?s={search_term_string}"},"query-input":{"@type":"PropertyValueSpecification","valueRequired":true,"valueName":"search_term_string"}}],"inLanguage":"da-DK"},{"@type":"Organization","@id":"https:\/\/kunmedierne.dk\/mors\/#organization","name":"Mors","url":"https:\/\/kunmedierne.dk\/mors\/","logo":{"@type":"ImageObject","inLanguage":"da-DK","@id":"https:\/\/kunmedierne.dk\/mors\/#\/schema\/logo\/image\/","url":"https:\/\/kunmedierne.dk\/mors\/wp-content\/uploads\/2024\/08\/kunmors-logo.svg","contentUrl":"https:\/\/kunmedierne.dk\/mors\/wp-content\/uploads\/2024\/08\/kunmors-logo.svg","caption":"Mors"},"image":{"@id":"https:\/\/kunmedierne.dk\/mors\/#\/schema\/logo\/image\/"}},{"@type":"Person","@id":"https:\/\/kunmedierne.dk\/mors\/#\/schema\/person\/84c1391bce0b43b9bb3a49736bc0ad78","name":"Debat","image":{"@type":"ImageObject","inLanguage":"da-DK","@id":"https:\/\/kunmedierne.dk\/mors\/#\/schema\/person\/image\/","url":"https:\/\/secure.gravatar.com\/avatar\/b0fb2e221d618f7c65162ab0d49c7e8a0b580c871ca03af90e42b47b4150654c?s=96&d=mm&r=g","contentUrl":"https:\/\/secure.gravatar.com\/avatar\/b0fb2e221d618f7c65162ab0d49c7e8a0b580c871ca03af90e42b47b4150654c?s=96&d=mm&r=g","caption":"Debat"},"url":"https:\/\/kunmedierne.dk\/mors\/author\/debat\/"}]}},"_links":{"self":[{"href":"https:\/\/kunmedierne.dk\/mors\/wp-json\/wp\/v2\/posts\/57037","targetHints":{"allow":["GET"]}}],"collection":[{"href":"https:\/\/kunmedierne.dk\/mors\/wp-json\/wp\/v2\/posts"}],"about":[{"href":"https:\/\/kunmedierne.dk\/mors\/wp-json\/wp\/v2\/types\/post"}],"author":[{"embeddable":true,"href":"https:\/\/kunmedierne.dk\/mors\/wp-json\/wp\/v2\/users\/11"}],"replies":[{"embeddable":true,"href":"https:\/\/kunmedierne.dk\/mors\/wp-json\/wp\/v2\/comments?post=57037"}],"version-history":[{"count":1,"href":"https:\/\/kunmedierne.dk\/mors\/wp-json\/wp\/v2\/posts\/57037\/revisions"}],"predecessor-version":[{"id":57038,"href":"https:\/\/kunmedierne.dk\/mors\/wp-json\/wp\/v2\/posts\/57037\/revisions\/57038"}],"wp:featuredmedia":[{"embeddable":true,"href":"https:\/\/kunmedierne.dk\/mors\/wp-json\/wp\/v2\/media\/55853"}],"wp:attachment":[{"href":"https:\/\/kunmedierne.dk\/mors\/wp-json\/wp\/v2\/media?parent=57037"}],"wp:term":[{"taxonomy":"category","embeddable":true,"href":"https:\/\/kunmedierne.dk\/mors\/wp-json\/wp\/v2\/categories?post=57037"},{"taxonomy":"post_tag","embeddable":true,"href":"https:\/\/kunmedierne.dk\/mors\/wp-json\/wp\/v2\/tags?post=57037"}],"curies":[{"name":"wp","href":"https:\/\/api.w.org\/{rel}","templated":true}]}}