{"id":57034,"date":"2021-11-11T11:34:20","date_gmt":"2021-11-11T10:34:20","guid":{"rendered":"https:\/\/kunmedierne.dk\/mors\/?p=57034"},"modified":"2024-08-12T13:35:52","modified_gmt":"2024-08-12T11:35:52","slug":"en-vaerdig-og-omsorgsfuld-aeldrepleje","status":"publish","type":"post","link":"https:\/\/kunmedierne.dk\/mors\/en-vaerdig-og-omsorgsfuld-aeldrepleje\/","title":{"rendered":"&#8211; En v\u00e6rdig og omsorgsfuld \u00e6ldrepleje"},"content":{"rendered":"<p><em>Debatindl\u00e6g af Thomas Jensen og Poul Roesen, kandidater for De Konservative ved Kommunalvalg 2021:<\/em><\/p>\n<hr \/>\n<p><strong>MORS<\/strong>: Der findes sandsynligvis ikke en eneste politiker i Danmark, og dermed ogs\u00e5 p\u00e5 Mors, som ikke mener, at \u00e6ldreplejen er en af de allervigtigste emner i kommunalpolitik. Her kan vi ikke v\u00e6re uenige.<\/p>\n<p>Det vi muligvis kan blive uenige om er, hvordan vi som kommune skal tilrettel\u00e6gge hverdagen for de \u00e6ldre, hvilke arbejdsforhold der l\u00e6gges for de ansatte i \u00e6ldreplejen og hvordan pengene skal forvaltes. Er vi dygtige nok, og er vi rigtig organiseret?<\/p>\n<p>I Det Konservative Folkeparti \u00f8nsker vi en \u00e6ldrepleje, hvor man m\u00f8des af kompetente ansatte, der har overskud og kender den \u00e6ldre. Men, hvordan kan vi stikke det an i Mors\u00f8 Kommune, og har vi overhovedet \u00f8konomien til det?<\/p>\n<p><a href=\"https:\/\/www.sparthy.dk\/\"><img loading=\"lazy\" decoding=\"async\" class=\"alignleft size-full wp-image-46599\" src=\"https:\/\/kunmedierne.dk\/mors\/wp-content\/uploads\/2021\/06\/t08.jpg\" alt=\"\" width=\"1400\" height=\"125\" srcset=\"https:\/\/kunmedierne.dk\/mors\/wp-content\/uploads\/2021\/06\/t08.jpg 1400w, https:\/\/kunmedierne.dk\/mors\/wp-content\/uploads\/2021\/06\/t08-300x27.jpg 300w, https:\/\/kunmedierne.dk\/mors\/wp-content\/uploads\/2021\/06\/t08-1024x91.jpg 1024w, https:\/\/kunmedierne.dk\/mors\/wp-content\/uploads\/2021\/06\/t08-768x69.jpg 768w, https:\/\/kunmedierne.dk\/mors\/wp-content\/uploads\/2021\/06\/t08-600x54.jpg 600w\" sizes=\"auto, (max-width: 1400px) 100vw, 1400px\" \/><\/a>Med et sygefrav\u00e6r inden for \u00e6ldresektoren p\u00e5 ca. 8%, kan vi godt v\u00e6re i tvivl om, om man griber sagen rigtig an. Vores ansatte i \u00e6ldreomr\u00e5det er den vigtigste ressource, og derfor har vi som kommune pligt til at s\u00f8rge for arbejdsvilk\u00e5r, der ikke g\u00f8r folk syge.<\/p>\n<p>Der er noget galt, n\u00e5r der p\u00e5 et omr\u00e5de er s\u00e5 stort et frav\u00e6r, og det er dyrt! Det er penge, som ikke kommer de \u00e6ldre til gode. \u00c6ldreplejen er i forvejen en af de tunge drenge m.h.t. \u00f8konomien, og vi tror ikke l\u00f8sning er, at vi &#8220;bare&#8221; sender flere penge i den retning, for penge g\u00f8r det ikke alene. Der skal t\u00e6nkes anderledes og udvikles strategier.<\/p>\n<p>Den 1. oktober 2021 kunne man l\u00e6se denne nyhed p\u00e5 Sundhedsstyrelsens hjemmeside:<\/p>\n<p><em>&#8220;Ny pulje til faste teams i \u00e6ldreplejen &#8211; Kommuner kan fra i dag s\u00f8ge om midler til at udvikle og afpr\u00f8ve nye veje til at skabe mere stabilitet og kontinuitet i plejen og omsorgen af \u00e6ldre borgere&#8221; <\/em><\/p>\n<p>Vi taler om en pulje p\u00e5 169,5 mio. kr.<\/p>\n<p><img loading=\"lazy\" decoding=\"async\" class=\"alignleft size-full wp-image-46600\" src=\"https:\/\/kunmedierne.dk\/mors\/wp-content\/uploads\/2021\/06\/t09.jpg\" alt=\"\" width=\"1400\" height=\"125\" srcset=\"https:\/\/kunmedierne.dk\/mors\/wp-content\/uploads\/2021\/06\/t09.jpg 1400w, https:\/\/kunmedierne.dk\/mors\/wp-content\/uploads\/2021\/06\/t09-300x27.jpg 300w, https:\/\/kunmedierne.dk\/mors\/wp-content\/uploads\/2021\/06\/t09-1024x91.jpg 1024w, https:\/\/kunmedierne.dk\/mors\/wp-content\/uploads\/2021\/06\/t09-768x69.jpg 768w, https:\/\/kunmedierne.dk\/mors\/wp-content\/uploads\/2021\/06\/t09-600x54.jpg 600w\" sizes=\"auto, (max-width: 1400px) 100vw, 1400px\" \/>At arbejde i faste teams vil betyde at personalet blive sat i grupper p\u00e5 5 \u2013 6 stykker, og teamet kan selv v\u00e6re med til at planl\u00e6gge og sammens\u00e6tte deres arbejdsplan. N\u00e5r teamet f\u00e5r tildelt en gruppe af \u00e6ldre, vil det \u00f8ge kendskabet til de enkelte borger og dermed g\u00f8re det nemmere at levere en professionel ydelse. For de \u00e6ldre borgere vil det betyde, at de hovedsageligt f\u00e5r bes\u00f8g af de samme medarbejdere, og det vil styrke genkendeligheden, tilliden og kontinuiteten.<\/p>\n<p>Der er lavet mange unders\u00f8gelser om, at medansvar og mulighed for at pr\u00e6ge planl\u00e6gningen af arbejdsdagen for ansatte giver \u00f8get arbejdsgl\u00e6den, og det er da et skridt i den rigtige retning for at forbedrede arbejdsvilk\u00e5rene for de ansatte i Mors\u00f8 Kommune.<\/p>\n<p><a href=\"https:\/\/konpap.dk\/\"><img loading=\"lazy\" decoding=\"async\" class=\"alignleft size-full wp-image-49328\" src=\"https:\/\/kunmedierne.dk\/mors\/wp-content\/uploads\/2021\/07\/t10.jpg\" alt=\"\" width=\"1400\" height=\"125\" srcset=\"https:\/\/kunmedierne.dk\/mors\/wp-content\/uploads\/2021\/07\/t10.jpg 1400w, https:\/\/kunmedierne.dk\/mors\/wp-content\/uploads\/2021\/07\/t10-300x27.jpg 300w, https:\/\/kunmedierne.dk\/mors\/wp-content\/uploads\/2021\/07\/t10-1024x91.jpg 1024w, https:\/\/kunmedierne.dk\/mors\/wp-content\/uploads\/2021\/07\/t10-768x69.jpg 768w, https:\/\/kunmedierne.dk\/mors\/wp-content\/uploads\/2021\/07\/t10-600x54.jpg 600w\" sizes=\"auto, (max-width: 1400px) 100vw, 1400px\" \/><\/a>Vi er overbeviste om, at det er den helt rigtige strategi for at udvikle og forbedre forholdene og livskvaliteten for de \u00e6ldre p\u00e5 Mors, og vi mener, at det netop er den vej, vi skal g\u00e5 for at skabe sammenh\u00e6ng for personalet, for de \u00e6ldre og for deres p\u00e5r\u00f8rende.<\/p>\n<p>Tilbage til ans\u00f8gningen, som skulle v\u00e6re indsendt senest den 1. november i \u00e5r. Vi kan ikke, i nogle af de offentliggjorte referater l\u00e6se, at man i Mors\u00f8 Kommune har ans\u00f8gt om puljen. Vi h\u00e5ber, den blot endnu ikke er offentliggjort, men vi frygter, at man har valgt ikke at s\u00f8ge.<\/p>\n<p>Hvis det er tilf\u00e6ldet, vil vi meget gerne have en forklaring!<\/p>\n<hr \/>\n<p><em>Har du et bidrag til den lokale debat? Send det til os p\u00e5 e-mail: debat@kunmedierne.dk\/mors. Husk at l\u00e6se korrektur inden afsendelse p\u00e5 indl\u00e6gget.<\/em><\/p>\n<blockquote>\n<h5>F\u00e5 dagens nyheder om Mors direkte i din mailboks. Tilmeld dig vores gratis nyhedsbrev nederst p\u00e5 siden. S\u00e5 f\u00e5r du KunMors som en lokal avis \u2013 alle ugens dage \u00e5ret rundt.<\/h5>\n<\/blockquote>\n","protected":false},"excerpt":{"rendered":"<p>Debatindl\u00e6g af Thomas Jensen og Poul Roesen, kandidater for De Konservative ved Kommunalvalg 2021: MORS: Der findes sandsynligvis ikke en eneste politiker i Danmark, og dermed ogs\u00e5 p\u00e5 Mors, som ikke mener, at \u00e6ldreplejen er en af de allervigtigste emner i kommunalpolitik. Her kan vi ikke v\u00e6re uenige. Det vi muligvis kan blive uenige om [&hellip;]<\/p>\n","protected":false},"author":11,"featured_media":57035,"comment_status":"open","ping_status":"open","sticky":false,"template":"","format":"standard","meta":{"_acf_changed":false,"footnotes":""},"categories":[56],"tags":[167],"class_list":["post-57034","post","type-post","status-publish","format-standard","has-post-thumbnail","hentry","category-debat","tag-politik"],"acf":[],"yoast_head":"<!-- This site is optimized with the Yoast SEO plugin v26.8 - https:\/\/yoast.com\/product\/yoast-seo-wordpress\/ -->\n<title>- En v\u00e6rdig og omsorgsfuld \u00e6ldrepleje - Mors<\/title>\n<meta name=\"robots\" content=\"index, follow, max-snippet:-1, max-image-preview:large, max-video-preview:-1\" \/>\n<link rel=\"canonical\" href=\"https:\/\/kunmedierne.dk\/mors\/en-vaerdig-og-omsorgsfuld-aeldrepleje\/\" \/>\n<meta property=\"og:locale\" content=\"da_DK\" \/>\n<meta property=\"og:type\" content=\"article\" \/>\n<meta property=\"og:title\" content=\"- En v\u00e6rdig og omsorgsfuld \u00e6ldrepleje - Mors\" \/>\n<meta property=\"og:description\" content=\"Debatindl\u00e6g af Thomas Jensen og Poul Roesen, kandidater for De Konservative ved Kommunalvalg 2021: MORS: Der findes sandsynligvis ikke en eneste politiker i Danmark, og dermed ogs\u00e5 p\u00e5 Mors, som ikke mener, at \u00e6ldreplejen er en af de allervigtigste emner i kommunalpolitik. Her kan vi ikke v\u00e6re uenige. Det vi muligvis kan blive uenige om [&hellip;]\" \/>\n<meta property=\"og:url\" content=\"https:\/\/kunmedierne.dk\/mors\/en-vaerdig-og-omsorgsfuld-aeldrepleje\/\" \/>\n<meta property=\"og:site_name\" content=\"Mors\" \/>\n<meta property=\"article:published_time\" content=\"2021-11-11T10:34:20+00:00\" \/>\n<meta property=\"article:modified_time\" content=\"2024-08-12T11:35:52+00:00\" \/>\n<meta property=\"og:image\" content=\"https:\/\/kunmedierne.dk\/mors\/wp-content\/uploads\/2021\/11\/poul-roesen-thomas-jensen.jpg\" \/>\n\t<meta property=\"og:image:width\" content=\"770\" \/>\n\t<meta property=\"og:image:height\" content=\"513\" \/>\n\t<meta property=\"og:image:type\" content=\"image\/jpeg\" \/>\n<meta name=\"author\" content=\"Debat\" \/>\n<meta name=\"twitter:card\" content=\"summary_large_image\" \/>\n<meta name=\"twitter:label1\" content=\"Skrevet af\" \/>\n\t<meta name=\"twitter:data1\" content=\"Debat\" \/>\n\t<meta name=\"twitter:label2\" content=\"Estimeret l\u00e6setid\" \/>\n\t<meta name=\"twitter:data2\" content=\"4 minutter\" \/>\n<script type=\"application\/ld+json\" class=\"yoast-schema-graph\">{\"@context\":\"https:\/\/schema.org\",\"@graph\":[{\"@type\":\"Article\",\"@id\":\"https:\/\/kunmedierne.dk\/mors\/en-vaerdig-og-omsorgsfuld-aeldrepleje\/#article\",\"isPartOf\":{\"@id\":\"https:\/\/kunmedierne.dk\/mors\/en-vaerdig-og-omsorgsfuld-aeldrepleje\/\"},\"author\":{\"name\":\"Debat\",\"@id\":\"https:\/\/kunmedierne.dk\/mors\/#\/schema\/person\/84c1391bce0b43b9bb3a49736bc0ad78\"},\"headline\":\"&#8211; En v\u00e6rdig og omsorgsfuld \u00e6ldrepleje\",\"datePublished\":\"2021-11-11T10:34:20+00:00\",\"dateModified\":\"2024-08-12T11:35:52+00:00\",\"mainEntityOfPage\":{\"@id\":\"https:\/\/kunmedierne.dk\/mors\/en-vaerdig-og-omsorgsfuld-aeldrepleje\/\"},\"wordCount\":632,\"commentCount\":0,\"publisher\":{\"@id\":\"https:\/\/kunmedierne.dk\/mors\/#organization\"},\"image\":{\"@id\":\"https:\/\/kunmedierne.dk\/mors\/en-vaerdig-og-omsorgsfuld-aeldrepleje\/#primaryimage\"},\"thumbnailUrl\":\"https:\/\/kunmedierne.dk\/mors\/wp-content\/uploads\/2021\/11\/poul-roesen-thomas-jensen.jpg\",\"keywords\":[\"Politik\"],\"articleSection\":[\"Debat\"],\"inLanguage\":\"da-DK\",\"potentialAction\":[{\"@type\":\"CommentAction\",\"name\":\"Comment\",\"target\":[\"https:\/\/kunmedierne.dk\/mors\/en-vaerdig-og-omsorgsfuld-aeldrepleje\/#respond\"]}]},{\"@type\":\"WebPage\",\"@id\":\"https:\/\/kunmedierne.dk\/mors\/en-vaerdig-og-omsorgsfuld-aeldrepleje\/\",\"url\":\"https:\/\/kunmedierne.dk\/mors\/en-vaerdig-og-omsorgsfuld-aeldrepleje\/\",\"name\":\"- En v\u00e6rdig og omsorgsfuld \u00e6ldrepleje - Mors\",\"isPartOf\":{\"@id\":\"https:\/\/kunmedierne.dk\/mors\/#website\"},\"primaryImageOfPage\":{\"@id\":\"https:\/\/kunmedierne.dk\/mors\/en-vaerdig-og-omsorgsfuld-aeldrepleje\/#primaryimage\"},\"image\":{\"@id\":\"https:\/\/kunmedierne.dk\/mors\/en-vaerdig-og-omsorgsfuld-aeldrepleje\/#primaryimage\"},\"thumbnailUrl\":\"https:\/\/kunmedierne.dk\/mors\/wp-content\/uploads\/2021\/11\/poul-roesen-thomas-jensen.jpg\",\"datePublished\":\"2021-11-11T10:34:20+00:00\",\"dateModified\":\"2024-08-12T11:35:52+00:00\",\"breadcrumb\":{\"@id\":\"https:\/\/kunmedierne.dk\/mors\/en-vaerdig-og-omsorgsfuld-aeldrepleje\/#breadcrumb\"},\"inLanguage\":\"da-DK\",\"potentialAction\":[{\"@type\":\"ReadAction\",\"target\":[\"https:\/\/kunmedierne.dk\/mors\/en-vaerdig-og-omsorgsfuld-aeldrepleje\/\"]}]},{\"@type\":\"ImageObject\",\"inLanguage\":\"da-DK\",\"@id\":\"https:\/\/kunmedierne.dk\/mors\/en-vaerdig-og-omsorgsfuld-aeldrepleje\/#primaryimage\",\"url\":\"https:\/\/kunmedierne.dk\/mors\/wp-content\/uploads\/2021\/11\/poul-roesen-thomas-jensen.jpg\",\"contentUrl\":\"https:\/\/kunmedierne.dk\/mors\/wp-content\/uploads\/2021\/11\/poul-roesen-thomas-jensen.jpg\",\"width\":770,\"height\":513,\"caption\":\"Poul Roesen og Thomas Jensen, kandidater for De Konservative ved Kommunalvalg 2021.\"},{\"@type\":\"BreadcrumbList\",\"@id\":\"https:\/\/kunmedierne.dk\/mors\/en-vaerdig-og-omsorgsfuld-aeldrepleje\/#breadcrumb\",\"itemListElement\":[{\"@type\":\"ListItem\",\"position\":1,\"name\":\"Hjem\",\"item\":\"https:\/\/kunmedierne.dk\/mors\/\"},{\"@type\":\"ListItem\",\"position\":2,\"name\":\"&#8211; En v\u00e6rdig og omsorgsfuld \u00e6ldrepleje\"}]},{\"@type\":\"WebSite\",\"@id\":\"https:\/\/kunmedierne.dk\/mors\/#website\",\"url\":\"https:\/\/kunmedierne.dk\/mors\/\",\"name\":\"Mors\",\"description\":\"et netmedie med journalistik om livet p\u00e5 Mors\",\"publisher\":{\"@id\":\"https:\/\/kunmedierne.dk\/mors\/#organization\"},\"potentialAction\":[{\"@type\":\"SearchAction\",\"target\":{\"@type\":\"EntryPoint\",\"urlTemplate\":\"https:\/\/kunmedierne.dk\/mors\/?s={search_term_string}\"},\"query-input\":{\"@type\":\"PropertyValueSpecification\",\"valueRequired\":true,\"valueName\":\"search_term_string\"}}],\"inLanguage\":\"da-DK\"},{\"@type\":\"Organization\",\"@id\":\"https:\/\/kunmedierne.dk\/mors\/#organization\",\"name\":\"Mors\",\"url\":\"https:\/\/kunmedierne.dk\/mors\/\",\"logo\":{\"@type\":\"ImageObject\",\"inLanguage\":\"da-DK\",\"@id\":\"https:\/\/kunmedierne.dk\/mors\/#\/schema\/logo\/image\/\",\"url\":\"https:\/\/kunmedierne.dk\/mors\/wp-content\/uploads\/2024\/08\/kunmors-logo.svg\",\"contentUrl\":\"https:\/\/kunmedierne.dk\/mors\/wp-content\/uploads\/2024\/08\/kunmors-logo.svg\",\"caption\":\"Mors\"},\"image\":{\"@id\":\"https:\/\/kunmedierne.dk\/mors\/#\/schema\/logo\/image\/\"}},{\"@type\":\"Person\",\"@id\":\"https:\/\/kunmedierne.dk\/mors\/#\/schema\/person\/84c1391bce0b43b9bb3a49736bc0ad78\",\"name\":\"Debat\",\"image\":{\"@type\":\"ImageObject\",\"inLanguage\":\"da-DK\",\"@id\":\"https:\/\/kunmedierne.dk\/mors\/#\/schema\/person\/image\/\",\"url\":\"https:\/\/secure.gravatar.com\/avatar\/b0fb2e221d618f7c65162ab0d49c7e8a0b580c871ca03af90e42b47b4150654c?s=96&d=mm&r=g\",\"contentUrl\":\"https:\/\/secure.gravatar.com\/avatar\/b0fb2e221d618f7c65162ab0d49c7e8a0b580c871ca03af90e42b47b4150654c?s=96&d=mm&r=g\",\"caption\":\"Debat\"},\"url\":\"https:\/\/kunmedierne.dk\/mors\/author\/debat\/\"}]}<\/script>\n<!-- \/ Yoast SEO plugin. -->","yoast_head_json":{"title":"- En v\u00e6rdig og omsorgsfuld \u00e6ldrepleje - Mors","robots":{"index":"index","follow":"follow","max-snippet":"max-snippet:-1","max-image-preview":"max-image-preview:large","max-video-preview":"max-video-preview:-1"},"canonical":"https:\/\/kunmedierne.dk\/mors\/en-vaerdig-og-omsorgsfuld-aeldrepleje\/","og_locale":"da_DK","og_type":"article","og_title":"- En v\u00e6rdig og omsorgsfuld \u00e6ldrepleje - Mors","og_description":"Debatindl\u00e6g af Thomas Jensen og Poul Roesen, kandidater for De Konservative ved Kommunalvalg 2021: MORS: Der findes sandsynligvis ikke en eneste politiker i Danmark, og dermed ogs\u00e5 p\u00e5 Mors, som ikke mener, at \u00e6ldreplejen er en af de allervigtigste emner i kommunalpolitik. Her kan vi ikke v\u00e6re uenige. Det vi muligvis kan blive uenige om [&hellip;]","og_url":"https:\/\/kunmedierne.dk\/mors\/en-vaerdig-og-omsorgsfuld-aeldrepleje\/","og_site_name":"Mors","article_published_time":"2021-11-11T10:34:20+00:00","article_modified_time":"2024-08-12T11:35:52+00:00","og_image":[{"width":770,"height":513,"url":"https:\/\/kunmedierne.dk\/mors\/wp-content\/uploads\/2021\/11\/poul-roesen-thomas-jensen.jpg","type":"image\/jpeg"}],"author":"Debat","twitter_card":"summary_large_image","twitter_misc":{"Skrevet af":"Debat","Estimeret l\u00e6setid":"4 minutter"},"schema":{"@context":"https:\/\/schema.org","@graph":[{"@type":"Article","@id":"https:\/\/kunmedierne.dk\/mors\/en-vaerdig-og-omsorgsfuld-aeldrepleje\/#article","isPartOf":{"@id":"https:\/\/kunmedierne.dk\/mors\/en-vaerdig-og-omsorgsfuld-aeldrepleje\/"},"author":{"name":"Debat","@id":"https:\/\/kunmedierne.dk\/mors\/#\/schema\/person\/84c1391bce0b43b9bb3a49736bc0ad78"},"headline":"&#8211; En v\u00e6rdig og omsorgsfuld \u00e6ldrepleje","datePublished":"2021-11-11T10:34:20+00:00","dateModified":"2024-08-12T11:35:52+00:00","mainEntityOfPage":{"@id":"https:\/\/kunmedierne.dk\/mors\/en-vaerdig-og-omsorgsfuld-aeldrepleje\/"},"wordCount":632,"commentCount":0,"publisher":{"@id":"https:\/\/kunmedierne.dk\/mors\/#organization"},"image":{"@id":"https:\/\/kunmedierne.dk\/mors\/en-vaerdig-og-omsorgsfuld-aeldrepleje\/#primaryimage"},"thumbnailUrl":"https:\/\/kunmedierne.dk\/mors\/wp-content\/uploads\/2021\/11\/poul-roesen-thomas-jensen.jpg","keywords":["Politik"],"articleSection":["Debat"],"inLanguage":"da-DK","potentialAction":[{"@type":"CommentAction","name":"Comment","target":["https:\/\/kunmedierne.dk\/mors\/en-vaerdig-og-omsorgsfuld-aeldrepleje\/#respond"]}]},{"@type":"WebPage","@id":"https:\/\/kunmedierne.dk\/mors\/en-vaerdig-og-omsorgsfuld-aeldrepleje\/","url":"https:\/\/kunmedierne.dk\/mors\/en-vaerdig-og-omsorgsfuld-aeldrepleje\/","name":"- En v\u00e6rdig og omsorgsfuld \u00e6ldrepleje - Mors","isPartOf":{"@id":"https:\/\/kunmedierne.dk\/mors\/#website"},"primaryImageOfPage":{"@id":"https:\/\/kunmedierne.dk\/mors\/en-vaerdig-og-omsorgsfuld-aeldrepleje\/#primaryimage"},"image":{"@id":"https:\/\/kunmedierne.dk\/mors\/en-vaerdig-og-omsorgsfuld-aeldrepleje\/#primaryimage"},"thumbnailUrl":"https:\/\/kunmedierne.dk\/mors\/wp-content\/uploads\/2021\/11\/poul-roesen-thomas-jensen.jpg","datePublished":"2021-11-11T10:34:20+00:00","dateModified":"2024-08-12T11:35:52+00:00","breadcrumb":{"@id":"https:\/\/kunmedierne.dk\/mors\/en-vaerdig-og-omsorgsfuld-aeldrepleje\/#breadcrumb"},"inLanguage":"da-DK","potentialAction":[{"@type":"ReadAction","target":["https:\/\/kunmedierne.dk\/mors\/en-vaerdig-og-omsorgsfuld-aeldrepleje\/"]}]},{"@type":"ImageObject","inLanguage":"da-DK","@id":"https:\/\/kunmedierne.dk\/mors\/en-vaerdig-og-omsorgsfuld-aeldrepleje\/#primaryimage","url":"https:\/\/kunmedierne.dk\/mors\/wp-content\/uploads\/2021\/11\/poul-roesen-thomas-jensen.jpg","contentUrl":"https:\/\/kunmedierne.dk\/mors\/wp-content\/uploads\/2021\/11\/poul-roesen-thomas-jensen.jpg","width":770,"height":513,"caption":"Poul Roesen og Thomas Jensen, kandidater for De Konservative ved Kommunalvalg 2021."},{"@type":"BreadcrumbList","@id":"https:\/\/kunmedierne.dk\/mors\/en-vaerdig-og-omsorgsfuld-aeldrepleje\/#breadcrumb","itemListElement":[{"@type":"ListItem","position":1,"name":"Hjem","item":"https:\/\/kunmedierne.dk\/mors\/"},{"@type":"ListItem","position":2,"name":"&#8211; En v\u00e6rdig og omsorgsfuld \u00e6ldrepleje"}]},{"@type":"WebSite","@id":"https:\/\/kunmedierne.dk\/mors\/#website","url":"https:\/\/kunmedierne.dk\/mors\/","name":"Mors","description":"et netmedie med journalistik om livet p\u00e5 Mors","publisher":{"@id":"https:\/\/kunmedierne.dk\/mors\/#organization"},"potentialAction":[{"@type":"SearchAction","target":{"@type":"EntryPoint","urlTemplate":"https:\/\/kunmedierne.dk\/mors\/?s={search_term_string}"},"query-input":{"@type":"PropertyValueSpecification","valueRequired":true,"valueName":"search_term_string"}}],"inLanguage":"da-DK"},{"@type":"Organization","@id":"https:\/\/kunmedierne.dk\/mors\/#organization","name":"Mors","url":"https:\/\/kunmedierne.dk\/mors\/","logo":{"@type":"ImageObject","inLanguage":"da-DK","@id":"https:\/\/kunmedierne.dk\/mors\/#\/schema\/logo\/image\/","url":"https:\/\/kunmedierne.dk\/mors\/wp-content\/uploads\/2024\/08\/kunmors-logo.svg","contentUrl":"https:\/\/kunmedierne.dk\/mors\/wp-content\/uploads\/2024\/08\/kunmors-logo.svg","caption":"Mors"},"image":{"@id":"https:\/\/kunmedierne.dk\/mors\/#\/schema\/logo\/image\/"}},{"@type":"Person","@id":"https:\/\/kunmedierne.dk\/mors\/#\/schema\/person\/84c1391bce0b43b9bb3a49736bc0ad78","name":"Debat","image":{"@type":"ImageObject","inLanguage":"da-DK","@id":"https:\/\/kunmedierne.dk\/mors\/#\/schema\/person\/image\/","url":"https:\/\/secure.gravatar.com\/avatar\/b0fb2e221d618f7c65162ab0d49c7e8a0b580c871ca03af90e42b47b4150654c?s=96&d=mm&r=g","contentUrl":"https:\/\/secure.gravatar.com\/avatar\/b0fb2e221d618f7c65162ab0d49c7e8a0b580c871ca03af90e42b47b4150654c?s=96&d=mm&r=g","caption":"Debat"},"url":"https:\/\/kunmedierne.dk\/mors\/author\/debat\/"}]}},"_links":{"self":[{"href":"https:\/\/kunmedierne.dk\/mors\/wp-json\/wp\/v2\/posts\/57034","targetHints":{"allow":["GET"]}}],"collection":[{"href":"https:\/\/kunmedierne.dk\/mors\/wp-json\/wp\/v2\/posts"}],"about":[{"href":"https:\/\/kunmedierne.dk\/mors\/wp-json\/wp\/v2\/types\/post"}],"author":[{"embeddable":true,"href":"https:\/\/kunmedierne.dk\/mors\/wp-json\/wp\/v2\/users\/11"}],"replies":[{"embeddable":true,"href":"https:\/\/kunmedierne.dk\/mors\/wp-json\/wp\/v2\/comments?post=57034"}],"version-history":[{"count":1,"href":"https:\/\/kunmedierne.dk\/mors\/wp-json\/wp\/v2\/posts\/57034\/revisions"}],"predecessor-version":[{"id":57036,"href":"https:\/\/kunmedierne.dk\/mors\/wp-json\/wp\/v2\/posts\/57034\/revisions\/57036"}],"wp:featuredmedia":[{"embeddable":true,"href":"https:\/\/kunmedierne.dk\/mors\/wp-json\/wp\/v2\/media\/57035"}],"wp:attachment":[{"href":"https:\/\/kunmedierne.dk\/mors\/wp-json\/wp\/v2\/media?parent=57034"}],"wp:term":[{"taxonomy":"category","embeddable":true,"href":"https:\/\/kunmedierne.dk\/mors\/wp-json\/wp\/v2\/categories?post=57034"},{"taxonomy":"post_tag","embeddable":true,"href":"https:\/\/kunmedierne.dk\/mors\/wp-json\/wp\/v2\/tags?post=57034"}],"curies":[{"name":"wp","href":"https:\/\/api.w.org\/{rel}","templated":true}]}}