{"id":56944,"date":"2021-11-10T05:17:55","date_gmt":"2021-11-10T04:17:55","guid":{"rendered":"https:\/\/kunmedierne.dk\/mors\/?p=56944"},"modified":"2024-08-12T13:35:53","modified_gmt":"2024-08-12T11:35:53","slug":"vil-lokalpolitikerne-udvikling-eller-afvikling","status":"publish","type":"post","link":"https:\/\/kunmedierne.dk\/mors\/vil-lokalpolitikerne-udvikling-eller-afvikling\/","title":{"rendered":"&#8211; Vil lokalpolitikerne udvikling eller afvikling?"},"content":{"rendered":"<p><em>Debatindl\u00e6g af Knud S\u00f8rensen, Erslev:<\/em><\/p>\n<hr \/>\n<p><strong>ERSLEV<\/strong>: Lokalpolitikerne siger s\u00e5 flot:\u00a0 \u201dLad landsbyerne blomstre\u201d \u2013 \u201d\u00d8get bos\u00e6tning af \u00f8ens landsbyer\u201d &#8211; \u201dV\u00e6kst og velf\u00e6rd p\u00e5 hele Mors\u201d \u2013 \u201dVi vil styrke landsbylivet\u201d \u2013 \u201dUdvikling p\u00e5 hele Mors\u201d \u2013 \u201dLad landsbyerne vokse\u201d.<\/p>\n<p>Men mener I det? De seneste \u00e5rs politiske beslutninger s\u00e5r tvivl om Jeres hensigter!<\/p>\n<p>For Erslevs vedkommende har de senere \u00e5r udelukkende budt p\u00e5 afvikling:<\/p>\n<ul>\n<li>Erslev Alderdomshjem er blevet nedlagt og flyttet til \u00d8. J\u00f8lby!<\/li>\n<li>Erslev Skole, den st\u00f8rste landsbyskole p\u00e5 Mors, med SFO er flyttet til \u00d8. J\u00f8lby!<\/li>\n<li>Erslev Afklaringscenter er flyttet til \u00d8. J\u00f8lby! Kommunen havde endda en grund p\u00e5 N\u00f8rrev\u00e6nget i Erslev, der var byggemodnet til offentlige form\u00e5l.<\/li>\n<li>Pr\u00e6stbro B\u00f8rnehave er flyttet til \u00d8. J\u00f8lby! Oprindelig blev b\u00f8rnehaven bygget til at servicere folk der arbejder i Foodparken. Mors\u00f8 Kommune skulle k\u00f8be bygningen for 6 \u00bd mill. og det kostede ca. det samme at etablere i \u00d8. J\u00f8lby! B\u00f8rnehaven er nu solgt, efter at have st\u00e5et tom i 5 \u00e5r! Mit g\u00e6t er at man\u00f8vren har kostet Mors\u00f8 Kommune 10 til 15 mio. kr.<\/li>\n<li>Posthuset i postnummer 7950 Erslev er flyttet til \u00d8. J\u00f8lby.<\/li>\n<li>\u00d8. J\u00f8lby byskiltet er flyttet 700 m. ind i Erslev med vejchikane. Hvorfor skal det ikke i h\u00f8ring som vejbump ved Solbjerg Korsvej? Hvorfor laves der ingen trafikforanstaltninger i Erslev By? Jeg synes det virker provokerende.<\/li>\n<li>Mors\u00f8 Kommune har doneret \u00bd mio. til Midtmors K\u00f8kken. De omkringliggende forsamlingshuse, der har det sv\u00e6rt efter corona-nedlukningen, har hver f\u00e5et 10.000 kr. i corona-st\u00f8tte.<\/li>\n<li>Kapellet ved Erslev Kirke er nedlagt og flyttet til Galtrup Kirke. Dette kan Kommunalbestyrelsen ikke dadles for, men kunne godt have en mening om det?<\/li>\n<li>J\u00f8lby Nor &#8211; Erslev K\u00e6r &#8211; Lyngbro B\u00e6k. Omr\u00e5det har altid heddet Erslev K\u00e6r, Fr\u00f8slev K\u00e6r og Lyngbro B\u00e6k, ingen havde h\u00f8rt om J\u00f8lby Nor f\u00f8r projektet!<\/li>\n<li>Afstemningsstedet i Erslev flyttes til \u00d8. J\u00f8lby??? Det har v\u00e6ret p\u00e5 tale men er dog ikke sket endnu.<\/li>\n<\/ul>\n<p><a href=\"https:\/\/thistedkloakservice.dk\/\"><img loading=\"lazy\" decoding=\"async\" class=\"alignleft size-full wp-image-46603\" src=\"https:\/\/kunmedierne.dk\/mors\/wp-content\/uploads\/2021\/06\/t12.jpg\" alt=\"\" width=\"1400\" height=\"125\" srcset=\"https:\/\/kunmedierne.dk\/mors\/wp-content\/uploads\/2021\/06\/t12.jpg 1400w, https:\/\/kunmedierne.dk\/mors\/wp-content\/uploads\/2021\/06\/t12-300x27.jpg 300w, https:\/\/kunmedierne.dk\/mors\/wp-content\/uploads\/2021\/06\/t12-1024x91.jpg 1024w, https:\/\/kunmedierne.dk\/mors\/wp-content\/uploads\/2021\/06\/t12-768x69.jpg 768w, https:\/\/kunmedierne.dk\/mors\/wp-content\/uploads\/2021\/06\/t12-600x54.jpg 600w\" sizes=\"auto, (max-width: 1400px) 100vw, 1400px\" \/><\/a><br \/>\nAfviklingen af Erslev kan sammenlignes med at Regionen eller Staten flytter Fiskerikontrollen, Skaldyrscentret, Gymnasiet, Limfjords Teatret og Kulturm\u00f8det til Thisted.<\/p>\n<p>Min pointe kan, og vil sandsynligvis blive udlagt som misundelse, men i Erslev er vi lidt frustrerede over hvad vi kan g\u00f8re? Vi afgiver konsekvent og f\u00e5r kun tomme l\u00f8fter retur!<\/p>\n<p>Hvad er det n\u00e6ste I politikere vil flytte?<\/p>\n<p>Der er ikke meget tilbage I Erslev, men m\u00e5ske har I ogs\u00e5 kig p\u00e5 andre landsbyer? Skal Majg\u00e5rden i Fr\u00f8slev flyttes til \u00d8. J\u00f8lby eller Vejerslev?<\/p>\n<p>\u00d8nsker I at fors\u00e6tte afviklingen af Erslev? Eller har I nogle ideer til udvikling og erstatning, for det der er flyttet?<\/p>\n<p>Det er i orden at give et af sine b\u00f8rn en ekstra vitaminpille, men det er ikke i orden, vedvarende at tage fra andre b\u00f8rn! Eller er det i orden for lokalpolitikere i 2021?<\/p>\n<p><a href=\"https:\/\/morsgaver.dk\/\"><img loading=\"lazy\" decoding=\"async\" class=\"alignleft size-full wp-image-51444\" src=\"https:\/\/kunmedierne.dk\/mors\/wp-content\/uploads\/2021\/09\/KunMors_julegaver_2021.jpg\" alt=\"\" width=\"1400\" height=\"125\" srcset=\"https:\/\/kunmedierne.dk\/mors\/wp-content\/uploads\/2021\/09\/KunMors_julegaver_2021.jpg 1400w, https:\/\/kunmedierne.dk\/mors\/wp-content\/uploads\/2021\/09\/KunMors_julegaver_2021-300x27.jpg 300w, https:\/\/kunmedierne.dk\/mors\/wp-content\/uploads\/2021\/09\/KunMors_julegaver_2021-1024x91.jpg 1024w, https:\/\/kunmedierne.dk\/mors\/wp-content\/uploads\/2021\/09\/KunMors_julegaver_2021-768x69.jpg 768w, https:\/\/kunmedierne.dk\/mors\/wp-content\/uploads\/2021\/09\/KunMors_julegaver_2021-600x54.jpg 600w\" sizes=\"auto, (max-width: 1400px) 100vw, 1400px\" \/><\/a><\/p>\n<hr \/>\n<p><em>Har du et bidrag til den lokale debat? Send det til os p\u00e5 e-mail: debat@kunmedierne.dk\/mors. Husk at l\u00e6se korrektur inden afsendelse p\u00e5 indl\u00e6gget.<\/em><\/p>\n<blockquote>\n<h5>F\u00e5 dagens nyheder om Mors direkte i din mailboks. Tilmeld dig vores gratis nyhedsbrev nederst p\u00e5 siden. S\u00e5 f\u00e5r du KunMors som en lokal avis \u2013 alle ugens dage \u00e5ret rundt.<\/h5>\n<\/blockquote>\n","protected":false},"excerpt":{"rendered":"<p>Debatindl\u00e6g af Knud S\u00f8rensen, Erslev: ERSLEV: Lokalpolitikerne siger s\u00e5 flot:\u00a0 \u201dLad landsbyerne blomstre\u201d \u2013 \u201d\u00d8get bos\u00e6tning af \u00f8ens landsbyer\u201d &#8211; \u201dV\u00e6kst og velf\u00e6rd p\u00e5 hele Mors\u201d \u2013 \u201dVi vil styrke landsbylivet\u201d \u2013 \u201dUdvikling p\u00e5 hele Mors\u201d \u2013 \u201dLad landsbyerne vokse\u201d. Men mener I det? De seneste \u00e5rs politiske beslutninger s\u00e5r tvivl om Jeres hensigter! For [&hellip;]<\/p>\n","protected":false},"author":8,"featured_media":56945,"comment_status":"open","ping_status":"open","sticky":false,"template":"","format":"standard","meta":{"_acf_changed":false,"footnotes":""},"categories":[56],"tags":[167],"class_list":["post-56944","post","type-post","status-publish","format-standard","has-post-thumbnail","hentry","category-debat","tag-politik"],"acf":[],"yoast_head":"<!-- This site is optimized with the Yoast SEO plugin v26.8 - https:\/\/yoast.com\/product\/yoast-seo-wordpress\/ -->\n<title>- Vil lokalpolitikerne udvikling eller afvikling? - Mors<\/title>\n<meta name=\"robots\" content=\"index, follow, max-snippet:-1, max-image-preview:large, max-video-preview:-1\" \/>\n<link rel=\"canonical\" href=\"https:\/\/kunmedierne.dk\/mors\/vil-lokalpolitikerne-udvikling-eller-afvikling\/\" \/>\n<meta property=\"og:locale\" content=\"da_DK\" \/>\n<meta property=\"og:type\" content=\"article\" \/>\n<meta property=\"og:title\" content=\"- Vil lokalpolitikerne udvikling eller afvikling? - Mors\" \/>\n<meta property=\"og:description\" content=\"Debatindl\u00e6g af Knud S\u00f8rensen, Erslev: ERSLEV: Lokalpolitikerne siger s\u00e5 flot:\u00a0 \u201dLad landsbyerne blomstre\u201d \u2013 \u201d\u00d8get bos\u00e6tning af \u00f8ens landsbyer\u201d &#8211; \u201dV\u00e6kst og velf\u00e6rd p\u00e5 hele Mors\u201d \u2013 \u201dVi vil styrke landsbylivet\u201d \u2013 \u201dUdvikling p\u00e5 hele Mors\u201d \u2013 \u201dLad landsbyerne vokse\u201d. Men mener I det? De seneste \u00e5rs politiske beslutninger s\u00e5r tvivl om Jeres hensigter! For [&hellip;]\" \/>\n<meta property=\"og:url\" content=\"https:\/\/kunmedierne.dk\/mors\/vil-lokalpolitikerne-udvikling-eller-afvikling\/\" \/>\n<meta property=\"og:site_name\" content=\"Mors\" \/>\n<meta property=\"article:published_time\" content=\"2021-11-10T04:17:55+00:00\" \/>\n<meta property=\"article:modified_time\" content=\"2024-08-12T11:35:53+00:00\" \/>\n<meta property=\"og:image\" content=\"https:\/\/kunmedierne.dk\/mors\/wp-content\/uploads\/2021\/11\/knud-soerensen-erslev.jpg\" \/>\n\t<meta property=\"og:image:width\" content=\"770\" \/>\n\t<meta property=\"og:image:height\" content=\"513\" \/>\n\t<meta property=\"og:image:type\" content=\"image\/jpeg\" \/>\n<meta name=\"author\" content=\"David H\u00f8jmark\" \/>\n<meta name=\"twitter:card\" content=\"summary_large_image\" \/>\n<meta name=\"twitter:label1\" content=\"Skrevet af\" \/>\n\t<meta name=\"twitter:data1\" content=\"David H\u00f8jmark\" \/>\n\t<meta name=\"twitter:label2\" content=\"Estimeret l\u00e6setid\" \/>\n\t<meta name=\"twitter:data2\" content=\"3 minutter\" \/>\n<script type=\"application\/ld+json\" class=\"yoast-schema-graph\">{\"@context\":\"https:\/\/schema.org\",\"@graph\":[{\"@type\":\"Article\",\"@id\":\"https:\/\/kunmedierne.dk\/mors\/vil-lokalpolitikerne-udvikling-eller-afvikling\/#article\",\"isPartOf\":{\"@id\":\"https:\/\/kunmedierne.dk\/mors\/vil-lokalpolitikerne-udvikling-eller-afvikling\/\"},\"author\":{\"name\":\"David H\u00f8jmark\",\"@id\":\"https:\/\/kunmedierne.dk\/mors\/#\/schema\/person\/5fe23251bf1d0abbcdc6f7896579d548\"},\"headline\":\"&#8211; Vil lokalpolitikerne udvikling eller afvikling?\",\"datePublished\":\"2021-11-10T04:17:55+00:00\",\"dateModified\":\"2024-08-12T11:35:53+00:00\",\"mainEntityOfPage\":{\"@id\":\"https:\/\/kunmedierne.dk\/mors\/vil-lokalpolitikerne-udvikling-eller-afvikling\/\"},\"wordCount\":553,\"commentCount\":0,\"publisher\":{\"@id\":\"https:\/\/kunmedierne.dk\/mors\/#organization\"},\"image\":{\"@id\":\"https:\/\/kunmedierne.dk\/mors\/vil-lokalpolitikerne-udvikling-eller-afvikling\/#primaryimage\"},\"thumbnailUrl\":\"https:\/\/kunmedierne.dk\/mors\/wp-content\/uploads\/2021\/11\/knud-soerensen-erslev.jpg\",\"keywords\":[\"Politik\"],\"articleSection\":[\"Debat\"],\"inLanguage\":\"da-DK\",\"potentialAction\":[{\"@type\":\"CommentAction\",\"name\":\"Comment\",\"target\":[\"https:\/\/kunmedierne.dk\/mors\/vil-lokalpolitikerne-udvikling-eller-afvikling\/#respond\"]}]},{\"@type\":\"WebPage\",\"@id\":\"https:\/\/kunmedierne.dk\/mors\/vil-lokalpolitikerne-udvikling-eller-afvikling\/\",\"url\":\"https:\/\/kunmedierne.dk\/mors\/vil-lokalpolitikerne-udvikling-eller-afvikling\/\",\"name\":\"- Vil lokalpolitikerne udvikling eller afvikling? - Mors\",\"isPartOf\":{\"@id\":\"https:\/\/kunmedierne.dk\/mors\/#website\"},\"primaryImageOfPage\":{\"@id\":\"https:\/\/kunmedierne.dk\/mors\/vil-lokalpolitikerne-udvikling-eller-afvikling\/#primaryimage\"},\"image\":{\"@id\":\"https:\/\/kunmedierne.dk\/mors\/vil-lokalpolitikerne-udvikling-eller-afvikling\/#primaryimage\"},\"thumbnailUrl\":\"https:\/\/kunmedierne.dk\/mors\/wp-content\/uploads\/2021\/11\/knud-soerensen-erslev.jpg\",\"datePublished\":\"2021-11-10T04:17:55+00:00\",\"dateModified\":\"2024-08-12T11:35:53+00:00\",\"breadcrumb\":{\"@id\":\"https:\/\/kunmedierne.dk\/mors\/vil-lokalpolitikerne-udvikling-eller-afvikling\/#breadcrumb\"},\"inLanguage\":\"da-DK\",\"potentialAction\":[{\"@type\":\"ReadAction\",\"target\":[\"https:\/\/kunmedierne.dk\/mors\/vil-lokalpolitikerne-udvikling-eller-afvikling\/\"]}]},{\"@type\":\"ImageObject\",\"inLanguage\":\"da-DK\",\"@id\":\"https:\/\/kunmedierne.dk\/mors\/vil-lokalpolitikerne-udvikling-eller-afvikling\/#primaryimage\",\"url\":\"https:\/\/kunmedierne.dk\/mors\/wp-content\/uploads\/2021\/11\/knud-soerensen-erslev.jpg\",\"contentUrl\":\"https:\/\/kunmedierne.dk\/mors\/wp-content\/uploads\/2021\/11\/knud-soerensen-erslev.jpg\",\"width\":770,\"height\":513,\"caption\":\"Knud S\u00f8rensen, Erslev-borger igennem 74 \u00e5r. Arkivfoto\"},{\"@type\":\"BreadcrumbList\",\"@id\":\"https:\/\/kunmedierne.dk\/mors\/vil-lokalpolitikerne-udvikling-eller-afvikling\/#breadcrumb\",\"itemListElement\":[{\"@type\":\"ListItem\",\"position\":1,\"name\":\"Hjem\",\"item\":\"https:\/\/kunmedierne.dk\/mors\/\"},{\"@type\":\"ListItem\",\"position\":2,\"name\":\"&#8211; Vil lokalpolitikerne udvikling eller afvikling?\"}]},{\"@type\":\"WebSite\",\"@id\":\"https:\/\/kunmedierne.dk\/mors\/#website\",\"url\":\"https:\/\/kunmedierne.dk\/mors\/\",\"name\":\"Mors\",\"description\":\"et netmedie med journalistik om livet p\u00e5 Mors\",\"publisher\":{\"@id\":\"https:\/\/kunmedierne.dk\/mors\/#organization\"},\"potentialAction\":[{\"@type\":\"SearchAction\",\"target\":{\"@type\":\"EntryPoint\",\"urlTemplate\":\"https:\/\/kunmedierne.dk\/mors\/?s={search_term_string}\"},\"query-input\":{\"@type\":\"PropertyValueSpecification\",\"valueRequired\":true,\"valueName\":\"search_term_string\"}}],\"inLanguage\":\"da-DK\"},{\"@type\":\"Organization\",\"@id\":\"https:\/\/kunmedierne.dk\/mors\/#organization\",\"name\":\"Mors\",\"url\":\"https:\/\/kunmedierne.dk\/mors\/\",\"logo\":{\"@type\":\"ImageObject\",\"inLanguage\":\"da-DK\",\"@id\":\"https:\/\/kunmedierne.dk\/mors\/#\/schema\/logo\/image\/\",\"url\":\"https:\/\/kunmedierne.dk\/mors\/wp-content\/uploads\/2024\/08\/kunmors-logo.svg\",\"contentUrl\":\"https:\/\/kunmedierne.dk\/mors\/wp-content\/uploads\/2024\/08\/kunmors-logo.svg\",\"caption\":\"Mors\"},\"image\":{\"@id\":\"https:\/\/kunmedierne.dk\/mors\/#\/schema\/logo\/image\/\"}},{\"@type\":\"Person\",\"@id\":\"https:\/\/kunmedierne.dk\/mors\/#\/schema\/person\/5fe23251bf1d0abbcdc6f7896579d548\",\"name\":\"David H\u00f8jmark\",\"image\":{\"@type\":\"ImageObject\",\"inLanguage\":\"da-DK\",\"@id\":\"https:\/\/kunmedierne.dk\/mors\/#\/schema\/person\/image\/\",\"url\":\"https:\/\/secure.gravatar.com\/avatar\/4315d6fb9ef244d729989f5f90268eb08d5bf8a3d84402f595fa194bb35784fd?s=96&d=mm&r=g\",\"contentUrl\":\"https:\/\/secure.gravatar.com\/avatar\/4315d6fb9ef244d729989f5f90268eb08d5bf8a3d84402f595fa194bb35784fd?s=96&d=mm&r=g\",\"caption\":\"David H\u00f8jmark\"},\"sameAs\":[\"https:\/\/www.kunmedierne.dk\"],\"url\":\"https:\/\/kunmedierne.dk\/mors\/author\/david\/\"}]}<\/script>\n<!-- \/ Yoast SEO plugin. -->","yoast_head_json":{"title":"- Vil lokalpolitikerne udvikling eller afvikling? - Mors","robots":{"index":"index","follow":"follow","max-snippet":"max-snippet:-1","max-image-preview":"max-image-preview:large","max-video-preview":"max-video-preview:-1"},"canonical":"https:\/\/kunmedierne.dk\/mors\/vil-lokalpolitikerne-udvikling-eller-afvikling\/","og_locale":"da_DK","og_type":"article","og_title":"- Vil lokalpolitikerne udvikling eller afvikling? - Mors","og_description":"Debatindl\u00e6g af Knud S\u00f8rensen, Erslev: ERSLEV: Lokalpolitikerne siger s\u00e5 flot:\u00a0 \u201dLad landsbyerne blomstre\u201d \u2013 \u201d\u00d8get bos\u00e6tning af \u00f8ens landsbyer\u201d &#8211; \u201dV\u00e6kst og velf\u00e6rd p\u00e5 hele Mors\u201d \u2013 \u201dVi vil styrke landsbylivet\u201d \u2013 \u201dUdvikling p\u00e5 hele Mors\u201d \u2013 \u201dLad landsbyerne vokse\u201d. Men mener I det? De seneste \u00e5rs politiske beslutninger s\u00e5r tvivl om Jeres hensigter! For [&hellip;]","og_url":"https:\/\/kunmedierne.dk\/mors\/vil-lokalpolitikerne-udvikling-eller-afvikling\/","og_site_name":"Mors","article_published_time":"2021-11-10T04:17:55+00:00","article_modified_time":"2024-08-12T11:35:53+00:00","og_image":[{"width":770,"height":513,"url":"https:\/\/kunmedierne.dk\/mors\/wp-content\/uploads\/2021\/11\/knud-soerensen-erslev.jpg","type":"image\/jpeg"}],"author":"David H\u00f8jmark","twitter_card":"summary_large_image","twitter_misc":{"Skrevet af":"David H\u00f8jmark","Estimeret l\u00e6setid":"3 minutter"},"schema":{"@context":"https:\/\/schema.org","@graph":[{"@type":"Article","@id":"https:\/\/kunmedierne.dk\/mors\/vil-lokalpolitikerne-udvikling-eller-afvikling\/#article","isPartOf":{"@id":"https:\/\/kunmedierne.dk\/mors\/vil-lokalpolitikerne-udvikling-eller-afvikling\/"},"author":{"name":"David H\u00f8jmark","@id":"https:\/\/kunmedierne.dk\/mors\/#\/schema\/person\/5fe23251bf1d0abbcdc6f7896579d548"},"headline":"&#8211; Vil lokalpolitikerne udvikling eller afvikling?","datePublished":"2021-11-10T04:17:55+00:00","dateModified":"2024-08-12T11:35:53+00:00","mainEntityOfPage":{"@id":"https:\/\/kunmedierne.dk\/mors\/vil-lokalpolitikerne-udvikling-eller-afvikling\/"},"wordCount":553,"commentCount":0,"publisher":{"@id":"https:\/\/kunmedierne.dk\/mors\/#organization"},"image":{"@id":"https:\/\/kunmedierne.dk\/mors\/vil-lokalpolitikerne-udvikling-eller-afvikling\/#primaryimage"},"thumbnailUrl":"https:\/\/kunmedierne.dk\/mors\/wp-content\/uploads\/2021\/11\/knud-soerensen-erslev.jpg","keywords":["Politik"],"articleSection":["Debat"],"inLanguage":"da-DK","potentialAction":[{"@type":"CommentAction","name":"Comment","target":["https:\/\/kunmedierne.dk\/mors\/vil-lokalpolitikerne-udvikling-eller-afvikling\/#respond"]}]},{"@type":"WebPage","@id":"https:\/\/kunmedierne.dk\/mors\/vil-lokalpolitikerne-udvikling-eller-afvikling\/","url":"https:\/\/kunmedierne.dk\/mors\/vil-lokalpolitikerne-udvikling-eller-afvikling\/","name":"- Vil lokalpolitikerne udvikling eller afvikling? - Mors","isPartOf":{"@id":"https:\/\/kunmedierne.dk\/mors\/#website"},"primaryImageOfPage":{"@id":"https:\/\/kunmedierne.dk\/mors\/vil-lokalpolitikerne-udvikling-eller-afvikling\/#primaryimage"},"image":{"@id":"https:\/\/kunmedierne.dk\/mors\/vil-lokalpolitikerne-udvikling-eller-afvikling\/#primaryimage"},"thumbnailUrl":"https:\/\/kunmedierne.dk\/mors\/wp-content\/uploads\/2021\/11\/knud-soerensen-erslev.jpg","datePublished":"2021-11-10T04:17:55+00:00","dateModified":"2024-08-12T11:35:53+00:00","breadcrumb":{"@id":"https:\/\/kunmedierne.dk\/mors\/vil-lokalpolitikerne-udvikling-eller-afvikling\/#breadcrumb"},"inLanguage":"da-DK","potentialAction":[{"@type":"ReadAction","target":["https:\/\/kunmedierne.dk\/mors\/vil-lokalpolitikerne-udvikling-eller-afvikling\/"]}]},{"@type":"ImageObject","inLanguage":"da-DK","@id":"https:\/\/kunmedierne.dk\/mors\/vil-lokalpolitikerne-udvikling-eller-afvikling\/#primaryimage","url":"https:\/\/kunmedierne.dk\/mors\/wp-content\/uploads\/2021\/11\/knud-soerensen-erslev.jpg","contentUrl":"https:\/\/kunmedierne.dk\/mors\/wp-content\/uploads\/2021\/11\/knud-soerensen-erslev.jpg","width":770,"height":513,"caption":"Knud S\u00f8rensen, Erslev-borger igennem 74 \u00e5r. Arkivfoto"},{"@type":"BreadcrumbList","@id":"https:\/\/kunmedierne.dk\/mors\/vil-lokalpolitikerne-udvikling-eller-afvikling\/#breadcrumb","itemListElement":[{"@type":"ListItem","position":1,"name":"Hjem","item":"https:\/\/kunmedierne.dk\/mors\/"},{"@type":"ListItem","position":2,"name":"&#8211; Vil lokalpolitikerne udvikling eller afvikling?"}]},{"@type":"WebSite","@id":"https:\/\/kunmedierne.dk\/mors\/#website","url":"https:\/\/kunmedierne.dk\/mors\/","name":"Mors","description":"et netmedie med journalistik om livet p\u00e5 Mors","publisher":{"@id":"https:\/\/kunmedierne.dk\/mors\/#organization"},"potentialAction":[{"@type":"SearchAction","target":{"@type":"EntryPoint","urlTemplate":"https:\/\/kunmedierne.dk\/mors\/?s={search_term_string}"},"query-input":{"@type":"PropertyValueSpecification","valueRequired":true,"valueName":"search_term_string"}}],"inLanguage":"da-DK"},{"@type":"Organization","@id":"https:\/\/kunmedierne.dk\/mors\/#organization","name":"Mors","url":"https:\/\/kunmedierne.dk\/mors\/","logo":{"@type":"ImageObject","inLanguage":"da-DK","@id":"https:\/\/kunmedierne.dk\/mors\/#\/schema\/logo\/image\/","url":"https:\/\/kunmedierne.dk\/mors\/wp-content\/uploads\/2024\/08\/kunmors-logo.svg","contentUrl":"https:\/\/kunmedierne.dk\/mors\/wp-content\/uploads\/2024\/08\/kunmors-logo.svg","caption":"Mors"},"image":{"@id":"https:\/\/kunmedierne.dk\/mors\/#\/schema\/logo\/image\/"}},{"@type":"Person","@id":"https:\/\/kunmedierne.dk\/mors\/#\/schema\/person\/5fe23251bf1d0abbcdc6f7896579d548","name":"David H\u00f8jmark","image":{"@type":"ImageObject","inLanguage":"da-DK","@id":"https:\/\/kunmedierne.dk\/mors\/#\/schema\/person\/image\/","url":"https:\/\/secure.gravatar.com\/avatar\/4315d6fb9ef244d729989f5f90268eb08d5bf8a3d84402f595fa194bb35784fd?s=96&d=mm&r=g","contentUrl":"https:\/\/secure.gravatar.com\/avatar\/4315d6fb9ef244d729989f5f90268eb08d5bf8a3d84402f595fa194bb35784fd?s=96&d=mm&r=g","caption":"David H\u00f8jmark"},"sameAs":["https:\/\/www.kunmedierne.dk"],"url":"https:\/\/kunmedierne.dk\/mors\/author\/david\/"}]}},"_links":{"self":[{"href":"https:\/\/kunmedierne.dk\/mors\/wp-json\/wp\/v2\/posts\/56944","targetHints":{"allow":["GET"]}}],"collection":[{"href":"https:\/\/kunmedierne.dk\/mors\/wp-json\/wp\/v2\/posts"}],"about":[{"href":"https:\/\/kunmedierne.dk\/mors\/wp-json\/wp\/v2\/types\/post"}],"author":[{"embeddable":true,"href":"https:\/\/kunmedierne.dk\/mors\/wp-json\/wp\/v2\/users\/8"}],"replies":[{"embeddable":true,"href":"https:\/\/kunmedierne.dk\/mors\/wp-json\/wp\/v2\/comments?post=56944"}],"version-history":[{"count":2,"href":"https:\/\/kunmedierne.dk\/mors\/wp-json\/wp\/v2\/posts\/56944\/revisions"}],"predecessor-version":[{"id":56947,"href":"https:\/\/kunmedierne.dk\/mors\/wp-json\/wp\/v2\/posts\/56944\/revisions\/56947"}],"wp:featuredmedia":[{"embeddable":true,"href":"https:\/\/kunmedierne.dk\/mors\/wp-json\/wp\/v2\/media\/56945"}],"wp:attachment":[{"href":"https:\/\/kunmedierne.dk\/mors\/wp-json\/wp\/v2\/media?parent=56944"}],"wp:term":[{"taxonomy":"category","embeddable":true,"href":"https:\/\/kunmedierne.dk\/mors\/wp-json\/wp\/v2\/categories?post=56944"},{"taxonomy":"post_tag","embeddable":true,"href":"https:\/\/kunmedierne.dk\/mors\/wp-json\/wp\/v2\/tags?post=56944"}],"curies":[{"name":"wp","href":"https:\/\/api.w.org\/{rel}","templated":true}]}}