{"id":56942,"date":"2021-11-09T23:14:47","date_gmt":"2021-11-09T22:14:47","guid":{"rendered":"https:\/\/kunmedierne.dk\/mors\/?p=56942"},"modified":"2024-08-12T13:35:53","modified_gmt":"2024-08-12T11:35:53","slug":"fokus-paa-arbejdsmiljoe","status":"publish","type":"post","link":"https:\/\/kunmedierne.dk\/mors\/fokus-paa-arbejdsmiljoe\/","title":{"rendered":"&#8211; Fokus p\u00e5 arbejdsmilj\u00f8"},"content":{"rendered":"<p><em>Debatindl\u00e6g af Lene Leth Poulsen, kandidat for Socialdemokratiet ved Kommunalvalg 2021:<\/em><\/p>\n<hr \/>\n<p><strong>MORS<\/strong>:\u00a0Den 23. januar 2019 l\u00e6ste jeg p\u00e5 Limfjordupdate, at Mors\u00f8 kommune desv\u00e6rre havde regionens h\u00f8jeste frav\u00e6rsprocent,hvor Thisted kommune dengang havde regionens laveste. Mors\u00f8 kommune havde 5,8 % hvor landes h\u00f8jeste, som var Slagelse p\u00e5 det tidspunkt, til sammenligning, havde 6% &#8211;<\/p>\n<p>Borgmester HEB udtalte\u00a0 dengang 2019\u00a0 -Citat fra opslaget: \u201d Borgmester Hans Einar Bertelsen har tidligere forklaret de negative tal for kommunen med, at det skyldes at man ikke er s\u00e5 hurtig til at afskedige langtidssyge medarbejdere, som det er tilf\u00e6ldet andre steder i landet\u201d.\u00a0 Et meget sn\u00e6vert og indskr\u00e6nket syn p\u00e5 og absolut ikke ordentligt svar p\u00e5 et kompleks problem efter min mening. Det handler om mennesker, det handler\u00a0 om arbejdskraft, der er en stor mangelvare p\u00e5, ogs\u00e5 indenfor velf\u00e6rdsomr\u00e5derne i Mors\u00f8 kommune.<\/p>\n<p>Jeg sp\u00f8rger hermed &#8211; Hvad mon \u00e5rsagen er til, at der er flere medarbejdere som langtidssygemeldes?<\/p>\n<p><a href=\"https:\/\/www.sparthy.dk\/\"><img loading=\"lazy\" decoding=\"async\" class=\"alignleft size-full wp-image-46599\" src=\"https:\/\/kunmedierne.dk\/mors\/wp-content\/uploads\/2021\/06\/t08.jpg\" alt=\"\" width=\"1400\" height=\"125\" srcset=\"https:\/\/kunmedierne.dk\/mors\/wp-content\/uploads\/2021\/06\/t08.jpg 1400w, https:\/\/kunmedierne.dk\/mors\/wp-content\/uploads\/2021\/06\/t08-300x27.jpg 300w, https:\/\/kunmedierne.dk\/mors\/wp-content\/uploads\/2021\/06\/t08-1024x91.jpg 1024w, https:\/\/kunmedierne.dk\/mors\/wp-content\/uploads\/2021\/06\/t08-768x69.jpg 768w, https:\/\/kunmedierne.dk\/mors\/wp-content\/uploads\/2021\/06\/t08-600x54.jpg 600w\" sizes=\"auto, (max-width: 1400px) 100vw, 1400px\" \/><\/a> Mors\u00f8 kommune blev efter\u00e5ret 2018 bevilliget 1,2 millioner kroner fra en pulje under Besk\u00e6ftigelsesministeriet.\u00a0 Disse penge skulle blandt andet bruges p\u00e5 at analysere, hvad der ligger bag det stigende frav\u00e6r blandt ansatte i Mors\u00f8 kommune.<\/p>\n<p>Mors\u00f8 kommune allierede sig med konsulentvirksomheden Marselisborg, der skulle udf\u00f8re en del af analysearbejdet. Hvor stort bel\u00f8b af de 1,2 millioner er\u00a0 mon g\u00e5et til at betale denne konsulentvirksomhed?<\/p>\n<p>Det er nu 3 \u00e5r siden \u2013 Hvordan g\u00e5r det med n\u00e6vnte analyse? Er der konkluderet noget mht\u00a0 \u00e5rsagen til den h\u00f8je frav\u00e6rsprocent blandt medarbejderne i Mors\u00f8 kommune?\u00a0\u00a0 Hvordan ser frav\u00e6rsprocenten ud her sidst p\u00e5 \u00e5ret 2021? Hvilke tiltag er der taget for at neds\u00e6tte sygefrav\u00e6ret, hvis der er tiltag?<\/p>\n<p>Kodeks for godt medarbejderskab \u2013 Kodeks for god ledelse \u2013 Kodeks for god topledelse \u2013 Kodeks for god politisk ledelse.\u00a0 Det prim\u00e6re budskab er \u201d Sammen er vi bedst\u201d. Alt sammen rigtig godt beskrevet med forskellige retningslinier m.m. Der er APV unders\u00f8gelser \u2013 Med udvalg \u2013 bevilling til samtaler med coach\/psykolog, hvis man som medarbejder har behov for denne hj\u00e6lp, trivsels samtaler m.m.<\/p>\n<p><img loading=\"lazy\" decoding=\"async\" class=\"alignleft size-full wp-image-46600\" src=\"https:\/\/kunmedierne.dk\/mors\/wp-content\/uploads\/2021\/06\/t09.jpg\" alt=\"\" width=\"1400\" height=\"125\" srcset=\"https:\/\/kunmedierne.dk\/mors\/wp-content\/uploads\/2021\/06\/t09.jpg 1400w, https:\/\/kunmedierne.dk\/mors\/wp-content\/uploads\/2021\/06\/t09-300x27.jpg 300w, https:\/\/kunmedierne.dk\/mors\/wp-content\/uploads\/2021\/06\/t09-1024x91.jpg 1024w, https:\/\/kunmedierne.dk\/mors\/wp-content\/uploads\/2021\/06\/t09-768x69.jpg 768w, https:\/\/kunmedierne.dk\/mors\/wp-content\/uploads\/2021\/06\/t09-600x54.jpg 600w\" sizes=\"auto, (max-width: 1400px) 100vw, 1400px\" \/>Men hvordan opleves disse mange velbeskrevne sider og forordninger ude p\u00e5 de mange arbejdspladser og i de forskellige afdelinger i Mors\u00f8 kommune? Hvordan er kulturen og det psykiske arbejdsmilj\u00f8 rundt om p\u00e5 \u00f8en blandt de\u00a0 1700 medarbejdere, som er ansat p\u00e5 den st\u00f8rste arbejdsplads p\u00e5 Mors?<\/p>\n<p>At symptombehandle en eller flere medarbejdere der langtidssygemeldes, m\u00e5ske pga langvarig stress, der er udl\u00f8st af forskelligt \u2013\u00a0 ( for mange opgaver, for h\u00f8je krav i forhold til kompetencer, hvordan arbejdsopgaverne er organiseret, samarbejdet p\u00e5 arbejdspladsen,\u00a0 d\u00e5rlig ledelse m.m.), er ikke godt nok. Er man kommet ind\u00a0 til \u201d kernen\u201d til \u00e5rsagen?<\/p>\n<p>Som n\u00e6vnt udtalte Borgmester HEB dengang til Limfjordupdate, at \u00e5rsagen m\u00e5ske kan findes ved at kommunen er for langsom til at fyre de medarbejdere der langtidssygemeldes. Det er efter min mening en udtalelse, der vidner om, at der er\u00a0 meget meget langt fra Topledelsen og Den politiske ledelse ned til medarbejderne som udf\u00f8rer velf\u00e6rdsopgaverne p\u00e5 Vores \u00f8.<\/p>\n<p><a href=\"https:\/\/konpap.dk\/\"><img loading=\"lazy\" decoding=\"async\" class=\"alignleft size-full wp-image-49328\" src=\"https:\/\/kunmedierne.dk\/mors\/wp-content\/uploads\/2021\/07\/t10.jpg\" alt=\"\" width=\"1400\" height=\"125\" srcset=\"https:\/\/kunmedierne.dk\/mors\/wp-content\/uploads\/2021\/07\/t10.jpg 1400w, https:\/\/kunmedierne.dk\/mors\/wp-content\/uploads\/2021\/07\/t10-300x27.jpg 300w, https:\/\/kunmedierne.dk\/mors\/wp-content\/uploads\/2021\/07\/t10-1024x91.jpg 1024w, https:\/\/kunmedierne.dk\/mors\/wp-content\/uploads\/2021\/07\/t10-768x69.jpg 768w, https:\/\/kunmedierne.dk\/mors\/wp-content\/uploads\/2021\/07\/t10-600x54.jpg 600w\" sizes=\"auto, (max-width: 1400px) 100vw, 1400px\" \/><\/a>Seneste nyt er at der\u00a0 i disse dage behandles et tiltag i kommunalbestyrelsen,\u00a0 en s\u00e5kaldt Whistleblower -ordning. Det er lovbestemt, at kommunerne skal have denne ordning som f\u00f8lge af sager med omfattende \u00f8konomisk svindel med offentlige midler.<\/p>\n<p>Kunne denne ordning evt. udvides til at give medarbejdere tryghed i at henvende sig anonymt vedr. f.eks. et d\u00e5rligt psykisk arbejdsmilj\u00f8? Det kan v\u00e6re\u00a0 meget sv\u00e6rt at finde mod til at g\u00e5 videre med de oplevelser, ikke mindst hvis d\u00e5rlig ledelse er \u00e5rsagen til mistrivsel p\u00e5 arbejdspladsen.<\/p>\n<p>Kan arbejdsmilj\u00f8et blive bedre for medarbejdere i Mors\u00f8 kommune? Det mener jeg, at det kan.\u00a0 Det er vigtigt for vores fremtidige velf\u00e6rd p\u00e5 Mors.<\/p>\n<p><a href=\"https:\/\/www.sparv.dk\/\"><img loading=\"lazy\" decoding=\"async\" class=\"alignleft size-full wp-image-46602\" src=\"https:\/\/kunmedierne.dk\/mors\/wp-content\/uploads\/2021\/06\/t11.jpg\" alt=\"\" width=\"1400\" height=\"125\" srcset=\"https:\/\/kunmedierne.dk\/mors\/wp-content\/uploads\/2021\/06\/t11.jpg 1400w, https:\/\/kunmedierne.dk\/mors\/wp-content\/uploads\/2021\/06\/t11-300x27.jpg 300w, https:\/\/kunmedierne.dk\/mors\/wp-content\/uploads\/2021\/06\/t11-1024x91.jpg 1024w, https:\/\/kunmedierne.dk\/mors\/wp-content\/uploads\/2021\/06\/t11-768x69.jpg 768w, https:\/\/kunmedierne.dk\/mors\/wp-content\/uploads\/2021\/06\/t11-600x54.jpg 600w\" sizes=\"auto, (max-width: 1400px) 100vw, 1400px\" \/><\/a><\/p>\n<hr \/>\n<p><em>Har du et bidrag til den lokale debat? Send det til os p\u00e5 e-mail: debat@kunmedierne.dk\/mors. Husk at l\u00e6se korrektur inden afsendelse p\u00e5 indl\u00e6gget.<\/em><\/p>\n<blockquote>\n<h5>F\u00e5 dagens nyheder om Mors direkte i din mailboks. Tilmeld dig vores gratis nyhedsbrev nederst p\u00e5 siden. S\u00e5 f\u00e5r du KunMors som en lokal avis \u2013 alle ugens dage \u00e5ret rundt.<\/h5>\n<\/blockquote>\n","protected":false},"excerpt":{"rendered":"<p>Debatindl\u00e6g af Lene Leth Poulsen, kandidat for Socialdemokratiet ved Kommunalvalg 2021: MORS:\u00a0Den 23. januar 2019 l\u00e6ste jeg p\u00e5 Limfjordupdate, at Mors\u00f8 kommune desv\u00e6rre havde regionens h\u00f8jeste frav\u00e6rsprocent,hvor Thisted kommune dengang havde regionens laveste. Mors\u00f8 kommune havde 5,8 % hvor landes h\u00f8jeste, som var Slagelse p\u00e5 det tidspunkt, til sammenligning, havde 6% &#8211; Borgmester HEB udtalte\u00a0 [&hellip;]<\/p>\n","protected":false},"author":11,"featured_media":48136,"comment_status":"open","ping_status":"open","sticky":false,"template":"","format":"standard","meta":{"_acf_changed":false,"footnotes":""},"categories":[56],"tags":[167],"class_list":["post-56942","post","type-post","status-publish","format-standard","has-post-thumbnail","hentry","category-debat","tag-politik"],"acf":[],"yoast_head":"<!-- This site is optimized with the Yoast SEO plugin v26.8 - https:\/\/yoast.com\/product\/yoast-seo-wordpress\/ -->\n<title>- Fokus p\u00e5 arbejdsmilj\u00f8 - Mors<\/title>\n<meta name=\"robots\" content=\"index, follow, max-snippet:-1, max-image-preview:large, max-video-preview:-1\" \/>\n<link rel=\"canonical\" href=\"https:\/\/kunmedierne.dk\/mors\/fokus-paa-arbejdsmiljoe\/\" \/>\n<meta property=\"og:locale\" content=\"da_DK\" \/>\n<meta property=\"og:type\" content=\"article\" \/>\n<meta property=\"og:title\" content=\"- Fokus p\u00e5 arbejdsmilj\u00f8 - Mors\" \/>\n<meta property=\"og:description\" content=\"Debatindl\u00e6g af Lene Leth Poulsen, kandidat for Socialdemokratiet ved Kommunalvalg 2021: MORS:\u00a0Den 23. januar 2019 l\u00e6ste jeg p\u00e5 Limfjordupdate, at Mors\u00f8 kommune desv\u00e6rre havde regionens h\u00f8jeste frav\u00e6rsprocent,hvor Thisted kommune dengang havde regionens laveste. Mors\u00f8 kommune havde 5,8 % hvor landes h\u00f8jeste, som var Slagelse p\u00e5 det tidspunkt, til sammenligning, havde 6% &#8211; Borgmester HEB udtalte\u00a0 [&hellip;]\" \/>\n<meta property=\"og:url\" content=\"https:\/\/kunmedierne.dk\/mors\/fokus-paa-arbejdsmiljoe\/\" \/>\n<meta property=\"og:site_name\" content=\"Mors\" \/>\n<meta property=\"article:published_time\" content=\"2021-11-09T22:14:47+00:00\" \/>\n<meta property=\"article:modified_time\" content=\"2024-08-12T11:35:53+00:00\" \/>\n<meta property=\"og:image\" content=\"https:\/\/kunmedierne.dk\/mors\/wp-content\/uploads\/2021\/07\/lene-leth-poulsen.jpg\" \/>\n\t<meta property=\"og:image:width\" content=\"770\" \/>\n\t<meta property=\"og:image:height\" content=\"513\" \/>\n\t<meta property=\"og:image:type\" content=\"image\/jpeg\" \/>\n<meta name=\"author\" content=\"Debat\" \/>\n<meta name=\"twitter:card\" content=\"summary_large_image\" \/>\n<meta name=\"twitter:label1\" content=\"Skrevet af\" \/>\n\t<meta name=\"twitter:data1\" content=\"Debat\" \/>\n\t<meta name=\"twitter:label2\" content=\"Estimeret l\u00e6setid\" \/>\n\t<meta name=\"twitter:data2\" content=\"4 minutter\" \/>\n<script type=\"application\/ld+json\" class=\"yoast-schema-graph\">{\"@context\":\"https:\/\/schema.org\",\"@graph\":[{\"@type\":\"Article\",\"@id\":\"https:\/\/kunmedierne.dk\/mors\/fokus-paa-arbejdsmiljoe\/#article\",\"isPartOf\":{\"@id\":\"https:\/\/kunmedierne.dk\/mors\/fokus-paa-arbejdsmiljoe\/\"},\"author\":{\"name\":\"Debat\",\"@id\":\"https:\/\/kunmedierne.dk\/mors\/#\/schema\/person\/84c1391bce0b43b9bb3a49736bc0ad78\"},\"headline\":\"&#8211; Fokus p\u00e5 arbejdsmilj\u00f8\",\"datePublished\":\"2021-11-09T22:14:47+00:00\",\"dateModified\":\"2024-08-12T11:35:53+00:00\",\"mainEntityOfPage\":{\"@id\":\"https:\/\/kunmedierne.dk\/mors\/fokus-paa-arbejdsmiljoe\/\"},\"wordCount\":680,\"commentCount\":0,\"publisher\":{\"@id\":\"https:\/\/kunmedierne.dk\/mors\/#organization\"},\"image\":{\"@id\":\"https:\/\/kunmedierne.dk\/mors\/fokus-paa-arbejdsmiljoe\/#primaryimage\"},\"thumbnailUrl\":\"https:\/\/kunmedierne.dk\/mors\/wp-content\/uploads\/2021\/07\/lene-leth-poulsen.jpg\",\"keywords\":[\"Politik\"],\"articleSection\":[\"Debat\"],\"inLanguage\":\"da-DK\",\"potentialAction\":[{\"@type\":\"CommentAction\",\"name\":\"Comment\",\"target\":[\"https:\/\/kunmedierne.dk\/mors\/fokus-paa-arbejdsmiljoe\/#respond\"]}]},{\"@type\":\"WebPage\",\"@id\":\"https:\/\/kunmedierne.dk\/mors\/fokus-paa-arbejdsmiljoe\/\",\"url\":\"https:\/\/kunmedierne.dk\/mors\/fokus-paa-arbejdsmiljoe\/\",\"name\":\"- Fokus p\u00e5 arbejdsmilj\u00f8 - Mors\",\"isPartOf\":{\"@id\":\"https:\/\/kunmedierne.dk\/mors\/#website\"},\"primaryImageOfPage\":{\"@id\":\"https:\/\/kunmedierne.dk\/mors\/fokus-paa-arbejdsmiljoe\/#primaryimage\"},\"image\":{\"@id\":\"https:\/\/kunmedierne.dk\/mors\/fokus-paa-arbejdsmiljoe\/#primaryimage\"},\"thumbnailUrl\":\"https:\/\/kunmedierne.dk\/mors\/wp-content\/uploads\/2021\/07\/lene-leth-poulsen.jpg\",\"datePublished\":\"2021-11-09T22:14:47+00:00\",\"dateModified\":\"2024-08-12T11:35:53+00:00\",\"breadcrumb\":{\"@id\":\"https:\/\/kunmedierne.dk\/mors\/fokus-paa-arbejdsmiljoe\/#breadcrumb\"},\"inLanguage\":\"da-DK\",\"potentialAction\":[{\"@type\":\"ReadAction\",\"target\":[\"https:\/\/kunmedierne.dk\/mors\/fokus-paa-arbejdsmiljoe\/\"]}]},{\"@type\":\"ImageObject\",\"inLanguage\":\"da-DK\",\"@id\":\"https:\/\/kunmedierne.dk\/mors\/fokus-paa-arbejdsmiljoe\/#primaryimage\",\"url\":\"https:\/\/kunmedierne.dk\/mors\/wp-content\/uploads\/2021\/07\/lene-leth-poulsen.jpg\",\"contentUrl\":\"https:\/\/kunmedierne.dk\/mors\/wp-content\/uploads\/2021\/07\/lene-leth-poulsen.jpg\",\"width\":770,\"height\":513,\"caption\":\"Lene Leth Poulsen, kandidat for Socialdemokratiet ved Kommunalvalg 2021.\"},{\"@type\":\"BreadcrumbList\",\"@id\":\"https:\/\/kunmedierne.dk\/mors\/fokus-paa-arbejdsmiljoe\/#breadcrumb\",\"itemListElement\":[{\"@type\":\"ListItem\",\"position\":1,\"name\":\"Hjem\",\"item\":\"https:\/\/kunmedierne.dk\/mors\/\"},{\"@type\":\"ListItem\",\"position\":2,\"name\":\"&#8211; Fokus p\u00e5 arbejdsmilj\u00f8\"}]},{\"@type\":\"WebSite\",\"@id\":\"https:\/\/kunmedierne.dk\/mors\/#website\",\"url\":\"https:\/\/kunmedierne.dk\/mors\/\",\"name\":\"Mors\",\"description\":\"et netmedie med journalistik om livet p\u00e5 Mors\",\"publisher\":{\"@id\":\"https:\/\/kunmedierne.dk\/mors\/#organization\"},\"potentialAction\":[{\"@type\":\"SearchAction\",\"target\":{\"@type\":\"EntryPoint\",\"urlTemplate\":\"https:\/\/kunmedierne.dk\/mors\/?s={search_term_string}\"},\"query-input\":{\"@type\":\"PropertyValueSpecification\",\"valueRequired\":true,\"valueName\":\"search_term_string\"}}],\"inLanguage\":\"da-DK\"},{\"@type\":\"Organization\",\"@id\":\"https:\/\/kunmedierne.dk\/mors\/#organization\",\"name\":\"Mors\",\"url\":\"https:\/\/kunmedierne.dk\/mors\/\",\"logo\":{\"@type\":\"ImageObject\",\"inLanguage\":\"da-DK\",\"@id\":\"https:\/\/kunmedierne.dk\/mors\/#\/schema\/logo\/image\/\",\"url\":\"https:\/\/kunmedierne.dk\/mors\/wp-content\/uploads\/2024\/08\/kunmors-logo.svg\",\"contentUrl\":\"https:\/\/kunmedierne.dk\/mors\/wp-content\/uploads\/2024\/08\/kunmors-logo.svg\",\"caption\":\"Mors\"},\"image\":{\"@id\":\"https:\/\/kunmedierne.dk\/mors\/#\/schema\/logo\/image\/\"}},{\"@type\":\"Person\",\"@id\":\"https:\/\/kunmedierne.dk\/mors\/#\/schema\/person\/84c1391bce0b43b9bb3a49736bc0ad78\",\"name\":\"Debat\",\"image\":{\"@type\":\"ImageObject\",\"inLanguage\":\"da-DK\",\"@id\":\"https:\/\/kunmedierne.dk\/mors\/#\/schema\/person\/image\/\",\"url\":\"https:\/\/secure.gravatar.com\/avatar\/b0fb2e221d618f7c65162ab0d49c7e8a0b580c871ca03af90e42b47b4150654c?s=96&d=mm&r=g\",\"contentUrl\":\"https:\/\/secure.gravatar.com\/avatar\/b0fb2e221d618f7c65162ab0d49c7e8a0b580c871ca03af90e42b47b4150654c?s=96&d=mm&r=g\",\"caption\":\"Debat\"},\"url\":\"https:\/\/kunmedierne.dk\/mors\/author\/debat\/\"}]}<\/script>\n<!-- \/ Yoast SEO plugin. -->","yoast_head_json":{"title":"- Fokus p\u00e5 arbejdsmilj\u00f8 - Mors","robots":{"index":"index","follow":"follow","max-snippet":"max-snippet:-1","max-image-preview":"max-image-preview:large","max-video-preview":"max-video-preview:-1"},"canonical":"https:\/\/kunmedierne.dk\/mors\/fokus-paa-arbejdsmiljoe\/","og_locale":"da_DK","og_type":"article","og_title":"- Fokus p\u00e5 arbejdsmilj\u00f8 - Mors","og_description":"Debatindl\u00e6g af Lene Leth Poulsen, kandidat for Socialdemokratiet ved Kommunalvalg 2021: MORS:\u00a0Den 23. januar 2019 l\u00e6ste jeg p\u00e5 Limfjordupdate, at Mors\u00f8 kommune desv\u00e6rre havde regionens h\u00f8jeste frav\u00e6rsprocent,hvor Thisted kommune dengang havde regionens laveste. Mors\u00f8 kommune havde 5,8 % hvor landes h\u00f8jeste, som var Slagelse p\u00e5 det tidspunkt, til sammenligning, havde 6% &#8211; Borgmester HEB udtalte\u00a0 [&hellip;]","og_url":"https:\/\/kunmedierne.dk\/mors\/fokus-paa-arbejdsmiljoe\/","og_site_name":"Mors","article_published_time":"2021-11-09T22:14:47+00:00","article_modified_time":"2024-08-12T11:35:53+00:00","og_image":[{"width":770,"height":513,"url":"https:\/\/kunmedierne.dk\/mors\/wp-content\/uploads\/2021\/07\/lene-leth-poulsen.jpg","type":"image\/jpeg"}],"author":"Debat","twitter_card":"summary_large_image","twitter_misc":{"Skrevet af":"Debat","Estimeret l\u00e6setid":"4 minutter"},"schema":{"@context":"https:\/\/schema.org","@graph":[{"@type":"Article","@id":"https:\/\/kunmedierne.dk\/mors\/fokus-paa-arbejdsmiljoe\/#article","isPartOf":{"@id":"https:\/\/kunmedierne.dk\/mors\/fokus-paa-arbejdsmiljoe\/"},"author":{"name":"Debat","@id":"https:\/\/kunmedierne.dk\/mors\/#\/schema\/person\/84c1391bce0b43b9bb3a49736bc0ad78"},"headline":"&#8211; Fokus p\u00e5 arbejdsmilj\u00f8","datePublished":"2021-11-09T22:14:47+00:00","dateModified":"2024-08-12T11:35:53+00:00","mainEntityOfPage":{"@id":"https:\/\/kunmedierne.dk\/mors\/fokus-paa-arbejdsmiljoe\/"},"wordCount":680,"commentCount":0,"publisher":{"@id":"https:\/\/kunmedierne.dk\/mors\/#organization"},"image":{"@id":"https:\/\/kunmedierne.dk\/mors\/fokus-paa-arbejdsmiljoe\/#primaryimage"},"thumbnailUrl":"https:\/\/kunmedierne.dk\/mors\/wp-content\/uploads\/2021\/07\/lene-leth-poulsen.jpg","keywords":["Politik"],"articleSection":["Debat"],"inLanguage":"da-DK","potentialAction":[{"@type":"CommentAction","name":"Comment","target":["https:\/\/kunmedierne.dk\/mors\/fokus-paa-arbejdsmiljoe\/#respond"]}]},{"@type":"WebPage","@id":"https:\/\/kunmedierne.dk\/mors\/fokus-paa-arbejdsmiljoe\/","url":"https:\/\/kunmedierne.dk\/mors\/fokus-paa-arbejdsmiljoe\/","name":"- Fokus p\u00e5 arbejdsmilj\u00f8 - Mors","isPartOf":{"@id":"https:\/\/kunmedierne.dk\/mors\/#website"},"primaryImageOfPage":{"@id":"https:\/\/kunmedierne.dk\/mors\/fokus-paa-arbejdsmiljoe\/#primaryimage"},"image":{"@id":"https:\/\/kunmedierne.dk\/mors\/fokus-paa-arbejdsmiljoe\/#primaryimage"},"thumbnailUrl":"https:\/\/kunmedierne.dk\/mors\/wp-content\/uploads\/2021\/07\/lene-leth-poulsen.jpg","datePublished":"2021-11-09T22:14:47+00:00","dateModified":"2024-08-12T11:35:53+00:00","breadcrumb":{"@id":"https:\/\/kunmedierne.dk\/mors\/fokus-paa-arbejdsmiljoe\/#breadcrumb"},"inLanguage":"da-DK","potentialAction":[{"@type":"ReadAction","target":["https:\/\/kunmedierne.dk\/mors\/fokus-paa-arbejdsmiljoe\/"]}]},{"@type":"ImageObject","inLanguage":"da-DK","@id":"https:\/\/kunmedierne.dk\/mors\/fokus-paa-arbejdsmiljoe\/#primaryimage","url":"https:\/\/kunmedierne.dk\/mors\/wp-content\/uploads\/2021\/07\/lene-leth-poulsen.jpg","contentUrl":"https:\/\/kunmedierne.dk\/mors\/wp-content\/uploads\/2021\/07\/lene-leth-poulsen.jpg","width":770,"height":513,"caption":"Lene Leth Poulsen, kandidat for Socialdemokratiet ved Kommunalvalg 2021."},{"@type":"BreadcrumbList","@id":"https:\/\/kunmedierne.dk\/mors\/fokus-paa-arbejdsmiljoe\/#breadcrumb","itemListElement":[{"@type":"ListItem","position":1,"name":"Hjem","item":"https:\/\/kunmedierne.dk\/mors\/"},{"@type":"ListItem","position":2,"name":"&#8211; Fokus p\u00e5 arbejdsmilj\u00f8"}]},{"@type":"WebSite","@id":"https:\/\/kunmedierne.dk\/mors\/#website","url":"https:\/\/kunmedierne.dk\/mors\/","name":"Mors","description":"et netmedie med journalistik om livet p\u00e5 Mors","publisher":{"@id":"https:\/\/kunmedierne.dk\/mors\/#organization"},"potentialAction":[{"@type":"SearchAction","target":{"@type":"EntryPoint","urlTemplate":"https:\/\/kunmedierne.dk\/mors\/?s={search_term_string}"},"query-input":{"@type":"PropertyValueSpecification","valueRequired":true,"valueName":"search_term_string"}}],"inLanguage":"da-DK"},{"@type":"Organization","@id":"https:\/\/kunmedierne.dk\/mors\/#organization","name":"Mors","url":"https:\/\/kunmedierne.dk\/mors\/","logo":{"@type":"ImageObject","inLanguage":"da-DK","@id":"https:\/\/kunmedierne.dk\/mors\/#\/schema\/logo\/image\/","url":"https:\/\/kunmedierne.dk\/mors\/wp-content\/uploads\/2024\/08\/kunmors-logo.svg","contentUrl":"https:\/\/kunmedierne.dk\/mors\/wp-content\/uploads\/2024\/08\/kunmors-logo.svg","caption":"Mors"},"image":{"@id":"https:\/\/kunmedierne.dk\/mors\/#\/schema\/logo\/image\/"}},{"@type":"Person","@id":"https:\/\/kunmedierne.dk\/mors\/#\/schema\/person\/84c1391bce0b43b9bb3a49736bc0ad78","name":"Debat","image":{"@type":"ImageObject","inLanguage":"da-DK","@id":"https:\/\/kunmedierne.dk\/mors\/#\/schema\/person\/image\/","url":"https:\/\/secure.gravatar.com\/avatar\/b0fb2e221d618f7c65162ab0d49c7e8a0b580c871ca03af90e42b47b4150654c?s=96&d=mm&r=g","contentUrl":"https:\/\/secure.gravatar.com\/avatar\/b0fb2e221d618f7c65162ab0d49c7e8a0b580c871ca03af90e42b47b4150654c?s=96&d=mm&r=g","caption":"Debat"},"url":"https:\/\/kunmedierne.dk\/mors\/author\/debat\/"}]}},"_links":{"self":[{"href":"https:\/\/kunmedierne.dk\/mors\/wp-json\/wp\/v2\/posts\/56942","targetHints":{"allow":["GET"]}}],"collection":[{"href":"https:\/\/kunmedierne.dk\/mors\/wp-json\/wp\/v2\/posts"}],"about":[{"href":"https:\/\/kunmedierne.dk\/mors\/wp-json\/wp\/v2\/types\/post"}],"author":[{"embeddable":true,"href":"https:\/\/kunmedierne.dk\/mors\/wp-json\/wp\/v2\/users\/11"}],"replies":[{"embeddable":true,"href":"https:\/\/kunmedierne.dk\/mors\/wp-json\/wp\/v2\/comments?post=56942"}],"version-history":[{"count":1,"href":"https:\/\/kunmedierne.dk\/mors\/wp-json\/wp\/v2\/posts\/56942\/revisions"}],"predecessor-version":[{"id":56943,"href":"https:\/\/kunmedierne.dk\/mors\/wp-json\/wp\/v2\/posts\/56942\/revisions\/56943"}],"wp:featuredmedia":[{"embeddable":true,"href":"https:\/\/kunmedierne.dk\/mors\/wp-json\/wp\/v2\/media\/48136"}],"wp:attachment":[{"href":"https:\/\/kunmedierne.dk\/mors\/wp-json\/wp\/v2\/media?parent=56942"}],"wp:term":[{"taxonomy":"category","embeddable":true,"href":"https:\/\/kunmedierne.dk\/mors\/wp-json\/wp\/v2\/categories?post=56942"},{"taxonomy":"post_tag","embeddable":true,"href":"https:\/\/kunmedierne.dk\/mors\/wp-json\/wp\/v2\/tags?post=56942"}],"curies":[{"name":"wp","href":"https:\/\/api.w.org\/{rel}","templated":true}]}}