{"id":56936,"date":"2021-11-09T22:59:54","date_gmt":"2021-11-09T21:59:54","guid":{"rendered":"https:\/\/kunmedierne.dk\/mors\/?p=56936"},"modified":"2024-08-12T13:35:53","modified_gmt":"2024-08-12T11:35:53","slug":"kaere-alle-morsingboer","status":"publish","type":"post","link":"https:\/\/kunmedierne.dk\/mors\/kaere-alle-morsingboer\/","title":{"rendered":"&#8211; K\u00e6re alle morsingboer"},"content":{"rendered":"<p><em>Debatindl\u00e6g af Poul \u00d8stergaard, formand for Venstre Mors:<\/em><\/p>\n<hr \/>\n<p>MORS:\u00a0Lige nu har vi 2 valgt fra Mors<\/p>\n<p class=\"v1MsoNormal\">Det er<\/p>\n<p class=\"v1MsoNormal\">Peter Therkildsen, V<\/p>\n<p class=\"v1MsoNormal\">Lauge Larsen, A<\/p>\n<p class=\"v1MsoNormal\">Vi er en del der forventer at Mors kan blive mere tilgodeset hvis\u00a0 &#8211; vi f\u00e5r en formand for Regionsr\u00e5det fra bl\u00e5 blok \u2013 her er Mads Duedahl et godt emne.<\/p>\n<p class=\"v1MsoNormal\">Det skal kun flyttes et begr\u00e6nset antal stemme for at dette bliver en mulighed.\u00a0 Det kan du som morsingbo medvirke til.<\/p>\n<p class=\"v1MsoNormal\"><a href=\"https:\/\/www.sparnord.dk\/filialer\/nykoebing-mors\/\"><img loading=\"lazy\" decoding=\"async\" class=\"alignleft size-full wp-image-46595\" src=\"https:\/\/kunmedierne.dk\/mors\/wp-content\/uploads\/2021\/06\/t04.jpg\" alt=\"\" width=\"1400\" height=\"123\" srcset=\"https:\/\/kunmedierne.dk\/mors\/wp-content\/uploads\/2021\/06\/t04.jpg 1400w, https:\/\/kunmedierne.dk\/mors\/wp-content\/uploads\/2021\/06\/t04-300x26.jpg 300w, https:\/\/kunmedierne.dk\/mors\/wp-content\/uploads\/2021\/06\/t04-1024x90.jpg 1024w, https:\/\/kunmedierne.dk\/mors\/wp-content\/uploads\/2021\/06\/t04-768x67.jpg 768w, https:\/\/kunmedierne.dk\/mors\/wp-content\/uploads\/2021\/06\/t04-600x53.jpg 600w\" sizes=\"auto, (max-width: 1400px) 100vw, 1400px\" \/><\/a>Ved tidligere valg har der v\u00e6ret en del blanke stemmer til Regionsr\u00e5dsvalget.<\/p>\n<p class=\"v1MsoNormal\">Jeg h\u00e5ber alle vil tage stilling \u2013 og afgive en stemme p\u00e5 de 2 lokale eller Mads Duedahl.<\/p>\n<p class=\"v1MsoNormal\">Du kan m\u00f8de Mads Duedahl p\u00e5 Mors l\u00f8rdag den 13. november 13,15 Min K\u00f8bmand i Vils og 14,15 ved Brugsen i \u00d8ster J\u00f8lby.<\/p>\n<hr \/>\n<p><em>Har du et bidrag til den lokale debat? Send det til os p\u00e5 e-mail: debat@kunmedierne.dk\/mors. Husk at l\u00e6se korrektur inden afsendelse p\u00e5 indl\u00e6gget.<\/em><\/p>\n<blockquote>\n<h5>F\u00e5 dagens nyheder om Mors direkte i din mailboks. Tilmeld dig vores gratis nyhedsbrev nederst p\u00e5 siden. S\u00e5 f\u00e5r du KunMors som en lokal avis \u2013 alle ugens dage \u00e5ret rundt.<\/h5>\n<\/blockquote>\n","protected":false},"excerpt":{"rendered":"<p>Debatindl\u00e6g af Poul \u00d8stergaard, formand for Venstre Mors: MORS:\u00a0Lige nu har vi 2 valgt fra Mors Det er Peter Therkildsen, V Lauge Larsen, A Vi er en del der forventer at Mors kan blive mere tilgodeset hvis\u00a0 &#8211; vi f\u00e5r en formand for Regionsr\u00e5det fra bl\u00e5 blok \u2013 her er Mads Duedahl et godt emne. [&hellip;]<\/p>\n","protected":false},"author":11,"featured_media":56937,"comment_status":"open","ping_status":"open","sticky":false,"template":"","format":"standard","meta":{"_acf_changed":false,"footnotes":""},"categories":[56],"tags":[167],"class_list":["post-56936","post","type-post","status-publish","format-standard","has-post-thumbnail","hentry","category-debat","tag-politik"],"acf":[],"yoast_head":"<!-- This site is optimized with the Yoast SEO plugin v26.8 - https:\/\/yoast.com\/product\/yoast-seo-wordpress\/ -->\n<title>- K\u00e6re alle morsingboer - Mors<\/title>\n<meta name=\"robots\" content=\"index, follow, max-snippet:-1, max-image-preview:large, max-video-preview:-1\" \/>\n<link rel=\"canonical\" href=\"https:\/\/kunmedierne.dk\/mors\/kaere-alle-morsingboer\/\" \/>\n<meta property=\"og:locale\" content=\"da_DK\" \/>\n<meta property=\"og:type\" content=\"article\" \/>\n<meta property=\"og:title\" content=\"- K\u00e6re alle morsingboer - Mors\" \/>\n<meta property=\"og:description\" content=\"Debatindl\u00e6g af Poul \u00d8stergaard, formand for Venstre Mors: MORS:\u00a0Lige nu har vi 2 valgt fra Mors Det er Peter Therkildsen, V Lauge Larsen, A Vi er en del der forventer at Mors kan blive mere tilgodeset hvis\u00a0 &#8211; vi f\u00e5r en formand for Regionsr\u00e5det fra bl\u00e5 blok \u2013 her er Mads Duedahl et godt emne. [&hellip;]\" \/>\n<meta property=\"og:url\" content=\"https:\/\/kunmedierne.dk\/mors\/kaere-alle-morsingboer\/\" \/>\n<meta property=\"og:site_name\" content=\"Mors\" \/>\n<meta property=\"article:published_time\" content=\"2021-11-09T21:59:54+00:00\" \/>\n<meta property=\"article:modified_time\" content=\"2024-08-12T11:35:53+00:00\" \/>\n<meta property=\"og:image\" content=\"https:\/\/kunmedierne.dk\/mors\/wp-content\/uploads\/2021\/11\/voting.jpg\" \/>\n\t<meta property=\"og:image:width\" content=\"770\" \/>\n\t<meta property=\"og:image:height\" content=\"513\" \/>\n\t<meta property=\"og:image:type\" content=\"image\/jpeg\" \/>\n<meta name=\"author\" content=\"Debat\" \/>\n<meta name=\"twitter:card\" content=\"summary_large_image\" \/>\n<meta name=\"twitter:label1\" content=\"Skrevet af\" \/>\n\t<meta name=\"twitter:data1\" content=\"Debat\" \/>\n\t<meta name=\"twitter:label2\" content=\"Estimeret l\u00e6setid\" \/>\n\t<meta name=\"twitter:data2\" content=\"1 minut\" \/>\n<script type=\"application\/ld+json\" class=\"yoast-schema-graph\">{\"@context\":\"https:\/\/schema.org\",\"@graph\":[{\"@type\":\"Article\",\"@id\":\"https:\/\/kunmedierne.dk\/mors\/kaere-alle-morsingboer\/#article\",\"isPartOf\":{\"@id\":\"https:\/\/kunmedierne.dk\/mors\/kaere-alle-morsingboer\/\"},\"author\":{\"name\":\"Debat\",\"@id\":\"https:\/\/kunmedierne.dk\/mors\/#\/schema\/person\/84c1391bce0b43b9bb3a49736bc0ad78\"},\"headline\":\"&#8211; K\u00e6re alle morsingboer\",\"datePublished\":\"2021-11-09T21:59:54+00:00\",\"dateModified\":\"2024-08-12T11:35:53+00:00\",\"mainEntityOfPage\":{\"@id\":\"https:\/\/kunmedierne.dk\/mors\/kaere-alle-morsingboer\/\"},\"wordCount\":197,\"commentCount\":0,\"publisher\":{\"@id\":\"https:\/\/kunmedierne.dk\/mors\/#organization\"},\"image\":{\"@id\":\"https:\/\/kunmedierne.dk\/mors\/kaere-alle-morsingboer\/#primaryimage\"},\"thumbnailUrl\":\"https:\/\/kunmedierne.dk\/mors\/wp-content\/uploads\/2021\/11\/voting.jpg\",\"keywords\":[\"Politik\"],\"articleSection\":[\"Debat\"],\"inLanguage\":\"da-DK\",\"potentialAction\":[{\"@type\":\"CommentAction\",\"name\":\"Comment\",\"target\":[\"https:\/\/kunmedierne.dk\/mors\/kaere-alle-morsingboer\/#respond\"]}]},{\"@type\":\"WebPage\",\"@id\":\"https:\/\/kunmedierne.dk\/mors\/kaere-alle-morsingboer\/\",\"url\":\"https:\/\/kunmedierne.dk\/mors\/kaere-alle-morsingboer\/\",\"name\":\"- K\u00e6re alle morsingboer - Mors\",\"isPartOf\":{\"@id\":\"https:\/\/kunmedierne.dk\/mors\/#website\"},\"primaryImageOfPage\":{\"@id\":\"https:\/\/kunmedierne.dk\/mors\/kaere-alle-morsingboer\/#primaryimage\"},\"image\":{\"@id\":\"https:\/\/kunmedierne.dk\/mors\/kaere-alle-morsingboer\/#primaryimage\"},\"thumbnailUrl\":\"https:\/\/kunmedierne.dk\/mors\/wp-content\/uploads\/2021\/11\/voting.jpg\",\"datePublished\":\"2021-11-09T21:59:54+00:00\",\"dateModified\":\"2024-08-12T11:35:53+00:00\",\"breadcrumb\":{\"@id\":\"https:\/\/kunmedierne.dk\/mors\/kaere-alle-morsingboer\/#breadcrumb\"},\"inLanguage\":\"da-DK\",\"potentialAction\":[{\"@type\":\"ReadAction\",\"target\":[\"https:\/\/kunmedierne.dk\/mors\/kaere-alle-morsingboer\/\"]}]},{\"@type\":\"ImageObject\",\"inLanguage\":\"da-DK\",\"@id\":\"https:\/\/kunmedierne.dk\/mors\/kaere-alle-morsingboer\/#primaryimage\",\"url\":\"https:\/\/kunmedierne.dk\/mors\/wp-content\/uploads\/2021\/11\/voting.jpg\",\"contentUrl\":\"https:\/\/kunmedierne.dk\/mors\/wp-content\/uploads\/2021\/11\/voting.jpg\",\"width\":770,\"height\":513,\"caption\":\"Foto: Element5 Digital\/Unsplash\"},{\"@type\":\"BreadcrumbList\",\"@id\":\"https:\/\/kunmedierne.dk\/mors\/kaere-alle-morsingboer\/#breadcrumb\",\"itemListElement\":[{\"@type\":\"ListItem\",\"position\":1,\"name\":\"Hjem\",\"item\":\"https:\/\/kunmedierne.dk\/mors\/\"},{\"@type\":\"ListItem\",\"position\":2,\"name\":\"&#8211; K\u00e6re alle morsingboer\"}]},{\"@type\":\"WebSite\",\"@id\":\"https:\/\/kunmedierne.dk\/mors\/#website\",\"url\":\"https:\/\/kunmedierne.dk\/mors\/\",\"name\":\"Mors\",\"description\":\"et netmedie med journalistik om livet p\u00e5 Mors\",\"publisher\":{\"@id\":\"https:\/\/kunmedierne.dk\/mors\/#organization\"},\"potentialAction\":[{\"@type\":\"SearchAction\",\"target\":{\"@type\":\"EntryPoint\",\"urlTemplate\":\"https:\/\/kunmedierne.dk\/mors\/?s={search_term_string}\"},\"query-input\":{\"@type\":\"PropertyValueSpecification\",\"valueRequired\":true,\"valueName\":\"search_term_string\"}}],\"inLanguage\":\"da-DK\"},{\"@type\":\"Organization\",\"@id\":\"https:\/\/kunmedierne.dk\/mors\/#organization\",\"name\":\"Mors\",\"url\":\"https:\/\/kunmedierne.dk\/mors\/\",\"logo\":{\"@type\":\"ImageObject\",\"inLanguage\":\"da-DK\",\"@id\":\"https:\/\/kunmedierne.dk\/mors\/#\/schema\/logo\/image\/\",\"url\":\"https:\/\/kunmedierne.dk\/mors\/wp-content\/uploads\/2024\/08\/kunmors-logo.svg\",\"contentUrl\":\"https:\/\/kunmedierne.dk\/mors\/wp-content\/uploads\/2024\/08\/kunmors-logo.svg\",\"caption\":\"Mors\"},\"image\":{\"@id\":\"https:\/\/kunmedierne.dk\/mors\/#\/schema\/logo\/image\/\"}},{\"@type\":\"Person\",\"@id\":\"https:\/\/kunmedierne.dk\/mors\/#\/schema\/person\/84c1391bce0b43b9bb3a49736bc0ad78\",\"name\":\"Debat\",\"image\":{\"@type\":\"ImageObject\",\"inLanguage\":\"da-DK\",\"@id\":\"https:\/\/kunmedierne.dk\/mors\/#\/schema\/person\/image\/\",\"url\":\"https:\/\/secure.gravatar.com\/avatar\/b0fb2e221d618f7c65162ab0d49c7e8a0b580c871ca03af90e42b47b4150654c?s=96&d=mm&r=g\",\"contentUrl\":\"https:\/\/secure.gravatar.com\/avatar\/b0fb2e221d618f7c65162ab0d49c7e8a0b580c871ca03af90e42b47b4150654c?s=96&d=mm&r=g\",\"caption\":\"Debat\"},\"url\":\"https:\/\/kunmedierne.dk\/mors\/author\/debat\/\"}]}<\/script>\n<!-- \/ Yoast SEO plugin. -->","yoast_head_json":{"title":"- K\u00e6re alle morsingboer - Mors","robots":{"index":"index","follow":"follow","max-snippet":"max-snippet:-1","max-image-preview":"max-image-preview:large","max-video-preview":"max-video-preview:-1"},"canonical":"https:\/\/kunmedierne.dk\/mors\/kaere-alle-morsingboer\/","og_locale":"da_DK","og_type":"article","og_title":"- K\u00e6re alle morsingboer - Mors","og_description":"Debatindl\u00e6g af Poul \u00d8stergaard, formand for Venstre Mors: MORS:\u00a0Lige nu har vi 2 valgt fra Mors Det er Peter Therkildsen, V Lauge Larsen, A Vi er en del der forventer at Mors kan blive mere tilgodeset hvis\u00a0 &#8211; vi f\u00e5r en formand for Regionsr\u00e5det fra bl\u00e5 blok \u2013 her er Mads Duedahl et godt emne. [&hellip;]","og_url":"https:\/\/kunmedierne.dk\/mors\/kaere-alle-morsingboer\/","og_site_name":"Mors","article_published_time":"2021-11-09T21:59:54+00:00","article_modified_time":"2024-08-12T11:35:53+00:00","og_image":[{"width":770,"height":513,"url":"https:\/\/kunmedierne.dk\/mors\/wp-content\/uploads\/2021\/11\/voting.jpg","type":"image\/jpeg"}],"author":"Debat","twitter_card":"summary_large_image","twitter_misc":{"Skrevet af":"Debat","Estimeret l\u00e6setid":"1 minut"},"schema":{"@context":"https:\/\/schema.org","@graph":[{"@type":"Article","@id":"https:\/\/kunmedierne.dk\/mors\/kaere-alle-morsingboer\/#article","isPartOf":{"@id":"https:\/\/kunmedierne.dk\/mors\/kaere-alle-morsingboer\/"},"author":{"name":"Debat","@id":"https:\/\/kunmedierne.dk\/mors\/#\/schema\/person\/84c1391bce0b43b9bb3a49736bc0ad78"},"headline":"&#8211; K\u00e6re alle morsingboer","datePublished":"2021-11-09T21:59:54+00:00","dateModified":"2024-08-12T11:35:53+00:00","mainEntityOfPage":{"@id":"https:\/\/kunmedierne.dk\/mors\/kaere-alle-morsingboer\/"},"wordCount":197,"commentCount":0,"publisher":{"@id":"https:\/\/kunmedierne.dk\/mors\/#organization"},"image":{"@id":"https:\/\/kunmedierne.dk\/mors\/kaere-alle-morsingboer\/#primaryimage"},"thumbnailUrl":"https:\/\/kunmedierne.dk\/mors\/wp-content\/uploads\/2021\/11\/voting.jpg","keywords":["Politik"],"articleSection":["Debat"],"inLanguage":"da-DK","potentialAction":[{"@type":"CommentAction","name":"Comment","target":["https:\/\/kunmedierne.dk\/mors\/kaere-alle-morsingboer\/#respond"]}]},{"@type":"WebPage","@id":"https:\/\/kunmedierne.dk\/mors\/kaere-alle-morsingboer\/","url":"https:\/\/kunmedierne.dk\/mors\/kaere-alle-morsingboer\/","name":"- K\u00e6re alle morsingboer - Mors","isPartOf":{"@id":"https:\/\/kunmedierne.dk\/mors\/#website"},"primaryImageOfPage":{"@id":"https:\/\/kunmedierne.dk\/mors\/kaere-alle-morsingboer\/#primaryimage"},"image":{"@id":"https:\/\/kunmedierne.dk\/mors\/kaere-alle-morsingboer\/#primaryimage"},"thumbnailUrl":"https:\/\/kunmedierne.dk\/mors\/wp-content\/uploads\/2021\/11\/voting.jpg","datePublished":"2021-11-09T21:59:54+00:00","dateModified":"2024-08-12T11:35:53+00:00","breadcrumb":{"@id":"https:\/\/kunmedierne.dk\/mors\/kaere-alle-morsingboer\/#breadcrumb"},"inLanguage":"da-DK","potentialAction":[{"@type":"ReadAction","target":["https:\/\/kunmedierne.dk\/mors\/kaere-alle-morsingboer\/"]}]},{"@type":"ImageObject","inLanguage":"da-DK","@id":"https:\/\/kunmedierne.dk\/mors\/kaere-alle-morsingboer\/#primaryimage","url":"https:\/\/kunmedierne.dk\/mors\/wp-content\/uploads\/2021\/11\/voting.jpg","contentUrl":"https:\/\/kunmedierne.dk\/mors\/wp-content\/uploads\/2021\/11\/voting.jpg","width":770,"height":513,"caption":"Foto: Element5 Digital\/Unsplash"},{"@type":"BreadcrumbList","@id":"https:\/\/kunmedierne.dk\/mors\/kaere-alle-morsingboer\/#breadcrumb","itemListElement":[{"@type":"ListItem","position":1,"name":"Hjem","item":"https:\/\/kunmedierne.dk\/mors\/"},{"@type":"ListItem","position":2,"name":"&#8211; K\u00e6re alle morsingboer"}]},{"@type":"WebSite","@id":"https:\/\/kunmedierne.dk\/mors\/#website","url":"https:\/\/kunmedierne.dk\/mors\/","name":"Mors","description":"et netmedie med journalistik om livet p\u00e5 Mors","publisher":{"@id":"https:\/\/kunmedierne.dk\/mors\/#organization"},"potentialAction":[{"@type":"SearchAction","target":{"@type":"EntryPoint","urlTemplate":"https:\/\/kunmedierne.dk\/mors\/?s={search_term_string}"},"query-input":{"@type":"PropertyValueSpecification","valueRequired":true,"valueName":"search_term_string"}}],"inLanguage":"da-DK"},{"@type":"Organization","@id":"https:\/\/kunmedierne.dk\/mors\/#organization","name":"Mors","url":"https:\/\/kunmedierne.dk\/mors\/","logo":{"@type":"ImageObject","inLanguage":"da-DK","@id":"https:\/\/kunmedierne.dk\/mors\/#\/schema\/logo\/image\/","url":"https:\/\/kunmedierne.dk\/mors\/wp-content\/uploads\/2024\/08\/kunmors-logo.svg","contentUrl":"https:\/\/kunmedierne.dk\/mors\/wp-content\/uploads\/2024\/08\/kunmors-logo.svg","caption":"Mors"},"image":{"@id":"https:\/\/kunmedierne.dk\/mors\/#\/schema\/logo\/image\/"}},{"@type":"Person","@id":"https:\/\/kunmedierne.dk\/mors\/#\/schema\/person\/84c1391bce0b43b9bb3a49736bc0ad78","name":"Debat","image":{"@type":"ImageObject","inLanguage":"da-DK","@id":"https:\/\/kunmedierne.dk\/mors\/#\/schema\/person\/image\/","url":"https:\/\/secure.gravatar.com\/avatar\/b0fb2e221d618f7c65162ab0d49c7e8a0b580c871ca03af90e42b47b4150654c?s=96&d=mm&r=g","contentUrl":"https:\/\/secure.gravatar.com\/avatar\/b0fb2e221d618f7c65162ab0d49c7e8a0b580c871ca03af90e42b47b4150654c?s=96&d=mm&r=g","caption":"Debat"},"url":"https:\/\/kunmedierne.dk\/mors\/author\/debat\/"}]}},"_links":{"self":[{"href":"https:\/\/kunmedierne.dk\/mors\/wp-json\/wp\/v2\/posts\/56936","targetHints":{"allow":["GET"]}}],"collection":[{"href":"https:\/\/kunmedierne.dk\/mors\/wp-json\/wp\/v2\/posts"}],"about":[{"href":"https:\/\/kunmedierne.dk\/mors\/wp-json\/wp\/v2\/types\/post"}],"author":[{"embeddable":true,"href":"https:\/\/kunmedierne.dk\/mors\/wp-json\/wp\/v2\/users\/11"}],"replies":[{"embeddable":true,"href":"https:\/\/kunmedierne.dk\/mors\/wp-json\/wp\/v2\/comments?post=56936"}],"version-history":[{"count":1,"href":"https:\/\/kunmedierne.dk\/mors\/wp-json\/wp\/v2\/posts\/56936\/revisions"}],"predecessor-version":[{"id":56938,"href":"https:\/\/kunmedierne.dk\/mors\/wp-json\/wp\/v2\/posts\/56936\/revisions\/56938"}],"wp:featuredmedia":[{"embeddable":true,"href":"https:\/\/kunmedierne.dk\/mors\/wp-json\/wp\/v2\/media\/56937"}],"wp:attachment":[{"href":"https:\/\/kunmedierne.dk\/mors\/wp-json\/wp\/v2\/media?parent=56936"}],"wp:term":[{"taxonomy":"category","embeddable":true,"href":"https:\/\/kunmedierne.dk\/mors\/wp-json\/wp\/v2\/categories?post=56936"},{"taxonomy":"post_tag","embeddable":true,"href":"https:\/\/kunmedierne.dk\/mors\/wp-json\/wp\/v2\/tags?post=56936"}],"curies":[{"name":"wp","href":"https:\/\/api.w.org\/{rel}","templated":true}]}}