{"id":56911,"date":"2021-11-09T20:20:58","date_gmt":"2021-11-09T19:20:58","guid":{"rendered":"https:\/\/kunmedierne.dk\/mors\/?p=56911"},"modified":"2024-08-12T13:35:53","modified_gmt":"2024-08-12T11:35:53","slug":"valgkampen-spidser-til","status":"publish","type":"post","link":"https:\/\/kunmedierne.dk\/mors\/valgkampen-spidser-til\/","title":{"rendered":"&#8211; Valgkampen spidser til&#8230;"},"content":{"rendered":"<p><em>Debatindl\u00e6g af Henrik Jensen og Hanne Haldrup, medlemmer af kommunalbestyrelsen for Venstre:<\/em><\/p>\n<hr \/>\n<p><strong>MORS<\/strong>:\u00a0I dette indl\u00e6g, skriver vi ikke som medlemmer af kommunalbestyrelsen, men som borgere p\u00e5 Mors.<\/p>\n<p>I den seneste tid har der i l\u00e6serbreve v\u00e6ret fremsat tvivl ved borgmester Hans Ejner Bertelsens motiver og ordentlighed, ligesom der n\u00e6vnes s\u00e5vel l\u00f8ftebrud som fortielse i forbindelse med hele miseren omkring \u00d8rodde. Valgkampens store TEMA!<\/p>\n<p>Det er grove beskyldninger, der frems\u00e6ttes. Det kr\u00e6ver sit at v\u00e6re en del af en valgkamp. Det kr\u00e6ver sit at v\u00e6re borgmester. Det kr\u00e6ver sit at have succes. Man skal v\u00e6re robust!<\/p>\n<p><img loading=\"lazy\" decoding=\"async\" class=\"alignleft size-full wp-image-46600\" src=\"https:\/\/kunmedierne.dk\/mors\/wp-content\/uploads\/2021\/06\/t09.jpg\" alt=\"\" width=\"1400\" height=\"125\" srcset=\"https:\/\/kunmedierne.dk\/mors\/wp-content\/uploads\/2021\/06\/t09.jpg 1400w, https:\/\/kunmedierne.dk\/mors\/wp-content\/uploads\/2021\/06\/t09-300x27.jpg 300w, https:\/\/kunmedierne.dk\/mors\/wp-content\/uploads\/2021\/06\/t09-1024x91.jpg 1024w, https:\/\/kunmedierne.dk\/mors\/wp-content\/uploads\/2021\/06\/t09-768x69.jpg 768w, https:\/\/kunmedierne.dk\/mors\/wp-content\/uploads\/2021\/06\/t09-600x54.jpg 600w\" sizes=\"auto, (max-width: 1400px) 100vw, 1400px\" \/>Men n\u00e5r en valgkamp bliver personorienteret &#8211; tenderende en hetz &#8211; med det ene form\u00e5l, at s\u00e6tte en person \u2013 her borgmesteren &#8211; i et d\u00e5rligt lys, bliver en valgkamp usk\u00f8n og usand.<\/p>\n<p>Vi synes, at man skal huske p\u00e5, at Hans Ejner Bertelsen igennem de seneste snart 8 \u00e5r har bevist, at han ER en dygtig borgmester.<\/p>\n<p>Han har visioner og ambitioner; han har en fabelagtig hukommelse; han er vidende; han er vedholdende; han er ordentlig; han er engageret, han samarbejder og form\u00e5r at samle en kommunalbestyrelse om f\u00e6lles l\u00f8sninger til gl\u00e6de for Mors. Yderligere repr\u00e6senterer han Mors p\u00e5 bedste vis kommunalt, regionalt og nationalt. Han er en fighter!<\/p>\n<p><a href=\"https:\/\/konpap.dk\/\"><img loading=\"lazy\" decoding=\"async\" class=\"alignleft size-full wp-image-49328\" src=\"https:\/\/kunmedierne.dk\/mors\/wp-content\/uploads\/2021\/07\/t10.jpg\" alt=\"\" width=\"1400\" height=\"125\" srcset=\"https:\/\/kunmedierne.dk\/mors\/wp-content\/uploads\/2021\/07\/t10.jpg 1400w, https:\/\/kunmedierne.dk\/mors\/wp-content\/uploads\/2021\/07\/t10-300x27.jpg 300w, https:\/\/kunmedierne.dk\/mors\/wp-content\/uploads\/2021\/07\/t10-1024x91.jpg 1024w, https:\/\/kunmedierne.dk\/mors\/wp-content\/uploads\/2021\/07\/t10-768x69.jpg 768w, https:\/\/kunmedierne.dk\/mors\/wp-content\/uploads\/2021\/07\/t10-600x54.jpg 600w\" sizes=\"auto, (max-width: 1400px) 100vw, 1400px\" \/><\/a>At Hans Ejner Bertelsen skulle arbejde ud fra personlige motiver, at han er uordentlig, at han bryder l\u00f8fter og holder vigtig viden for sig selv er simpelt hen ikke sandt!<\/p>\n<p>Han sl\u00e5r ikke ud med armene og siger: Lev med det, som Mette Frederiksen p\u00e5 arrogant og nonchalant vis gjorde p\u00e5 et pressem\u00f8de.<\/p>\n<p>Han tager fat. Han lever p\u00e5, med og for Mors og han skaber resultater.<\/p>\n<hr \/>\n<p><em><a href=\"https:\/\/www.sparv.dk\/\"><img loading=\"lazy\" decoding=\"async\" class=\"alignleft size-full wp-image-46602\" src=\"https:\/\/kunmedierne.dk\/mors\/wp-content\/uploads\/2021\/06\/t11.jpg\" alt=\"\" width=\"1400\" height=\"125\" srcset=\"https:\/\/kunmedierne.dk\/mors\/wp-content\/uploads\/2021\/06\/t11.jpg 1400w, https:\/\/kunmedierne.dk\/mors\/wp-content\/uploads\/2021\/06\/t11-300x27.jpg 300w, https:\/\/kunmedierne.dk\/mors\/wp-content\/uploads\/2021\/06\/t11-1024x91.jpg 1024w, https:\/\/kunmedierne.dk\/mors\/wp-content\/uploads\/2021\/06\/t11-768x69.jpg 768w, https:\/\/kunmedierne.dk\/mors\/wp-content\/uploads\/2021\/06\/t11-600x54.jpg 600w\" sizes=\"auto, (max-width: 1400px) 100vw, 1400px\" \/><\/a>Har du et bidrag til den lokale debat? Send det til os p\u00e5 e-mail: debat@kunmedierne.dk\/mors. Husk at l\u00e6se korrektur inden afsendelse p\u00e5 indl\u00e6gget.<\/em><\/p>\n<blockquote>\n<h5>F\u00e5 dagens nyheder om Mors direkte i din mailboks. Tilmeld dig vores gratis nyhedsbrev nederst p\u00e5 siden. S\u00e5 f\u00e5r du KunMors som en lokal avis \u2013 alle ugens dage \u00e5ret rundt.<\/h5>\n<\/blockquote>\n","protected":false},"excerpt":{"rendered":"<p>Debatindl\u00e6g af Henrik Jensen og Hanne Haldrup, medlemmer af kommunalbestyrelsen for Venstre: MORS:\u00a0I dette indl\u00e6g, skriver vi ikke som medlemmer af kommunalbestyrelsen, men som borgere p\u00e5 Mors. I den seneste tid har der i l\u00e6serbreve v\u00e6ret fremsat tvivl ved borgmester Hans Ejner Bertelsens motiver og ordentlighed, ligesom der n\u00e6vnes s\u00e5vel l\u00f8ftebrud som fortielse i forbindelse [&hellip;]<\/p>\n","protected":false},"author":11,"featured_media":56912,"comment_status":"open","ping_status":"open","sticky":false,"template":"","format":"standard","meta":{"_acf_changed":false,"footnotes":""},"categories":[56],"tags":[167],"class_list":["post-56911","post","type-post","status-publish","format-standard","has-post-thumbnail","hentry","category-debat","tag-politik"],"acf":[],"yoast_head":"<!-- This site is optimized with the Yoast SEO plugin v26.8 - https:\/\/yoast.com\/product\/yoast-seo-wordpress\/ -->\n<title>- Valgkampen spidser til... - Mors<\/title>\n<meta name=\"robots\" content=\"index, follow, max-snippet:-1, max-image-preview:large, max-video-preview:-1\" \/>\n<link rel=\"canonical\" href=\"https:\/\/kunmedierne.dk\/mors\/valgkampen-spidser-til\/\" \/>\n<meta property=\"og:locale\" content=\"da_DK\" \/>\n<meta property=\"og:type\" content=\"article\" \/>\n<meta property=\"og:title\" content=\"- Valgkampen spidser til... - Mors\" \/>\n<meta property=\"og:description\" content=\"Debatindl\u00e6g af Henrik Jensen og Hanne Haldrup, medlemmer af kommunalbestyrelsen for Venstre: MORS:\u00a0I dette indl\u00e6g, skriver vi ikke som medlemmer af kommunalbestyrelsen, men som borgere p\u00e5 Mors. I den seneste tid har der i l\u00e6serbreve v\u00e6ret fremsat tvivl ved borgmester Hans Ejner Bertelsens motiver og ordentlighed, ligesom der n\u00e6vnes s\u00e5vel l\u00f8ftebrud som fortielse i forbindelse [&hellip;]\" \/>\n<meta property=\"og:url\" content=\"https:\/\/kunmedierne.dk\/mors\/valgkampen-spidser-til\/\" \/>\n<meta property=\"og:site_name\" content=\"Mors\" \/>\n<meta property=\"article:published_time\" content=\"2021-11-09T19:20:58+00:00\" \/>\n<meta property=\"article:modified_time\" content=\"2024-08-12T11:35:53+00:00\" \/>\n<meta property=\"og:image\" content=\"https:\/\/kunmedierne.dk\/mors\/wp-content\/uploads\/2021\/11\/debat-jensen-haldrup.jpg\" \/>\n\t<meta property=\"og:image:width\" content=\"770\" \/>\n\t<meta property=\"og:image:height\" content=\"513\" \/>\n\t<meta property=\"og:image:type\" content=\"image\/jpeg\" \/>\n<meta name=\"author\" content=\"Debat\" \/>\n<meta name=\"twitter:card\" content=\"summary_large_image\" \/>\n<meta name=\"twitter:label1\" content=\"Skrevet af\" \/>\n\t<meta name=\"twitter:data1\" content=\"Debat\" \/>\n\t<meta name=\"twitter:label2\" content=\"Estimeret l\u00e6setid\" \/>\n\t<meta name=\"twitter:data2\" content=\"3 minutter\" \/>\n<script type=\"application\/ld+json\" class=\"yoast-schema-graph\">{\"@context\":\"https:\/\/schema.org\",\"@graph\":[{\"@type\":\"Article\",\"@id\":\"https:\/\/kunmedierne.dk\/mors\/valgkampen-spidser-til\/#article\",\"isPartOf\":{\"@id\":\"https:\/\/kunmedierne.dk\/mors\/valgkampen-spidser-til\/\"},\"author\":{\"name\":\"Debat\",\"@id\":\"https:\/\/kunmedierne.dk\/mors\/#\/schema\/person\/84c1391bce0b43b9bb3a49736bc0ad78\"},\"headline\":\"&#8211; Valgkampen spidser til&#8230;\",\"datePublished\":\"2021-11-09T19:20:58+00:00\",\"dateModified\":\"2024-08-12T11:35:53+00:00\",\"mainEntityOfPage\":{\"@id\":\"https:\/\/kunmedierne.dk\/mors\/valgkampen-spidser-til\/\"},\"wordCount\":360,\"commentCount\":0,\"publisher\":{\"@id\":\"https:\/\/kunmedierne.dk\/mors\/#organization\"},\"image\":{\"@id\":\"https:\/\/kunmedierne.dk\/mors\/valgkampen-spidser-til\/#primaryimage\"},\"thumbnailUrl\":\"https:\/\/kunmedierne.dk\/mors\/wp-content\/uploads\/2021\/11\/debat-jensen-haldrup.jpg\",\"keywords\":[\"Politik\"],\"articleSection\":[\"Debat\"],\"inLanguage\":\"da-DK\",\"potentialAction\":[{\"@type\":\"CommentAction\",\"name\":\"Comment\",\"target\":[\"https:\/\/kunmedierne.dk\/mors\/valgkampen-spidser-til\/#respond\"]}]},{\"@type\":\"WebPage\",\"@id\":\"https:\/\/kunmedierne.dk\/mors\/valgkampen-spidser-til\/\",\"url\":\"https:\/\/kunmedierne.dk\/mors\/valgkampen-spidser-til\/\",\"name\":\"- Valgkampen spidser til... - Mors\",\"isPartOf\":{\"@id\":\"https:\/\/kunmedierne.dk\/mors\/#website\"},\"primaryImageOfPage\":{\"@id\":\"https:\/\/kunmedierne.dk\/mors\/valgkampen-spidser-til\/#primaryimage\"},\"image\":{\"@id\":\"https:\/\/kunmedierne.dk\/mors\/valgkampen-spidser-til\/#primaryimage\"},\"thumbnailUrl\":\"https:\/\/kunmedierne.dk\/mors\/wp-content\/uploads\/2021\/11\/debat-jensen-haldrup.jpg\",\"datePublished\":\"2021-11-09T19:20:58+00:00\",\"dateModified\":\"2024-08-12T11:35:53+00:00\",\"breadcrumb\":{\"@id\":\"https:\/\/kunmedierne.dk\/mors\/valgkampen-spidser-til\/#breadcrumb\"},\"inLanguage\":\"da-DK\",\"potentialAction\":[{\"@type\":\"ReadAction\",\"target\":[\"https:\/\/kunmedierne.dk\/mors\/valgkampen-spidser-til\/\"]}]},{\"@type\":\"ImageObject\",\"inLanguage\":\"da-DK\",\"@id\":\"https:\/\/kunmedierne.dk\/mors\/valgkampen-spidser-til\/#primaryimage\",\"url\":\"https:\/\/kunmedierne.dk\/mors\/wp-content\/uploads\/2021\/11\/debat-jensen-haldrup.jpg\",\"contentUrl\":\"https:\/\/kunmedierne.dk\/mors\/wp-content\/uploads\/2021\/11\/debat-jensen-haldrup.jpg\",\"width\":770,\"height\":513,\"caption\":\"Henrik Jensen og Hanne Haldrup, medlemmer af kommunalbestyrelsen for Venstre. Foto: Mors\u00f8 Kommune\"},{\"@type\":\"BreadcrumbList\",\"@id\":\"https:\/\/kunmedierne.dk\/mors\/valgkampen-spidser-til\/#breadcrumb\",\"itemListElement\":[{\"@type\":\"ListItem\",\"position\":1,\"name\":\"Hjem\",\"item\":\"https:\/\/kunmedierne.dk\/mors\/\"},{\"@type\":\"ListItem\",\"position\":2,\"name\":\"&#8211; Valgkampen spidser til&#8230;\"}]},{\"@type\":\"WebSite\",\"@id\":\"https:\/\/kunmedierne.dk\/mors\/#website\",\"url\":\"https:\/\/kunmedierne.dk\/mors\/\",\"name\":\"Mors\",\"description\":\"et netmedie med journalistik om livet p\u00e5 Mors\",\"publisher\":{\"@id\":\"https:\/\/kunmedierne.dk\/mors\/#organization\"},\"potentialAction\":[{\"@type\":\"SearchAction\",\"target\":{\"@type\":\"EntryPoint\",\"urlTemplate\":\"https:\/\/kunmedierne.dk\/mors\/?s={search_term_string}\"},\"query-input\":{\"@type\":\"PropertyValueSpecification\",\"valueRequired\":true,\"valueName\":\"search_term_string\"}}],\"inLanguage\":\"da-DK\"},{\"@type\":\"Organization\",\"@id\":\"https:\/\/kunmedierne.dk\/mors\/#organization\",\"name\":\"Mors\",\"url\":\"https:\/\/kunmedierne.dk\/mors\/\",\"logo\":{\"@type\":\"ImageObject\",\"inLanguage\":\"da-DK\",\"@id\":\"https:\/\/kunmedierne.dk\/mors\/#\/schema\/logo\/image\/\",\"url\":\"https:\/\/kunmedierne.dk\/mors\/wp-content\/uploads\/2024\/08\/kunmors-logo.svg\",\"contentUrl\":\"https:\/\/kunmedierne.dk\/mors\/wp-content\/uploads\/2024\/08\/kunmors-logo.svg\",\"caption\":\"Mors\"},\"image\":{\"@id\":\"https:\/\/kunmedierne.dk\/mors\/#\/schema\/logo\/image\/\"}},{\"@type\":\"Person\",\"@id\":\"https:\/\/kunmedierne.dk\/mors\/#\/schema\/person\/84c1391bce0b43b9bb3a49736bc0ad78\",\"name\":\"Debat\",\"image\":{\"@type\":\"ImageObject\",\"inLanguage\":\"da-DK\",\"@id\":\"https:\/\/kunmedierne.dk\/mors\/#\/schema\/person\/image\/\",\"url\":\"https:\/\/secure.gravatar.com\/avatar\/b0fb2e221d618f7c65162ab0d49c7e8a0b580c871ca03af90e42b47b4150654c?s=96&d=mm&r=g\",\"contentUrl\":\"https:\/\/secure.gravatar.com\/avatar\/b0fb2e221d618f7c65162ab0d49c7e8a0b580c871ca03af90e42b47b4150654c?s=96&d=mm&r=g\",\"caption\":\"Debat\"},\"url\":\"https:\/\/kunmedierne.dk\/mors\/author\/debat\/\"}]}<\/script>\n<!-- \/ Yoast SEO plugin. -->","yoast_head_json":{"title":"- Valgkampen spidser til... - Mors","robots":{"index":"index","follow":"follow","max-snippet":"max-snippet:-1","max-image-preview":"max-image-preview:large","max-video-preview":"max-video-preview:-1"},"canonical":"https:\/\/kunmedierne.dk\/mors\/valgkampen-spidser-til\/","og_locale":"da_DK","og_type":"article","og_title":"- Valgkampen spidser til... - Mors","og_description":"Debatindl\u00e6g af Henrik Jensen og Hanne Haldrup, medlemmer af kommunalbestyrelsen for Venstre: MORS:\u00a0I dette indl\u00e6g, skriver vi ikke som medlemmer af kommunalbestyrelsen, men som borgere p\u00e5 Mors. I den seneste tid har der i l\u00e6serbreve v\u00e6ret fremsat tvivl ved borgmester Hans Ejner Bertelsens motiver og ordentlighed, ligesom der n\u00e6vnes s\u00e5vel l\u00f8ftebrud som fortielse i forbindelse [&hellip;]","og_url":"https:\/\/kunmedierne.dk\/mors\/valgkampen-spidser-til\/","og_site_name":"Mors","article_published_time":"2021-11-09T19:20:58+00:00","article_modified_time":"2024-08-12T11:35:53+00:00","og_image":[{"width":770,"height":513,"url":"https:\/\/kunmedierne.dk\/mors\/wp-content\/uploads\/2021\/11\/debat-jensen-haldrup.jpg","type":"image\/jpeg"}],"author":"Debat","twitter_card":"summary_large_image","twitter_misc":{"Skrevet af":"Debat","Estimeret l\u00e6setid":"3 minutter"},"schema":{"@context":"https:\/\/schema.org","@graph":[{"@type":"Article","@id":"https:\/\/kunmedierne.dk\/mors\/valgkampen-spidser-til\/#article","isPartOf":{"@id":"https:\/\/kunmedierne.dk\/mors\/valgkampen-spidser-til\/"},"author":{"name":"Debat","@id":"https:\/\/kunmedierne.dk\/mors\/#\/schema\/person\/84c1391bce0b43b9bb3a49736bc0ad78"},"headline":"&#8211; Valgkampen spidser til&#8230;","datePublished":"2021-11-09T19:20:58+00:00","dateModified":"2024-08-12T11:35:53+00:00","mainEntityOfPage":{"@id":"https:\/\/kunmedierne.dk\/mors\/valgkampen-spidser-til\/"},"wordCount":360,"commentCount":0,"publisher":{"@id":"https:\/\/kunmedierne.dk\/mors\/#organization"},"image":{"@id":"https:\/\/kunmedierne.dk\/mors\/valgkampen-spidser-til\/#primaryimage"},"thumbnailUrl":"https:\/\/kunmedierne.dk\/mors\/wp-content\/uploads\/2021\/11\/debat-jensen-haldrup.jpg","keywords":["Politik"],"articleSection":["Debat"],"inLanguage":"da-DK","potentialAction":[{"@type":"CommentAction","name":"Comment","target":["https:\/\/kunmedierne.dk\/mors\/valgkampen-spidser-til\/#respond"]}]},{"@type":"WebPage","@id":"https:\/\/kunmedierne.dk\/mors\/valgkampen-spidser-til\/","url":"https:\/\/kunmedierne.dk\/mors\/valgkampen-spidser-til\/","name":"- Valgkampen spidser til... - Mors","isPartOf":{"@id":"https:\/\/kunmedierne.dk\/mors\/#website"},"primaryImageOfPage":{"@id":"https:\/\/kunmedierne.dk\/mors\/valgkampen-spidser-til\/#primaryimage"},"image":{"@id":"https:\/\/kunmedierne.dk\/mors\/valgkampen-spidser-til\/#primaryimage"},"thumbnailUrl":"https:\/\/kunmedierne.dk\/mors\/wp-content\/uploads\/2021\/11\/debat-jensen-haldrup.jpg","datePublished":"2021-11-09T19:20:58+00:00","dateModified":"2024-08-12T11:35:53+00:00","breadcrumb":{"@id":"https:\/\/kunmedierne.dk\/mors\/valgkampen-spidser-til\/#breadcrumb"},"inLanguage":"da-DK","potentialAction":[{"@type":"ReadAction","target":["https:\/\/kunmedierne.dk\/mors\/valgkampen-spidser-til\/"]}]},{"@type":"ImageObject","inLanguage":"da-DK","@id":"https:\/\/kunmedierne.dk\/mors\/valgkampen-spidser-til\/#primaryimage","url":"https:\/\/kunmedierne.dk\/mors\/wp-content\/uploads\/2021\/11\/debat-jensen-haldrup.jpg","contentUrl":"https:\/\/kunmedierne.dk\/mors\/wp-content\/uploads\/2021\/11\/debat-jensen-haldrup.jpg","width":770,"height":513,"caption":"Henrik Jensen og Hanne Haldrup, medlemmer af kommunalbestyrelsen for Venstre. Foto: Mors\u00f8 Kommune"},{"@type":"BreadcrumbList","@id":"https:\/\/kunmedierne.dk\/mors\/valgkampen-spidser-til\/#breadcrumb","itemListElement":[{"@type":"ListItem","position":1,"name":"Hjem","item":"https:\/\/kunmedierne.dk\/mors\/"},{"@type":"ListItem","position":2,"name":"&#8211; Valgkampen spidser til&#8230;"}]},{"@type":"WebSite","@id":"https:\/\/kunmedierne.dk\/mors\/#website","url":"https:\/\/kunmedierne.dk\/mors\/","name":"Mors","description":"et netmedie med journalistik om livet p\u00e5 Mors","publisher":{"@id":"https:\/\/kunmedierne.dk\/mors\/#organization"},"potentialAction":[{"@type":"SearchAction","target":{"@type":"EntryPoint","urlTemplate":"https:\/\/kunmedierne.dk\/mors\/?s={search_term_string}"},"query-input":{"@type":"PropertyValueSpecification","valueRequired":true,"valueName":"search_term_string"}}],"inLanguage":"da-DK"},{"@type":"Organization","@id":"https:\/\/kunmedierne.dk\/mors\/#organization","name":"Mors","url":"https:\/\/kunmedierne.dk\/mors\/","logo":{"@type":"ImageObject","inLanguage":"da-DK","@id":"https:\/\/kunmedierne.dk\/mors\/#\/schema\/logo\/image\/","url":"https:\/\/kunmedierne.dk\/mors\/wp-content\/uploads\/2024\/08\/kunmors-logo.svg","contentUrl":"https:\/\/kunmedierne.dk\/mors\/wp-content\/uploads\/2024\/08\/kunmors-logo.svg","caption":"Mors"},"image":{"@id":"https:\/\/kunmedierne.dk\/mors\/#\/schema\/logo\/image\/"}},{"@type":"Person","@id":"https:\/\/kunmedierne.dk\/mors\/#\/schema\/person\/84c1391bce0b43b9bb3a49736bc0ad78","name":"Debat","image":{"@type":"ImageObject","inLanguage":"da-DK","@id":"https:\/\/kunmedierne.dk\/mors\/#\/schema\/person\/image\/","url":"https:\/\/secure.gravatar.com\/avatar\/b0fb2e221d618f7c65162ab0d49c7e8a0b580c871ca03af90e42b47b4150654c?s=96&d=mm&r=g","contentUrl":"https:\/\/secure.gravatar.com\/avatar\/b0fb2e221d618f7c65162ab0d49c7e8a0b580c871ca03af90e42b47b4150654c?s=96&d=mm&r=g","caption":"Debat"},"url":"https:\/\/kunmedierne.dk\/mors\/author\/debat\/"}]}},"_links":{"self":[{"href":"https:\/\/kunmedierne.dk\/mors\/wp-json\/wp\/v2\/posts\/56911","targetHints":{"allow":["GET"]}}],"collection":[{"href":"https:\/\/kunmedierne.dk\/mors\/wp-json\/wp\/v2\/posts"}],"about":[{"href":"https:\/\/kunmedierne.dk\/mors\/wp-json\/wp\/v2\/types\/post"}],"author":[{"embeddable":true,"href":"https:\/\/kunmedierne.dk\/mors\/wp-json\/wp\/v2\/users\/11"}],"replies":[{"embeddable":true,"href":"https:\/\/kunmedierne.dk\/mors\/wp-json\/wp\/v2\/comments?post=56911"}],"version-history":[{"count":2,"href":"https:\/\/kunmedierne.dk\/mors\/wp-json\/wp\/v2\/posts\/56911\/revisions"}],"predecessor-version":[{"id":56914,"href":"https:\/\/kunmedierne.dk\/mors\/wp-json\/wp\/v2\/posts\/56911\/revisions\/56914"}],"wp:featuredmedia":[{"embeddable":true,"href":"https:\/\/kunmedierne.dk\/mors\/wp-json\/wp\/v2\/media\/56912"}],"wp:attachment":[{"href":"https:\/\/kunmedierne.dk\/mors\/wp-json\/wp\/v2\/media?parent=56911"}],"wp:term":[{"taxonomy":"category","embeddable":true,"href":"https:\/\/kunmedierne.dk\/mors\/wp-json\/wp\/v2\/categories?post=56911"},{"taxonomy":"post_tag","embeddable":true,"href":"https:\/\/kunmedierne.dk\/mors\/wp-json\/wp\/v2\/tags?post=56911"}],"curies":[{"name":"wp","href":"https:\/\/api.w.org\/{rel}","templated":true}]}}