{"id":56909,"date":"2021-11-09T20:08:31","date_gmt":"2021-11-09T19:08:31","guid":{"rendered":"https:\/\/kunmedierne.dk\/mors\/?p=56909"},"modified":"2024-08-12T13:35:53","modified_gmt":"2024-08-12T11:35:53","slug":"det-vil-demokratisk-balance","status":"publish","type":"post","link":"https:\/\/kunmedierne.dk\/mors\/det-vil-demokratisk-balance\/","title":{"rendered":"&#8211; Det vil Demokratisk Balance"},"content":{"rendered":"<p><em>Debatindl\u00e6g af Ellen Philipsen Dahl, formand for besk\u00e6ftigelses- og erhvervsudvalget og kandidat for Demokratisk Balance ved Kommunalvalg 2021:<\/em><\/p>\n<hr \/>\n<p><strong>MORS<\/strong>:\u00a0Endnu mere og bedre trivsel og velf\u00e6rd \u2013 ligesom alle andre opstillede partier!<\/p>\n<p>Og det er helt uomtvisteligt en meget stor og 100 procent kommunal opgave at tilvejebringe finansieringen til det.<\/p>\n<p>Lige pt. er vi her p\u00e5 Mors lige godt 20.000 borgere, hvoraf en stor del er udenfor arbejdsmarkedet. S\u00e5 opgaven, at tilvejebringe endnu flere midler til en \u00f8get velf\u00e6rd, ligger p\u00e5 alt for f\u00e5 skuldre.<\/p>\n<p>S\u00e5 helt sk\u00e5ret ind til benet handler det om \u00f8get bos\u00e6tning og f\u00e5 flere skattekroner i den kommunale kasse \u2013 det handler om, <strong><em>hvordan<\/em><\/strong> vi f\u00e5r flere fastboende, turister og virksomheder til \u00f8en?<\/p>\n<p>&nbsp;<\/p>\n<p><strong>Og hvordan g\u00f8r vi s\u00e5 det?<\/strong><\/p>\n<p>Hvis vi skal f\u00f8lge flere af de lokale partiers anbefalinger og visioner \u2013 ja s\u00e5 skal vi \u00e6ndre kurs ved at bremse investeringen i kultur og udviklingsprojekter og i stedet bruge alle vores kommunale kroner p\u00e5 at opnormere det kommunale velf\u00e6rdsbudget. En umiddelbart sympatisk tanke \u2013 men desv\u00e6rre visionsl\u00f8s, urealistisk og ikke mindst ultrakortsigtet.<\/p>\n<p><a href=\"https:\/\/www.sparnord.dk\/filialer\/nykoebing-mors\/\"><img loading=\"lazy\" decoding=\"async\" class=\"alignleft size-full wp-image-46595\" src=\"https:\/\/kunmedierne.dk\/mors\/wp-content\/uploads\/2021\/06\/t04.jpg\" alt=\"\" width=\"1400\" height=\"123\" srcset=\"https:\/\/kunmedierne.dk\/mors\/wp-content\/uploads\/2021\/06\/t04.jpg 1400w, https:\/\/kunmedierne.dk\/mors\/wp-content\/uploads\/2021\/06\/t04-300x26.jpg 300w, https:\/\/kunmedierne.dk\/mors\/wp-content\/uploads\/2021\/06\/t04-1024x90.jpg 1024w, https:\/\/kunmedierne.dk\/mors\/wp-content\/uploads\/2021\/06\/t04-768x67.jpg 768w, https:\/\/kunmedierne.dk\/mors\/wp-content\/uploads\/2021\/06\/t04-600x53.jpg 600w\" sizes=\"auto, (max-width: 1400px) 100vw, 1400px\" \/><\/a>Med det &#8211; desv\u00e6rre &#8211; begr\u00e6nsede \u00f8konomiske r\u00e5derum Mors\u00f8 kommune kan pr\u00e6stere lige pt., vil vi ikke &#8211; selv hvis vi fremadrettet konverterer de udviklingsmidler, som vi har investeret hidtil &#8211; kunne tilbyde en bedre velf\u00e6rd end langt de fleste af de omkringliggende, natursk\u00f8nne og sammenlignelige kommuner og dermed ikke p\u00e5 den front v\u00e6re specielt attraktiv. Derimod vil kassen lynhurtigt blive tom, og vi vil s\u00e5 blive n\u00f8dt til at finde nye besparelser!<\/p>\n<p>&nbsp;<\/p>\n<p><strong>Men hvordan s\u00e5?<\/strong><\/p>\n<p>Fakta er, at den udviklingsdagsorden Demokratisk Balance i de seneste 8 \u00e5r har arbejdet for, har virket.<\/p>\n<p>Vi ved, at en stor del af de nye borgere, der er kommet til \u00f8en de senere \u00e5r, er kommet p\u00e5 grund af de unikke potentialer, vi har investeret i udviklingen af.<\/p>\n<p>Den udvikling vil vi i Demokratisk Balance forts\u00e6tte og udbygge \u2013 for ad <strong><em>den<\/em><\/strong> vej at skaffe financieringen til endnu bedre velf\u00e6rd for os, der bor her.<\/p>\n<p><a href=\"http:\/\/www.limfjordsteatret.dk\/#front\"><img loading=\"lazy\" decoding=\"async\" class=\"alignleft size-full wp-image-46596\" src=\"https:\/\/kunmedierne.dk\/mors\/wp-content\/uploads\/2021\/06\/t05.jpg\" alt=\"\" width=\"1400\" height=\"125\" srcset=\"https:\/\/kunmedierne.dk\/mors\/wp-content\/uploads\/2021\/06\/t05.jpg 1400w, https:\/\/kunmedierne.dk\/mors\/wp-content\/uploads\/2021\/06\/t05-300x27.jpg 300w, https:\/\/kunmedierne.dk\/mors\/wp-content\/uploads\/2021\/06\/t05-1024x91.jpg 1024w, https:\/\/kunmedierne.dk\/mors\/wp-content\/uploads\/2021\/06\/t05-768x69.jpg 768w, https:\/\/kunmedierne.dk\/mors\/wp-content\/uploads\/2021\/06\/t05-600x54.jpg 600w\" sizes=\"auto, (max-width: 1400px) 100vw, 1400px\" \/><\/a>Vi vil arbejde p\u00e5, at en ambiti\u00f8s udviklingsdagsorden skal v\u00e6re fundamentet for bedre velf\u00e6rd for alle b\u00f8rn, unge og \u00e6ldre.<\/p>\n<p>Vi vil etablere gr\u00f8nne og b\u00e6redygtige boligtyper\/generationsf\u00e6llesskaber omkring de smukke v\u00e5domr\u00e5der,<\/p>\n<p>Vi vil underst\u00f8tte det k\u00e6mpe turismem\u00e6ssige potentiale, \u00f8en allerede har, ved at udl\u00e6gge nye sommerhusomr\u00e5der med gr\u00f8nt og b\u00e6redygtigt byggeri, selvf\u00f8lgelig underlagt en stram lokalplan, der sikrer en n\u00e6nsom og smuk tilpasning i den omkringliggende natur.<\/p>\n<p>Vi vil etablere Danmarks smukkest beliggende, byn\u00e6re, rekreative omr\u00e5de med camping, fritidsliv og wellness p\u00e5 \u00d8rodde, s\u00e5 vi kan bibeholde en g\u00e5gade med sp\u00e6ndende butikker og fantastiske events, der tiltr\u00e6kker masser af turister \u00e5ret rundt.<\/p>\n<p><a href=\"https:\/\/www.braendselsforeningen.dk\/\"><img loading=\"lazy\" decoding=\"async\" class=\"alignleft size-full wp-image-46597\" src=\"https:\/\/kunmedierne.dk\/mors\/wp-content\/uploads\/2021\/06\/t06.jpg\" alt=\"\" width=\"1425\" height=\"127\" srcset=\"https:\/\/kunmedierne.dk\/mors\/wp-content\/uploads\/2021\/06\/t06.jpg 1425w, https:\/\/kunmedierne.dk\/mors\/wp-content\/uploads\/2021\/06\/t06-300x27.jpg 300w, https:\/\/kunmedierne.dk\/mors\/wp-content\/uploads\/2021\/06\/t06-1024x91.jpg 1024w, https:\/\/kunmedierne.dk\/mors\/wp-content\/uploads\/2021\/06\/t06-768x68.jpg 768w, https:\/\/kunmedierne.dk\/mors\/wp-content\/uploads\/2021\/06\/t06-600x53.jpg 600w\" sizes=\"auto, (max-width: 1425px) 100vw, 1425px\" \/><\/a>Vi vil tage fat \u2013 med handling og omstilling \u2013 p\u00e5 en ambiti\u00f8s, gr\u00f8n klimadagsorden. Vi vil oms\u00e6tte og implementere de 17 verdensm\u00e5l p\u00e5 praksisniveau.<\/p>\n<p>Og s\u00e5 vil vi investere i og brande det unikke, som andre kommuner <strong><em>ikke<\/em><\/strong> har:<\/p>\n<p>Danmarks Skaldyrshovedstad, Kulturm\u00f8det, Molermuseet og det kommende Oplevelses- og S\u00f8sportscenter. I et frugtbart samarbejde med Destination Limfjord og Thy kan vi blive Danmarks kulturelle og maritime kraftcenter. Det vil ikke kun skabe flere turister og dermed langt flere kultur- og turismerelaterede arbejdspladser &#8211; det vil sammen med Gymnasiets drama\/musik linje, Limfjordsteatret, H\u00f8jskolen Mors, Sportscollege, Mors\/Thy H\u00e5ndbold, Nordic Food College ogs\u00e5 v\u00e6re med til at tiltr\u00e6kke endnu flere fastboende unge, \u00e6ldre og familier til \u00f8en.<\/p>\n<p><a href=\"https:\/\/morsoe-begravelsesforretning.dk\/\"><img loading=\"lazy\" decoding=\"async\" class=\"alignleft size-full wp-image-46598\" src=\"https:\/\/kunmedierne.dk\/mors\/wp-content\/uploads\/2021\/06\/t07.jpg\" alt=\"\" width=\"1425\" height=\"127\" srcset=\"https:\/\/kunmedierne.dk\/mors\/wp-content\/uploads\/2021\/06\/t07.jpg 1425w, https:\/\/kunmedierne.dk\/mors\/wp-content\/uploads\/2021\/06\/t07-300x27.jpg 300w, https:\/\/kunmedierne.dk\/mors\/wp-content\/uploads\/2021\/06\/t07-1024x91.jpg 1024w, https:\/\/kunmedierne.dk\/mors\/wp-content\/uploads\/2021\/06\/t07-768x68.jpg 768w, https:\/\/kunmedierne.dk\/mors\/wp-content\/uploads\/2021\/06\/t07-600x53.jpg 600w\" sizes=\"auto, (max-width: 1425px) 100vw, 1425px\" \/><\/a>Disse tiltag vil i mods\u00e6tning til en nu og her opnormering af de kommunale budgetter \u2013 kunne medfinansieres af erhvervslivet og fonde. Det vil sige, at vi kan geare de kommunale midler med udefrakommende midler s\u00e5 2+2 bliver mindst 5 og derved skaffe et st\u00f8rre kommunalt r\u00e5derum.<\/p>\n<p>Endelig er det en m\u00e6rkesag for Demokratisk Balance at arbejde m\u00e5lrettet p\u00e5, at ALLE unge \u2013 og is\u00e6r dem som kr\u00e6ver en ekstra indsats &#8211; hj\u00e6lpes til at blive en aktiv og integreret del af samfundet, s\u00e5 de mange veldrevne virksomheder p\u00e5 Mors kan f\u00e5 den n\u00f8dvendige, kvalificerede og meget tiltr\u00e6ngte arbejdskraft.<\/p>\n<p>Er du enig i ovenst\u00e5ende \u2013 s\u00e5 s\u00e6t dit kryds den 16. november, ved Jens Hvid Skouboe, Anette Jensen eller Ellen Philipsen Dahl, p\u00e5 liste M \u2013 Demokratisk Balance.<\/p>\n<p><a href=\"https:\/\/www.sparthy.dk\/\"><img loading=\"lazy\" decoding=\"async\" class=\"alignleft size-full wp-image-46599\" src=\"https:\/\/kunmedierne.dk\/mors\/wp-content\/uploads\/2021\/06\/t08.jpg\" alt=\"\" width=\"1400\" height=\"125\" srcset=\"https:\/\/kunmedierne.dk\/mors\/wp-content\/uploads\/2021\/06\/t08.jpg 1400w, https:\/\/kunmedierne.dk\/mors\/wp-content\/uploads\/2021\/06\/t08-300x27.jpg 300w, https:\/\/kunmedierne.dk\/mors\/wp-content\/uploads\/2021\/06\/t08-1024x91.jpg 1024w, https:\/\/kunmedierne.dk\/mors\/wp-content\/uploads\/2021\/06\/t08-768x69.jpg 768w, https:\/\/kunmedierne.dk\/mors\/wp-content\/uploads\/2021\/06\/t08-600x54.jpg 600w\" sizes=\"auto, (max-width: 1400px) 100vw, 1400px\" \/><\/a><\/p>\n<hr \/>\n<p><em>Har du et bidrag til den lokale debat? Send det til os p\u00e5 e-mail: debat@kunmedierne.dk\/mors. Husk at l\u00e6se korrektur inden afsendelse p\u00e5 indl\u00e6gget.<\/em><\/p>\n<blockquote>\n<h5>F\u00e5 dagens nyheder om Mors direkte i din mailboks. Tilmeld dig vores gratis nyhedsbrev nederst p\u00e5 siden. S\u00e5 f\u00e5r du KunMors som en lokal avis \u2013 alle ugens dage \u00e5ret rundt.<\/h5>\n<\/blockquote>\n","protected":false},"excerpt":{"rendered":"<p>Debatindl\u00e6g af Ellen Philipsen Dahl, formand for besk\u00e6ftigelses- og erhvervsudvalget og kandidat for Demokratisk Balance ved Kommunalvalg 2021: MORS:\u00a0Endnu mere og bedre trivsel og velf\u00e6rd \u2013 ligesom alle andre opstillede partier! Og det er helt uomtvisteligt en meget stor og 100 procent kommunal opgave at tilvejebringe finansieringen til det. Lige pt. er vi her p\u00e5 [&hellip;]<\/p>\n","protected":false},"author":11,"featured_media":56098,"comment_status":"open","ping_status":"open","sticky":false,"template":"","format":"standard","meta":{"_acf_changed":false,"footnotes":""},"categories":[56],"tags":[167],"class_list":["post-56909","post","type-post","status-publish","format-standard","has-post-thumbnail","hentry","category-debat","tag-politik"],"acf":[],"yoast_head":"<!-- This site is optimized with the Yoast SEO plugin v26.8 - https:\/\/yoast.com\/product\/yoast-seo-wordpress\/ -->\n<title>- Det vil Demokratisk Balance - Mors<\/title>\n<meta name=\"robots\" content=\"index, follow, max-snippet:-1, max-image-preview:large, max-video-preview:-1\" \/>\n<link rel=\"canonical\" href=\"https:\/\/kunmedierne.dk\/mors\/det-vil-demokratisk-balance\/\" \/>\n<meta property=\"og:locale\" content=\"da_DK\" \/>\n<meta property=\"og:type\" content=\"article\" \/>\n<meta property=\"og:title\" content=\"- Det vil Demokratisk Balance - Mors\" \/>\n<meta property=\"og:description\" content=\"Debatindl\u00e6g af Ellen Philipsen Dahl, formand for besk\u00e6ftigelses- og erhvervsudvalget og kandidat for Demokratisk Balance ved Kommunalvalg 2021: MORS:\u00a0Endnu mere og bedre trivsel og velf\u00e6rd \u2013 ligesom alle andre opstillede partier! Og det er helt uomtvisteligt en meget stor og 100 procent kommunal opgave at tilvejebringe finansieringen til det. Lige pt. er vi her p\u00e5 [&hellip;]\" \/>\n<meta property=\"og:url\" content=\"https:\/\/kunmedierne.dk\/mors\/det-vil-demokratisk-balance\/\" \/>\n<meta property=\"og:site_name\" content=\"Mors\" \/>\n<meta property=\"article:published_time\" content=\"2021-11-09T19:08:31+00:00\" \/>\n<meta property=\"article:modified_time\" content=\"2024-08-12T11:35:53+00:00\" \/>\n<meta property=\"og:image\" content=\"https:\/\/kunmedierne.dk\/mors\/wp-content\/uploads\/2021\/10\/ellen-philipsen-dahl.jpg\" \/>\n\t<meta property=\"og:image:width\" content=\"770\" \/>\n\t<meta property=\"og:image:height\" content=\"513\" \/>\n\t<meta property=\"og:image:type\" content=\"image\/jpeg\" \/>\n<meta name=\"author\" content=\"Debat\" \/>\n<meta name=\"twitter:card\" content=\"summary_large_image\" \/>\n<meta name=\"twitter:label1\" content=\"Skrevet af\" \/>\n\t<meta name=\"twitter:data1\" content=\"Debat\" \/>\n\t<meta name=\"twitter:label2\" content=\"Estimeret l\u00e6setid\" \/>\n\t<meta name=\"twitter:data2\" content=\"5 minutter\" \/>\n<script type=\"application\/ld+json\" class=\"yoast-schema-graph\">{\"@context\":\"https:\/\/schema.org\",\"@graph\":[{\"@type\":\"Article\",\"@id\":\"https:\/\/kunmedierne.dk\/mors\/det-vil-demokratisk-balance\/#article\",\"isPartOf\":{\"@id\":\"https:\/\/kunmedierne.dk\/mors\/det-vil-demokratisk-balance\/\"},\"author\":{\"name\":\"Debat\",\"@id\":\"https:\/\/kunmedierne.dk\/mors\/#\/schema\/person\/84c1391bce0b43b9bb3a49736bc0ad78\"},\"headline\":\"&#8211; Det vil Demokratisk Balance\",\"datePublished\":\"2021-11-09T19:08:31+00:00\",\"dateModified\":\"2024-08-12T11:35:53+00:00\",\"mainEntityOfPage\":{\"@id\":\"https:\/\/kunmedierne.dk\/mors\/det-vil-demokratisk-balance\/\"},\"wordCount\":790,\"commentCount\":0,\"publisher\":{\"@id\":\"https:\/\/kunmedierne.dk\/mors\/#organization\"},\"image\":{\"@id\":\"https:\/\/kunmedierne.dk\/mors\/det-vil-demokratisk-balance\/#primaryimage\"},\"thumbnailUrl\":\"https:\/\/kunmedierne.dk\/mors\/wp-content\/uploads\/2021\/10\/ellen-philipsen-dahl.jpg\",\"keywords\":[\"Politik\"],\"articleSection\":[\"Debat\"],\"inLanguage\":\"da-DK\",\"potentialAction\":[{\"@type\":\"CommentAction\",\"name\":\"Comment\",\"target\":[\"https:\/\/kunmedierne.dk\/mors\/det-vil-demokratisk-balance\/#respond\"]}]},{\"@type\":\"WebPage\",\"@id\":\"https:\/\/kunmedierne.dk\/mors\/det-vil-demokratisk-balance\/\",\"url\":\"https:\/\/kunmedierne.dk\/mors\/det-vil-demokratisk-balance\/\",\"name\":\"- Det vil Demokratisk Balance - Mors\",\"isPartOf\":{\"@id\":\"https:\/\/kunmedierne.dk\/mors\/#website\"},\"primaryImageOfPage\":{\"@id\":\"https:\/\/kunmedierne.dk\/mors\/det-vil-demokratisk-balance\/#primaryimage\"},\"image\":{\"@id\":\"https:\/\/kunmedierne.dk\/mors\/det-vil-demokratisk-balance\/#primaryimage\"},\"thumbnailUrl\":\"https:\/\/kunmedierne.dk\/mors\/wp-content\/uploads\/2021\/10\/ellen-philipsen-dahl.jpg\",\"datePublished\":\"2021-11-09T19:08:31+00:00\",\"dateModified\":\"2024-08-12T11:35:53+00:00\",\"breadcrumb\":{\"@id\":\"https:\/\/kunmedierne.dk\/mors\/det-vil-demokratisk-balance\/#breadcrumb\"},\"inLanguage\":\"da-DK\",\"potentialAction\":[{\"@type\":\"ReadAction\",\"target\":[\"https:\/\/kunmedierne.dk\/mors\/det-vil-demokratisk-balance\/\"]}]},{\"@type\":\"ImageObject\",\"inLanguage\":\"da-DK\",\"@id\":\"https:\/\/kunmedierne.dk\/mors\/det-vil-demokratisk-balance\/#primaryimage\",\"url\":\"https:\/\/kunmedierne.dk\/mors\/wp-content\/uploads\/2021\/10\/ellen-philipsen-dahl.jpg\",\"contentUrl\":\"https:\/\/kunmedierne.dk\/mors\/wp-content\/uploads\/2021\/10\/ellen-philipsen-dahl.jpg\",\"width\":770,\"height\":513,\"caption\":\"Ellen Philipsen Dahl, Demokratisk Balance.\"},{\"@type\":\"BreadcrumbList\",\"@id\":\"https:\/\/kunmedierne.dk\/mors\/det-vil-demokratisk-balance\/#breadcrumb\",\"itemListElement\":[{\"@type\":\"ListItem\",\"position\":1,\"name\":\"Hjem\",\"item\":\"https:\/\/kunmedierne.dk\/mors\/\"},{\"@type\":\"ListItem\",\"position\":2,\"name\":\"&#8211; Det vil Demokratisk Balance\"}]},{\"@type\":\"WebSite\",\"@id\":\"https:\/\/kunmedierne.dk\/mors\/#website\",\"url\":\"https:\/\/kunmedierne.dk\/mors\/\",\"name\":\"Mors\",\"description\":\"et netmedie med journalistik om livet p\u00e5 Mors\",\"publisher\":{\"@id\":\"https:\/\/kunmedierne.dk\/mors\/#organization\"},\"potentialAction\":[{\"@type\":\"SearchAction\",\"target\":{\"@type\":\"EntryPoint\",\"urlTemplate\":\"https:\/\/kunmedierne.dk\/mors\/?s={search_term_string}\"},\"query-input\":{\"@type\":\"PropertyValueSpecification\",\"valueRequired\":true,\"valueName\":\"search_term_string\"}}],\"inLanguage\":\"da-DK\"},{\"@type\":\"Organization\",\"@id\":\"https:\/\/kunmedierne.dk\/mors\/#organization\",\"name\":\"Mors\",\"url\":\"https:\/\/kunmedierne.dk\/mors\/\",\"logo\":{\"@type\":\"ImageObject\",\"inLanguage\":\"da-DK\",\"@id\":\"https:\/\/kunmedierne.dk\/mors\/#\/schema\/logo\/image\/\",\"url\":\"https:\/\/kunmedierne.dk\/mors\/wp-content\/uploads\/2024\/08\/kunmors-logo.svg\",\"contentUrl\":\"https:\/\/kunmedierne.dk\/mors\/wp-content\/uploads\/2024\/08\/kunmors-logo.svg\",\"caption\":\"Mors\"},\"image\":{\"@id\":\"https:\/\/kunmedierne.dk\/mors\/#\/schema\/logo\/image\/\"}},{\"@type\":\"Person\",\"@id\":\"https:\/\/kunmedierne.dk\/mors\/#\/schema\/person\/84c1391bce0b43b9bb3a49736bc0ad78\",\"name\":\"Debat\",\"image\":{\"@type\":\"ImageObject\",\"inLanguage\":\"da-DK\",\"@id\":\"https:\/\/kunmedierne.dk\/mors\/#\/schema\/person\/image\/\",\"url\":\"https:\/\/secure.gravatar.com\/avatar\/b0fb2e221d618f7c65162ab0d49c7e8a0b580c871ca03af90e42b47b4150654c?s=96&d=mm&r=g\",\"contentUrl\":\"https:\/\/secure.gravatar.com\/avatar\/b0fb2e221d618f7c65162ab0d49c7e8a0b580c871ca03af90e42b47b4150654c?s=96&d=mm&r=g\",\"caption\":\"Debat\"},\"url\":\"https:\/\/kunmedierne.dk\/mors\/author\/debat\/\"}]}<\/script>\n<!-- \/ Yoast SEO plugin. -->","yoast_head_json":{"title":"- Det vil Demokratisk Balance - Mors","robots":{"index":"index","follow":"follow","max-snippet":"max-snippet:-1","max-image-preview":"max-image-preview:large","max-video-preview":"max-video-preview:-1"},"canonical":"https:\/\/kunmedierne.dk\/mors\/det-vil-demokratisk-balance\/","og_locale":"da_DK","og_type":"article","og_title":"- Det vil Demokratisk Balance - Mors","og_description":"Debatindl\u00e6g af Ellen Philipsen Dahl, formand for besk\u00e6ftigelses- og erhvervsudvalget og kandidat for Demokratisk Balance ved Kommunalvalg 2021: MORS:\u00a0Endnu mere og bedre trivsel og velf\u00e6rd \u2013 ligesom alle andre opstillede partier! Og det er helt uomtvisteligt en meget stor og 100 procent kommunal opgave at tilvejebringe finansieringen til det. Lige pt. er vi her p\u00e5 [&hellip;]","og_url":"https:\/\/kunmedierne.dk\/mors\/det-vil-demokratisk-balance\/","og_site_name":"Mors","article_published_time":"2021-11-09T19:08:31+00:00","article_modified_time":"2024-08-12T11:35:53+00:00","og_image":[{"width":770,"height":513,"url":"https:\/\/kunmedierne.dk\/mors\/wp-content\/uploads\/2021\/10\/ellen-philipsen-dahl.jpg","type":"image\/jpeg"}],"author":"Debat","twitter_card":"summary_large_image","twitter_misc":{"Skrevet af":"Debat","Estimeret l\u00e6setid":"5 minutter"},"schema":{"@context":"https:\/\/schema.org","@graph":[{"@type":"Article","@id":"https:\/\/kunmedierne.dk\/mors\/det-vil-demokratisk-balance\/#article","isPartOf":{"@id":"https:\/\/kunmedierne.dk\/mors\/det-vil-demokratisk-balance\/"},"author":{"name":"Debat","@id":"https:\/\/kunmedierne.dk\/mors\/#\/schema\/person\/84c1391bce0b43b9bb3a49736bc0ad78"},"headline":"&#8211; Det vil Demokratisk Balance","datePublished":"2021-11-09T19:08:31+00:00","dateModified":"2024-08-12T11:35:53+00:00","mainEntityOfPage":{"@id":"https:\/\/kunmedierne.dk\/mors\/det-vil-demokratisk-balance\/"},"wordCount":790,"commentCount":0,"publisher":{"@id":"https:\/\/kunmedierne.dk\/mors\/#organization"},"image":{"@id":"https:\/\/kunmedierne.dk\/mors\/det-vil-demokratisk-balance\/#primaryimage"},"thumbnailUrl":"https:\/\/kunmedierne.dk\/mors\/wp-content\/uploads\/2021\/10\/ellen-philipsen-dahl.jpg","keywords":["Politik"],"articleSection":["Debat"],"inLanguage":"da-DK","potentialAction":[{"@type":"CommentAction","name":"Comment","target":["https:\/\/kunmedierne.dk\/mors\/det-vil-demokratisk-balance\/#respond"]}]},{"@type":"WebPage","@id":"https:\/\/kunmedierne.dk\/mors\/det-vil-demokratisk-balance\/","url":"https:\/\/kunmedierne.dk\/mors\/det-vil-demokratisk-balance\/","name":"- Det vil Demokratisk Balance - Mors","isPartOf":{"@id":"https:\/\/kunmedierne.dk\/mors\/#website"},"primaryImageOfPage":{"@id":"https:\/\/kunmedierne.dk\/mors\/det-vil-demokratisk-balance\/#primaryimage"},"image":{"@id":"https:\/\/kunmedierne.dk\/mors\/det-vil-demokratisk-balance\/#primaryimage"},"thumbnailUrl":"https:\/\/kunmedierne.dk\/mors\/wp-content\/uploads\/2021\/10\/ellen-philipsen-dahl.jpg","datePublished":"2021-11-09T19:08:31+00:00","dateModified":"2024-08-12T11:35:53+00:00","breadcrumb":{"@id":"https:\/\/kunmedierne.dk\/mors\/det-vil-demokratisk-balance\/#breadcrumb"},"inLanguage":"da-DK","potentialAction":[{"@type":"ReadAction","target":["https:\/\/kunmedierne.dk\/mors\/det-vil-demokratisk-balance\/"]}]},{"@type":"ImageObject","inLanguage":"da-DK","@id":"https:\/\/kunmedierne.dk\/mors\/det-vil-demokratisk-balance\/#primaryimage","url":"https:\/\/kunmedierne.dk\/mors\/wp-content\/uploads\/2021\/10\/ellen-philipsen-dahl.jpg","contentUrl":"https:\/\/kunmedierne.dk\/mors\/wp-content\/uploads\/2021\/10\/ellen-philipsen-dahl.jpg","width":770,"height":513,"caption":"Ellen Philipsen Dahl, Demokratisk Balance."},{"@type":"BreadcrumbList","@id":"https:\/\/kunmedierne.dk\/mors\/det-vil-demokratisk-balance\/#breadcrumb","itemListElement":[{"@type":"ListItem","position":1,"name":"Hjem","item":"https:\/\/kunmedierne.dk\/mors\/"},{"@type":"ListItem","position":2,"name":"&#8211; Det vil Demokratisk Balance"}]},{"@type":"WebSite","@id":"https:\/\/kunmedierne.dk\/mors\/#website","url":"https:\/\/kunmedierne.dk\/mors\/","name":"Mors","description":"et netmedie med journalistik om livet p\u00e5 Mors","publisher":{"@id":"https:\/\/kunmedierne.dk\/mors\/#organization"},"potentialAction":[{"@type":"SearchAction","target":{"@type":"EntryPoint","urlTemplate":"https:\/\/kunmedierne.dk\/mors\/?s={search_term_string}"},"query-input":{"@type":"PropertyValueSpecification","valueRequired":true,"valueName":"search_term_string"}}],"inLanguage":"da-DK"},{"@type":"Organization","@id":"https:\/\/kunmedierne.dk\/mors\/#organization","name":"Mors","url":"https:\/\/kunmedierne.dk\/mors\/","logo":{"@type":"ImageObject","inLanguage":"da-DK","@id":"https:\/\/kunmedierne.dk\/mors\/#\/schema\/logo\/image\/","url":"https:\/\/kunmedierne.dk\/mors\/wp-content\/uploads\/2024\/08\/kunmors-logo.svg","contentUrl":"https:\/\/kunmedierne.dk\/mors\/wp-content\/uploads\/2024\/08\/kunmors-logo.svg","caption":"Mors"},"image":{"@id":"https:\/\/kunmedierne.dk\/mors\/#\/schema\/logo\/image\/"}},{"@type":"Person","@id":"https:\/\/kunmedierne.dk\/mors\/#\/schema\/person\/84c1391bce0b43b9bb3a49736bc0ad78","name":"Debat","image":{"@type":"ImageObject","inLanguage":"da-DK","@id":"https:\/\/kunmedierne.dk\/mors\/#\/schema\/person\/image\/","url":"https:\/\/secure.gravatar.com\/avatar\/b0fb2e221d618f7c65162ab0d49c7e8a0b580c871ca03af90e42b47b4150654c?s=96&d=mm&r=g","contentUrl":"https:\/\/secure.gravatar.com\/avatar\/b0fb2e221d618f7c65162ab0d49c7e8a0b580c871ca03af90e42b47b4150654c?s=96&d=mm&r=g","caption":"Debat"},"url":"https:\/\/kunmedierne.dk\/mors\/author\/debat\/"}]}},"_links":{"self":[{"href":"https:\/\/kunmedierne.dk\/mors\/wp-json\/wp\/v2\/posts\/56909","targetHints":{"allow":["GET"]}}],"collection":[{"href":"https:\/\/kunmedierne.dk\/mors\/wp-json\/wp\/v2\/posts"}],"about":[{"href":"https:\/\/kunmedierne.dk\/mors\/wp-json\/wp\/v2\/types\/post"}],"author":[{"embeddable":true,"href":"https:\/\/kunmedierne.dk\/mors\/wp-json\/wp\/v2\/users\/11"}],"replies":[{"embeddable":true,"href":"https:\/\/kunmedierne.dk\/mors\/wp-json\/wp\/v2\/comments?post=56909"}],"version-history":[{"count":1,"href":"https:\/\/kunmedierne.dk\/mors\/wp-json\/wp\/v2\/posts\/56909\/revisions"}],"predecessor-version":[{"id":56910,"href":"https:\/\/kunmedierne.dk\/mors\/wp-json\/wp\/v2\/posts\/56909\/revisions\/56910"}],"wp:featuredmedia":[{"embeddable":true,"href":"https:\/\/kunmedierne.dk\/mors\/wp-json\/wp\/v2\/media\/56098"}],"wp:attachment":[{"href":"https:\/\/kunmedierne.dk\/mors\/wp-json\/wp\/v2\/media?parent=56909"}],"wp:term":[{"taxonomy":"category","embeddable":true,"href":"https:\/\/kunmedierne.dk\/mors\/wp-json\/wp\/v2\/categories?post=56909"},{"taxonomy":"post_tag","embeddable":true,"href":"https:\/\/kunmedierne.dk\/mors\/wp-json\/wp\/v2\/tags?post=56909"}],"curies":[{"name":"wp","href":"https:\/\/api.w.org\/{rel}","templated":true}]}}