{"id":56884,"date":"2021-11-09T14:32:39","date_gmt":"2021-11-09T13:32:39","guid":{"rendered":"https:\/\/kunmedierne.dk\/mors\/?p=56884"},"modified":"2024-08-12T13:35:53","modified_gmt":"2024-08-12T11:35:53","slug":"har-borgerne-ikke-ret-til-at-vide-hvad-de-stemmer-paa","status":"publish","type":"post","link":"https:\/\/kunmedierne.dk\/mors\/har-borgerne-ikke-ret-til-at-vide-hvad-de-stemmer-paa\/","title":{"rendered":"&#8211; Har borgerne ikke ret til at vide, hvad de stemmer p\u00e5?\u00a0"},"content":{"rendered":"<p><em>Debatindl\u00e6g af Anette Svindborg, medlem af kommunalbestyrelsen og kandidat for Dansk Folkeparti ved Kommunalvalg 2021:\u00a0<\/em><\/p>\n<hr \/>\n<p><strong>MORS<\/strong>:\u00a0Hvis Mors\u00f8 Kommunes kommunalbestyrelse bliver spurgt, om vi vil have et udrejsecenter p\u00e5 Mors, hvad vil du s\u00e5 stemme?<\/p>\n<p>Det sp\u00f8rgsm\u00e5l stillede min mand, Peter Svindborg, til de deltagende kandidater til valgdebatten i Sillerslev den 3\/11. Det var et ganske simpelt ja eller nej sp\u00f8rgsm\u00e5l, men ikke alle kunne give et svar\u2013 faktisk kunne kun fire ud af ni kandidater svare.<\/p>\n<p>Det blev et \u201dnej\u201d fra Dansk Folkeparti, Venstre og Nye Borgerlige, mens Enhedslisten svarede \u201dja tak\u201d. \u00a0Mere overraskende er manglen p\u00e5 svar fra Socialdemokraterne, Socialistisk Folkeparti, Radikale Venstre, Demokratisk Balance og Det Konservative Folkeparti.<\/p>\n<p><a href=\"https:\/\/www.braendselsforeningen.dk\/\"><img loading=\"lazy\" decoding=\"async\" class=\"alignleft size-full wp-image-46597\" src=\"https:\/\/kunmedierne.dk\/mors\/wp-content\/uploads\/2021\/06\/t06.jpg\" alt=\"\" width=\"1425\" height=\"127\" srcset=\"https:\/\/kunmedierne.dk\/mors\/wp-content\/uploads\/2021\/06\/t06.jpg 1425w, https:\/\/kunmedierne.dk\/mors\/wp-content\/uploads\/2021\/06\/t06-300x27.jpg 300w, https:\/\/kunmedierne.dk\/mors\/wp-content\/uploads\/2021\/06\/t06-1024x91.jpg 1024w, https:\/\/kunmedierne.dk\/mors\/wp-content\/uploads\/2021\/06\/t06-768x68.jpg 768w, https:\/\/kunmedierne.dk\/mors\/wp-content\/uploads\/2021\/06\/t06-600x53.jpg 600w\" sizes=\"auto, (max-width: 1425px) 100vw, 1425px\" \/><\/a><\/p>\n<p>Desv\u00e6rre blandende flere kandidater udrejsecenter sammen med flygtningecenter, og det er langt fra det samme. Et udrejsecenter er for dem, der skal forlade landet grundet afviste asylans\u00f8gninger, t\u00e5lt ophold eller udvisning ved dom. Jeg mener personligt, at det vil skabe utryghed p\u00e5 \u00f8en. Utrygheden ses ved f.eks.\u00a0Kj\u00e6rshovedg\u00e5rd\u00a0i Midtjylland, hvor der over sommeren blev indgivet 93 politianmeldelser og rejst 68 sigtelser knyttet til beboerne p\u00e5 udrejsecenteret.<\/p>\n<p>Tore\u00a0M\u00fcller (S) mente at sp\u00f8rgsm\u00e5let var hypotetisk, men her er jeg uenig. I maj blev planerne om et udrejsecenter p\u00e5 Langeland stoppet efter store protester. Dermed er det ikke ut\u00e6nkeligt, at man nu vil lede efter en ny placering. Det kan blive relevant at forholde sig til sp\u00f8rgsm\u00e5let, n\u00e5r man bor i en kommune med god plads og lav befolkningst\u00e6thed. Derfor mener jeg, at de opstillede skylder borgerne en udmelding, s\u00e5 man kan vide, hvad man stemmer p\u00e5.<\/p>\n<p><a href=\"https:\/\/morsoe-begravelsesforretning.dk\/\"><img loading=\"lazy\" decoding=\"async\" class=\"alignleft size-full wp-image-46598\" src=\"https:\/\/kunmedierne.dk\/mors\/wp-content\/uploads\/2021\/06\/t07.jpg\" alt=\"\" width=\"1425\" height=\"127\" srcset=\"https:\/\/kunmedierne.dk\/mors\/wp-content\/uploads\/2021\/06\/t07.jpg 1425w, https:\/\/kunmedierne.dk\/mors\/wp-content\/uploads\/2021\/06\/t07-300x27.jpg 300w, https:\/\/kunmedierne.dk\/mors\/wp-content\/uploads\/2021\/06\/t07-1024x91.jpg 1024w, https:\/\/kunmedierne.dk\/mors\/wp-content\/uploads\/2021\/06\/t07-768x68.jpg 768w, https:\/\/kunmedierne.dk\/mors\/wp-content\/uploads\/2021\/06\/t07-600x53.jpg 600w\" sizes=\"auto, (max-width: 1425px) 100vw, 1425px\" \/><\/a>I Dansk Folkeparti \u00f8nsker vi en \u00f8 med tryghed for borgerne, derfor giver vi et rungende \u201dnej tak\u201d. Vi \u00f8nsker ogs\u00e5, at folk skal have tillid til kommunalbestyrelsen, derfor vil b\u00e5de jeg selv og Peter gerne opfordre kandidaterne til at komme med deres svar.<\/p>\n<hr \/>\n<p><em>Har du et bidrag til den lokale debat? Send det til os p\u00e5 e-mail: debat@kunmedierne.dk\/mors. Husk at l\u00e6se korrektur inden afsendelse p\u00e5 indl\u00e6gget.<\/em><\/p>\n<blockquote>\n<h5>F\u00e5 dagens nyheder om Mors direkte i din mailboks. Tilmeld dig vores gratis nyhedsbrev nederst p\u00e5 siden. S\u00e5 f\u00e5r du KunMors som en lokal avis \u2013 alle ugens dage \u00e5ret rundt.<\/h5>\n<\/blockquote>\n<p>&nbsp;<\/p>\n<p>&nbsp;<\/p>\n","protected":false},"excerpt":{"rendered":"<p>Debatindl\u00e6g af Anette Svindborg, medlem af kommunalbestyrelsen og kandidat for Dansk Folkeparti ved Kommunalvalg 2021:\u00a0 MORS:\u00a0Hvis Mors\u00f8 Kommunes kommunalbestyrelse bliver spurgt, om vi vil have et udrejsecenter p\u00e5 Mors, hvad vil du s\u00e5 stemme? Det sp\u00f8rgsm\u00e5l stillede min mand, Peter Svindborg, til de deltagende kandidater til valgdebatten i Sillerslev den 3\/11. Det var et ganske [&hellip;]<\/p>\n","protected":false},"author":11,"featured_media":36990,"comment_status":"open","ping_status":"open","sticky":false,"template":"","format":"standard","meta":{"_acf_changed":false,"footnotes":""},"categories":[56],"tags":[167],"class_list":["post-56884","post","type-post","status-publish","format-standard","has-post-thumbnail","hentry","category-debat","tag-politik"],"acf":[],"yoast_head":"<!-- This site is optimized with the Yoast SEO plugin v26.8 - https:\/\/yoast.com\/product\/yoast-seo-wordpress\/ -->\n<title>- Har borgerne ikke ret til at vide, hvad de stemmer p\u00e5?\u00a0 - Mors<\/title>\n<meta name=\"robots\" content=\"index, follow, max-snippet:-1, max-image-preview:large, max-video-preview:-1\" \/>\n<link rel=\"canonical\" href=\"https:\/\/kunmedierne.dk\/mors\/har-borgerne-ikke-ret-til-at-vide-hvad-de-stemmer-paa\/\" \/>\n<meta property=\"og:locale\" content=\"da_DK\" \/>\n<meta property=\"og:type\" content=\"article\" \/>\n<meta property=\"og:title\" content=\"- Har borgerne ikke ret til at vide, hvad de stemmer p\u00e5?\u00a0 - Mors\" \/>\n<meta property=\"og:description\" content=\"Debatindl\u00e6g af Anette Svindborg, medlem af kommunalbestyrelsen og kandidat for Dansk Folkeparti ved Kommunalvalg 2021:\u00a0 MORS:\u00a0Hvis Mors\u00f8 Kommunes kommunalbestyrelse bliver spurgt, om vi vil have et udrejsecenter p\u00e5 Mors, hvad vil du s\u00e5 stemme? Det sp\u00f8rgsm\u00e5l stillede min mand, Peter Svindborg, til de deltagende kandidater til valgdebatten i Sillerslev den 3\/11. Det var et ganske [&hellip;]\" \/>\n<meta property=\"og:url\" content=\"https:\/\/kunmedierne.dk\/mors\/har-borgerne-ikke-ret-til-at-vide-hvad-de-stemmer-paa\/\" \/>\n<meta property=\"og:site_name\" content=\"Mors\" \/>\n<meta property=\"article:published_time\" content=\"2021-11-09T13:32:39+00:00\" \/>\n<meta property=\"article:modified_time\" content=\"2024-08-12T11:35:53+00:00\" \/>\n<meta property=\"og:image\" content=\"https:\/\/kunmedierne.dk\/mors\/wp-content\/uploads\/2020\/12\/0-debat-anette-svindborg-o.jpg\" \/>\n\t<meta property=\"og:image:width\" content=\"770\" \/>\n\t<meta property=\"og:image:height\" content=\"513\" \/>\n\t<meta property=\"og:image:type\" content=\"image\/jpeg\" \/>\n<meta name=\"author\" content=\"Debat\" \/>\n<meta name=\"twitter:card\" content=\"summary_large_image\" \/>\n<meta name=\"twitter:label1\" content=\"Skrevet af\" \/>\n\t<meta name=\"twitter:data1\" content=\"Debat\" \/>\n\t<meta name=\"twitter:label2\" content=\"Estimeret l\u00e6setid\" \/>\n\t<meta name=\"twitter:data2\" content=\"2 minutter\" \/>\n<script type=\"application\/ld+json\" class=\"yoast-schema-graph\">{\"@context\":\"https:\/\/schema.org\",\"@graph\":[{\"@type\":\"Article\",\"@id\":\"https:\/\/kunmedierne.dk\/mors\/har-borgerne-ikke-ret-til-at-vide-hvad-de-stemmer-paa\/#article\",\"isPartOf\":{\"@id\":\"https:\/\/kunmedierne.dk\/mors\/har-borgerne-ikke-ret-til-at-vide-hvad-de-stemmer-paa\/\"},\"author\":{\"name\":\"Debat\",\"@id\":\"https:\/\/kunmedierne.dk\/mors\/#\/schema\/person\/84c1391bce0b43b9bb3a49736bc0ad78\"},\"headline\":\"&#8211; Har borgerne ikke ret til at vide, hvad de stemmer p\u00e5?\u00a0\",\"datePublished\":\"2021-11-09T13:32:39+00:00\",\"dateModified\":\"2024-08-12T11:35:53+00:00\",\"mainEntityOfPage\":{\"@id\":\"https:\/\/kunmedierne.dk\/mors\/har-borgerne-ikke-ret-til-at-vide-hvad-de-stemmer-paa\/\"},\"wordCount\":388,\"commentCount\":0,\"publisher\":{\"@id\":\"https:\/\/kunmedierne.dk\/mors\/#organization\"},\"image\":{\"@id\":\"https:\/\/kunmedierne.dk\/mors\/har-borgerne-ikke-ret-til-at-vide-hvad-de-stemmer-paa\/#primaryimage\"},\"thumbnailUrl\":\"https:\/\/kunmedierne.dk\/mors\/wp-content\/uploads\/2020\/12\/0-debat-anette-svindborg-o.jpg\",\"keywords\":[\"Politik\"],\"articleSection\":[\"Debat\"],\"inLanguage\":\"da-DK\",\"potentialAction\":[{\"@type\":\"CommentAction\",\"name\":\"Comment\",\"target\":[\"https:\/\/kunmedierne.dk\/mors\/har-borgerne-ikke-ret-til-at-vide-hvad-de-stemmer-paa\/#respond\"]}]},{\"@type\":\"WebPage\",\"@id\":\"https:\/\/kunmedierne.dk\/mors\/har-borgerne-ikke-ret-til-at-vide-hvad-de-stemmer-paa\/\",\"url\":\"https:\/\/kunmedierne.dk\/mors\/har-borgerne-ikke-ret-til-at-vide-hvad-de-stemmer-paa\/\",\"name\":\"- Har borgerne ikke ret til at vide, hvad de stemmer p\u00e5?\u00a0 - Mors\",\"isPartOf\":{\"@id\":\"https:\/\/kunmedierne.dk\/mors\/#website\"},\"primaryImageOfPage\":{\"@id\":\"https:\/\/kunmedierne.dk\/mors\/har-borgerne-ikke-ret-til-at-vide-hvad-de-stemmer-paa\/#primaryimage\"},\"image\":{\"@id\":\"https:\/\/kunmedierne.dk\/mors\/har-borgerne-ikke-ret-til-at-vide-hvad-de-stemmer-paa\/#primaryimage\"},\"thumbnailUrl\":\"https:\/\/kunmedierne.dk\/mors\/wp-content\/uploads\/2020\/12\/0-debat-anette-svindborg-o.jpg\",\"datePublished\":\"2021-11-09T13:32:39+00:00\",\"dateModified\":\"2024-08-12T11:35:53+00:00\",\"breadcrumb\":{\"@id\":\"https:\/\/kunmedierne.dk\/mors\/har-borgerne-ikke-ret-til-at-vide-hvad-de-stemmer-paa\/#breadcrumb\"},\"inLanguage\":\"da-DK\",\"potentialAction\":[{\"@type\":\"ReadAction\",\"target\":[\"https:\/\/kunmedierne.dk\/mors\/har-borgerne-ikke-ret-til-at-vide-hvad-de-stemmer-paa\/\"]}]},{\"@type\":\"ImageObject\",\"inLanguage\":\"da-DK\",\"@id\":\"https:\/\/kunmedierne.dk\/mors\/har-borgerne-ikke-ret-til-at-vide-hvad-de-stemmer-paa\/#primaryimage\",\"url\":\"https:\/\/kunmedierne.dk\/mors\/wp-content\/uploads\/2020\/12\/0-debat-anette-svindborg-o.jpg\",\"contentUrl\":\"https:\/\/kunmedierne.dk\/mors\/wp-content\/uploads\/2020\/12\/0-debat-anette-svindborg-o.jpg\",\"width\":770,\"height\":513,\"caption\":\"Anette Svindborg (DF). Foto: Per Bech\/Mors\u00f8 Kommune.\"},{\"@type\":\"BreadcrumbList\",\"@id\":\"https:\/\/kunmedierne.dk\/mors\/har-borgerne-ikke-ret-til-at-vide-hvad-de-stemmer-paa\/#breadcrumb\",\"itemListElement\":[{\"@type\":\"ListItem\",\"position\":1,\"name\":\"Hjem\",\"item\":\"https:\/\/kunmedierne.dk\/mors\/\"},{\"@type\":\"ListItem\",\"position\":2,\"name\":\"&#8211; Har borgerne ikke ret til at vide, hvad de stemmer p\u00e5?\u00a0\"}]},{\"@type\":\"WebSite\",\"@id\":\"https:\/\/kunmedierne.dk\/mors\/#website\",\"url\":\"https:\/\/kunmedierne.dk\/mors\/\",\"name\":\"Mors\",\"description\":\"et netmedie med journalistik om livet p\u00e5 Mors\",\"publisher\":{\"@id\":\"https:\/\/kunmedierne.dk\/mors\/#organization\"},\"potentialAction\":[{\"@type\":\"SearchAction\",\"target\":{\"@type\":\"EntryPoint\",\"urlTemplate\":\"https:\/\/kunmedierne.dk\/mors\/?s={search_term_string}\"},\"query-input\":{\"@type\":\"PropertyValueSpecification\",\"valueRequired\":true,\"valueName\":\"search_term_string\"}}],\"inLanguage\":\"da-DK\"},{\"@type\":\"Organization\",\"@id\":\"https:\/\/kunmedierne.dk\/mors\/#organization\",\"name\":\"Mors\",\"url\":\"https:\/\/kunmedierne.dk\/mors\/\",\"logo\":{\"@type\":\"ImageObject\",\"inLanguage\":\"da-DK\",\"@id\":\"https:\/\/kunmedierne.dk\/mors\/#\/schema\/logo\/image\/\",\"url\":\"https:\/\/kunmedierne.dk\/mors\/wp-content\/uploads\/2024\/08\/kunmors-logo.svg\",\"contentUrl\":\"https:\/\/kunmedierne.dk\/mors\/wp-content\/uploads\/2024\/08\/kunmors-logo.svg\",\"caption\":\"Mors\"},\"image\":{\"@id\":\"https:\/\/kunmedierne.dk\/mors\/#\/schema\/logo\/image\/\"}},{\"@type\":\"Person\",\"@id\":\"https:\/\/kunmedierne.dk\/mors\/#\/schema\/person\/84c1391bce0b43b9bb3a49736bc0ad78\",\"name\":\"Debat\",\"image\":{\"@type\":\"ImageObject\",\"inLanguage\":\"da-DK\",\"@id\":\"https:\/\/kunmedierne.dk\/mors\/#\/schema\/person\/image\/\",\"url\":\"https:\/\/secure.gravatar.com\/avatar\/b0fb2e221d618f7c65162ab0d49c7e8a0b580c871ca03af90e42b47b4150654c?s=96&d=mm&r=g\",\"contentUrl\":\"https:\/\/secure.gravatar.com\/avatar\/b0fb2e221d618f7c65162ab0d49c7e8a0b580c871ca03af90e42b47b4150654c?s=96&d=mm&r=g\",\"caption\":\"Debat\"},\"url\":\"https:\/\/kunmedierne.dk\/mors\/author\/debat\/\"}]}<\/script>\n<!-- \/ Yoast SEO plugin. -->","yoast_head_json":{"title":"- Har borgerne ikke ret til at vide, hvad de stemmer p\u00e5?\u00a0 - Mors","robots":{"index":"index","follow":"follow","max-snippet":"max-snippet:-1","max-image-preview":"max-image-preview:large","max-video-preview":"max-video-preview:-1"},"canonical":"https:\/\/kunmedierne.dk\/mors\/har-borgerne-ikke-ret-til-at-vide-hvad-de-stemmer-paa\/","og_locale":"da_DK","og_type":"article","og_title":"- Har borgerne ikke ret til at vide, hvad de stemmer p\u00e5?\u00a0 - Mors","og_description":"Debatindl\u00e6g af Anette Svindborg, medlem af kommunalbestyrelsen og kandidat for Dansk Folkeparti ved Kommunalvalg 2021:\u00a0 MORS:\u00a0Hvis Mors\u00f8 Kommunes kommunalbestyrelse bliver spurgt, om vi vil have et udrejsecenter p\u00e5 Mors, hvad vil du s\u00e5 stemme? Det sp\u00f8rgsm\u00e5l stillede min mand, Peter Svindborg, til de deltagende kandidater til valgdebatten i Sillerslev den 3\/11. Det var et ganske [&hellip;]","og_url":"https:\/\/kunmedierne.dk\/mors\/har-borgerne-ikke-ret-til-at-vide-hvad-de-stemmer-paa\/","og_site_name":"Mors","article_published_time":"2021-11-09T13:32:39+00:00","article_modified_time":"2024-08-12T11:35:53+00:00","og_image":[{"width":770,"height":513,"url":"https:\/\/kunmedierne.dk\/mors\/wp-content\/uploads\/2020\/12\/0-debat-anette-svindborg-o.jpg","type":"image\/jpeg"}],"author":"Debat","twitter_card":"summary_large_image","twitter_misc":{"Skrevet af":"Debat","Estimeret l\u00e6setid":"2 minutter"},"schema":{"@context":"https:\/\/schema.org","@graph":[{"@type":"Article","@id":"https:\/\/kunmedierne.dk\/mors\/har-borgerne-ikke-ret-til-at-vide-hvad-de-stemmer-paa\/#article","isPartOf":{"@id":"https:\/\/kunmedierne.dk\/mors\/har-borgerne-ikke-ret-til-at-vide-hvad-de-stemmer-paa\/"},"author":{"name":"Debat","@id":"https:\/\/kunmedierne.dk\/mors\/#\/schema\/person\/84c1391bce0b43b9bb3a49736bc0ad78"},"headline":"&#8211; Har borgerne ikke ret til at vide, hvad de stemmer p\u00e5?\u00a0","datePublished":"2021-11-09T13:32:39+00:00","dateModified":"2024-08-12T11:35:53+00:00","mainEntityOfPage":{"@id":"https:\/\/kunmedierne.dk\/mors\/har-borgerne-ikke-ret-til-at-vide-hvad-de-stemmer-paa\/"},"wordCount":388,"commentCount":0,"publisher":{"@id":"https:\/\/kunmedierne.dk\/mors\/#organization"},"image":{"@id":"https:\/\/kunmedierne.dk\/mors\/har-borgerne-ikke-ret-til-at-vide-hvad-de-stemmer-paa\/#primaryimage"},"thumbnailUrl":"https:\/\/kunmedierne.dk\/mors\/wp-content\/uploads\/2020\/12\/0-debat-anette-svindborg-o.jpg","keywords":["Politik"],"articleSection":["Debat"],"inLanguage":"da-DK","potentialAction":[{"@type":"CommentAction","name":"Comment","target":["https:\/\/kunmedierne.dk\/mors\/har-borgerne-ikke-ret-til-at-vide-hvad-de-stemmer-paa\/#respond"]}]},{"@type":"WebPage","@id":"https:\/\/kunmedierne.dk\/mors\/har-borgerne-ikke-ret-til-at-vide-hvad-de-stemmer-paa\/","url":"https:\/\/kunmedierne.dk\/mors\/har-borgerne-ikke-ret-til-at-vide-hvad-de-stemmer-paa\/","name":"- Har borgerne ikke ret til at vide, hvad de stemmer p\u00e5?\u00a0 - Mors","isPartOf":{"@id":"https:\/\/kunmedierne.dk\/mors\/#website"},"primaryImageOfPage":{"@id":"https:\/\/kunmedierne.dk\/mors\/har-borgerne-ikke-ret-til-at-vide-hvad-de-stemmer-paa\/#primaryimage"},"image":{"@id":"https:\/\/kunmedierne.dk\/mors\/har-borgerne-ikke-ret-til-at-vide-hvad-de-stemmer-paa\/#primaryimage"},"thumbnailUrl":"https:\/\/kunmedierne.dk\/mors\/wp-content\/uploads\/2020\/12\/0-debat-anette-svindborg-o.jpg","datePublished":"2021-11-09T13:32:39+00:00","dateModified":"2024-08-12T11:35:53+00:00","breadcrumb":{"@id":"https:\/\/kunmedierne.dk\/mors\/har-borgerne-ikke-ret-til-at-vide-hvad-de-stemmer-paa\/#breadcrumb"},"inLanguage":"da-DK","potentialAction":[{"@type":"ReadAction","target":["https:\/\/kunmedierne.dk\/mors\/har-borgerne-ikke-ret-til-at-vide-hvad-de-stemmer-paa\/"]}]},{"@type":"ImageObject","inLanguage":"da-DK","@id":"https:\/\/kunmedierne.dk\/mors\/har-borgerne-ikke-ret-til-at-vide-hvad-de-stemmer-paa\/#primaryimage","url":"https:\/\/kunmedierne.dk\/mors\/wp-content\/uploads\/2020\/12\/0-debat-anette-svindborg-o.jpg","contentUrl":"https:\/\/kunmedierne.dk\/mors\/wp-content\/uploads\/2020\/12\/0-debat-anette-svindborg-o.jpg","width":770,"height":513,"caption":"Anette Svindborg (DF). Foto: Per Bech\/Mors\u00f8 Kommune."},{"@type":"BreadcrumbList","@id":"https:\/\/kunmedierne.dk\/mors\/har-borgerne-ikke-ret-til-at-vide-hvad-de-stemmer-paa\/#breadcrumb","itemListElement":[{"@type":"ListItem","position":1,"name":"Hjem","item":"https:\/\/kunmedierne.dk\/mors\/"},{"@type":"ListItem","position":2,"name":"&#8211; Har borgerne ikke ret til at vide, hvad de stemmer p\u00e5?\u00a0"}]},{"@type":"WebSite","@id":"https:\/\/kunmedierne.dk\/mors\/#website","url":"https:\/\/kunmedierne.dk\/mors\/","name":"Mors","description":"et netmedie med journalistik om livet p\u00e5 Mors","publisher":{"@id":"https:\/\/kunmedierne.dk\/mors\/#organization"},"potentialAction":[{"@type":"SearchAction","target":{"@type":"EntryPoint","urlTemplate":"https:\/\/kunmedierne.dk\/mors\/?s={search_term_string}"},"query-input":{"@type":"PropertyValueSpecification","valueRequired":true,"valueName":"search_term_string"}}],"inLanguage":"da-DK"},{"@type":"Organization","@id":"https:\/\/kunmedierne.dk\/mors\/#organization","name":"Mors","url":"https:\/\/kunmedierne.dk\/mors\/","logo":{"@type":"ImageObject","inLanguage":"da-DK","@id":"https:\/\/kunmedierne.dk\/mors\/#\/schema\/logo\/image\/","url":"https:\/\/kunmedierne.dk\/mors\/wp-content\/uploads\/2024\/08\/kunmors-logo.svg","contentUrl":"https:\/\/kunmedierne.dk\/mors\/wp-content\/uploads\/2024\/08\/kunmors-logo.svg","caption":"Mors"},"image":{"@id":"https:\/\/kunmedierne.dk\/mors\/#\/schema\/logo\/image\/"}},{"@type":"Person","@id":"https:\/\/kunmedierne.dk\/mors\/#\/schema\/person\/84c1391bce0b43b9bb3a49736bc0ad78","name":"Debat","image":{"@type":"ImageObject","inLanguage":"da-DK","@id":"https:\/\/kunmedierne.dk\/mors\/#\/schema\/person\/image\/","url":"https:\/\/secure.gravatar.com\/avatar\/b0fb2e221d618f7c65162ab0d49c7e8a0b580c871ca03af90e42b47b4150654c?s=96&d=mm&r=g","contentUrl":"https:\/\/secure.gravatar.com\/avatar\/b0fb2e221d618f7c65162ab0d49c7e8a0b580c871ca03af90e42b47b4150654c?s=96&d=mm&r=g","caption":"Debat"},"url":"https:\/\/kunmedierne.dk\/mors\/author\/debat\/"}]}},"_links":{"self":[{"href":"https:\/\/kunmedierne.dk\/mors\/wp-json\/wp\/v2\/posts\/56884","targetHints":{"allow":["GET"]}}],"collection":[{"href":"https:\/\/kunmedierne.dk\/mors\/wp-json\/wp\/v2\/posts"}],"about":[{"href":"https:\/\/kunmedierne.dk\/mors\/wp-json\/wp\/v2\/types\/post"}],"author":[{"embeddable":true,"href":"https:\/\/kunmedierne.dk\/mors\/wp-json\/wp\/v2\/users\/11"}],"replies":[{"embeddable":true,"href":"https:\/\/kunmedierne.dk\/mors\/wp-json\/wp\/v2\/comments?post=56884"}],"version-history":[{"count":1,"href":"https:\/\/kunmedierne.dk\/mors\/wp-json\/wp\/v2\/posts\/56884\/revisions"}],"predecessor-version":[{"id":56885,"href":"https:\/\/kunmedierne.dk\/mors\/wp-json\/wp\/v2\/posts\/56884\/revisions\/56885"}],"wp:featuredmedia":[{"embeddable":true,"href":"https:\/\/kunmedierne.dk\/mors\/wp-json\/wp\/v2\/media\/36990"}],"wp:attachment":[{"href":"https:\/\/kunmedierne.dk\/mors\/wp-json\/wp\/v2\/media?parent=56884"}],"wp:term":[{"taxonomy":"category","embeddable":true,"href":"https:\/\/kunmedierne.dk\/mors\/wp-json\/wp\/v2\/categories?post=56884"},{"taxonomy":"post_tag","embeddable":true,"href":"https:\/\/kunmedierne.dk\/mors\/wp-json\/wp\/v2\/tags?post=56884"}],"curies":[{"name":"wp","href":"https:\/\/api.w.org\/{rel}","templated":true}]}}