{"id":56866,"date":"2021-11-09T10:42:30","date_gmt":"2021-11-09T09:42:30","guid":{"rendered":"https:\/\/kunmedierne.dk\/mors\/?p=56866"},"modified":"2024-08-12T13:35:53","modified_gmt":"2024-08-12T11:35:53","slug":"regionsraadsvalget-goer-som-i-2005","status":"publish","type":"post","link":"https:\/\/kunmedierne.dk\/mors\/regionsraadsvalget-goer-som-i-2005\/","title":{"rendered":"Regionsr\u00e5dsvalget: &#8211; G\u00f8r som i 2005"},"content":{"rendered":"<p><em>Debatindl\u00e6g fra Keld Kortegaard, Nyk\u00f8bing:<\/em><\/p>\n<hr \/>\n<p class=\"v1MsoNormal\"><strong>MORS<\/strong>:\u00a0I 2005 indgik jeg som formand for venstre en aftale med Leif Toft som var formand for socialdemokratiet, en aftale som skulle sikre at vi p\u00e5 Mors fik et godt valg til regionen.<\/p>\n<p class=\"v1MsoNormal\">Aftalen gik ud p\u00e5 at vi sammen gik til valg p\u00e5 at hvis man ville stemme r\u00f8dt skulle man stemme p\u00e5 Anton Toft og hvis man ville stemme bl\u00e5t skulle man stemme p\u00e5 Peter Therkildsen.<\/p>\n<p class=\"v1MsoNormal\">Aftalen var ikke lige popul\u00e6r i venstre kredse men den havde den \u00f8nskede effekt, nemlig at Mors skulle have indflydelse i regionen.<\/p>\n<p class=\"v1MsoNormal\"><img loading=\"lazy\" decoding=\"async\" class=\"alignleft size-full wp-image-46600\" src=\"https:\/\/kunmedierne.dk\/mors\/wp-content\/uploads\/2021\/06\/t09.jpg\" alt=\"\" width=\"1400\" height=\"125\" srcset=\"https:\/\/kunmedierne.dk\/mors\/wp-content\/uploads\/2021\/06\/t09.jpg 1400w, https:\/\/kunmedierne.dk\/mors\/wp-content\/uploads\/2021\/06\/t09-300x27.jpg 300w, https:\/\/kunmedierne.dk\/mors\/wp-content\/uploads\/2021\/06\/t09-1024x91.jpg 1024w, https:\/\/kunmedierne.dk\/mors\/wp-content\/uploads\/2021\/06\/t09-768x69.jpg 768w, https:\/\/kunmedierne.dk\/mors\/wp-content\/uploads\/2021\/06\/t09-600x54.jpg 600w\" sizes=\"auto, (max-width: 1400px) 100vw, 1400px\" \/>P\u00e5 dette tidspunkt var Mors berettiget til 1,4 mandag men vi fik 3 idet at Gundhild Olesen M\u00f8ller ogs\u00e5 blev valgt. Dette fantastiske resultat skyldes udelukkende at stemmerne blev samlet for at undg\u00e5 stemmespild.<\/p>\n<p class=\"v1MsoNormal\">Aftalen har vist sig at v\u00e6re yderst langtidsholdbar, Anton er blevet til Lauge og Peter stadig sidder i regionen og begge modtager genvalg.<\/p>\n<p class=\"v1MsoNormal\">Begge kandidater har ydet en stor indsats gennem \u00e5rene og har v\u00e6ret med til at s\u00e6tte Mors p\u00e5 dagsorden.<\/p>\n<p class=\"v1MsoNormal\">Jeg vil derfor opfordre til at f\u00f8lge samme taktik denne gang, s\u00e6t krydset ved Lauge eller Peter, jeg vil som jeg plejer s\u00e6tte krydset ved Peter da jeg altid stemmer lidt til h\u00f8jre for midten.<\/p>\n<p><a href=\"https:\/\/konpap.dk\/\"><img loading=\"lazy\" decoding=\"async\" class=\"alignleft size-full wp-image-49328\" src=\"https:\/\/kunmedierne.dk\/mors\/wp-content\/uploads\/2021\/07\/t10.jpg\" alt=\"\" width=\"1400\" height=\"125\" srcset=\"https:\/\/kunmedierne.dk\/mors\/wp-content\/uploads\/2021\/07\/t10.jpg 1400w, https:\/\/kunmedierne.dk\/mors\/wp-content\/uploads\/2021\/07\/t10-300x27.jpg 300w, https:\/\/kunmedierne.dk\/mors\/wp-content\/uploads\/2021\/07\/t10-1024x91.jpg 1024w, https:\/\/kunmedierne.dk\/mors\/wp-content\/uploads\/2021\/07\/t10-768x69.jpg 768w, https:\/\/kunmedierne.dk\/mors\/wp-content\/uploads\/2021\/07\/t10-600x54.jpg 600w\" sizes=\"auto, (max-width: 1400px) 100vw, 1400px\" \/><\/a><\/p>\n<hr \/>\n<p><em>Har du et bidrag til den lokale debat? Send det til os p\u00e5 e-mail: debat@kunmedierne.dk\/mors. Husk at l\u00e6se korrektur inden afsendelse p\u00e5 indl\u00e6gget.<\/em><\/p>\n<blockquote>\n<h5>F\u00e5 dagens nyheder om Mors direkte i din mailboks. Tilmeld dig vores gratis nyhedsbrev nederst p\u00e5 siden. S\u00e5 f\u00e5r du KunMors som en lokal avis \u2013 alle ugens dage \u00e5ret rundt.<\/h5>\n<\/blockquote>\n","protected":false},"excerpt":{"rendered":"<p>Debatindl\u00e6g fra Keld Kortegaard, Nyk\u00f8bing: MORS:\u00a0I 2005 indgik jeg som formand for venstre en aftale med Leif Toft som var formand for socialdemokratiet, en aftale som skulle sikre at vi p\u00e5 Mors fik et godt valg til regionen. Aftalen gik ud p\u00e5 at vi sammen gik til valg p\u00e5 at hvis man ville stemme r\u00f8dt [&hellip;]<\/p>\n","protected":false},"author":11,"featured_media":41916,"comment_status":"open","ping_status":"open","sticky":false,"template":"","format":"standard","meta":{"_acf_changed":false,"footnotes":""},"categories":[56],"tags":[167],"class_list":["post-56866","post","type-post","status-publish","format-standard","has-post-thumbnail","hentry","category-debat","tag-politik"],"acf":[],"yoast_head":"<!-- This site is optimized with the Yoast SEO plugin v26.8 - https:\/\/yoast.com\/product\/yoast-seo-wordpress\/ -->\n<title>Regionsr\u00e5dsvalget: - G\u00f8r som i 2005 - Mors<\/title>\n<meta name=\"robots\" content=\"index, follow, max-snippet:-1, max-image-preview:large, max-video-preview:-1\" \/>\n<link rel=\"canonical\" href=\"https:\/\/kunmedierne.dk\/mors\/regionsraadsvalget-goer-som-i-2005\/\" \/>\n<meta property=\"og:locale\" content=\"da_DK\" \/>\n<meta property=\"og:type\" content=\"article\" \/>\n<meta property=\"og:title\" content=\"Regionsr\u00e5dsvalget: - G\u00f8r som i 2005 - Mors\" \/>\n<meta property=\"og:description\" content=\"Debatindl\u00e6g fra Keld Kortegaard, Nyk\u00f8bing: MORS:\u00a0I 2005 indgik jeg som formand for venstre en aftale med Leif Toft som var formand for socialdemokratiet, en aftale som skulle sikre at vi p\u00e5 Mors fik et godt valg til regionen. Aftalen gik ud p\u00e5 at vi sammen gik til valg p\u00e5 at hvis man ville stemme r\u00f8dt [&hellip;]\" \/>\n<meta property=\"og:url\" content=\"https:\/\/kunmedierne.dk\/mors\/regionsraadsvalget-goer-som-i-2005\/\" \/>\n<meta property=\"og:site_name\" content=\"Mors\" \/>\n<meta property=\"article:published_time\" content=\"2021-11-09T09:42:30+00:00\" \/>\n<meta property=\"article:modified_time\" content=\"2024-08-12T11:35:53+00:00\" \/>\n<meta property=\"og:image\" content=\"https:\/\/kunmedierne.dk\/mors\/wp-content\/uploads\/2021\/03\/keld-kortegaard.jpg\" \/>\n\t<meta property=\"og:image:width\" content=\"770\" \/>\n\t<meta property=\"og:image:height\" content=\"513\" \/>\n\t<meta property=\"og:image:type\" content=\"image\/jpeg\" \/>\n<meta name=\"author\" content=\"Debat\" \/>\n<meta name=\"twitter:card\" content=\"summary_large_image\" \/>\n<meta name=\"twitter:label1\" content=\"Skrevet af\" \/>\n\t<meta name=\"twitter:data1\" content=\"Debat\" \/>\n\t<meta name=\"twitter:label2\" content=\"Estimeret l\u00e6setid\" \/>\n\t<meta name=\"twitter:data2\" content=\"2 minutter\" \/>\n<script type=\"application\/ld+json\" class=\"yoast-schema-graph\">{\"@context\":\"https:\/\/schema.org\",\"@graph\":[{\"@type\":\"Article\",\"@id\":\"https:\/\/kunmedierne.dk\/mors\/regionsraadsvalget-goer-som-i-2005\/#article\",\"isPartOf\":{\"@id\":\"https:\/\/kunmedierne.dk\/mors\/regionsraadsvalget-goer-som-i-2005\/\"},\"author\":{\"name\":\"Debat\",\"@id\":\"https:\/\/kunmedierne.dk\/mors\/#\/schema\/person\/84c1391bce0b43b9bb3a49736bc0ad78\"},\"headline\":\"Regionsr\u00e5dsvalget: &#8211; G\u00f8r som i 2005\",\"datePublished\":\"2021-11-09T09:42:30+00:00\",\"dateModified\":\"2024-08-12T11:35:53+00:00\",\"mainEntityOfPage\":{\"@id\":\"https:\/\/kunmedierne.dk\/mors\/regionsraadsvalget-goer-som-i-2005\/\"},\"wordCount\":283,\"commentCount\":0,\"publisher\":{\"@id\":\"https:\/\/kunmedierne.dk\/mors\/#organization\"},\"image\":{\"@id\":\"https:\/\/kunmedierne.dk\/mors\/regionsraadsvalget-goer-som-i-2005\/#primaryimage\"},\"thumbnailUrl\":\"https:\/\/kunmedierne.dk\/mors\/wp-content\/uploads\/2021\/03\/keld-kortegaard.jpg\",\"keywords\":[\"Politik\"],\"articleSection\":[\"Debat\"],\"inLanguage\":\"da-DK\",\"potentialAction\":[{\"@type\":\"CommentAction\",\"name\":\"Comment\",\"target\":[\"https:\/\/kunmedierne.dk\/mors\/regionsraadsvalget-goer-som-i-2005\/#respond\"]}]},{\"@type\":\"WebPage\",\"@id\":\"https:\/\/kunmedierne.dk\/mors\/regionsraadsvalget-goer-som-i-2005\/\",\"url\":\"https:\/\/kunmedierne.dk\/mors\/regionsraadsvalget-goer-som-i-2005\/\",\"name\":\"Regionsr\u00e5dsvalget: - G\u00f8r som i 2005 - Mors\",\"isPartOf\":{\"@id\":\"https:\/\/kunmedierne.dk\/mors\/#website\"},\"primaryImageOfPage\":{\"@id\":\"https:\/\/kunmedierne.dk\/mors\/regionsraadsvalget-goer-som-i-2005\/#primaryimage\"},\"image\":{\"@id\":\"https:\/\/kunmedierne.dk\/mors\/regionsraadsvalget-goer-som-i-2005\/#primaryimage\"},\"thumbnailUrl\":\"https:\/\/kunmedierne.dk\/mors\/wp-content\/uploads\/2021\/03\/keld-kortegaard.jpg\",\"datePublished\":\"2021-11-09T09:42:30+00:00\",\"dateModified\":\"2024-08-12T11:35:53+00:00\",\"breadcrumb\":{\"@id\":\"https:\/\/kunmedierne.dk\/mors\/regionsraadsvalget-goer-som-i-2005\/#breadcrumb\"},\"inLanguage\":\"da-DK\",\"potentialAction\":[{\"@type\":\"ReadAction\",\"target\":[\"https:\/\/kunmedierne.dk\/mors\/regionsraadsvalget-goer-som-i-2005\/\"]}]},{\"@type\":\"ImageObject\",\"inLanguage\":\"da-DK\",\"@id\":\"https:\/\/kunmedierne.dk\/mors\/regionsraadsvalget-goer-som-i-2005\/#primaryimage\",\"url\":\"https:\/\/kunmedierne.dk\/mors\/wp-content\/uploads\/2021\/03\/keld-kortegaard.jpg\",\"contentUrl\":\"https:\/\/kunmedierne.dk\/mors\/wp-content\/uploads\/2021\/03\/keld-kortegaard.jpg\",\"width\":770,\"height\":513,\"caption\":\"Keld Kortegaard. Privatfoto\"},{\"@type\":\"BreadcrumbList\",\"@id\":\"https:\/\/kunmedierne.dk\/mors\/regionsraadsvalget-goer-som-i-2005\/#breadcrumb\",\"itemListElement\":[{\"@type\":\"ListItem\",\"position\":1,\"name\":\"Hjem\",\"item\":\"https:\/\/kunmedierne.dk\/mors\/\"},{\"@type\":\"ListItem\",\"position\":2,\"name\":\"Regionsr\u00e5dsvalget: &#8211; G\u00f8r som i 2005\"}]},{\"@type\":\"WebSite\",\"@id\":\"https:\/\/kunmedierne.dk\/mors\/#website\",\"url\":\"https:\/\/kunmedierne.dk\/mors\/\",\"name\":\"Mors\",\"description\":\"et netmedie med journalistik om livet p\u00e5 Mors\",\"publisher\":{\"@id\":\"https:\/\/kunmedierne.dk\/mors\/#organization\"},\"potentialAction\":[{\"@type\":\"SearchAction\",\"target\":{\"@type\":\"EntryPoint\",\"urlTemplate\":\"https:\/\/kunmedierne.dk\/mors\/?s={search_term_string}\"},\"query-input\":{\"@type\":\"PropertyValueSpecification\",\"valueRequired\":true,\"valueName\":\"search_term_string\"}}],\"inLanguage\":\"da-DK\"},{\"@type\":\"Organization\",\"@id\":\"https:\/\/kunmedierne.dk\/mors\/#organization\",\"name\":\"Mors\",\"url\":\"https:\/\/kunmedierne.dk\/mors\/\",\"logo\":{\"@type\":\"ImageObject\",\"inLanguage\":\"da-DK\",\"@id\":\"https:\/\/kunmedierne.dk\/mors\/#\/schema\/logo\/image\/\",\"url\":\"https:\/\/kunmedierne.dk\/mors\/wp-content\/uploads\/2024\/08\/kunmors-logo.svg\",\"contentUrl\":\"https:\/\/kunmedierne.dk\/mors\/wp-content\/uploads\/2024\/08\/kunmors-logo.svg\",\"caption\":\"Mors\"},\"image\":{\"@id\":\"https:\/\/kunmedierne.dk\/mors\/#\/schema\/logo\/image\/\"}},{\"@type\":\"Person\",\"@id\":\"https:\/\/kunmedierne.dk\/mors\/#\/schema\/person\/84c1391bce0b43b9bb3a49736bc0ad78\",\"name\":\"Debat\",\"image\":{\"@type\":\"ImageObject\",\"inLanguage\":\"da-DK\",\"@id\":\"https:\/\/kunmedierne.dk\/mors\/#\/schema\/person\/image\/\",\"url\":\"https:\/\/secure.gravatar.com\/avatar\/b0fb2e221d618f7c65162ab0d49c7e8a0b580c871ca03af90e42b47b4150654c?s=96&d=mm&r=g\",\"contentUrl\":\"https:\/\/secure.gravatar.com\/avatar\/b0fb2e221d618f7c65162ab0d49c7e8a0b580c871ca03af90e42b47b4150654c?s=96&d=mm&r=g\",\"caption\":\"Debat\"},\"url\":\"https:\/\/kunmedierne.dk\/mors\/author\/debat\/\"}]}<\/script>\n<!-- \/ Yoast SEO plugin. -->","yoast_head_json":{"title":"Regionsr\u00e5dsvalget: - G\u00f8r som i 2005 - Mors","robots":{"index":"index","follow":"follow","max-snippet":"max-snippet:-1","max-image-preview":"max-image-preview:large","max-video-preview":"max-video-preview:-1"},"canonical":"https:\/\/kunmedierne.dk\/mors\/regionsraadsvalget-goer-som-i-2005\/","og_locale":"da_DK","og_type":"article","og_title":"Regionsr\u00e5dsvalget: - G\u00f8r som i 2005 - Mors","og_description":"Debatindl\u00e6g fra Keld Kortegaard, Nyk\u00f8bing: MORS:\u00a0I 2005 indgik jeg som formand for venstre en aftale med Leif Toft som var formand for socialdemokratiet, en aftale som skulle sikre at vi p\u00e5 Mors fik et godt valg til regionen. Aftalen gik ud p\u00e5 at vi sammen gik til valg p\u00e5 at hvis man ville stemme r\u00f8dt [&hellip;]","og_url":"https:\/\/kunmedierne.dk\/mors\/regionsraadsvalget-goer-som-i-2005\/","og_site_name":"Mors","article_published_time":"2021-11-09T09:42:30+00:00","article_modified_time":"2024-08-12T11:35:53+00:00","og_image":[{"width":770,"height":513,"url":"https:\/\/kunmedierne.dk\/mors\/wp-content\/uploads\/2021\/03\/keld-kortegaard.jpg","type":"image\/jpeg"}],"author":"Debat","twitter_card":"summary_large_image","twitter_misc":{"Skrevet af":"Debat","Estimeret l\u00e6setid":"2 minutter"},"schema":{"@context":"https:\/\/schema.org","@graph":[{"@type":"Article","@id":"https:\/\/kunmedierne.dk\/mors\/regionsraadsvalget-goer-som-i-2005\/#article","isPartOf":{"@id":"https:\/\/kunmedierne.dk\/mors\/regionsraadsvalget-goer-som-i-2005\/"},"author":{"name":"Debat","@id":"https:\/\/kunmedierne.dk\/mors\/#\/schema\/person\/84c1391bce0b43b9bb3a49736bc0ad78"},"headline":"Regionsr\u00e5dsvalget: &#8211; G\u00f8r som i 2005","datePublished":"2021-11-09T09:42:30+00:00","dateModified":"2024-08-12T11:35:53+00:00","mainEntityOfPage":{"@id":"https:\/\/kunmedierne.dk\/mors\/regionsraadsvalget-goer-som-i-2005\/"},"wordCount":283,"commentCount":0,"publisher":{"@id":"https:\/\/kunmedierne.dk\/mors\/#organization"},"image":{"@id":"https:\/\/kunmedierne.dk\/mors\/regionsraadsvalget-goer-som-i-2005\/#primaryimage"},"thumbnailUrl":"https:\/\/kunmedierne.dk\/mors\/wp-content\/uploads\/2021\/03\/keld-kortegaard.jpg","keywords":["Politik"],"articleSection":["Debat"],"inLanguage":"da-DK","potentialAction":[{"@type":"CommentAction","name":"Comment","target":["https:\/\/kunmedierne.dk\/mors\/regionsraadsvalget-goer-som-i-2005\/#respond"]}]},{"@type":"WebPage","@id":"https:\/\/kunmedierne.dk\/mors\/regionsraadsvalget-goer-som-i-2005\/","url":"https:\/\/kunmedierne.dk\/mors\/regionsraadsvalget-goer-som-i-2005\/","name":"Regionsr\u00e5dsvalget: - G\u00f8r som i 2005 - Mors","isPartOf":{"@id":"https:\/\/kunmedierne.dk\/mors\/#website"},"primaryImageOfPage":{"@id":"https:\/\/kunmedierne.dk\/mors\/regionsraadsvalget-goer-som-i-2005\/#primaryimage"},"image":{"@id":"https:\/\/kunmedierne.dk\/mors\/regionsraadsvalget-goer-som-i-2005\/#primaryimage"},"thumbnailUrl":"https:\/\/kunmedierne.dk\/mors\/wp-content\/uploads\/2021\/03\/keld-kortegaard.jpg","datePublished":"2021-11-09T09:42:30+00:00","dateModified":"2024-08-12T11:35:53+00:00","breadcrumb":{"@id":"https:\/\/kunmedierne.dk\/mors\/regionsraadsvalget-goer-som-i-2005\/#breadcrumb"},"inLanguage":"da-DK","potentialAction":[{"@type":"ReadAction","target":["https:\/\/kunmedierne.dk\/mors\/regionsraadsvalget-goer-som-i-2005\/"]}]},{"@type":"ImageObject","inLanguage":"da-DK","@id":"https:\/\/kunmedierne.dk\/mors\/regionsraadsvalget-goer-som-i-2005\/#primaryimage","url":"https:\/\/kunmedierne.dk\/mors\/wp-content\/uploads\/2021\/03\/keld-kortegaard.jpg","contentUrl":"https:\/\/kunmedierne.dk\/mors\/wp-content\/uploads\/2021\/03\/keld-kortegaard.jpg","width":770,"height":513,"caption":"Keld Kortegaard. Privatfoto"},{"@type":"BreadcrumbList","@id":"https:\/\/kunmedierne.dk\/mors\/regionsraadsvalget-goer-som-i-2005\/#breadcrumb","itemListElement":[{"@type":"ListItem","position":1,"name":"Hjem","item":"https:\/\/kunmedierne.dk\/mors\/"},{"@type":"ListItem","position":2,"name":"Regionsr\u00e5dsvalget: &#8211; G\u00f8r som i 2005"}]},{"@type":"WebSite","@id":"https:\/\/kunmedierne.dk\/mors\/#website","url":"https:\/\/kunmedierne.dk\/mors\/","name":"Mors","description":"et netmedie med journalistik om livet p\u00e5 Mors","publisher":{"@id":"https:\/\/kunmedierne.dk\/mors\/#organization"},"potentialAction":[{"@type":"SearchAction","target":{"@type":"EntryPoint","urlTemplate":"https:\/\/kunmedierne.dk\/mors\/?s={search_term_string}"},"query-input":{"@type":"PropertyValueSpecification","valueRequired":true,"valueName":"search_term_string"}}],"inLanguage":"da-DK"},{"@type":"Organization","@id":"https:\/\/kunmedierne.dk\/mors\/#organization","name":"Mors","url":"https:\/\/kunmedierne.dk\/mors\/","logo":{"@type":"ImageObject","inLanguage":"da-DK","@id":"https:\/\/kunmedierne.dk\/mors\/#\/schema\/logo\/image\/","url":"https:\/\/kunmedierne.dk\/mors\/wp-content\/uploads\/2024\/08\/kunmors-logo.svg","contentUrl":"https:\/\/kunmedierne.dk\/mors\/wp-content\/uploads\/2024\/08\/kunmors-logo.svg","caption":"Mors"},"image":{"@id":"https:\/\/kunmedierne.dk\/mors\/#\/schema\/logo\/image\/"}},{"@type":"Person","@id":"https:\/\/kunmedierne.dk\/mors\/#\/schema\/person\/84c1391bce0b43b9bb3a49736bc0ad78","name":"Debat","image":{"@type":"ImageObject","inLanguage":"da-DK","@id":"https:\/\/kunmedierne.dk\/mors\/#\/schema\/person\/image\/","url":"https:\/\/secure.gravatar.com\/avatar\/b0fb2e221d618f7c65162ab0d49c7e8a0b580c871ca03af90e42b47b4150654c?s=96&d=mm&r=g","contentUrl":"https:\/\/secure.gravatar.com\/avatar\/b0fb2e221d618f7c65162ab0d49c7e8a0b580c871ca03af90e42b47b4150654c?s=96&d=mm&r=g","caption":"Debat"},"url":"https:\/\/kunmedierne.dk\/mors\/author\/debat\/"}]}},"_links":{"self":[{"href":"https:\/\/kunmedierne.dk\/mors\/wp-json\/wp\/v2\/posts\/56866","targetHints":{"allow":["GET"]}}],"collection":[{"href":"https:\/\/kunmedierne.dk\/mors\/wp-json\/wp\/v2\/posts"}],"about":[{"href":"https:\/\/kunmedierne.dk\/mors\/wp-json\/wp\/v2\/types\/post"}],"author":[{"embeddable":true,"href":"https:\/\/kunmedierne.dk\/mors\/wp-json\/wp\/v2\/users\/11"}],"replies":[{"embeddable":true,"href":"https:\/\/kunmedierne.dk\/mors\/wp-json\/wp\/v2\/comments?post=56866"}],"version-history":[{"count":1,"href":"https:\/\/kunmedierne.dk\/mors\/wp-json\/wp\/v2\/posts\/56866\/revisions"}],"predecessor-version":[{"id":56867,"href":"https:\/\/kunmedierne.dk\/mors\/wp-json\/wp\/v2\/posts\/56866\/revisions\/56867"}],"wp:featuredmedia":[{"embeddable":true,"href":"https:\/\/kunmedierne.dk\/mors\/wp-json\/wp\/v2\/media\/41916"}],"wp:attachment":[{"href":"https:\/\/kunmedierne.dk\/mors\/wp-json\/wp\/v2\/media?parent=56866"}],"wp:term":[{"taxonomy":"category","embeddable":true,"href":"https:\/\/kunmedierne.dk\/mors\/wp-json\/wp\/v2\/categories?post=56866"},{"taxonomy":"post_tag","embeddable":true,"href":"https:\/\/kunmedierne.dk\/mors\/wp-json\/wp\/v2\/tags?post=56866"}],"curies":[{"name":"wp","href":"https:\/\/api.w.org\/{rel}","templated":true}]}}