{"id":56852,"date":"2021-11-09T05:25:37","date_gmt":"2021-11-09T04:25:37","guid":{"rendered":"https:\/\/kunmedierne.dk\/mors\/?p=56852"},"modified":"2024-08-12T13:35:54","modified_gmt":"2024-08-12T11:35:54","slug":"stort-eftersyn-af-vort-aeldreomraade","status":"publish","type":"post","link":"https:\/\/kunmedierne.dk\/mors\/stort-eftersyn-af-vort-aeldreomraade\/","title":{"rendered":"&#8211; Stort eftersyn af vort \u00e6ldreomr\u00e5de"},"content":{"rendered":"<p><em>Debatindl\u00e6g af Poul Kristensen, kandidat for Socialdemokratiet ved Kommunalvalg 2021:<\/em><\/p>\n<hr \/>\n<p><strong>MORS<\/strong>:\u00a0Til et v\u00e6lgerm\u00f8de for nyligt stillede en ung kvinde mig et megagodt sp\u00f8rgsm\u00e5l. Hun er ansat i Mors\u00f8 Kommunes hjemmepleje og skal i gang med sin videre uddannelse. Hendes sp\u00f8rgsm\u00e5l til mig var konkret, hvad vil du g\u00f8re for, at jeg forbliver ansat i Mors\u00f8 Kommune, n\u00e5r jeg er <strong>f\u00e6rdig<\/strong> med min uddannelse?<\/p>\n<p>Det blev til en snak om tiden, der bliver brugt p\u00e5 registreringer ved hvert bes\u00f8g. Det var ogs\u00e5 en snak om l\u00f8n og vikararbejde. L\u00f8nnen var ikke det store problem, men derimod \u00f8nskes der bedre arbejdsvilk\u00e5r. Jeg kunne desv\u00e6rre ikke give den unge kvinde et godt svar, fordi jeg ikke har l\u00f8sningen. Problemstillingen er s\u00e6rdeles relevant. Kommunernes \u00e6ldrepleje er landet over ramt af personalemangel, og den unge kvinde kan givet v\u00e6lge og vrage. Hun udstr\u00e5lede s\u00e5 meget engagement, at hun vil v\u00e6re guld v\u00e6rd for \u00e6ldreplejen, og jeg synes, at vi SKAL have fundet en l\u00f8sning, s\u00e5 vi beholder ansatte som hende.<\/p>\n<p><a href=\"https:\/\/vognmand-filtenborg.dk\/\"><img loading=\"lazy\" decoding=\"async\" class=\"alignleft size-full wp-image-46594\" src=\"https:\/\/kunmedierne.dk\/mors\/wp-content\/uploads\/2021\/06\/t03.jpg\" alt=\"\" width=\"1400\" height=\"125\" srcset=\"https:\/\/kunmedierne.dk\/mors\/wp-content\/uploads\/2021\/06\/t03.jpg 1400w, https:\/\/kunmedierne.dk\/mors\/wp-content\/uploads\/2021\/06\/t03-300x27.jpg 300w, https:\/\/kunmedierne.dk\/mors\/wp-content\/uploads\/2021\/06\/t03-1024x91.jpg 1024w, https:\/\/kunmedierne.dk\/mors\/wp-content\/uploads\/2021\/06\/t03-768x69.jpg 768w, https:\/\/kunmedierne.dk\/mors\/wp-content\/uploads\/2021\/06\/t03-600x54.jpg 600w\" sizes=\"auto, (max-width: 1400px) 100vw, 1400px\" \/><\/a>Det er blot \u00e9t af de meget store problemer, som \u00e6ldreomr\u00e5det st\u00e5r overfor. Vi h\u00f8rer p\u00e5 Mors gang p\u00e5 gang, at \u00e6ldreomr\u00e5det fungerer godt, men v\u00e6gter man det ud fra de lovgivningsm\u00e6ssige krav eller ud fra kvaliteten overfor den \u00e6ldre? Jeg har indenfor de sidste 5-6 \u00e5r mistet mine for\u00e6ldre og min svigerfar og har lige nu min svigermor siddende p\u00e5 plejehjem ramt af Alzheimer.<\/p>\n<p>Vi er i de forskellige forl\u00f8b blev m\u00f8dt af mange varme h\u00e6nder, men ogs\u00e5 af noget, vi bagefter kan stille sp\u00f8rgsm\u00e5l ved. Der har v\u00e6ret problemer med at f\u00e5 fat i demenskoordinatorer, der har v\u00e6ret n\u00e6sten ikke eksisterende kontaktpersoner, der har v\u00e6ret konkrete aftaler, som ikke bliver videregivet og rigtig mange nye folk (formentlig vikarer), hvor jeg t\u00e6nker, at et fast team er meget vigtig. Jeg er ikke i tvivl om, at alle g\u00f8r deres allerbedste, men undskyld jeg skriver det, gnisten og overskuddet mangler til, at det bliver helt godt.<\/p>\n<p><a href=\"https:\/\/www.sparnord.dk\/filialer\/nykoebing-mors\/\"><img loading=\"lazy\" decoding=\"async\" class=\"alignleft size-full wp-image-46595\" src=\"https:\/\/kunmedierne.dk\/mors\/wp-content\/uploads\/2021\/06\/t04.jpg\" alt=\"\" width=\"1400\" height=\"123\" srcset=\"https:\/\/kunmedierne.dk\/mors\/wp-content\/uploads\/2021\/06\/t04.jpg 1400w, https:\/\/kunmedierne.dk\/mors\/wp-content\/uploads\/2021\/06\/t04-300x26.jpg 300w, https:\/\/kunmedierne.dk\/mors\/wp-content\/uploads\/2021\/06\/t04-1024x90.jpg 1024w, https:\/\/kunmedierne.dk\/mors\/wp-content\/uploads\/2021\/06\/t04-768x67.jpg 768w, https:\/\/kunmedierne.dk\/mors\/wp-content\/uploads\/2021\/06\/t04-600x53.jpg 600w\" sizes=\"auto, (max-width: 1400px) 100vw, 1400px\" \/><\/a>Problemerne i \u00e6ldreplejen vil uden tvivl blive endnu st\u00f8rre, n\u00e5r de store \u00e5rgange g\u00e5r p\u00e5 pension, og vi samtidig lever l\u00e6ngere. Det er meget vigtigt, at vi har en \u00e6ldrepleje, som er fremtidssikret til at klare flere plejekr\u00e6vende morsingboere. Det har vi b\u00e5de krav p\u00e5, men ogs\u00e5 ret til at have en forventning om, at kommunalbestyrelsen har styr p\u00e5.<\/p>\n<p>Jeg synes, at vi i dag har en medarbejderskare i \u00e6ldreplejen, som g\u00f8r det rigtigt godt, men med nogle uordentlige arbejdsbetingelser. Jeg f\u00f8ler mig sikker p\u00e5, at vi overholder lovgivningens krav, men er ikke sikker p\u00e5, at vi g\u00f8r det godt nok overfor vore \u00e6ldre, og jeg er meget bange for fremtidens \u00e6ldrepleje p\u00e5 Mors.<\/p>\n<p><a href=\"http:\/\/www.limfjordsteatret.dk\/#front\"><img loading=\"lazy\" decoding=\"async\" class=\"alignleft size-full wp-image-46596\" src=\"https:\/\/kunmedierne.dk\/mors\/wp-content\/uploads\/2021\/06\/t05.jpg\" alt=\"\" width=\"1400\" height=\"125\" srcset=\"https:\/\/kunmedierne.dk\/mors\/wp-content\/uploads\/2021\/06\/t05.jpg 1400w, https:\/\/kunmedierne.dk\/mors\/wp-content\/uploads\/2021\/06\/t05-300x27.jpg 300w, https:\/\/kunmedierne.dk\/mors\/wp-content\/uploads\/2021\/06\/t05-1024x91.jpg 1024w, https:\/\/kunmedierne.dk\/mors\/wp-content\/uploads\/2021\/06\/t05-768x69.jpg 768w, https:\/\/kunmedierne.dk\/mors\/wp-content\/uploads\/2021\/06\/t05-600x54.jpg 600w\" sizes=\"auto, (max-width: 1400px) 100vw, 1400px\" \/><\/a>F\u00e5r jeg lov, vil jeg derfor aktivt arbejde p\u00e5, at vi f\u00e5r foretaget et servicetjek af vort \u00e6ldreomr\u00e5de, og at vi derefter handler derp\u00e5. Det skal v\u00e6re klart for enhver morsingbo, hvad man kan forvente af \u00e6ldreplejen i fremtiden. Vi skal sikre, at vi leverer en ordentlig service til de folk, som har v\u00e6ret rigtig mange \u00e5r p\u00e5 arbejdsmarkedet, og som via deres skat har bidraget til kommunens \u00f8konomi.<\/p>\n<hr \/>\n<p><em>Har du et bidrag til den lokale debat? Send det til os p\u00e5 e-mail: debat@kunmedierne.dk\/mors. Husk at l\u00e6se korrektur inden afsendelse p\u00e5 indl\u00e6gget.<\/em><\/p>\n<blockquote>\n<h5>F\u00e5 dagens nyheder om Mors direkte i din mailboks. Tilmeld dig vores gratis nyhedsbrev nederst p\u00e5 siden. S\u00e5 f\u00e5r du KunMors som en lokal avis \u2013 alle ugens dage \u00e5ret rundt.<\/h5>\n<\/blockquote>\n","protected":false},"excerpt":{"rendered":"<p>Debatindl\u00e6g af Poul Kristensen, kandidat for Socialdemokratiet ved Kommunalvalg 2021: MORS:\u00a0Til et v\u00e6lgerm\u00f8de for nyligt stillede en ung kvinde mig et megagodt sp\u00f8rgsm\u00e5l. Hun er ansat i Mors\u00f8 Kommunes hjemmepleje og skal i gang med sin videre uddannelse. Hendes sp\u00f8rgsm\u00e5l til mig var konkret, hvad vil du g\u00f8re for, at jeg forbliver ansat i Mors\u00f8 [&hellip;]<\/p>\n","protected":false},"author":11,"featured_media":53851,"comment_status":"open","ping_status":"open","sticky":false,"template":"","format":"standard","meta":{"_acf_changed":false,"footnotes":""},"categories":[56],"tags":[167],"class_list":["post-56852","post","type-post","status-publish","format-standard","has-post-thumbnail","hentry","category-debat","tag-politik"],"acf":[],"yoast_head":"<!-- This site is optimized with the Yoast SEO plugin v26.8 - https:\/\/yoast.com\/product\/yoast-seo-wordpress\/ -->\n<title>- Stort eftersyn af vort \u00e6ldreomr\u00e5de - Mors<\/title>\n<meta name=\"robots\" content=\"index, follow, max-snippet:-1, max-image-preview:large, max-video-preview:-1\" \/>\n<link rel=\"canonical\" href=\"https:\/\/kunmedierne.dk\/mors\/stort-eftersyn-af-vort-aeldreomraade\/\" \/>\n<meta property=\"og:locale\" content=\"da_DK\" \/>\n<meta property=\"og:type\" content=\"article\" \/>\n<meta property=\"og:title\" content=\"- Stort eftersyn af vort \u00e6ldreomr\u00e5de - Mors\" \/>\n<meta property=\"og:description\" content=\"Debatindl\u00e6g af Poul Kristensen, kandidat for Socialdemokratiet ved Kommunalvalg 2021: MORS:\u00a0Til et v\u00e6lgerm\u00f8de for nyligt stillede en ung kvinde mig et megagodt sp\u00f8rgsm\u00e5l. Hun er ansat i Mors\u00f8 Kommunes hjemmepleje og skal i gang med sin videre uddannelse. Hendes sp\u00f8rgsm\u00e5l til mig var konkret, hvad vil du g\u00f8re for, at jeg forbliver ansat i Mors\u00f8 [&hellip;]\" \/>\n<meta property=\"og:url\" content=\"https:\/\/kunmedierne.dk\/mors\/stort-eftersyn-af-vort-aeldreomraade\/\" \/>\n<meta property=\"og:site_name\" content=\"Mors\" \/>\n<meta property=\"article:published_time\" content=\"2021-11-09T04:25:37+00:00\" \/>\n<meta property=\"article:modified_time\" content=\"2024-08-12T11:35:54+00:00\" \/>\n<meta property=\"og:image\" content=\"https:\/\/kunmedierne.dk\/mors\/wp-content\/uploads\/2021\/10\/poul-kristensen-debat.jpg\" \/>\n\t<meta property=\"og:image:width\" content=\"770\" \/>\n\t<meta property=\"og:image:height\" content=\"513\" \/>\n\t<meta property=\"og:image:type\" content=\"image\/jpeg\" \/>\n<meta name=\"author\" content=\"Debat\" \/>\n<meta name=\"twitter:card\" content=\"summary_large_image\" \/>\n<meta name=\"twitter:label1\" content=\"Skrevet af\" \/>\n\t<meta name=\"twitter:data1\" content=\"Debat\" \/>\n\t<meta name=\"twitter:label2\" content=\"Estimeret l\u00e6setid\" \/>\n\t<meta name=\"twitter:data2\" content=\"4 minutter\" \/>\n<script type=\"application\/ld+json\" class=\"yoast-schema-graph\">{\"@context\":\"https:\/\/schema.org\",\"@graph\":[{\"@type\":\"Article\",\"@id\":\"https:\/\/kunmedierne.dk\/mors\/stort-eftersyn-af-vort-aeldreomraade\/#article\",\"isPartOf\":{\"@id\":\"https:\/\/kunmedierne.dk\/mors\/stort-eftersyn-af-vort-aeldreomraade\/\"},\"author\":{\"name\":\"Debat\",\"@id\":\"https:\/\/kunmedierne.dk\/mors\/#\/schema\/person\/84c1391bce0b43b9bb3a49736bc0ad78\"},\"headline\":\"&#8211; Stort eftersyn af vort \u00e6ldreomr\u00e5de\",\"datePublished\":\"2021-11-09T04:25:37+00:00\",\"dateModified\":\"2024-08-12T11:35:54+00:00\",\"mainEntityOfPage\":{\"@id\":\"https:\/\/kunmedierne.dk\/mors\/stort-eftersyn-af-vort-aeldreomraade\/\"},\"wordCount\":623,\"commentCount\":0,\"publisher\":{\"@id\":\"https:\/\/kunmedierne.dk\/mors\/#organization\"},\"image\":{\"@id\":\"https:\/\/kunmedierne.dk\/mors\/stort-eftersyn-af-vort-aeldreomraade\/#primaryimage\"},\"thumbnailUrl\":\"https:\/\/kunmedierne.dk\/mors\/wp-content\/uploads\/2021\/10\/poul-kristensen-debat.jpg\",\"keywords\":[\"Politik\"],\"articleSection\":[\"Debat\"],\"inLanguage\":\"da-DK\",\"potentialAction\":[{\"@type\":\"CommentAction\",\"name\":\"Comment\",\"target\":[\"https:\/\/kunmedierne.dk\/mors\/stort-eftersyn-af-vort-aeldreomraade\/#respond\"]}]},{\"@type\":\"WebPage\",\"@id\":\"https:\/\/kunmedierne.dk\/mors\/stort-eftersyn-af-vort-aeldreomraade\/\",\"url\":\"https:\/\/kunmedierne.dk\/mors\/stort-eftersyn-af-vort-aeldreomraade\/\",\"name\":\"- Stort eftersyn af vort \u00e6ldreomr\u00e5de - Mors\",\"isPartOf\":{\"@id\":\"https:\/\/kunmedierne.dk\/mors\/#website\"},\"primaryImageOfPage\":{\"@id\":\"https:\/\/kunmedierne.dk\/mors\/stort-eftersyn-af-vort-aeldreomraade\/#primaryimage\"},\"image\":{\"@id\":\"https:\/\/kunmedierne.dk\/mors\/stort-eftersyn-af-vort-aeldreomraade\/#primaryimage\"},\"thumbnailUrl\":\"https:\/\/kunmedierne.dk\/mors\/wp-content\/uploads\/2021\/10\/poul-kristensen-debat.jpg\",\"datePublished\":\"2021-11-09T04:25:37+00:00\",\"dateModified\":\"2024-08-12T11:35:54+00:00\",\"breadcrumb\":{\"@id\":\"https:\/\/kunmedierne.dk\/mors\/stort-eftersyn-af-vort-aeldreomraade\/#breadcrumb\"},\"inLanguage\":\"da-DK\",\"potentialAction\":[{\"@type\":\"ReadAction\",\"target\":[\"https:\/\/kunmedierne.dk\/mors\/stort-eftersyn-af-vort-aeldreomraade\/\"]}]},{\"@type\":\"ImageObject\",\"inLanguage\":\"da-DK\",\"@id\":\"https:\/\/kunmedierne.dk\/mors\/stort-eftersyn-af-vort-aeldreomraade\/#primaryimage\",\"url\":\"https:\/\/kunmedierne.dk\/mors\/wp-content\/uploads\/2021\/10\/poul-kristensen-debat.jpg\",\"contentUrl\":\"https:\/\/kunmedierne.dk\/mors\/wp-content\/uploads\/2021\/10\/poul-kristensen-debat.jpg\",\"width\":770,\"height\":513,\"caption\":\"Poul Kristensen, kandidat for Socialdemokratiet ved Kommunalvalg 2021.\"},{\"@type\":\"BreadcrumbList\",\"@id\":\"https:\/\/kunmedierne.dk\/mors\/stort-eftersyn-af-vort-aeldreomraade\/#breadcrumb\",\"itemListElement\":[{\"@type\":\"ListItem\",\"position\":1,\"name\":\"Hjem\",\"item\":\"https:\/\/kunmedierne.dk\/mors\/\"},{\"@type\":\"ListItem\",\"position\":2,\"name\":\"&#8211; Stort eftersyn af vort \u00e6ldreomr\u00e5de\"}]},{\"@type\":\"WebSite\",\"@id\":\"https:\/\/kunmedierne.dk\/mors\/#website\",\"url\":\"https:\/\/kunmedierne.dk\/mors\/\",\"name\":\"Mors\",\"description\":\"et netmedie med journalistik om livet p\u00e5 Mors\",\"publisher\":{\"@id\":\"https:\/\/kunmedierne.dk\/mors\/#organization\"},\"potentialAction\":[{\"@type\":\"SearchAction\",\"target\":{\"@type\":\"EntryPoint\",\"urlTemplate\":\"https:\/\/kunmedierne.dk\/mors\/?s={search_term_string}\"},\"query-input\":{\"@type\":\"PropertyValueSpecification\",\"valueRequired\":true,\"valueName\":\"search_term_string\"}}],\"inLanguage\":\"da-DK\"},{\"@type\":\"Organization\",\"@id\":\"https:\/\/kunmedierne.dk\/mors\/#organization\",\"name\":\"Mors\",\"url\":\"https:\/\/kunmedierne.dk\/mors\/\",\"logo\":{\"@type\":\"ImageObject\",\"inLanguage\":\"da-DK\",\"@id\":\"https:\/\/kunmedierne.dk\/mors\/#\/schema\/logo\/image\/\",\"url\":\"https:\/\/kunmedierne.dk\/mors\/wp-content\/uploads\/2024\/08\/kunmors-logo.svg\",\"contentUrl\":\"https:\/\/kunmedierne.dk\/mors\/wp-content\/uploads\/2024\/08\/kunmors-logo.svg\",\"caption\":\"Mors\"},\"image\":{\"@id\":\"https:\/\/kunmedierne.dk\/mors\/#\/schema\/logo\/image\/\"}},{\"@type\":\"Person\",\"@id\":\"https:\/\/kunmedierne.dk\/mors\/#\/schema\/person\/84c1391bce0b43b9bb3a49736bc0ad78\",\"name\":\"Debat\",\"image\":{\"@type\":\"ImageObject\",\"inLanguage\":\"da-DK\",\"@id\":\"https:\/\/kunmedierne.dk\/mors\/#\/schema\/person\/image\/\",\"url\":\"https:\/\/secure.gravatar.com\/avatar\/b0fb2e221d618f7c65162ab0d49c7e8a0b580c871ca03af90e42b47b4150654c?s=96&d=mm&r=g\",\"contentUrl\":\"https:\/\/secure.gravatar.com\/avatar\/b0fb2e221d618f7c65162ab0d49c7e8a0b580c871ca03af90e42b47b4150654c?s=96&d=mm&r=g\",\"caption\":\"Debat\"},\"url\":\"https:\/\/kunmedierne.dk\/mors\/author\/debat\/\"}]}<\/script>\n<!-- \/ Yoast SEO plugin. -->","yoast_head_json":{"title":"- Stort eftersyn af vort \u00e6ldreomr\u00e5de - Mors","robots":{"index":"index","follow":"follow","max-snippet":"max-snippet:-1","max-image-preview":"max-image-preview:large","max-video-preview":"max-video-preview:-1"},"canonical":"https:\/\/kunmedierne.dk\/mors\/stort-eftersyn-af-vort-aeldreomraade\/","og_locale":"da_DK","og_type":"article","og_title":"- Stort eftersyn af vort \u00e6ldreomr\u00e5de - Mors","og_description":"Debatindl\u00e6g af Poul Kristensen, kandidat for Socialdemokratiet ved Kommunalvalg 2021: MORS:\u00a0Til et v\u00e6lgerm\u00f8de for nyligt stillede en ung kvinde mig et megagodt sp\u00f8rgsm\u00e5l. Hun er ansat i Mors\u00f8 Kommunes hjemmepleje og skal i gang med sin videre uddannelse. Hendes sp\u00f8rgsm\u00e5l til mig var konkret, hvad vil du g\u00f8re for, at jeg forbliver ansat i Mors\u00f8 [&hellip;]","og_url":"https:\/\/kunmedierne.dk\/mors\/stort-eftersyn-af-vort-aeldreomraade\/","og_site_name":"Mors","article_published_time":"2021-11-09T04:25:37+00:00","article_modified_time":"2024-08-12T11:35:54+00:00","og_image":[{"width":770,"height":513,"url":"https:\/\/kunmedierne.dk\/mors\/wp-content\/uploads\/2021\/10\/poul-kristensen-debat.jpg","type":"image\/jpeg"}],"author":"Debat","twitter_card":"summary_large_image","twitter_misc":{"Skrevet af":"Debat","Estimeret l\u00e6setid":"4 minutter"},"schema":{"@context":"https:\/\/schema.org","@graph":[{"@type":"Article","@id":"https:\/\/kunmedierne.dk\/mors\/stort-eftersyn-af-vort-aeldreomraade\/#article","isPartOf":{"@id":"https:\/\/kunmedierne.dk\/mors\/stort-eftersyn-af-vort-aeldreomraade\/"},"author":{"name":"Debat","@id":"https:\/\/kunmedierne.dk\/mors\/#\/schema\/person\/84c1391bce0b43b9bb3a49736bc0ad78"},"headline":"&#8211; Stort eftersyn af vort \u00e6ldreomr\u00e5de","datePublished":"2021-11-09T04:25:37+00:00","dateModified":"2024-08-12T11:35:54+00:00","mainEntityOfPage":{"@id":"https:\/\/kunmedierne.dk\/mors\/stort-eftersyn-af-vort-aeldreomraade\/"},"wordCount":623,"commentCount":0,"publisher":{"@id":"https:\/\/kunmedierne.dk\/mors\/#organization"},"image":{"@id":"https:\/\/kunmedierne.dk\/mors\/stort-eftersyn-af-vort-aeldreomraade\/#primaryimage"},"thumbnailUrl":"https:\/\/kunmedierne.dk\/mors\/wp-content\/uploads\/2021\/10\/poul-kristensen-debat.jpg","keywords":["Politik"],"articleSection":["Debat"],"inLanguage":"da-DK","potentialAction":[{"@type":"CommentAction","name":"Comment","target":["https:\/\/kunmedierne.dk\/mors\/stort-eftersyn-af-vort-aeldreomraade\/#respond"]}]},{"@type":"WebPage","@id":"https:\/\/kunmedierne.dk\/mors\/stort-eftersyn-af-vort-aeldreomraade\/","url":"https:\/\/kunmedierne.dk\/mors\/stort-eftersyn-af-vort-aeldreomraade\/","name":"- Stort eftersyn af vort \u00e6ldreomr\u00e5de - Mors","isPartOf":{"@id":"https:\/\/kunmedierne.dk\/mors\/#website"},"primaryImageOfPage":{"@id":"https:\/\/kunmedierne.dk\/mors\/stort-eftersyn-af-vort-aeldreomraade\/#primaryimage"},"image":{"@id":"https:\/\/kunmedierne.dk\/mors\/stort-eftersyn-af-vort-aeldreomraade\/#primaryimage"},"thumbnailUrl":"https:\/\/kunmedierne.dk\/mors\/wp-content\/uploads\/2021\/10\/poul-kristensen-debat.jpg","datePublished":"2021-11-09T04:25:37+00:00","dateModified":"2024-08-12T11:35:54+00:00","breadcrumb":{"@id":"https:\/\/kunmedierne.dk\/mors\/stort-eftersyn-af-vort-aeldreomraade\/#breadcrumb"},"inLanguage":"da-DK","potentialAction":[{"@type":"ReadAction","target":["https:\/\/kunmedierne.dk\/mors\/stort-eftersyn-af-vort-aeldreomraade\/"]}]},{"@type":"ImageObject","inLanguage":"da-DK","@id":"https:\/\/kunmedierne.dk\/mors\/stort-eftersyn-af-vort-aeldreomraade\/#primaryimage","url":"https:\/\/kunmedierne.dk\/mors\/wp-content\/uploads\/2021\/10\/poul-kristensen-debat.jpg","contentUrl":"https:\/\/kunmedierne.dk\/mors\/wp-content\/uploads\/2021\/10\/poul-kristensen-debat.jpg","width":770,"height":513,"caption":"Poul Kristensen, kandidat for Socialdemokratiet ved Kommunalvalg 2021."},{"@type":"BreadcrumbList","@id":"https:\/\/kunmedierne.dk\/mors\/stort-eftersyn-af-vort-aeldreomraade\/#breadcrumb","itemListElement":[{"@type":"ListItem","position":1,"name":"Hjem","item":"https:\/\/kunmedierne.dk\/mors\/"},{"@type":"ListItem","position":2,"name":"&#8211; Stort eftersyn af vort \u00e6ldreomr\u00e5de"}]},{"@type":"WebSite","@id":"https:\/\/kunmedierne.dk\/mors\/#website","url":"https:\/\/kunmedierne.dk\/mors\/","name":"Mors","description":"et netmedie med journalistik om livet p\u00e5 Mors","publisher":{"@id":"https:\/\/kunmedierne.dk\/mors\/#organization"},"potentialAction":[{"@type":"SearchAction","target":{"@type":"EntryPoint","urlTemplate":"https:\/\/kunmedierne.dk\/mors\/?s={search_term_string}"},"query-input":{"@type":"PropertyValueSpecification","valueRequired":true,"valueName":"search_term_string"}}],"inLanguage":"da-DK"},{"@type":"Organization","@id":"https:\/\/kunmedierne.dk\/mors\/#organization","name":"Mors","url":"https:\/\/kunmedierne.dk\/mors\/","logo":{"@type":"ImageObject","inLanguage":"da-DK","@id":"https:\/\/kunmedierne.dk\/mors\/#\/schema\/logo\/image\/","url":"https:\/\/kunmedierne.dk\/mors\/wp-content\/uploads\/2024\/08\/kunmors-logo.svg","contentUrl":"https:\/\/kunmedierne.dk\/mors\/wp-content\/uploads\/2024\/08\/kunmors-logo.svg","caption":"Mors"},"image":{"@id":"https:\/\/kunmedierne.dk\/mors\/#\/schema\/logo\/image\/"}},{"@type":"Person","@id":"https:\/\/kunmedierne.dk\/mors\/#\/schema\/person\/84c1391bce0b43b9bb3a49736bc0ad78","name":"Debat","image":{"@type":"ImageObject","inLanguage":"da-DK","@id":"https:\/\/kunmedierne.dk\/mors\/#\/schema\/person\/image\/","url":"https:\/\/secure.gravatar.com\/avatar\/b0fb2e221d618f7c65162ab0d49c7e8a0b580c871ca03af90e42b47b4150654c?s=96&d=mm&r=g","contentUrl":"https:\/\/secure.gravatar.com\/avatar\/b0fb2e221d618f7c65162ab0d49c7e8a0b580c871ca03af90e42b47b4150654c?s=96&d=mm&r=g","caption":"Debat"},"url":"https:\/\/kunmedierne.dk\/mors\/author\/debat\/"}]}},"_links":{"self":[{"href":"https:\/\/kunmedierne.dk\/mors\/wp-json\/wp\/v2\/posts\/56852","targetHints":{"allow":["GET"]}}],"collection":[{"href":"https:\/\/kunmedierne.dk\/mors\/wp-json\/wp\/v2\/posts"}],"about":[{"href":"https:\/\/kunmedierne.dk\/mors\/wp-json\/wp\/v2\/types\/post"}],"author":[{"embeddable":true,"href":"https:\/\/kunmedierne.dk\/mors\/wp-json\/wp\/v2\/users\/11"}],"replies":[{"embeddable":true,"href":"https:\/\/kunmedierne.dk\/mors\/wp-json\/wp\/v2\/comments?post=56852"}],"version-history":[{"count":1,"href":"https:\/\/kunmedierne.dk\/mors\/wp-json\/wp\/v2\/posts\/56852\/revisions"}],"predecessor-version":[{"id":56853,"href":"https:\/\/kunmedierne.dk\/mors\/wp-json\/wp\/v2\/posts\/56852\/revisions\/56853"}],"wp:featuredmedia":[{"embeddable":true,"href":"https:\/\/kunmedierne.dk\/mors\/wp-json\/wp\/v2\/media\/53851"}],"wp:attachment":[{"href":"https:\/\/kunmedierne.dk\/mors\/wp-json\/wp\/v2\/media?parent=56852"}],"wp:term":[{"taxonomy":"category","embeddable":true,"href":"https:\/\/kunmedierne.dk\/mors\/wp-json\/wp\/v2\/categories?post=56852"},{"taxonomy":"post_tag","embeddable":true,"href":"https:\/\/kunmedierne.dk\/mors\/wp-json\/wp\/v2\/tags?post=56852"}],"curies":[{"name":"wp","href":"https:\/\/api.w.org\/{rel}","templated":true}]}}