{"id":56841,"date":"2021-11-08T23:22:50","date_gmt":"2021-11-08T22:22:50","guid":{"rendered":"https:\/\/kunmedierne.dk\/mors\/?p=56841"},"modified":"2024-08-12T13:35:54","modified_gmt":"2024-08-12T11:35:54","slug":"naerhospital-sundhedshuse-hvad-er-det","status":"publish","type":"post","link":"https:\/\/kunmedierne.dk\/mors\/naerhospital-sundhedshuse-hvad-er-det\/","title":{"rendered":"&#8211; N\u00e6rhospital\/sundhedshuse, hvad er det?"},"content":{"rendered":"<p><em>Debatindl\u00e6g af Peter Therkildsen, <span class=\"v1s3\">medlem af regionsr\u00e5det i Nordjylland og medlem af kommunalbestyrelsen p\u00e5 Mors for Venstre &#8211; og kandidat ved begge valg:<\/span><\/em><\/p>\n<hr \/>\n<p><strong>MORS<\/strong>: <span class=\"v1s2\">N\u00e6rhospital\/sundhedshuse<\/span><span class=\"v1s2\">\u00a0hvad er det?<\/span><\/p>\n<p><span class=\"v1s3\">Det sp\u00f8rgsm\u00e5l har jeg m\u00f8dt ga<\/span><span class=\"v1s3\">ng p\u00e5 gang i de seneste dage. Til de skuffede<\/span><span class=\"v1s3\">\u00a0sp\u00f8rgere<\/span><span class=\"v1s3\">,<\/span><span class=\"v1s3\">\u00a0har jeg ikke kunnet svare direkte<\/span><span class=\"v1s3\">.\u00a0<\/span><span class=\"v1s3\">Vi<\/span><span class=\"v1s3\">\u00a0m\u00e5 vente p\u00e5\u00a0<\/span><span class=\"v1s3\">Sundhedsstyrelsen<\/span><span class=\"v1s3\">s<\/span><span class=\"v1s3\">\u00a0udspil,\u00a0<\/span><span class=\"v1s3\">og endda til den tid, tror jeg \u00a0der bliver forskellige funktioner, alt efter behov og mangler de p\u00e5g\u00e6ldende steder.<\/span><\/p>\n<p><span class=\"v1s3\">Det er en<\/span><span class=\"v1s3\">\u00a0misforst\u00e5else<\/span><span class=\"v1s3\">,<\/span><span class=\"v1s3\">\u00a0<\/span><span class=\"v1s3\">hvis man tror<\/span><span class=\"v1s3\">,<\/span><span class=\"v1s3\">\u00a0at<\/span><span class=\"v1s3\">\u00a0navnet hospital<\/span><span class=\"v1s3\">\u00a0<\/span><span class=\"v1s3\">betyder<\/span><span class=\"v1s3\">,<\/span><span class=\"v1s3\">\u00a0at akutte\u00a0<\/span><span class=\"v1s3\">hospitalsopgaver<\/span><span class=\"v1s3\">\u00a0skal l\u00f8ses\u00a0<\/span><span class=\"v1s3\">p\u00e5<\/span><span class=\"v1s3\">\u00a0stedet<\/span><span class=\"v1s3\">.<\/span><span class=\"v1s3\">\u00a0<\/span><span class=\"v1s3\">Der<\/span><span class=\"v1s3\">\u00a0vil\u00a0<\/span><span class=\"v1s3\">sandsynligvis ikke<\/span><span class=\"v1s3\">\u00a0flytte opgaver fra\u00a0<\/span><span class=\"v1s3\">vores<\/span><span class=\"v1s3\">\u00a0akuthospitaler<\/span><span class=\"v1s3\">.<\/span><span class=\"v1s3\">\u00a0Jeg\u00a0<\/span><span class=\"v1s3\">har forst\u00e5et<\/span><span class=\"v1s3\">,\u00a0<\/span><span class=\"v1s3\">at<\/span><span class=\"v1s3\">\u00a0man\u00a0<\/span><span class=\"v1s3\">s\u00e6rlig vil\u00a0<\/span><span class=\"v1s3\">behandle<\/span><span class=\"v1s3\">\u00a0kronikere<\/span><span class=\"v1s3\">,<\/span><span class=\"v1s3\">\u00a0borgere som har haft alvorlige sygdomme<\/span><span class=\"v1s3\">\u00a0og\u00a0<\/span><span class=\"v1s3\">mennersker med langvarende forl\u00f8b.<\/span><span class=\"v1s3\">\u00a0<\/span><span class=\"v1s3\">Behandling og udredning ved speciall\u00e6g<\/span><span class=\"v1s3\">e<\/span><span class=\"v1s3\">praksis<\/span><span class=\"v1s3\">, ser jeg ogs\u00e5 som en oplagt mulighed.<\/span><\/p>\n<p><span class=\"v1s3\"><a href=\"https:\/\/www.sparv.dk\/\"><img loading=\"lazy\" decoding=\"async\" class=\"alignleft size-full wp-image-46602\" src=\"https:\/\/kunmedierne.dk\/mors\/wp-content\/uploads\/2021\/06\/t11.jpg\" alt=\"\" width=\"1400\" height=\"125\" srcset=\"https:\/\/kunmedierne.dk\/mors\/wp-content\/uploads\/2021\/06\/t11.jpg 1400w, https:\/\/kunmedierne.dk\/mors\/wp-content\/uploads\/2021\/06\/t11-300x27.jpg 300w, https:\/\/kunmedierne.dk\/mors\/wp-content\/uploads\/2021\/06\/t11-1024x91.jpg 1024w, https:\/\/kunmedierne.dk\/mors\/wp-content\/uploads\/2021\/06\/t11-768x69.jpg 768w, https:\/\/kunmedierne.dk\/mors\/wp-content\/uploads\/2021\/06\/t11-600x54.jpg 600w\" sizes=\"auto, (max-width: 1400px) 100vw, 1400px\" \/><\/a>I forhold til Thisted\u00a0<\/span><span class=\"v1s3\">S<\/span><span class=\"v1s3\">ygehus, kan man v\u00e6re ganske tryg. I Regionsr\u00e5det har vi netop vedtaget\u00a0<\/span><span class=\"v1s3\">en plan, som styrker alle\u00a0<\/span><span class=\"v1s3\">akutte funktioner, og Aalborg Universitets<\/span><span class=\"v1s3\">h<\/span><span class=\"v1s3\">ospital\u00a0<\/span><span class=\"v1s3\">\u00f8ger indsatsen for at sende flere og flere l\u00e6ger og sund<\/span><span class=\"v1s3\">hedspersonale<\/span><span class=\"v1s3\">\u00a0med bussen<\/span><span class=\"v1s3\">\u00a0fra Aalborg.<\/span><span class=\"v1s3\">\u00a0<\/span><span class=\"v1s3\">Planer for genetablering af det<\/span><span class=\"v1s3\">fulde<\/span><span class=\"v1s3\">\u00a0akutte beredskab<\/span><span class=\"v1s3\">\u00a0er i gang.\u00a0<\/span><span class=\"v1s3\">Manglen af kirurger er dog ikke l\u00f8st endnu.<\/span><\/p>\n<p><span class=\"v1s2\">Tilbage til n\u00e6rhospitaler eller sundhedshuse som er et mere retvisende billede af hvad vi taler om.<\/span><\/p>\n<p><span class=\"v1s3\">Et sundhedstilbud i n\u00e6romr\u00e5det,<\/span><span class=\"v1s3\">\u00a0er noget ganske andet<\/span><span class=\"v1s3\">\u00a0end et akuthospital<\/span><span class=\"v1s3\">, og jeg vil v\u00e6lge at\u00a0<\/span><span class=\"v1s3\">se det som\u00a0<\/span><span class=\"v1s3\">et\u00a0<\/span><span class=\"v1s3\">udvide<\/span><span class=\"v1s3\">t\u00a0<\/span><span class=\"v1s3\">sundhedshu<\/span><span class=\"v1s3\">s, hvor der givetvis vil v\u00e6re udfordringer med s\u00e5vel \u00f8konomi som bemanding.<\/span><\/p>\n<p><span class=\"v1s3\">Vi mangler i dag<\/span><span class=\"v1s3\">\u00a0generelt i sundhedsv\u00e6snet b\u00e5de<\/span><span class=\"v1s3\">\u00a0sygeplejersker og\u00a0<\/span><span class=\"v1s3\">l\u00e6ger. Her kommer venstres sundhedsudspil med 1700 flere uddannelsespladser meget belejligt, og flere sygeplejersker skal ogs\u00e5 uddannes.<\/span><\/p>\n<p><span class=\"v1s3\"><a href=\"https:\/\/thistedkloakservice.dk\/\"><img loading=\"lazy\" decoding=\"async\" class=\"alignleft size-full wp-image-46603\" src=\"https:\/\/kunmedierne.dk\/mors\/wp-content\/uploads\/2021\/06\/t12.jpg\" alt=\"\" width=\"1400\" height=\"125\" srcset=\"https:\/\/kunmedierne.dk\/mors\/wp-content\/uploads\/2021\/06\/t12.jpg 1400w, https:\/\/kunmedierne.dk\/mors\/wp-content\/uploads\/2021\/06\/t12-300x27.jpg 300w, https:\/\/kunmedierne.dk\/mors\/wp-content\/uploads\/2021\/06\/t12-1024x91.jpg 1024w, https:\/\/kunmedierne.dk\/mors\/wp-content\/uploads\/2021\/06\/t12-768x69.jpg 768w, https:\/\/kunmedierne.dk\/mors\/wp-content\/uploads\/2021\/06\/t12-600x54.jpg 600w\" sizes=\"auto, (max-width: 1400px) 100vw, 1400px\" \/><\/a>Os optimister tror\u00a0<\/span><span class=\"v1s3\">p\u00e5,\u00a0<\/span><span class=\"v1s3\">at mange l\u00e6ger<\/span><span class=\"v1s3\">\u00a0i fremtiden<\/span><span class=\"v1s3\">\u00a0vil se det som\u00a0<\/span><span class=\"v1s3\">en ekstra udfordring<\/span><span class=\"v1s3\">\u00a0<\/span><span class=\"v1s3\">at bruge noget af deres arbejdstid p\u00e5 at\u00a0<\/span><span class=\"v1s3\">betjene et s\u00e5dan<\/span><span class=\"v1s3\">t<\/span><span class=\"v1s3\">\u00a0&#8220;n\u00e6rhospital<\/span><span class=\"v1s3\">&#8220;. Alt afh\u00e6ngig<\/span><span class=\"v1s3\">\u00a0a<\/span><span class=\"v1s3\">f,<\/span><span class=\"v1s3\">\u00a0hvilke tilbud der bliver i Nyk\u00f8bing<\/span><span class=\"v1s3\">,<\/span><span class=\"v1s3\">\u00a0kan man forestille sig<\/span><span class=\"v1s3\">\u00a0<\/span><span class=\"v1s3\">flere\u00a0<\/span><span class=\"v1s3\">praktiserende l\u00e6ger og speciall\u00e6ger<\/span><span class=\"v1s3\">\u00a0blive tilknyttet.<\/span><\/p>\n<p><span class=\"v1s3\">Eksempelvis en<\/span><span class=\"v1s3\">\u00a0b\u00f8rnel\u00e6ge, en\u00a0<\/span><span class=\"v1s3\">neurolog<\/span><span class=\"v1s3\">,<\/span><span class=\"v1s3\">\u00a0<\/span><span class=\"v1s3\">en psykiater<\/span><span class=\"v1s3\">, en\u00a0<\/span><span class=\"v1s3\">r<\/span><span class=\"v1s3\">eumatolog<\/span><span class=\"v1s3\">, en hudl\u00e6ge<\/span><span class=\"v1s3\">. Alle speciall\u00e6ger<\/span><span class=\"v1s3\">,<\/span><span class=\"v1s3\">\u00a0som kunne arbejde noget af deres tid p\u00e5 Thisted<\/span><span class=\"v1s3\">&#8211;<\/span><span class=\"v1s3\">matriklen<\/span><span class=\"v1s3\">.<\/span><span class=\"v1s3\">\u00a0<\/span><span class=\"v1s3\">Det har vi tidligere set med vore\u00a0<\/span><span class=\"v1s3\">praktiserende\u00a0<\/span><span class=\"v1s3\">\u00f8rel\u00e6ger, og s\u00e5 delestillinger i Sundhedshus Nyk\u00f8bing.<\/span><\/p>\n<p><span class=\"v1s3\">Vi skal turde t\u00e6nke ud af<\/span><span class=\"v1s3\">\u00a0boksen<\/span><span class=\"v1s3\">:<\/span><\/p>\n<p><span class=\"v1s3\">Indsatsen for<\/span><span class=\"v1s3\">\u00a0kronikere og<\/span><span class=\"v1s3\">\u00a0borgere med senf\u00f8lger<\/span><span class=\"v1s3\">\u00a0efter\u00a0<\/span><span class=\"v1s3\">alvorlige sygdomme<\/span><span class=\"v1s3\">,<\/span><span class=\"v1s3\">\u00a0som kan klares ambulant<\/span><span class=\"v1s3\">\u00a0i rolige n\u00e6re omgivelser<\/span><span class=\"v1s3\">. Borgere som venter p\u00e5 behandling\u00a0<\/span><span class=\"v1s3\">hos<\/span><span class=\"v1s3\">\u00a0<\/span><span class=\"v1s3\">praktiserende speciall\u00e6ger,\u00a0<\/span><span class=\"v1s3\">med naturen som n\u00e6rmeste nabo, vil nyde godt af dette.<\/span><\/p>\n<p><span class=\"v1s3\"><a href=\"https:\/\/morsgaver.dk\/\"><img loading=\"lazy\" decoding=\"async\" class=\"alignleft size-full wp-image-51444\" src=\"https:\/\/kunmedierne.dk\/mors\/wp-content\/uploads\/2021\/09\/KunMors_julegaver_2021.jpg\" alt=\"\" width=\"1400\" height=\"125\" srcset=\"https:\/\/kunmedierne.dk\/mors\/wp-content\/uploads\/2021\/09\/KunMors_julegaver_2021.jpg 1400w, https:\/\/kunmedierne.dk\/mors\/wp-content\/uploads\/2021\/09\/KunMors_julegaver_2021-300x27.jpg 300w, https:\/\/kunmedierne.dk\/mors\/wp-content\/uploads\/2021\/09\/KunMors_julegaver_2021-1024x91.jpg 1024w, https:\/\/kunmedierne.dk\/mors\/wp-content\/uploads\/2021\/09\/KunMors_julegaver_2021-768x69.jpg 768w, https:\/\/kunmedierne.dk\/mors\/wp-content\/uploads\/2021\/09\/KunMors_julegaver_2021-600x54.jpg 600w\" sizes=\"auto, (max-width: 1400px) 100vw, 1400px\" \/><\/a>\u00d8konomisk m\u00e5 det nok v\u00e6re s\u00e5dan<\/span><span class=\"v1s3\">,<\/span><span class=\"v1s3\">\u00a0at driften\u00a0<\/span><span class=\"v1s3\">b\u00f8r\u00a0<\/span><span class=\"v1s3\">blive af<\/span><span class=\"v1s3\">\u00a0<\/span><span class=\"v1s3\">f\u00e6lles\u00a0<\/span><span class=\"v1s3\">penge, som<\/span><span class=\"v1s3\">\u00a0vi har kendt\u00a0<\/span><span class=\"v1s3\">det\u00a0<\/span><span class=\"v1s3\">under\u00a0<\/span><span class=\"v1s3\">C<\/span><span class=\"v1s3\">orona<\/span><span class=\"v1s3\">-pandemien.<\/span><span class=\"v1s3\">\u00a0Den opgave er l\u00f8st\u00a0<\/span><span class=\"v1s3\">p\u00e5 forbilledlig vis<\/span><span class=\"v1s3\">\u00a0<\/span><span class=\"v1s3\">af region<\/span><span class=\"v1s3\">er<\/span><span class=\"v1s3\">\u00a0og kommuner<\/span><span class=\"v1s3\">. En del af succesen er efter min mening, at det har v\u00e6ret f\u00e6lles penge.<\/span><\/p>\n<p><span class=\"v1s3\">Det brede samarbejde\u00a0<\/span><span class=\"v1s3\">mellem\u00a0<\/span><span class=\"v1s3\">kommuner, praksis og hospitalsv\u00e6sen\u00a0<\/span><span class=\"v1s3\">skal lykkes. Det var udfordringen<\/span><span class=\"v1s3\">,<\/span><span class=\"v1s3\">\u00a0da regionerne blev etableret. Det er det stadig<\/span><span class=\"v1s3\">. Sundhedsaftalerne har ikke\u00a0<\/span><span class=\"v1s3\">v\u00e6ret tilstr\u00e6kkelig<\/span><span class=\"v1s3\">e<\/span><span class=\"v1s3\">. Kommunal\u00a0<\/span><span class=\"v1s3\">medfinansering har ikke virket<\/span><span class=\"v1s3\">.\u00a0<\/span><span class=\"v1s3\">V<\/span><span class=\"v1s3\">i har v\u00e6re vidne<\/span><span class=\"v1s3\">\u00a0til\u00a0<\/span><span class=\"v1s3\">diskussioner<\/span><span class=\"v1s3\">\u00a0om hvem der skal betale<\/span><span class=\"v1s3\">. Det\u00a0<\/span><span class=\"v1s3\">har hindret gode initiativer.<\/span><\/p>\n<p><span class=\"v1s3\">Vi er mange<\/span><span class=\"v1s3\">,<\/span><span class=\"v1s3\">\u00a0der<\/span><span class=\"v1s3\">\u00a0<\/span><span class=\"v1s3\">sp\u00e6ndt\u00a0<\/span><span class=\"v1s3\">venter,\u00a0<\/span><span class=\"v1s3\">p\u00e5 hvad\u00a0<\/span><span class=\"v1s3\">Sundhedsstyrelsen kommer med af opl\u00e6g<\/span><span class=\"v1s3\">,\u00a0<\/span><span class=\"v1s3\">men<\/span><span class=\"v1s3\">\u00a0der ska<\/span><span class=\"v1s3\">l\u00a0<\/span><span class=\"v1s3\">nye penge til<\/span><span class=\"v1s3\">.<\/span><\/p>\n<p><a href=\"https:\/\/www.fmspks.dk\/\"><img loading=\"lazy\" decoding=\"async\" class=\"alignleft size-full wp-image-46592\" src=\"https:\/\/kunmedierne.dk\/mors\/wp-content\/uploads\/2021\/06\/t01.jpg\" alt=\"\" width=\"1400\" height=\"125\" srcset=\"https:\/\/kunmedierne.dk\/mors\/wp-content\/uploads\/2021\/06\/t01.jpg 1400w, https:\/\/kunmedierne.dk\/mors\/wp-content\/uploads\/2021\/06\/t01-300x27.jpg 300w, https:\/\/kunmedierne.dk\/mors\/wp-content\/uploads\/2021\/06\/t01-1024x91.jpg 1024w, https:\/\/kunmedierne.dk\/mors\/wp-content\/uploads\/2021\/06\/t01-768x69.jpg 768w, https:\/\/kunmedierne.dk\/mors\/wp-content\/uploads\/2021\/06\/t01-600x54.jpg 600w\" sizes=\"auto, (max-width: 1400px) 100vw, 1400px\" \/><\/a><\/p>\n<hr \/>\n<p><em>Har du et bidrag til den lokale debat? Send det til os p\u00e5 e-mail: debat@kunmedierne.dk\/mors. Husk at l\u00e6se korrektur inden afsendelse p\u00e5 indl\u00e6gget.<\/em><\/p>\n<blockquote>\n<h5>F\u00e5 dagens nyheder om Mors direkte i din mailboks. Tilmeld dig vores gratis nyhedsbrev nederst p\u00e5 siden. S\u00e5 f\u00e5r du KunMors som en lokal avis \u2013 alle ugens dage \u00e5ret rundt.<\/h5>\n<\/blockquote>\n","protected":false},"excerpt":{"rendered":"<p>Debatindl\u00e6g af Peter Therkildsen, medlem af regionsr\u00e5det i Nordjylland og medlem af kommunalbestyrelsen p\u00e5 Mors for Venstre &#8211; og kandidat ved begge valg: MORS: N\u00e6rhospital\/sundhedshuse\u00a0hvad er det? Det sp\u00f8rgsm\u00e5l har jeg m\u00f8dt gang p\u00e5 gang i de seneste dage. Til de skuffede\u00a0sp\u00f8rgere,\u00a0har jeg ikke kunnet svare direkte.\u00a0Vi\u00a0m\u00e5 vente p\u00e5\u00a0Sundhedsstyrelsens\u00a0udspil,\u00a0og endda til den tid, tror jeg [&hellip;]<\/p>\n","protected":false},"author":11,"featured_media":55853,"comment_status":"open","ping_status":"open","sticky":false,"template":"","format":"standard","meta":{"_acf_changed":false,"footnotes":""},"categories":[56],"tags":[167],"class_list":["post-56841","post","type-post","status-publish","format-standard","has-post-thumbnail","hentry","category-debat","tag-politik"],"acf":[],"yoast_head":"<!-- This site is optimized with the Yoast SEO plugin v26.8 - https:\/\/yoast.com\/product\/yoast-seo-wordpress\/ -->\n<title>- N\u00e6rhospital\/sundhedshuse, hvad er det? - Mors<\/title>\n<meta name=\"robots\" content=\"index, follow, max-snippet:-1, max-image-preview:large, max-video-preview:-1\" \/>\n<link rel=\"canonical\" href=\"https:\/\/kunmedierne.dk\/mors\/naerhospital-sundhedshuse-hvad-er-det\/\" \/>\n<meta property=\"og:locale\" content=\"da_DK\" \/>\n<meta property=\"og:type\" content=\"article\" \/>\n<meta property=\"og:title\" content=\"- N\u00e6rhospital\/sundhedshuse, hvad er det? - Mors\" \/>\n<meta property=\"og:description\" content=\"Debatindl\u00e6g af Peter Therkildsen, medlem af regionsr\u00e5det i Nordjylland og medlem af kommunalbestyrelsen p\u00e5 Mors for Venstre &#8211; og kandidat ved begge valg: MORS: N\u00e6rhospital\/sundhedshuse\u00a0hvad er det? Det sp\u00f8rgsm\u00e5l har jeg m\u00f8dt gang p\u00e5 gang i de seneste dage. Til de skuffede\u00a0sp\u00f8rgere,\u00a0har jeg ikke kunnet svare direkte.\u00a0Vi\u00a0m\u00e5 vente p\u00e5\u00a0Sundhedsstyrelsens\u00a0udspil,\u00a0og endda til den tid, tror jeg [&hellip;]\" \/>\n<meta property=\"og:url\" content=\"https:\/\/kunmedierne.dk\/mors\/naerhospital-sundhedshuse-hvad-er-det\/\" \/>\n<meta property=\"og:site_name\" content=\"Mors\" \/>\n<meta property=\"article:published_time\" content=\"2021-11-08T22:22:50+00:00\" \/>\n<meta property=\"article:modified_time\" content=\"2024-08-12T11:35:54+00:00\" \/>\n<meta property=\"og:image\" content=\"https:\/\/kunmedierne.dk\/mors\/wp-content\/uploads\/2021\/10\/peter-therkildsen.jpg\" \/>\n\t<meta property=\"og:image:width\" content=\"770\" \/>\n\t<meta property=\"og:image:height\" content=\"513\" \/>\n\t<meta property=\"og:image:type\" content=\"image\/jpeg\" \/>\n<meta name=\"author\" content=\"Debat\" \/>\n<meta name=\"twitter:card\" content=\"summary_large_image\" \/>\n<meta name=\"twitter:label1\" content=\"Skrevet af\" \/>\n\t<meta name=\"twitter:data1\" content=\"Debat\" \/>\n\t<meta name=\"twitter:label2\" content=\"Estimeret l\u00e6setid\" \/>\n\t<meta name=\"twitter:data2\" content=\"4 minutter\" \/>\n<script type=\"application\/ld+json\" class=\"yoast-schema-graph\">{\"@context\":\"https:\/\/schema.org\",\"@graph\":[{\"@type\":\"Article\",\"@id\":\"https:\/\/kunmedierne.dk\/mors\/naerhospital-sundhedshuse-hvad-er-det\/#article\",\"isPartOf\":{\"@id\":\"https:\/\/kunmedierne.dk\/mors\/naerhospital-sundhedshuse-hvad-er-det\/\"},\"author\":{\"name\":\"Debat\",\"@id\":\"https:\/\/kunmedierne.dk\/mors\/#\/schema\/person\/84c1391bce0b43b9bb3a49736bc0ad78\"},\"headline\":\"&#8211; N\u00e6rhospital\/sundhedshuse, hvad er det?\",\"datePublished\":\"2021-11-08T22:22:50+00:00\",\"dateModified\":\"2024-08-12T11:35:54+00:00\",\"mainEntityOfPage\":{\"@id\":\"https:\/\/kunmedierne.dk\/mors\/naerhospital-sundhedshuse-hvad-er-det\/\"},\"wordCount\":654,\"commentCount\":0,\"publisher\":{\"@id\":\"https:\/\/kunmedierne.dk\/mors\/#organization\"},\"image\":{\"@id\":\"https:\/\/kunmedierne.dk\/mors\/naerhospital-sundhedshuse-hvad-er-det\/#primaryimage\"},\"thumbnailUrl\":\"https:\/\/kunmedierne.dk\/mors\/wp-content\/uploads\/2021\/10\/peter-therkildsen.jpg\",\"keywords\":[\"Politik\"],\"articleSection\":[\"Debat\"],\"inLanguage\":\"da-DK\",\"potentialAction\":[{\"@type\":\"CommentAction\",\"name\":\"Comment\",\"target\":[\"https:\/\/kunmedierne.dk\/mors\/naerhospital-sundhedshuse-hvad-er-det\/#respond\"]}]},{\"@type\":\"WebPage\",\"@id\":\"https:\/\/kunmedierne.dk\/mors\/naerhospital-sundhedshuse-hvad-er-det\/\",\"url\":\"https:\/\/kunmedierne.dk\/mors\/naerhospital-sundhedshuse-hvad-er-det\/\",\"name\":\"- N\u00e6rhospital\/sundhedshuse, hvad er det? - Mors\",\"isPartOf\":{\"@id\":\"https:\/\/kunmedierne.dk\/mors\/#website\"},\"primaryImageOfPage\":{\"@id\":\"https:\/\/kunmedierne.dk\/mors\/naerhospital-sundhedshuse-hvad-er-det\/#primaryimage\"},\"image\":{\"@id\":\"https:\/\/kunmedierne.dk\/mors\/naerhospital-sundhedshuse-hvad-er-det\/#primaryimage\"},\"thumbnailUrl\":\"https:\/\/kunmedierne.dk\/mors\/wp-content\/uploads\/2021\/10\/peter-therkildsen.jpg\",\"datePublished\":\"2021-11-08T22:22:50+00:00\",\"dateModified\":\"2024-08-12T11:35:54+00:00\",\"breadcrumb\":{\"@id\":\"https:\/\/kunmedierne.dk\/mors\/naerhospital-sundhedshuse-hvad-er-det\/#breadcrumb\"},\"inLanguage\":\"da-DK\",\"potentialAction\":[{\"@type\":\"ReadAction\",\"target\":[\"https:\/\/kunmedierne.dk\/mors\/naerhospital-sundhedshuse-hvad-er-det\/\"]}]},{\"@type\":\"ImageObject\",\"inLanguage\":\"da-DK\",\"@id\":\"https:\/\/kunmedierne.dk\/mors\/naerhospital-sundhedshuse-hvad-er-det\/#primaryimage\",\"url\":\"https:\/\/kunmedierne.dk\/mors\/wp-content\/uploads\/2021\/10\/peter-therkildsen.jpg\",\"contentUrl\":\"https:\/\/kunmedierne.dk\/mors\/wp-content\/uploads\/2021\/10\/peter-therkildsen.jpg\",\"width\":770,\"height\":513,\"caption\":\"Peter Therkildsen, kandidat til kommunal- og regionsvalget 2021.\"},{\"@type\":\"BreadcrumbList\",\"@id\":\"https:\/\/kunmedierne.dk\/mors\/naerhospital-sundhedshuse-hvad-er-det\/#breadcrumb\",\"itemListElement\":[{\"@type\":\"ListItem\",\"position\":1,\"name\":\"Hjem\",\"item\":\"https:\/\/kunmedierne.dk\/mors\/\"},{\"@type\":\"ListItem\",\"position\":2,\"name\":\"&#8211; N\u00e6rhospital\/sundhedshuse, hvad er det?\"}]},{\"@type\":\"WebSite\",\"@id\":\"https:\/\/kunmedierne.dk\/mors\/#website\",\"url\":\"https:\/\/kunmedierne.dk\/mors\/\",\"name\":\"Mors\",\"description\":\"et netmedie med journalistik om livet p\u00e5 Mors\",\"publisher\":{\"@id\":\"https:\/\/kunmedierne.dk\/mors\/#organization\"},\"potentialAction\":[{\"@type\":\"SearchAction\",\"target\":{\"@type\":\"EntryPoint\",\"urlTemplate\":\"https:\/\/kunmedierne.dk\/mors\/?s={search_term_string}\"},\"query-input\":{\"@type\":\"PropertyValueSpecification\",\"valueRequired\":true,\"valueName\":\"search_term_string\"}}],\"inLanguage\":\"da-DK\"},{\"@type\":\"Organization\",\"@id\":\"https:\/\/kunmedierne.dk\/mors\/#organization\",\"name\":\"Mors\",\"url\":\"https:\/\/kunmedierne.dk\/mors\/\",\"logo\":{\"@type\":\"ImageObject\",\"inLanguage\":\"da-DK\",\"@id\":\"https:\/\/kunmedierne.dk\/mors\/#\/schema\/logo\/image\/\",\"url\":\"https:\/\/kunmedierne.dk\/mors\/wp-content\/uploads\/2024\/08\/kunmors-logo.svg\",\"contentUrl\":\"https:\/\/kunmedierne.dk\/mors\/wp-content\/uploads\/2024\/08\/kunmors-logo.svg\",\"caption\":\"Mors\"},\"image\":{\"@id\":\"https:\/\/kunmedierne.dk\/mors\/#\/schema\/logo\/image\/\"}},{\"@type\":\"Person\",\"@id\":\"https:\/\/kunmedierne.dk\/mors\/#\/schema\/person\/84c1391bce0b43b9bb3a49736bc0ad78\",\"name\":\"Debat\",\"image\":{\"@type\":\"ImageObject\",\"inLanguage\":\"da-DK\",\"@id\":\"https:\/\/kunmedierne.dk\/mors\/#\/schema\/person\/image\/\",\"url\":\"https:\/\/secure.gravatar.com\/avatar\/b0fb2e221d618f7c65162ab0d49c7e8a0b580c871ca03af90e42b47b4150654c?s=96&d=mm&r=g\",\"contentUrl\":\"https:\/\/secure.gravatar.com\/avatar\/b0fb2e221d618f7c65162ab0d49c7e8a0b580c871ca03af90e42b47b4150654c?s=96&d=mm&r=g\",\"caption\":\"Debat\"},\"url\":\"https:\/\/kunmedierne.dk\/mors\/author\/debat\/\"}]}<\/script>\n<!-- \/ Yoast SEO plugin. -->","yoast_head_json":{"title":"- N\u00e6rhospital\/sundhedshuse, hvad er det? - Mors","robots":{"index":"index","follow":"follow","max-snippet":"max-snippet:-1","max-image-preview":"max-image-preview:large","max-video-preview":"max-video-preview:-1"},"canonical":"https:\/\/kunmedierne.dk\/mors\/naerhospital-sundhedshuse-hvad-er-det\/","og_locale":"da_DK","og_type":"article","og_title":"- N\u00e6rhospital\/sundhedshuse, hvad er det? - Mors","og_description":"Debatindl\u00e6g af Peter Therkildsen, medlem af regionsr\u00e5det i Nordjylland og medlem af kommunalbestyrelsen p\u00e5 Mors for Venstre &#8211; og kandidat ved begge valg: MORS: N\u00e6rhospital\/sundhedshuse\u00a0hvad er det? Det sp\u00f8rgsm\u00e5l har jeg m\u00f8dt gang p\u00e5 gang i de seneste dage. Til de skuffede\u00a0sp\u00f8rgere,\u00a0har jeg ikke kunnet svare direkte.\u00a0Vi\u00a0m\u00e5 vente p\u00e5\u00a0Sundhedsstyrelsens\u00a0udspil,\u00a0og endda til den tid, tror jeg [&hellip;]","og_url":"https:\/\/kunmedierne.dk\/mors\/naerhospital-sundhedshuse-hvad-er-det\/","og_site_name":"Mors","article_published_time":"2021-11-08T22:22:50+00:00","article_modified_time":"2024-08-12T11:35:54+00:00","og_image":[{"width":770,"height":513,"url":"https:\/\/kunmedierne.dk\/mors\/wp-content\/uploads\/2021\/10\/peter-therkildsen.jpg","type":"image\/jpeg"}],"author":"Debat","twitter_card":"summary_large_image","twitter_misc":{"Skrevet af":"Debat","Estimeret l\u00e6setid":"4 minutter"},"schema":{"@context":"https:\/\/schema.org","@graph":[{"@type":"Article","@id":"https:\/\/kunmedierne.dk\/mors\/naerhospital-sundhedshuse-hvad-er-det\/#article","isPartOf":{"@id":"https:\/\/kunmedierne.dk\/mors\/naerhospital-sundhedshuse-hvad-er-det\/"},"author":{"name":"Debat","@id":"https:\/\/kunmedierne.dk\/mors\/#\/schema\/person\/84c1391bce0b43b9bb3a49736bc0ad78"},"headline":"&#8211; N\u00e6rhospital\/sundhedshuse, hvad er det?","datePublished":"2021-11-08T22:22:50+00:00","dateModified":"2024-08-12T11:35:54+00:00","mainEntityOfPage":{"@id":"https:\/\/kunmedierne.dk\/mors\/naerhospital-sundhedshuse-hvad-er-det\/"},"wordCount":654,"commentCount":0,"publisher":{"@id":"https:\/\/kunmedierne.dk\/mors\/#organization"},"image":{"@id":"https:\/\/kunmedierne.dk\/mors\/naerhospital-sundhedshuse-hvad-er-det\/#primaryimage"},"thumbnailUrl":"https:\/\/kunmedierne.dk\/mors\/wp-content\/uploads\/2021\/10\/peter-therkildsen.jpg","keywords":["Politik"],"articleSection":["Debat"],"inLanguage":"da-DK","potentialAction":[{"@type":"CommentAction","name":"Comment","target":["https:\/\/kunmedierne.dk\/mors\/naerhospital-sundhedshuse-hvad-er-det\/#respond"]}]},{"@type":"WebPage","@id":"https:\/\/kunmedierne.dk\/mors\/naerhospital-sundhedshuse-hvad-er-det\/","url":"https:\/\/kunmedierne.dk\/mors\/naerhospital-sundhedshuse-hvad-er-det\/","name":"- N\u00e6rhospital\/sundhedshuse, hvad er det? - Mors","isPartOf":{"@id":"https:\/\/kunmedierne.dk\/mors\/#website"},"primaryImageOfPage":{"@id":"https:\/\/kunmedierne.dk\/mors\/naerhospital-sundhedshuse-hvad-er-det\/#primaryimage"},"image":{"@id":"https:\/\/kunmedierne.dk\/mors\/naerhospital-sundhedshuse-hvad-er-det\/#primaryimage"},"thumbnailUrl":"https:\/\/kunmedierne.dk\/mors\/wp-content\/uploads\/2021\/10\/peter-therkildsen.jpg","datePublished":"2021-11-08T22:22:50+00:00","dateModified":"2024-08-12T11:35:54+00:00","breadcrumb":{"@id":"https:\/\/kunmedierne.dk\/mors\/naerhospital-sundhedshuse-hvad-er-det\/#breadcrumb"},"inLanguage":"da-DK","potentialAction":[{"@type":"ReadAction","target":["https:\/\/kunmedierne.dk\/mors\/naerhospital-sundhedshuse-hvad-er-det\/"]}]},{"@type":"ImageObject","inLanguage":"da-DK","@id":"https:\/\/kunmedierne.dk\/mors\/naerhospital-sundhedshuse-hvad-er-det\/#primaryimage","url":"https:\/\/kunmedierne.dk\/mors\/wp-content\/uploads\/2021\/10\/peter-therkildsen.jpg","contentUrl":"https:\/\/kunmedierne.dk\/mors\/wp-content\/uploads\/2021\/10\/peter-therkildsen.jpg","width":770,"height":513,"caption":"Peter Therkildsen, kandidat til kommunal- og regionsvalget 2021."},{"@type":"BreadcrumbList","@id":"https:\/\/kunmedierne.dk\/mors\/naerhospital-sundhedshuse-hvad-er-det\/#breadcrumb","itemListElement":[{"@type":"ListItem","position":1,"name":"Hjem","item":"https:\/\/kunmedierne.dk\/mors\/"},{"@type":"ListItem","position":2,"name":"&#8211; N\u00e6rhospital\/sundhedshuse, hvad er det?"}]},{"@type":"WebSite","@id":"https:\/\/kunmedierne.dk\/mors\/#website","url":"https:\/\/kunmedierne.dk\/mors\/","name":"Mors","description":"et netmedie med journalistik om livet p\u00e5 Mors","publisher":{"@id":"https:\/\/kunmedierne.dk\/mors\/#organization"},"potentialAction":[{"@type":"SearchAction","target":{"@type":"EntryPoint","urlTemplate":"https:\/\/kunmedierne.dk\/mors\/?s={search_term_string}"},"query-input":{"@type":"PropertyValueSpecification","valueRequired":true,"valueName":"search_term_string"}}],"inLanguage":"da-DK"},{"@type":"Organization","@id":"https:\/\/kunmedierne.dk\/mors\/#organization","name":"Mors","url":"https:\/\/kunmedierne.dk\/mors\/","logo":{"@type":"ImageObject","inLanguage":"da-DK","@id":"https:\/\/kunmedierne.dk\/mors\/#\/schema\/logo\/image\/","url":"https:\/\/kunmedierne.dk\/mors\/wp-content\/uploads\/2024\/08\/kunmors-logo.svg","contentUrl":"https:\/\/kunmedierne.dk\/mors\/wp-content\/uploads\/2024\/08\/kunmors-logo.svg","caption":"Mors"},"image":{"@id":"https:\/\/kunmedierne.dk\/mors\/#\/schema\/logo\/image\/"}},{"@type":"Person","@id":"https:\/\/kunmedierne.dk\/mors\/#\/schema\/person\/84c1391bce0b43b9bb3a49736bc0ad78","name":"Debat","image":{"@type":"ImageObject","inLanguage":"da-DK","@id":"https:\/\/kunmedierne.dk\/mors\/#\/schema\/person\/image\/","url":"https:\/\/secure.gravatar.com\/avatar\/b0fb2e221d618f7c65162ab0d49c7e8a0b580c871ca03af90e42b47b4150654c?s=96&d=mm&r=g","contentUrl":"https:\/\/secure.gravatar.com\/avatar\/b0fb2e221d618f7c65162ab0d49c7e8a0b580c871ca03af90e42b47b4150654c?s=96&d=mm&r=g","caption":"Debat"},"url":"https:\/\/kunmedierne.dk\/mors\/author\/debat\/"}]}},"_links":{"self":[{"href":"https:\/\/kunmedierne.dk\/mors\/wp-json\/wp\/v2\/posts\/56841","targetHints":{"allow":["GET"]}}],"collection":[{"href":"https:\/\/kunmedierne.dk\/mors\/wp-json\/wp\/v2\/posts"}],"about":[{"href":"https:\/\/kunmedierne.dk\/mors\/wp-json\/wp\/v2\/types\/post"}],"author":[{"embeddable":true,"href":"https:\/\/kunmedierne.dk\/mors\/wp-json\/wp\/v2\/users\/11"}],"replies":[{"embeddable":true,"href":"https:\/\/kunmedierne.dk\/mors\/wp-json\/wp\/v2\/comments?post=56841"}],"version-history":[{"count":1,"href":"https:\/\/kunmedierne.dk\/mors\/wp-json\/wp\/v2\/posts\/56841\/revisions"}],"predecessor-version":[{"id":56843,"href":"https:\/\/kunmedierne.dk\/mors\/wp-json\/wp\/v2\/posts\/56841\/revisions\/56843"}],"wp:featuredmedia":[{"embeddable":true,"href":"https:\/\/kunmedierne.dk\/mors\/wp-json\/wp\/v2\/media\/55853"}],"wp:attachment":[{"href":"https:\/\/kunmedierne.dk\/mors\/wp-json\/wp\/v2\/media?parent=56841"}],"wp:term":[{"taxonomy":"category","embeddable":true,"href":"https:\/\/kunmedierne.dk\/mors\/wp-json\/wp\/v2\/categories?post=56841"},{"taxonomy":"post_tag","embeddable":true,"href":"https:\/\/kunmedierne.dk\/mors\/wp-json\/wp\/v2\/tags?post=56841"}],"curies":[{"name":"wp","href":"https:\/\/api.w.org\/{rel}","templated":true}]}}