{"id":56839,"date":"2021-11-08T22:43:41","date_gmt":"2021-11-08T21:43:41","guid":{"rendered":"https:\/\/kunmedierne.dk\/mors\/?p=56839"},"modified":"2024-08-12T13:35:54","modified_gmt":"2024-08-12T11:35:54","slug":"de-udsatte-unge-paa-mors-2","status":"publish","type":"post","link":"https:\/\/kunmedierne.dk\/mors\/de-udsatte-unge-paa-mors-2\/","title":{"rendered":"&#8211; De udsatte unge p\u00e5 Mors"},"content":{"rendered":"<p><em>Debatindl\u00e6g af Jens Hvid Skouboe, kandidat for Demokratisk Balance ved Kommunalvalg 2021:<\/em><\/p>\n<hr \/>\n<p><strong>MORS<\/strong>: P\u00e5 vores sk\u00f8nne \u00f8, Mors, kender vi &#8211; om nogen &#8211; betydningen af at bygge gode broer. Smukke og velfungerende broer. Broer med et fundament, der holder, ogs\u00e5 selv om b\u00f8lgerne g\u00e5r h\u00f8jt.<br \/>\nDerfor bygger vi broer. Ikke bare, s\u00e5 folk udefra eller vi selv kan komme til og fra \u00f8en, men vi bygger billedligt talt ogs\u00e5 mellem hinanden! Broerne, der binder os sammen som mennesker, bliver nogle gange kaldt \u201dForenings Danmark\u201d.<\/p>\n<p>Vi har et levende og helt vitalt foreningsliv p\u00e5 Mors. Og vi har en velfungerende ungdomsskole, der tilbyder sin m\u00e5lgruppe s\u00e5 omfattende et program, at alle vore unge har muligheden for at leve et aktivt og godt ungdomsliv. Eller hvad?<\/p>\n<p><a href=\"https:\/\/www.sparnord.dk\/filialer\/nykoebing-mors\/\"><img loading=\"lazy\" decoding=\"async\" class=\"alignleft size-full wp-image-46595\" src=\"https:\/\/kunmedierne.dk\/mors\/wp-content\/uploads\/2021\/06\/t04.jpg\" alt=\"\" width=\"1400\" height=\"123\" srcset=\"https:\/\/kunmedierne.dk\/mors\/wp-content\/uploads\/2021\/06\/t04.jpg 1400w, https:\/\/kunmedierne.dk\/mors\/wp-content\/uploads\/2021\/06\/t04-300x26.jpg 300w, https:\/\/kunmedierne.dk\/mors\/wp-content\/uploads\/2021\/06\/t04-1024x90.jpg 1024w, https:\/\/kunmedierne.dk\/mors\/wp-content\/uploads\/2021\/06\/t04-768x67.jpg 768w, https:\/\/kunmedierne.dk\/mors\/wp-content\/uploads\/2021\/06\/t04-600x53.jpg 600w\" sizes=\"auto, (max-width: 1400px) 100vw, 1400px\" \/><\/a>Nej, ikke helt, for vi har en gruppe teenagere, som slet ikke benytter sig af alle disse herlige muligheder.<br \/>\nHvorfor dog ikke det? Er de fork\u00e6lede? Nej, det er desv\u00e6rre langt alvorligere sager, der er p\u00e5 spil. Mange af vore unge k\u00e6mper med en f\u00f8lelse af utilstr\u00e6kkelighed. De oplever at v\u00e6re under pres, og det er langt fra dem alle, der trives med 12-skala (hvor man kan f\u00e5 karakteren: minus 3) og kravene om at v\u00e6re unik, have X-faktor og \u201dg\u00f8re en forskel\u201d.<\/p>\n<p>Blandt alle de p\u00e5bud, vi stiller op for de unge, er vores forventning om, at de passer ind\u2026 og samtidig skiller sig ud. Det handler om at \u201dshine\u201d &#8211; og hvem skinner solen mere p\u00e5, end ham eller hende, der st\u00e5r \u00f8verst p\u00e5 skamlen? I det mindste skal man v\u00e6re s\u00e5 dygtig, at man ikke blamerer sig og uds\u00e6tter sig for omverdenens eller kammeraternes h\u00e5n.<\/p>\n<p><a href=\"http:\/\/www.limfjordsteatret.dk\/#front\"><img loading=\"lazy\" decoding=\"async\" class=\"alignleft size-full wp-image-46596\" src=\"https:\/\/kunmedierne.dk\/mors\/wp-content\/uploads\/2021\/06\/t05.jpg\" alt=\"\" width=\"1400\" height=\"125\" srcset=\"https:\/\/kunmedierne.dk\/mors\/wp-content\/uploads\/2021\/06\/t05.jpg 1400w, https:\/\/kunmedierne.dk\/mors\/wp-content\/uploads\/2021\/06\/t05-300x27.jpg 300w, https:\/\/kunmedierne.dk\/mors\/wp-content\/uploads\/2021\/06\/t05-1024x91.jpg 1024w, https:\/\/kunmedierne.dk\/mors\/wp-content\/uploads\/2021\/06\/t05-768x69.jpg 768w, https:\/\/kunmedierne.dk\/mors\/wp-content\/uploads\/2021\/06\/t05-600x54.jpg 600w\" sizes=\"auto, (max-width: 1400px) 100vw, 1400px\" \/><\/a>Derfor t\u00e6nker nogle af disse unge, at det er nemmere at sl\u00e5 op i banen og slet ikke v\u00e6re noget, hvis man nu bare er halvgod og derfor ikke lige kommer p\u00e5 1. holdet.<\/p>\n<p>Og derved ender nogle af vore unge i dag i den situation, at de st\u00e5r udenfor f\u00e6llesskabet, udenfor det organiserede ungdomsliv i idr\u00e6tsforeninger, musik- eller ungdomsskolen.<\/p>\n<p>Hvad g\u00f8r man s\u00e5 som teenager uden nogen retningssans? Man s\u00f8ger <em>andre<\/em> f\u00e6llesskaber, hvor det er nogle <em>helt andre<\/em> f\u00e6rdigheder, man bliver bed\u00f8mt p\u00e5. Det kan v\u00e6re ved Faktas parkeringsplads eller p\u00e5 \u00d8stre Strand, hvis vejret tillader det. F\u00e6llesskabet kan blive scootere, energidrik, cigaretter og alkohol.<\/p>\n<p><a href=\"https:\/\/www.braendselsforeningen.dk\/\"><img loading=\"lazy\" decoding=\"async\" class=\"alignleft size-full wp-image-46597\" src=\"https:\/\/kunmedierne.dk\/mors\/wp-content\/uploads\/2021\/06\/t06.jpg\" alt=\"\" width=\"1425\" height=\"127\" srcset=\"https:\/\/kunmedierne.dk\/mors\/wp-content\/uploads\/2021\/06\/t06.jpg 1425w, https:\/\/kunmedierne.dk\/mors\/wp-content\/uploads\/2021\/06\/t06-300x27.jpg 300w, https:\/\/kunmedierne.dk\/mors\/wp-content\/uploads\/2021\/06\/t06-1024x91.jpg 1024w, https:\/\/kunmedierne.dk\/mors\/wp-content\/uploads\/2021\/06\/t06-768x68.jpg 768w, https:\/\/kunmedierne.dk\/mors\/wp-content\/uploads\/2021\/06\/t06-600x53.jpg 600w\" sizes=\"auto, (max-width: 1425px) 100vw, 1425px\" \/><\/a>I Nyk\u00f8bing er der henved 50 unge, som ikke er en del af alle vore tilbud om at blive medlem i foreningsf\u00e6llesskabet. Disse unge oplever, at vi andre ser sk\u00e6vt til dem, og vi kan finde p\u00e5 at skrive vrede indl\u00e6g fx p\u00e5 Facebook om deres larm og svineri og h\u00e6rv\u00e6rk. Det forst\u00e6rker dem i opfattelsen af, at de ikke passer ind &#8211; at de er u\u00f8nskede.<br \/>\nResultat: Mors\u00f8 kommune, SSP og politiet bliver fjender i stedet for samarbejdspartnere.<\/p>\n<p>Det er et problem.<\/p>\n<p>Alle de mange af vore unge, der er en del af det veletablerede f\u00e6llesskab, kan sagtens finde ud af at g\u00e5 i skole, og de fleste af dem rejser fra Mors for at uddanne sig. En lille andel vender tilbage efter endt uddannelse, men det er et f\u00e5tal.<\/p>\n<p><a href=\"https:\/\/morsoe-begravelsesforretning.dk\/\"><img loading=\"lazy\" decoding=\"async\" class=\"alignleft size-full wp-image-46598\" src=\"https:\/\/kunmedierne.dk\/mors\/wp-content\/uploads\/2021\/06\/t07.jpg\" alt=\"\" width=\"1425\" height=\"127\" srcset=\"https:\/\/kunmedierne.dk\/mors\/wp-content\/uploads\/2021\/06\/t07.jpg 1425w, https:\/\/kunmedierne.dk\/mors\/wp-content\/uploads\/2021\/06\/t07-300x27.jpg 300w, https:\/\/kunmedierne.dk\/mors\/wp-content\/uploads\/2021\/06\/t07-1024x91.jpg 1024w, https:\/\/kunmedierne.dk\/mors\/wp-content\/uploads\/2021\/06\/t07-768x68.jpg 768w, https:\/\/kunmedierne.dk\/mors\/wp-content\/uploads\/2021\/06\/t07-600x53.jpg 600w\" sizes=\"auto, (max-width: 1425px) 100vw, 1425px\" \/><\/a>De unge p\u00e5 Faktas parkeringsplads flytter ikke fra \u00f8en. Nogle af dem ender med at v\u00e6re voksne borgere i kommunen, der bidrager til kommunekassen, men en del ender med at komme p\u00e5 overf\u00f8rselsindkomster, betalt af vores allesammens kommunekasse.<\/p>\n<p>I Demokratisk Balance mener vi, at det er uhyre vigtigt, at vi g\u00f8r alt for at hj\u00e6lpe denne gruppe unge til at komme til at f\u00f8le sig som en del af det store f\u00e6llesskab i stedet for at blive set ned p\u00e5 og marginaliseret.<\/p>\n<p>Vi tror p\u00e5, at vi i dialog med de unge kan etablere et v\u00e6rested eller ungdomsklub, hvor de ikke bliver m\u00f8dt med l\u00f8ftede pegefingre. I et industriomr\u00e5de i Nyk\u00f8bing vil vi \u00e5bne et sted, hvor der er voksne rollemodeller, som godt ved, hvordan man f\u00e5r en scooter til at k\u00f8re hurtigt, men ogs\u00e5 har holdninger til, hvorfor det er en god ide at lade v\u00e6re.<\/p>\n<p><a href=\"https:\/\/www.sparthy.dk\/\"><img loading=\"lazy\" decoding=\"async\" class=\"alignleft size-full wp-image-46599\" src=\"https:\/\/kunmedierne.dk\/mors\/wp-content\/uploads\/2021\/06\/t08.jpg\" alt=\"\" width=\"1400\" height=\"125\" srcset=\"https:\/\/kunmedierne.dk\/mors\/wp-content\/uploads\/2021\/06\/t08.jpg 1400w, https:\/\/kunmedierne.dk\/mors\/wp-content\/uploads\/2021\/06\/t08-300x27.jpg 300w, https:\/\/kunmedierne.dk\/mors\/wp-content\/uploads\/2021\/06\/t08-1024x91.jpg 1024w, https:\/\/kunmedierne.dk\/mors\/wp-content\/uploads\/2021\/06\/t08-768x69.jpg 768w, https:\/\/kunmedierne.dk\/mors\/wp-content\/uploads\/2021\/06\/t08-600x54.jpg 600w\" sizes=\"auto, (max-width: 1400px) 100vw, 1400px\" \/><\/a>Der skal v\u00e6re klare holdninger til rygning og energidrik, men ikke forbud.<\/p>\n<p>De unge bliver v\u00e6k, hvis ikke vi kommer dem i m\u00f8de, hvis de alene m\u00f8des med forbud.<\/p>\n<p>Ungdomsklubben skal v\u00e6re \u00e5ben hver aften fra 18.00 \u2013 23.00 alle ugens 7 dage, og aktiviteterne skal fremme det, de allerede kan, men de skal ogs\u00e5 pr\u00e6senteres for nye udfordringer, der kan hj\u00e6lpe dem i det kommende voksenliv. Personalet kan v\u00e6re p\u00e6dagoger eller h\u00e5ndv\u00e6rkere, der kan huske, da de selv k\u00f8rte p\u00e5 hurtige knallerter, men alligevel fandt en vej ind i voksenlivet med uddannelse eller arbejde.<\/p>\n<p>Ungdomsklubben vil ogs\u00e5 v\u00e6re en glimrende arbejdsplatform for SSP og n\u00e6rpolitiet, hvor der vil kunne opbygges gode relationer, som gavner b\u00e5de den unge og myndighederne. Der skal v\u00e6re et t\u00e6t samarbejde med erhvervslivet, s\u00e5 vi er med til at skabe brobygning frem mod en l\u00e6replads eller fritidsarbejde.<\/p>\n<p><img loading=\"lazy\" decoding=\"async\" class=\"alignleft size-full wp-image-46600\" src=\"https:\/\/kunmedierne.dk\/mors\/wp-content\/uploads\/2021\/06\/t09.jpg\" alt=\"\" width=\"1400\" height=\"125\" srcset=\"https:\/\/kunmedierne.dk\/mors\/wp-content\/uploads\/2021\/06\/t09.jpg 1400w, https:\/\/kunmedierne.dk\/mors\/wp-content\/uploads\/2021\/06\/t09-300x27.jpg 300w, https:\/\/kunmedierne.dk\/mors\/wp-content\/uploads\/2021\/06\/t09-1024x91.jpg 1024w, https:\/\/kunmedierne.dk\/mors\/wp-content\/uploads\/2021\/06\/t09-768x69.jpg 768w, https:\/\/kunmedierne.dk\/mors\/wp-content\/uploads\/2021\/06\/t09-600x54.jpg 600w\" sizes=\"auto, (max-width: 1400px) 100vw, 1400px\" \/>Forskellige projekter skal kunne give dueligheds- eller kompetencebeviser, der kan hj\u00e6lpe med <em>flere<\/em> jobmuligheder. Man kunne ogs\u00e5 arbejde med en instrukt\u00f8ruddannelse, s\u00e5 de unge p\u00e5 sigt kan komme til at arbejde som rollemodeller i ungdomsklubben.<\/p>\n<p>Vi er ikke et \u00f8jeblik i tvivl om, at det menneskeligt og \u00f8konomisk er en meget god forretning for Mors\u00f8 kommune at investere i denne gruppe borgere, da det p\u00e5 sigt kan ende med at blive meget dyrt, hvis vi <em>ikke<\/em> f\u00e5r dem inviteret med ind i det store f\u00e6llesskab, hvor vi alle bidrager til vores gode velf\u00e6rdsydelser.<\/p>\n<p>P\u00e5 sigt vil der muligheder for at brede ideen ud til de mindre byer i kommunen. M\u00e5ske en mobil enhed, der kan rykke ud og etableres i for eksempel Sejerslev eller \u00d8ster J\u00f8lby, hvis der er grupperinger af unge, der har behov for hj\u00e6lp til en mere organiseret fritid.<\/p>\n<p>Samarbejdspartnere:<\/p>\n<p>Ungdomsskolen, Dueholmskolen, FGU, Efterskolerne, SSP, Politi og Mors\u00f8 Erhvervsr\u00e5d.<\/p>\n<p><a href=\"https:\/\/konpap.dk\/\"><img loading=\"lazy\" decoding=\"async\" class=\"alignleft size-full wp-image-49328\" src=\"https:\/\/kunmedierne.dk\/mors\/wp-content\/uploads\/2021\/07\/t10.jpg\" alt=\"\" width=\"1400\" height=\"125\" srcset=\"https:\/\/kunmedierne.dk\/mors\/wp-content\/uploads\/2021\/07\/t10.jpg 1400w, https:\/\/kunmedierne.dk\/mors\/wp-content\/uploads\/2021\/07\/t10-300x27.jpg 300w, https:\/\/kunmedierne.dk\/mors\/wp-content\/uploads\/2021\/07\/t10-1024x91.jpg 1024w, https:\/\/kunmedierne.dk\/mors\/wp-content\/uploads\/2021\/07\/t10-768x69.jpg 768w, https:\/\/kunmedierne.dk\/mors\/wp-content\/uploads\/2021\/07\/t10-600x54.jpg 600w\" sizes=\"auto, (max-width: 1400px) 100vw, 1400px\" \/><\/a><\/p>\n<hr \/>\n<p><em>Har du et bidrag til den lokale debat? Send det til os p\u00e5 e-mail: debat@kunmedierne.dk\/mors. Husk at l\u00e6se korrektur inden afsendelse p\u00e5 indl\u00e6gget.<\/em><\/p>\n<blockquote>\n<h5>F\u00e5 dagens nyheder om Mors direkte i din mailboks. Tilmeld dig vores gratis nyhedsbrev nederst p\u00e5 siden. S\u00e5 f\u00e5r du KunMors som en lokal avis \u2013 alle ugens dage \u00e5ret rundt.<\/h5>\n<\/blockquote>\n","protected":false},"excerpt":{"rendered":"<p>Debatindl\u00e6g af Jens Hvid Skouboe, kandidat for Demokratisk Balance ved Kommunalvalg 2021: MORS: P\u00e5 vores sk\u00f8nne \u00f8, Mors, kender vi &#8211; om nogen &#8211; betydningen af at bygge gode broer. Smukke og velfungerende broer. Broer med et fundament, der holder, ogs\u00e5 selv om b\u00f8lgerne g\u00e5r h\u00f8jt. Derfor bygger vi broer. Ikke bare, s\u00e5 folk udefra [&hellip;]<\/p>\n","protected":false},"author":11,"featured_media":54538,"comment_status":"open","ping_status":"open","sticky":false,"template":"","format":"standard","meta":{"_acf_changed":false,"footnotes":""},"categories":[56],"tags":[167,170],"class_list":["post-56839","post","type-post","status-publish","format-standard","has-post-thumbnail","hentry","category-debat","tag-politik","tag-uddannelse"],"acf":[],"yoast_head":"<!-- This site is optimized with the Yoast SEO plugin v26.8 - https:\/\/yoast.com\/product\/yoast-seo-wordpress\/ -->\n<title>- De udsatte unge p\u00e5 Mors - Mors<\/title>\n<meta name=\"robots\" content=\"index, follow, max-snippet:-1, max-image-preview:large, max-video-preview:-1\" \/>\n<link rel=\"canonical\" href=\"https:\/\/kunmedierne.dk\/mors\/de-udsatte-unge-paa-mors-2\/\" \/>\n<meta property=\"og:locale\" content=\"da_DK\" \/>\n<meta property=\"og:type\" content=\"article\" \/>\n<meta property=\"og:title\" content=\"- De udsatte unge p\u00e5 Mors - Mors\" \/>\n<meta property=\"og:description\" content=\"Debatindl\u00e6g af Jens Hvid Skouboe, kandidat for Demokratisk Balance ved Kommunalvalg 2021: MORS: P\u00e5 vores sk\u00f8nne \u00f8, Mors, kender vi &#8211; om nogen &#8211; betydningen af at bygge gode broer. Smukke og velfungerende broer. Broer med et fundament, der holder, ogs\u00e5 selv om b\u00f8lgerne g\u00e5r h\u00f8jt. Derfor bygger vi broer. Ikke bare, s\u00e5 folk udefra [&hellip;]\" \/>\n<meta property=\"og:url\" content=\"https:\/\/kunmedierne.dk\/mors\/de-udsatte-unge-paa-mors-2\/\" \/>\n<meta property=\"og:site_name\" content=\"Mors\" \/>\n<meta property=\"article:published_time\" content=\"2021-11-08T21:43:41+00:00\" \/>\n<meta property=\"article:modified_time\" content=\"2024-08-12T11:35:54+00:00\" \/>\n<meta property=\"og:image\" content=\"https:\/\/kunmedierne.dk\/mors\/wp-content\/uploads\/2021\/10\/jens-hvid.jpg\" \/>\n\t<meta property=\"og:image:width\" content=\"770\" \/>\n\t<meta property=\"og:image:height\" content=\"513\" \/>\n\t<meta property=\"og:image:type\" content=\"image\/jpeg\" \/>\n<meta name=\"author\" content=\"Debat\" \/>\n<meta name=\"twitter:card\" content=\"summary_large_image\" \/>\n<meta name=\"twitter:label1\" content=\"Skrevet af\" \/>\n\t<meta name=\"twitter:data1\" content=\"Debat\" \/>\n\t<meta name=\"twitter:label2\" content=\"Estimeret l\u00e6setid\" \/>\n\t<meta name=\"twitter:data2\" content=\"6 minutter\" \/>\n<script type=\"application\/ld+json\" class=\"yoast-schema-graph\">{\"@context\":\"https:\/\/schema.org\",\"@graph\":[{\"@type\":\"Article\",\"@id\":\"https:\/\/kunmedierne.dk\/mors\/de-udsatte-unge-paa-mors-2\/#article\",\"isPartOf\":{\"@id\":\"https:\/\/kunmedierne.dk\/mors\/de-udsatte-unge-paa-mors-2\/\"},\"author\":{\"name\":\"Debat\",\"@id\":\"https:\/\/kunmedierne.dk\/mors\/#\/schema\/person\/84c1391bce0b43b9bb3a49736bc0ad78\"},\"headline\":\"&#8211; De udsatte unge p\u00e5 Mors\",\"datePublished\":\"2021-11-08T21:43:41+00:00\",\"dateModified\":\"2024-08-12T11:35:54+00:00\",\"mainEntityOfPage\":{\"@id\":\"https:\/\/kunmedierne.dk\/mors\/de-udsatte-unge-paa-mors-2\/\"},\"wordCount\":1088,\"commentCount\":0,\"publisher\":{\"@id\":\"https:\/\/kunmedierne.dk\/mors\/#organization\"},\"image\":{\"@id\":\"https:\/\/kunmedierne.dk\/mors\/de-udsatte-unge-paa-mors-2\/#primaryimage\"},\"thumbnailUrl\":\"https:\/\/kunmedierne.dk\/mors\/wp-content\/uploads\/2021\/10\/jens-hvid.jpg\",\"keywords\":[\"Politik\",\"Skoler og uddannelse\"],\"articleSection\":[\"Debat\"],\"inLanguage\":\"da-DK\",\"potentialAction\":[{\"@type\":\"CommentAction\",\"name\":\"Comment\",\"target\":[\"https:\/\/kunmedierne.dk\/mors\/de-udsatte-unge-paa-mors-2\/#respond\"]}]},{\"@type\":\"WebPage\",\"@id\":\"https:\/\/kunmedierne.dk\/mors\/de-udsatte-unge-paa-mors-2\/\",\"url\":\"https:\/\/kunmedierne.dk\/mors\/de-udsatte-unge-paa-mors-2\/\",\"name\":\"- De udsatte unge p\u00e5 Mors - Mors\",\"isPartOf\":{\"@id\":\"https:\/\/kunmedierne.dk\/mors\/#website\"},\"primaryImageOfPage\":{\"@id\":\"https:\/\/kunmedierne.dk\/mors\/de-udsatte-unge-paa-mors-2\/#primaryimage\"},\"image\":{\"@id\":\"https:\/\/kunmedierne.dk\/mors\/de-udsatte-unge-paa-mors-2\/#primaryimage\"},\"thumbnailUrl\":\"https:\/\/kunmedierne.dk\/mors\/wp-content\/uploads\/2021\/10\/jens-hvid.jpg\",\"datePublished\":\"2021-11-08T21:43:41+00:00\",\"dateModified\":\"2024-08-12T11:35:54+00:00\",\"breadcrumb\":{\"@id\":\"https:\/\/kunmedierne.dk\/mors\/de-udsatte-unge-paa-mors-2\/#breadcrumb\"},\"inLanguage\":\"da-DK\",\"potentialAction\":[{\"@type\":\"ReadAction\",\"target\":[\"https:\/\/kunmedierne.dk\/mors\/de-udsatte-unge-paa-mors-2\/\"]}]},{\"@type\":\"ImageObject\",\"inLanguage\":\"da-DK\",\"@id\":\"https:\/\/kunmedierne.dk\/mors\/de-udsatte-unge-paa-mors-2\/#primaryimage\",\"url\":\"https:\/\/kunmedierne.dk\/mors\/wp-content\/uploads\/2021\/10\/jens-hvid.jpg\",\"contentUrl\":\"https:\/\/kunmedierne.dk\/mors\/wp-content\/uploads\/2021\/10\/jens-hvid.jpg\",\"width\":770,\"height\":513,\"caption\":\"Jens Hvid Skouboe, kandidat for Demokratisk Balance ved Kommunalvalg 2021.\"},{\"@type\":\"BreadcrumbList\",\"@id\":\"https:\/\/kunmedierne.dk\/mors\/de-udsatte-unge-paa-mors-2\/#breadcrumb\",\"itemListElement\":[{\"@type\":\"ListItem\",\"position\":1,\"name\":\"Hjem\",\"item\":\"https:\/\/kunmedierne.dk\/mors\/\"},{\"@type\":\"ListItem\",\"position\":2,\"name\":\"&#8211; De udsatte unge p\u00e5 Mors\"}]},{\"@type\":\"WebSite\",\"@id\":\"https:\/\/kunmedierne.dk\/mors\/#website\",\"url\":\"https:\/\/kunmedierne.dk\/mors\/\",\"name\":\"Mors\",\"description\":\"et netmedie med journalistik om livet p\u00e5 Mors\",\"publisher\":{\"@id\":\"https:\/\/kunmedierne.dk\/mors\/#organization\"},\"potentialAction\":[{\"@type\":\"SearchAction\",\"target\":{\"@type\":\"EntryPoint\",\"urlTemplate\":\"https:\/\/kunmedierne.dk\/mors\/?s={search_term_string}\"},\"query-input\":{\"@type\":\"PropertyValueSpecification\",\"valueRequired\":true,\"valueName\":\"search_term_string\"}}],\"inLanguage\":\"da-DK\"},{\"@type\":\"Organization\",\"@id\":\"https:\/\/kunmedierne.dk\/mors\/#organization\",\"name\":\"Mors\",\"url\":\"https:\/\/kunmedierne.dk\/mors\/\",\"logo\":{\"@type\":\"ImageObject\",\"inLanguage\":\"da-DK\",\"@id\":\"https:\/\/kunmedierne.dk\/mors\/#\/schema\/logo\/image\/\",\"url\":\"https:\/\/kunmedierne.dk\/mors\/wp-content\/uploads\/2024\/08\/kunmors-logo.svg\",\"contentUrl\":\"https:\/\/kunmedierne.dk\/mors\/wp-content\/uploads\/2024\/08\/kunmors-logo.svg\",\"caption\":\"Mors\"},\"image\":{\"@id\":\"https:\/\/kunmedierne.dk\/mors\/#\/schema\/logo\/image\/\"}},{\"@type\":\"Person\",\"@id\":\"https:\/\/kunmedierne.dk\/mors\/#\/schema\/person\/84c1391bce0b43b9bb3a49736bc0ad78\",\"name\":\"Debat\",\"image\":{\"@type\":\"ImageObject\",\"inLanguage\":\"da-DK\",\"@id\":\"https:\/\/kunmedierne.dk\/mors\/#\/schema\/person\/image\/\",\"url\":\"https:\/\/secure.gravatar.com\/avatar\/b0fb2e221d618f7c65162ab0d49c7e8a0b580c871ca03af90e42b47b4150654c?s=96&d=mm&r=g\",\"contentUrl\":\"https:\/\/secure.gravatar.com\/avatar\/b0fb2e221d618f7c65162ab0d49c7e8a0b580c871ca03af90e42b47b4150654c?s=96&d=mm&r=g\",\"caption\":\"Debat\"},\"url\":\"https:\/\/kunmedierne.dk\/mors\/author\/debat\/\"}]}<\/script>\n<!-- \/ Yoast SEO plugin. -->","yoast_head_json":{"title":"- De udsatte unge p\u00e5 Mors - Mors","robots":{"index":"index","follow":"follow","max-snippet":"max-snippet:-1","max-image-preview":"max-image-preview:large","max-video-preview":"max-video-preview:-1"},"canonical":"https:\/\/kunmedierne.dk\/mors\/de-udsatte-unge-paa-mors-2\/","og_locale":"da_DK","og_type":"article","og_title":"- De udsatte unge p\u00e5 Mors - Mors","og_description":"Debatindl\u00e6g af Jens Hvid Skouboe, kandidat for Demokratisk Balance ved Kommunalvalg 2021: MORS: P\u00e5 vores sk\u00f8nne \u00f8, Mors, kender vi &#8211; om nogen &#8211; betydningen af at bygge gode broer. Smukke og velfungerende broer. Broer med et fundament, der holder, ogs\u00e5 selv om b\u00f8lgerne g\u00e5r h\u00f8jt. Derfor bygger vi broer. Ikke bare, s\u00e5 folk udefra [&hellip;]","og_url":"https:\/\/kunmedierne.dk\/mors\/de-udsatte-unge-paa-mors-2\/","og_site_name":"Mors","article_published_time":"2021-11-08T21:43:41+00:00","article_modified_time":"2024-08-12T11:35:54+00:00","og_image":[{"width":770,"height":513,"url":"https:\/\/kunmedierne.dk\/mors\/wp-content\/uploads\/2021\/10\/jens-hvid.jpg","type":"image\/jpeg"}],"author":"Debat","twitter_card":"summary_large_image","twitter_misc":{"Skrevet af":"Debat","Estimeret l\u00e6setid":"6 minutter"},"schema":{"@context":"https:\/\/schema.org","@graph":[{"@type":"Article","@id":"https:\/\/kunmedierne.dk\/mors\/de-udsatte-unge-paa-mors-2\/#article","isPartOf":{"@id":"https:\/\/kunmedierne.dk\/mors\/de-udsatte-unge-paa-mors-2\/"},"author":{"name":"Debat","@id":"https:\/\/kunmedierne.dk\/mors\/#\/schema\/person\/84c1391bce0b43b9bb3a49736bc0ad78"},"headline":"&#8211; De udsatte unge p\u00e5 Mors","datePublished":"2021-11-08T21:43:41+00:00","dateModified":"2024-08-12T11:35:54+00:00","mainEntityOfPage":{"@id":"https:\/\/kunmedierne.dk\/mors\/de-udsatte-unge-paa-mors-2\/"},"wordCount":1088,"commentCount":0,"publisher":{"@id":"https:\/\/kunmedierne.dk\/mors\/#organization"},"image":{"@id":"https:\/\/kunmedierne.dk\/mors\/de-udsatte-unge-paa-mors-2\/#primaryimage"},"thumbnailUrl":"https:\/\/kunmedierne.dk\/mors\/wp-content\/uploads\/2021\/10\/jens-hvid.jpg","keywords":["Politik","Skoler og uddannelse"],"articleSection":["Debat"],"inLanguage":"da-DK","potentialAction":[{"@type":"CommentAction","name":"Comment","target":["https:\/\/kunmedierne.dk\/mors\/de-udsatte-unge-paa-mors-2\/#respond"]}]},{"@type":"WebPage","@id":"https:\/\/kunmedierne.dk\/mors\/de-udsatte-unge-paa-mors-2\/","url":"https:\/\/kunmedierne.dk\/mors\/de-udsatte-unge-paa-mors-2\/","name":"- De udsatte unge p\u00e5 Mors - Mors","isPartOf":{"@id":"https:\/\/kunmedierne.dk\/mors\/#website"},"primaryImageOfPage":{"@id":"https:\/\/kunmedierne.dk\/mors\/de-udsatte-unge-paa-mors-2\/#primaryimage"},"image":{"@id":"https:\/\/kunmedierne.dk\/mors\/de-udsatte-unge-paa-mors-2\/#primaryimage"},"thumbnailUrl":"https:\/\/kunmedierne.dk\/mors\/wp-content\/uploads\/2021\/10\/jens-hvid.jpg","datePublished":"2021-11-08T21:43:41+00:00","dateModified":"2024-08-12T11:35:54+00:00","breadcrumb":{"@id":"https:\/\/kunmedierne.dk\/mors\/de-udsatte-unge-paa-mors-2\/#breadcrumb"},"inLanguage":"da-DK","potentialAction":[{"@type":"ReadAction","target":["https:\/\/kunmedierne.dk\/mors\/de-udsatte-unge-paa-mors-2\/"]}]},{"@type":"ImageObject","inLanguage":"da-DK","@id":"https:\/\/kunmedierne.dk\/mors\/de-udsatte-unge-paa-mors-2\/#primaryimage","url":"https:\/\/kunmedierne.dk\/mors\/wp-content\/uploads\/2021\/10\/jens-hvid.jpg","contentUrl":"https:\/\/kunmedierne.dk\/mors\/wp-content\/uploads\/2021\/10\/jens-hvid.jpg","width":770,"height":513,"caption":"Jens Hvid Skouboe, kandidat for Demokratisk Balance ved Kommunalvalg 2021."},{"@type":"BreadcrumbList","@id":"https:\/\/kunmedierne.dk\/mors\/de-udsatte-unge-paa-mors-2\/#breadcrumb","itemListElement":[{"@type":"ListItem","position":1,"name":"Hjem","item":"https:\/\/kunmedierne.dk\/mors\/"},{"@type":"ListItem","position":2,"name":"&#8211; De udsatte unge p\u00e5 Mors"}]},{"@type":"WebSite","@id":"https:\/\/kunmedierne.dk\/mors\/#website","url":"https:\/\/kunmedierne.dk\/mors\/","name":"Mors","description":"et netmedie med journalistik om livet p\u00e5 Mors","publisher":{"@id":"https:\/\/kunmedierne.dk\/mors\/#organization"},"potentialAction":[{"@type":"SearchAction","target":{"@type":"EntryPoint","urlTemplate":"https:\/\/kunmedierne.dk\/mors\/?s={search_term_string}"},"query-input":{"@type":"PropertyValueSpecification","valueRequired":true,"valueName":"search_term_string"}}],"inLanguage":"da-DK"},{"@type":"Organization","@id":"https:\/\/kunmedierne.dk\/mors\/#organization","name":"Mors","url":"https:\/\/kunmedierne.dk\/mors\/","logo":{"@type":"ImageObject","inLanguage":"da-DK","@id":"https:\/\/kunmedierne.dk\/mors\/#\/schema\/logo\/image\/","url":"https:\/\/kunmedierne.dk\/mors\/wp-content\/uploads\/2024\/08\/kunmors-logo.svg","contentUrl":"https:\/\/kunmedierne.dk\/mors\/wp-content\/uploads\/2024\/08\/kunmors-logo.svg","caption":"Mors"},"image":{"@id":"https:\/\/kunmedierne.dk\/mors\/#\/schema\/logo\/image\/"}},{"@type":"Person","@id":"https:\/\/kunmedierne.dk\/mors\/#\/schema\/person\/84c1391bce0b43b9bb3a49736bc0ad78","name":"Debat","image":{"@type":"ImageObject","inLanguage":"da-DK","@id":"https:\/\/kunmedierne.dk\/mors\/#\/schema\/person\/image\/","url":"https:\/\/secure.gravatar.com\/avatar\/b0fb2e221d618f7c65162ab0d49c7e8a0b580c871ca03af90e42b47b4150654c?s=96&d=mm&r=g","contentUrl":"https:\/\/secure.gravatar.com\/avatar\/b0fb2e221d618f7c65162ab0d49c7e8a0b580c871ca03af90e42b47b4150654c?s=96&d=mm&r=g","caption":"Debat"},"url":"https:\/\/kunmedierne.dk\/mors\/author\/debat\/"}]}},"_links":{"self":[{"href":"https:\/\/kunmedierne.dk\/mors\/wp-json\/wp\/v2\/posts\/56839","targetHints":{"allow":["GET"]}}],"collection":[{"href":"https:\/\/kunmedierne.dk\/mors\/wp-json\/wp\/v2\/posts"}],"about":[{"href":"https:\/\/kunmedierne.dk\/mors\/wp-json\/wp\/v2\/types\/post"}],"author":[{"embeddable":true,"href":"https:\/\/kunmedierne.dk\/mors\/wp-json\/wp\/v2\/users\/11"}],"replies":[{"embeddable":true,"href":"https:\/\/kunmedierne.dk\/mors\/wp-json\/wp\/v2\/comments?post=56839"}],"version-history":[{"count":1,"href":"https:\/\/kunmedierne.dk\/mors\/wp-json\/wp\/v2\/posts\/56839\/revisions"}],"predecessor-version":[{"id":56840,"href":"https:\/\/kunmedierne.dk\/mors\/wp-json\/wp\/v2\/posts\/56839\/revisions\/56840"}],"wp:featuredmedia":[{"embeddable":true,"href":"https:\/\/kunmedierne.dk\/mors\/wp-json\/wp\/v2\/media\/54538"}],"wp:attachment":[{"href":"https:\/\/kunmedierne.dk\/mors\/wp-json\/wp\/v2\/media?parent=56839"}],"wp:term":[{"taxonomy":"category","embeddable":true,"href":"https:\/\/kunmedierne.dk\/mors\/wp-json\/wp\/v2\/categories?post=56839"},{"taxonomy":"post_tag","embeddable":true,"href":"https:\/\/kunmedierne.dk\/mors\/wp-json\/wp\/v2\/tags?post=56839"}],"curies":[{"name":"wp","href":"https:\/\/api.w.org\/{rel}","templated":true}]}}