{"id":56837,"date":"2021-11-08T22:36:09","date_gmt":"2021-11-08T21:36:09","guid":{"rendered":"https:\/\/kunmedierne.dk\/mors\/?p=56837"},"modified":"2024-08-12T13:35:54","modified_gmt":"2024-08-12T11:35:54","slug":"forbedringer-i-den-naere-velfaerd","status":"publish","type":"post","link":"https:\/\/kunmedierne.dk\/mors\/forbedringer-i-den-naere-velfaerd\/","title":{"rendered":"&#8211; Forbedringer i den n\u00e6re velf\u00e6rd"},"content":{"rendered":"<p><em>Debatindl\u00e6g af Meiner N\u00f8rgaard, formand for Mors\u00f8 Kommunes udvalg for teknik og milj\u00f8 og kandidat for Dansk Folkeparti ved Kommunalvalg 2021.<\/em><\/p>\n<hr \/>\n<p><strong>MORS<\/strong>: Dansk Folkeparti prioriterer forbedringer i den n\u00e6re velf\u00e6rd for morsingboerne meget h\u00f8jt. I mods\u00e6tning til de r\u00f8de partier vil vi finde pengene til det, inden vi bruger dem. Alt andet vil betyde en kollektiv nedsmeltning, med efterf\u00f8lgende store besparelser i vente.<\/p>\n<p>Dansk Folkeparti har altid haft, og har stadig, stor fokus p\u00e5 \u00e6ldreomr\u00e5det. Her er strukturen p\u00e5 plads, senest med opf\u00f8relsen af Duelund og renoveringen af Vejerslev Plejecenter. Fremover er det indholdet i hverdagen, de varme h\u00e6nder, den menneskelige omsorg, vi b\u00e5de kan og skal koncentrere os om.<\/p>\n<p><a href=\"https:\/\/vester-begr.dk\"><img loading=\"lazy\" decoding=\"async\" class=\"alignleft size-full wp-image-53879\" src=\"https:\/\/kunmedierne.dk\/mors\/wp-content\/uploads\/2021\/10\/NY-Vester-Begravelse-TOP-BUND.jpg\" alt=\"\" width=\"1400\" height=\"125\" srcset=\"https:\/\/kunmedierne.dk\/mors\/wp-content\/uploads\/2021\/10\/NY-Vester-Begravelse-TOP-BUND.jpg 1400w, https:\/\/kunmedierne.dk\/mors\/wp-content\/uploads\/2021\/10\/NY-Vester-Begravelse-TOP-BUND-300x27.jpg 300w, https:\/\/kunmedierne.dk\/mors\/wp-content\/uploads\/2021\/10\/NY-Vester-Begravelse-TOP-BUND-1024x91.jpg 1024w, https:\/\/kunmedierne.dk\/mors\/wp-content\/uploads\/2021\/10\/NY-Vester-Begravelse-TOP-BUND-768x69.jpg 768w, https:\/\/kunmedierne.dk\/mors\/wp-content\/uploads\/2021\/10\/NY-Vester-Begravelse-TOP-BUND-600x54.jpg 600w\" sizes=\"auto, (max-width: 1400px) 100vw, 1400px\" \/><\/a>P\u00e5 de n\u00e6re velf\u00e6rdsomr\u00e5der har Regeringens udligningsreform har vist sig at v\u00e6re noget n\u00e6r et mareridt for Mors\u00f8 Kommune. Vi bliver snydt for 42 mio. kr. i tilskud fra staten til at klare de borgern\u00e6re opgaver, og det er vel og m\u00e6rke ministeriets eget tal. Vi skal nok klare det p\u00e5 Mors, vi har dygtige medarbejdere og rigtig mange frivillige der g\u00f8r en stor indsats.<\/p>\n<p>I den nuv\u00e6rende valgperiode har Dansk Folkeparti medvirket til bevarelse af klippekortet, til gavn for de svageste af vores \u00e6ldre, til bevarelse af det mobile omsorgsteam og v\u00e6rdighedsmedarbejderne. Og m\u00e5ske vigtigst af alt, vi har undg\u00e5et besparelser. Dansk Folkeparti er altid klar til at g\u00f8re forholdene bedre, n\u00e5r \u00f8konomien tillader det. Vi st\u00f8tter ogs\u00e5 op om \u00c6ldresagens \u00f8nske til regeringen om at der fremover afs\u00e6ttes en \u201dhygiejne-milliard\u201d, der skal hj\u00e6lpe med at f\u00e5 reng\u00f8ringen hos de \u00e6ldre der bor hjemme op p\u00e5 et acceptabelt niveau.<\/p>\n<p>Lokalt vil vi ogs\u00e5 i n\u00e6ste valgperiode k\u00e6mpe for mere af den n\u00e6re velf\u00e6rd til b\u00e5de b\u00f8rn, unge og \u00e6ldre.<\/p>\n<p><a href=\"https:\/\/vognmand-filtenborg.dk\/\"><img loading=\"lazy\" decoding=\"async\" class=\"alignleft size-full wp-image-46594\" src=\"https:\/\/kunmedierne.dk\/mors\/wp-content\/uploads\/2021\/06\/t03.jpg\" alt=\"\" width=\"1400\" height=\"125\" srcset=\"https:\/\/kunmedierne.dk\/mors\/wp-content\/uploads\/2021\/06\/t03.jpg 1400w, https:\/\/kunmedierne.dk\/mors\/wp-content\/uploads\/2021\/06\/t03-300x27.jpg 300w, https:\/\/kunmedierne.dk\/mors\/wp-content\/uploads\/2021\/06\/t03-1024x91.jpg 1024w, https:\/\/kunmedierne.dk\/mors\/wp-content\/uploads\/2021\/06\/t03-768x69.jpg 768w, https:\/\/kunmedierne.dk\/mors\/wp-content\/uploads\/2021\/06\/t03-600x54.jpg 600w\" sizes=\"auto, (max-width: 1400px) 100vw, 1400px\" \/><\/a><\/p>\n<hr \/>\n<p><em>Har du et bidrag til den lokale debat? Send det til os p\u00e5 e-mail: debat@kunmedierne.dk\/mors. Husk at l\u00e6se korrektur inden afsendelse p\u00e5 indl\u00e6gget.<\/em><\/p>\n<blockquote>\n<h5>F\u00e5 dagens nyheder om Mors direkte i din mailboks. Tilmeld dig vores gratis nyhedsbrev nederst p\u00e5 siden. S\u00e5 f\u00e5r du KunMors som en lokal avis \u2013 alle ugens dage \u00e5ret rundt.<\/h5>\n<\/blockquote>\n","protected":false},"excerpt":{"rendered":"<p>Debatindl\u00e6g af Meiner N\u00f8rgaard, formand for Mors\u00f8 Kommunes udvalg for teknik og milj\u00f8 og kandidat for Dansk Folkeparti ved Kommunalvalg 2021. MORS: Dansk Folkeparti prioriterer forbedringer i den n\u00e6re velf\u00e6rd for morsingboerne meget h\u00f8jt. I mods\u00e6tning til de r\u00f8de partier vil vi finde pengene til det, inden vi bruger dem. Alt andet vil betyde en [&hellip;]<\/p>\n","protected":false},"author":11,"featured_media":17024,"comment_status":"open","ping_status":"open","sticky":false,"template":"","format":"standard","meta":{"_acf_changed":false,"footnotes":""},"categories":[56],"tags":[167],"class_list":["post-56837","post","type-post","status-publish","format-standard","has-post-thumbnail","hentry","category-debat","tag-politik"],"acf":[],"yoast_head":"<!-- This site is optimized with the Yoast SEO plugin v26.8 - https:\/\/yoast.com\/product\/yoast-seo-wordpress\/ -->\n<title>- Forbedringer i den n\u00e6re velf\u00e6rd - Mors<\/title>\n<meta name=\"robots\" content=\"index, follow, max-snippet:-1, max-image-preview:large, max-video-preview:-1\" \/>\n<link rel=\"canonical\" href=\"https:\/\/kunmedierne.dk\/mors\/forbedringer-i-den-naere-velfaerd\/\" \/>\n<meta property=\"og:locale\" content=\"da_DK\" \/>\n<meta property=\"og:type\" content=\"article\" \/>\n<meta property=\"og:title\" content=\"- Forbedringer i den n\u00e6re velf\u00e6rd - Mors\" \/>\n<meta property=\"og:description\" content=\"Debatindl\u00e6g af Meiner N\u00f8rgaard, formand for Mors\u00f8 Kommunes udvalg for teknik og milj\u00f8 og kandidat for Dansk Folkeparti ved Kommunalvalg 2021. MORS: Dansk Folkeparti prioriterer forbedringer i den n\u00e6re velf\u00e6rd for morsingboerne meget h\u00f8jt. I mods\u00e6tning til de r\u00f8de partier vil vi finde pengene til det, inden vi bruger dem. Alt andet vil betyde en [&hellip;]\" \/>\n<meta property=\"og:url\" content=\"https:\/\/kunmedierne.dk\/mors\/forbedringer-i-den-naere-velfaerd\/\" \/>\n<meta property=\"og:site_name\" content=\"Mors\" \/>\n<meta property=\"article:published_time\" content=\"2021-11-08T21:36:09+00:00\" \/>\n<meta property=\"article:modified_time\" content=\"2024-08-12T11:35:54+00:00\" \/>\n<meta property=\"og:image\" content=\"https:\/\/kunmedierne.dk\/mors\/wp-content\/uploads\/2020\/04\/200407-meiner-n\u00f8rgaard.jpg\" \/>\n\t<meta property=\"og:image:width\" content=\"770\" \/>\n\t<meta property=\"og:image:height\" content=\"513\" \/>\n\t<meta property=\"og:image:type\" content=\"image\/jpeg\" \/>\n<meta name=\"author\" content=\"Debat\" \/>\n<meta name=\"twitter:card\" content=\"summary_large_image\" \/>\n<meta name=\"twitter:label1\" content=\"Skrevet af\" \/>\n\t<meta name=\"twitter:data1\" content=\"Debat\" \/>\n\t<meta name=\"twitter:label2\" content=\"Estimeret l\u00e6setid\" \/>\n\t<meta name=\"twitter:data2\" content=\"2 minutter\" \/>\n<script type=\"application\/ld+json\" class=\"yoast-schema-graph\">{\"@context\":\"https:\/\/schema.org\",\"@graph\":[{\"@type\":\"Article\",\"@id\":\"https:\/\/kunmedierne.dk\/mors\/forbedringer-i-den-naere-velfaerd\/#article\",\"isPartOf\":{\"@id\":\"https:\/\/kunmedierne.dk\/mors\/forbedringer-i-den-naere-velfaerd\/\"},\"author\":{\"name\":\"Debat\",\"@id\":\"https:\/\/kunmedierne.dk\/mors\/#\/schema\/person\/84c1391bce0b43b9bb3a49736bc0ad78\"},\"headline\":\"&#8211; Forbedringer i den n\u00e6re velf\u00e6rd\",\"datePublished\":\"2021-11-08T21:36:09+00:00\",\"dateModified\":\"2024-08-12T11:35:54+00:00\",\"mainEntityOfPage\":{\"@id\":\"https:\/\/kunmedierne.dk\/mors\/forbedringer-i-den-naere-velfaerd\/\"},\"wordCount\":380,\"commentCount\":0,\"publisher\":{\"@id\":\"https:\/\/kunmedierne.dk\/mors\/#organization\"},\"image\":{\"@id\":\"https:\/\/kunmedierne.dk\/mors\/forbedringer-i-den-naere-velfaerd\/#primaryimage\"},\"thumbnailUrl\":\"https:\/\/kunmedierne.dk\/mors\/wp-content\/uploads\/2020\/04\/200407-meiner-n\u00f8rgaard.jpg\",\"keywords\":[\"Politik\"],\"articleSection\":[\"Debat\"],\"inLanguage\":\"da-DK\",\"potentialAction\":[{\"@type\":\"CommentAction\",\"name\":\"Comment\",\"target\":[\"https:\/\/kunmedierne.dk\/mors\/forbedringer-i-den-naere-velfaerd\/#respond\"]}]},{\"@type\":\"WebPage\",\"@id\":\"https:\/\/kunmedierne.dk\/mors\/forbedringer-i-den-naere-velfaerd\/\",\"url\":\"https:\/\/kunmedierne.dk\/mors\/forbedringer-i-den-naere-velfaerd\/\",\"name\":\"- Forbedringer i den n\u00e6re velf\u00e6rd - Mors\",\"isPartOf\":{\"@id\":\"https:\/\/kunmedierne.dk\/mors\/#website\"},\"primaryImageOfPage\":{\"@id\":\"https:\/\/kunmedierne.dk\/mors\/forbedringer-i-den-naere-velfaerd\/#primaryimage\"},\"image\":{\"@id\":\"https:\/\/kunmedierne.dk\/mors\/forbedringer-i-den-naere-velfaerd\/#primaryimage\"},\"thumbnailUrl\":\"https:\/\/kunmedierne.dk\/mors\/wp-content\/uploads\/2020\/04\/200407-meiner-n\u00f8rgaard.jpg\",\"datePublished\":\"2021-11-08T21:36:09+00:00\",\"dateModified\":\"2024-08-12T11:35:54+00:00\",\"breadcrumb\":{\"@id\":\"https:\/\/kunmedierne.dk\/mors\/forbedringer-i-den-naere-velfaerd\/#breadcrumb\"},\"inLanguage\":\"da-DK\",\"potentialAction\":[{\"@type\":\"ReadAction\",\"target\":[\"https:\/\/kunmedierne.dk\/mors\/forbedringer-i-den-naere-velfaerd\/\"]}]},{\"@type\":\"ImageObject\",\"inLanguage\":\"da-DK\",\"@id\":\"https:\/\/kunmedierne.dk\/mors\/forbedringer-i-den-naere-velfaerd\/#primaryimage\",\"url\":\"https:\/\/kunmedierne.dk\/mors\/wp-content\/uploads\/2020\/04\/200407-meiner-n\u00f8rgaard.jpg\",\"contentUrl\":\"https:\/\/kunmedierne.dk\/mors\/wp-content\/uploads\/2020\/04\/200407-meiner-n\u00f8rgaard.jpg\",\"width\":770,\"height\":513,\"caption\":\"Meiner N\u00f8rgaard (DF). Foto: Per Bech\/Mors\u00f8 Kommune.\"},{\"@type\":\"BreadcrumbList\",\"@id\":\"https:\/\/kunmedierne.dk\/mors\/forbedringer-i-den-naere-velfaerd\/#breadcrumb\",\"itemListElement\":[{\"@type\":\"ListItem\",\"position\":1,\"name\":\"Hjem\",\"item\":\"https:\/\/kunmedierne.dk\/mors\/\"},{\"@type\":\"ListItem\",\"position\":2,\"name\":\"&#8211; Forbedringer i den n\u00e6re velf\u00e6rd\"}]},{\"@type\":\"WebSite\",\"@id\":\"https:\/\/kunmedierne.dk\/mors\/#website\",\"url\":\"https:\/\/kunmedierne.dk\/mors\/\",\"name\":\"Mors\",\"description\":\"et netmedie med journalistik om livet p\u00e5 Mors\",\"publisher\":{\"@id\":\"https:\/\/kunmedierne.dk\/mors\/#organization\"},\"potentialAction\":[{\"@type\":\"SearchAction\",\"target\":{\"@type\":\"EntryPoint\",\"urlTemplate\":\"https:\/\/kunmedierne.dk\/mors\/?s={search_term_string}\"},\"query-input\":{\"@type\":\"PropertyValueSpecification\",\"valueRequired\":true,\"valueName\":\"search_term_string\"}}],\"inLanguage\":\"da-DK\"},{\"@type\":\"Organization\",\"@id\":\"https:\/\/kunmedierne.dk\/mors\/#organization\",\"name\":\"Mors\",\"url\":\"https:\/\/kunmedierne.dk\/mors\/\",\"logo\":{\"@type\":\"ImageObject\",\"inLanguage\":\"da-DK\",\"@id\":\"https:\/\/kunmedierne.dk\/mors\/#\/schema\/logo\/image\/\",\"url\":\"https:\/\/kunmedierne.dk\/mors\/wp-content\/uploads\/2024\/08\/kunmors-logo.svg\",\"contentUrl\":\"https:\/\/kunmedierne.dk\/mors\/wp-content\/uploads\/2024\/08\/kunmors-logo.svg\",\"caption\":\"Mors\"},\"image\":{\"@id\":\"https:\/\/kunmedierne.dk\/mors\/#\/schema\/logo\/image\/\"}},{\"@type\":\"Person\",\"@id\":\"https:\/\/kunmedierne.dk\/mors\/#\/schema\/person\/84c1391bce0b43b9bb3a49736bc0ad78\",\"name\":\"Debat\",\"image\":{\"@type\":\"ImageObject\",\"inLanguage\":\"da-DK\",\"@id\":\"https:\/\/kunmedierne.dk\/mors\/#\/schema\/person\/image\/\",\"url\":\"https:\/\/secure.gravatar.com\/avatar\/b0fb2e221d618f7c65162ab0d49c7e8a0b580c871ca03af90e42b47b4150654c?s=96&d=mm&r=g\",\"contentUrl\":\"https:\/\/secure.gravatar.com\/avatar\/b0fb2e221d618f7c65162ab0d49c7e8a0b580c871ca03af90e42b47b4150654c?s=96&d=mm&r=g\",\"caption\":\"Debat\"},\"url\":\"https:\/\/kunmedierne.dk\/mors\/author\/debat\/\"}]}<\/script>\n<!-- \/ Yoast SEO plugin. -->","yoast_head_json":{"title":"- Forbedringer i den n\u00e6re velf\u00e6rd - Mors","robots":{"index":"index","follow":"follow","max-snippet":"max-snippet:-1","max-image-preview":"max-image-preview:large","max-video-preview":"max-video-preview:-1"},"canonical":"https:\/\/kunmedierne.dk\/mors\/forbedringer-i-den-naere-velfaerd\/","og_locale":"da_DK","og_type":"article","og_title":"- Forbedringer i den n\u00e6re velf\u00e6rd - Mors","og_description":"Debatindl\u00e6g af Meiner N\u00f8rgaard, formand for Mors\u00f8 Kommunes udvalg for teknik og milj\u00f8 og kandidat for Dansk Folkeparti ved Kommunalvalg 2021. MORS: Dansk Folkeparti prioriterer forbedringer i den n\u00e6re velf\u00e6rd for morsingboerne meget h\u00f8jt. I mods\u00e6tning til de r\u00f8de partier vil vi finde pengene til det, inden vi bruger dem. Alt andet vil betyde en [&hellip;]","og_url":"https:\/\/kunmedierne.dk\/mors\/forbedringer-i-den-naere-velfaerd\/","og_site_name":"Mors","article_published_time":"2021-11-08T21:36:09+00:00","article_modified_time":"2024-08-12T11:35:54+00:00","og_image":[{"width":770,"height":513,"url":"https:\/\/kunmedierne.dk\/mors\/wp-content\/uploads\/2020\/04\/200407-meiner-n\u00f8rgaard.jpg","type":"image\/jpeg"}],"author":"Debat","twitter_card":"summary_large_image","twitter_misc":{"Skrevet af":"Debat","Estimeret l\u00e6setid":"2 minutter"},"schema":{"@context":"https:\/\/schema.org","@graph":[{"@type":"Article","@id":"https:\/\/kunmedierne.dk\/mors\/forbedringer-i-den-naere-velfaerd\/#article","isPartOf":{"@id":"https:\/\/kunmedierne.dk\/mors\/forbedringer-i-den-naere-velfaerd\/"},"author":{"name":"Debat","@id":"https:\/\/kunmedierne.dk\/mors\/#\/schema\/person\/84c1391bce0b43b9bb3a49736bc0ad78"},"headline":"&#8211; Forbedringer i den n\u00e6re velf\u00e6rd","datePublished":"2021-11-08T21:36:09+00:00","dateModified":"2024-08-12T11:35:54+00:00","mainEntityOfPage":{"@id":"https:\/\/kunmedierne.dk\/mors\/forbedringer-i-den-naere-velfaerd\/"},"wordCount":380,"commentCount":0,"publisher":{"@id":"https:\/\/kunmedierne.dk\/mors\/#organization"},"image":{"@id":"https:\/\/kunmedierne.dk\/mors\/forbedringer-i-den-naere-velfaerd\/#primaryimage"},"thumbnailUrl":"https:\/\/kunmedierne.dk\/mors\/wp-content\/uploads\/2020\/04\/200407-meiner-n\u00f8rgaard.jpg","keywords":["Politik"],"articleSection":["Debat"],"inLanguage":"da-DK","potentialAction":[{"@type":"CommentAction","name":"Comment","target":["https:\/\/kunmedierne.dk\/mors\/forbedringer-i-den-naere-velfaerd\/#respond"]}]},{"@type":"WebPage","@id":"https:\/\/kunmedierne.dk\/mors\/forbedringer-i-den-naere-velfaerd\/","url":"https:\/\/kunmedierne.dk\/mors\/forbedringer-i-den-naere-velfaerd\/","name":"- Forbedringer i den n\u00e6re velf\u00e6rd - Mors","isPartOf":{"@id":"https:\/\/kunmedierne.dk\/mors\/#website"},"primaryImageOfPage":{"@id":"https:\/\/kunmedierne.dk\/mors\/forbedringer-i-den-naere-velfaerd\/#primaryimage"},"image":{"@id":"https:\/\/kunmedierne.dk\/mors\/forbedringer-i-den-naere-velfaerd\/#primaryimage"},"thumbnailUrl":"https:\/\/kunmedierne.dk\/mors\/wp-content\/uploads\/2020\/04\/200407-meiner-n\u00f8rgaard.jpg","datePublished":"2021-11-08T21:36:09+00:00","dateModified":"2024-08-12T11:35:54+00:00","breadcrumb":{"@id":"https:\/\/kunmedierne.dk\/mors\/forbedringer-i-den-naere-velfaerd\/#breadcrumb"},"inLanguage":"da-DK","potentialAction":[{"@type":"ReadAction","target":["https:\/\/kunmedierne.dk\/mors\/forbedringer-i-den-naere-velfaerd\/"]}]},{"@type":"ImageObject","inLanguage":"da-DK","@id":"https:\/\/kunmedierne.dk\/mors\/forbedringer-i-den-naere-velfaerd\/#primaryimage","url":"https:\/\/kunmedierne.dk\/mors\/wp-content\/uploads\/2020\/04\/200407-meiner-n\u00f8rgaard.jpg","contentUrl":"https:\/\/kunmedierne.dk\/mors\/wp-content\/uploads\/2020\/04\/200407-meiner-n\u00f8rgaard.jpg","width":770,"height":513,"caption":"Meiner N\u00f8rgaard (DF). Foto: Per Bech\/Mors\u00f8 Kommune."},{"@type":"BreadcrumbList","@id":"https:\/\/kunmedierne.dk\/mors\/forbedringer-i-den-naere-velfaerd\/#breadcrumb","itemListElement":[{"@type":"ListItem","position":1,"name":"Hjem","item":"https:\/\/kunmedierne.dk\/mors\/"},{"@type":"ListItem","position":2,"name":"&#8211; Forbedringer i den n\u00e6re velf\u00e6rd"}]},{"@type":"WebSite","@id":"https:\/\/kunmedierne.dk\/mors\/#website","url":"https:\/\/kunmedierne.dk\/mors\/","name":"Mors","description":"et netmedie med journalistik om livet p\u00e5 Mors","publisher":{"@id":"https:\/\/kunmedierne.dk\/mors\/#organization"},"potentialAction":[{"@type":"SearchAction","target":{"@type":"EntryPoint","urlTemplate":"https:\/\/kunmedierne.dk\/mors\/?s={search_term_string}"},"query-input":{"@type":"PropertyValueSpecification","valueRequired":true,"valueName":"search_term_string"}}],"inLanguage":"da-DK"},{"@type":"Organization","@id":"https:\/\/kunmedierne.dk\/mors\/#organization","name":"Mors","url":"https:\/\/kunmedierne.dk\/mors\/","logo":{"@type":"ImageObject","inLanguage":"da-DK","@id":"https:\/\/kunmedierne.dk\/mors\/#\/schema\/logo\/image\/","url":"https:\/\/kunmedierne.dk\/mors\/wp-content\/uploads\/2024\/08\/kunmors-logo.svg","contentUrl":"https:\/\/kunmedierne.dk\/mors\/wp-content\/uploads\/2024\/08\/kunmors-logo.svg","caption":"Mors"},"image":{"@id":"https:\/\/kunmedierne.dk\/mors\/#\/schema\/logo\/image\/"}},{"@type":"Person","@id":"https:\/\/kunmedierne.dk\/mors\/#\/schema\/person\/84c1391bce0b43b9bb3a49736bc0ad78","name":"Debat","image":{"@type":"ImageObject","inLanguage":"da-DK","@id":"https:\/\/kunmedierne.dk\/mors\/#\/schema\/person\/image\/","url":"https:\/\/secure.gravatar.com\/avatar\/b0fb2e221d618f7c65162ab0d49c7e8a0b580c871ca03af90e42b47b4150654c?s=96&d=mm&r=g","contentUrl":"https:\/\/secure.gravatar.com\/avatar\/b0fb2e221d618f7c65162ab0d49c7e8a0b580c871ca03af90e42b47b4150654c?s=96&d=mm&r=g","caption":"Debat"},"url":"https:\/\/kunmedierne.dk\/mors\/author\/debat\/"}]}},"_links":{"self":[{"href":"https:\/\/kunmedierne.dk\/mors\/wp-json\/wp\/v2\/posts\/56837","targetHints":{"allow":["GET"]}}],"collection":[{"href":"https:\/\/kunmedierne.dk\/mors\/wp-json\/wp\/v2\/posts"}],"about":[{"href":"https:\/\/kunmedierne.dk\/mors\/wp-json\/wp\/v2\/types\/post"}],"author":[{"embeddable":true,"href":"https:\/\/kunmedierne.dk\/mors\/wp-json\/wp\/v2\/users\/11"}],"replies":[{"embeddable":true,"href":"https:\/\/kunmedierne.dk\/mors\/wp-json\/wp\/v2\/comments?post=56837"}],"version-history":[{"count":1,"href":"https:\/\/kunmedierne.dk\/mors\/wp-json\/wp\/v2\/posts\/56837\/revisions"}],"predecessor-version":[{"id":56838,"href":"https:\/\/kunmedierne.dk\/mors\/wp-json\/wp\/v2\/posts\/56837\/revisions\/56838"}],"wp:featuredmedia":[{"embeddable":true,"href":"https:\/\/kunmedierne.dk\/mors\/wp-json\/wp\/v2\/media\/17024"}],"wp:attachment":[{"href":"https:\/\/kunmedierne.dk\/mors\/wp-json\/wp\/v2\/media?parent=56837"}],"wp:term":[{"taxonomy":"category","embeddable":true,"href":"https:\/\/kunmedierne.dk\/mors\/wp-json\/wp\/v2\/categories?post=56837"},{"taxonomy":"post_tag","embeddable":true,"href":"https:\/\/kunmedierne.dk\/mors\/wp-json\/wp\/v2\/tags?post=56837"}],"curies":[{"name":"wp","href":"https:\/\/api.w.org\/{rel}","templated":true}]}}