{"id":56810,"date":"2021-11-08T15:56:30","date_gmt":"2021-11-08T14:56:30","guid":{"rendered":"https:\/\/kunmedierne.dk\/mors\/?p=56810"},"modified":"2024-08-12T13:35:54","modified_gmt":"2024-08-12T11:35:54","slug":"psykisk-mistrivsel-blandt-boern-og-unge","status":"publish","type":"post","link":"https:\/\/kunmedierne.dk\/mors\/psykisk-mistrivsel-blandt-boern-og-unge\/","title":{"rendered":"&#8211; Psykisk mistrivsel blandt b\u00f8rn og unge"},"content":{"rendered":"<p><em>Debatindl\u00e6g fra Karin Villadsen, kandidat for Socialdemokratiet ved Kommunalvalg 2021:<\/em><\/p>\n<hr \/>\n<p><strong>MORS<\/strong>: Rundt omkring i vores skoleklasser er der b\u00f8rn, der af forskellige \u00e5rsager er ramt af psykisk mistrivsel, som g\u00f8r det sv\u00e6rt for dem b\u00e5de at v\u00e6re i og at l\u00e6re i skolen. Nogle gange ses det allerede i b\u00f8rnehaven.<\/p>\n<p>Nogle b\u00f8rn bliver udadreagerende, hvormed det bliver synligt for omgivelserne, at der er nogle udfordringer, som barnet, for\u00e6ldrene og skolen har brug for hj\u00e6lp til at h\u00e5ndtere, s\u00e5 barnet f\u00e5r mulighed for at trives og l\u00e6re i en lang skole-hverdag. Andre b\u00f8rn vender den psykiske mistrivsel indad og er m\u00e5ske i f\u00f8rste omgang sv\u00e6rere at f\u00e5 \u00f8je p\u00e5.<\/p>\n<p>M\u00e5ske bruger de rigtig meget psykisk energi p\u00e5 at fors\u00f8ge at f\u00f8lge med socialt og\/eller fagligt, s\u00e5 de til n\u00f8d kan klare skolehverdagen, men s\u00e5 er der slet ikke mere overskud tilbage, n\u00e5r de kommer hjem, hvorved for\u00e6ldrene oplever trivselsm\u00e6ssige udfordringer derhjemme.<\/p>\n<p><a href=\"https:\/\/www.braendselsforeningen.dk\/\"><img loading=\"lazy\" decoding=\"async\" class=\"alignleft size-full wp-image-46597\" src=\"https:\/\/kunmedierne.dk\/mors\/wp-content\/uploads\/2021\/06\/t06.jpg\" alt=\"\" width=\"1425\" height=\"127\" srcset=\"https:\/\/kunmedierne.dk\/mors\/wp-content\/uploads\/2021\/06\/t06.jpg 1425w, https:\/\/kunmedierne.dk\/mors\/wp-content\/uploads\/2021\/06\/t06-300x27.jpg 300w, https:\/\/kunmedierne.dk\/mors\/wp-content\/uploads\/2021\/06\/t06-1024x91.jpg 1024w, https:\/\/kunmedierne.dk\/mors\/wp-content\/uploads\/2021\/06\/t06-768x68.jpg 768w, https:\/\/kunmedierne.dk\/mors\/wp-content\/uploads\/2021\/06\/t06-600x53.jpg 600w\" sizes=\"auto, (max-width: 1425px) 100vw, 1425px\" \/><\/a>For nogle b\u00f8rn udvikler den psykiske mistrivsel sig til angst og skolev\u00e6gring, hvor de ikke er i stand til at komme i skole eller v\u00e6re sammen med andre i sociale sammenh\u00e6nge.<\/p>\n<p>Det har store personlige omkostninger for det enkelte barn, men ogs\u00e5 for barnets familie. For\u00e6ldrene er n\u00f8dt til at tage fri fra arbejde med deraf f\u00f8lgende konsekvenser, det slider p\u00e5 familielivet mellem mor og far, og det p\u00e5virker evt. s\u00f8skende, som bliver sat i anden r\u00e6kke, fordi der skal tages s\u00e6rlige hensyn til det barn, der har det s\u00e5 sv\u00e6rt, og man tr\u00e6kker sig fra vennekreds og andre sociale sammenh\u00e6nge.<\/p>\n<p>Disse b\u00f8rn og familier har brug for s\u00e5 tidligt som muligt at f\u00e5 den forn\u00f8dne og kvalificerede hj\u00e6lp, s\u00e5 den psykiske mistrivsel ikke f\u00e5r lov at udvikle sig i st\u00f8rre grad, men i stedet kan mindskes og afhj\u00e6lpes, s\u00e5 barnet i de rigtige rammer og med de rigtige foruds\u00e6tninger kan trives og lykkes i deres hverdag.<\/p>\n<p><a href=\"https:\/\/morsoe-begravelsesforretning.dk\/\"><img loading=\"lazy\" decoding=\"async\" class=\"alignleft size-full wp-image-46598\" src=\"https:\/\/kunmedierne.dk\/mors\/wp-content\/uploads\/2021\/06\/t07.jpg\" alt=\"\" width=\"1425\" height=\"127\" srcset=\"https:\/\/kunmedierne.dk\/mors\/wp-content\/uploads\/2021\/06\/t07.jpg 1425w, https:\/\/kunmedierne.dk\/mors\/wp-content\/uploads\/2021\/06\/t07-300x27.jpg 300w, https:\/\/kunmedierne.dk\/mors\/wp-content\/uploads\/2021\/06\/t07-1024x91.jpg 1024w, https:\/\/kunmedierne.dk\/mors\/wp-content\/uploads\/2021\/06\/t07-768x68.jpg 768w, https:\/\/kunmedierne.dk\/mors\/wp-content\/uploads\/2021\/06\/t07-600x53.jpg 600w\" sizes=\"auto, (max-width: 1425px) 100vw, 1425px\" \/><\/a>Desv\u00e6rre oplever nogle familier, at der g\u00e5r for lang tid, f\u00f8r de f\u00e5r hj\u00e6lp.<\/p>\n<p>Der er \u201clang vej\u201d gennem systemet, hvor der f\u00f8rst skal v\u00e6re en f\u00e6lles erkendelse af udfordringen og laves indstillingspapirer til PPR, hvor der s\u00e5 efterf\u00f8lgende kan v\u00e6re lang ventetid p\u00e5 at f\u00e5 behandlet sagen, og nogle gange med mange skift blandt medarbejderne, hvor man s\u00e5 igen har oplevelsen af at skulle starte forfra. Der er lang ventetid til evt. udredning p\u00e5 B\u00f8rnepsykiatrisk afdeling, s\u00e5 der kan g\u00e5 op til halve og hele \u00e5r, f\u00f8r man finder en evt. \u201cforklaring\u201d p\u00e5 barnets mistrivsel. Alt imens at barnet \u201cer i klemme\u201d og har det skidt.<\/p>\n<p>Til speeddating-v\u00e6lgerm\u00f8det p\u00e5 Mors\u00f8 Folkebibliotek d. 26.10. snakkede jeg med kandidater fra Rad. V, DF, Konservative og Venstre, om de ville v\u00e6re med til sammen med Socialdemokratiet at s\u00e6tte fokus p\u00e5 dette omr\u00e5de i Mors\u00f8 Kommune.<\/p>\n<p><a href=\"https:\/\/www.sparthy.dk\/\"><img loading=\"lazy\" decoding=\"async\" class=\"alignleft size-full wp-image-46599\" src=\"https:\/\/kunmedierne.dk\/mors\/wp-content\/uploads\/2021\/06\/t08.jpg\" alt=\"\" width=\"1400\" height=\"125\" srcset=\"https:\/\/kunmedierne.dk\/mors\/wp-content\/uploads\/2021\/06\/t08.jpg 1400w, https:\/\/kunmedierne.dk\/mors\/wp-content\/uploads\/2021\/06\/t08-300x27.jpg 300w, https:\/\/kunmedierne.dk\/mors\/wp-content\/uploads\/2021\/06\/t08-1024x91.jpg 1024w, https:\/\/kunmedierne.dk\/mors\/wp-content\/uploads\/2021\/06\/t08-768x69.jpg 768w, https:\/\/kunmedierne.dk\/mors\/wp-content\/uploads\/2021\/06\/t08-600x54.jpg 600w\" sizes=\"auto, (max-width: 1400px) 100vw, 1400px\" \/><\/a>Det var der opbakning til hos Rad.V., DF og Konservative. Borgmester Hans Ejner Bertelsen fra Venstre gav udtryk for, at han ikke var vidende om, at der var nogle udfordringer p\u00e5 dette omr\u00e5de, men at man som for\u00e6ldre jo var velkommen til at skrive til ham og kommunaldirekt\u00f8ren, hvis manoplevede, at der var noget, der ikke fungerede, hvilket jeg hermed vil opfordre til at g\u00f8re, hvis man oplever, at man \u201csidder fast\u201d i systemet med et barn, der af forskellige \u00e5rsager er i psykisk mistrivsel.<\/p>\n<p>Vi bliver n\u00f8dt til at g\u00f8re det bedre for disse b\u00f8rn og deres familier.<\/p>\n<p><img loading=\"lazy\" decoding=\"async\" class=\"alignleft size-full wp-image-46600\" src=\"https:\/\/kunmedierne.dk\/mors\/wp-content\/uploads\/2021\/06\/t09.jpg\" alt=\"\" width=\"1400\" height=\"125\" srcset=\"https:\/\/kunmedierne.dk\/mors\/wp-content\/uploads\/2021\/06\/t09.jpg 1400w, https:\/\/kunmedierne.dk\/mors\/wp-content\/uploads\/2021\/06\/t09-300x27.jpg 300w, https:\/\/kunmedierne.dk\/mors\/wp-content\/uploads\/2021\/06\/t09-1024x91.jpg 1024w, https:\/\/kunmedierne.dk\/mors\/wp-content\/uploads\/2021\/06\/t09-768x69.jpg 768w, https:\/\/kunmedierne.dk\/mors\/wp-content\/uploads\/2021\/06\/t09-600x54.jpg 600w\" sizes=\"auto, (max-width: 1400px) 100vw, 1400px\" \/><\/p>\n<hr \/>\n<p><em>Har du et bidrag til den lokale debat? Send det til os p\u00e5 e-mail: debat@kunmedierne.dk\/mors. Husk at l\u00e6se korrektur inden afsendelse p\u00e5 indl\u00e6gget.<\/em><\/p>\n<blockquote>\n<h5>F\u00e5 dagens nyheder om Mors direkte i din mailboks. Tilmeld dig vores gratis nyhedsbrev nederst p\u00e5 siden. S\u00e5 f\u00e5r du KunMors som en lokal avis \u2013 alle ugens dage \u00e5ret rundt.<\/h5>\n<\/blockquote>\n","protected":false},"excerpt":{"rendered":"<p>Debatindl\u00e6g fra Karin Villadsen, kandidat for Socialdemokratiet ved Kommunalvalg 2021: MORS: Rundt omkring i vores skoleklasser er der b\u00f8rn, der af forskellige \u00e5rsager er ramt af psykisk mistrivsel, som g\u00f8r det sv\u00e6rt for dem b\u00e5de at v\u00e6re i og at l\u00e6re i skolen. Nogle gange ses det allerede i b\u00f8rnehaven. Nogle b\u00f8rn bliver udadreagerende, hvormed [&hellip;]<\/p>\n","protected":false},"author":11,"featured_media":43997,"comment_status":"open","ping_status":"open","sticky":false,"template":"","format":"standard","meta":{"_acf_changed":false,"footnotes":""},"categories":[56],"tags":[167],"class_list":["post-56810","post","type-post","status-publish","format-standard","has-post-thumbnail","hentry","category-debat","tag-politik"],"acf":[],"yoast_head":"<!-- This site is optimized with the Yoast SEO plugin v26.8 - https:\/\/yoast.com\/product\/yoast-seo-wordpress\/ -->\n<title>- Psykisk mistrivsel blandt b\u00f8rn og unge - Mors<\/title>\n<meta name=\"robots\" content=\"index, follow, max-snippet:-1, max-image-preview:large, max-video-preview:-1\" \/>\n<link rel=\"canonical\" href=\"https:\/\/kunmedierne.dk\/mors\/psykisk-mistrivsel-blandt-boern-og-unge\/\" \/>\n<meta property=\"og:locale\" content=\"da_DK\" \/>\n<meta property=\"og:type\" content=\"article\" \/>\n<meta property=\"og:title\" content=\"- Psykisk mistrivsel blandt b\u00f8rn og unge - Mors\" \/>\n<meta property=\"og:description\" content=\"Debatindl\u00e6g fra Karin Villadsen, kandidat for Socialdemokratiet ved Kommunalvalg 2021: MORS: Rundt omkring i vores skoleklasser er der b\u00f8rn, der af forskellige \u00e5rsager er ramt af psykisk mistrivsel, som g\u00f8r det sv\u00e6rt for dem b\u00e5de at v\u00e6re i og at l\u00e6re i skolen. Nogle gange ses det allerede i b\u00f8rnehaven. Nogle b\u00f8rn bliver udadreagerende, hvormed [&hellip;]\" \/>\n<meta property=\"og:url\" content=\"https:\/\/kunmedierne.dk\/mors\/psykisk-mistrivsel-blandt-boern-og-unge\/\" \/>\n<meta property=\"og:site_name\" content=\"Mors\" \/>\n<meta property=\"article:published_time\" content=\"2021-11-08T14:56:30+00:00\" \/>\n<meta property=\"article:modified_time\" content=\"2024-08-12T11:35:54+00:00\" \/>\n<meta property=\"og:image\" content=\"https:\/\/kunmedierne.dk\/mors\/wp-content\/uploads\/2021\/04\/karin-villadsen.jpg\" \/>\n\t<meta property=\"og:image:width\" content=\"770\" \/>\n\t<meta property=\"og:image:height\" content=\"513\" \/>\n\t<meta property=\"og:image:type\" content=\"image\/jpeg\" \/>\n<meta name=\"author\" content=\"Debat\" \/>\n<meta name=\"twitter:card\" content=\"summary_large_image\" \/>\n<meta name=\"twitter:label1\" content=\"Skrevet af\" \/>\n\t<meta name=\"twitter:data1\" content=\"Debat\" \/>\n\t<meta name=\"twitter:label2\" content=\"Estimeret l\u00e6setid\" \/>\n\t<meta name=\"twitter:data2\" content=\"4 minutter\" \/>\n<script type=\"application\/ld+json\" class=\"yoast-schema-graph\">{\"@context\":\"https:\/\/schema.org\",\"@graph\":[{\"@type\":\"Article\",\"@id\":\"https:\/\/kunmedierne.dk\/mors\/psykisk-mistrivsel-blandt-boern-og-unge\/#article\",\"isPartOf\":{\"@id\":\"https:\/\/kunmedierne.dk\/mors\/psykisk-mistrivsel-blandt-boern-og-unge\/\"},\"author\":{\"name\":\"Debat\",\"@id\":\"https:\/\/kunmedierne.dk\/mors\/#\/schema\/person\/84c1391bce0b43b9bb3a49736bc0ad78\"},\"headline\":\"&#8211; Psykisk mistrivsel blandt b\u00f8rn og unge\",\"datePublished\":\"2021-11-08T14:56:30+00:00\",\"dateModified\":\"2024-08-12T11:35:54+00:00\",\"mainEntityOfPage\":{\"@id\":\"https:\/\/kunmedierne.dk\/mors\/psykisk-mistrivsel-blandt-boern-og-unge\/\"},\"wordCount\":685,\"commentCount\":0,\"publisher\":{\"@id\":\"https:\/\/kunmedierne.dk\/mors\/#organization\"},\"image\":{\"@id\":\"https:\/\/kunmedierne.dk\/mors\/psykisk-mistrivsel-blandt-boern-og-unge\/#primaryimage\"},\"thumbnailUrl\":\"https:\/\/kunmedierne.dk\/mors\/wp-content\/uploads\/2021\/04\/karin-villadsen.jpg\",\"keywords\":[\"Politik\"],\"articleSection\":[\"Debat\"],\"inLanguage\":\"da-DK\",\"potentialAction\":[{\"@type\":\"CommentAction\",\"name\":\"Comment\",\"target\":[\"https:\/\/kunmedierne.dk\/mors\/psykisk-mistrivsel-blandt-boern-og-unge\/#respond\"]}]},{\"@type\":\"WebPage\",\"@id\":\"https:\/\/kunmedierne.dk\/mors\/psykisk-mistrivsel-blandt-boern-og-unge\/\",\"url\":\"https:\/\/kunmedierne.dk\/mors\/psykisk-mistrivsel-blandt-boern-og-unge\/\",\"name\":\"- Psykisk mistrivsel blandt b\u00f8rn og unge - Mors\",\"isPartOf\":{\"@id\":\"https:\/\/kunmedierne.dk\/mors\/#website\"},\"primaryImageOfPage\":{\"@id\":\"https:\/\/kunmedierne.dk\/mors\/psykisk-mistrivsel-blandt-boern-og-unge\/#primaryimage\"},\"image\":{\"@id\":\"https:\/\/kunmedierne.dk\/mors\/psykisk-mistrivsel-blandt-boern-og-unge\/#primaryimage\"},\"thumbnailUrl\":\"https:\/\/kunmedierne.dk\/mors\/wp-content\/uploads\/2021\/04\/karin-villadsen.jpg\",\"datePublished\":\"2021-11-08T14:56:30+00:00\",\"dateModified\":\"2024-08-12T11:35:54+00:00\",\"breadcrumb\":{\"@id\":\"https:\/\/kunmedierne.dk\/mors\/psykisk-mistrivsel-blandt-boern-og-unge\/#breadcrumb\"},\"inLanguage\":\"da-DK\",\"potentialAction\":[{\"@type\":\"ReadAction\",\"target\":[\"https:\/\/kunmedierne.dk\/mors\/psykisk-mistrivsel-blandt-boern-og-unge\/\"]}]},{\"@type\":\"ImageObject\",\"inLanguage\":\"da-DK\",\"@id\":\"https:\/\/kunmedierne.dk\/mors\/psykisk-mistrivsel-blandt-boern-og-unge\/#primaryimage\",\"url\":\"https:\/\/kunmedierne.dk\/mors\/wp-content\/uploads\/2021\/04\/karin-villadsen.jpg\",\"contentUrl\":\"https:\/\/kunmedierne.dk\/mors\/wp-content\/uploads\/2021\/04\/karin-villadsen.jpg\",\"width\":770,\"height\":513,\"caption\":\"Karin Villadsen, kandidat for Socialdemokratiet ved Kommunalvalg 2021. Privatfoto\"},{\"@type\":\"BreadcrumbList\",\"@id\":\"https:\/\/kunmedierne.dk\/mors\/psykisk-mistrivsel-blandt-boern-og-unge\/#breadcrumb\",\"itemListElement\":[{\"@type\":\"ListItem\",\"position\":1,\"name\":\"Hjem\",\"item\":\"https:\/\/kunmedierne.dk\/mors\/\"},{\"@type\":\"ListItem\",\"position\":2,\"name\":\"&#8211; Psykisk mistrivsel blandt b\u00f8rn og unge\"}]},{\"@type\":\"WebSite\",\"@id\":\"https:\/\/kunmedierne.dk\/mors\/#website\",\"url\":\"https:\/\/kunmedierne.dk\/mors\/\",\"name\":\"Mors\",\"description\":\"et netmedie med journalistik om livet p\u00e5 Mors\",\"publisher\":{\"@id\":\"https:\/\/kunmedierne.dk\/mors\/#organization\"},\"potentialAction\":[{\"@type\":\"SearchAction\",\"target\":{\"@type\":\"EntryPoint\",\"urlTemplate\":\"https:\/\/kunmedierne.dk\/mors\/?s={search_term_string}\"},\"query-input\":{\"@type\":\"PropertyValueSpecification\",\"valueRequired\":true,\"valueName\":\"search_term_string\"}}],\"inLanguage\":\"da-DK\"},{\"@type\":\"Organization\",\"@id\":\"https:\/\/kunmedierne.dk\/mors\/#organization\",\"name\":\"Mors\",\"url\":\"https:\/\/kunmedierne.dk\/mors\/\",\"logo\":{\"@type\":\"ImageObject\",\"inLanguage\":\"da-DK\",\"@id\":\"https:\/\/kunmedierne.dk\/mors\/#\/schema\/logo\/image\/\",\"url\":\"https:\/\/kunmedierne.dk\/mors\/wp-content\/uploads\/2024\/08\/kunmors-logo.svg\",\"contentUrl\":\"https:\/\/kunmedierne.dk\/mors\/wp-content\/uploads\/2024\/08\/kunmors-logo.svg\",\"caption\":\"Mors\"},\"image\":{\"@id\":\"https:\/\/kunmedierne.dk\/mors\/#\/schema\/logo\/image\/\"}},{\"@type\":\"Person\",\"@id\":\"https:\/\/kunmedierne.dk\/mors\/#\/schema\/person\/84c1391bce0b43b9bb3a49736bc0ad78\",\"name\":\"Debat\",\"image\":{\"@type\":\"ImageObject\",\"inLanguage\":\"da-DK\",\"@id\":\"https:\/\/kunmedierne.dk\/mors\/#\/schema\/person\/image\/\",\"url\":\"https:\/\/secure.gravatar.com\/avatar\/b0fb2e221d618f7c65162ab0d49c7e8a0b580c871ca03af90e42b47b4150654c?s=96&d=mm&r=g\",\"contentUrl\":\"https:\/\/secure.gravatar.com\/avatar\/b0fb2e221d618f7c65162ab0d49c7e8a0b580c871ca03af90e42b47b4150654c?s=96&d=mm&r=g\",\"caption\":\"Debat\"},\"url\":\"https:\/\/kunmedierne.dk\/mors\/author\/debat\/\"}]}<\/script>\n<!-- \/ Yoast SEO plugin. -->","yoast_head_json":{"title":"- Psykisk mistrivsel blandt b\u00f8rn og unge - Mors","robots":{"index":"index","follow":"follow","max-snippet":"max-snippet:-1","max-image-preview":"max-image-preview:large","max-video-preview":"max-video-preview:-1"},"canonical":"https:\/\/kunmedierne.dk\/mors\/psykisk-mistrivsel-blandt-boern-og-unge\/","og_locale":"da_DK","og_type":"article","og_title":"- Psykisk mistrivsel blandt b\u00f8rn og unge - Mors","og_description":"Debatindl\u00e6g fra Karin Villadsen, kandidat for Socialdemokratiet ved Kommunalvalg 2021: MORS: Rundt omkring i vores skoleklasser er der b\u00f8rn, der af forskellige \u00e5rsager er ramt af psykisk mistrivsel, som g\u00f8r det sv\u00e6rt for dem b\u00e5de at v\u00e6re i og at l\u00e6re i skolen. Nogle gange ses det allerede i b\u00f8rnehaven. Nogle b\u00f8rn bliver udadreagerende, hvormed [&hellip;]","og_url":"https:\/\/kunmedierne.dk\/mors\/psykisk-mistrivsel-blandt-boern-og-unge\/","og_site_name":"Mors","article_published_time":"2021-11-08T14:56:30+00:00","article_modified_time":"2024-08-12T11:35:54+00:00","og_image":[{"width":770,"height":513,"url":"https:\/\/kunmedierne.dk\/mors\/wp-content\/uploads\/2021\/04\/karin-villadsen.jpg","type":"image\/jpeg"}],"author":"Debat","twitter_card":"summary_large_image","twitter_misc":{"Skrevet af":"Debat","Estimeret l\u00e6setid":"4 minutter"},"schema":{"@context":"https:\/\/schema.org","@graph":[{"@type":"Article","@id":"https:\/\/kunmedierne.dk\/mors\/psykisk-mistrivsel-blandt-boern-og-unge\/#article","isPartOf":{"@id":"https:\/\/kunmedierne.dk\/mors\/psykisk-mistrivsel-blandt-boern-og-unge\/"},"author":{"name":"Debat","@id":"https:\/\/kunmedierne.dk\/mors\/#\/schema\/person\/84c1391bce0b43b9bb3a49736bc0ad78"},"headline":"&#8211; Psykisk mistrivsel blandt b\u00f8rn og unge","datePublished":"2021-11-08T14:56:30+00:00","dateModified":"2024-08-12T11:35:54+00:00","mainEntityOfPage":{"@id":"https:\/\/kunmedierne.dk\/mors\/psykisk-mistrivsel-blandt-boern-og-unge\/"},"wordCount":685,"commentCount":0,"publisher":{"@id":"https:\/\/kunmedierne.dk\/mors\/#organization"},"image":{"@id":"https:\/\/kunmedierne.dk\/mors\/psykisk-mistrivsel-blandt-boern-og-unge\/#primaryimage"},"thumbnailUrl":"https:\/\/kunmedierne.dk\/mors\/wp-content\/uploads\/2021\/04\/karin-villadsen.jpg","keywords":["Politik"],"articleSection":["Debat"],"inLanguage":"da-DK","potentialAction":[{"@type":"CommentAction","name":"Comment","target":["https:\/\/kunmedierne.dk\/mors\/psykisk-mistrivsel-blandt-boern-og-unge\/#respond"]}]},{"@type":"WebPage","@id":"https:\/\/kunmedierne.dk\/mors\/psykisk-mistrivsel-blandt-boern-og-unge\/","url":"https:\/\/kunmedierne.dk\/mors\/psykisk-mistrivsel-blandt-boern-og-unge\/","name":"- Psykisk mistrivsel blandt b\u00f8rn og unge - Mors","isPartOf":{"@id":"https:\/\/kunmedierne.dk\/mors\/#website"},"primaryImageOfPage":{"@id":"https:\/\/kunmedierne.dk\/mors\/psykisk-mistrivsel-blandt-boern-og-unge\/#primaryimage"},"image":{"@id":"https:\/\/kunmedierne.dk\/mors\/psykisk-mistrivsel-blandt-boern-og-unge\/#primaryimage"},"thumbnailUrl":"https:\/\/kunmedierne.dk\/mors\/wp-content\/uploads\/2021\/04\/karin-villadsen.jpg","datePublished":"2021-11-08T14:56:30+00:00","dateModified":"2024-08-12T11:35:54+00:00","breadcrumb":{"@id":"https:\/\/kunmedierne.dk\/mors\/psykisk-mistrivsel-blandt-boern-og-unge\/#breadcrumb"},"inLanguage":"da-DK","potentialAction":[{"@type":"ReadAction","target":["https:\/\/kunmedierne.dk\/mors\/psykisk-mistrivsel-blandt-boern-og-unge\/"]}]},{"@type":"ImageObject","inLanguage":"da-DK","@id":"https:\/\/kunmedierne.dk\/mors\/psykisk-mistrivsel-blandt-boern-og-unge\/#primaryimage","url":"https:\/\/kunmedierne.dk\/mors\/wp-content\/uploads\/2021\/04\/karin-villadsen.jpg","contentUrl":"https:\/\/kunmedierne.dk\/mors\/wp-content\/uploads\/2021\/04\/karin-villadsen.jpg","width":770,"height":513,"caption":"Karin Villadsen, kandidat for Socialdemokratiet ved Kommunalvalg 2021. Privatfoto"},{"@type":"BreadcrumbList","@id":"https:\/\/kunmedierne.dk\/mors\/psykisk-mistrivsel-blandt-boern-og-unge\/#breadcrumb","itemListElement":[{"@type":"ListItem","position":1,"name":"Hjem","item":"https:\/\/kunmedierne.dk\/mors\/"},{"@type":"ListItem","position":2,"name":"&#8211; Psykisk mistrivsel blandt b\u00f8rn og unge"}]},{"@type":"WebSite","@id":"https:\/\/kunmedierne.dk\/mors\/#website","url":"https:\/\/kunmedierne.dk\/mors\/","name":"Mors","description":"et netmedie med journalistik om livet p\u00e5 Mors","publisher":{"@id":"https:\/\/kunmedierne.dk\/mors\/#organization"},"potentialAction":[{"@type":"SearchAction","target":{"@type":"EntryPoint","urlTemplate":"https:\/\/kunmedierne.dk\/mors\/?s={search_term_string}"},"query-input":{"@type":"PropertyValueSpecification","valueRequired":true,"valueName":"search_term_string"}}],"inLanguage":"da-DK"},{"@type":"Organization","@id":"https:\/\/kunmedierne.dk\/mors\/#organization","name":"Mors","url":"https:\/\/kunmedierne.dk\/mors\/","logo":{"@type":"ImageObject","inLanguage":"da-DK","@id":"https:\/\/kunmedierne.dk\/mors\/#\/schema\/logo\/image\/","url":"https:\/\/kunmedierne.dk\/mors\/wp-content\/uploads\/2024\/08\/kunmors-logo.svg","contentUrl":"https:\/\/kunmedierne.dk\/mors\/wp-content\/uploads\/2024\/08\/kunmors-logo.svg","caption":"Mors"},"image":{"@id":"https:\/\/kunmedierne.dk\/mors\/#\/schema\/logo\/image\/"}},{"@type":"Person","@id":"https:\/\/kunmedierne.dk\/mors\/#\/schema\/person\/84c1391bce0b43b9bb3a49736bc0ad78","name":"Debat","image":{"@type":"ImageObject","inLanguage":"da-DK","@id":"https:\/\/kunmedierne.dk\/mors\/#\/schema\/person\/image\/","url":"https:\/\/secure.gravatar.com\/avatar\/b0fb2e221d618f7c65162ab0d49c7e8a0b580c871ca03af90e42b47b4150654c?s=96&d=mm&r=g","contentUrl":"https:\/\/secure.gravatar.com\/avatar\/b0fb2e221d618f7c65162ab0d49c7e8a0b580c871ca03af90e42b47b4150654c?s=96&d=mm&r=g","caption":"Debat"},"url":"https:\/\/kunmedierne.dk\/mors\/author\/debat\/"}]}},"_links":{"self":[{"href":"https:\/\/kunmedierne.dk\/mors\/wp-json\/wp\/v2\/posts\/56810","targetHints":{"allow":["GET"]}}],"collection":[{"href":"https:\/\/kunmedierne.dk\/mors\/wp-json\/wp\/v2\/posts"}],"about":[{"href":"https:\/\/kunmedierne.dk\/mors\/wp-json\/wp\/v2\/types\/post"}],"author":[{"embeddable":true,"href":"https:\/\/kunmedierne.dk\/mors\/wp-json\/wp\/v2\/users\/11"}],"replies":[{"embeddable":true,"href":"https:\/\/kunmedierne.dk\/mors\/wp-json\/wp\/v2\/comments?post=56810"}],"version-history":[{"count":1,"href":"https:\/\/kunmedierne.dk\/mors\/wp-json\/wp\/v2\/posts\/56810\/revisions"}],"predecessor-version":[{"id":56811,"href":"https:\/\/kunmedierne.dk\/mors\/wp-json\/wp\/v2\/posts\/56810\/revisions\/56811"}],"wp:featuredmedia":[{"embeddable":true,"href":"https:\/\/kunmedierne.dk\/mors\/wp-json\/wp\/v2\/media\/43997"}],"wp:attachment":[{"href":"https:\/\/kunmedierne.dk\/mors\/wp-json\/wp\/v2\/media?parent=56810"}],"wp:term":[{"taxonomy":"category","embeddable":true,"href":"https:\/\/kunmedierne.dk\/mors\/wp-json\/wp\/v2\/categories?post=56810"},{"taxonomy":"post_tag","embeddable":true,"href":"https:\/\/kunmedierne.dk\/mors\/wp-json\/wp\/v2\/tags?post=56810"}],"curies":[{"name":"wp","href":"https:\/\/api.w.org\/{rel}","templated":true}]}}