{"id":56766,"date":"2021-11-07T22:53:05","date_gmt":"2021-11-07T21:53:05","guid":{"rendered":"https:\/\/kunmedierne.dk\/mors\/?p=56766"},"modified":"2024-08-12T13:35:54","modified_gmt":"2024-08-12T11:35:54","slug":"bevar-de-smaa-valgsteder-paa-mors","status":"publish","type":"post","link":"https:\/\/kunmedierne.dk\/mors\/bevar-de-smaa-valgsteder-paa-mors\/","title":{"rendered":"&#8211; Bevar de sm\u00e5 valgsteder p\u00e5 Mors"},"content":{"rendered":"<p><em>Debatindl\u00e6g fra Bo Fink, kandidat for Radikale Venstre ved kommunal- og regionsr\u00e5dsvalget:<\/em><\/p>\n<hr \/>\n<p>MORS: Aage Brusgaard gjorde mig i Hvidbjerg opm\u00e6rksom p\u00e5, at de sm\u00e5 valgsteder p\u00e5 Mors skal lukke og samles i 6 st\u00f8rre. Tak til Aage for at huske p\u00e5 det. Jeg troede egentlig, at lukningsplanerne var g\u00e5et i sig selv. Men borgmesteren bekr\u00e6ftede lukningerne p\u00e5 et valgm\u00f8de et par dage efter i Sundby.<\/p>\n<p>Jeg synes det er en hel forkert beslutning, og hvis jeg f\u00e5r mulighed for det, vil jeg pr\u00f8ve at samle kommunalbestyrelsesmedlemmer p\u00e5 tv\u00e6rs af partiskel for at f\u00e5 beslutningen trukket tilbage. Nogle gange kan det v\u00e6re n\u00e6sten t\u00e5beligt sv\u00e6rt at f\u00e5 omgjort en beslutning, bare fordi man p\u00e5 et eller andet tidspunkt har truffet den. Men som tidl. statsminister Jens Otto Krag sagde en gang, \u201dman har et standpunkt til man tager et nyt\u201d, og det m\u00e5 vel ogs\u00e5 v\u00e6re ok, bare det er velovervejet. Det drejer sig om en v\u00e6rdifuld politisk tradition og kultur vi har p\u00e5 Mors, som snart bliver helt unik i en tid hvor man har travlt med effektiviseringstiltag overalt.<\/p>\n<p><a href=\"https:\/\/www.sparnord.dk\/filialer\/nykoebing-mors\/\"><img loading=\"lazy\" decoding=\"async\" class=\"alignleft size-full wp-image-46595\" src=\"https:\/\/kunmedierne.dk\/mors\/wp-content\/uploads\/2021\/06\/t04.jpg\" alt=\"\" width=\"1400\" height=\"123\" srcset=\"https:\/\/kunmedierne.dk\/mors\/wp-content\/uploads\/2021\/06\/t04.jpg 1400w, https:\/\/kunmedierne.dk\/mors\/wp-content\/uploads\/2021\/06\/t04-300x26.jpg 300w, https:\/\/kunmedierne.dk\/mors\/wp-content\/uploads\/2021\/06\/t04-1024x90.jpg 1024w, https:\/\/kunmedierne.dk\/mors\/wp-content\/uploads\/2021\/06\/t04-768x67.jpg 768w, https:\/\/kunmedierne.dk\/mors\/wp-content\/uploads\/2021\/06\/t04-600x53.jpg 600w\" sizes=\"auto, (max-width: 1400px) 100vw, 1400px\" \/><\/a>Nyvalgte medlemmer af kommunalbestyrelsen er ikke bundet af gamle beslutninger, og jeg synes, at de sammen med de genvalgte kommunalbestyrelsesmedlemmer skal omg\u00f8re beslutningen og bevare de sm\u00e5 valgsteder.<\/p>\n<p>Jeg har efterh\u00e5nden deltaget i rigtig mange valg p\u00e5 mit lokale valgsted, som er Sundby Forsamlingshus. For mig er det altid en h\u00f8jtidelig og flagkl\u00e6dt festdag, n\u00e5r vi g\u00e5r ind i forsamlingshuset og hen til bordet med de tilforordnede, f\u00e5r udleveret stemmesedlen\/stemmesedlerne, s\u00e6tter krydset\/krydsene inde i salen eller i k\u00f8kkenet, &#8211; der denne dag er udn\u00e6vnt til stemmebokse -, og n\u00e5r vi til sidst putter den\/de udfyldte stemmesedler i urnen\/urnerne under beh\u00f8rig overv\u00e5gning. Der sm\u00e5snakkes, og vi g\u00e5r hjem i vished om, at borgerpligten er vel udf\u00f8rt. Der er noget hyggeligt og bekr\u00e6ftende i at m\u00f8de andre fra landsbyen omkring valghandlingen. Vi fejrer demokratiet rullet helt ud til den mindste landsby. Alle skal kunne v\u00e6re med.<\/p>\n<p><a href=\"http:\/\/www.limfjordsteatret.dk\/#front\"><img loading=\"lazy\" decoding=\"async\" class=\"alignleft size-full wp-image-46596\" src=\"https:\/\/kunmedierne.dk\/mors\/wp-content\/uploads\/2021\/06\/t05.jpg\" alt=\"\" width=\"1400\" height=\"125\" srcset=\"https:\/\/kunmedierne.dk\/mors\/wp-content\/uploads\/2021\/06\/t05.jpg 1400w, https:\/\/kunmedierne.dk\/mors\/wp-content\/uploads\/2021\/06\/t05-300x27.jpg 300w, https:\/\/kunmedierne.dk\/mors\/wp-content\/uploads\/2021\/06\/t05-1024x91.jpg 1024w, https:\/\/kunmedierne.dk\/mors\/wp-content\/uploads\/2021\/06\/t05-768x69.jpg 768w, https:\/\/kunmedierne.dk\/mors\/wp-content\/uploads\/2021\/06\/t05-600x54.jpg 600w\" sizes=\"auto, (max-width: 1400px) 100vw, 1400px\" \/><\/a>Det er en tradition, der ikke b\u00f8r spares v\u00e6k for gold effektivisering. Der skal v\u00e6re plads til n\u00e6re valgsteder, n\u00e5r det g\u00e6lder noget s\u00e5 vigtigt som vores folkestyre.<\/p>\n<p>Disse valgsteder st\u00e5r til lukning, Freds\u00f8, Fr\u00f8slev, Karby, T\u00e6bring, Erslev, Flade, Redsted, T\u00f8ds\u00f8, Solbjerg, Sundby, Thorup, \u00d8rding, \u00d8. Assels.<\/p>\n<hr \/>\n<p><em>Har du et bidrag til den lokale debat? Send det til os p\u00e5 e-mail: debat@kunmedierne.dk\/mors. Husk at l\u00e6se korrektur inden afsendelse p\u00e5 indl\u00e6gget.<\/em><\/p>\n","protected":false},"excerpt":{"rendered":"<p>Debatindl\u00e6g fra Bo Fink, kandidat for Radikale Venstre ved kommunal- og regionsr\u00e5dsvalget: MORS: Aage Brusgaard gjorde mig i Hvidbjerg opm\u00e6rksom p\u00e5, at de sm\u00e5 valgsteder p\u00e5 Mors skal lukke og samles i 6 st\u00f8rre. Tak til Aage for at huske p\u00e5 det. Jeg troede egentlig, at lukningsplanerne var g\u00e5et i sig selv. Men borgmesteren bekr\u00e6ftede [&hellip;]<\/p>\n","protected":false},"author":11,"featured_media":53898,"comment_status":"open","ping_status":"open","sticky":false,"template":"","format":"standard","meta":{"_acf_changed":false,"footnotes":""},"categories":[56],"tags":[167],"class_list":["post-56766","post","type-post","status-publish","format-standard","has-post-thumbnail","hentry","category-debat","tag-politik"],"acf":[],"yoast_head":"<!-- This site is optimized with the Yoast SEO plugin v26.8 - https:\/\/yoast.com\/product\/yoast-seo-wordpress\/ -->\n<title>- Bevar de sm\u00e5 valgsteder p\u00e5 Mors - Mors<\/title>\n<meta name=\"robots\" content=\"index, follow, max-snippet:-1, max-image-preview:large, max-video-preview:-1\" \/>\n<link rel=\"canonical\" href=\"https:\/\/kunmedierne.dk\/mors\/bevar-de-smaa-valgsteder-paa-mors\/\" \/>\n<meta property=\"og:locale\" content=\"da_DK\" \/>\n<meta property=\"og:type\" content=\"article\" \/>\n<meta property=\"og:title\" content=\"- Bevar de sm\u00e5 valgsteder p\u00e5 Mors - Mors\" \/>\n<meta property=\"og:description\" content=\"Debatindl\u00e6g fra Bo Fink, kandidat for Radikale Venstre ved kommunal- og regionsr\u00e5dsvalget: MORS: Aage Brusgaard gjorde mig i Hvidbjerg opm\u00e6rksom p\u00e5, at de sm\u00e5 valgsteder p\u00e5 Mors skal lukke og samles i 6 st\u00f8rre. Tak til Aage for at huske p\u00e5 det. Jeg troede egentlig, at lukningsplanerne var g\u00e5et i sig selv. Men borgmesteren bekr\u00e6ftede [&hellip;]\" \/>\n<meta property=\"og:url\" content=\"https:\/\/kunmedierne.dk\/mors\/bevar-de-smaa-valgsteder-paa-mors\/\" \/>\n<meta property=\"og:site_name\" content=\"Mors\" \/>\n<meta property=\"article:published_time\" content=\"2021-11-07T21:53:05+00:00\" \/>\n<meta property=\"article:modified_time\" content=\"2024-08-12T11:35:54+00:00\" \/>\n<meta property=\"og:image\" content=\"https:\/\/kunmedierne.dk\/mors\/wp-content\/uploads\/2021\/10\/bo-fink.jpg\" \/>\n\t<meta property=\"og:image:width\" content=\"770\" \/>\n\t<meta property=\"og:image:height\" content=\"513\" \/>\n\t<meta property=\"og:image:type\" content=\"image\/jpeg\" \/>\n<meta name=\"author\" content=\"Debat\" \/>\n<meta name=\"twitter:card\" content=\"summary_large_image\" \/>\n<meta name=\"twitter:label1\" content=\"Skrevet af\" \/>\n\t<meta name=\"twitter:data1\" content=\"Debat\" \/>\n\t<meta name=\"twitter:label2\" content=\"Estimeret l\u00e6setid\" \/>\n\t<meta name=\"twitter:data2\" content=\"3 minutter\" \/>\n<script type=\"application\/ld+json\" class=\"yoast-schema-graph\">{\"@context\":\"https:\/\/schema.org\",\"@graph\":[{\"@type\":\"Article\",\"@id\":\"https:\/\/kunmedierne.dk\/mors\/bevar-de-smaa-valgsteder-paa-mors\/#article\",\"isPartOf\":{\"@id\":\"https:\/\/kunmedierne.dk\/mors\/bevar-de-smaa-valgsteder-paa-mors\/\"},\"author\":{\"name\":\"Debat\",\"@id\":\"https:\/\/kunmedierne.dk\/mors\/#\/schema\/person\/84c1391bce0b43b9bb3a49736bc0ad78\"},\"headline\":\"&#8211; Bevar de sm\u00e5 valgsteder p\u00e5 Mors\",\"datePublished\":\"2021-11-07T21:53:05+00:00\",\"dateModified\":\"2024-08-12T11:35:54+00:00\",\"mainEntityOfPage\":{\"@id\":\"https:\/\/kunmedierne.dk\/mors\/bevar-de-smaa-valgsteder-paa-mors\/\"},\"wordCount\":451,\"commentCount\":0,\"publisher\":{\"@id\":\"https:\/\/kunmedierne.dk\/mors\/#organization\"},\"image\":{\"@id\":\"https:\/\/kunmedierne.dk\/mors\/bevar-de-smaa-valgsteder-paa-mors\/#primaryimage\"},\"thumbnailUrl\":\"https:\/\/kunmedierne.dk\/mors\/wp-content\/uploads\/2021\/10\/bo-fink.jpg\",\"keywords\":[\"Politik\"],\"articleSection\":[\"Debat\"],\"inLanguage\":\"da-DK\",\"potentialAction\":[{\"@type\":\"CommentAction\",\"name\":\"Comment\",\"target\":[\"https:\/\/kunmedierne.dk\/mors\/bevar-de-smaa-valgsteder-paa-mors\/#respond\"]}]},{\"@type\":\"WebPage\",\"@id\":\"https:\/\/kunmedierne.dk\/mors\/bevar-de-smaa-valgsteder-paa-mors\/\",\"url\":\"https:\/\/kunmedierne.dk\/mors\/bevar-de-smaa-valgsteder-paa-mors\/\",\"name\":\"- Bevar de sm\u00e5 valgsteder p\u00e5 Mors - Mors\",\"isPartOf\":{\"@id\":\"https:\/\/kunmedierne.dk\/mors\/#website\"},\"primaryImageOfPage\":{\"@id\":\"https:\/\/kunmedierne.dk\/mors\/bevar-de-smaa-valgsteder-paa-mors\/#primaryimage\"},\"image\":{\"@id\":\"https:\/\/kunmedierne.dk\/mors\/bevar-de-smaa-valgsteder-paa-mors\/#primaryimage\"},\"thumbnailUrl\":\"https:\/\/kunmedierne.dk\/mors\/wp-content\/uploads\/2021\/10\/bo-fink.jpg\",\"datePublished\":\"2021-11-07T21:53:05+00:00\",\"dateModified\":\"2024-08-12T11:35:54+00:00\",\"breadcrumb\":{\"@id\":\"https:\/\/kunmedierne.dk\/mors\/bevar-de-smaa-valgsteder-paa-mors\/#breadcrumb\"},\"inLanguage\":\"da-DK\",\"potentialAction\":[{\"@type\":\"ReadAction\",\"target\":[\"https:\/\/kunmedierne.dk\/mors\/bevar-de-smaa-valgsteder-paa-mors\/\"]}]},{\"@type\":\"ImageObject\",\"inLanguage\":\"da-DK\",\"@id\":\"https:\/\/kunmedierne.dk\/mors\/bevar-de-smaa-valgsteder-paa-mors\/#primaryimage\",\"url\":\"https:\/\/kunmedierne.dk\/mors\/wp-content\/uploads\/2021\/10\/bo-fink.jpg\",\"contentUrl\":\"https:\/\/kunmedierne.dk\/mors\/wp-content\/uploads\/2021\/10\/bo-fink.jpg\",\"width\":770,\"height\":513,\"caption\":\"Bo Fink, kandidat for Radikale Venstre ved b\u00e5de kommunal- og regionsr\u00e5dsvalget.\"},{\"@type\":\"BreadcrumbList\",\"@id\":\"https:\/\/kunmedierne.dk\/mors\/bevar-de-smaa-valgsteder-paa-mors\/#breadcrumb\",\"itemListElement\":[{\"@type\":\"ListItem\",\"position\":1,\"name\":\"Hjem\",\"item\":\"https:\/\/kunmedierne.dk\/mors\/\"},{\"@type\":\"ListItem\",\"position\":2,\"name\":\"&#8211; Bevar de sm\u00e5 valgsteder p\u00e5 Mors\"}]},{\"@type\":\"WebSite\",\"@id\":\"https:\/\/kunmedierne.dk\/mors\/#website\",\"url\":\"https:\/\/kunmedierne.dk\/mors\/\",\"name\":\"Mors\",\"description\":\"et netmedie med journalistik om livet p\u00e5 Mors\",\"publisher\":{\"@id\":\"https:\/\/kunmedierne.dk\/mors\/#organization\"},\"potentialAction\":[{\"@type\":\"SearchAction\",\"target\":{\"@type\":\"EntryPoint\",\"urlTemplate\":\"https:\/\/kunmedierne.dk\/mors\/?s={search_term_string}\"},\"query-input\":{\"@type\":\"PropertyValueSpecification\",\"valueRequired\":true,\"valueName\":\"search_term_string\"}}],\"inLanguage\":\"da-DK\"},{\"@type\":\"Organization\",\"@id\":\"https:\/\/kunmedierne.dk\/mors\/#organization\",\"name\":\"Mors\",\"url\":\"https:\/\/kunmedierne.dk\/mors\/\",\"logo\":{\"@type\":\"ImageObject\",\"inLanguage\":\"da-DK\",\"@id\":\"https:\/\/kunmedierne.dk\/mors\/#\/schema\/logo\/image\/\",\"url\":\"https:\/\/kunmedierne.dk\/mors\/wp-content\/uploads\/2024\/08\/kunmors-logo.svg\",\"contentUrl\":\"https:\/\/kunmedierne.dk\/mors\/wp-content\/uploads\/2024\/08\/kunmors-logo.svg\",\"caption\":\"Mors\"},\"image\":{\"@id\":\"https:\/\/kunmedierne.dk\/mors\/#\/schema\/logo\/image\/\"}},{\"@type\":\"Person\",\"@id\":\"https:\/\/kunmedierne.dk\/mors\/#\/schema\/person\/84c1391bce0b43b9bb3a49736bc0ad78\",\"name\":\"Debat\",\"image\":{\"@type\":\"ImageObject\",\"inLanguage\":\"da-DK\",\"@id\":\"https:\/\/kunmedierne.dk\/mors\/#\/schema\/person\/image\/\",\"url\":\"https:\/\/secure.gravatar.com\/avatar\/b0fb2e221d618f7c65162ab0d49c7e8a0b580c871ca03af90e42b47b4150654c?s=96&d=mm&r=g\",\"contentUrl\":\"https:\/\/secure.gravatar.com\/avatar\/b0fb2e221d618f7c65162ab0d49c7e8a0b580c871ca03af90e42b47b4150654c?s=96&d=mm&r=g\",\"caption\":\"Debat\"},\"url\":\"https:\/\/kunmedierne.dk\/mors\/author\/debat\/\"}]}<\/script>\n<!-- \/ Yoast SEO plugin. -->","yoast_head_json":{"title":"- Bevar de sm\u00e5 valgsteder p\u00e5 Mors - Mors","robots":{"index":"index","follow":"follow","max-snippet":"max-snippet:-1","max-image-preview":"max-image-preview:large","max-video-preview":"max-video-preview:-1"},"canonical":"https:\/\/kunmedierne.dk\/mors\/bevar-de-smaa-valgsteder-paa-mors\/","og_locale":"da_DK","og_type":"article","og_title":"- Bevar de sm\u00e5 valgsteder p\u00e5 Mors - Mors","og_description":"Debatindl\u00e6g fra Bo Fink, kandidat for Radikale Venstre ved kommunal- og regionsr\u00e5dsvalget: MORS: Aage Brusgaard gjorde mig i Hvidbjerg opm\u00e6rksom p\u00e5, at de sm\u00e5 valgsteder p\u00e5 Mors skal lukke og samles i 6 st\u00f8rre. Tak til Aage for at huske p\u00e5 det. Jeg troede egentlig, at lukningsplanerne var g\u00e5et i sig selv. Men borgmesteren bekr\u00e6ftede [&hellip;]","og_url":"https:\/\/kunmedierne.dk\/mors\/bevar-de-smaa-valgsteder-paa-mors\/","og_site_name":"Mors","article_published_time":"2021-11-07T21:53:05+00:00","article_modified_time":"2024-08-12T11:35:54+00:00","og_image":[{"width":770,"height":513,"url":"https:\/\/kunmedierne.dk\/mors\/wp-content\/uploads\/2021\/10\/bo-fink.jpg","type":"image\/jpeg"}],"author":"Debat","twitter_card":"summary_large_image","twitter_misc":{"Skrevet af":"Debat","Estimeret l\u00e6setid":"3 minutter"},"schema":{"@context":"https:\/\/schema.org","@graph":[{"@type":"Article","@id":"https:\/\/kunmedierne.dk\/mors\/bevar-de-smaa-valgsteder-paa-mors\/#article","isPartOf":{"@id":"https:\/\/kunmedierne.dk\/mors\/bevar-de-smaa-valgsteder-paa-mors\/"},"author":{"name":"Debat","@id":"https:\/\/kunmedierne.dk\/mors\/#\/schema\/person\/84c1391bce0b43b9bb3a49736bc0ad78"},"headline":"&#8211; Bevar de sm\u00e5 valgsteder p\u00e5 Mors","datePublished":"2021-11-07T21:53:05+00:00","dateModified":"2024-08-12T11:35:54+00:00","mainEntityOfPage":{"@id":"https:\/\/kunmedierne.dk\/mors\/bevar-de-smaa-valgsteder-paa-mors\/"},"wordCount":451,"commentCount":0,"publisher":{"@id":"https:\/\/kunmedierne.dk\/mors\/#organization"},"image":{"@id":"https:\/\/kunmedierne.dk\/mors\/bevar-de-smaa-valgsteder-paa-mors\/#primaryimage"},"thumbnailUrl":"https:\/\/kunmedierne.dk\/mors\/wp-content\/uploads\/2021\/10\/bo-fink.jpg","keywords":["Politik"],"articleSection":["Debat"],"inLanguage":"da-DK","potentialAction":[{"@type":"CommentAction","name":"Comment","target":["https:\/\/kunmedierne.dk\/mors\/bevar-de-smaa-valgsteder-paa-mors\/#respond"]}]},{"@type":"WebPage","@id":"https:\/\/kunmedierne.dk\/mors\/bevar-de-smaa-valgsteder-paa-mors\/","url":"https:\/\/kunmedierne.dk\/mors\/bevar-de-smaa-valgsteder-paa-mors\/","name":"- Bevar de sm\u00e5 valgsteder p\u00e5 Mors - Mors","isPartOf":{"@id":"https:\/\/kunmedierne.dk\/mors\/#website"},"primaryImageOfPage":{"@id":"https:\/\/kunmedierne.dk\/mors\/bevar-de-smaa-valgsteder-paa-mors\/#primaryimage"},"image":{"@id":"https:\/\/kunmedierne.dk\/mors\/bevar-de-smaa-valgsteder-paa-mors\/#primaryimage"},"thumbnailUrl":"https:\/\/kunmedierne.dk\/mors\/wp-content\/uploads\/2021\/10\/bo-fink.jpg","datePublished":"2021-11-07T21:53:05+00:00","dateModified":"2024-08-12T11:35:54+00:00","breadcrumb":{"@id":"https:\/\/kunmedierne.dk\/mors\/bevar-de-smaa-valgsteder-paa-mors\/#breadcrumb"},"inLanguage":"da-DK","potentialAction":[{"@type":"ReadAction","target":["https:\/\/kunmedierne.dk\/mors\/bevar-de-smaa-valgsteder-paa-mors\/"]}]},{"@type":"ImageObject","inLanguage":"da-DK","@id":"https:\/\/kunmedierne.dk\/mors\/bevar-de-smaa-valgsteder-paa-mors\/#primaryimage","url":"https:\/\/kunmedierne.dk\/mors\/wp-content\/uploads\/2021\/10\/bo-fink.jpg","contentUrl":"https:\/\/kunmedierne.dk\/mors\/wp-content\/uploads\/2021\/10\/bo-fink.jpg","width":770,"height":513,"caption":"Bo Fink, kandidat for Radikale Venstre ved b\u00e5de kommunal- og regionsr\u00e5dsvalget."},{"@type":"BreadcrumbList","@id":"https:\/\/kunmedierne.dk\/mors\/bevar-de-smaa-valgsteder-paa-mors\/#breadcrumb","itemListElement":[{"@type":"ListItem","position":1,"name":"Hjem","item":"https:\/\/kunmedierne.dk\/mors\/"},{"@type":"ListItem","position":2,"name":"&#8211; Bevar de sm\u00e5 valgsteder p\u00e5 Mors"}]},{"@type":"WebSite","@id":"https:\/\/kunmedierne.dk\/mors\/#website","url":"https:\/\/kunmedierne.dk\/mors\/","name":"Mors","description":"et netmedie med journalistik om livet p\u00e5 Mors","publisher":{"@id":"https:\/\/kunmedierne.dk\/mors\/#organization"},"potentialAction":[{"@type":"SearchAction","target":{"@type":"EntryPoint","urlTemplate":"https:\/\/kunmedierne.dk\/mors\/?s={search_term_string}"},"query-input":{"@type":"PropertyValueSpecification","valueRequired":true,"valueName":"search_term_string"}}],"inLanguage":"da-DK"},{"@type":"Organization","@id":"https:\/\/kunmedierne.dk\/mors\/#organization","name":"Mors","url":"https:\/\/kunmedierne.dk\/mors\/","logo":{"@type":"ImageObject","inLanguage":"da-DK","@id":"https:\/\/kunmedierne.dk\/mors\/#\/schema\/logo\/image\/","url":"https:\/\/kunmedierne.dk\/mors\/wp-content\/uploads\/2024\/08\/kunmors-logo.svg","contentUrl":"https:\/\/kunmedierne.dk\/mors\/wp-content\/uploads\/2024\/08\/kunmors-logo.svg","caption":"Mors"},"image":{"@id":"https:\/\/kunmedierne.dk\/mors\/#\/schema\/logo\/image\/"}},{"@type":"Person","@id":"https:\/\/kunmedierne.dk\/mors\/#\/schema\/person\/84c1391bce0b43b9bb3a49736bc0ad78","name":"Debat","image":{"@type":"ImageObject","inLanguage":"da-DK","@id":"https:\/\/kunmedierne.dk\/mors\/#\/schema\/person\/image\/","url":"https:\/\/secure.gravatar.com\/avatar\/b0fb2e221d618f7c65162ab0d49c7e8a0b580c871ca03af90e42b47b4150654c?s=96&d=mm&r=g","contentUrl":"https:\/\/secure.gravatar.com\/avatar\/b0fb2e221d618f7c65162ab0d49c7e8a0b580c871ca03af90e42b47b4150654c?s=96&d=mm&r=g","caption":"Debat"},"url":"https:\/\/kunmedierne.dk\/mors\/author\/debat\/"}]}},"_links":{"self":[{"href":"https:\/\/kunmedierne.dk\/mors\/wp-json\/wp\/v2\/posts\/56766","targetHints":{"allow":["GET"]}}],"collection":[{"href":"https:\/\/kunmedierne.dk\/mors\/wp-json\/wp\/v2\/posts"}],"about":[{"href":"https:\/\/kunmedierne.dk\/mors\/wp-json\/wp\/v2\/types\/post"}],"author":[{"embeddable":true,"href":"https:\/\/kunmedierne.dk\/mors\/wp-json\/wp\/v2\/users\/11"}],"replies":[{"embeddable":true,"href":"https:\/\/kunmedierne.dk\/mors\/wp-json\/wp\/v2\/comments?post=56766"}],"version-history":[{"count":1,"href":"https:\/\/kunmedierne.dk\/mors\/wp-json\/wp\/v2\/posts\/56766\/revisions"}],"predecessor-version":[{"id":56767,"href":"https:\/\/kunmedierne.dk\/mors\/wp-json\/wp\/v2\/posts\/56766\/revisions\/56767"}],"wp:featuredmedia":[{"embeddable":true,"href":"https:\/\/kunmedierne.dk\/mors\/wp-json\/wp\/v2\/media\/53898"}],"wp:attachment":[{"href":"https:\/\/kunmedierne.dk\/mors\/wp-json\/wp\/v2\/media?parent=56766"}],"wp:term":[{"taxonomy":"category","embeddable":true,"href":"https:\/\/kunmedierne.dk\/mors\/wp-json\/wp\/v2\/categories?post=56766"},{"taxonomy":"post_tag","embeddable":true,"href":"https:\/\/kunmedierne.dk\/mors\/wp-json\/wp\/v2\/tags?post=56766"}],"curies":[{"name":"wp","href":"https:\/\/api.w.org\/{rel}","templated":true}]}}