{"id":5672,"date":"2020-02-03T13:26:15","date_gmt":"2020-02-03T12:26:15","guid":{"rendered":"https:\/\/kunmedierne.dk\/mors\/?p=5672"},"modified":"2024-08-12T14:07:42","modified_gmt":"2024-08-12T12:07:42","slug":"slog-efter-frygt-for-greb-om-de-aedlere-dele","status":"publish","type":"post","link":"https:\/\/kunmedierne.dk\/mors\/slog-efter-frygt-for-greb-om-de-aedlere-dele\/","title":{"rendered":"Slog efter frygt for greb om de \u00e6dlere dele"},"content":{"rendered":"<p><strong>NYK\u00d8BING<\/strong>: Det var p\u00e5 mange m\u00e5der en traditionel retssag, men med en us\u00e6dvanlig optakt, der blev gennemg\u00e5et i retsafdelingen i Thisted.<\/p>\n<p>En 56-\u00e5rig mand fra Mors var tiltalt for vold, og if\u00f8lge den 56-\u00e5riges forklaring var slaget en reaktion p\u00e5 en gammel episode, hvor en mand, der er noget \u00e6ldre end den 56-\u00e5rige, men et hoved h\u00f8jere, p\u00e5 et v\u00e6rtshus i Nyk\u00f8bing havde grebet den 56-\u00e5rige i skridtet og klemt til.<\/p>\n<p>Fem \u00e5r senere en eftermiddag i august sidste \u00e5r p\u00e5 g\u00e5gaden i Nyk\u00f8bing sad den lidt \u00e6ldre mand s\u00e5 p\u00e5 et sted, hvor der ogs\u00e5 serveres udend\u00f8rs. Han prajer den 56-\u00e5rige og byder p\u00e5 en \u00f8l, og if\u00f8lge dem begge snakker de hyggeligt, mens de f\u00e5r \u00f8llet, og der var endda et par mere p\u00e5 vej, men her skiller de to m\u00e6nds forklaringer sig.<\/p>\n<p>Den 56-\u00e5rige havde n\u00e6vnt den gamle episode og at han stadig var vred over det:<\/p>\n<p>&#8220;Det kan jeg da g\u00f8re igen,&#8221; siger den lidt \u00e6ldre til den 56-\u00e5rige og griber ud efter skridtet p\u00e5 ham.<\/p>\n<p>Det fik s\u00e5 den 56-\u00e5rige til at sl\u00e5 ud med bagh\u00e5nden efter den lidt \u00e6ldre.<\/p>\n<p>Han afviste p\u00e5 sin side pure at kende til den gamle episode og mente, at den 56-\u00e5rige bare slog ud efter ham uden videre.<\/p>\n<p>If\u00f8lge den lidt \u00e6ldres forklaring gik brillerne i stykker, og han fik n\u00e6seblod, og s\u00e5 mente han, at han nu havde f\u00e5et et traume, s\u00e5 han ikke l\u00e6ngere turde f\u00e6rdes p\u00e5 g\u00e5gaden.<\/p>\n<p>En p\u00e5stand, som den 56-\u00e5rig afviste, og som der heller ikke blev kr\u00e6vet yderligere beviser p\u00e5.<br \/>\nHverken fra den ene eller den anden part.<\/p>\n<p>Den lidt \u00e6ldre mand blev k\u00f8rt p\u00e5 skadestuen, men l\u00e6gen kunne konstatere, der ikke var noget brud p\u00e5 n\u00e6sen, og brillerne er siden blevet erstattet af den 56-\u00e5rige.<\/p>\n<p>Dommerne var enige om, at stedet p\u00e5 g\u00e5gaden skulle betragtes som et v\u00e6rtshusomr\u00e5de og at skaderne trods alt ikke var st\u00f8rre, end at resultatet derfor skulle v\u00e6re 30 dages f\u00e6ngsel, som ikke skal udl\u00f8ses, hvis den 56-\u00e5rige klarer 40 timers samfundstjeneste inden for de n\u00e6ste seks m\u00e5neder.<\/p>\n<p>En afg\u00f8relse, som den 56-\u00e5rige modtog.<\/p>\n","protected":false},"excerpt":{"rendered":"<p>NYK\u00d8BING: Det var p\u00e5 mange m\u00e5der en traditionel retssag, men med en us\u00e6dvanlig optakt, der blev gennemg\u00e5et i retsafdelingen i Thisted. En 56-\u00e5rig mand fra Mors var tiltalt for vold, og if\u00f8lge den 56-\u00e5riges forklaring var slaget en reaktion p\u00e5 en gammel episode, hvor en mand, der er noget \u00e6ldre end den 56-\u00e5rige, men et [&hellip;]<\/p>\n","protected":false},"author":176,"featured_media":3783,"comment_status":"open","ping_status":"open","sticky":false,"template":"","format":"standard","meta":{"_acf_changed":false,"footnotes":""},"categories":[54,51],"tags":[],"class_list":["post-5672","post","type-post","status-publish","format-standard","has-post-thumbnail","hentry","category-54","category-lokalt"],"acf":[],"yoast_head":"<!-- This site is optimized with the Yoast SEO plugin v26.8 - https:\/\/yoast.com\/product\/yoast-seo-wordpress\/ -->\n<title>Slog efter frygt for greb om de \u00e6dlere dele - Mors<\/title>\n<meta name=\"robots\" content=\"index, follow, max-snippet:-1, max-image-preview:large, max-video-preview:-1\" \/>\n<link rel=\"canonical\" href=\"https:\/\/kunmedierne.dk\/mors\/slog-efter-frygt-for-greb-om-de-aedlere-dele\/\" \/>\n<meta property=\"og:locale\" content=\"da_DK\" \/>\n<meta property=\"og:type\" content=\"article\" \/>\n<meta property=\"og:title\" content=\"Slog efter frygt for greb om de \u00e6dlere dele - Mors\" \/>\n<meta property=\"og:description\" content=\"NYK\u00d8BING: Det var p\u00e5 mange m\u00e5der en traditionel retssag, men med en us\u00e6dvanlig optakt, der blev gennemg\u00e5et i retsafdelingen i Thisted. En 56-\u00e5rig mand fra Mors var tiltalt for vold, og if\u00f8lge den 56-\u00e5riges forklaring var slaget en reaktion p\u00e5 en gammel episode, hvor en mand, der er noget \u00e6ldre end den 56-\u00e5rige, men et [&hellip;]\" \/>\n<meta property=\"og:url\" content=\"https:\/\/kunmedierne.dk\/mors\/slog-efter-frygt-for-greb-om-de-aedlere-dele\/\" \/>\n<meta property=\"og:site_name\" content=\"Mors\" \/>\n<meta property=\"article:published_time\" content=\"2020-02-03T12:26:15+00:00\" \/>\n<meta property=\"article:modified_time\" content=\"2024-08-12T12:07:42+00:00\" \/>\n<meta property=\"og:image\" content=\"https:\/\/kunmedierne.dk\/mors\/wp-content\/uploads\/2020\/01\/politi-uniform.jpg\" \/>\n\t<meta property=\"og:image:width\" content=\"770\" \/>\n\t<meta property=\"og:image:height\" content=\"513\" \/>\n\t<meta property=\"og:image:type\" content=\"image\/jpeg\" \/>\n<meta name=\"author\" content=\"Niels Hansen\" \/>\n<meta name=\"twitter:card\" content=\"summary_large_image\" \/>\n<meta name=\"twitter:label1\" content=\"Skrevet af\" \/>\n\t<meta name=\"twitter:data1\" content=\"Niels Hansen\" \/>\n\t<meta name=\"twitter:label2\" content=\"Estimeret l\u00e6setid\" \/>\n\t<meta name=\"twitter:data2\" content=\"2 minutter\" \/>\n<script type=\"application\/ld+json\" class=\"yoast-schema-graph\">{\"@context\":\"https:\/\/schema.org\",\"@graph\":[{\"@type\":\"Article\",\"@id\":\"https:\/\/kunmedierne.dk\/mors\/slog-efter-frygt-for-greb-om-de-aedlere-dele\/#article\",\"isPartOf\":{\"@id\":\"https:\/\/kunmedierne.dk\/mors\/slog-efter-frygt-for-greb-om-de-aedlere-dele\/\"},\"author\":{\"name\":\"Niels Hansen\",\"@id\":\"https:\/\/kunmedierne.dk\/mors\/#\/schema\/person\/09cc14cd371d523a3528ea9c4fda5254\"},\"headline\":\"Slog efter frygt for greb om de \u00e6dlere dele\",\"datePublished\":\"2020-02-03T12:26:15+00:00\",\"dateModified\":\"2024-08-12T12:07:42+00:00\",\"mainEntityOfPage\":{\"@id\":\"https:\/\/kunmedierne.dk\/mors\/slog-efter-frygt-for-greb-om-de-aedlere-dele\/\"},\"wordCount\":404,\"commentCount\":0,\"publisher\":{\"@id\":\"https:\/\/kunmedierne.dk\/mors\/#organization\"},\"image\":{\"@id\":\"https:\/\/kunmedierne.dk\/mors\/slog-efter-frygt-for-greb-om-de-aedlere-dele\/#primaryimage\"},\"thumbnailUrl\":\"https:\/\/kunmedierne.dk\/mors\/wp-content\/uploads\/2020\/01\/politi-uniform.jpg\",\"articleSection\":[\"112\",\"Lokalt\"],\"inLanguage\":\"da-DK\",\"potentialAction\":[{\"@type\":\"CommentAction\",\"name\":\"Comment\",\"target\":[\"https:\/\/kunmedierne.dk\/mors\/slog-efter-frygt-for-greb-om-de-aedlere-dele\/#respond\"]}]},{\"@type\":\"WebPage\",\"@id\":\"https:\/\/kunmedierne.dk\/mors\/slog-efter-frygt-for-greb-om-de-aedlere-dele\/\",\"url\":\"https:\/\/kunmedierne.dk\/mors\/slog-efter-frygt-for-greb-om-de-aedlere-dele\/\",\"name\":\"Slog efter frygt for greb om de \u00e6dlere dele - Mors\",\"isPartOf\":{\"@id\":\"https:\/\/kunmedierne.dk\/mors\/#website\"},\"primaryImageOfPage\":{\"@id\":\"https:\/\/kunmedierne.dk\/mors\/slog-efter-frygt-for-greb-om-de-aedlere-dele\/#primaryimage\"},\"image\":{\"@id\":\"https:\/\/kunmedierne.dk\/mors\/slog-efter-frygt-for-greb-om-de-aedlere-dele\/#primaryimage\"},\"thumbnailUrl\":\"https:\/\/kunmedierne.dk\/mors\/wp-content\/uploads\/2020\/01\/politi-uniform.jpg\",\"datePublished\":\"2020-02-03T12:26:15+00:00\",\"dateModified\":\"2024-08-12T12:07:42+00:00\",\"breadcrumb\":{\"@id\":\"https:\/\/kunmedierne.dk\/mors\/slog-efter-frygt-for-greb-om-de-aedlere-dele\/#breadcrumb\"},\"inLanguage\":\"da-DK\",\"potentialAction\":[{\"@type\":\"ReadAction\",\"target\":[\"https:\/\/kunmedierne.dk\/mors\/slog-efter-frygt-for-greb-om-de-aedlere-dele\/\"]}]},{\"@type\":\"ImageObject\",\"inLanguage\":\"da-DK\",\"@id\":\"https:\/\/kunmedierne.dk\/mors\/slog-efter-frygt-for-greb-om-de-aedlere-dele\/#primaryimage\",\"url\":\"https:\/\/kunmedierne.dk\/mors\/wp-content\/uploads\/2020\/01\/politi-uniform.jpg\",\"contentUrl\":\"https:\/\/kunmedierne.dk\/mors\/wp-content\/uploads\/2020\/01\/politi-uniform.jpg\",\"width\":770,\"height\":513,\"caption\":\"Modeloto: Kim Matth\u00e4i Leland\"},{\"@type\":\"BreadcrumbList\",\"@id\":\"https:\/\/kunmedierne.dk\/mors\/slog-efter-frygt-for-greb-om-de-aedlere-dele\/#breadcrumb\",\"itemListElement\":[{\"@type\":\"ListItem\",\"position\":1,\"name\":\"Hjem\",\"item\":\"https:\/\/kunmedierne.dk\/mors\/\"},{\"@type\":\"ListItem\",\"position\":2,\"name\":\"Slog efter frygt for greb om de \u00e6dlere dele\"}]},{\"@type\":\"WebSite\",\"@id\":\"https:\/\/kunmedierne.dk\/mors\/#website\",\"url\":\"https:\/\/kunmedierne.dk\/mors\/\",\"name\":\"Mors\",\"description\":\"et netmedie med journalistik om livet p\u00e5 Mors\",\"publisher\":{\"@id\":\"https:\/\/kunmedierne.dk\/mors\/#organization\"},\"potentialAction\":[{\"@type\":\"SearchAction\",\"target\":{\"@type\":\"EntryPoint\",\"urlTemplate\":\"https:\/\/kunmedierne.dk\/mors\/?s={search_term_string}\"},\"query-input\":{\"@type\":\"PropertyValueSpecification\",\"valueRequired\":true,\"valueName\":\"search_term_string\"}}],\"inLanguage\":\"da-DK\"},{\"@type\":\"Organization\",\"@id\":\"https:\/\/kunmedierne.dk\/mors\/#organization\",\"name\":\"Mors\",\"url\":\"https:\/\/kunmedierne.dk\/mors\/\",\"logo\":{\"@type\":\"ImageObject\",\"inLanguage\":\"da-DK\",\"@id\":\"https:\/\/kunmedierne.dk\/mors\/#\/schema\/logo\/image\/\",\"url\":\"https:\/\/kunmedierne.dk\/mors\/wp-content\/uploads\/2024\/08\/kunmors-logo.svg\",\"contentUrl\":\"https:\/\/kunmedierne.dk\/mors\/wp-content\/uploads\/2024\/08\/kunmors-logo.svg\",\"caption\":\"Mors\"},\"image\":{\"@id\":\"https:\/\/kunmedierne.dk\/mors\/#\/schema\/logo\/image\/\"}},{\"@type\":\"Person\",\"@id\":\"https:\/\/kunmedierne.dk\/mors\/#\/schema\/person\/09cc14cd371d523a3528ea9c4fda5254\",\"name\":\"Niels Hansen\",\"image\":{\"@type\":\"ImageObject\",\"inLanguage\":\"da-DK\",\"@id\":\"https:\/\/kunmedierne.dk\/mors\/#\/schema\/person\/image\/\",\"url\":\"https:\/\/secure.gravatar.com\/avatar\/568e84d860856800f9f57c56a1d8280df5422f50943b8f79fd25417a3720af53?s=96&d=mm&r=g\",\"contentUrl\":\"https:\/\/secure.gravatar.com\/avatar\/568e84d860856800f9f57c56a1d8280df5422f50943b8f79fd25417a3720af53?s=96&d=mm&r=g\",\"caption\":\"Niels Hansen\"},\"url\":\"https:\/\/kunmedierne.dk\/mors\/author\/niels-hansen\/\"}]}<\/script>\n<!-- \/ Yoast SEO plugin. -->","yoast_head_json":{"title":"Slog efter frygt for greb om de \u00e6dlere dele - Mors","robots":{"index":"index","follow":"follow","max-snippet":"max-snippet:-1","max-image-preview":"max-image-preview:large","max-video-preview":"max-video-preview:-1"},"canonical":"https:\/\/kunmedierne.dk\/mors\/slog-efter-frygt-for-greb-om-de-aedlere-dele\/","og_locale":"da_DK","og_type":"article","og_title":"Slog efter frygt for greb om de \u00e6dlere dele - Mors","og_description":"NYK\u00d8BING: Det var p\u00e5 mange m\u00e5der en traditionel retssag, men med en us\u00e6dvanlig optakt, der blev gennemg\u00e5et i retsafdelingen i Thisted. En 56-\u00e5rig mand fra Mors var tiltalt for vold, og if\u00f8lge den 56-\u00e5riges forklaring var slaget en reaktion p\u00e5 en gammel episode, hvor en mand, der er noget \u00e6ldre end den 56-\u00e5rige, men et [&hellip;]","og_url":"https:\/\/kunmedierne.dk\/mors\/slog-efter-frygt-for-greb-om-de-aedlere-dele\/","og_site_name":"Mors","article_published_time":"2020-02-03T12:26:15+00:00","article_modified_time":"2024-08-12T12:07:42+00:00","og_image":[{"width":770,"height":513,"url":"https:\/\/kunmedierne.dk\/mors\/wp-content\/uploads\/2020\/01\/politi-uniform.jpg","type":"image\/jpeg"}],"author":"Niels Hansen","twitter_card":"summary_large_image","twitter_misc":{"Skrevet af":"Niels Hansen","Estimeret l\u00e6setid":"2 minutter"},"schema":{"@context":"https:\/\/schema.org","@graph":[{"@type":"Article","@id":"https:\/\/kunmedierne.dk\/mors\/slog-efter-frygt-for-greb-om-de-aedlere-dele\/#article","isPartOf":{"@id":"https:\/\/kunmedierne.dk\/mors\/slog-efter-frygt-for-greb-om-de-aedlere-dele\/"},"author":{"name":"Niels Hansen","@id":"https:\/\/kunmedierne.dk\/mors\/#\/schema\/person\/09cc14cd371d523a3528ea9c4fda5254"},"headline":"Slog efter frygt for greb om de \u00e6dlere dele","datePublished":"2020-02-03T12:26:15+00:00","dateModified":"2024-08-12T12:07:42+00:00","mainEntityOfPage":{"@id":"https:\/\/kunmedierne.dk\/mors\/slog-efter-frygt-for-greb-om-de-aedlere-dele\/"},"wordCount":404,"commentCount":0,"publisher":{"@id":"https:\/\/kunmedierne.dk\/mors\/#organization"},"image":{"@id":"https:\/\/kunmedierne.dk\/mors\/slog-efter-frygt-for-greb-om-de-aedlere-dele\/#primaryimage"},"thumbnailUrl":"https:\/\/kunmedierne.dk\/mors\/wp-content\/uploads\/2020\/01\/politi-uniform.jpg","articleSection":["112","Lokalt"],"inLanguage":"da-DK","potentialAction":[{"@type":"CommentAction","name":"Comment","target":["https:\/\/kunmedierne.dk\/mors\/slog-efter-frygt-for-greb-om-de-aedlere-dele\/#respond"]}]},{"@type":"WebPage","@id":"https:\/\/kunmedierne.dk\/mors\/slog-efter-frygt-for-greb-om-de-aedlere-dele\/","url":"https:\/\/kunmedierne.dk\/mors\/slog-efter-frygt-for-greb-om-de-aedlere-dele\/","name":"Slog efter frygt for greb om de \u00e6dlere dele - Mors","isPartOf":{"@id":"https:\/\/kunmedierne.dk\/mors\/#website"},"primaryImageOfPage":{"@id":"https:\/\/kunmedierne.dk\/mors\/slog-efter-frygt-for-greb-om-de-aedlere-dele\/#primaryimage"},"image":{"@id":"https:\/\/kunmedierne.dk\/mors\/slog-efter-frygt-for-greb-om-de-aedlere-dele\/#primaryimage"},"thumbnailUrl":"https:\/\/kunmedierne.dk\/mors\/wp-content\/uploads\/2020\/01\/politi-uniform.jpg","datePublished":"2020-02-03T12:26:15+00:00","dateModified":"2024-08-12T12:07:42+00:00","breadcrumb":{"@id":"https:\/\/kunmedierne.dk\/mors\/slog-efter-frygt-for-greb-om-de-aedlere-dele\/#breadcrumb"},"inLanguage":"da-DK","potentialAction":[{"@type":"ReadAction","target":["https:\/\/kunmedierne.dk\/mors\/slog-efter-frygt-for-greb-om-de-aedlere-dele\/"]}]},{"@type":"ImageObject","inLanguage":"da-DK","@id":"https:\/\/kunmedierne.dk\/mors\/slog-efter-frygt-for-greb-om-de-aedlere-dele\/#primaryimage","url":"https:\/\/kunmedierne.dk\/mors\/wp-content\/uploads\/2020\/01\/politi-uniform.jpg","contentUrl":"https:\/\/kunmedierne.dk\/mors\/wp-content\/uploads\/2020\/01\/politi-uniform.jpg","width":770,"height":513,"caption":"Modeloto: Kim Matth\u00e4i Leland"},{"@type":"BreadcrumbList","@id":"https:\/\/kunmedierne.dk\/mors\/slog-efter-frygt-for-greb-om-de-aedlere-dele\/#breadcrumb","itemListElement":[{"@type":"ListItem","position":1,"name":"Hjem","item":"https:\/\/kunmedierne.dk\/mors\/"},{"@type":"ListItem","position":2,"name":"Slog efter frygt for greb om de \u00e6dlere dele"}]},{"@type":"WebSite","@id":"https:\/\/kunmedierne.dk\/mors\/#website","url":"https:\/\/kunmedierne.dk\/mors\/","name":"Mors","description":"et netmedie med journalistik om livet p\u00e5 Mors","publisher":{"@id":"https:\/\/kunmedierne.dk\/mors\/#organization"},"potentialAction":[{"@type":"SearchAction","target":{"@type":"EntryPoint","urlTemplate":"https:\/\/kunmedierne.dk\/mors\/?s={search_term_string}"},"query-input":{"@type":"PropertyValueSpecification","valueRequired":true,"valueName":"search_term_string"}}],"inLanguage":"da-DK"},{"@type":"Organization","@id":"https:\/\/kunmedierne.dk\/mors\/#organization","name":"Mors","url":"https:\/\/kunmedierne.dk\/mors\/","logo":{"@type":"ImageObject","inLanguage":"da-DK","@id":"https:\/\/kunmedierne.dk\/mors\/#\/schema\/logo\/image\/","url":"https:\/\/kunmedierne.dk\/mors\/wp-content\/uploads\/2024\/08\/kunmors-logo.svg","contentUrl":"https:\/\/kunmedierne.dk\/mors\/wp-content\/uploads\/2024\/08\/kunmors-logo.svg","caption":"Mors"},"image":{"@id":"https:\/\/kunmedierne.dk\/mors\/#\/schema\/logo\/image\/"}},{"@type":"Person","@id":"https:\/\/kunmedierne.dk\/mors\/#\/schema\/person\/09cc14cd371d523a3528ea9c4fda5254","name":"Niels Hansen","image":{"@type":"ImageObject","inLanguage":"da-DK","@id":"https:\/\/kunmedierne.dk\/mors\/#\/schema\/person\/image\/","url":"https:\/\/secure.gravatar.com\/avatar\/568e84d860856800f9f57c56a1d8280df5422f50943b8f79fd25417a3720af53?s=96&d=mm&r=g","contentUrl":"https:\/\/secure.gravatar.com\/avatar\/568e84d860856800f9f57c56a1d8280df5422f50943b8f79fd25417a3720af53?s=96&d=mm&r=g","caption":"Niels Hansen"},"url":"https:\/\/kunmedierne.dk\/mors\/author\/niels-hansen\/"}]}},"_links":{"self":[{"href":"https:\/\/kunmedierne.dk\/mors\/wp-json\/wp\/v2\/posts\/5672","targetHints":{"allow":["GET"]}}],"collection":[{"href":"https:\/\/kunmedierne.dk\/mors\/wp-json\/wp\/v2\/posts"}],"about":[{"href":"https:\/\/kunmedierne.dk\/mors\/wp-json\/wp\/v2\/types\/post"}],"author":[{"embeddable":true,"href":"https:\/\/kunmedierne.dk\/mors\/wp-json\/wp\/v2\/users\/176"}],"replies":[{"embeddable":true,"href":"https:\/\/kunmedierne.dk\/mors\/wp-json\/wp\/v2\/comments?post=5672"}],"version-history":[{"count":2,"href":"https:\/\/kunmedierne.dk\/mors\/wp-json\/wp\/v2\/posts\/5672\/revisions"}],"predecessor-version":[{"id":5675,"href":"https:\/\/kunmedierne.dk\/mors\/wp-json\/wp\/v2\/posts\/5672\/revisions\/5675"}],"wp:featuredmedia":[{"embeddable":true,"href":"https:\/\/kunmedierne.dk\/mors\/wp-json\/wp\/v2\/media\/3783"}],"wp:attachment":[{"href":"https:\/\/kunmedierne.dk\/mors\/wp-json\/wp\/v2\/media?parent=5672"}],"wp:term":[{"taxonomy":"category","embeddable":true,"href":"https:\/\/kunmedierne.dk\/mors\/wp-json\/wp\/v2\/categories?post=5672"},{"taxonomy":"post_tag","embeddable":true,"href":"https:\/\/kunmedierne.dk\/mors\/wp-json\/wp\/v2\/tags?post=5672"}],"curies":[{"name":"wp","href":"https:\/\/api.w.org\/{rel}","templated":true}]}}