{"id":56592,"date":"2021-11-05T22:06:11","date_gmt":"2021-11-05T21:06:11","guid":{"rendered":"https:\/\/kunmedierne.dk\/mors\/?p=56592"},"modified":"2024-08-12T13:35:55","modified_gmt":"2024-08-12T11:35:55","slug":"min-elskede-oerodde","status":"publish","type":"post","link":"https:\/\/kunmedierne.dk\/mors\/min-elskede-oerodde\/","title":{"rendered":"&#8211; Min elskede \u00d8rodde"},"content":{"rendered":"<p><em>Debatindl\u00e6g af Hans Henrik Ebbesen, kandidat for Venstre ved Kommunalvalg 2021:<\/em><\/p>\n<hr \/>\n<p><strong>MORS<\/strong>: Fra mit hjem p\u00e5 Jens Juhls Kaj nyder jeg hver dag udsigten til \u00d8rodde. Og n\u00e6sten dagligt g\u00e5r\/ cykler jeg i omr\u00e5det. P\u00e5 min vej gennem \u00d8rodde m\u00f8der jeg sj\u00e6ldent ret mange derude. Det er synd, at ikke flere har \u00f8je for dette sk\u00f8nne rekreative og byn\u00e6re omr\u00e5de. Derfor er det gl\u00e6deligt, at Venstre foresl\u00e5r nedsat et specialudvalg, der\u201d kigger p\u00e5 muligheder og begr\u00e6nsninger, fordele og ulemper og projekt\u00f8konomi, samt sikrer borgerinddragelse gennem hele forl\u00f8bet og afs\u00e6tter 2 \u00e5r til at n\u00e5 i m\u00e5l.\u201d<\/p>\n<p><a href=\"https:\/\/www.braendselsforeningen.dk\/\"><img loading=\"lazy\" decoding=\"async\" class=\"alignleft size-full wp-image-46597\" src=\"https:\/\/kunmedierne.dk\/mors\/wp-content\/uploads\/2021\/06\/t06.jpg\" alt=\"\" width=\"1425\" height=\"127\" srcset=\"https:\/\/kunmedierne.dk\/mors\/wp-content\/uploads\/2021\/06\/t06.jpg 1425w, https:\/\/kunmedierne.dk\/mors\/wp-content\/uploads\/2021\/06\/t06-300x27.jpg 300w, https:\/\/kunmedierne.dk\/mors\/wp-content\/uploads\/2021\/06\/t06-1024x91.jpg 1024w, https:\/\/kunmedierne.dk\/mors\/wp-content\/uploads\/2021\/06\/t06-768x68.jpg 768w, https:\/\/kunmedierne.dk\/mors\/wp-content\/uploads\/2021\/06\/t06-600x53.jpg 600w\" sizes=\"auto, (max-width: 1425px) 100vw, 1425px\" \/><\/a><\/p>\n<p>Et stykke uden for \u00d8rodde ligger en campingplads, som Venstre foresl\u00e5r udstykket til hel\u00e5rsbeboelse for at finansiere den endelige plan. Salget vil herudover kunne bidrage til en yderligere udbygning af Multiparken til gl\u00e6de for \u00f8ens unge. En flytning af campingpladsen til det ubenyttede areal, hvor NIF station l\u00e5, vil give en ny campingplads med 50% st\u00f8rre areal. En flytning som vel og m\u00e6rke vil kunne gennemf\u00f8res, uden der skal f\u00e6ldes s\u00e5 meget som et tr\u00e6. P\u00e5 den nye campingplads vil der bl.a. kunne opf\u00f8res moderne campinghytter, som vil give et tiltr\u00e6ngt l\u00f8ft i overnatningskapaciteten i Nyk\u00f8bing. Eventuel samdrift med vandrehjemmet vil medf\u00f8re en mere rentabel drift og mulighed for hel\u00e5rsudnyttelse af faciliteterne.<\/p>\n<p><a href=\"https:\/\/morsoe-begravelsesforretning.dk\/\"><img loading=\"lazy\" decoding=\"async\" class=\"alignleft size-full wp-image-46598\" src=\"https:\/\/kunmedierne.dk\/mors\/wp-content\/uploads\/2021\/06\/t07.jpg\" alt=\"\" width=\"1425\" height=\"127\" srcset=\"https:\/\/kunmedierne.dk\/mors\/wp-content\/uploads\/2021\/06\/t07.jpg 1425w, https:\/\/kunmedierne.dk\/mors\/wp-content\/uploads\/2021\/06\/t07-300x27.jpg 300w, https:\/\/kunmedierne.dk\/mors\/wp-content\/uploads\/2021\/06\/t07-1024x91.jpg 1024w, https:\/\/kunmedierne.dk\/mors\/wp-content\/uploads\/2021\/06\/t07-768x68.jpg 768w, https:\/\/kunmedierne.dk\/mors\/wp-content\/uploads\/2021\/06\/t07-600x53.jpg 600w\" sizes=\"auto, (max-width: 1425px) 100vw, 1425px\" \/><\/a><\/p>\n<p>Indt\u00e6gter fra salg af byggegrunde p\u00e5 campingpladsen, som ligger ved siden af den nuv\u00e6rende bebyggelse p\u00e5 Porsvej, vil kunne g\u00f8re \u00d8rodde endnu bedre og \u00f8ge ikke mindst hel \u00e5rsturismen p\u00e5 Mors, til gavn \u00d8en og ikke mindst detailhandlen. De \u00f8gede indt\u00e6gter vil give mulighed for bedre velf\u00e6rd i Mors\u00f8 Kommune.<\/p>\n<p>Jeg og Venstre vil arbejde for at vi sammen udvikler en klog og vision\u00e6r plan for omr\u00e5det. Det fortjener det Mors vi holder af.<\/p>\n<hr \/>\n<p><em>Har du et bidrag til den lokale debat? Send det til os p\u00e5 e-mail: debat@kunmedierne.dk\/mors. Husk at l\u00e6se korrektur inden afsendelse p\u00e5 indl\u00e6gget.<\/em><\/p>\n<p><a href=\"https:\/\/www.sparthy.dk\/\"><img loading=\"lazy\" decoding=\"async\" class=\"alignleft size-full wp-image-46599\" src=\"https:\/\/kunmedierne.dk\/mors\/wp-content\/uploads\/2021\/06\/t08.jpg\" alt=\"\" width=\"1400\" height=\"125\" srcset=\"https:\/\/kunmedierne.dk\/mors\/wp-content\/uploads\/2021\/06\/t08.jpg 1400w, https:\/\/kunmedierne.dk\/mors\/wp-content\/uploads\/2021\/06\/t08-300x27.jpg 300w, https:\/\/kunmedierne.dk\/mors\/wp-content\/uploads\/2021\/06\/t08-1024x91.jpg 1024w, https:\/\/kunmedierne.dk\/mors\/wp-content\/uploads\/2021\/06\/t08-768x69.jpg 768w, https:\/\/kunmedierne.dk\/mors\/wp-content\/uploads\/2021\/06\/t08-600x54.jpg 600w\" sizes=\"auto, (max-width: 1400px) 100vw, 1400px\" \/><\/a><\/p>\n<blockquote>\n<h5>Tilmeld dig vores gratis nyhedsbrev nederst p\u00e5 siden og deltag i lodtr\u00e6kningen om en flaske portvin fra\u00a0<a href=\"https:\/\/prebensvinhandel.dk\/\" target=\"_blank\" rel=\"noopener\">Prebens Vinhandel<\/a>\u00a0til en v\u00e6rdi af 325 kroner. L\u00e6s mere\u00a0<a href=\"https:\/\/kunmedierne.dk\/mors\/vind-laekker-portvin-fra-prebens-vinhandel\/#prettyPhoto\" target=\"_blank\" rel=\"noopener\">her<\/a>.<\/h5>\n<\/blockquote>\n","protected":false},"excerpt":{"rendered":"<p>Debatindl\u00e6g af Hans Henrik Ebbesen, kandidat for Venstre ved Kommunalvalg 2021: MORS: Fra mit hjem p\u00e5 Jens Juhls Kaj nyder jeg hver dag udsigten til \u00d8rodde. Og n\u00e6sten dagligt g\u00e5r\/ cykler jeg i omr\u00e5det. P\u00e5 min vej gennem \u00d8rodde m\u00f8der jeg sj\u00e6ldent ret mange derude. Det er synd, at ikke flere har \u00f8je for dette [&hellip;]<\/p>\n","protected":false},"author":11,"featured_media":52271,"comment_status":"open","ping_status":"open","sticky":false,"template":"","format":"standard","meta":{"_acf_changed":false,"footnotes":""},"categories":[56],"tags":[167],"class_list":["post-56592","post","type-post","status-publish","format-standard","has-post-thumbnail","hentry","category-debat","tag-politik"],"acf":[],"yoast_head":"<!-- This site is optimized with the Yoast SEO plugin v26.8 - https:\/\/yoast.com\/product\/yoast-seo-wordpress\/ -->\n<title>- Min elskede \u00d8rodde - Mors<\/title>\n<meta name=\"robots\" content=\"index, follow, max-snippet:-1, max-image-preview:large, max-video-preview:-1\" \/>\n<link rel=\"canonical\" href=\"https:\/\/kunmedierne.dk\/mors\/min-elskede-oerodde\/\" \/>\n<meta property=\"og:locale\" content=\"da_DK\" \/>\n<meta property=\"og:type\" content=\"article\" \/>\n<meta property=\"og:title\" content=\"- Min elskede \u00d8rodde - Mors\" \/>\n<meta property=\"og:description\" content=\"Debatindl\u00e6g af Hans Henrik Ebbesen, kandidat for Venstre ved Kommunalvalg 2021: MORS: Fra mit hjem p\u00e5 Jens Juhls Kaj nyder jeg hver dag udsigten til \u00d8rodde. Og n\u00e6sten dagligt g\u00e5r\/ cykler jeg i omr\u00e5det. P\u00e5 min vej gennem \u00d8rodde m\u00f8der jeg sj\u00e6ldent ret mange derude. Det er synd, at ikke flere har \u00f8je for dette [&hellip;]\" \/>\n<meta property=\"og:url\" content=\"https:\/\/kunmedierne.dk\/mors\/min-elskede-oerodde\/\" \/>\n<meta property=\"og:site_name\" content=\"Mors\" \/>\n<meta property=\"article:published_time\" content=\"2021-11-05T21:06:11+00:00\" \/>\n<meta property=\"article:modified_time\" content=\"2024-08-12T11:35:55+00:00\" \/>\n<meta property=\"og:image\" content=\"https:\/\/kunmedierne.dk\/mors\/wp-content\/uploads\/2021\/09\/0-debat-hans-henrik-ebbesen.jpg\" \/>\n\t<meta property=\"og:image:width\" content=\"770\" \/>\n\t<meta property=\"og:image:height\" content=\"513\" \/>\n\t<meta property=\"og:image:type\" content=\"image\/jpeg\" \/>\n<meta name=\"author\" content=\"Debat\" \/>\n<meta name=\"twitter:card\" content=\"summary_large_image\" \/>\n<meta name=\"twitter:label1\" content=\"Skrevet af\" \/>\n\t<meta name=\"twitter:data1\" content=\"Debat\" \/>\n\t<meta name=\"twitter:label2\" content=\"Estimeret l\u00e6setid\" \/>\n\t<meta name=\"twitter:data2\" content=\"3 minutter\" \/>\n<script type=\"application\/ld+json\" class=\"yoast-schema-graph\">{\"@context\":\"https:\/\/schema.org\",\"@graph\":[{\"@type\":\"Article\",\"@id\":\"https:\/\/kunmedierne.dk\/mors\/min-elskede-oerodde\/#article\",\"isPartOf\":{\"@id\":\"https:\/\/kunmedierne.dk\/mors\/min-elskede-oerodde\/\"},\"author\":{\"name\":\"Debat\",\"@id\":\"https:\/\/kunmedierne.dk\/mors\/#\/schema\/person\/84c1391bce0b43b9bb3a49736bc0ad78\"},\"headline\":\"&#8211; Min elskede \u00d8rodde\",\"datePublished\":\"2021-11-05T21:06:11+00:00\",\"dateModified\":\"2024-08-12T11:35:55+00:00\",\"mainEntityOfPage\":{\"@id\":\"https:\/\/kunmedierne.dk\/mors\/min-elskede-oerodde\/\"},\"wordCount\":377,\"commentCount\":0,\"publisher\":{\"@id\":\"https:\/\/kunmedierne.dk\/mors\/#organization\"},\"image\":{\"@id\":\"https:\/\/kunmedierne.dk\/mors\/min-elskede-oerodde\/#primaryimage\"},\"thumbnailUrl\":\"https:\/\/kunmedierne.dk\/mors\/wp-content\/uploads\/2021\/09\/0-debat-hans-henrik-ebbesen.jpg\",\"keywords\":[\"Politik\"],\"articleSection\":[\"Debat\"],\"inLanguage\":\"da-DK\",\"potentialAction\":[{\"@type\":\"CommentAction\",\"name\":\"Comment\",\"target\":[\"https:\/\/kunmedierne.dk\/mors\/min-elskede-oerodde\/#respond\"]}]},{\"@type\":\"WebPage\",\"@id\":\"https:\/\/kunmedierne.dk\/mors\/min-elskede-oerodde\/\",\"url\":\"https:\/\/kunmedierne.dk\/mors\/min-elskede-oerodde\/\",\"name\":\"- Min elskede \u00d8rodde - Mors\",\"isPartOf\":{\"@id\":\"https:\/\/kunmedierne.dk\/mors\/#website\"},\"primaryImageOfPage\":{\"@id\":\"https:\/\/kunmedierne.dk\/mors\/min-elskede-oerodde\/#primaryimage\"},\"image\":{\"@id\":\"https:\/\/kunmedierne.dk\/mors\/min-elskede-oerodde\/#primaryimage\"},\"thumbnailUrl\":\"https:\/\/kunmedierne.dk\/mors\/wp-content\/uploads\/2021\/09\/0-debat-hans-henrik-ebbesen.jpg\",\"datePublished\":\"2021-11-05T21:06:11+00:00\",\"dateModified\":\"2024-08-12T11:35:55+00:00\",\"breadcrumb\":{\"@id\":\"https:\/\/kunmedierne.dk\/mors\/min-elskede-oerodde\/#breadcrumb\"},\"inLanguage\":\"da-DK\",\"potentialAction\":[{\"@type\":\"ReadAction\",\"target\":[\"https:\/\/kunmedierne.dk\/mors\/min-elskede-oerodde\/\"]}]},{\"@type\":\"ImageObject\",\"inLanguage\":\"da-DK\",\"@id\":\"https:\/\/kunmedierne.dk\/mors\/min-elskede-oerodde\/#primaryimage\",\"url\":\"https:\/\/kunmedierne.dk\/mors\/wp-content\/uploads\/2021\/09\/0-debat-hans-henrik-ebbesen.jpg\",\"contentUrl\":\"https:\/\/kunmedierne.dk\/mors\/wp-content\/uploads\/2021\/09\/0-debat-hans-henrik-ebbesen.jpg\",\"width\":770,\"height\":513,\"caption\":\"Hans Henriksen Ebbesen, kandidat for Venstre ved Kommunalvalg 2021.\"},{\"@type\":\"BreadcrumbList\",\"@id\":\"https:\/\/kunmedierne.dk\/mors\/min-elskede-oerodde\/#breadcrumb\",\"itemListElement\":[{\"@type\":\"ListItem\",\"position\":1,\"name\":\"Hjem\",\"item\":\"https:\/\/kunmedierne.dk\/mors\/\"},{\"@type\":\"ListItem\",\"position\":2,\"name\":\"&#8211; Min elskede \u00d8rodde\"}]},{\"@type\":\"WebSite\",\"@id\":\"https:\/\/kunmedierne.dk\/mors\/#website\",\"url\":\"https:\/\/kunmedierne.dk\/mors\/\",\"name\":\"Mors\",\"description\":\"et netmedie med journalistik om livet p\u00e5 Mors\",\"publisher\":{\"@id\":\"https:\/\/kunmedierne.dk\/mors\/#organization\"},\"potentialAction\":[{\"@type\":\"SearchAction\",\"target\":{\"@type\":\"EntryPoint\",\"urlTemplate\":\"https:\/\/kunmedierne.dk\/mors\/?s={search_term_string}\"},\"query-input\":{\"@type\":\"PropertyValueSpecification\",\"valueRequired\":true,\"valueName\":\"search_term_string\"}}],\"inLanguage\":\"da-DK\"},{\"@type\":\"Organization\",\"@id\":\"https:\/\/kunmedierne.dk\/mors\/#organization\",\"name\":\"Mors\",\"url\":\"https:\/\/kunmedierne.dk\/mors\/\",\"logo\":{\"@type\":\"ImageObject\",\"inLanguage\":\"da-DK\",\"@id\":\"https:\/\/kunmedierne.dk\/mors\/#\/schema\/logo\/image\/\",\"url\":\"https:\/\/kunmedierne.dk\/mors\/wp-content\/uploads\/2024\/08\/kunmors-logo.svg\",\"contentUrl\":\"https:\/\/kunmedierne.dk\/mors\/wp-content\/uploads\/2024\/08\/kunmors-logo.svg\",\"caption\":\"Mors\"},\"image\":{\"@id\":\"https:\/\/kunmedierne.dk\/mors\/#\/schema\/logo\/image\/\"}},{\"@type\":\"Person\",\"@id\":\"https:\/\/kunmedierne.dk\/mors\/#\/schema\/person\/84c1391bce0b43b9bb3a49736bc0ad78\",\"name\":\"Debat\",\"image\":{\"@type\":\"ImageObject\",\"inLanguage\":\"da-DK\",\"@id\":\"https:\/\/kunmedierne.dk\/mors\/#\/schema\/person\/image\/\",\"url\":\"https:\/\/secure.gravatar.com\/avatar\/b0fb2e221d618f7c65162ab0d49c7e8a0b580c871ca03af90e42b47b4150654c?s=96&d=mm&r=g\",\"contentUrl\":\"https:\/\/secure.gravatar.com\/avatar\/b0fb2e221d618f7c65162ab0d49c7e8a0b580c871ca03af90e42b47b4150654c?s=96&d=mm&r=g\",\"caption\":\"Debat\"},\"url\":\"https:\/\/kunmedierne.dk\/mors\/author\/debat\/\"}]}<\/script>\n<!-- \/ Yoast SEO plugin. -->","yoast_head_json":{"title":"- Min elskede \u00d8rodde - Mors","robots":{"index":"index","follow":"follow","max-snippet":"max-snippet:-1","max-image-preview":"max-image-preview:large","max-video-preview":"max-video-preview:-1"},"canonical":"https:\/\/kunmedierne.dk\/mors\/min-elskede-oerodde\/","og_locale":"da_DK","og_type":"article","og_title":"- Min elskede \u00d8rodde - Mors","og_description":"Debatindl\u00e6g af Hans Henrik Ebbesen, kandidat for Venstre ved Kommunalvalg 2021: MORS: Fra mit hjem p\u00e5 Jens Juhls Kaj nyder jeg hver dag udsigten til \u00d8rodde. Og n\u00e6sten dagligt g\u00e5r\/ cykler jeg i omr\u00e5det. P\u00e5 min vej gennem \u00d8rodde m\u00f8der jeg sj\u00e6ldent ret mange derude. Det er synd, at ikke flere har \u00f8je for dette [&hellip;]","og_url":"https:\/\/kunmedierne.dk\/mors\/min-elskede-oerodde\/","og_site_name":"Mors","article_published_time":"2021-11-05T21:06:11+00:00","article_modified_time":"2024-08-12T11:35:55+00:00","og_image":[{"width":770,"height":513,"url":"https:\/\/kunmedierne.dk\/mors\/wp-content\/uploads\/2021\/09\/0-debat-hans-henrik-ebbesen.jpg","type":"image\/jpeg"}],"author":"Debat","twitter_card":"summary_large_image","twitter_misc":{"Skrevet af":"Debat","Estimeret l\u00e6setid":"3 minutter"},"schema":{"@context":"https:\/\/schema.org","@graph":[{"@type":"Article","@id":"https:\/\/kunmedierne.dk\/mors\/min-elskede-oerodde\/#article","isPartOf":{"@id":"https:\/\/kunmedierne.dk\/mors\/min-elskede-oerodde\/"},"author":{"name":"Debat","@id":"https:\/\/kunmedierne.dk\/mors\/#\/schema\/person\/84c1391bce0b43b9bb3a49736bc0ad78"},"headline":"&#8211; Min elskede \u00d8rodde","datePublished":"2021-11-05T21:06:11+00:00","dateModified":"2024-08-12T11:35:55+00:00","mainEntityOfPage":{"@id":"https:\/\/kunmedierne.dk\/mors\/min-elskede-oerodde\/"},"wordCount":377,"commentCount":0,"publisher":{"@id":"https:\/\/kunmedierne.dk\/mors\/#organization"},"image":{"@id":"https:\/\/kunmedierne.dk\/mors\/min-elskede-oerodde\/#primaryimage"},"thumbnailUrl":"https:\/\/kunmedierne.dk\/mors\/wp-content\/uploads\/2021\/09\/0-debat-hans-henrik-ebbesen.jpg","keywords":["Politik"],"articleSection":["Debat"],"inLanguage":"da-DK","potentialAction":[{"@type":"CommentAction","name":"Comment","target":["https:\/\/kunmedierne.dk\/mors\/min-elskede-oerodde\/#respond"]}]},{"@type":"WebPage","@id":"https:\/\/kunmedierne.dk\/mors\/min-elskede-oerodde\/","url":"https:\/\/kunmedierne.dk\/mors\/min-elskede-oerodde\/","name":"- Min elskede \u00d8rodde - Mors","isPartOf":{"@id":"https:\/\/kunmedierne.dk\/mors\/#website"},"primaryImageOfPage":{"@id":"https:\/\/kunmedierne.dk\/mors\/min-elskede-oerodde\/#primaryimage"},"image":{"@id":"https:\/\/kunmedierne.dk\/mors\/min-elskede-oerodde\/#primaryimage"},"thumbnailUrl":"https:\/\/kunmedierne.dk\/mors\/wp-content\/uploads\/2021\/09\/0-debat-hans-henrik-ebbesen.jpg","datePublished":"2021-11-05T21:06:11+00:00","dateModified":"2024-08-12T11:35:55+00:00","breadcrumb":{"@id":"https:\/\/kunmedierne.dk\/mors\/min-elskede-oerodde\/#breadcrumb"},"inLanguage":"da-DK","potentialAction":[{"@type":"ReadAction","target":["https:\/\/kunmedierne.dk\/mors\/min-elskede-oerodde\/"]}]},{"@type":"ImageObject","inLanguage":"da-DK","@id":"https:\/\/kunmedierne.dk\/mors\/min-elskede-oerodde\/#primaryimage","url":"https:\/\/kunmedierne.dk\/mors\/wp-content\/uploads\/2021\/09\/0-debat-hans-henrik-ebbesen.jpg","contentUrl":"https:\/\/kunmedierne.dk\/mors\/wp-content\/uploads\/2021\/09\/0-debat-hans-henrik-ebbesen.jpg","width":770,"height":513,"caption":"Hans Henriksen Ebbesen, kandidat for Venstre ved Kommunalvalg 2021."},{"@type":"BreadcrumbList","@id":"https:\/\/kunmedierne.dk\/mors\/min-elskede-oerodde\/#breadcrumb","itemListElement":[{"@type":"ListItem","position":1,"name":"Hjem","item":"https:\/\/kunmedierne.dk\/mors\/"},{"@type":"ListItem","position":2,"name":"&#8211; Min elskede \u00d8rodde"}]},{"@type":"WebSite","@id":"https:\/\/kunmedierne.dk\/mors\/#website","url":"https:\/\/kunmedierne.dk\/mors\/","name":"Mors","description":"et netmedie med journalistik om livet p\u00e5 Mors","publisher":{"@id":"https:\/\/kunmedierne.dk\/mors\/#organization"},"potentialAction":[{"@type":"SearchAction","target":{"@type":"EntryPoint","urlTemplate":"https:\/\/kunmedierne.dk\/mors\/?s={search_term_string}"},"query-input":{"@type":"PropertyValueSpecification","valueRequired":true,"valueName":"search_term_string"}}],"inLanguage":"da-DK"},{"@type":"Organization","@id":"https:\/\/kunmedierne.dk\/mors\/#organization","name":"Mors","url":"https:\/\/kunmedierne.dk\/mors\/","logo":{"@type":"ImageObject","inLanguage":"da-DK","@id":"https:\/\/kunmedierne.dk\/mors\/#\/schema\/logo\/image\/","url":"https:\/\/kunmedierne.dk\/mors\/wp-content\/uploads\/2024\/08\/kunmors-logo.svg","contentUrl":"https:\/\/kunmedierne.dk\/mors\/wp-content\/uploads\/2024\/08\/kunmors-logo.svg","caption":"Mors"},"image":{"@id":"https:\/\/kunmedierne.dk\/mors\/#\/schema\/logo\/image\/"}},{"@type":"Person","@id":"https:\/\/kunmedierne.dk\/mors\/#\/schema\/person\/84c1391bce0b43b9bb3a49736bc0ad78","name":"Debat","image":{"@type":"ImageObject","inLanguage":"da-DK","@id":"https:\/\/kunmedierne.dk\/mors\/#\/schema\/person\/image\/","url":"https:\/\/secure.gravatar.com\/avatar\/b0fb2e221d618f7c65162ab0d49c7e8a0b580c871ca03af90e42b47b4150654c?s=96&d=mm&r=g","contentUrl":"https:\/\/secure.gravatar.com\/avatar\/b0fb2e221d618f7c65162ab0d49c7e8a0b580c871ca03af90e42b47b4150654c?s=96&d=mm&r=g","caption":"Debat"},"url":"https:\/\/kunmedierne.dk\/mors\/author\/debat\/"}]}},"_links":{"self":[{"href":"https:\/\/kunmedierne.dk\/mors\/wp-json\/wp\/v2\/posts\/56592","targetHints":{"allow":["GET"]}}],"collection":[{"href":"https:\/\/kunmedierne.dk\/mors\/wp-json\/wp\/v2\/posts"}],"about":[{"href":"https:\/\/kunmedierne.dk\/mors\/wp-json\/wp\/v2\/types\/post"}],"author":[{"embeddable":true,"href":"https:\/\/kunmedierne.dk\/mors\/wp-json\/wp\/v2\/users\/11"}],"replies":[{"embeddable":true,"href":"https:\/\/kunmedierne.dk\/mors\/wp-json\/wp\/v2\/comments?post=56592"}],"version-history":[{"count":1,"href":"https:\/\/kunmedierne.dk\/mors\/wp-json\/wp\/v2\/posts\/56592\/revisions"}],"predecessor-version":[{"id":56593,"href":"https:\/\/kunmedierne.dk\/mors\/wp-json\/wp\/v2\/posts\/56592\/revisions\/56593"}],"wp:featuredmedia":[{"embeddable":true,"href":"https:\/\/kunmedierne.dk\/mors\/wp-json\/wp\/v2\/media\/52271"}],"wp:attachment":[{"href":"https:\/\/kunmedierne.dk\/mors\/wp-json\/wp\/v2\/media?parent=56592"}],"wp:term":[{"taxonomy":"category","embeddable":true,"href":"https:\/\/kunmedierne.dk\/mors\/wp-json\/wp\/v2\/categories?post=56592"},{"taxonomy":"post_tag","embeddable":true,"href":"https:\/\/kunmedierne.dk\/mors\/wp-json\/wp\/v2\/tags?post=56592"}],"curies":[{"name":"wp","href":"https:\/\/api.w.org\/{rel}","templated":true}]}}