{"id":56548,"date":"2021-11-05T11:17:17","date_gmt":"2021-11-05T10:17:17","guid":{"rendered":"https:\/\/kunmedierne.dk\/mors\/?p=56548"},"modified":"2024-08-12T13:35:55","modified_gmt":"2024-08-12T11:35:55","slug":"goer-gode-tider-bedre","status":"publish","type":"post","link":"https:\/\/kunmedierne.dk\/mors\/goer-gode-tider-bedre\/","title":{"rendered":"&#8211; G\u00f8r gode tider bedre"},"content":{"rendered":"<p><em>Debatindl\u00e6g af Niels Kristian \u00d8stergaard, kandidat for Socialdemokratiet ved Kommunalvalg 2021:<\/em><\/p>\n<hr \/>\n<p><strong>MORS<\/strong>: De gode tider for virksomhederne skal vi bruge. Lige nu oplever vi en tid, hvor virksomhederne skriger i kamp om at f\u00e5 fat i arbejdskraft.<\/p>\n<p>Vi har en fantastisk mulighed for at f\u00e5 flere unge mennesker uden uddannelse i gang med en fagl\u00e6rt fremtid. Fremtiden byder p\u00e5 en stor mangel p\u00e5 mange flere \u201dkloge h\u00e6nder\u201d rundt om p\u00e5 vores virksomheder.<\/p>\n<p>En afg\u00f8rende faktor for at fastholde og udvikle lokale arbejdspladser bliver om vi kan sikre den n\u00f8dvendige arbejdskraft.<\/p>\n<p><a href=\"https:\/\/www.sparnord.dk\/filialer\/nykoebing-mors\/\"><img loading=\"lazy\" decoding=\"async\" class=\"alignleft size-full wp-image-46595\" src=\"https:\/\/kunmedierne.dk\/mors\/wp-content\/uploads\/2021\/06\/t04.jpg\" alt=\"\" width=\"1400\" height=\"123\" srcset=\"https:\/\/kunmedierne.dk\/mors\/wp-content\/uploads\/2021\/06\/t04.jpg 1400w, https:\/\/kunmedierne.dk\/mors\/wp-content\/uploads\/2021\/06\/t04-300x26.jpg 300w, https:\/\/kunmedierne.dk\/mors\/wp-content\/uploads\/2021\/06\/t04-1024x90.jpg 1024w, https:\/\/kunmedierne.dk\/mors\/wp-content\/uploads\/2021\/06\/t04-768x67.jpg 768w, https:\/\/kunmedierne.dk\/mors\/wp-content\/uploads\/2021\/06\/t04-600x53.jpg 600w\" sizes=\"auto, (max-width: 1400px) 100vw, 1400px\" \/><\/a>Jeg tror p\u00e5, at vi skal have styrket erhvervspraktikken i folkeskolen. Det er vigtigt, at vi f\u00e5r vist b\u00f8rn og unge de muligheder, som lokale virksomheder tilbyder og at det er vigtigst at vise at mulighederne for at kunne bruge sine h\u00e6nder og sin kreativitet er stor.<\/p>\n<p>En anden ting som jeg mener at vi skal have gjort noget mere ved er at g\u00f8re mere ud af mulighederne for unge for, at kunne f\u00e5 et fritidsjob b\u00e5de p\u00e5 virksomhederne og i kommunen. Vi har set eksempler p\u00e5 unge, som er blevet ansat p\u00e5 plejehjem i andre kommuner, hvorfor ikke pr\u00f8ve det samme p\u00e5 Mors og m\u00e5ske t\u00e6nke b\u00f8rnehaver ind her.<\/p>\n<p>Dette er nogle af de ting og ideer, som jeg vil tage med mig, hvis jeg er s\u00e5 heldig at f\u00e5 din stemme d. 16. november.<\/p>\n<hr \/>\n<p><em>Har du et bidrag til den lokale debat? Send det til os p\u00e5 e-mail: debat@kunmedierne.dk\/mors. Husk at l\u00e6se korrektur inden afsendelse p\u00e5 indl\u00e6gget.<\/em><\/p>\n<p><a href=\"http:\/\/www.limfjordsteatret.dk\/#front\"><img loading=\"lazy\" decoding=\"async\" class=\"alignleft size-full wp-image-46596\" src=\"https:\/\/kunmedierne.dk\/mors\/wp-content\/uploads\/2021\/06\/t05.jpg\" alt=\"\" width=\"1400\" height=\"125\" srcset=\"https:\/\/kunmedierne.dk\/mors\/wp-content\/uploads\/2021\/06\/t05.jpg 1400w, https:\/\/kunmedierne.dk\/mors\/wp-content\/uploads\/2021\/06\/t05-300x27.jpg 300w, https:\/\/kunmedierne.dk\/mors\/wp-content\/uploads\/2021\/06\/t05-1024x91.jpg 1024w, https:\/\/kunmedierne.dk\/mors\/wp-content\/uploads\/2021\/06\/t05-768x69.jpg 768w, https:\/\/kunmedierne.dk\/mors\/wp-content\/uploads\/2021\/06\/t05-600x54.jpg 600w\" sizes=\"auto, (max-width: 1400px) 100vw, 1400px\" \/><\/a><\/p>\n<blockquote>\n<h5>Tilmeld dig vores gratis nyhedsbrev nederst p\u00e5 siden og deltag i lodtr\u00e6kningen om en flaske portvin fra\u00a0<a href=\"https:\/\/prebensvinhandel.dk\/\" target=\"_blank\" rel=\"noopener\">Prebens Vinhandel<\/a>\u00a0til en v\u00e6rdi af 325 kroner. L\u00e6s mere\u00a0<a href=\"https:\/\/kunmedierne.dk\/mors\/vind-laekker-portvin-fra-prebens-vinhandel\/#prettyPhoto\" target=\"_blank\" rel=\"noopener\">her<\/a>.<\/h5>\n<\/blockquote>\n","protected":false},"excerpt":{"rendered":"<p>Debatindl\u00e6g af Niels Kristian \u00d8stergaard, kandidat for Socialdemokratiet ved Kommunalvalg 2021: MORS: De gode tider for virksomhederne skal vi bruge. Lige nu oplever vi en tid, hvor virksomhederne skriger i kamp om at f\u00e5 fat i arbejdskraft. Vi har en fantastisk mulighed for at f\u00e5 flere unge mennesker uden uddannelse i gang med en fagl\u00e6rt [&hellip;]<\/p>\n","protected":false},"author":11,"featured_media":45379,"comment_status":"open","ping_status":"open","sticky":false,"template":"","format":"standard","meta":{"_acf_changed":false,"footnotes":""},"categories":[56],"tags":[159,167,170],"class_list":["post-56548","post","type-post","status-publish","format-standard","has-post-thumbnail","hentry","category-debat","tag-erhverv","tag-politik","tag-uddannelse"],"acf":[],"yoast_head":"<!-- This site is optimized with the Yoast SEO plugin v26.8 - https:\/\/yoast.com\/product\/yoast-seo-wordpress\/ -->\n<title>- G\u00f8r gode tider bedre - Mors<\/title>\n<meta name=\"robots\" content=\"index, follow, max-snippet:-1, max-image-preview:large, max-video-preview:-1\" \/>\n<link rel=\"canonical\" href=\"https:\/\/kunmedierne.dk\/mors\/goer-gode-tider-bedre\/\" \/>\n<meta property=\"og:locale\" content=\"da_DK\" \/>\n<meta property=\"og:type\" content=\"article\" \/>\n<meta property=\"og:title\" content=\"- G\u00f8r gode tider bedre - Mors\" \/>\n<meta property=\"og:description\" content=\"Debatindl\u00e6g af Niels Kristian \u00d8stergaard, kandidat for Socialdemokratiet ved Kommunalvalg 2021: MORS: De gode tider for virksomhederne skal vi bruge. Lige nu oplever vi en tid, hvor virksomhederne skriger i kamp om at f\u00e5 fat i arbejdskraft. Vi har en fantastisk mulighed for at f\u00e5 flere unge mennesker uden uddannelse i gang med en fagl\u00e6rt [&hellip;]\" \/>\n<meta property=\"og:url\" content=\"https:\/\/kunmedierne.dk\/mors\/goer-gode-tider-bedre\/\" \/>\n<meta property=\"og:site_name\" content=\"Mors\" \/>\n<meta property=\"article:published_time\" content=\"2021-11-05T10:17:17+00:00\" \/>\n<meta property=\"article:modified_time\" content=\"2024-08-12T11:35:55+00:00\" \/>\n<meta property=\"og:image\" content=\"https:\/\/kunmedierne.dk\/mors\/wp-content\/uploads\/2021\/05\/niels-kr-oestergaard.jpg\" \/>\n\t<meta property=\"og:image:width\" content=\"770\" \/>\n\t<meta property=\"og:image:height\" content=\"513\" \/>\n\t<meta property=\"og:image:type\" content=\"image\/jpeg\" \/>\n<meta name=\"author\" content=\"Debat\" \/>\n<meta name=\"twitter:card\" content=\"summary_large_image\" \/>\n<meta name=\"twitter:label1\" content=\"Skrevet af\" \/>\n\t<meta name=\"twitter:data1\" content=\"Debat\" \/>\n\t<meta name=\"twitter:label2\" content=\"Estimeret l\u00e6setid\" \/>\n\t<meta name=\"twitter:data2\" content=\"2 minutter\" \/>\n<script type=\"application\/ld+json\" class=\"yoast-schema-graph\">{\"@context\":\"https:\/\/schema.org\",\"@graph\":[{\"@type\":\"Article\",\"@id\":\"https:\/\/kunmedierne.dk\/mors\/goer-gode-tider-bedre\/#article\",\"isPartOf\":{\"@id\":\"https:\/\/kunmedierne.dk\/mors\/goer-gode-tider-bedre\/\"},\"author\":{\"name\":\"Debat\",\"@id\":\"https:\/\/kunmedierne.dk\/mors\/#\/schema\/person\/84c1391bce0b43b9bb3a49736bc0ad78\"},\"headline\":\"&#8211; G\u00f8r gode tider bedre\",\"datePublished\":\"2021-11-05T10:17:17+00:00\",\"dateModified\":\"2024-08-12T11:35:55+00:00\",\"mainEntityOfPage\":{\"@id\":\"https:\/\/kunmedierne.dk\/mors\/goer-gode-tider-bedre\/\"},\"wordCount\":301,\"commentCount\":0,\"publisher\":{\"@id\":\"https:\/\/kunmedierne.dk\/mors\/#organization\"},\"image\":{\"@id\":\"https:\/\/kunmedierne.dk\/mors\/goer-gode-tider-bedre\/#primaryimage\"},\"thumbnailUrl\":\"https:\/\/kunmedierne.dk\/mors\/wp-content\/uploads\/2021\/05\/niels-kr-oestergaard.jpg\",\"keywords\":[\"Erhverv\",\"Politik\",\"Skoler og uddannelse\"],\"articleSection\":[\"Debat\"],\"inLanguage\":\"da-DK\",\"potentialAction\":[{\"@type\":\"CommentAction\",\"name\":\"Comment\",\"target\":[\"https:\/\/kunmedierne.dk\/mors\/goer-gode-tider-bedre\/#respond\"]}]},{\"@type\":\"WebPage\",\"@id\":\"https:\/\/kunmedierne.dk\/mors\/goer-gode-tider-bedre\/\",\"url\":\"https:\/\/kunmedierne.dk\/mors\/goer-gode-tider-bedre\/\",\"name\":\"- G\u00f8r gode tider bedre - Mors\",\"isPartOf\":{\"@id\":\"https:\/\/kunmedierne.dk\/mors\/#website\"},\"primaryImageOfPage\":{\"@id\":\"https:\/\/kunmedierne.dk\/mors\/goer-gode-tider-bedre\/#primaryimage\"},\"image\":{\"@id\":\"https:\/\/kunmedierne.dk\/mors\/goer-gode-tider-bedre\/#primaryimage\"},\"thumbnailUrl\":\"https:\/\/kunmedierne.dk\/mors\/wp-content\/uploads\/2021\/05\/niels-kr-oestergaard.jpg\",\"datePublished\":\"2021-11-05T10:17:17+00:00\",\"dateModified\":\"2024-08-12T11:35:55+00:00\",\"breadcrumb\":{\"@id\":\"https:\/\/kunmedierne.dk\/mors\/goer-gode-tider-bedre\/#breadcrumb\"},\"inLanguage\":\"da-DK\",\"potentialAction\":[{\"@type\":\"ReadAction\",\"target\":[\"https:\/\/kunmedierne.dk\/mors\/goer-gode-tider-bedre\/\"]}]},{\"@type\":\"ImageObject\",\"inLanguage\":\"da-DK\",\"@id\":\"https:\/\/kunmedierne.dk\/mors\/goer-gode-tider-bedre\/#primaryimage\",\"url\":\"https:\/\/kunmedierne.dk\/mors\/wp-content\/uploads\/2021\/05\/niels-kr-oestergaard.jpg\",\"contentUrl\":\"https:\/\/kunmedierne.dk\/mors\/wp-content\/uploads\/2021\/05\/niels-kr-oestergaard.jpg\",\"width\":770,\"height\":513,\"caption\":\"Niels Kr. \u00d8stergaard, kandidat for Socialdemokratiet ved Kommunalvalg 2021.\"},{\"@type\":\"BreadcrumbList\",\"@id\":\"https:\/\/kunmedierne.dk\/mors\/goer-gode-tider-bedre\/#breadcrumb\",\"itemListElement\":[{\"@type\":\"ListItem\",\"position\":1,\"name\":\"Hjem\",\"item\":\"https:\/\/kunmedierne.dk\/mors\/\"},{\"@type\":\"ListItem\",\"position\":2,\"name\":\"&#8211; G\u00f8r gode tider bedre\"}]},{\"@type\":\"WebSite\",\"@id\":\"https:\/\/kunmedierne.dk\/mors\/#website\",\"url\":\"https:\/\/kunmedierne.dk\/mors\/\",\"name\":\"Mors\",\"description\":\"et netmedie med journalistik om livet p\u00e5 Mors\",\"publisher\":{\"@id\":\"https:\/\/kunmedierne.dk\/mors\/#organization\"},\"potentialAction\":[{\"@type\":\"SearchAction\",\"target\":{\"@type\":\"EntryPoint\",\"urlTemplate\":\"https:\/\/kunmedierne.dk\/mors\/?s={search_term_string}\"},\"query-input\":{\"@type\":\"PropertyValueSpecification\",\"valueRequired\":true,\"valueName\":\"search_term_string\"}}],\"inLanguage\":\"da-DK\"},{\"@type\":\"Organization\",\"@id\":\"https:\/\/kunmedierne.dk\/mors\/#organization\",\"name\":\"Mors\",\"url\":\"https:\/\/kunmedierne.dk\/mors\/\",\"logo\":{\"@type\":\"ImageObject\",\"inLanguage\":\"da-DK\",\"@id\":\"https:\/\/kunmedierne.dk\/mors\/#\/schema\/logo\/image\/\",\"url\":\"https:\/\/kunmedierne.dk\/mors\/wp-content\/uploads\/2024\/08\/kunmors-logo.svg\",\"contentUrl\":\"https:\/\/kunmedierne.dk\/mors\/wp-content\/uploads\/2024\/08\/kunmors-logo.svg\",\"caption\":\"Mors\"},\"image\":{\"@id\":\"https:\/\/kunmedierne.dk\/mors\/#\/schema\/logo\/image\/\"}},{\"@type\":\"Person\",\"@id\":\"https:\/\/kunmedierne.dk\/mors\/#\/schema\/person\/84c1391bce0b43b9bb3a49736bc0ad78\",\"name\":\"Debat\",\"image\":{\"@type\":\"ImageObject\",\"inLanguage\":\"da-DK\",\"@id\":\"https:\/\/kunmedierne.dk\/mors\/#\/schema\/person\/image\/\",\"url\":\"https:\/\/secure.gravatar.com\/avatar\/b0fb2e221d618f7c65162ab0d49c7e8a0b580c871ca03af90e42b47b4150654c?s=96&d=mm&r=g\",\"contentUrl\":\"https:\/\/secure.gravatar.com\/avatar\/b0fb2e221d618f7c65162ab0d49c7e8a0b580c871ca03af90e42b47b4150654c?s=96&d=mm&r=g\",\"caption\":\"Debat\"},\"url\":\"https:\/\/kunmedierne.dk\/mors\/author\/debat\/\"}]}<\/script>\n<!-- \/ Yoast SEO plugin. -->","yoast_head_json":{"title":"- G\u00f8r gode tider bedre - Mors","robots":{"index":"index","follow":"follow","max-snippet":"max-snippet:-1","max-image-preview":"max-image-preview:large","max-video-preview":"max-video-preview:-1"},"canonical":"https:\/\/kunmedierne.dk\/mors\/goer-gode-tider-bedre\/","og_locale":"da_DK","og_type":"article","og_title":"- G\u00f8r gode tider bedre - Mors","og_description":"Debatindl\u00e6g af Niels Kristian \u00d8stergaard, kandidat for Socialdemokratiet ved Kommunalvalg 2021: MORS: De gode tider for virksomhederne skal vi bruge. Lige nu oplever vi en tid, hvor virksomhederne skriger i kamp om at f\u00e5 fat i arbejdskraft. Vi har en fantastisk mulighed for at f\u00e5 flere unge mennesker uden uddannelse i gang med en fagl\u00e6rt [&hellip;]","og_url":"https:\/\/kunmedierne.dk\/mors\/goer-gode-tider-bedre\/","og_site_name":"Mors","article_published_time":"2021-11-05T10:17:17+00:00","article_modified_time":"2024-08-12T11:35:55+00:00","og_image":[{"width":770,"height":513,"url":"https:\/\/kunmedierne.dk\/mors\/wp-content\/uploads\/2021\/05\/niels-kr-oestergaard.jpg","type":"image\/jpeg"}],"author":"Debat","twitter_card":"summary_large_image","twitter_misc":{"Skrevet af":"Debat","Estimeret l\u00e6setid":"2 minutter"},"schema":{"@context":"https:\/\/schema.org","@graph":[{"@type":"Article","@id":"https:\/\/kunmedierne.dk\/mors\/goer-gode-tider-bedre\/#article","isPartOf":{"@id":"https:\/\/kunmedierne.dk\/mors\/goer-gode-tider-bedre\/"},"author":{"name":"Debat","@id":"https:\/\/kunmedierne.dk\/mors\/#\/schema\/person\/84c1391bce0b43b9bb3a49736bc0ad78"},"headline":"&#8211; G\u00f8r gode tider bedre","datePublished":"2021-11-05T10:17:17+00:00","dateModified":"2024-08-12T11:35:55+00:00","mainEntityOfPage":{"@id":"https:\/\/kunmedierne.dk\/mors\/goer-gode-tider-bedre\/"},"wordCount":301,"commentCount":0,"publisher":{"@id":"https:\/\/kunmedierne.dk\/mors\/#organization"},"image":{"@id":"https:\/\/kunmedierne.dk\/mors\/goer-gode-tider-bedre\/#primaryimage"},"thumbnailUrl":"https:\/\/kunmedierne.dk\/mors\/wp-content\/uploads\/2021\/05\/niels-kr-oestergaard.jpg","keywords":["Erhverv","Politik","Skoler og uddannelse"],"articleSection":["Debat"],"inLanguage":"da-DK","potentialAction":[{"@type":"CommentAction","name":"Comment","target":["https:\/\/kunmedierne.dk\/mors\/goer-gode-tider-bedre\/#respond"]}]},{"@type":"WebPage","@id":"https:\/\/kunmedierne.dk\/mors\/goer-gode-tider-bedre\/","url":"https:\/\/kunmedierne.dk\/mors\/goer-gode-tider-bedre\/","name":"- G\u00f8r gode tider bedre - Mors","isPartOf":{"@id":"https:\/\/kunmedierne.dk\/mors\/#website"},"primaryImageOfPage":{"@id":"https:\/\/kunmedierne.dk\/mors\/goer-gode-tider-bedre\/#primaryimage"},"image":{"@id":"https:\/\/kunmedierne.dk\/mors\/goer-gode-tider-bedre\/#primaryimage"},"thumbnailUrl":"https:\/\/kunmedierne.dk\/mors\/wp-content\/uploads\/2021\/05\/niels-kr-oestergaard.jpg","datePublished":"2021-11-05T10:17:17+00:00","dateModified":"2024-08-12T11:35:55+00:00","breadcrumb":{"@id":"https:\/\/kunmedierne.dk\/mors\/goer-gode-tider-bedre\/#breadcrumb"},"inLanguage":"da-DK","potentialAction":[{"@type":"ReadAction","target":["https:\/\/kunmedierne.dk\/mors\/goer-gode-tider-bedre\/"]}]},{"@type":"ImageObject","inLanguage":"da-DK","@id":"https:\/\/kunmedierne.dk\/mors\/goer-gode-tider-bedre\/#primaryimage","url":"https:\/\/kunmedierne.dk\/mors\/wp-content\/uploads\/2021\/05\/niels-kr-oestergaard.jpg","contentUrl":"https:\/\/kunmedierne.dk\/mors\/wp-content\/uploads\/2021\/05\/niels-kr-oestergaard.jpg","width":770,"height":513,"caption":"Niels Kr. \u00d8stergaard, kandidat for Socialdemokratiet ved Kommunalvalg 2021."},{"@type":"BreadcrumbList","@id":"https:\/\/kunmedierne.dk\/mors\/goer-gode-tider-bedre\/#breadcrumb","itemListElement":[{"@type":"ListItem","position":1,"name":"Hjem","item":"https:\/\/kunmedierne.dk\/mors\/"},{"@type":"ListItem","position":2,"name":"&#8211; G\u00f8r gode tider bedre"}]},{"@type":"WebSite","@id":"https:\/\/kunmedierne.dk\/mors\/#website","url":"https:\/\/kunmedierne.dk\/mors\/","name":"Mors","description":"et netmedie med journalistik om livet p\u00e5 Mors","publisher":{"@id":"https:\/\/kunmedierne.dk\/mors\/#organization"},"potentialAction":[{"@type":"SearchAction","target":{"@type":"EntryPoint","urlTemplate":"https:\/\/kunmedierne.dk\/mors\/?s={search_term_string}"},"query-input":{"@type":"PropertyValueSpecification","valueRequired":true,"valueName":"search_term_string"}}],"inLanguage":"da-DK"},{"@type":"Organization","@id":"https:\/\/kunmedierne.dk\/mors\/#organization","name":"Mors","url":"https:\/\/kunmedierne.dk\/mors\/","logo":{"@type":"ImageObject","inLanguage":"da-DK","@id":"https:\/\/kunmedierne.dk\/mors\/#\/schema\/logo\/image\/","url":"https:\/\/kunmedierne.dk\/mors\/wp-content\/uploads\/2024\/08\/kunmors-logo.svg","contentUrl":"https:\/\/kunmedierne.dk\/mors\/wp-content\/uploads\/2024\/08\/kunmors-logo.svg","caption":"Mors"},"image":{"@id":"https:\/\/kunmedierne.dk\/mors\/#\/schema\/logo\/image\/"}},{"@type":"Person","@id":"https:\/\/kunmedierne.dk\/mors\/#\/schema\/person\/84c1391bce0b43b9bb3a49736bc0ad78","name":"Debat","image":{"@type":"ImageObject","inLanguage":"da-DK","@id":"https:\/\/kunmedierne.dk\/mors\/#\/schema\/person\/image\/","url":"https:\/\/secure.gravatar.com\/avatar\/b0fb2e221d618f7c65162ab0d49c7e8a0b580c871ca03af90e42b47b4150654c?s=96&d=mm&r=g","contentUrl":"https:\/\/secure.gravatar.com\/avatar\/b0fb2e221d618f7c65162ab0d49c7e8a0b580c871ca03af90e42b47b4150654c?s=96&d=mm&r=g","caption":"Debat"},"url":"https:\/\/kunmedierne.dk\/mors\/author\/debat\/"}]}},"_links":{"self":[{"href":"https:\/\/kunmedierne.dk\/mors\/wp-json\/wp\/v2\/posts\/56548","targetHints":{"allow":["GET"]}}],"collection":[{"href":"https:\/\/kunmedierne.dk\/mors\/wp-json\/wp\/v2\/posts"}],"about":[{"href":"https:\/\/kunmedierne.dk\/mors\/wp-json\/wp\/v2\/types\/post"}],"author":[{"embeddable":true,"href":"https:\/\/kunmedierne.dk\/mors\/wp-json\/wp\/v2\/users\/11"}],"replies":[{"embeddable":true,"href":"https:\/\/kunmedierne.dk\/mors\/wp-json\/wp\/v2\/comments?post=56548"}],"version-history":[{"count":1,"href":"https:\/\/kunmedierne.dk\/mors\/wp-json\/wp\/v2\/posts\/56548\/revisions"}],"predecessor-version":[{"id":56549,"href":"https:\/\/kunmedierne.dk\/mors\/wp-json\/wp\/v2\/posts\/56548\/revisions\/56549"}],"wp:featuredmedia":[{"embeddable":true,"href":"https:\/\/kunmedierne.dk\/mors\/wp-json\/wp\/v2\/media\/45379"}],"wp:attachment":[{"href":"https:\/\/kunmedierne.dk\/mors\/wp-json\/wp\/v2\/media?parent=56548"}],"wp:term":[{"taxonomy":"category","embeddable":true,"href":"https:\/\/kunmedierne.dk\/mors\/wp-json\/wp\/v2\/categories?post=56548"},{"taxonomy":"post_tag","embeddable":true,"href":"https:\/\/kunmedierne.dk\/mors\/wp-json\/wp\/v2\/tags?post=56548"}],"curies":[{"name":"wp","href":"https:\/\/api.w.org\/{rel}","templated":true}]}}