{"id":56484,"date":"2021-11-04T13:30:36","date_gmt":"2021-11-04T12:30:36","guid":{"rendered":"https:\/\/kunmedierne.dk\/mors\/?p=56484"},"modified":"2024-08-12T13:35:56","modified_gmt":"2024-08-12T11:35:56","slug":"fra-godt-nok-til-godt","status":"publish","type":"post","link":"https:\/\/kunmedierne.dk\/mors\/fra-godt-nok-til-godt\/","title":{"rendered":"&#8211; Fra godt nok til godt"},"content":{"rendered":"<p><em>Debatindl\u00e6g fra Svend Erik J\u00f8rgensen, kandidat for Socialdemokratiet ved Kommunalvalg 2021:<\/em><\/p>\n<hr \/>\n<p><b>MORS: <\/b>Vi har det vel som s\u00e5dan godt nok p\u00e5 Mors. Hvis vi ikke s\u00e6tter succesbarren alt for h\u00f8jt, s\u00e5 g\u00e5r det nok.<\/p>\n<p>S\u00e5 vidt vi ved er ingen blevet syge af vores drikkevand endnu, selvom det er et af de steder i landet, hvor drikkevandet indeholder flest pesticider. S\u00e5 det er jo nok godt nok.<\/p>\n<p>Op mod 40% af jordens insektarter, bier og sommerfugle er forsvundet. De mangler til at nedbryde d\u00f8dt materiale og best\u00f8ve planter vi har brug for. Firben, fr\u00f8er og fugle er g\u00e5et tilsvarende tilbage i samme periode. Vi har rigtig meget dyrket natur p\u00e5 Mors som presser livsvilk\u00e5rene for de livsvigtige arter. Insekter, sommerfugle, bier osv. trives ikke med store vidder af korn, gr\u00e6s og asfalt. Vi udl\u00e6gger flere lavbrugsjorder til v\u00e5domr\u00e5der og vild natur for at r\u00e5de bod p\u00e5 fortidens synder. S\u00e5 det er jo nok godt nok.<\/p>\n<p><a href=\"http:\/\/www.limfjordsteatret.dk\/#front\"><img loading=\"lazy\" decoding=\"async\" class=\"alignleft size-full wp-image-46596\" src=\"https:\/\/kunmedierne.dk\/mors\/wp-content\/uploads\/2021\/06\/t05.jpg\" alt=\"\" width=\"1400\" height=\"125\" srcset=\"https:\/\/kunmedierne.dk\/mors\/wp-content\/uploads\/2021\/06\/t05.jpg 1400w, https:\/\/kunmedierne.dk\/mors\/wp-content\/uploads\/2021\/06\/t05-300x27.jpg 300w, https:\/\/kunmedierne.dk\/mors\/wp-content\/uploads\/2021\/06\/t05-1024x91.jpg 1024w, https:\/\/kunmedierne.dk\/mors\/wp-content\/uploads\/2021\/06\/t05-768x69.jpg 768w, https:\/\/kunmedierne.dk\/mors\/wp-content\/uploads\/2021\/06\/t05-600x54.jpg 600w\" sizes=\"auto, (max-width: 1400px) 100vw, 1400px\" \/><\/a>Der er 380.000 sv\u00e6rt ensomme i Danmark. Mors har sin del af den statistik. Der er mennesker p\u00e5 Mors som ikke har noget netv\u00e6rk overhovedet. Som bor isoleret for sig selv langt uden for alfarvej. Eller i en lejlighed i byen.\u00a0 Deres problem er ikke, om sofaen er slidt, men om der kommer nogen og sidder i den. I gennemsnit er der i hver klasse i en dansk skole 2 elever, som kommer fra hjem med alkoholproblemer. Der er stigende antal hjeml\u00f8se. Der er heldigvis nogle frivillige p\u00e5 Mors, som tager sig af de v\u00e6rste problemer. Og vi har ogs\u00e5 en fantastisk engageret st\u00f8tte kontaktperson, som g\u00f8r et k\u00e6mpearbejde.<\/p>\n<p>S\u00e5 det er vel alt i alt godt nok.<\/p>\n<p>Jeg kunne godt t\u00e6nke mig, at barren blev sat lidt h\u00f8jere end \u201dGodt nok\u201d. Hvad med om vi i stedet g\u00e5r efter, at det ska v\u00e6re GODT at bo p\u00e5 Mors. Ganske enkelt.<\/p>\n<p><a href=\"https:\/\/www.braendselsforeningen.dk\/\"><img loading=\"lazy\" decoding=\"async\" class=\"alignleft size-full wp-image-46597\" src=\"https:\/\/kunmedierne.dk\/mors\/wp-content\/uploads\/2021\/06\/t06.jpg\" alt=\"\" width=\"1425\" height=\"127\" srcset=\"https:\/\/kunmedierne.dk\/mors\/wp-content\/uploads\/2021\/06\/t06.jpg 1425w, https:\/\/kunmedierne.dk\/mors\/wp-content\/uploads\/2021\/06\/t06-300x27.jpg 300w, https:\/\/kunmedierne.dk\/mors\/wp-content\/uploads\/2021\/06\/t06-1024x91.jpg 1024w, https:\/\/kunmedierne.dk\/mors\/wp-content\/uploads\/2021\/06\/t06-768x68.jpg 768w, https:\/\/kunmedierne.dk\/mors\/wp-content\/uploads\/2021\/06\/t06-600x53.jpg 600w\" sizes=\"auto, (max-width: 1425px) 100vw, 1425px\" \/><\/a>Jeg vil se flere vilde blomster, sommerfugle, bier. Jeg vil se f\u00e6rre ensomme. Jeg vil se at psykisk syge f\u00e5r de rigtige tilbud. Jeg vil se, at Mors\u00f8 Kommune g\u00f8r mere, for dem hvor dagligdagen i sig selv er en udfordring. Jeg vil se at vi tager udgangspunkt i borgernes behov snarere end kommunens.<\/p>\n<p>Jeg vil have nedsat et udsatter\u00e5d i Mors\u00f8 Kommune. Et r\u00e5d der er sammensat af brugere, interesseorganisationer, politikere og fagfolk.<\/p>\n<p>Et r\u00e5d, der kan give brugerens perspektiv p\u00e5 deres eget liv og behov. Et r\u00e5d der m\u00f8des 4 gang om \u00e5ret og behandler emner efter eget valg \u2013 f.eks. tandpleje, socialt frikort, samarbejde med Jobcenter, bek\u00e6mpelse af ensomhed, sociale tilbud, m\u00f8des med socialudvalget osv.<\/p>\n<p>Et s\u00e5dant r\u00e5d vil i h\u00f8jere grad forpligte brugerne, politikerne og embedsv\u00e6rket.<\/p>\n<p>Hvis vi virkelig vil, kan det godt blive rigtigt godt. Der er formentlig ikke \u00f8get bos\u00e6tning i det \u2013 men det er rigtigt at g\u00f8re.<\/p>\n<hr \/>\n<p><em>Har du et bidrag til den lokale debat? Send det til os p\u00e5 e-mail: debat@kunmedierne.dk\/mors. Husk at l\u00e6se korrektur inden afsendelse p\u00e5 indl\u00e6gget.<\/em><\/p>\n<p><a href=\"https:\/\/morsoe-begravelsesforretning.dk\/\"><img loading=\"lazy\" decoding=\"async\" class=\"alignleft size-full wp-image-46598\" src=\"https:\/\/kunmedierne.dk\/mors\/wp-content\/uploads\/2021\/06\/t07.jpg\" alt=\"\" width=\"1425\" height=\"127\" srcset=\"https:\/\/kunmedierne.dk\/mors\/wp-content\/uploads\/2021\/06\/t07.jpg 1425w, https:\/\/kunmedierne.dk\/mors\/wp-content\/uploads\/2021\/06\/t07-300x27.jpg 300w, https:\/\/kunmedierne.dk\/mors\/wp-content\/uploads\/2021\/06\/t07-1024x91.jpg 1024w, https:\/\/kunmedierne.dk\/mors\/wp-content\/uploads\/2021\/06\/t07-768x68.jpg 768w, https:\/\/kunmedierne.dk\/mors\/wp-content\/uploads\/2021\/06\/t07-600x53.jpg 600w\" sizes=\"auto, (max-width: 1425px) 100vw, 1425px\" \/><\/a><\/p>\n<blockquote>\n<h5>Tilmeld dig vores gratis nyhedsbrev nederst p\u00e5 siden og deltag i lodtr\u00e6kningen om en flaske portvin fra\u00a0<a href=\"https:\/\/prebensvinhandel.dk\/\" target=\"_blank\" rel=\"noopener\">Prebens Vinhandel<\/a>\u00a0til en v\u00e6rdi af 325 kroner. L\u00e6s mere\u00a0<a href=\"https:\/\/kunmedierne.dk\/mors\/vind-laekker-portvin-fra-prebens-vinhandel\/#prettyPhoto\" target=\"_blank\" rel=\"noopener\">her<\/a>.<\/h5>\n<\/blockquote>\n","protected":false},"excerpt":{"rendered":"<p>Debatindl\u00e6g fra Svend Erik J\u00f8rgensen, kandidat for Socialdemokratiet ved Kommunalvalg 2021: MORS: Vi har det vel som s\u00e5dan godt nok p\u00e5 Mors. Hvis vi ikke s\u00e6tter succesbarren alt for h\u00f8jt, s\u00e5 g\u00e5r det nok. S\u00e5 vidt vi ved er ingen blevet syge af vores drikkevand endnu, selvom det er et af de steder i landet, [&hellip;]<\/p>\n","protected":false},"author":11,"featured_media":44448,"comment_status":"open","ping_status":"open","sticky":false,"template":"","format":"standard","meta":{"_acf_changed":false,"footnotes":""},"categories":[56],"tags":[167],"class_list":["post-56484","post","type-post","status-publish","format-standard","has-post-thumbnail","hentry","category-debat","tag-politik"],"acf":[],"yoast_head":"<!-- This site is optimized with the Yoast SEO plugin v26.8 - https:\/\/yoast.com\/product\/yoast-seo-wordpress\/ -->\n<title>- Fra godt nok til godt - Mors<\/title>\n<meta name=\"robots\" content=\"index, follow, max-snippet:-1, max-image-preview:large, max-video-preview:-1\" \/>\n<link rel=\"canonical\" href=\"https:\/\/kunmedierne.dk\/mors\/fra-godt-nok-til-godt\/\" \/>\n<meta property=\"og:locale\" content=\"da_DK\" \/>\n<meta property=\"og:type\" content=\"article\" \/>\n<meta property=\"og:title\" content=\"- Fra godt nok til godt - Mors\" \/>\n<meta property=\"og:description\" content=\"Debatindl\u00e6g fra Svend Erik J\u00f8rgensen, kandidat for Socialdemokratiet ved Kommunalvalg 2021: MORS: Vi har det vel som s\u00e5dan godt nok p\u00e5 Mors. Hvis vi ikke s\u00e6tter succesbarren alt for h\u00f8jt, s\u00e5 g\u00e5r det nok. S\u00e5 vidt vi ved er ingen blevet syge af vores drikkevand endnu, selvom det er et af de steder i landet, [&hellip;]\" \/>\n<meta property=\"og:url\" content=\"https:\/\/kunmedierne.dk\/mors\/fra-godt-nok-til-godt\/\" \/>\n<meta property=\"og:site_name\" content=\"Mors\" \/>\n<meta property=\"article:published_time\" content=\"2021-11-04T12:30:36+00:00\" \/>\n<meta property=\"article:modified_time\" content=\"2024-08-12T11:35:56+00:00\" \/>\n<meta property=\"og:image\" content=\"https:\/\/kunmedierne.dk\/mors\/wp-content\/uploads\/2021\/05\/svenderikj\u00f8rgensen.jpg\" \/>\n\t<meta property=\"og:image:width\" content=\"770\" \/>\n\t<meta property=\"og:image:height\" content=\"513\" \/>\n\t<meta property=\"og:image:type\" content=\"image\/jpeg\" \/>\n<meta name=\"author\" content=\"Debat\" \/>\n<meta name=\"twitter:card\" content=\"summary_large_image\" \/>\n<meta name=\"twitter:label1\" content=\"Skrevet af\" \/>\n\t<meta name=\"twitter:data1\" content=\"Debat\" \/>\n\t<meta name=\"twitter:label2\" content=\"Estimeret l\u00e6setid\" \/>\n\t<meta name=\"twitter:data2\" content=\"3 minutter\" \/>\n<script type=\"application\/ld+json\" class=\"yoast-schema-graph\">{\"@context\":\"https:\/\/schema.org\",\"@graph\":[{\"@type\":\"Article\",\"@id\":\"https:\/\/kunmedierne.dk\/mors\/fra-godt-nok-til-godt\/#article\",\"isPartOf\":{\"@id\":\"https:\/\/kunmedierne.dk\/mors\/fra-godt-nok-til-godt\/\"},\"author\":{\"name\":\"Debat\",\"@id\":\"https:\/\/kunmedierne.dk\/mors\/#\/schema\/person\/84c1391bce0b43b9bb3a49736bc0ad78\"},\"headline\":\"&#8211; Fra godt nok til godt\",\"datePublished\":\"2021-11-04T12:30:36+00:00\",\"dateModified\":\"2024-08-12T11:35:56+00:00\",\"mainEntityOfPage\":{\"@id\":\"https:\/\/kunmedierne.dk\/mors\/fra-godt-nok-til-godt\/\"},\"wordCount\":561,\"commentCount\":0,\"publisher\":{\"@id\":\"https:\/\/kunmedierne.dk\/mors\/#organization\"},\"image\":{\"@id\":\"https:\/\/kunmedierne.dk\/mors\/fra-godt-nok-til-godt\/#primaryimage\"},\"thumbnailUrl\":\"https:\/\/kunmedierne.dk\/mors\/wp-content\/uploads\/2021\/05\/svenderikj\u00f8rgensen.jpg\",\"keywords\":[\"Politik\"],\"articleSection\":[\"Debat\"],\"inLanguage\":\"da-DK\",\"potentialAction\":[{\"@type\":\"CommentAction\",\"name\":\"Comment\",\"target\":[\"https:\/\/kunmedierne.dk\/mors\/fra-godt-nok-til-godt\/#respond\"]}]},{\"@type\":\"WebPage\",\"@id\":\"https:\/\/kunmedierne.dk\/mors\/fra-godt-nok-til-godt\/\",\"url\":\"https:\/\/kunmedierne.dk\/mors\/fra-godt-nok-til-godt\/\",\"name\":\"- Fra godt nok til godt - Mors\",\"isPartOf\":{\"@id\":\"https:\/\/kunmedierne.dk\/mors\/#website\"},\"primaryImageOfPage\":{\"@id\":\"https:\/\/kunmedierne.dk\/mors\/fra-godt-nok-til-godt\/#primaryimage\"},\"image\":{\"@id\":\"https:\/\/kunmedierne.dk\/mors\/fra-godt-nok-til-godt\/#primaryimage\"},\"thumbnailUrl\":\"https:\/\/kunmedierne.dk\/mors\/wp-content\/uploads\/2021\/05\/svenderikj\u00f8rgensen.jpg\",\"datePublished\":\"2021-11-04T12:30:36+00:00\",\"dateModified\":\"2024-08-12T11:35:56+00:00\",\"breadcrumb\":{\"@id\":\"https:\/\/kunmedierne.dk\/mors\/fra-godt-nok-til-godt\/#breadcrumb\"},\"inLanguage\":\"da-DK\",\"potentialAction\":[{\"@type\":\"ReadAction\",\"target\":[\"https:\/\/kunmedierne.dk\/mors\/fra-godt-nok-til-godt\/\"]}]},{\"@type\":\"ImageObject\",\"inLanguage\":\"da-DK\",\"@id\":\"https:\/\/kunmedierne.dk\/mors\/fra-godt-nok-til-godt\/#primaryimage\",\"url\":\"https:\/\/kunmedierne.dk\/mors\/wp-content\/uploads\/2021\/05\/svenderikj\u00f8rgensen.jpg\",\"contentUrl\":\"https:\/\/kunmedierne.dk\/mors\/wp-content\/uploads\/2021\/05\/svenderikj\u00f8rgensen.jpg\",\"width\":770,\"height\":513,\"caption\":\"Svend Erik J\u00f8rgensen. Foto: Socialdemokratiet Mors\"},{\"@type\":\"BreadcrumbList\",\"@id\":\"https:\/\/kunmedierne.dk\/mors\/fra-godt-nok-til-godt\/#breadcrumb\",\"itemListElement\":[{\"@type\":\"ListItem\",\"position\":1,\"name\":\"Hjem\",\"item\":\"https:\/\/kunmedierne.dk\/mors\/\"},{\"@type\":\"ListItem\",\"position\":2,\"name\":\"&#8211; Fra godt nok til godt\"}]},{\"@type\":\"WebSite\",\"@id\":\"https:\/\/kunmedierne.dk\/mors\/#website\",\"url\":\"https:\/\/kunmedierne.dk\/mors\/\",\"name\":\"Mors\",\"description\":\"et netmedie med journalistik om livet p\u00e5 Mors\",\"publisher\":{\"@id\":\"https:\/\/kunmedierne.dk\/mors\/#organization\"},\"potentialAction\":[{\"@type\":\"SearchAction\",\"target\":{\"@type\":\"EntryPoint\",\"urlTemplate\":\"https:\/\/kunmedierne.dk\/mors\/?s={search_term_string}\"},\"query-input\":{\"@type\":\"PropertyValueSpecification\",\"valueRequired\":true,\"valueName\":\"search_term_string\"}}],\"inLanguage\":\"da-DK\"},{\"@type\":\"Organization\",\"@id\":\"https:\/\/kunmedierne.dk\/mors\/#organization\",\"name\":\"Mors\",\"url\":\"https:\/\/kunmedierne.dk\/mors\/\",\"logo\":{\"@type\":\"ImageObject\",\"inLanguage\":\"da-DK\",\"@id\":\"https:\/\/kunmedierne.dk\/mors\/#\/schema\/logo\/image\/\",\"url\":\"https:\/\/kunmedierne.dk\/mors\/wp-content\/uploads\/2024\/08\/kunmors-logo.svg\",\"contentUrl\":\"https:\/\/kunmedierne.dk\/mors\/wp-content\/uploads\/2024\/08\/kunmors-logo.svg\",\"caption\":\"Mors\"},\"image\":{\"@id\":\"https:\/\/kunmedierne.dk\/mors\/#\/schema\/logo\/image\/\"}},{\"@type\":\"Person\",\"@id\":\"https:\/\/kunmedierne.dk\/mors\/#\/schema\/person\/84c1391bce0b43b9bb3a49736bc0ad78\",\"name\":\"Debat\",\"image\":{\"@type\":\"ImageObject\",\"inLanguage\":\"da-DK\",\"@id\":\"https:\/\/kunmedierne.dk\/mors\/#\/schema\/person\/image\/\",\"url\":\"https:\/\/secure.gravatar.com\/avatar\/b0fb2e221d618f7c65162ab0d49c7e8a0b580c871ca03af90e42b47b4150654c?s=96&d=mm&r=g\",\"contentUrl\":\"https:\/\/secure.gravatar.com\/avatar\/b0fb2e221d618f7c65162ab0d49c7e8a0b580c871ca03af90e42b47b4150654c?s=96&d=mm&r=g\",\"caption\":\"Debat\"},\"url\":\"https:\/\/kunmedierne.dk\/mors\/author\/debat\/\"}]}<\/script>\n<!-- \/ Yoast SEO plugin. -->","yoast_head_json":{"title":"- Fra godt nok til godt - Mors","robots":{"index":"index","follow":"follow","max-snippet":"max-snippet:-1","max-image-preview":"max-image-preview:large","max-video-preview":"max-video-preview:-1"},"canonical":"https:\/\/kunmedierne.dk\/mors\/fra-godt-nok-til-godt\/","og_locale":"da_DK","og_type":"article","og_title":"- Fra godt nok til godt - Mors","og_description":"Debatindl\u00e6g fra Svend Erik J\u00f8rgensen, kandidat for Socialdemokratiet ved Kommunalvalg 2021: MORS: Vi har det vel som s\u00e5dan godt nok p\u00e5 Mors. Hvis vi ikke s\u00e6tter succesbarren alt for h\u00f8jt, s\u00e5 g\u00e5r det nok. S\u00e5 vidt vi ved er ingen blevet syge af vores drikkevand endnu, selvom det er et af de steder i landet, [&hellip;]","og_url":"https:\/\/kunmedierne.dk\/mors\/fra-godt-nok-til-godt\/","og_site_name":"Mors","article_published_time":"2021-11-04T12:30:36+00:00","article_modified_time":"2024-08-12T11:35:56+00:00","og_image":[{"width":770,"height":513,"url":"https:\/\/kunmedierne.dk\/mors\/wp-content\/uploads\/2021\/05\/svenderikj\u00f8rgensen.jpg","type":"image\/jpeg"}],"author":"Debat","twitter_card":"summary_large_image","twitter_misc":{"Skrevet af":"Debat","Estimeret l\u00e6setid":"3 minutter"},"schema":{"@context":"https:\/\/schema.org","@graph":[{"@type":"Article","@id":"https:\/\/kunmedierne.dk\/mors\/fra-godt-nok-til-godt\/#article","isPartOf":{"@id":"https:\/\/kunmedierne.dk\/mors\/fra-godt-nok-til-godt\/"},"author":{"name":"Debat","@id":"https:\/\/kunmedierne.dk\/mors\/#\/schema\/person\/84c1391bce0b43b9bb3a49736bc0ad78"},"headline":"&#8211; Fra godt nok til godt","datePublished":"2021-11-04T12:30:36+00:00","dateModified":"2024-08-12T11:35:56+00:00","mainEntityOfPage":{"@id":"https:\/\/kunmedierne.dk\/mors\/fra-godt-nok-til-godt\/"},"wordCount":561,"commentCount":0,"publisher":{"@id":"https:\/\/kunmedierne.dk\/mors\/#organization"},"image":{"@id":"https:\/\/kunmedierne.dk\/mors\/fra-godt-nok-til-godt\/#primaryimage"},"thumbnailUrl":"https:\/\/kunmedierne.dk\/mors\/wp-content\/uploads\/2021\/05\/svenderikj\u00f8rgensen.jpg","keywords":["Politik"],"articleSection":["Debat"],"inLanguage":"da-DK","potentialAction":[{"@type":"CommentAction","name":"Comment","target":["https:\/\/kunmedierne.dk\/mors\/fra-godt-nok-til-godt\/#respond"]}]},{"@type":"WebPage","@id":"https:\/\/kunmedierne.dk\/mors\/fra-godt-nok-til-godt\/","url":"https:\/\/kunmedierne.dk\/mors\/fra-godt-nok-til-godt\/","name":"- Fra godt nok til godt - Mors","isPartOf":{"@id":"https:\/\/kunmedierne.dk\/mors\/#website"},"primaryImageOfPage":{"@id":"https:\/\/kunmedierne.dk\/mors\/fra-godt-nok-til-godt\/#primaryimage"},"image":{"@id":"https:\/\/kunmedierne.dk\/mors\/fra-godt-nok-til-godt\/#primaryimage"},"thumbnailUrl":"https:\/\/kunmedierne.dk\/mors\/wp-content\/uploads\/2021\/05\/svenderikj\u00f8rgensen.jpg","datePublished":"2021-11-04T12:30:36+00:00","dateModified":"2024-08-12T11:35:56+00:00","breadcrumb":{"@id":"https:\/\/kunmedierne.dk\/mors\/fra-godt-nok-til-godt\/#breadcrumb"},"inLanguage":"da-DK","potentialAction":[{"@type":"ReadAction","target":["https:\/\/kunmedierne.dk\/mors\/fra-godt-nok-til-godt\/"]}]},{"@type":"ImageObject","inLanguage":"da-DK","@id":"https:\/\/kunmedierne.dk\/mors\/fra-godt-nok-til-godt\/#primaryimage","url":"https:\/\/kunmedierne.dk\/mors\/wp-content\/uploads\/2021\/05\/svenderikj\u00f8rgensen.jpg","contentUrl":"https:\/\/kunmedierne.dk\/mors\/wp-content\/uploads\/2021\/05\/svenderikj\u00f8rgensen.jpg","width":770,"height":513,"caption":"Svend Erik J\u00f8rgensen. Foto: Socialdemokratiet Mors"},{"@type":"BreadcrumbList","@id":"https:\/\/kunmedierne.dk\/mors\/fra-godt-nok-til-godt\/#breadcrumb","itemListElement":[{"@type":"ListItem","position":1,"name":"Hjem","item":"https:\/\/kunmedierne.dk\/mors\/"},{"@type":"ListItem","position":2,"name":"&#8211; Fra godt nok til godt"}]},{"@type":"WebSite","@id":"https:\/\/kunmedierne.dk\/mors\/#website","url":"https:\/\/kunmedierne.dk\/mors\/","name":"Mors","description":"et netmedie med journalistik om livet p\u00e5 Mors","publisher":{"@id":"https:\/\/kunmedierne.dk\/mors\/#organization"},"potentialAction":[{"@type":"SearchAction","target":{"@type":"EntryPoint","urlTemplate":"https:\/\/kunmedierne.dk\/mors\/?s={search_term_string}"},"query-input":{"@type":"PropertyValueSpecification","valueRequired":true,"valueName":"search_term_string"}}],"inLanguage":"da-DK"},{"@type":"Organization","@id":"https:\/\/kunmedierne.dk\/mors\/#organization","name":"Mors","url":"https:\/\/kunmedierne.dk\/mors\/","logo":{"@type":"ImageObject","inLanguage":"da-DK","@id":"https:\/\/kunmedierne.dk\/mors\/#\/schema\/logo\/image\/","url":"https:\/\/kunmedierne.dk\/mors\/wp-content\/uploads\/2024\/08\/kunmors-logo.svg","contentUrl":"https:\/\/kunmedierne.dk\/mors\/wp-content\/uploads\/2024\/08\/kunmors-logo.svg","caption":"Mors"},"image":{"@id":"https:\/\/kunmedierne.dk\/mors\/#\/schema\/logo\/image\/"}},{"@type":"Person","@id":"https:\/\/kunmedierne.dk\/mors\/#\/schema\/person\/84c1391bce0b43b9bb3a49736bc0ad78","name":"Debat","image":{"@type":"ImageObject","inLanguage":"da-DK","@id":"https:\/\/kunmedierne.dk\/mors\/#\/schema\/person\/image\/","url":"https:\/\/secure.gravatar.com\/avatar\/b0fb2e221d618f7c65162ab0d49c7e8a0b580c871ca03af90e42b47b4150654c?s=96&d=mm&r=g","contentUrl":"https:\/\/secure.gravatar.com\/avatar\/b0fb2e221d618f7c65162ab0d49c7e8a0b580c871ca03af90e42b47b4150654c?s=96&d=mm&r=g","caption":"Debat"},"url":"https:\/\/kunmedierne.dk\/mors\/author\/debat\/"}]}},"_links":{"self":[{"href":"https:\/\/kunmedierne.dk\/mors\/wp-json\/wp\/v2\/posts\/56484","targetHints":{"allow":["GET"]}}],"collection":[{"href":"https:\/\/kunmedierne.dk\/mors\/wp-json\/wp\/v2\/posts"}],"about":[{"href":"https:\/\/kunmedierne.dk\/mors\/wp-json\/wp\/v2\/types\/post"}],"author":[{"embeddable":true,"href":"https:\/\/kunmedierne.dk\/mors\/wp-json\/wp\/v2\/users\/11"}],"replies":[{"embeddable":true,"href":"https:\/\/kunmedierne.dk\/mors\/wp-json\/wp\/v2\/comments?post=56484"}],"version-history":[{"count":1,"href":"https:\/\/kunmedierne.dk\/mors\/wp-json\/wp\/v2\/posts\/56484\/revisions"}],"predecessor-version":[{"id":56485,"href":"https:\/\/kunmedierne.dk\/mors\/wp-json\/wp\/v2\/posts\/56484\/revisions\/56485"}],"wp:featuredmedia":[{"embeddable":true,"href":"https:\/\/kunmedierne.dk\/mors\/wp-json\/wp\/v2\/media\/44448"}],"wp:attachment":[{"href":"https:\/\/kunmedierne.dk\/mors\/wp-json\/wp\/v2\/media?parent=56484"}],"wp:term":[{"taxonomy":"category","embeddable":true,"href":"https:\/\/kunmedierne.dk\/mors\/wp-json\/wp\/v2\/categories?post=56484"},{"taxonomy":"post_tag","embeddable":true,"href":"https:\/\/kunmedierne.dk\/mors\/wp-json\/wp\/v2\/tags?post=56484"}],"curies":[{"name":"wp","href":"https:\/\/api.w.org\/{rel}","templated":true}]}}