{"id":56476,"date":"2021-11-04T12:30:55","date_gmt":"2021-11-04T11:30:55","guid":{"rendered":"https:\/\/kunmedierne.dk\/mors\/?p=56476"},"modified":"2024-08-12T13:35:56","modified_gmt":"2024-08-12T11:35:56","slug":"svar-til-hans-ejner-om-oerodde","status":"publish","type":"post","link":"https:\/\/kunmedierne.dk\/mors\/svar-til-hans-ejner-om-oerodde\/","title":{"rendered":"&#8211; Svar til Hans Ejner om \u00d8rodde"},"content":{"rendered":"<p><em>Debatindl\u00e6g fra Jens Dahlgaard, medlem af kommunalbestyrelsen og kandidat for Socialdemokratiet ved Kommunalvalg 2021:<\/em><\/p>\n<hr \/>\n<p><strong>MORS<\/strong>:\u00a0Endnu engang vil borgmesteren gerne give os en historietime om gamle aftaler og diskussioner om \u00d8rodde. Fakta er bare, at Socialdemokratiet p\u00e5 Mors ikke \u00f8nsker at flytte campingpladsen p\u00e5 \u00d8rodde.<\/p>\n<p>Hvis man bygger villaer p\u00e5 campingpladsen, og derefter bygger campingplads p\u00e5 det gamle stadion, s\u00e5 har man inddraget en stor del af \u00d8rodde, som borgerne ikke l\u00e6ngere frit kan benytte fremover. Lad os hellere lave noget kreativt p\u00e5 det gamle stadion. Man kunne fx lave en friluftsscene p\u00e5 omr\u00e5det, som kunne bruges af de lokale koncertforeninger, skoler, b\u00f8rnehaver og mange flere.<\/p>\n<p><a href=\"https:\/\/www.fmspks.dk\/\"><img loading=\"lazy\" decoding=\"async\" class=\"alignleft size-full wp-image-46592\" src=\"https:\/\/kunmedierne.dk\/mors\/wp-content\/uploads\/2021\/06\/t01.jpg\" alt=\"\" width=\"1400\" height=\"125\" srcset=\"https:\/\/kunmedierne.dk\/mors\/wp-content\/uploads\/2021\/06\/t01.jpg 1400w, https:\/\/kunmedierne.dk\/mors\/wp-content\/uploads\/2021\/06\/t01-300x27.jpg 300w, https:\/\/kunmedierne.dk\/mors\/wp-content\/uploads\/2021\/06\/t01-1024x91.jpg 1024w, https:\/\/kunmedierne.dk\/mors\/wp-content\/uploads\/2021\/06\/t01-768x69.jpg 768w, https:\/\/kunmedierne.dk\/mors\/wp-content\/uploads\/2021\/06\/t01-600x54.jpg 600w\" sizes=\"auto, (max-width: 1400px) 100vw, 1400px\" \/><\/a>Man m\u00f8der mange lokale, som har en masse fantastiske id\u00e9er til netop dette omr\u00e5de. Id\u00e9erne er bl.a. omkl\u00e6dningsrum, motionsstier, baderum, legeomr\u00e5de, b\u00e5lhytter og meget andet. Disse borgere skal der lyttes til. De er brugerne af omr\u00e5det. De skal have medindflydelse p\u00e5, hvad omr\u00e5det skal bruges til fremover.<\/p>\n<p>Stem p\u00e5 Socialdemokratiet &#8211; s\u00e5 er du sikker p\u00e5 en stemme, der taler den vej.<\/p>\n<hr \/>\n<p><em>Har du et bidrag til den lokale debat? Send det til os p\u00e5 e-mail: debat@kunmedierne.dk\/mors. Husk at l\u00e6se korrektur inden afsendelse p\u00e5 indl\u00e6gget.<\/em><\/p>\n<p><a href=\"https:\/\/vester-begr.dk\"><img loading=\"lazy\" decoding=\"async\" class=\"alignleft size-full wp-image-53879\" src=\"https:\/\/kunmedierne.dk\/mors\/wp-content\/uploads\/2021\/10\/NY-Vester-Begravelse-TOP-BUND.jpg\" alt=\"\" width=\"1400\" height=\"125\" srcset=\"https:\/\/kunmedierne.dk\/mors\/wp-content\/uploads\/2021\/10\/NY-Vester-Begravelse-TOP-BUND.jpg 1400w, https:\/\/kunmedierne.dk\/mors\/wp-content\/uploads\/2021\/10\/NY-Vester-Begravelse-TOP-BUND-300x27.jpg 300w, https:\/\/kunmedierne.dk\/mors\/wp-content\/uploads\/2021\/10\/NY-Vester-Begravelse-TOP-BUND-1024x91.jpg 1024w, https:\/\/kunmedierne.dk\/mors\/wp-content\/uploads\/2021\/10\/NY-Vester-Begravelse-TOP-BUND-768x69.jpg 768w, https:\/\/kunmedierne.dk\/mors\/wp-content\/uploads\/2021\/10\/NY-Vester-Begravelse-TOP-BUND-600x54.jpg 600w\" sizes=\"auto, (max-width: 1400px) 100vw, 1400px\" \/><\/a><\/p>\n<blockquote>\n<h5>Tilmeld dig vores gratis nyhedsbrev nederst p\u00e5 siden og deltag i lodtr\u00e6kningen om en flaske portvin fra\u00a0<a href=\"https:\/\/prebensvinhandel.dk\/\" target=\"_blank\" rel=\"noopener\">Prebens Vinhandel<\/a>\u00a0til en v\u00e6rdi af 325 kroner. L\u00e6s mere\u00a0<a href=\"https:\/\/kunmedierne.dk\/mors\/vind-laekker-portvin-fra-prebens-vinhandel\/#prettyPhoto\" target=\"_blank\" rel=\"noopener\">her<\/a>.<\/h5>\n<\/blockquote>\n","protected":false},"excerpt":{"rendered":"<p>Debatindl\u00e6g fra Jens Dahlgaard, medlem af kommunalbestyrelsen og kandidat for Socialdemokratiet ved Kommunalvalg 2021: MORS:\u00a0Endnu engang vil borgmesteren gerne give os en historietime om gamle aftaler og diskussioner om \u00d8rodde. Fakta er bare, at Socialdemokratiet p\u00e5 Mors ikke \u00f8nsker at flytte campingpladsen p\u00e5 \u00d8rodde. Hvis man bygger villaer p\u00e5 campingpladsen, og derefter bygger campingplads p\u00e5 [&hellip;]<\/p>\n","protected":false},"author":11,"featured_media":45628,"comment_status":"open","ping_status":"open","sticky":false,"template":"","format":"standard","meta":{"_acf_changed":false,"footnotes":""},"categories":[56],"tags":[167],"class_list":["post-56476","post","type-post","status-publish","format-standard","has-post-thumbnail","hentry","category-debat","tag-politik"],"acf":[],"yoast_head":"<!-- This site is optimized with the Yoast SEO plugin v26.8 - https:\/\/yoast.com\/product\/yoast-seo-wordpress\/ -->\n<title>- Svar til Hans Ejner om \u00d8rodde - Mors<\/title>\n<meta name=\"robots\" content=\"index, follow, max-snippet:-1, max-image-preview:large, max-video-preview:-1\" \/>\n<link rel=\"canonical\" href=\"https:\/\/kunmedierne.dk\/mors\/svar-til-hans-ejner-om-oerodde\/\" \/>\n<meta property=\"og:locale\" content=\"da_DK\" \/>\n<meta property=\"og:type\" content=\"article\" \/>\n<meta property=\"og:title\" content=\"- Svar til Hans Ejner om \u00d8rodde - Mors\" \/>\n<meta property=\"og:description\" content=\"Debatindl\u00e6g fra Jens Dahlgaard, medlem af kommunalbestyrelsen og kandidat for Socialdemokratiet ved Kommunalvalg 2021: MORS:\u00a0Endnu engang vil borgmesteren gerne give os en historietime om gamle aftaler og diskussioner om \u00d8rodde. Fakta er bare, at Socialdemokratiet p\u00e5 Mors ikke \u00f8nsker at flytte campingpladsen p\u00e5 \u00d8rodde. Hvis man bygger villaer p\u00e5 campingpladsen, og derefter bygger campingplads p\u00e5 [&hellip;]\" \/>\n<meta property=\"og:url\" content=\"https:\/\/kunmedierne.dk\/mors\/svar-til-hans-ejner-om-oerodde\/\" \/>\n<meta property=\"og:site_name\" content=\"Mors\" \/>\n<meta property=\"article:published_time\" content=\"2021-11-04T11:30:55+00:00\" \/>\n<meta property=\"article:modified_time\" content=\"2024-08-12T11:35:56+00:00\" \/>\n<meta property=\"og:image\" content=\"https:\/\/kunmedierne.dk\/mors\/wp-content\/uploads\/2021\/05\/jens-dahlgaard.jpg\" \/>\n\t<meta property=\"og:image:width\" content=\"770\" \/>\n\t<meta property=\"og:image:height\" content=\"513\" \/>\n\t<meta property=\"og:image:type\" content=\"image\/jpeg\" \/>\n<meta name=\"author\" content=\"Debat\" \/>\n<meta name=\"twitter:card\" content=\"summary_large_image\" \/>\n<meta name=\"twitter:label1\" content=\"Skrevet af\" \/>\n\t<meta name=\"twitter:data1\" content=\"Debat\" \/>\n\t<meta name=\"twitter:label2\" content=\"Estimeret l\u00e6setid\" \/>\n\t<meta name=\"twitter:data2\" content=\"2 minutter\" \/>\n<script type=\"application\/ld+json\" class=\"yoast-schema-graph\">{\"@context\":\"https:\/\/schema.org\",\"@graph\":[{\"@type\":\"Article\",\"@id\":\"https:\/\/kunmedierne.dk\/mors\/svar-til-hans-ejner-om-oerodde\/#article\",\"isPartOf\":{\"@id\":\"https:\/\/kunmedierne.dk\/mors\/svar-til-hans-ejner-om-oerodde\/\"},\"author\":{\"name\":\"Debat\",\"@id\":\"https:\/\/kunmedierne.dk\/mors\/#\/schema\/person\/84c1391bce0b43b9bb3a49736bc0ad78\"},\"headline\":\"&#8211; Svar til Hans Ejner om \u00d8rodde\",\"datePublished\":\"2021-11-04T11:30:55+00:00\",\"dateModified\":\"2024-08-12T11:35:56+00:00\",\"mainEntityOfPage\":{\"@id\":\"https:\/\/kunmedierne.dk\/mors\/svar-til-hans-ejner-om-oerodde\/\"},\"wordCount\":245,\"commentCount\":0,\"publisher\":{\"@id\":\"https:\/\/kunmedierne.dk\/mors\/#organization\"},\"image\":{\"@id\":\"https:\/\/kunmedierne.dk\/mors\/svar-til-hans-ejner-om-oerodde\/#primaryimage\"},\"thumbnailUrl\":\"https:\/\/kunmedierne.dk\/mors\/wp-content\/uploads\/2021\/05\/jens-dahlgaard.jpg\",\"keywords\":[\"Politik\"],\"articleSection\":[\"Debat\"],\"inLanguage\":\"da-DK\",\"potentialAction\":[{\"@type\":\"CommentAction\",\"name\":\"Comment\",\"target\":[\"https:\/\/kunmedierne.dk\/mors\/svar-til-hans-ejner-om-oerodde\/#respond\"]}]},{\"@type\":\"WebPage\",\"@id\":\"https:\/\/kunmedierne.dk\/mors\/svar-til-hans-ejner-om-oerodde\/\",\"url\":\"https:\/\/kunmedierne.dk\/mors\/svar-til-hans-ejner-om-oerodde\/\",\"name\":\"- Svar til Hans Ejner om \u00d8rodde - Mors\",\"isPartOf\":{\"@id\":\"https:\/\/kunmedierne.dk\/mors\/#website\"},\"primaryImageOfPage\":{\"@id\":\"https:\/\/kunmedierne.dk\/mors\/svar-til-hans-ejner-om-oerodde\/#primaryimage\"},\"image\":{\"@id\":\"https:\/\/kunmedierne.dk\/mors\/svar-til-hans-ejner-om-oerodde\/#primaryimage\"},\"thumbnailUrl\":\"https:\/\/kunmedierne.dk\/mors\/wp-content\/uploads\/2021\/05\/jens-dahlgaard.jpg\",\"datePublished\":\"2021-11-04T11:30:55+00:00\",\"dateModified\":\"2024-08-12T11:35:56+00:00\",\"breadcrumb\":{\"@id\":\"https:\/\/kunmedierne.dk\/mors\/svar-til-hans-ejner-om-oerodde\/#breadcrumb\"},\"inLanguage\":\"da-DK\",\"potentialAction\":[{\"@type\":\"ReadAction\",\"target\":[\"https:\/\/kunmedierne.dk\/mors\/svar-til-hans-ejner-om-oerodde\/\"]}]},{\"@type\":\"ImageObject\",\"inLanguage\":\"da-DK\",\"@id\":\"https:\/\/kunmedierne.dk\/mors\/svar-til-hans-ejner-om-oerodde\/#primaryimage\",\"url\":\"https:\/\/kunmedierne.dk\/mors\/wp-content\/uploads\/2021\/05\/jens-dahlgaard.jpg\",\"contentUrl\":\"https:\/\/kunmedierne.dk\/mors\/wp-content\/uploads\/2021\/05\/jens-dahlgaard.jpg\",\"width\":770,\"height\":513,\"caption\":\"Jens Dahlgaard, kandidat for Socialdemokratiet ved Kommunalvalg 2021.\"},{\"@type\":\"BreadcrumbList\",\"@id\":\"https:\/\/kunmedierne.dk\/mors\/svar-til-hans-ejner-om-oerodde\/#breadcrumb\",\"itemListElement\":[{\"@type\":\"ListItem\",\"position\":1,\"name\":\"Hjem\",\"item\":\"https:\/\/kunmedierne.dk\/mors\/\"},{\"@type\":\"ListItem\",\"position\":2,\"name\":\"&#8211; Svar til Hans Ejner om \u00d8rodde\"}]},{\"@type\":\"WebSite\",\"@id\":\"https:\/\/kunmedierne.dk\/mors\/#website\",\"url\":\"https:\/\/kunmedierne.dk\/mors\/\",\"name\":\"Mors\",\"description\":\"et netmedie med journalistik om livet p\u00e5 Mors\",\"publisher\":{\"@id\":\"https:\/\/kunmedierne.dk\/mors\/#organization\"},\"potentialAction\":[{\"@type\":\"SearchAction\",\"target\":{\"@type\":\"EntryPoint\",\"urlTemplate\":\"https:\/\/kunmedierne.dk\/mors\/?s={search_term_string}\"},\"query-input\":{\"@type\":\"PropertyValueSpecification\",\"valueRequired\":true,\"valueName\":\"search_term_string\"}}],\"inLanguage\":\"da-DK\"},{\"@type\":\"Organization\",\"@id\":\"https:\/\/kunmedierne.dk\/mors\/#organization\",\"name\":\"Mors\",\"url\":\"https:\/\/kunmedierne.dk\/mors\/\",\"logo\":{\"@type\":\"ImageObject\",\"inLanguage\":\"da-DK\",\"@id\":\"https:\/\/kunmedierne.dk\/mors\/#\/schema\/logo\/image\/\",\"url\":\"https:\/\/kunmedierne.dk\/mors\/wp-content\/uploads\/2024\/08\/kunmors-logo.svg\",\"contentUrl\":\"https:\/\/kunmedierne.dk\/mors\/wp-content\/uploads\/2024\/08\/kunmors-logo.svg\",\"caption\":\"Mors\"},\"image\":{\"@id\":\"https:\/\/kunmedierne.dk\/mors\/#\/schema\/logo\/image\/\"}},{\"@type\":\"Person\",\"@id\":\"https:\/\/kunmedierne.dk\/mors\/#\/schema\/person\/84c1391bce0b43b9bb3a49736bc0ad78\",\"name\":\"Debat\",\"image\":{\"@type\":\"ImageObject\",\"inLanguage\":\"da-DK\",\"@id\":\"https:\/\/kunmedierne.dk\/mors\/#\/schema\/person\/image\/\",\"url\":\"https:\/\/secure.gravatar.com\/avatar\/b0fb2e221d618f7c65162ab0d49c7e8a0b580c871ca03af90e42b47b4150654c?s=96&d=mm&r=g\",\"contentUrl\":\"https:\/\/secure.gravatar.com\/avatar\/b0fb2e221d618f7c65162ab0d49c7e8a0b580c871ca03af90e42b47b4150654c?s=96&d=mm&r=g\",\"caption\":\"Debat\"},\"url\":\"https:\/\/kunmedierne.dk\/mors\/author\/debat\/\"}]}<\/script>\n<!-- \/ Yoast SEO plugin. -->","yoast_head_json":{"title":"- Svar til Hans Ejner om \u00d8rodde - Mors","robots":{"index":"index","follow":"follow","max-snippet":"max-snippet:-1","max-image-preview":"max-image-preview:large","max-video-preview":"max-video-preview:-1"},"canonical":"https:\/\/kunmedierne.dk\/mors\/svar-til-hans-ejner-om-oerodde\/","og_locale":"da_DK","og_type":"article","og_title":"- Svar til Hans Ejner om \u00d8rodde - Mors","og_description":"Debatindl\u00e6g fra Jens Dahlgaard, medlem af kommunalbestyrelsen og kandidat for Socialdemokratiet ved Kommunalvalg 2021: MORS:\u00a0Endnu engang vil borgmesteren gerne give os en historietime om gamle aftaler og diskussioner om \u00d8rodde. Fakta er bare, at Socialdemokratiet p\u00e5 Mors ikke \u00f8nsker at flytte campingpladsen p\u00e5 \u00d8rodde. Hvis man bygger villaer p\u00e5 campingpladsen, og derefter bygger campingplads p\u00e5 [&hellip;]","og_url":"https:\/\/kunmedierne.dk\/mors\/svar-til-hans-ejner-om-oerodde\/","og_site_name":"Mors","article_published_time":"2021-11-04T11:30:55+00:00","article_modified_time":"2024-08-12T11:35:56+00:00","og_image":[{"width":770,"height":513,"url":"https:\/\/kunmedierne.dk\/mors\/wp-content\/uploads\/2021\/05\/jens-dahlgaard.jpg","type":"image\/jpeg"}],"author":"Debat","twitter_card":"summary_large_image","twitter_misc":{"Skrevet af":"Debat","Estimeret l\u00e6setid":"2 minutter"},"schema":{"@context":"https:\/\/schema.org","@graph":[{"@type":"Article","@id":"https:\/\/kunmedierne.dk\/mors\/svar-til-hans-ejner-om-oerodde\/#article","isPartOf":{"@id":"https:\/\/kunmedierne.dk\/mors\/svar-til-hans-ejner-om-oerodde\/"},"author":{"name":"Debat","@id":"https:\/\/kunmedierne.dk\/mors\/#\/schema\/person\/84c1391bce0b43b9bb3a49736bc0ad78"},"headline":"&#8211; Svar til Hans Ejner om \u00d8rodde","datePublished":"2021-11-04T11:30:55+00:00","dateModified":"2024-08-12T11:35:56+00:00","mainEntityOfPage":{"@id":"https:\/\/kunmedierne.dk\/mors\/svar-til-hans-ejner-om-oerodde\/"},"wordCount":245,"commentCount":0,"publisher":{"@id":"https:\/\/kunmedierne.dk\/mors\/#organization"},"image":{"@id":"https:\/\/kunmedierne.dk\/mors\/svar-til-hans-ejner-om-oerodde\/#primaryimage"},"thumbnailUrl":"https:\/\/kunmedierne.dk\/mors\/wp-content\/uploads\/2021\/05\/jens-dahlgaard.jpg","keywords":["Politik"],"articleSection":["Debat"],"inLanguage":"da-DK","potentialAction":[{"@type":"CommentAction","name":"Comment","target":["https:\/\/kunmedierne.dk\/mors\/svar-til-hans-ejner-om-oerodde\/#respond"]}]},{"@type":"WebPage","@id":"https:\/\/kunmedierne.dk\/mors\/svar-til-hans-ejner-om-oerodde\/","url":"https:\/\/kunmedierne.dk\/mors\/svar-til-hans-ejner-om-oerodde\/","name":"- Svar til Hans Ejner om \u00d8rodde - Mors","isPartOf":{"@id":"https:\/\/kunmedierne.dk\/mors\/#website"},"primaryImageOfPage":{"@id":"https:\/\/kunmedierne.dk\/mors\/svar-til-hans-ejner-om-oerodde\/#primaryimage"},"image":{"@id":"https:\/\/kunmedierne.dk\/mors\/svar-til-hans-ejner-om-oerodde\/#primaryimage"},"thumbnailUrl":"https:\/\/kunmedierne.dk\/mors\/wp-content\/uploads\/2021\/05\/jens-dahlgaard.jpg","datePublished":"2021-11-04T11:30:55+00:00","dateModified":"2024-08-12T11:35:56+00:00","breadcrumb":{"@id":"https:\/\/kunmedierne.dk\/mors\/svar-til-hans-ejner-om-oerodde\/#breadcrumb"},"inLanguage":"da-DK","potentialAction":[{"@type":"ReadAction","target":["https:\/\/kunmedierne.dk\/mors\/svar-til-hans-ejner-om-oerodde\/"]}]},{"@type":"ImageObject","inLanguage":"da-DK","@id":"https:\/\/kunmedierne.dk\/mors\/svar-til-hans-ejner-om-oerodde\/#primaryimage","url":"https:\/\/kunmedierne.dk\/mors\/wp-content\/uploads\/2021\/05\/jens-dahlgaard.jpg","contentUrl":"https:\/\/kunmedierne.dk\/mors\/wp-content\/uploads\/2021\/05\/jens-dahlgaard.jpg","width":770,"height":513,"caption":"Jens Dahlgaard, kandidat for Socialdemokratiet ved Kommunalvalg 2021."},{"@type":"BreadcrumbList","@id":"https:\/\/kunmedierne.dk\/mors\/svar-til-hans-ejner-om-oerodde\/#breadcrumb","itemListElement":[{"@type":"ListItem","position":1,"name":"Hjem","item":"https:\/\/kunmedierne.dk\/mors\/"},{"@type":"ListItem","position":2,"name":"&#8211; Svar til Hans Ejner om \u00d8rodde"}]},{"@type":"WebSite","@id":"https:\/\/kunmedierne.dk\/mors\/#website","url":"https:\/\/kunmedierne.dk\/mors\/","name":"Mors","description":"et netmedie med journalistik om livet p\u00e5 Mors","publisher":{"@id":"https:\/\/kunmedierne.dk\/mors\/#organization"},"potentialAction":[{"@type":"SearchAction","target":{"@type":"EntryPoint","urlTemplate":"https:\/\/kunmedierne.dk\/mors\/?s={search_term_string}"},"query-input":{"@type":"PropertyValueSpecification","valueRequired":true,"valueName":"search_term_string"}}],"inLanguage":"da-DK"},{"@type":"Organization","@id":"https:\/\/kunmedierne.dk\/mors\/#organization","name":"Mors","url":"https:\/\/kunmedierne.dk\/mors\/","logo":{"@type":"ImageObject","inLanguage":"da-DK","@id":"https:\/\/kunmedierne.dk\/mors\/#\/schema\/logo\/image\/","url":"https:\/\/kunmedierne.dk\/mors\/wp-content\/uploads\/2024\/08\/kunmors-logo.svg","contentUrl":"https:\/\/kunmedierne.dk\/mors\/wp-content\/uploads\/2024\/08\/kunmors-logo.svg","caption":"Mors"},"image":{"@id":"https:\/\/kunmedierne.dk\/mors\/#\/schema\/logo\/image\/"}},{"@type":"Person","@id":"https:\/\/kunmedierne.dk\/mors\/#\/schema\/person\/84c1391bce0b43b9bb3a49736bc0ad78","name":"Debat","image":{"@type":"ImageObject","inLanguage":"da-DK","@id":"https:\/\/kunmedierne.dk\/mors\/#\/schema\/person\/image\/","url":"https:\/\/secure.gravatar.com\/avatar\/b0fb2e221d618f7c65162ab0d49c7e8a0b580c871ca03af90e42b47b4150654c?s=96&d=mm&r=g","contentUrl":"https:\/\/secure.gravatar.com\/avatar\/b0fb2e221d618f7c65162ab0d49c7e8a0b580c871ca03af90e42b47b4150654c?s=96&d=mm&r=g","caption":"Debat"},"url":"https:\/\/kunmedierne.dk\/mors\/author\/debat\/"}]}},"_links":{"self":[{"href":"https:\/\/kunmedierne.dk\/mors\/wp-json\/wp\/v2\/posts\/56476","targetHints":{"allow":["GET"]}}],"collection":[{"href":"https:\/\/kunmedierne.dk\/mors\/wp-json\/wp\/v2\/posts"}],"about":[{"href":"https:\/\/kunmedierne.dk\/mors\/wp-json\/wp\/v2\/types\/post"}],"author":[{"embeddable":true,"href":"https:\/\/kunmedierne.dk\/mors\/wp-json\/wp\/v2\/users\/11"}],"replies":[{"embeddable":true,"href":"https:\/\/kunmedierne.dk\/mors\/wp-json\/wp\/v2\/comments?post=56476"}],"version-history":[{"count":1,"href":"https:\/\/kunmedierne.dk\/mors\/wp-json\/wp\/v2\/posts\/56476\/revisions"}],"predecessor-version":[{"id":56477,"href":"https:\/\/kunmedierne.dk\/mors\/wp-json\/wp\/v2\/posts\/56476\/revisions\/56477"}],"wp:featuredmedia":[{"embeddable":true,"href":"https:\/\/kunmedierne.dk\/mors\/wp-json\/wp\/v2\/media\/45628"}],"wp:attachment":[{"href":"https:\/\/kunmedierne.dk\/mors\/wp-json\/wp\/v2\/media?parent=56476"}],"wp:term":[{"taxonomy":"category","embeddable":true,"href":"https:\/\/kunmedierne.dk\/mors\/wp-json\/wp\/v2\/categories?post=56476"},{"taxonomy":"post_tag","embeddable":true,"href":"https:\/\/kunmedierne.dk\/mors\/wp-json\/wp\/v2\/tags?post=56476"}],"curies":[{"name":"wp","href":"https:\/\/api.w.org\/{rel}","templated":true}]}}