{"id":56464,"date":"2021-11-04T08:35:04","date_gmt":"2021-11-04T07:35:04","guid":{"rendered":"https:\/\/kunmedierne.dk\/mors\/?p=56464"},"modified":"2024-08-12T13:35:56","modified_gmt":"2024-08-12T11:35:56","slug":"oerodde-for-hele-mors","status":"publish","type":"post","link":"https:\/\/kunmedierne.dk\/mors\/oerodde-for-hele-mors\/","title":{"rendered":"&#8211; \u00d8rodde for hele Mors"},"content":{"rendered":"<p><em>Debatindl\u00e6g fra Hans Ejner Bertelsen, borgmester i Mors\u00f8 Kommune og kandidat for Venstre ved Kommunalvalg 2021:<\/em><\/p>\n<hr \/>\n<p><strong>MORS<\/strong>: I et l\u00e6serbrev forleden var temaet \u00d8rodde. Det har det v\u00e6ret flere gange i denne valgkamp, og det har faktisk ogs\u00e5 v\u00e6ret det i tidligere budgetforlig. For f\u00e5 \u00e5r siden blev der afsat midler til at udvikle p\u00e5 \u00d8rodde. Det er vi ikke n\u00e5et langt med, men mit forslag skal v\u00e6re, at vi efter valget f\u00e5r nedsat et specialudvalg, der fordomsfrit kan se p\u00e5 mulighederne for det dejlige omr\u00e5de.<\/p>\n<p>I indl\u00e6gget blev det p\u00e5st\u00e5et, at jeg har udtalt noget, der ikke var korrekt. Det vil jeg p\u00e5 det kraftigste im\u00f8deg\u00e5. Helt tilbage i 2010, blev der udarbejdet et kommissorium med en helhedsplan for omr\u00e5det p\u00e5 \u00d8rodde omfattende campingpladsen, boldbanerne, anl\u00e6gget (delvis), vandrerhjemmet og badestranden efter n\u00e6rmere fastlagt afgr\u00e6nsning.<\/p>\n<p><a href=\"https:\/\/www.braendselsforeningen.dk\/\"><img loading=\"lazy\" decoding=\"async\" class=\"alignleft size-full wp-image-46597\" src=\"https:\/\/kunmedierne.dk\/mors\/wp-content\/uploads\/2021\/06\/t06.jpg\" alt=\"\" width=\"1425\" height=\"127\" srcset=\"https:\/\/kunmedierne.dk\/mors\/wp-content\/uploads\/2021\/06\/t06.jpg 1425w, https:\/\/kunmedierne.dk\/mors\/wp-content\/uploads\/2021\/06\/t06-300x27.jpg 300w, https:\/\/kunmedierne.dk\/mors\/wp-content\/uploads\/2021\/06\/t06-1024x91.jpg 1024w, https:\/\/kunmedierne.dk\/mors\/wp-content\/uploads\/2021\/06\/t06-768x68.jpg 768w, https:\/\/kunmedierne.dk\/mors\/wp-content\/uploads\/2021\/06\/t06-600x53.jpg 600w\" sizes=\"auto, (max-width: 1425px) 100vw, 1425px\" \/><\/a>Kigger man i kommissoriets punkt vedr. budget, er der beregnet en udgift for udflytning af baner og en indt\u00e6gt p\u00e5 salg af et antal byggegrunde (den nuv\u00e6rende campingplads). Denne indt\u00e6gt skulle bl.a. v\u00e6re med til at finansiere oprettelsen af Multiparken i den sydlige del af Nyk\u00f8bing. Dette er tilbage i 2010 under en socialdemokratisk borgmester.<\/p>\n<p>Campingpladsen blev udlagt til boligbyggeri i kommuneplanen i 2001 og har v\u00e6ret det siden. S\u00e5 jeg m\u00e5 henholde mig til, at det siden har v\u00e6ret en st\u00e5ende aftale, at der kunne bygges p\u00e5 campingpladsen.<\/p>\n<p>S\u00e5 vil jeg ogs\u00e5 n\u00e6vne, at ved behandlingen af den nuv\u00e6rende kommuneplan, blev forslaget med mulighed for boligbyggeri p\u00e5 campingpladsen godkendt i Udvalget for Teknik og Milj\u00f8 den 16. juni og i \u00d8konomiudvalget den 23. juni i \u00e5r. Begge steder med opbakning fra Socialdemokratiet. P\u00e5 kommunalbestyrelsesm\u00f8det den 29. juni havde Socialdemokratiet \u00e6ndret holdning, men stemte ikke imod kommuneplanen. De undlod blot at stemme.<\/p>\n<p><a href=\"https:\/\/morsoe-begravelsesforretning.dk\/\"><img loading=\"lazy\" decoding=\"async\" class=\"alignleft size-full wp-image-46598\" src=\"https:\/\/kunmedierne.dk\/mors\/wp-content\/uploads\/2021\/06\/t07.jpg\" alt=\"\" width=\"1425\" height=\"127\" srcset=\"https:\/\/kunmedierne.dk\/mors\/wp-content\/uploads\/2021\/06\/t07.jpg 1425w, https:\/\/kunmedierne.dk\/mors\/wp-content\/uploads\/2021\/06\/t07-300x27.jpg 300w, https:\/\/kunmedierne.dk\/mors\/wp-content\/uploads\/2021\/06\/t07-1024x91.jpg 1024w, https:\/\/kunmedierne.dk\/mors\/wp-content\/uploads\/2021\/06\/t07-768x68.jpg 768w, https:\/\/kunmedierne.dk\/mors\/wp-content\/uploads\/2021\/06\/t07-600x53.jpg 600w\" sizes=\"auto, (max-width: 1425px) 100vw, 1425px\" \/><\/a>I Venstre mener vi stadig, at det kunne v\u00e6re en god mulighed at udstykke den nuv\u00e6rende campingplads i attraktive byggegrunde. Og skulle man v\u00e6lge at flytte den nuv\u00e6rende campingplads over p\u00e5 de tidligere boldbaner (det tidligere stadion), vil der stadigv\u00e6k v\u00e6re 85 % af omr\u00e5det, som vil henligge fuldst\u00e6ndig som vi kender det i dag. Og det er vigtigt at f\u00e5 sagt, at for at realisere planerne om at flytte campingpladsen til boldbanerne, vil det ikke kr\u00e6ve, at der f\u00e6ldes s\u00e5 meget som et eneste tr\u00e6 p\u00e5 omr\u00e5det.<\/p>\n<p>Som tidligere n\u00e6vnt skal mit forslag v\u00e6re, at vi neds\u00e6tter et specialudvalg, der kigger p\u00e5 muligheder og begr\u00e6nsninger, fordele og ulemper og projekt\u00f8konomi. Sikrer borgerinddragelse gennem hele forl\u00f8bet og afs\u00e6tter 2 \u00e5r til at n\u00e5 i m\u00e5l.<\/p>\n<p>Det fortjener \u00d8rodde, og det fortjener hele Mors.<\/p>\n<hr \/>\n<p><em>Har du et bidrag til den lokale debat? Send det til os p\u00e5 e-mail: debat@kunmedierne.dk\/mors. Husk at l\u00e6se korrektur inden afsendelse p\u00e5 indl\u00e6gget.<\/em><\/p>\n<p><a href=\"https:\/\/www.sparthy.dk\/\"><img loading=\"lazy\" decoding=\"async\" class=\"alignleft size-full wp-image-46599\" src=\"https:\/\/kunmedierne.dk\/mors\/wp-content\/uploads\/2021\/06\/t08.jpg\" alt=\"\" width=\"1400\" height=\"125\" srcset=\"https:\/\/kunmedierne.dk\/mors\/wp-content\/uploads\/2021\/06\/t08.jpg 1400w, https:\/\/kunmedierne.dk\/mors\/wp-content\/uploads\/2021\/06\/t08-300x27.jpg 300w, https:\/\/kunmedierne.dk\/mors\/wp-content\/uploads\/2021\/06\/t08-1024x91.jpg 1024w, https:\/\/kunmedierne.dk\/mors\/wp-content\/uploads\/2021\/06\/t08-768x69.jpg 768w, https:\/\/kunmedierne.dk\/mors\/wp-content\/uploads\/2021\/06\/t08-600x54.jpg 600w\" sizes=\"auto, (max-width: 1400px) 100vw, 1400px\" \/><\/a><\/p>\n<blockquote>\n<h5>Tilmeld dig vores gratis nyhedsbrev nederst p\u00e5 siden og deltag i lodtr\u00e6kningen om en flaske portvin fra\u00a0<a href=\"https:\/\/prebensvinhandel.dk\/\" target=\"_blank\" rel=\"noopener\">Prebens Vinhandel<\/a>\u00a0til en v\u00e6rdi af 325 kroner. L\u00e6s mere\u00a0<a href=\"https:\/\/kunmedierne.dk\/mors\/vind-laekker-portvin-fra-prebens-vinhandel\/#prettyPhoto\" target=\"_blank\" rel=\"noopener\">her<\/a>.<\/h5>\n<\/blockquote>\n","protected":false},"excerpt":{"rendered":"<p>Debatindl\u00e6g fra Hans Ejner Bertelsen, borgmester i Mors\u00f8 Kommune og kandidat for Venstre ved Kommunalvalg 2021: MORS: I et l\u00e6serbrev forleden var temaet \u00d8rodde. Det har det v\u00e6ret flere gange i denne valgkamp, og det har faktisk ogs\u00e5 v\u00e6ret det i tidligere budgetforlig. For f\u00e5 \u00e5r siden blev der afsat midler til at udvikle p\u00e5 [&hellip;]<\/p>\n","protected":false},"author":11,"featured_media":13995,"comment_status":"open","ping_status":"open","sticky":false,"template":"","format":"standard","meta":{"_acf_changed":false,"footnotes":""},"categories":[56],"tags":[167],"class_list":["post-56464","post","type-post","status-publish","format-standard","has-post-thumbnail","hentry","category-debat","tag-politik"],"acf":[],"yoast_head":"<!-- This site is optimized with the Yoast SEO plugin v26.8 - https:\/\/yoast.com\/product\/yoast-seo-wordpress\/ -->\n<title>- \u00d8rodde for hele Mors - Mors<\/title>\n<meta name=\"robots\" content=\"index, follow, max-snippet:-1, max-image-preview:large, max-video-preview:-1\" \/>\n<link rel=\"canonical\" href=\"https:\/\/kunmedierne.dk\/mors\/oerodde-for-hele-mors\/\" \/>\n<meta property=\"og:locale\" content=\"da_DK\" \/>\n<meta property=\"og:type\" content=\"article\" \/>\n<meta property=\"og:title\" content=\"- \u00d8rodde for hele Mors - Mors\" \/>\n<meta property=\"og:description\" content=\"Debatindl\u00e6g fra Hans Ejner Bertelsen, borgmester i Mors\u00f8 Kommune og kandidat for Venstre ved Kommunalvalg 2021: MORS: I et l\u00e6serbrev forleden var temaet \u00d8rodde. Det har det v\u00e6ret flere gange i denne valgkamp, og det har faktisk ogs\u00e5 v\u00e6ret det i tidligere budgetforlig. For f\u00e5 \u00e5r siden blev der afsat midler til at udvikle p\u00e5 [&hellip;]\" \/>\n<meta property=\"og:url\" content=\"https:\/\/kunmedierne.dk\/mors\/oerodde-for-hele-mors\/\" \/>\n<meta property=\"og:site_name\" content=\"Mors\" \/>\n<meta property=\"article:published_time\" content=\"2021-11-04T07:35:04+00:00\" \/>\n<meta property=\"article:modified_time\" content=\"2024-08-12T11:35:56+00:00\" \/>\n<meta property=\"og:image\" content=\"https:\/\/kunmedierne.dk\/mors\/wp-content\/uploads\/2020\/03\/200101-hans-ejner-bertelsen-V.jpg\" \/>\n\t<meta property=\"og:image:width\" content=\"770\" \/>\n\t<meta property=\"og:image:height\" content=\"513\" \/>\n\t<meta property=\"og:image:type\" content=\"image\/jpeg\" \/>\n<meta name=\"author\" content=\"Debat\" \/>\n<meta name=\"twitter:card\" content=\"summary_large_image\" \/>\n<meta name=\"twitter:label1\" content=\"Skrevet af\" \/>\n\t<meta name=\"twitter:data1\" content=\"Debat\" \/>\n\t<meta name=\"twitter:label2\" content=\"Estimeret l\u00e6setid\" \/>\n\t<meta name=\"twitter:data2\" content=\"3 minutter\" \/>\n<script type=\"application\/ld+json\" class=\"yoast-schema-graph\">{\"@context\":\"https:\/\/schema.org\",\"@graph\":[{\"@type\":\"Article\",\"@id\":\"https:\/\/kunmedierne.dk\/mors\/oerodde-for-hele-mors\/#article\",\"isPartOf\":{\"@id\":\"https:\/\/kunmedierne.dk\/mors\/oerodde-for-hele-mors\/\"},\"author\":{\"name\":\"Debat\",\"@id\":\"https:\/\/kunmedierne.dk\/mors\/#\/schema\/person\/84c1391bce0b43b9bb3a49736bc0ad78\"},\"headline\":\"&#8211; \u00d8rodde for hele Mors\",\"datePublished\":\"2021-11-04T07:35:04+00:00\",\"dateModified\":\"2024-08-12T11:35:56+00:00\",\"mainEntityOfPage\":{\"@id\":\"https:\/\/kunmedierne.dk\/mors\/oerodde-for-hele-mors\/\"},\"wordCount\":519,\"commentCount\":0,\"publisher\":{\"@id\":\"https:\/\/kunmedierne.dk\/mors\/#organization\"},\"image\":{\"@id\":\"https:\/\/kunmedierne.dk\/mors\/oerodde-for-hele-mors\/#primaryimage\"},\"thumbnailUrl\":\"https:\/\/kunmedierne.dk\/mors\/wp-content\/uploads\/2020\/03\/200101-hans-ejner-bertelsen-V.jpg\",\"keywords\":[\"Politik\"],\"articleSection\":[\"Debat\"],\"inLanguage\":\"da-DK\",\"potentialAction\":[{\"@type\":\"CommentAction\",\"name\":\"Comment\",\"target\":[\"https:\/\/kunmedierne.dk\/mors\/oerodde-for-hele-mors\/#respond\"]}]},{\"@type\":\"WebPage\",\"@id\":\"https:\/\/kunmedierne.dk\/mors\/oerodde-for-hele-mors\/\",\"url\":\"https:\/\/kunmedierne.dk\/mors\/oerodde-for-hele-mors\/\",\"name\":\"- \u00d8rodde for hele Mors - Mors\",\"isPartOf\":{\"@id\":\"https:\/\/kunmedierne.dk\/mors\/#website\"},\"primaryImageOfPage\":{\"@id\":\"https:\/\/kunmedierne.dk\/mors\/oerodde-for-hele-mors\/#primaryimage\"},\"image\":{\"@id\":\"https:\/\/kunmedierne.dk\/mors\/oerodde-for-hele-mors\/#primaryimage\"},\"thumbnailUrl\":\"https:\/\/kunmedierne.dk\/mors\/wp-content\/uploads\/2020\/03\/200101-hans-ejner-bertelsen-V.jpg\",\"datePublished\":\"2021-11-04T07:35:04+00:00\",\"dateModified\":\"2024-08-12T11:35:56+00:00\",\"breadcrumb\":{\"@id\":\"https:\/\/kunmedierne.dk\/mors\/oerodde-for-hele-mors\/#breadcrumb\"},\"inLanguage\":\"da-DK\",\"potentialAction\":[{\"@type\":\"ReadAction\",\"target\":[\"https:\/\/kunmedierne.dk\/mors\/oerodde-for-hele-mors\/\"]}]},{\"@type\":\"ImageObject\",\"inLanguage\":\"da-DK\",\"@id\":\"https:\/\/kunmedierne.dk\/mors\/oerodde-for-hele-mors\/#primaryimage\",\"url\":\"https:\/\/kunmedierne.dk\/mors\/wp-content\/uploads\/2020\/03\/200101-hans-ejner-bertelsen-V.jpg\",\"contentUrl\":\"https:\/\/kunmedierne.dk\/mors\/wp-content\/uploads\/2020\/03\/200101-hans-ejner-bertelsen-V.jpg\",\"width\":770,\"height\":513,\"caption\":\"Borgmester Hans Ejner Bertelsen (V). Foto: Per Bech\/Mors\u00f8 Kommune.\"},{\"@type\":\"BreadcrumbList\",\"@id\":\"https:\/\/kunmedierne.dk\/mors\/oerodde-for-hele-mors\/#breadcrumb\",\"itemListElement\":[{\"@type\":\"ListItem\",\"position\":1,\"name\":\"Hjem\",\"item\":\"https:\/\/kunmedierne.dk\/mors\/\"},{\"@type\":\"ListItem\",\"position\":2,\"name\":\"&#8211; \u00d8rodde for hele Mors\"}]},{\"@type\":\"WebSite\",\"@id\":\"https:\/\/kunmedierne.dk\/mors\/#website\",\"url\":\"https:\/\/kunmedierne.dk\/mors\/\",\"name\":\"Mors\",\"description\":\"et netmedie med journalistik om livet p\u00e5 Mors\",\"publisher\":{\"@id\":\"https:\/\/kunmedierne.dk\/mors\/#organization\"},\"potentialAction\":[{\"@type\":\"SearchAction\",\"target\":{\"@type\":\"EntryPoint\",\"urlTemplate\":\"https:\/\/kunmedierne.dk\/mors\/?s={search_term_string}\"},\"query-input\":{\"@type\":\"PropertyValueSpecification\",\"valueRequired\":true,\"valueName\":\"search_term_string\"}}],\"inLanguage\":\"da-DK\"},{\"@type\":\"Organization\",\"@id\":\"https:\/\/kunmedierne.dk\/mors\/#organization\",\"name\":\"Mors\",\"url\":\"https:\/\/kunmedierne.dk\/mors\/\",\"logo\":{\"@type\":\"ImageObject\",\"inLanguage\":\"da-DK\",\"@id\":\"https:\/\/kunmedierne.dk\/mors\/#\/schema\/logo\/image\/\",\"url\":\"https:\/\/kunmedierne.dk\/mors\/wp-content\/uploads\/2024\/08\/kunmors-logo.svg\",\"contentUrl\":\"https:\/\/kunmedierne.dk\/mors\/wp-content\/uploads\/2024\/08\/kunmors-logo.svg\",\"caption\":\"Mors\"},\"image\":{\"@id\":\"https:\/\/kunmedierne.dk\/mors\/#\/schema\/logo\/image\/\"}},{\"@type\":\"Person\",\"@id\":\"https:\/\/kunmedierne.dk\/mors\/#\/schema\/person\/84c1391bce0b43b9bb3a49736bc0ad78\",\"name\":\"Debat\",\"image\":{\"@type\":\"ImageObject\",\"inLanguage\":\"da-DK\",\"@id\":\"https:\/\/kunmedierne.dk\/mors\/#\/schema\/person\/image\/\",\"url\":\"https:\/\/secure.gravatar.com\/avatar\/b0fb2e221d618f7c65162ab0d49c7e8a0b580c871ca03af90e42b47b4150654c?s=96&d=mm&r=g\",\"contentUrl\":\"https:\/\/secure.gravatar.com\/avatar\/b0fb2e221d618f7c65162ab0d49c7e8a0b580c871ca03af90e42b47b4150654c?s=96&d=mm&r=g\",\"caption\":\"Debat\"},\"url\":\"https:\/\/kunmedierne.dk\/mors\/author\/debat\/\"}]}<\/script>\n<!-- \/ Yoast SEO plugin. -->","yoast_head_json":{"title":"- \u00d8rodde for hele Mors - Mors","robots":{"index":"index","follow":"follow","max-snippet":"max-snippet:-1","max-image-preview":"max-image-preview:large","max-video-preview":"max-video-preview:-1"},"canonical":"https:\/\/kunmedierne.dk\/mors\/oerodde-for-hele-mors\/","og_locale":"da_DK","og_type":"article","og_title":"- \u00d8rodde for hele Mors - Mors","og_description":"Debatindl\u00e6g fra Hans Ejner Bertelsen, borgmester i Mors\u00f8 Kommune og kandidat for Venstre ved Kommunalvalg 2021: MORS: I et l\u00e6serbrev forleden var temaet \u00d8rodde. Det har det v\u00e6ret flere gange i denne valgkamp, og det har faktisk ogs\u00e5 v\u00e6ret det i tidligere budgetforlig. For f\u00e5 \u00e5r siden blev der afsat midler til at udvikle p\u00e5 [&hellip;]","og_url":"https:\/\/kunmedierne.dk\/mors\/oerodde-for-hele-mors\/","og_site_name":"Mors","article_published_time":"2021-11-04T07:35:04+00:00","article_modified_time":"2024-08-12T11:35:56+00:00","og_image":[{"width":770,"height":513,"url":"https:\/\/kunmedierne.dk\/mors\/wp-content\/uploads\/2020\/03\/200101-hans-ejner-bertelsen-V.jpg","type":"image\/jpeg"}],"author":"Debat","twitter_card":"summary_large_image","twitter_misc":{"Skrevet af":"Debat","Estimeret l\u00e6setid":"3 minutter"},"schema":{"@context":"https:\/\/schema.org","@graph":[{"@type":"Article","@id":"https:\/\/kunmedierne.dk\/mors\/oerodde-for-hele-mors\/#article","isPartOf":{"@id":"https:\/\/kunmedierne.dk\/mors\/oerodde-for-hele-mors\/"},"author":{"name":"Debat","@id":"https:\/\/kunmedierne.dk\/mors\/#\/schema\/person\/84c1391bce0b43b9bb3a49736bc0ad78"},"headline":"&#8211; \u00d8rodde for hele Mors","datePublished":"2021-11-04T07:35:04+00:00","dateModified":"2024-08-12T11:35:56+00:00","mainEntityOfPage":{"@id":"https:\/\/kunmedierne.dk\/mors\/oerodde-for-hele-mors\/"},"wordCount":519,"commentCount":0,"publisher":{"@id":"https:\/\/kunmedierne.dk\/mors\/#organization"},"image":{"@id":"https:\/\/kunmedierne.dk\/mors\/oerodde-for-hele-mors\/#primaryimage"},"thumbnailUrl":"https:\/\/kunmedierne.dk\/mors\/wp-content\/uploads\/2020\/03\/200101-hans-ejner-bertelsen-V.jpg","keywords":["Politik"],"articleSection":["Debat"],"inLanguage":"da-DK","potentialAction":[{"@type":"CommentAction","name":"Comment","target":["https:\/\/kunmedierne.dk\/mors\/oerodde-for-hele-mors\/#respond"]}]},{"@type":"WebPage","@id":"https:\/\/kunmedierne.dk\/mors\/oerodde-for-hele-mors\/","url":"https:\/\/kunmedierne.dk\/mors\/oerodde-for-hele-mors\/","name":"- \u00d8rodde for hele Mors - Mors","isPartOf":{"@id":"https:\/\/kunmedierne.dk\/mors\/#website"},"primaryImageOfPage":{"@id":"https:\/\/kunmedierne.dk\/mors\/oerodde-for-hele-mors\/#primaryimage"},"image":{"@id":"https:\/\/kunmedierne.dk\/mors\/oerodde-for-hele-mors\/#primaryimage"},"thumbnailUrl":"https:\/\/kunmedierne.dk\/mors\/wp-content\/uploads\/2020\/03\/200101-hans-ejner-bertelsen-V.jpg","datePublished":"2021-11-04T07:35:04+00:00","dateModified":"2024-08-12T11:35:56+00:00","breadcrumb":{"@id":"https:\/\/kunmedierne.dk\/mors\/oerodde-for-hele-mors\/#breadcrumb"},"inLanguage":"da-DK","potentialAction":[{"@type":"ReadAction","target":["https:\/\/kunmedierne.dk\/mors\/oerodde-for-hele-mors\/"]}]},{"@type":"ImageObject","inLanguage":"da-DK","@id":"https:\/\/kunmedierne.dk\/mors\/oerodde-for-hele-mors\/#primaryimage","url":"https:\/\/kunmedierne.dk\/mors\/wp-content\/uploads\/2020\/03\/200101-hans-ejner-bertelsen-V.jpg","contentUrl":"https:\/\/kunmedierne.dk\/mors\/wp-content\/uploads\/2020\/03\/200101-hans-ejner-bertelsen-V.jpg","width":770,"height":513,"caption":"Borgmester Hans Ejner Bertelsen (V). Foto: Per Bech\/Mors\u00f8 Kommune."},{"@type":"BreadcrumbList","@id":"https:\/\/kunmedierne.dk\/mors\/oerodde-for-hele-mors\/#breadcrumb","itemListElement":[{"@type":"ListItem","position":1,"name":"Hjem","item":"https:\/\/kunmedierne.dk\/mors\/"},{"@type":"ListItem","position":2,"name":"&#8211; \u00d8rodde for hele Mors"}]},{"@type":"WebSite","@id":"https:\/\/kunmedierne.dk\/mors\/#website","url":"https:\/\/kunmedierne.dk\/mors\/","name":"Mors","description":"et netmedie med journalistik om livet p\u00e5 Mors","publisher":{"@id":"https:\/\/kunmedierne.dk\/mors\/#organization"},"potentialAction":[{"@type":"SearchAction","target":{"@type":"EntryPoint","urlTemplate":"https:\/\/kunmedierne.dk\/mors\/?s={search_term_string}"},"query-input":{"@type":"PropertyValueSpecification","valueRequired":true,"valueName":"search_term_string"}}],"inLanguage":"da-DK"},{"@type":"Organization","@id":"https:\/\/kunmedierne.dk\/mors\/#organization","name":"Mors","url":"https:\/\/kunmedierne.dk\/mors\/","logo":{"@type":"ImageObject","inLanguage":"da-DK","@id":"https:\/\/kunmedierne.dk\/mors\/#\/schema\/logo\/image\/","url":"https:\/\/kunmedierne.dk\/mors\/wp-content\/uploads\/2024\/08\/kunmors-logo.svg","contentUrl":"https:\/\/kunmedierne.dk\/mors\/wp-content\/uploads\/2024\/08\/kunmors-logo.svg","caption":"Mors"},"image":{"@id":"https:\/\/kunmedierne.dk\/mors\/#\/schema\/logo\/image\/"}},{"@type":"Person","@id":"https:\/\/kunmedierne.dk\/mors\/#\/schema\/person\/84c1391bce0b43b9bb3a49736bc0ad78","name":"Debat","image":{"@type":"ImageObject","inLanguage":"da-DK","@id":"https:\/\/kunmedierne.dk\/mors\/#\/schema\/person\/image\/","url":"https:\/\/secure.gravatar.com\/avatar\/b0fb2e221d618f7c65162ab0d49c7e8a0b580c871ca03af90e42b47b4150654c?s=96&d=mm&r=g","contentUrl":"https:\/\/secure.gravatar.com\/avatar\/b0fb2e221d618f7c65162ab0d49c7e8a0b580c871ca03af90e42b47b4150654c?s=96&d=mm&r=g","caption":"Debat"},"url":"https:\/\/kunmedierne.dk\/mors\/author\/debat\/"}]}},"_links":{"self":[{"href":"https:\/\/kunmedierne.dk\/mors\/wp-json\/wp\/v2\/posts\/56464","targetHints":{"allow":["GET"]}}],"collection":[{"href":"https:\/\/kunmedierne.dk\/mors\/wp-json\/wp\/v2\/posts"}],"about":[{"href":"https:\/\/kunmedierne.dk\/mors\/wp-json\/wp\/v2\/types\/post"}],"author":[{"embeddable":true,"href":"https:\/\/kunmedierne.dk\/mors\/wp-json\/wp\/v2\/users\/11"}],"replies":[{"embeddable":true,"href":"https:\/\/kunmedierne.dk\/mors\/wp-json\/wp\/v2\/comments?post=56464"}],"version-history":[{"count":1,"href":"https:\/\/kunmedierne.dk\/mors\/wp-json\/wp\/v2\/posts\/56464\/revisions"}],"predecessor-version":[{"id":56465,"href":"https:\/\/kunmedierne.dk\/mors\/wp-json\/wp\/v2\/posts\/56464\/revisions\/56465"}],"wp:featuredmedia":[{"embeddable":true,"href":"https:\/\/kunmedierne.dk\/mors\/wp-json\/wp\/v2\/media\/13995"}],"wp:attachment":[{"href":"https:\/\/kunmedierne.dk\/mors\/wp-json\/wp\/v2\/media?parent=56464"}],"wp:term":[{"taxonomy":"category","embeddable":true,"href":"https:\/\/kunmedierne.dk\/mors\/wp-json\/wp\/v2\/categories?post=56464"},{"taxonomy":"post_tag","embeddable":true,"href":"https:\/\/kunmedierne.dk\/mors\/wp-json\/wp\/v2\/tags?post=56464"}],"curies":[{"name":"wp","href":"https:\/\/api.w.org\/{rel}","templated":true}]}}