{"id":56358,"date":"2021-11-03T08:49:30","date_gmt":"2021-11-03T07:49:30","guid":{"rendered":"https:\/\/kunmedierne.dk\/mors\/?p=56358"},"modified":"2024-08-12T13:35:56","modified_gmt":"2024-08-12T11:35:56","slug":"folkeskolen-som-det-attraktive-foerstevalg","status":"publish","type":"post","link":"https:\/\/kunmedierne.dk\/mors\/folkeskolen-som-det-attraktive-foerstevalg\/","title":{"rendered":"&#8211; Folkeskolen som det attraktive f\u00f8rstevalg"},"content":{"rendered":"<p><em>Debatindl\u00e6g fra Karin Villadsen, kandidat for Socialdemokratiet ved Kommunalvalg 2021:<\/em><\/p>\n<hr \/>\n<p><strong>MORS:\u00a0<\/strong>At drive folkeskole er en kommunal opgave, som skal sikre alle b\u00f8rn de bedste foruds\u00e6tninger for<br \/>\nat trives, udvikle sig og l\u00e6re s\u00e5 meget som muligt. Det er en stor og kompleks opgave, som er<br \/>\nsammensat af meget mere en \u201cblot\u201d undervisning, selv om det ogs\u00e5 i sig selv er en mangfoldig<br \/>\nopgave. At tage vare p\u00e5 hvert enkelt barn ud fra dets foruds\u00e6tninger og f\u00e5 det til at vokse og<br \/>\nudvikle sig til et livsdueligt menneske, der kan fungere i et f\u00e6llesskab med andre b\u00f8rn og voksne<br \/>\ner en af de vigtigste og mest betydningsfulde opgaver, vi har i vores f\u00e6lles samfund.<\/p>\n<p>For at kunne lykkes med denne opgave kr\u00e6ver det, at der er n\u00f8dvendig tid, omsorg,<br \/>\nvelkvalificerede l\u00e6rere og gode rammebetingelser til at kunne forholde sig til s\u00e5vel det enkelte barn<br \/>\nsom til samspillet og det f\u00e6llesskab, som b\u00f8rnene er en del af.<\/p>\n<p><a href=\"https:\/\/konpap.dk\/\"><img loading=\"lazy\" decoding=\"async\" class=\"alignleft size-full wp-image-49328\" src=\"https:\/\/kunmedierne.dk\/mors\/wp-content\/uploads\/2021\/07\/t10.jpg\" alt=\"\" width=\"1400\" height=\"125\" srcset=\"https:\/\/kunmedierne.dk\/mors\/wp-content\/uploads\/2021\/07\/t10.jpg 1400w, https:\/\/kunmedierne.dk\/mors\/wp-content\/uploads\/2021\/07\/t10-300x27.jpg 300w, https:\/\/kunmedierne.dk\/mors\/wp-content\/uploads\/2021\/07\/t10-1024x91.jpg 1024w, https:\/\/kunmedierne.dk\/mors\/wp-content\/uploads\/2021\/07\/t10-768x69.jpg 768w, https:\/\/kunmedierne.dk\/mors\/wp-content\/uploads\/2021\/07\/t10-600x54.jpg 600w\" sizes=\"auto, (max-width: 1400px) 100vw, 1400px\" \/><\/a>Folkeskolen er skolen, som alle b\u00f8rn har ret til at v\u00e6re en del af, uanset hvem de er, hvor de bor,<br \/>\nhvad deres for\u00e6ldre arbejder med, hvilken social og \u00f8konomisk status de har eller hvilke boglige<br \/>\nforuds\u00e6tninger eller mangel p\u00e5 samme, man er i besiddelse af.<\/p>\n<p>Folkeskolen har pligt til ogs\u00e5 at hj\u00e6lpe de b\u00f8rn, der har skoleudfordringer, n\u00e6sten uanset hvilken<br \/>\ntype udfordringer, det drejer sig om. Folkeskolen er \u00e5ben for alle \u201ctyper\u201d af b\u00f8rn, ogs\u00e5 dem der for<br \/>\nandre m\u00e5ske kan v\u00e6re sv\u00e6re at \u201crumme\u201d eller f\u00e5 til at \u201cpasse ind\u201d. Folkeskolen har en forpligtelse<br \/>\ntil at arbejde for, at alle b\u00f8rn trives og l\u00e6rer s\u00e5 meget som muligt.<\/p>\n<p>Derfor skal vi arbejde for at prioritere de n\u00f8dvendige rammer for, at det bedst muligt kan lade sig<br \/>\ng\u00f8re, fx. i form af:<\/p>\n<p>F\u00e6rre b\u00f8rn i klassen (gerne max 24).<\/p>\n<p>Flere timer med to-l\u00e6rer mulighed &#8211; s\u00e5 man kan v\u00e6re p\u00e5 forkant og underst\u00f8tte s\u00e5vel faglig l\u00e6ring<br \/>\nsom barnets trivsel. Mulighed for at lave mindre hold.<\/p>\n<p><a href=\"https:\/\/www.sparv.dk\/\"><img loading=\"lazy\" decoding=\"async\" class=\"alignleft size-full wp-image-46602\" src=\"https:\/\/kunmedierne.dk\/mors\/wp-content\/uploads\/2021\/06\/t11.jpg\" alt=\"\" width=\"1400\" height=\"125\" srcset=\"https:\/\/kunmedierne.dk\/mors\/wp-content\/uploads\/2021\/06\/t11.jpg 1400w, https:\/\/kunmedierne.dk\/mors\/wp-content\/uploads\/2021\/06\/t11-300x27.jpg 300w, https:\/\/kunmedierne.dk\/mors\/wp-content\/uploads\/2021\/06\/t11-1024x91.jpg 1024w, https:\/\/kunmedierne.dk\/mors\/wp-content\/uploads\/2021\/06\/t11-768x69.jpg 768w, https:\/\/kunmedierne.dk\/mors\/wp-content\/uploads\/2021\/06\/t11-600x54.jpg 600w\" sizes=\"auto, (max-width: 1400px) 100vw, 1400px\" \/><\/a>Forn\u00f8den tid til forberedelse af undervisningen &#8211; s\u00e5 l\u00e6rerne har tid og mulighed for ogs\u00e5 at t\u00e6nke<br \/>\ndidaktisk p\u00e5 rammerne for undervisningen, herunder organiseringen af b\u00f8rnenes undervisning, s\u00e5<br \/>\nder kan tages h\u00f8jde for alle b\u00f8rns deltagelsesmuligheder, b\u00e5de de fagligt dygtigste og de fagligt<br \/>\n(eller af andre \u00e5rsager) mest udfordrede b\u00f8rn, s\u00e5 de alle har de bedste muligheder for at lykkes.<\/p>\n<p>Sikring af tid til skole-hjem samarbejde omkring det enkelte barn.<\/p>\n<p>Mulighed for tidlig indsats i forhold til de b\u00f8rn, som af forskellige \u00e5rsager ikke l\u00e6rer eller trives godt<br \/>\nno i skolen.<\/p>\n<p>Tidligere hj\u00e6lp fra PPR med kvalificeret sparring og vejledning.<\/p>\n<p>Relevant faglig og didaktisk efteruddannelse og kompetenceudvikling af l\u00e6rerne.<\/p>\n<p><a href=\"https:\/\/thistedkloakservice.dk\/\"><img loading=\"lazy\" decoding=\"async\" class=\"alignleft size-full wp-image-46603\" src=\"https:\/\/kunmedierne.dk\/mors\/wp-content\/uploads\/2021\/06\/t12.jpg\" alt=\"\" width=\"1400\" height=\"125\" srcset=\"https:\/\/kunmedierne.dk\/mors\/wp-content\/uploads\/2021\/06\/t12.jpg 1400w, https:\/\/kunmedierne.dk\/mors\/wp-content\/uploads\/2021\/06\/t12-300x27.jpg 300w, https:\/\/kunmedierne.dk\/mors\/wp-content\/uploads\/2021\/06\/t12-1024x91.jpg 1024w, https:\/\/kunmedierne.dk\/mors\/wp-content\/uploads\/2021\/06\/t12-768x69.jpg 768w, https:\/\/kunmedierne.dk\/mors\/wp-content\/uploads\/2021\/06\/t12-600x54.jpg 600w\" sizes=\"auto, (max-width: 1400px) 100vw, 1400px\" \/><\/a>I\u00a0Danmark bruger hvert barn op igennem deres skoletid ca. 12.500 timer i skolen. Det er rigtig<br \/>\nmange timer i l\u00f8bet af en barndom. Vi skal derfor prioritere at sikre, at \u201carbejdsbetingelserne\u201d for de<br \/>\nb\u00f8rn, som skal trives, udvikle sig og l\u00e6re s\u00e5 meget som muligt er til stede, s\u00e5 folkeskolen fortsat er<br \/>\ndet naturlige, attraktive f\u00f8rstevalg.<\/p>\n<hr \/>\n<p><em>Har du et bidrag til den lokale debat? Send det til os p\u00e5 e-mail: debat@kunmedierne.dk\/mors. Husk at l\u00e6se korrektur inden afsendelse p\u00e5 indl\u00e6gget.<\/em><\/p>\n<blockquote>\n<h5>Tilmeld dig vores nyhedsbrev og deltag i lodtr\u00e6kningen om en flaske portvin fra <a href=\"https:\/\/prebensvinhandel.dk\/\" target=\"_blank\" rel=\"noopener\">Prebens Vinhandel<\/a> til en v\u00e6rdi af 325 kroner. L\u00e6s mere her.<\/h5>\n<\/blockquote>\n","protected":false},"excerpt":{"rendered":"<p>Debatindl\u00e6g fra Karin Villadsen, kandidat for Socialdemokratiet ved Kommunalvalg 2021: MORS:\u00a0At drive folkeskole er en kommunal opgave, som skal sikre alle b\u00f8rn de bedste foruds\u00e6tninger for at trives, udvikle sig og l\u00e6re s\u00e5 meget som muligt. Det er en stor og kompleks opgave, som er sammensat af meget mere en \u201cblot\u201d undervisning, selv om det [&hellip;]<\/p>\n","protected":false},"author":11,"featured_media":43997,"comment_status":"open","ping_status":"open","sticky":false,"template":"","format":"standard","meta":{"_acf_changed":false,"footnotes":""},"categories":[56],"tags":[167,170],"class_list":["post-56358","post","type-post","status-publish","format-standard","has-post-thumbnail","hentry","category-debat","tag-politik","tag-uddannelse"],"acf":[],"yoast_head":"<!-- This site is optimized with the Yoast SEO plugin v26.8 - https:\/\/yoast.com\/product\/yoast-seo-wordpress\/ -->\n<title>- Folkeskolen som det attraktive f\u00f8rstevalg - Mors<\/title>\n<meta name=\"robots\" content=\"index, follow, max-snippet:-1, max-image-preview:large, max-video-preview:-1\" \/>\n<link rel=\"canonical\" href=\"https:\/\/kunmedierne.dk\/mors\/folkeskolen-som-det-attraktive-foerstevalg\/\" \/>\n<meta property=\"og:locale\" content=\"da_DK\" \/>\n<meta property=\"og:type\" content=\"article\" \/>\n<meta property=\"og:title\" content=\"- Folkeskolen som det attraktive f\u00f8rstevalg - Mors\" \/>\n<meta property=\"og:description\" content=\"Debatindl\u00e6g fra Karin Villadsen, kandidat for Socialdemokratiet ved Kommunalvalg 2021: MORS:\u00a0At drive folkeskole er en kommunal opgave, som skal sikre alle b\u00f8rn de bedste foruds\u00e6tninger for at trives, udvikle sig og l\u00e6re s\u00e5 meget som muligt. Det er en stor og kompleks opgave, som er sammensat af meget mere en \u201cblot\u201d undervisning, selv om det [&hellip;]\" \/>\n<meta property=\"og:url\" content=\"https:\/\/kunmedierne.dk\/mors\/folkeskolen-som-det-attraktive-foerstevalg\/\" \/>\n<meta property=\"og:site_name\" content=\"Mors\" \/>\n<meta property=\"article:published_time\" content=\"2021-11-03T07:49:30+00:00\" \/>\n<meta property=\"article:modified_time\" content=\"2024-08-12T11:35:56+00:00\" \/>\n<meta property=\"og:image\" content=\"https:\/\/kunmedierne.dk\/mors\/wp-content\/uploads\/2021\/04\/karin-villadsen.jpg\" \/>\n\t<meta property=\"og:image:width\" content=\"770\" \/>\n\t<meta property=\"og:image:height\" content=\"513\" \/>\n\t<meta property=\"og:image:type\" content=\"image\/jpeg\" \/>\n<meta name=\"author\" content=\"Debat\" \/>\n<meta name=\"twitter:card\" content=\"summary_large_image\" \/>\n<meta name=\"twitter:label1\" content=\"Skrevet af\" \/>\n\t<meta name=\"twitter:data1\" content=\"Debat\" \/>\n\t<meta name=\"twitter:label2\" content=\"Estimeret l\u00e6setid\" \/>\n\t<meta name=\"twitter:data2\" content=\"3 minutter\" \/>\n<script type=\"application\/ld+json\" class=\"yoast-schema-graph\">{\"@context\":\"https:\/\/schema.org\",\"@graph\":[{\"@type\":\"Article\",\"@id\":\"https:\/\/kunmedierne.dk\/mors\/folkeskolen-som-det-attraktive-foerstevalg\/#article\",\"isPartOf\":{\"@id\":\"https:\/\/kunmedierne.dk\/mors\/folkeskolen-som-det-attraktive-foerstevalg\/\"},\"author\":{\"name\":\"Debat\",\"@id\":\"https:\/\/kunmedierne.dk\/mors\/#\/schema\/person\/84c1391bce0b43b9bb3a49736bc0ad78\"},\"headline\":\"&#8211; Folkeskolen som det attraktive f\u00f8rstevalg\",\"datePublished\":\"2021-11-03T07:49:30+00:00\",\"dateModified\":\"2024-08-12T11:35:56+00:00\",\"mainEntityOfPage\":{\"@id\":\"https:\/\/kunmedierne.dk\/mors\/folkeskolen-som-det-attraktive-foerstevalg\/\"},\"wordCount\":597,\"commentCount\":0,\"publisher\":{\"@id\":\"https:\/\/kunmedierne.dk\/mors\/#organization\"},\"image\":{\"@id\":\"https:\/\/kunmedierne.dk\/mors\/folkeskolen-som-det-attraktive-foerstevalg\/#primaryimage\"},\"thumbnailUrl\":\"https:\/\/kunmedierne.dk\/mors\/wp-content\/uploads\/2021\/04\/karin-villadsen.jpg\",\"keywords\":[\"Politik\",\"Skoler og uddannelse\"],\"articleSection\":[\"Debat\"],\"inLanguage\":\"da-DK\",\"potentialAction\":[{\"@type\":\"CommentAction\",\"name\":\"Comment\",\"target\":[\"https:\/\/kunmedierne.dk\/mors\/folkeskolen-som-det-attraktive-foerstevalg\/#respond\"]}]},{\"@type\":\"WebPage\",\"@id\":\"https:\/\/kunmedierne.dk\/mors\/folkeskolen-som-det-attraktive-foerstevalg\/\",\"url\":\"https:\/\/kunmedierne.dk\/mors\/folkeskolen-som-det-attraktive-foerstevalg\/\",\"name\":\"- Folkeskolen som det attraktive f\u00f8rstevalg - Mors\",\"isPartOf\":{\"@id\":\"https:\/\/kunmedierne.dk\/mors\/#website\"},\"primaryImageOfPage\":{\"@id\":\"https:\/\/kunmedierne.dk\/mors\/folkeskolen-som-det-attraktive-foerstevalg\/#primaryimage\"},\"image\":{\"@id\":\"https:\/\/kunmedierne.dk\/mors\/folkeskolen-som-det-attraktive-foerstevalg\/#primaryimage\"},\"thumbnailUrl\":\"https:\/\/kunmedierne.dk\/mors\/wp-content\/uploads\/2021\/04\/karin-villadsen.jpg\",\"datePublished\":\"2021-11-03T07:49:30+00:00\",\"dateModified\":\"2024-08-12T11:35:56+00:00\",\"breadcrumb\":{\"@id\":\"https:\/\/kunmedierne.dk\/mors\/folkeskolen-som-det-attraktive-foerstevalg\/#breadcrumb\"},\"inLanguage\":\"da-DK\",\"potentialAction\":[{\"@type\":\"ReadAction\",\"target\":[\"https:\/\/kunmedierne.dk\/mors\/folkeskolen-som-det-attraktive-foerstevalg\/\"]}]},{\"@type\":\"ImageObject\",\"inLanguage\":\"da-DK\",\"@id\":\"https:\/\/kunmedierne.dk\/mors\/folkeskolen-som-det-attraktive-foerstevalg\/#primaryimage\",\"url\":\"https:\/\/kunmedierne.dk\/mors\/wp-content\/uploads\/2021\/04\/karin-villadsen.jpg\",\"contentUrl\":\"https:\/\/kunmedierne.dk\/mors\/wp-content\/uploads\/2021\/04\/karin-villadsen.jpg\",\"width\":770,\"height\":513,\"caption\":\"Karin Villadsen, kandidat for Socialdemokratiet ved Kommunalvalg 2021. Privatfoto\"},{\"@type\":\"BreadcrumbList\",\"@id\":\"https:\/\/kunmedierne.dk\/mors\/folkeskolen-som-det-attraktive-foerstevalg\/#breadcrumb\",\"itemListElement\":[{\"@type\":\"ListItem\",\"position\":1,\"name\":\"Hjem\",\"item\":\"https:\/\/kunmedierne.dk\/mors\/\"},{\"@type\":\"ListItem\",\"position\":2,\"name\":\"&#8211; Folkeskolen som det attraktive f\u00f8rstevalg\"}]},{\"@type\":\"WebSite\",\"@id\":\"https:\/\/kunmedierne.dk\/mors\/#website\",\"url\":\"https:\/\/kunmedierne.dk\/mors\/\",\"name\":\"Mors\",\"description\":\"et netmedie med journalistik om livet p\u00e5 Mors\",\"publisher\":{\"@id\":\"https:\/\/kunmedierne.dk\/mors\/#organization\"},\"potentialAction\":[{\"@type\":\"SearchAction\",\"target\":{\"@type\":\"EntryPoint\",\"urlTemplate\":\"https:\/\/kunmedierne.dk\/mors\/?s={search_term_string}\"},\"query-input\":{\"@type\":\"PropertyValueSpecification\",\"valueRequired\":true,\"valueName\":\"search_term_string\"}}],\"inLanguage\":\"da-DK\"},{\"@type\":\"Organization\",\"@id\":\"https:\/\/kunmedierne.dk\/mors\/#organization\",\"name\":\"Mors\",\"url\":\"https:\/\/kunmedierne.dk\/mors\/\",\"logo\":{\"@type\":\"ImageObject\",\"inLanguage\":\"da-DK\",\"@id\":\"https:\/\/kunmedierne.dk\/mors\/#\/schema\/logo\/image\/\",\"url\":\"https:\/\/kunmedierne.dk\/mors\/wp-content\/uploads\/2024\/08\/kunmors-logo.svg\",\"contentUrl\":\"https:\/\/kunmedierne.dk\/mors\/wp-content\/uploads\/2024\/08\/kunmors-logo.svg\",\"caption\":\"Mors\"},\"image\":{\"@id\":\"https:\/\/kunmedierne.dk\/mors\/#\/schema\/logo\/image\/\"}},{\"@type\":\"Person\",\"@id\":\"https:\/\/kunmedierne.dk\/mors\/#\/schema\/person\/84c1391bce0b43b9bb3a49736bc0ad78\",\"name\":\"Debat\",\"image\":{\"@type\":\"ImageObject\",\"inLanguage\":\"da-DK\",\"@id\":\"https:\/\/kunmedierne.dk\/mors\/#\/schema\/person\/image\/\",\"url\":\"https:\/\/secure.gravatar.com\/avatar\/b0fb2e221d618f7c65162ab0d49c7e8a0b580c871ca03af90e42b47b4150654c?s=96&d=mm&r=g\",\"contentUrl\":\"https:\/\/secure.gravatar.com\/avatar\/b0fb2e221d618f7c65162ab0d49c7e8a0b580c871ca03af90e42b47b4150654c?s=96&d=mm&r=g\",\"caption\":\"Debat\"},\"url\":\"https:\/\/kunmedierne.dk\/mors\/author\/debat\/\"}]}<\/script>\n<!-- \/ Yoast SEO plugin. -->","yoast_head_json":{"title":"- Folkeskolen som det attraktive f\u00f8rstevalg - Mors","robots":{"index":"index","follow":"follow","max-snippet":"max-snippet:-1","max-image-preview":"max-image-preview:large","max-video-preview":"max-video-preview:-1"},"canonical":"https:\/\/kunmedierne.dk\/mors\/folkeskolen-som-det-attraktive-foerstevalg\/","og_locale":"da_DK","og_type":"article","og_title":"- Folkeskolen som det attraktive f\u00f8rstevalg - Mors","og_description":"Debatindl\u00e6g fra Karin Villadsen, kandidat for Socialdemokratiet ved Kommunalvalg 2021: MORS:\u00a0At drive folkeskole er en kommunal opgave, som skal sikre alle b\u00f8rn de bedste foruds\u00e6tninger for at trives, udvikle sig og l\u00e6re s\u00e5 meget som muligt. Det er en stor og kompleks opgave, som er sammensat af meget mere en \u201cblot\u201d undervisning, selv om det [&hellip;]","og_url":"https:\/\/kunmedierne.dk\/mors\/folkeskolen-som-det-attraktive-foerstevalg\/","og_site_name":"Mors","article_published_time":"2021-11-03T07:49:30+00:00","article_modified_time":"2024-08-12T11:35:56+00:00","og_image":[{"width":770,"height":513,"url":"https:\/\/kunmedierne.dk\/mors\/wp-content\/uploads\/2021\/04\/karin-villadsen.jpg","type":"image\/jpeg"}],"author":"Debat","twitter_card":"summary_large_image","twitter_misc":{"Skrevet af":"Debat","Estimeret l\u00e6setid":"3 minutter"},"schema":{"@context":"https:\/\/schema.org","@graph":[{"@type":"Article","@id":"https:\/\/kunmedierne.dk\/mors\/folkeskolen-som-det-attraktive-foerstevalg\/#article","isPartOf":{"@id":"https:\/\/kunmedierne.dk\/mors\/folkeskolen-som-det-attraktive-foerstevalg\/"},"author":{"name":"Debat","@id":"https:\/\/kunmedierne.dk\/mors\/#\/schema\/person\/84c1391bce0b43b9bb3a49736bc0ad78"},"headline":"&#8211; Folkeskolen som det attraktive f\u00f8rstevalg","datePublished":"2021-11-03T07:49:30+00:00","dateModified":"2024-08-12T11:35:56+00:00","mainEntityOfPage":{"@id":"https:\/\/kunmedierne.dk\/mors\/folkeskolen-som-det-attraktive-foerstevalg\/"},"wordCount":597,"commentCount":0,"publisher":{"@id":"https:\/\/kunmedierne.dk\/mors\/#organization"},"image":{"@id":"https:\/\/kunmedierne.dk\/mors\/folkeskolen-som-det-attraktive-foerstevalg\/#primaryimage"},"thumbnailUrl":"https:\/\/kunmedierne.dk\/mors\/wp-content\/uploads\/2021\/04\/karin-villadsen.jpg","keywords":["Politik","Skoler og uddannelse"],"articleSection":["Debat"],"inLanguage":"da-DK","potentialAction":[{"@type":"CommentAction","name":"Comment","target":["https:\/\/kunmedierne.dk\/mors\/folkeskolen-som-det-attraktive-foerstevalg\/#respond"]}]},{"@type":"WebPage","@id":"https:\/\/kunmedierne.dk\/mors\/folkeskolen-som-det-attraktive-foerstevalg\/","url":"https:\/\/kunmedierne.dk\/mors\/folkeskolen-som-det-attraktive-foerstevalg\/","name":"- Folkeskolen som det attraktive f\u00f8rstevalg - Mors","isPartOf":{"@id":"https:\/\/kunmedierne.dk\/mors\/#website"},"primaryImageOfPage":{"@id":"https:\/\/kunmedierne.dk\/mors\/folkeskolen-som-det-attraktive-foerstevalg\/#primaryimage"},"image":{"@id":"https:\/\/kunmedierne.dk\/mors\/folkeskolen-som-det-attraktive-foerstevalg\/#primaryimage"},"thumbnailUrl":"https:\/\/kunmedierne.dk\/mors\/wp-content\/uploads\/2021\/04\/karin-villadsen.jpg","datePublished":"2021-11-03T07:49:30+00:00","dateModified":"2024-08-12T11:35:56+00:00","breadcrumb":{"@id":"https:\/\/kunmedierne.dk\/mors\/folkeskolen-som-det-attraktive-foerstevalg\/#breadcrumb"},"inLanguage":"da-DK","potentialAction":[{"@type":"ReadAction","target":["https:\/\/kunmedierne.dk\/mors\/folkeskolen-som-det-attraktive-foerstevalg\/"]}]},{"@type":"ImageObject","inLanguage":"da-DK","@id":"https:\/\/kunmedierne.dk\/mors\/folkeskolen-som-det-attraktive-foerstevalg\/#primaryimage","url":"https:\/\/kunmedierne.dk\/mors\/wp-content\/uploads\/2021\/04\/karin-villadsen.jpg","contentUrl":"https:\/\/kunmedierne.dk\/mors\/wp-content\/uploads\/2021\/04\/karin-villadsen.jpg","width":770,"height":513,"caption":"Karin Villadsen, kandidat for Socialdemokratiet ved Kommunalvalg 2021. Privatfoto"},{"@type":"BreadcrumbList","@id":"https:\/\/kunmedierne.dk\/mors\/folkeskolen-som-det-attraktive-foerstevalg\/#breadcrumb","itemListElement":[{"@type":"ListItem","position":1,"name":"Hjem","item":"https:\/\/kunmedierne.dk\/mors\/"},{"@type":"ListItem","position":2,"name":"&#8211; Folkeskolen som det attraktive f\u00f8rstevalg"}]},{"@type":"WebSite","@id":"https:\/\/kunmedierne.dk\/mors\/#website","url":"https:\/\/kunmedierne.dk\/mors\/","name":"Mors","description":"et netmedie med journalistik om livet p\u00e5 Mors","publisher":{"@id":"https:\/\/kunmedierne.dk\/mors\/#organization"},"potentialAction":[{"@type":"SearchAction","target":{"@type":"EntryPoint","urlTemplate":"https:\/\/kunmedierne.dk\/mors\/?s={search_term_string}"},"query-input":{"@type":"PropertyValueSpecification","valueRequired":true,"valueName":"search_term_string"}}],"inLanguage":"da-DK"},{"@type":"Organization","@id":"https:\/\/kunmedierne.dk\/mors\/#organization","name":"Mors","url":"https:\/\/kunmedierne.dk\/mors\/","logo":{"@type":"ImageObject","inLanguage":"da-DK","@id":"https:\/\/kunmedierne.dk\/mors\/#\/schema\/logo\/image\/","url":"https:\/\/kunmedierne.dk\/mors\/wp-content\/uploads\/2024\/08\/kunmors-logo.svg","contentUrl":"https:\/\/kunmedierne.dk\/mors\/wp-content\/uploads\/2024\/08\/kunmors-logo.svg","caption":"Mors"},"image":{"@id":"https:\/\/kunmedierne.dk\/mors\/#\/schema\/logo\/image\/"}},{"@type":"Person","@id":"https:\/\/kunmedierne.dk\/mors\/#\/schema\/person\/84c1391bce0b43b9bb3a49736bc0ad78","name":"Debat","image":{"@type":"ImageObject","inLanguage":"da-DK","@id":"https:\/\/kunmedierne.dk\/mors\/#\/schema\/person\/image\/","url":"https:\/\/secure.gravatar.com\/avatar\/b0fb2e221d618f7c65162ab0d49c7e8a0b580c871ca03af90e42b47b4150654c?s=96&d=mm&r=g","contentUrl":"https:\/\/secure.gravatar.com\/avatar\/b0fb2e221d618f7c65162ab0d49c7e8a0b580c871ca03af90e42b47b4150654c?s=96&d=mm&r=g","caption":"Debat"},"url":"https:\/\/kunmedierne.dk\/mors\/author\/debat\/"}]}},"_links":{"self":[{"href":"https:\/\/kunmedierne.dk\/mors\/wp-json\/wp\/v2\/posts\/56358","targetHints":{"allow":["GET"]}}],"collection":[{"href":"https:\/\/kunmedierne.dk\/mors\/wp-json\/wp\/v2\/posts"}],"about":[{"href":"https:\/\/kunmedierne.dk\/mors\/wp-json\/wp\/v2\/types\/post"}],"author":[{"embeddable":true,"href":"https:\/\/kunmedierne.dk\/mors\/wp-json\/wp\/v2\/users\/11"}],"replies":[{"embeddable":true,"href":"https:\/\/kunmedierne.dk\/mors\/wp-json\/wp\/v2\/comments?post=56358"}],"version-history":[{"count":1,"href":"https:\/\/kunmedierne.dk\/mors\/wp-json\/wp\/v2\/posts\/56358\/revisions"}],"predecessor-version":[{"id":56359,"href":"https:\/\/kunmedierne.dk\/mors\/wp-json\/wp\/v2\/posts\/56358\/revisions\/56359"}],"wp:featuredmedia":[{"embeddable":true,"href":"https:\/\/kunmedierne.dk\/mors\/wp-json\/wp\/v2\/media\/43997"}],"wp:attachment":[{"href":"https:\/\/kunmedierne.dk\/mors\/wp-json\/wp\/v2\/media?parent=56358"}],"wp:term":[{"taxonomy":"category","embeddable":true,"href":"https:\/\/kunmedierne.dk\/mors\/wp-json\/wp\/v2\/categories?post=56358"},{"taxonomy":"post_tag","embeddable":true,"href":"https:\/\/kunmedierne.dk\/mors\/wp-json\/wp\/v2\/tags?post=56358"}],"curies":[{"name":"wp","href":"https:\/\/api.w.org\/{rel}","templated":true}]}}