{"id":56289,"date":"2021-11-02T09:02:55","date_gmt":"2021-11-02T08:02:55","guid":{"rendered":"https:\/\/kunmedierne.dk\/mors\/?p=56289"},"modified":"2024-08-12T13:35:56","modified_gmt":"2024-08-12T11:35:56","slug":"plakater-er-fortsat-haervaerksmaal","status":"publish","type":"post","link":"https:\/\/kunmedierne.dk\/mors\/plakater-er-fortsat-haervaerksmaal\/","title":{"rendered":"Plakater er fortsat h\u00e6rv\u00e6rksm\u00e5l"},"content":{"rendered":"<p class=\"v1western\"><strong>MORS<\/strong>: Politiet har nu f\u00e5et anmeldelse om h\u00e6rv\u00e6rk p\u00e5 mindst ni plakater, som alle g\u00e6lder den radikale kandidat til kommunalbestyrelsen, Jette Jepsen.<\/p>\n<p class=\"v1western\">Som <a href=\"https:\/\/kunmedierne.dk\/mors\/politiker-aergerlig-over-plakathaervaerk\/\" target=\"_blank\" rel=\"noopener\">tidligere omtalt<\/a> p\u00e5 KunMors fik hun \u00f8delagt fire plakater, som var mejet ned af en bil p\u00e5 Limfjordsvej, men nu er der fem mere, som har f\u00e5et malet store sorte krydser hen over hendes ansigt.<\/p>\n<p class=\"v1western\">De stod p\u00e5 N\u00e6ssundvej og det hele er nu blevet anmeldt som h\u00e6rv\u00e6rk til Thisted Politi:<\/p>\n<p class=\"v1western\">\u201dDet skal vi se n\u00e6rmere p\u00e5,\u201d siger politikommiss\u00e6r J\u00f8rgen Jensen.<\/p>\n<h5><img loading=\"lazy\" decoding=\"async\" class=\"alignleft size-full wp-image-46600\" src=\"https:\/\/kunmedierne.dk\/mors\/wp-content\/uploads\/2021\/06\/t09.jpg\" alt=\"\" width=\"1400\" height=\"125\" srcset=\"https:\/\/kunmedierne.dk\/mors\/wp-content\/uploads\/2021\/06\/t09.jpg 1400w, https:\/\/kunmedierne.dk\/mors\/wp-content\/uploads\/2021\/06\/t09-300x27.jpg 300w, https:\/\/kunmedierne.dk\/mors\/wp-content\/uploads\/2021\/06\/t09-1024x91.jpg 1024w, https:\/\/kunmedierne.dk\/mors\/wp-content\/uploads\/2021\/06\/t09-768x69.jpg 768w, https:\/\/kunmedierne.dk\/mors\/wp-content\/uploads\/2021\/06\/t09-600x54.jpg 600w\" sizes=\"auto, (max-width: 1400px) 100vw, 1400px\" \/><\/h5>\n<p>&nbsp;<\/p>\n<blockquote>\n<h5>Tilmeld dig vores nyhedsbrev og deltag i lodtr\u00e6kningen om en flaske portvin fra <a href=\"https:\/\/prebensvinhandel.dk\/\" target=\"_blank\" rel=\"noopener\">Prebens Vinhandel<\/a>\u00a0til en v\u00e6rdi af 325 kroner. L\u00e6s mere\u00a0<a href=\"https:\/\/kunmedierne.dk\/mors\/vind-laekker-portvin-fra-prebens-vinhandel\/#prettyPhoto\" target=\"_blank\" rel=\"noopener\">her<\/a>.<\/h5>\n<\/blockquote>\n","protected":false},"excerpt":{"rendered":"<p>MORS: Politiet har nu f\u00e5et anmeldelse om h\u00e6rv\u00e6rk p\u00e5 mindst ni plakater, som alle g\u00e6lder den radikale kandidat til kommunalbestyrelsen, Jette Jepsen. Som tidligere omtalt p\u00e5 KunMors fik hun \u00f8delagt fire plakater, som var mejet ned af en bil p\u00e5 Limfjordsvej, men nu er der fem mere, som har f\u00e5et malet store sorte krydser hen [&hellip;]<\/p>\n","protected":false},"author":176,"featured_media":55829,"comment_status":"open","ping_status":"open","sticky":false,"template":"","format":"standard","meta":{"_acf_changed":false,"footnotes":""},"categories":[54],"tags":[167],"class_list":["post-56289","post","type-post","status-publish","format-standard","has-post-thumbnail","hentry","category-54","tag-politik"],"acf":[],"yoast_head":"<!-- This site is optimized with the Yoast SEO plugin v26.8 - https:\/\/yoast.com\/product\/yoast-seo-wordpress\/ -->\n<title>Plakater er fortsat h\u00e6rv\u00e6rksm\u00e5l - Mors<\/title>\n<meta name=\"robots\" content=\"index, follow, max-snippet:-1, max-image-preview:large, max-video-preview:-1\" \/>\n<link rel=\"canonical\" href=\"https:\/\/kunmedierne.dk\/mors\/plakater-er-fortsat-haervaerksmaal\/\" \/>\n<meta property=\"og:locale\" content=\"da_DK\" \/>\n<meta property=\"og:type\" content=\"article\" \/>\n<meta property=\"og:title\" content=\"Plakater er fortsat h\u00e6rv\u00e6rksm\u00e5l - Mors\" \/>\n<meta property=\"og:description\" content=\"MORS: Politiet har nu f\u00e5et anmeldelse om h\u00e6rv\u00e6rk p\u00e5 mindst ni plakater, som alle g\u00e6lder den radikale kandidat til kommunalbestyrelsen, Jette Jepsen. Som tidligere omtalt p\u00e5 KunMors fik hun \u00f8delagt fire plakater, som var mejet ned af en bil p\u00e5 Limfjordsvej, men nu er der fem mere, som har f\u00e5et malet store sorte krydser hen [&hellip;]\" \/>\n<meta property=\"og:url\" content=\"https:\/\/kunmedierne.dk\/mors\/plakater-er-fortsat-haervaerksmaal\/\" \/>\n<meta property=\"og:site_name\" content=\"Mors\" \/>\n<meta property=\"article:published_time\" content=\"2021-11-02T08:02:55+00:00\" \/>\n<meta property=\"article:modified_time\" content=\"2024-08-12T11:35:56+00:00\" \/>\n<meta property=\"og:image\" content=\"https:\/\/kunmedierne.dk\/mors\/wp-content\/uploads\/2021\/10\/valgplakater.jpg\" \/>\n\t<meta property=\"og:image:width\" content=\"770\" \/>\n\t<meta property=\"og:image:height\" content=\"513\" \/>\n\t<meta property=\"og:image:type\" content=\"image\/jpeg\" \/>\n<meta name=\"author\" content=\"Niels Hansen\" \/>\n<meta name=\"twitter:card\" content=\"summary_large_image\" \/>\n<meta name=\"twitter:label1\" content=\"Skrevet af\" \/>\n\t<meta name=\"twitter:data1\" content=\"Niels Hansen\" \/>\n\t<meta name=\"twitter:label2\" content=\"Estimeret l\u00e6setid\" \/>\n\t<meta name=\"twitter:data2\" content=\"1 minut\" \/>\n<script type=\"application\/ld+json\" class=\"yoast-schema-graph\">{\"@context\":\"https:\/\/schema.org\",\"@graph\":[{\"@type\":\"Article\",\"@id\":\"https:\/\/kunmedierne.dk\/mors\/plakater-er-fortsat-haervaerksmaal\/#article\",\"isPartOf\":{\"@id\":\"https:\/\/kunmedierne.dk\/mors\/plakater-er-fortsat-haervaerksmaal\/\"},\"author\":{\"name\":\"Niels Hansen\",\"@id\":\"https:\/\/kunmedierne.dk\/mors\/#\/schema\/person\/09cc14cd371d523a3528ea9c4fda5254\"},\"headline\":\"Plakater er fortsat h\u00e6rv\u00e6rksm\u00e5l\",\"datePublished\":\"2021-11-02T08:02:55+00:00\",\"dateModified\":\"2024-08-12T11:35:56+00:00\",\"mainEntityOfPage\":{\"@id\":\"https:\/\/kunmedierne.dk\/mors\/plakater-er-fortsat-haervaerksmaal\/\"},\"wordCount\":129,\"commentCount\":0,\"publisher\":{\"@id\":\"https:\/\/kunmedierne.dk\/mors\/#organization\"},\"image\":{\"@id\":\"https:\/\/kunmedierne.dk\/mors\/plakater-er-fortsat-haervaerksmaal\/#primaryimage\"},\"thumbnailUrl\":\"https:\/\/kunmedierne.dk\/mors\/wp-content\/uploads\/2021\/10\/valgplakater.jpg\",\"keywords\":[\"Politik\"],\"articleSection\":[\"112\"],\"inLanguage\":\"da-DK\",\"potentialAction\":[{\"@type\":\"CommentAction\",\"name\":\"Comment\",\"target\":[\"https:\/\/kunmedierne.dk\/mors\/plakater-er-fortsat-haervaerksmaal\/#respond\"]}]},{\"@type\":\"WebPage\",\"@id\":\"https:\/\/kunmedierne.dk\/mors\/plakater-er-fortsat-haervaerksmaal\/\",\"url\":\"https:\/\/kunmedierne.dk\/mors\/plakater-er-fortsat-haervaerksmaal\/\",\"name\":\"Plakater er fortsat h\u00e6rv\u00e6rksm\u00e5l - Mors\",\"isPartOf\":{\"@id\":\"https:\/\/kunmedierne.dk\/mors\/#website\"},\"primaryImageOfPage\":{\"@id\":\"https:\/\/kunmedierne.dk\/mors\/plakater-er-fortsat-haervaerksmaal\/#primaryimage\"},\"image\":{\"@id\":\"https:\/\/kunmedierne.dk\/mors\/plakater-er-fortsat-haervaerksmaal\/#primaryimage\"},\"thumbnailUrl\":\"https:\/\/kunmedierne.dk\/mors\/wp-content\/uploads\/2021\/10\/valgplakater.jpg\",\"datePublished\":\"2021-11-02T08:02:55+00:00\",\"dateModified\":\"2024-08-12T11:35:56+00:00\",\"breadcrumb\":{\"@id\":\"https:\/\/kunmedierne.dk\/mors\/plakater-er-fortsat-haervaerksmaal\/#breadcrumb\"},\"inLanguage\":\"da-DK\",\"potentialAction\":[{\"@type\":\"ReadAction\",\"target\":[\"https:\/\/kunmedierne.dk\/mors\/plakater-er-fortsat-haervaerksmaal\/\"]}]},{\"@type\":\"ImageObject\",\"inLanguage\":\"da-DK\",\"@id\":\"https:\/\/kunmedierne.dk\/mors\/plakater-er-fortsat-haervaerksmaal\/#primaryimage\",\"url\":\"https:\/\/kunmedierne.dk\/mors\/wp-content\/uploads\/2021\/10\/valgplakater.jpg\",\"contentUrl\":\"https:\/\/kunmedierne.dk\/mors\/wp-content\/uploads\/2021\/10\/valgplakater.jpg\",\"width\":770,\"height\":513,\"caption\":\"Jette Jepsens valgplakater f\u00f8r og efter h\u00e6rv\u00e6rket. Privatfoto\"},{\"@type\":\"BreadcrumbList\",\"@id\":\"https:\/\/kunmedierne.dk\/mors\/plakater-er-fortsat-haervaerksmaal\/#breadcrumb\",\"itemListElement\":[{\"@type\":\"ListItem\",\"position\":1,\"name\":\"Hjem\",\"item\":\"https:\/\/kunmedierne.dk\/mors\/\"},{\"@type\":\"ListItem\",\"position\":2,\"name\":\"Plakater er fortsat h\u00e6rv\u00e6rksm\u00e5l\"}]},{\"@type\":\"WebSite\",\"@id\":\"https:\/\/kunmedierne.dk\/mors\/#website\",\"url\":\"https:\/\/kunmedierne.dk\/mors\/\",\"name\":\"Mors\",\"description\":\"et netmedie med journalistik om livet p\u00e5 Mors\",\"publisher\":{\"@id\":\"https:\/\/kunmedierne.dk\/mors\/#organization\"},\"potentialAction\":[{\"@type\":\"SearchAction\",\"target\":{\"@type\":\"EntryPoint\",\"urlTemplate\":\"https:\/\/kunmedierne.dk\/mors\/?s={search_term_string}\"},\"query-input\":{\"@type\":\"PropertyValueSpecification\",\"valueRequired\":true,\"valueName\":\"search_term_string\"}}],\"inLanguage\":\"da-DK\"},{\"@type\":\"Organization\",\"@id\":\"https:\/\/kunmedierne.dk\/mors\/#organization\",\"name\":\"Mors\",\"url\":\"https:\/\/kunmedierne.dk\/mors\/\",\"logo\":{\"@type\":\"ImageObject\",\"inLanguage\":\"da-DK\",\"@id\":\"https:\/\/kunmedierne.dk\/mors\/#\/schema\/logo\/image\/\",\"url\":\"https:\/\/kunmedierne.dk\/mors\/wp-content\/uploads\/2024\/08\/kunmors-logo.svg\",\"contentUrl\":\"https:\/\/kunmedierne.dk\/mors\/wp-content\/uploads\/2024\/08\/kunmors-logo.svg\",\"caption\":\"Mors\"},\"image\":{\"@id\":\"https:\/\/kunmedierne.dk\/mors\/#\/schema\/logo\/image\/\"}},{\"@type\":\"Person\",\"@id\":\"https:\/\/kunmedierne.dk\/mors\/#\/schema\/person\/09cc14cd371d523a3528ea9c4fda5254\",\"name\":\"Niels Hansen\",\"image\":{\"@type\":\"ImageObject\",\"inLanguage\":\"da-DK\",\"@id\":\"https:\/\/kunmedierne.dk\/mors\/#\/schema\/person\/image\/\",\"url\":\"https:\/\/secure.gravatar.com\/avatar\/568e84d860856800f9f57c56a1d8280df5422f50943b8f79fd25417a3720af53?s=96&d=mm&r=g\",\"contentUrl\":\"https:\/\/secure.gravatar.com\/avatar\/568e84d860856800f9f57c56a1d8280df5422f50943b8f79fd25417a3720af53?s=96&d=mm&r=g\",\"caption\":\"Niels Hansen\"},\"url\":\"https:\/\/kunmedierne.dk\/mors\/author\/niels-hansen\/\"}]}<\/script>\n<!-- \/ Yoast SEO plugin. -->","yoast_head_json":{"title":"Plakater er fortsat h\u00e6rv\u00e6rksm\u00e5l - Mors","robots":{"index":"index","follow":"follow","max-snippet":"max-snippet:-1","max-image-preview":"max-image-preview:large","max-video-preview":"max-video-preview:-1"},"canonical":"https:\/\/kunmedierne.dk\/mors\/plakater-er-fortsat-haervaerksmaal\/","og_locale":"da_DK","og_type":"article","og_title":"Plakater er fortsat h\u00e6rv\u00e6rksm\u00e5l - Mors","og_description":"MORS: Politiet har nu f\u00e5et anmeldelse om h\u00e6rv\u00e6rk p\u00e5 mindst ni plakater, som alle g\u00e6lder den radikale kandidat til kommunalbestyrelsen, Jette Jepsen. Som tidligere omtalt p\u00e5 KunMors fik hun \u00f8delagt fire plakater, som var mejet ned af en bil p\u00e5 Limfjordsvej, men nu er der fem mere, som har f\u00e5et malet store sorte krydser hen [&hellip;]","og_url":"https:\/\/kunmedierne.dk\/mors\/plakater-er-fortsat-haervaerksmaal\/","og_site_name":"Mors","article_published_time":"2021-11-02T08:02:55+00:00","article_modified_time":"2024-08-12T11:35:56+00:00","og_image":[{"width":770,"height":513,"url":"https:\/\/kunmedierne.dk\/mors\/wp-content\/uploads\/2021\/10\/valgplakater.jpg","type":"image\/jpeg"}],"author":"Niels Hansen","twitter_card":"summary_large_image","twitter_misc":{"Skrevet af":"Niels Hansen","Estimeret l\u00e6setid":"1 minut"},"schema":{"@context":"https:\/\/schema.org","@graph":[{"@type":"Article","@id":"https:\/\/kunmedierne.dk\/mors\/plakater-er-fortsat-haervaerksmaal\/#article","isPartOf":{"@id":"https:\/\/kunmedierne.dk\/mors\/plakater-er-fortsat-haervaerksmaal\/"},"author":{"name":"Niels Hansen","@id":"https:\/\/kunmedierne.dk\/mors\/#\/schema\/person\/09cc14cd371d523a3528ea9c4fda5254"},"headline":"Plakater er fortsat h\u00e6rv\u00e6rksm\u00e5l","datePublished":"2021-11-02T08:02:55+00:00","dateModified":"2024-08-12T11:35:56+00:00","mainEntityOfPage":{"@id":"https:\/\/kunmedierne.dk\/mors\/plakater-er-fortsat-haervaerksmaal\/"},"wordCount":129,"commentCount":0,"publisher":{"@id":"https:\/\/kunmedierne.dk\/mors\/#organization"},"image":{"@id":"https:\/\/kunmedierne.dk\/mors\/plakater-er-fortsat-haervaerksmaal\/#primaryimage"},"thumbnailUrl":"https:\/\/kunmedierne.dk\/mors\/wp-content\/uploads\/2021\/10\/valgplakater.jpg","keywords":["Politik"],"articleSection":["112"],"inLanguage":"da-DK","potentialAction":[{"@type":"CommentAction","name":"Comment","target":["https:\/\/kunmedierne.dk\/mors\/plakater-er-fortsat-haervaerksmaal\/#respond"]}]},{"@type":"WebPage","@id":"https:\/\/kunmedierne.dk\/mors\/plakater-er-fortsat-haervaerksmaal\/","url":"https:\/\/kunmedierne.dk\/mors\/plakater-er-fortsat-haervaerksmaal\/","name":"Plakater er fortsat h\u00e6rv\u00e6rksm\u00e5l - Mors","isPartOf":{"@id":"https:\/\/kunmedierne.dk\/mors\/#website"},"primaryImageOfPage":{"@id":"https:\/\/kunmedierne.dk\/mors\/plakater-er-fortsat-haervaerksmaal\/#primaryimage"},"image":{"@id":"https:\/\/kunmedierne.dk\/mors\/plakater-er-fortsat-haervaerksmaal\/#primaryimage"},"thumbnailUrl":"https:\/\/kunmedierne.dk\/mors\/wp-content\/uploads\/2021\/10\/valgplakater.jpg","datePublished":"2021-11-02T08:02:55+00:00","dateModified":"2024-08-12T11:35:56+00:00","breadcrumb":{"@id":"https:\/\/kunmedierne.dk\/mors\/plakater-er-fortsat-haervaerksmaal\/#breadcrumb"},"inLanguage":"da-DK","potentialAction":[{"@type":"ReadAction","target":["https:\/\/kunmedierne.dk\/mors\/plakater-er-fortsat-haervaerksmaal\/"]}]},{"@type":"ImageObject","inLanguage":"da-DK","@id":"https:\/\/kunmedierne.dk\/mors\/plakater-er-fortsat-haervaerksmaal\/#primaryimage","url":"https:\/\/kunmedierne.dk\/mors\/wp-content\/uploads\/2021\/10\/valgplakater.jpg","contentUrl":"https:\/\/kunmedierne.dk\/mors\/wp-content\/uploads\/2021\/10\/valgplakater.jpg","width":770,"height":513,"caption":"Jette Jepsens valgplakater f\u00f8r og efter h\u00e6rv\u00e6rket. Privatfoto"},{"@type":"BreadcrumbList","@id":"https:\/\/kunmedierne.dk\/mors\/plakater-er-fortsat-haervaerksmaal\/#breadcrumb","itemListElement":[{"@type":"ListItem","position":1,"name":"Hjem","item":"https:\/\/kunmedierne.dk\/mors\/"},{"@type":"ListItem","position":2,"name":"Plakater er fortsat h\u00e6rv\u00e6rksm\u00e5l"}]},{"@type":"WebSite","@id":"https:\/\/kunmedierne.dk\/mors\/#website","url":"https:\/\/kunmedierne.dk\/mors\/","name":"Mors","description":"et netmedie med journalistik om livet p\u00e5 Mors","publisher":{"@id":"https:\/\/kunmedierne.dk\/mors\/#organization"},"potentialAction":[{"@type":"SearchAction","target":{"@type":"EntryPoint","urlTemplate":"https:\/\/kunmedierne.dk\/mors\/?s={search_term_string}"},"query-input":{"@type":"PropertyValueSpecification","valueRequired":true,"valueName":"search_term_string"}}],"inLanguage":"da-DK"},{"@type":"Organization","@id":"https:\/\/kunmedierne.dk\/mors\/#organization","name":"Mors","url":"https:\/\/kunmedierne.dk\/mors\/","logo":{"@type":"ImageObject","inLanguage":"da-DK","@id":"https:\/\/kunmedierne.dk\/mors\/#\/schema\/logo\/image\/","url":"https:\/\/kunmedierne.dk\/mors\/wp-content\/uploads\/2024\/08\/kunmors-logo.svg","contentUrl":"https:\/\/kunmedierne.dk\/mors\/wp-content\/uploads\/2024\/08\/kunmors-logo.svg","caption":"Mors"},"image":{"@id":"https:\/\/kunmedierne.dk\/mors\/#\/schema\/logo\/image\/"}},{"@type":"Person","@id":"https:\/\/kunmedierne.dk\/mors\/#\/schema\/person\/09cc14cd371d523a3528ea9c4fda5254","name":"Niels Hansen","image":{"@type":"ImageObject","inLanguage":"da-DK","@id":"https:\/\/kunmedierne.dk\/mors\/#\/schema\/person\/image\/","url":"https:\/\/secure.gravatar.com\/avatar\/568e84d860856800f9f57c56a1d8280df5422f50943b8f79fd25417a3720af53?s=96&d=mm&r=g","contentUrl":"https:\/\/secure.gravatar.com\/avatar\/568e84d860856800f9f57c56a1d8280df5422f50943b8f79fd25417a3720af53?s=96&d=mm&r=g","caption":"Niels Hansen"},"url":"https:\/\/kunmedierne.dk\/mors\/author\/niels-hansen\/"}]}},"_links":{"self":[{"href":"https:\/\/kunmedierne.dk\/mors\/wp-json\/wp\/v2\/posts\/56289","targetHints":{"allow":["GET"]}}],"collection":[{"href":"https:\/\/kunmedierne.dk\/mors\/wp-json\/wp\/v2\/posts"}],"about":[{"href":"https:\/\/kunmedierne.dk\/mors\/wp-json\/wp\/v2\/types\/post"}],"author":[{"embeddable":true,"href":"https:\/\/kunmedierne.dk\/mors\/wp-json\/wp\/v2\/users\/176"}],"replies":[{"embeddable":true,"href":"https:\/\/kunmedierne.dk\/mors\/wp-json\/wp\/v2\/comments?post=56289"}],"version-history":[{"count":1,"href":"https:\/\/kunmedierne.dk\/mors\/wp-json\/wp\/v2\/posts\/56289\/revisions"}],"predecessor-version":[{"id":56290,"href":"https:\/\/kunmedierne.dk\/mors\/wp-json\/wp\/v2\/posts\/56289\/revisions\/56290"}],"wp:featuredmedia":[{"embeddable":true,"href":"https:\/\/kunmedierne.dk\/mors\/wp-json\/wp\/v2\/media\/55829"}],"wp:attachment":[{"href":"https:\/\/kunmedierne.dk\/mors\/wp-json\/wp\/v2\/media?parent=56289"}],"wp:term":[{"taxonomy":"category","embeddable":true,"href":"https:\/\/kunmedierne.dk\/mors\/wp-json\/wp\/v2\/categories?post=56289"},{"taxonomy":"post_tag","embeddable":true,"href":"https:\/\/kunmedierne.dk\/mors\/wp-json\/wp\/v2\/tags?post=56289"}],"curies":[{"name":"wp","href":"https:\/\/api.w.org\/{rel}","templated":true}]}}