{"id":56287,"date":"2021-11-02T07:55:33","date_gmt":"2021-11-02T06:55:33","guid":{"rendered":"https:\/\/kunmedierne.dk\/mors\/?p=56287"},"modified":"2024-08-12T13:35:56","modified_gmt":"2024-08-12T11:35:56","slug":"akutbiler-naar-man-bruger-pengene-to-gange","status":"publish","type":"post","link":"https:\/\/kunmedierne.dk\/mors\/akutbiler-naar-man-bruger-pengene-to-gange\/","title":{"rendered":"&#8211; Akutbiler n\u00e5r man bruger pengene to gange"},"content":{"rendered":"<p><em>Debatindl\u00e6g fra Peter Therkildsen, kandidat til regionsr\u00e5det og kommunalbestyrelsen for Venstre:<\/em><\/p>\n<hr \/>\n<p><strong>MORS<\/strong>:\u00a0Til den igangv\u00e6rende debat om akutbiler og beredskabet med ambulancer, s\u00e5 er det pludselig blevet legal at bruge pengene 2 gange. M\u00e5ske fordi der er valgkamp.<\/p>\n<p>Den 26. Januar godkendte et flertal udenom Venstre, at ambulancetjenesten skulle hjemtages i den st\u00f8rste del af Regionen og at PreMed, et nyt selskab p\u00e5 markedet, skulle varetage Mors, Thy samt Himmerland omr\u00e5det.<\/p>\n<p>Dette sandsynliggjort \u00a0i kontrolberegningerne, til en \u00e5rlig besparelse p\u00e5 7 millioner kr.<\/p>\n<p><a href=\"https:\/\/www.braendselsforeningen.dk\/\"><img loading=\"lazy\" decoding=\"async\" class=\"alignleft size-full wp-image-46597\" src=\"https:\/\/kunmedierne.dk\/mors\/wp-content\/uploads\/2021\/06\/t06.jpg\" alt=\"\" width=\"1425\" height=\"127\" srcset=\"https:\/\/kunmedierne.dk\/mors\/wp-content\/uploads\/2021\/06\/t06.jpg 1425w, https:\/\/kunmedierne.dk\/mors\/wp-content\/uploads\/2021\/06\/t06-300x27.jpg 300w, https:\/\/kunmedierne.dk\/mors\/wp-content\/uploads\/2021\/06\/t06-1024x91.jpg 1024w, https:\/\/kunmedierne.dk\/mors\/wp-content\/uploads\/2021\/06\/t06-768x68.jpg 768w, https:\/\/kunmedierne.dk\/mors\/wp-content\/uploads\/2021\/06\/t06-600x53.jpg 600w\" sizes=\"auto, (max-width: 1425px) 100vw, 1425px\" \/><\/a>I Venstre var vi usikre p\u00e5 om besparelsen ville holde, og vi stemte for at Falck fortsat skulle betjente s\u00e5 meget af regionen, som udbudsreglerne gav os mulighed for.<\/p>\n<p>Derfor m\u00e5tte vi ogs\u00e5 handle p\u00e5 den baggrund. Nu viser det sig if\u00f8lge Falck redderne og deres fagforening, at besparelsen tilsyneladende kun kommer, hvis vi fra Regionens side, tilbyder redderne en l\u00f8n der er mindst 30.000 kr. mindre, end den de opn\u00e5ede ved ans\u00e6ttelse i Falck.<\/p>\n<p>I Regionsr\u00e5det f\u00e5r vi sn\u00f8rklede og sv\u00e6vende svar, n\u00e5r vi sp\u00f8rger ind til det. Derfor vil jeg forsigtig frygte, at besparelsen kan v\u00e6re spist op af en h\u00f8jere l\u00f8n, end den kontrolberegningen i januar m\u00e5ned kalkulerede med.<\/p>\n<p><a href=\"https:\/\/morsoe-begravelsesforretning.dk\/\"><img loading=\"lazy\" decoding=\"async\" class=\"alignleft size-full wp-image-46598\" src=\"https:\/\/kunmedierne.dk\/mors\/wp-content\/uploads\/2021\/06\/t07.jpg\" alt=\"\" width=\"1425\" height=\"127\" srcset=\"https:\/\/kunmedierne.dk\/mors\/wp-content\/uploads\/2021\/06\/t07.jpg 1425w, https:\/\/kunmedierne.dk\/mors\/wp-content\/uploads\/2021\/06\/t07-300x27.jpg 300w, https:\/\/kunmedierne.dk\/mors\/wp-content\/uploads\/2021\/06\/t07-1024x91.jpg 1024w, https:\/\/kunmedierne.dk\/mors\/wp-content\/uploads\/2021\/06\/t07-768x68.jpg 768w, https:\/\/kunmedierne.dk\/mors\/wp-content\/uploads\/2021\/06\/t07-600x53.jpg 600w\" sizes=\"auto, (max-width: 1425px) 100vw, 1425px\" \/><\/a>I forbindelse med budgetforhandlingerne,\u00a0 var der ikke gr\u00e6nser for hvad den \u201cfiktive\u201d besparelse kunne bruges til. Venstre gik til forhandlingerne med en forsigtig holdning om, at vi skulle styrke beredskabet der hvor udfordringerne var st\u00f8rst. Samtidig var der forsalg om at vi kunne inds\u00e6tte en akutbil mere i Thy, hvilket der ikke var penge til i nogle af scenarierne. Alts\u00e5 ikke en akutbil p\u00e5 Mors, men\u00a0 et et flydende beredskab med base i Thy.<\/p>\n<p>Regionen har etableret en meget meget kostbart l\u00e6ged\u00e6kket akutbil i Thisted, hvilket alt andet lige ogs\u00e5 tilgodeser trygheden i Thy Mors omr\u00e5det.<\/p>\n<p>I Venstre ser vi med stor alvor p\u00e5 hvor vi f\u00e5r mest sundhed og tryghed for pengene. Vi ved at private akt\u00f8rer anstrenger sig til det yderste, for at l\u00f8se den opgave som tildeles. Men n\u00e5r det er sagt, s\u00e5 tror vi ogs\u00e5 at regionen, med konkurrence fra private akt\u00f8rer, kan l\u00f8se opgaven meget tilfredsstillende.<\/p>\n<p>Venstre vil sikre den bedste tryghed, andre\u00a0 gik til forhandling med krav om at en eventuel besparelse skulle i Regionens kasse.<\/p>\n<p><a href=\"https:\/\/www.sparthy.dk\/\"><img loading=\"lazy\" decoding=\"async\" class=\"alignleft size-full wp-image-46599\" src=\"https:\/\/kunmedierne.dk\/mors\/wp-content\/uploads\/2021\/06\/t08.jpg\" alt=\"\" width=\"1400\" height=\"125\" srcset=\"https:\/\/kunmedierne.dk\/mors\/wp-content\/uploads\/2021\/06\/t08.jpg 1400w, https:\/\/kunmedierne.dk\/mors\/wp-content\/uploads\/2021\/06\/t08-300x27.jpg 300w, https:\/\/kunmedierne.dk\/mors\/wp-content\/uploads\/2021\/06\/t08-1024x91.jpg 1024w, https:\/\/kunmedierne.dk\/mors\/wp-content\/uploads\/2021\/06\/t08-768x69.jpg 768w, https:\/\/kunmedierne.dk\/mors\/wp-content\/uploads\/2021\/06\/t08-600x54.jpg 600w\" sizes=\"auto, (max-width: 1400px) 100vw, 1400px\" \/><\/a>Jeg vil arbejde for, at vi i samarbejde med Region Midtjylland etablerer ambulance eller beredskaber som kan d\u00e6kke ind over regionsgr\u00e6nserne, s\u00e6rlig her i Mors Salling omr\u00e5det. Det vil styrke beredskabet over regionsgr\u00e6nsen.<\/p>\n<p>Men det kr\u00e6ver lige vi f\u00e5r den nye beredskab model k\u00f8rt ind, og\u00a0 f\u00e5r erfaringerne. Alt skal som udgangspunkt v\u00e6re lidt bedre end det vi har i dag, efter 1. April 2022.<\/p>\n<p>Indtil videre har vi helikopteren i Skive, og der er flere k\u00f8ret\u00f8jer i den samlede indsats. Der blive f\u00f8rt minuti\u00f8s kontrol med beredskabet, det vil der ogs\u00e5 blive fremover hvis jeg f\u00e5r lov til at forts\u00e6tte i Regionsr\u00e5det.<\/p>\n<hr \/>\n<p><em>Har du et bidrag til den lokale debat? Send det til os p\u00e5 e-mail: debat@kunmedierne.dk\/mors. Husk at l\u00e6se korrektur inden afsendelse p\u00e5 indl\u00e6gget.<\/em><\/p>\n<blockquote>\n<h5>Tilmeld dig vores nyhedsbrev og deltag i lodtr\u00e6kningen om en flaske portvin fra Prebens Vinhandel til en v\u00e6rdi af 325 kroner. L\u00e6s mere\u00a0<a href=\"https:\/\/kunmedierne.dk\/mors\/vind-laekker-portvin-fra-prebens-vinhandel\/#prettyPhoto\" target=\"_blank\" rel=\"noopener\">her<\/a>.<\/h5>\n<\/blockquote>\n<p>&nbsp;<\/p>\n","protected":false},"excerpt":{"rendered":"<p>Debatindl\u00e6g fra Peter Therkildsen, kandidat til regionsr\u00e5det og kommunalbestyrelsen for Venstre: MORS:\u00a0Til den igangv\u00e6rende debat om akutbiler og beredskabet med ambulancer, s\u00e5 er det pludselig blevet legal at bruge pengene 2 gange. M\u00e5ske fordi der er valgkamp. Den 26. Januar godkendte et flertal udenom Venstre, at ambulancetjenesten skulle hjemtages i den st\u00f8rste del af Regionen [&hellip;]<\/p>\n","protected":false},"author":11,"featured_media":31549,"comment_status":"open","ping_status":"open","sticky":false,"template":"","format":"standard","meta":{"_acf_changed":false,"footnotes":""},"categories":[56],"tags":[167],"class_list":["post-56287","post","type-post","status-publish","format-standard","has-post-thumbnail","hentry","category-debat","tag-politik"],"acf":[],"yoast_head":"<!-- This site is optimized with the Yoast SEO plugin v26.8 - https:\/\/yoast.com\/product\/yoast-seo-wordpress\/ -->\n<title>- Akutbiler n\u00e5r man bruger pengene to gange - Mors<\/title>\n<meta name=\"robots\" content=\"index, follow, max-snippet:-1, max-image-preview:large, max-video-preview:-1\" \/>\n<link rel=\"canonical\" href=\"https:\/\/kunmedierne.dk\/mors\/akutbiler-naar-man-bruger-pengene-to-gange\/\" \/>\n<meta property=\"og:locale\" content=\"da_DK\" \/>\n<meta property=\"og:type\" content=\"article\" \/>\n<meta property=\"og:title\" content=\"- Akutbiler n\u00e5r man bruger pengene to gange - Mors\" \/>\n<meta property=\"og:description\" content=\"Debatindl\u00e6g fra Peter Therkildsen, kandidat til regionsr\u00e5det og kommunalbestyrelsen for Venstre: MORS:\u00a0Til den igangv\u00e6rende debat om akutbiler og beredskabet med ambulancer, s\u00e5 er det pludselig blevet legal at bruge pengene 2 gange. M\u00e5ske fordi der er valgkamp. Den 26. Januar godkendte et flertal udenom Venstre, at ambulancetjenesten skulle hjemtages i den st\u00f8rste del af Regionen [&hellip;]\" \/>\n<meta property=\"og:url\" content=\"https:\/\/kunmedierne.dk\/mors\/akutbiler-naar-man-bruger-pengene-to-gange\/\" \/>\n<meta property=\"og:site_name\" content=\"Mors\" \/>\n<meta property=\"article:published_time\" content=\"2021-11-02T06:55:33+00:00\" \/>\n<meta property=\"article:modified_time\" content=\"2024-08-12T11:35:56+00:00\" \/>\n<meta property=\"og:image\" content=\"https:\/\/kunmedierne.dk\/mors\/wp-content\/uploads\/2020\/09\/0-debat-peter-therkildsen-v.jpg\" \/>\n\t<meta property=\"og:image:width\" content=\"770\" \/>\n\t<meta property=\"og:image:height\" content=\"513\" \/>\n\t<meta property=\"og:image:type\" content=\"image\/jpeg\" \/>\n<meta name=\"author\" content=\"Debat\" \/>\n<meta name=\"twitter:card\" content=\"summary_large_image\" \/>\n<meta name=\"twitter:label1\" content=\"Skrevet af\" \/>\n\t<meta name=\"twitter:data1\" content=\"Debat\" \/>\n\t<meta name=\"twitter:label2\" content=\"Estimeret l\u00e6setid\" \/>\n\t<meta name=\"twitter:data2\" content=\"3 minutter\" \/>\n<script type=\"application\/ld+json\" class=\"yoast-schema-graph\">{\"@context\":\"https:\/\/schema.org\",\"@graph\":[{\"@type\":\"Article\",\"@id\":\"https:\/\/kunmedierne.dk\/mors\/akutbiler-naar-man-bruger-pengene-to-gange\/#article\",\"isPartOf\":{\"@id\":\"https:\/\/kunmedierne.dk\/mors\/akutbiler-naar-man-bruger-pengene-to-gange\/\"},\"author\":{\"name\":\"Debat\",\"@id\":\"https:\/\/kunmedierne.dk\/mors\/#\/schema\/person\/84c1391bce0b43b9bb3a49736bc0ad78\"},\"headline\":\"&#8211; Akutbiler n\u00e5r man bruger pengene to gange\",\"datePublished\":\"2021-11-02T06:55:33+00:00\",\"dateModified\":\"2024-08-12T11:35:56+00:00\",\"mainEntityOfPage\":{\"@id\":\"https:\/\/kunmedierne.dk\/mors\/akutbiler-naar-man-bruger-pengene-to-gange\/\"},\"wordCount\":577,\"commentCount\":0,\"publisher\":{\"@id\":\"https:\/\/kunmedierne.dk\/mors\/#organization\"},\"image\":{\"@id\":\"https:\/\/kunmedierne.dk\/mors\/akutbiler-naar-man-bruger-pengene-to-gange\/#primaryimage\"},\"thumbnailUrl\":\"https:\/\/kunmedierne.dk\/mors\/wp-content\/uploads\/2020\/09\/0-debat-peter-therkildsen-v.jpg\",\"keywords\":[\"Politik\"],\"articleSection\":[\"Debat\"],\"inLanguage\":\"da-DK\",\"potentialAction\":[{\"@type\":\"CommentAction\",\"name\":\"Comment\",\"target\":[\"https:\/\/kunmedierne.dk\/mors\/akutbiler-naar-man-bruger-pengene-to-gange\/#respond\"]}]},{\"@type\":\"WebPage\",\"@id\":\"https:\/\/kunmedierne.dk\/mors\/akutbiler-naar-man-bruger-pengene-to-gange\/\",\"url\":\"https:\/\/kunmedierne.dk\/mors\/akutbiler-naar-man-bruger-pengene-to-gange\/\",\"name\":\"- Akutbiler n\u00e5r man bruger pengene to gange - Mors\",\"isPartOf\":{\"@id\":\"https:\/\/kunmedierne.dk\/mors\/#website\"},\"primaryImageOfPage\":{\"@id\":\"https:\/\/kunmedierne.dk\/mors\/akutbiler-naar-man-bruger-pengene-to-gange\/#primaryimage\"},\"image\":{\"@id\":\"https:\/\/kunmedierne.dk\/mors\/akutbiler-naar-man-bruger-pengene-to-gange\/#primaryimage\"},\"thumbnailUrl\":\"https:\/\/kunmedierne.dk\/mors\/wp-content\/uploads\/2020\/09\/0-debat-peter-therkildsen-v.jpg\",\"datePublished\":\"2021-11-02T06:55:33+00:00\",\"dateModified\":\"2024-08-12T11:35:56+00:00\",\"breadcrumb\":{\"@id\":\"https:\/\/kunmedierne.dk\/mors\/akutbiler-naar-man-bruger-pengene-to-gange\/#breadcrumb\"},\"inLanguage\":\"da-DK\",\"potentialAction\":[{\"@type\":\"ReadAction\",\"target\":[\"https:\/\/kunmedierne.dk\/mors\/akutbiler-naar-man-bruger-pengene-to-gange\/\"]}]},{\"@type\":\"ImageObject\",\"inLanguage\":\"da-DK\",\"@id\":\"https:\/\/kunmedierne.dk\/mors\/akutbiler-naar-man-bruger-pengene-to-gange\/#primaryimage\",\"url\":\"https:\/\/kunmedierne.dk\/mors\/wp-content\/uploads\/2020\/09\/0-debat-peter-therkildsen-v.jpg\",\"contentUrl\":\"https:\/\/kunmedierne.dk\/mors\/wp-content\/uploads\/2020\/09\/0-debat-peter-therkildsen-v.jpg\",\"width\":770,\"height\":513},{\"@type\":\"BreadcrumbList\",\"@id\":\"https:\/\/kunmedierne.dk\/mors\/akutbiler-naar-man-bruger-pengene-to-gange\/#breadcrumb\",\"itemListElement\":[{\"@type\":\"ListItem\",\"position\":1,\"name\":\"Hjem\",\"item\":\"https:\/\/kunmedierne.dk\/mors\/\"},{\"@type\":\"ListItem\",\"position\":2,\"name\":\"&#8211; Akutbiler n\u00e5r man bruger pengene to gange\"}]},{\"@type\":\"WebSite\",\"@id\":\"https:\/\/kunmedierne.dk\/mors\/#website\",\"url\":\"https:\/\/kunmedierne.dk\/mors\/\",\"name\":\"Mors\",\"description\":\"et netmedie med journalistik om livet p\u00e5 Mors\",\"publisher\":{\"@id\":\"https:\/\/kunmedierne.dk\/mors\/#organization\"},\"potentialAction\":[{\"@type\":\"SearchAction\",\"target\":{\"@type\":\"EntryPoint\",\"urlTemplate\":\"https:\/\/kunmedierne.dk\/mors\/?s={search_term_string}\"},\"query-input\":{\"@type\":\"PropertyValueSpecification\",\"valueRequired\":true,\"valueName\":\"search_term_string\"}}],\"inLanguage\":\"da-DK\"},{\"@type\":\"Organization\",\"@id\":\"https:\/\/kunmedierne.dk\/mors\/#organization\",\"name\":\"Mors\",\"url\":\"https:\/\/kunmedierne.dk\/mors\/\",\"logo\":{\"@type\":\"ImageObject\",\"inLanguage\":\"da-DK\",\"@id\":\"https:\/\/kunmedierne.dk\/mors\/#\/schema\/logo\/image\/\",\"url\":\"https:\/\/kunmedierne.dk\/mors\/wp-content\/uploads\/2024\/08\/kunmors-logo.svg\",\"contentUrl\":\"https:\/\/kunmedierne.dk\/mors\/wp-content\/uploads\/2024\/08\/kunmors-logo.svg\",\"caption\":\"Mors\"},\"image\":{\"@id\":\"https:\/\/kunmedierne.dk\/mors\/#\/schema\/logo\/image\/\"}},{\"@type\":\"Person\",\"@id\":\"https:\/\/kunmedierne.dk\/mors\/#\/schema\/person\/84c1391bce0b43b9bb3a49736bc0ad78\",\"name\":\"Debat\",\"image\":{\"@type\":\"ImageObject\",\"inLanguage\":\"da-DK\",\"@id\":\"https:\/\/kunmedierne.dk\/mors\/#\/schema\/person\/image\/\",\"url\":\"https:\/\/secure.gravatar.com\/avatar\/b0fb2e221d618f7c65162ab0d49c7e8a0b580c871ca03af90e42b47b4150654c?s=96&d=mm&r=g\",\"contentUrl\":\"https:\/\/secure.gravatar.com\/avatar\/b0fb2e221d618f7c65162ab0d49c7e8a0b580c871ca03af90e42b47b4150654c?s=96&d=mm&r=g\",\"caption\":\"Debat\"},\"url\":\"https:\/\/kunmedierne.dk\/mors\/author\/debat\/\"}]}<\/script>\n<!-- \/ Yoast SEO plugin. -->","yoast_head_json":{"title":"- Akutbiler n\u00e5r man bruger pengene to gange - Mors","robots":{"index":"index","follow":"follow","max-snippet":"max-snippet:-1","max-image-preview":"max-image-preview:large","max-video-preview":"max-video-preview:-1"},"canonical":"https:\/\/kunmedierne.dk\/mors\/akutbiler-naar-man-bruger-pengene-to-gange\/","og_locale":"da_DK","og_type":"article","og_title":"- Akutbiler n\u00e5r man bruger pengene to gange - Mors","og_description":"Debatindl\u00e6g fra Peter Therkildsen, kandidat til regionsr\u00e5det og kommunalbestyrelsen for Venstre: MORS:\u00a0Til den igangv\u00e6rende debat om akutbiler og beredskabet med ambulancer, s\u00e5 er det pludselig blevet legal at bruge pengene 2 gange. M\u00e5ske fordi der er valgkamp. Den 26. Januar godkendte et flertal udenom Venstre, at ambulancetjenesten skulle hjemtages i den st\u00f8rste del af Regionen [&hellip;]","og_url":"https:\/\/kunmedierne.dk\/mors\/akutbiler-naar-man-bruger-pengene-to-gange\/","og_site_name":"Mors","article_published_time":"2021-11-02T06:55:33+00:00","article_modified_time":"2024-08-12T11:35:56+00:00","og_image":[{"width":770,"height":513,"url":"https:\/\/kunmedierne.dk\/mors\/wp-content\/uploads\/2020\/09\/0-debat-peter-therkildsen-v.jpg","type":"image\/jpeg"}],"author":"Debat","twitter_card":"summary_large_image","twitter_misc":{"Skrevet af":"Debat","Estimeret l\u00e6setid":"3 minutter"},"schema":{"@context":"https:\/\/schema.org","@graph":[{"@type":"Article","@id":"https:\/\/kunmedierne.dk\/mors\/akutbiler-naar-man-bruger-pengene-to-gange\/#article","isPartOf":{"@id":"https:\/\/kunmedierne.dk\/mors\/akutbiler-naar-man-bruger-pengene-to-gange\/"},"author":{"name":"Debat","@id":"https:\/\/kunmedierne.dk\/mors\/#\/schema\/person\/84c1391bce0b43b9bb3a49736bc0ad78"},"headline":"&#8211; Akutbiler n\u00e5r man bruger pengene to gange","datePublished":"2021-11-02T06:55:33+00:00","dateModified":"2024-08-12T11:35:56+00:00","mainEntityOfPage":{"@id":"https:\/\/kunmedierne.dk\/mors\/akutbiler-naar-man-bruger-pengene-to-gange\/"},"wordCount":577,"commentCount":0,"publisher":{"@id":"https:\/\/kunmedierne.dk\/mors\/#organization"},"image":{"@id":"https:\/\/kunmedierne.dk\/mors\/akutbiler-naar-man-bruger-pengene-to-gange\/#primaryimage"},"thumbnailUrl":"https:\/\/kunmedierne.dk\/mors\/wp-content\/uploads\/2020\/09\/0-debat-peter-therkildsen-v.jpg","keywords":["Politik"],"articleSection":["Debat"],"inLanguage":"da-DK","potentialAction":[{"@type":"CommentAction","name":"Comment","target":["https:\/\/kunmedierne.dk\/mors\/akutbiler-naar-man-bruger-pengene-to-gange\/#respond"]}]},{"@type":"WebPage","@id":"https:\/\/kunmedierne.dk\/mors\/akutbiler-naar-man-bruger-pengene-to-gange\/","url":"https:\/\/kunmedierne.dk\/mors\/akutbiler-naar-man-bruger-pengene-to-gange\/","name":"- Akutbiler n\u00e5r man bruger pengene to gange - Mors","isPartOf":{"@id":"https:\/\/kunmedierne.dk\/mors\/#website"},"primaryImageOfPage":{"@id":"https:\/\/kunmedierne.dk\/mors\/akutbiler-naar-man-bruger-pengene-to-gange\/#primaryimage"},"image":{"@id":"https:\/\/kunmedierne.dk\/mors\/akutbiler-naar-man-bruger-pengene-to-gange\/#primaryimage"},"thumbnailUrl":"https:\/\/kunmedierne.dk\/mors\/wp-content\/uploads\/2020\/09\/0-debat-peter-therkildsen-v.jpg","datePublished":"2021-11-02T06:55:33+00:00","dateModified":"2024-08-12T11:35:56+00:00","breadcrumb":{"@id":"https:\/\/kunmedierne.dk\/mors\/akutbiler-naar-man-bruger-pengene-to-gange\/#breadcrumb"},"inLanguage":"da-DK","potentialAction":[{"@type":"ReadAction","target":["https:\/\/kunmedierne.dk\/mors\/akutbiler-naar-man-bruger-pengene-to-gange\/"]}]},{"@type":"ImageObject","inLanguage":"da-DK","@id":"https:\/\/kunmedierne.dk\/mors\/akutbiler-naar-man-bruger-pengene-to-gange\/#primaryimage","url":"https:\/\/kunmedierne.dk\/mors\/wp-content\/uploads\/2020\/09\/0-debat-peter-therkildsen-v.jpg","contentUrl":"https:\/\/kunmedierne.dk\/mors\/wp-content\/uploads\/2020\/09\/0-debat-peter-therkildsen-v.jpg","width":770,"height":513},{"@type":"BreadcrumbList","@id":"https:\/\/kunmedierne.dk\/mors\/akutbiler-naar-man-bruger-pengene-to-gange\/#breadcrumb","itemListElement":[{"@type":"ListItem","position":1,"name":"Hjem","item":"https:\/\/kunmedierne.dk\/mors\/"},{"@type":"ListItem","position":2,"name":"&#8211; Akutbiler n\u00e5r man bruger pengene to gange"}]},{"@type":"WebSite","@id":"https:\/\/kunmedierne.dk\/mors\/#website","url":"https:\/\/kunmedierne.dk\/mors\/","name":"Mors","description":"et netmedie med journalistik om livet p\u00e5 Mors","publisher":{"@id":"https:\/\/kunmedierne.dk\/mors\/#organization"},"potentialAction":[{"@type":"SearchAction","target":{"@type":"EntryPoint","urlTemplate":"https:\/\/kunmedierne.dk\/mors\/?s={search_term_string}"},"query-input":{"@type":"PropertyValueSpecification","valueRequired":true,"valueName":"search_term_string"}}],"inLanguage":"da-DK"},{"@type":"Organization","@id":"https:\/\/kunmedierne.dk\/mors\/#organization","name":"Mors","url":"https:\/\/kunmedierne.dk\/mors\/","logo":{"@type":"ImageObject","inLanguage":"da-DK","@id":"https:\/\/kunmedierne.dk\/mors\/#\/schema\/logo\/image\/","url":"https:\/\/kunmedierne.dk\/mors\/wp-content\/uploads\/2024\/08\/kunmors-logo.svg","contentUrl":"https:\/\/kunmedierne.dk\/mors\/wp-content\/uploads\/2024\/08\/kunmors-logo.svg","caption":"Mors"},"image":{"@id":"https:\/\/kunmedierne.dk\/mors\/#\/schema\/logo\/image\/"}},{"@type":"Person","@id":"https:\/\/kunmedierne.dk\/mors\/#\/schema\/person\/84c1391bce0b43b9bb3a49736bc0ad78","name":"Debat","image":{"@type":"ImageObject","inLanguage":"da-DK","@id":"https:\/\/kunmedierne.dk\/mors\/#\/schema\/person\/image\/","url":"https:\/\/secure.gravatar.com\/avatar\/b0fb2e221d618f7c65162ab0d49c7e8a0b580c871ca03af90e42b47b4150654c?s=96&d=mm&r=g","contentUrl":"https:\/\/secure.gravatar.com\/avatar\/b0fb2e221d618f7c65162ab0d49c7e8a0b580c871ca03af90e42b47b4150654c?s=96&d=mm&r=g","caption":"Debat"},"url":"https:\/\/kunmedierne.dk\/mors\/author\/debat\/"}]}},"_links":{"self":[{"href":"https:\/\/kunmedierne.dk\/mors\/wp-json\/wp\/v2\/posts\/56287","targetHints":{"allow":["GET"]}}],"collection":[{"href":"https:\/\/kunmedierne.dk\/mors\/wp-json\/wp\/v2\/posts"}],"about":[{"href":"https:\/\/kunmedierne.dk\/mors\/wp-json\/wp\/v2\/types\/post"}],"author":[{"embeddable":true,"href":"https:\/\/kunmedierne.dk\/mors\/wp-json\/wp\/v2\/users\/11"}],"replies":[{"embeddable":true,"href":"https:\/\/kunmedierne.dk\/mors\/wp-json\/wp\/v2\/comments?post=56287"}],"version-history":[{"count":1,"href":"https:\/\/kunmedierne.dk\/mors\/wp-json\/wp\/v2\/posts\/56287\/revisions"}],"predecessor-version":[{"id":56288,"href":"https:\/\/kunmedierne.dk\/mors\/wp-json\/wp\/v2\/posts\/56287\/revisions\/56288"}],"wp:featuredmedia":[{"embeddable":true,"href":"https:\/\/kunmedierne.dk\/mors\/wp-json\/wp\/v2\/media\/31549"}],"wp:attachment":[{"href":"https:\/\/kunmedierne.dk\/mors\/wp-json\/wp\/v2\/media?parent=56287"}],"wp:term":[{"taxonomy":"category","embeddable":true,"href":"https:\/\/kunmedierne.dk\/mors\/wp-json\/wp\/v2\/categories?post=56287"},{"taxonomy":"post_tag","embeddable":true,"href":"https:\/\/kunmedierne.dk\/mors\/wp-json\/wp\/v2\/tags?post=56287"}],"curies":[{"name":"wp","href":"https:\/\/api.w.org\/{rel}","templated":true}]}}