{"id":56253,"date":"2021-11-01T16:11:04","date_gmt":"2021-11-01T15:11:04","guid":{"rendered":"https:\/\/kunmedierne.dk\/mors\/?p=56253"},"modified":"2024-08-12T13:35:57","modified_gmt":"2024-08-12T11:35:57","slug":"svar-til-henning-soerensen","status":"publish","type":"post","link":"https:\/\/kunmedierne.dk\/mors\/svar-til-henning-soerensen\/","title":{"rendered":"&#8211; Svar til Henning S\u00f8rensen"},"content":{"rendered":"<p><em>Debatindl\u00e6g fra Ulla Astman, regionsr\u00e5dsformand og kandidat for Socialdemokratiet ved Regionsr\u00e5dsvalg 2021:<\/em><\/p>\n<hr \/>\n<p>I\u00a0et debatindl\u00e6g stiller udvalgsformand Henning S\u00f8rensen fra Venstre en r\u00e6kke sp\u00f8rgsm\u00e5l til mig om akutberedskabet. Selvom nogle af dem egentligt mere burde rettes til Henning S\u00f8rensens egne partif\u00e6ller i regionen end til mig. Men jeg besvarer skam gerne Hennings sp\u00f8rgsm\u00e5l.<\/p>\n<p>Beredskabsmodellen for ambulancek\u00f8rslen medf\u00f8rer at regionen fremover bestemmer placeringer og antal ambulancer selv, der er fortsat s\u00e5kaldt &#8220;flydende beredskab&#8221;, s\u00e5 der disponeres fortsat s\u00e5ledes, at regionen er d\u00e6kket ind ogs\u00e5 selvom den lokale ambulance er p\u00e5 vej mod et af akutsygehusene. Servicem\u00e5lene som hidtil har v\u00e6ret et responstidsm\u00e5l for ambulancerne opgjort til fast gennemsnitligt tidspunkt \u00e6ndres s\u00e5 de fremover bliver opgjort efter samme metode som allerede bruges i resten af landet.<\/p>\n<p><a href=\"https:\/\/morsgaver.dk\/\"><img loading=\"lazy\" decoding=\"async\" class=\"alignleft size-full wp-image-51444\" src=\"https:\/\/kunmedierne.dk\/mors\/wp-content\/uploads\/2021\/09\/KunMors_julegaver_2021.jpg\" alt=\"\" width=\"1400\" height=\"125\" srcset=\"https:\/\/kunmedierne.dk\/mors\/wp-content\/uploads\/2021\/09\/KunMors_julegaver_2021.jpg 1400w, https:\/\/kunmedierne.dk\/mors\/wp-content\/uploads\/2021\/09\/KunMors_julegaver_2021-300x27.jpg 300w, https:\/\/kunmedierne.dk\/mors\/wp-content\/uploads\/2021\/09\/KunMors_julegaver_2021-1024x91.jpg 1024w, https:\/\/kunmedierne.dk\/mors\/wp-content\/uploads\/2021\/09\/KunMors_julegaver_2021-768x69.jpg 768w, https:\/\/kunmedierne.dk\/mors\/wp-content\/uploads\/2021\/09\/KunMors_julegaver_2021-600x54.jpg 600w\" sizes=\"auto, (max-width: 1400px) 100vw, 1400px\" \/><\/a>Det vil sige som procentkrav i fht mintutallene 10, 15 og 20.<\/p>\n<p>Her i Regionen har alle partierne, som en del af Budget 2022 godkendt, at der skal v\u00e6re f\u00f8lgende servicem\u00e5l for 1. bil p\u00e5 stedet, m\u00e5lt over et kalender\u00e5r:<\/p>\n<ul>\n<li>67 % af akutte A-k\u00f8rsler ankommet inden for 10 minutter<\/li>\n<li>90 % af akutte A-k\u00f8rsler ankommet inden for 15 minutter<\/li>\n<li dir=\"ltr\">97 % af akutte A-k\u00f8rsler ankommet inden for 20 minutter.<\/li>\n<\/ul>\n<p>Det ligger heri, at der naturligvis er tale om f\u00f8rste profesionelle bil p\u00e5 stedet, dvs det kan v\u00e6re en ambulance, l\u00e6gebil eller akutbil. Vi kunne naturligvis aldrig finde p\u00e5 at s\u00e6tte servicem\u00e5l for frivillige ordninger, s\u00e5dan som Henning sp\u00f8rger til. De frivillige 112-akuthj\u00e6lpere og hjertel\u00f8bere er en utrolig vigtig hj\u00e6lp, som virkelig har betydning for mange, men frivillige skal bestemt ikke p\u00e5l\u00e6gges en politisk m\u00e5ls\u00e6tning om, hvor hurtigt de kan v\u00e6re tilstede.<\/p>\n<p><a href=\"https:\/\/www.fmspks.dk\/\"><img loading=\"lazy\" decoding=\"async\" class=\"alignleft size-full wp-image-46592\" src=\"https:\/\/kunmedierne.dk\/mors\/wp-content\/uploads\/2021\/06\/t01.jpg\" alt=\"\" width=\"1400\" height=\"125\" srcset=\"https:\/\/kunmedierne.dk\/mors\/wp-content\/uploads\/2021\/06\/t01.jpg 1400w, https:\/\/kunmedierne.dk\/mors\/wp-content\/uploads\/2021\/06\/t01-300x27.jpg 300w, https:\/\/kunmedierne.dk\/mors\/wp-content\/uploads\/2021\/06\/t01-1024x91.jpg 1024w, https:\/\/kunmedierne.dk\/mors\/wp-content\/uploads\/2021\/06\/t01-768x69.jpg 768w, https:\/\/kunmedierne.dk\/mors\/wp-content\/uploads\/2021\/06\/t01-600x54.jpg 600w\" sizes=\"auto, (max-width: 1400px) 100vw, 1400px\" \/><\/a>Henning S\u00f8rensen sp\u00f8rger mig ogs\u00e5 om udsigten til en akutbil p\u00e5 Mors. Det sp\u00f8rgsm\u00e5l burde Henning n\u00e6rmere stille sine egne partif\u00e6ller i Regionsr\u00e5det. Venstre var s\u00e5ledes ikke til at overbevise om, at der var brug for at \u00f8ge beredskabet hverken i Thy\/Mors eller i S\u00e6by. I denne omgang kunne vi derfor kun prioritere \u00f8get akutberedskab i Hals og i Vesthimmerland.<\/p>\n<p>Det synes jeg og det socialdemokratiske hold er \u00e6rgerligt, for Akut-og Praksisudvalget havde faktisk lavet et forslag, som rummede fire ekstra akutbiler herunder \u00e9n med placering i Thy\/Mors, men det var som sagt ikke muligt at overtale hverken Venstre eller Konservative til at str\u00e6kke sig l\u00e6ngere. Jeg h\u00e5ber naturligvis, at vi p\u00e5 et senere tidspunkt kan \u00f8ge med yderligere aktubiler i b\u00e5de S\u00e6by og Thy\/Mors for at give endnu mere tryghed til borgerne.<\/p>\n<p><a href=\"https:\/\/vester-begr.dk\"><img loading=\"lazy\" decoding=\"async\" class=\"alignleft size-full wp-image-53879\" src=\"https:\/\/kunmedierne.dk\/mors\/wp-content\/uploads\/2021\/10\/NY-Vester-Begravelse-TOP-BUND.jpg\" alt=\"\" width=\"1400\" height=\"125\" srcset=\"https:\/\/kunmedierne.dk\/mors\/wp-content\/uploads\/2021\/10\/NY-Vester-Begravelse-TOP-BUND.jpg 1400w, https:\/\/kunmedierne.dk\/mors\/wp-content\/uploads\/2021\/10\/NY-Vester-Begravelse-TOP-BUND-300x27.jpg 300w, https:\/\/kunmedierne.dk\/mors\/wp-content\/uploads\/2021\/10\/NY-Vester-Begravelse-TOP-BUND-1024x91.jpg 1024w, https:\/\/kunmedierne.dk\/mors\/wp-content\/uploads\/2021\/10\/NY-Vester-Begravelse-TOP-BUND-768x69.jpg 768w, https:\/\/kunmedierne.dk\/mors\/wp-content\/uploads\/2021\/10\/NY-Vester-Begravelse-TOP-BUND-600x54.jpg 600w\" sizes=\"auto, (max-width: 1400px) 100vw, 1400px\" \/><\/a><\/p>\n<hr \/>\n<p><em>Har du et bidrag til den lokale debat? Send det til os p\u00e5 e-mail: debat@kunmedierne.dk\/mors. Husk at l\u00e6se korrektur inden afsendelse p\u00e5 indl\u00e6gget.<\/em><\/p>\n<blockquote>\n<h5>Tilmeld dig vores nyhedsbrev og deltag i lodtr\u00e6kningen om en flaske portvin fra Prebens Vinhandel til en v\u00e6rdi af 325 kroner. L\u00e6s mere\u00a0<a href=\"https:\/\/kunmedierne.dk\/mors\/vind-laekker-portvin-fra-prebens-vinhandel\/#prettyPhoto\" target=\"_blank\" rel=\"noopener\">her<\/a>.<\/h5>\n<\/blockquote>\n","protected":false},"excerpt":{"rendered":"<p>Debatindl\u00e6g fra Ulla Astman, regionsr\u00e5dsformand og kandidat for Socialdemokratiet ved Regionsr\u00e5dsvalg 2021: I\u00a0et debatindl\u00e6g stiller udvalgsformand Henning S\u00f8rensen fra Venstre en r\u00e6kke sp\u00f8rgsm\u00e5l til mig om akutberedskabet. Selvom nogle af dem egentligt mere burde rettes til Henning S\u00f8rensens egne partif\u00e6ller i regionen end til mig. Men jeg besvarer skam gerne Hennings sp\u00f8rgsm\u00e5l. Beredskabsmodellen for ambulancek\u00f8rslen [&hellip;]<\/p>\n","protected":false},"author":11,"featured_media":47891,"comment_status":"open","ping_status":"open","sticky":false,"template":"","format":"standard","meta":{"_acf_changed":false,"footnotes":""},"categories":[56],"tags":[167],"class_list":["post-56253","post","type-post","status-publish","format-standard","has-post-thumbnail","hentry","category-debat","tag-politik"],"acf":[],"yoast_head":"<!-- This site is optimized with the Yoast SEO plugin v26.8 - https:\/\/yoast.com\/product\/yoast-seo-wordpress\/ -->\n<title>- Svar til Henning S\u00f8rensen - Mors<\/title>\n<meta name=\"robots\" content=\"index, follow, max-snippet:-1, max-image-preview:large, max-video-preview:-1\" \/>\n<link rel=\"canonical\" href=\"https:\/\/kunmedierne.dk\/mors\/svar-til-henning-soerensen\/\" \/>\n<meta property=\"og:locale\" content=\"da_DK\" \/>\n<meta property=\"og:type\" content=\"article\" \/>\n<meta property=\"og:title\" content=\"- Svar til Henning S\u00f8rensen - Mors\" \/>\n<meta property=\"og:description\" content=\"Debatindl\u00e6g fra Ulla Astman, regionsr\u00e5dsformand og kandidat for Socialdemokratiet ved Regionsr\u00e5dsvalg 2021: I\u00a0et debatindl\u00e6g stiller udvalgsformand Henning S\u00f8rensen fra Venstre en r\u00e6kke sp\u00f8rgsm\u00e5l til mig om akutberedskabet. Selvom nogle af dem egentligt mere burde rettes til Henning S\u00f8rensens egne partif\u00e6ller i regionen end til mig. Men jeg besvarer skam gerne Hennings sp\u00f8rgsm\u00e5l. Beredskabsmodellen for ambulancek\u00f8rslen [&hellip;]\" \/>\n<meta property=\"og:url\" content=\"https:\/\/kunmedierne.dk\/mors\/svar-til-henning-soerensen\/\" \/>\n<meta property=\"og:site_name\" content=\"Mors\" \/>\n<meta property=\"article:published_time\" content=\"2021-11-01T15:11:04+00:00\" \/>\n<meta property=\"article:modified_time\" content=\"2024-08-12T11:35:57+00:00\" \/>\n<meta property=\"og:image\" content=\"https:\/\/kunmedierne.dk\/mors\/wp-content\/uploads\/2021\/06\/ulla-astman.jpg\" \/>\n\t<meta property=\"og:image:width\" content=\"770\" \/>\n\t<meta property=\"og:image:height\" content=\"513\" \/>\n\t<meta property=\"og:image:type\" content=\"image\/jpeg\" \/>\n<meta name=\"author\" content=\"Debat\" \/>\n<meta name=\"twitter:card\" content=\"summary_large_image\" \/>\n<meta name=\"twitter:label1\" content=\"Skrevet af\" \/>\n\t<meta name=\"twitter:data1\" content=\"Debat\" \/>\n\t<meta name=\"twitter:label2\" content=\"Estimeret l\u00e6setid\" \/>\n\t<meta name=\"twitter:data2\" content=\"3 minutter\" \/>\n<script type=\"application\/ld+json\" class=\"yoast-schema-graph\">{\"@context\":\"https:\/\/schema.org\",\"@graph\":[{\"@type\":\"Article\",\"@id\":\"https:\/\/kunmedierne.dk\/mors\/svar-til-henning-soerensen\/#article\",\"isPartOf\":{\"@id\":\"https:\/\/kunmedierne.dk\/mors\/svar-til-henning-soerensen\/\"},\"author\":{\"name\":\"Debat\",\"@id\":\"https:\/\/kunmedierne.dk\/mors\/#\/schema\/person\/84c1391bce0b43b9bb3a49736bc0ad78\"},\"headline\":\"&#8211; Svar til Henning S\u00f8rensen\",\"datePublished\":\"2021-11-01T15:11:04+00:00\",\"dateModified\":\"2024-08-12T11:35:57+00:00\",\"mainEntityOfPage\":{\"@id\":\"https:\/\/kunmedierne.dk\/mors\/svar-til-henning-soerensen\/\"},\"wordCount\":503,\"commentCount\":0,\"publisher\":{\"@id\":\"https:\/\/kunmedierne.dk\/mors\/#organization\"},\"image\":{\"@id\":\"https:\/\/kunmedierne.dk\/mors\/svar-til-henning-soerensen\/#primaryimage\"},\"thumbnailUrl\":\"https:\/\/kunmedierne.dk\/mors\/wp-content\/uploads\/2021\/06\/ulla-astman.jpg\",\"keywords\":[\"Politik\"],\"articleSection\":[\"Debat\"],\"inLanguage\":\"da-DK\",\"potentialAction\":[{\"@type\":\"CommentAction\",\"name\":\"Comment\",\"target\":[\"https:\/\/kunmedierne.dk\/mors\/svar-til-henning-soerensen\/#respond\"]}]},{\"@type\":\"WebPage\",\"@id\":\"https:\/\/kunmedierne.dk\/mors\/svar-til-henning-soerensen\/\",\"url\":\"https:\/\/kunmedierne.dk\/mors\/svar-til-henning-soerensen\/\",\"name\":\"- Svar til Henning S\u00f8rensen - Mors\",\"isPartOf\":{\"@id\":\"https:\/\/kunmedierne.dk\/mors\/#website\"},\"primaryImageOfPage\":{\"@id\":\"https:\/\/kunmedierne.dk\/mors\/svar-til-henning-soerensen\/#primaryimage\"},\"image\":{\"@id\":\"https:\/\/kunmedierne.dk\/mors\/svar-til-henning-soerensen\/#primaryimage\"},\"thumbnailUrl\":\"https:\/\/kunmedierne.dk\/mors\/wp-content\/uploads\/2021\/06\/ulla-astman.jpg\",\"datePublished\":\"2021-11-01T15:11:04+00:00\",\"dateModified\":\"2024-08-12T11:35:57+00:00\",\"breadcrumb\":{\"@id\":\"https:\/\/kunmedierne.dk\/mors\/svar-til-henning-soerensen\/#breadcrumb\"},\"inLanguage\":\"da-DK\",\"potentialAction\":[{\"@type\":\"ReadAction\",\"target\":[\"https:\/\/kunmedierne.dk\/mors\/svar-til-henning-soerensen\/\"]}]},{\"@type\":\"ImageObject\",\"inLanguage\":\"da-DK\",\"@id\":\"https:\/\/kunmedierne.dk\/mors\/svar-til-henning-soerensen\/#primaryimage\",\"url\":\"https:\/\/kunmedierne.dk\/mors\/wp-content\/uploads\/2021\/06\/ulla-astman.jpg\",\"contentUrl\":\"https:\/\/kunmedierne.dk\/mors\/wp-content\/uploads\/2021\/06\/ulla-astman.jpg\",\"width\":770,\"height\":513,\"caption\":\"Regionsr\u00e5dsformand Ulla Astman (S). Foto: Line Bloch Klostergaard\/Region Nordjylland.\"},{\"@type\":\"BreadcrumbList\",\"@id\":\"https:\/\/kunmedierne.dk\/mors\/svar-til-henning-soerensen\/#breadcrumb\",\"itemListElement\":[{\"@type\":\"ListItem\",\"position\":1,\"name\":\"Hjem\",\"item\":\"https:\/\/kunmedierne.dk\/mors\/\"},{\"@type\":\"ListItem\",\"position\":2,\"name\":\"&#8211; Svar til Henning S\u00f8rensen\"}]},{\"@type\":\"WebSite\",\"@id\":\"https:\/\/kunmedierne.dk\/mors\/#website\",\"url\":\"https:\/\/kunmedierne.dk\/mors\/\",\"name\":\"Mors\",\"description\":\"et netmedie med journalistik om livet p\u00e5 Mors\",\"publisher\":{\"@id\":\"https:\/\/kunmedierne.dk\/mors\/#organization\"},\"potentialAction\":[{\"@type\":\"SearchAction\",\"target\":{\"@type\":\"EntryPoint\",\"urlTemplate\":\"https:\/\/kunmedierne.dk\/mors\/?s={search_term_string}\"},\"query-input\":{\"@type\":\"PropertyValueSpecification\",\"valueRequired\":true,\"valueName\":\"search_term_string\"}}],\"inLanguage\":\"da-DK\"},{\"@type\":\"Organization\",\"@id\":\"https:\/\/kunmedierne.dk\/mors\/#organization\",\"name\":\"Mors\",\"url\":\"https:\/\/kunmedierne.dk\/mors\/\",\"logo\":{\"@type\":\"ImageObject\",\"inLanguage\":\"da-DK\",\"@id\":\"https:\/\/kunmedierne.dk\/mors\/#\/schema\/logo\/image\/\",\"url\":\"https:\/\/kunmedierne.dk\/mors\/wp-content\/uploads\/2024\/08\/kunmors-logo.svg\",\"contentUrl\":\"https:\/\/kunmedierne.dk\/mors\/wp-content\/uploads\/2024\/08\/kunmors-logo.svg\",\"caption\":\"Mors\"},\"image\":{\"@id\":\"https:\/\/kunmedierne.dk\/mors\/#\/schema\/logo\/image\/\"}},{\"@type\":\"Person\",\"@id\":\"https:\/\/kunmedierne.dk\/mors\/#\/schema\/person\/84c1391bce0b43b9bb3a49736bc0ad78\",\"name\":\"Debat\",\"image\":{\"@type\":\"ImageObject\",\"inLanguage\":\"da-DK\",\"@id\":\"https:\/\/kunmedierne.dk\/mors\/#\/schema\/person\/image\/\",\"url\":\"https:\/\/secure.gravatar.com\/avatar\/b0fb2e221d618f7c65162ab0d49c7e8a0b580c871ca03af90e42b47b4150654c?s=96&d=mm&r=g\",\"contentUrl\":\"https:\/\/secure.gravatar.com\/avatar\/b0fb2e221d618f7c65162ab0d49c7e8a0b580c871ca03af90e42b47b4150654c?s=96&d=mm&r=g\",\"caption\":\"Debat\"},\"url\":\"https:\/\/kunmedierne.dk\/mors\/author\/debat\/\"}]}<\/script>\n<!-- \/ Yoast SEO plugin. -->","yoast_head_json":{"title":"- Svar til Henning S\u00f8rensen - Mors","robots":{"index":"index","follow":"follow","max-snippet":"max-snippet:-1","max-image-preview":"max-image-preview:large","max-video-preview":"max-video-preview:-1"},"canonical":"https:\/\/kunmedierne.dk\/mors\/svar-til-henning-soerensen\/","og_locale":"da_DK","og_type":"article","og_title":"- Svar til Henning S\u00f8rensen - Mors","og_description":"Debatindl\u00e6g fra Ulla Astman, regionsr\u00e5dsformand og kandidat for Socialdemokratiet ved Regionsr\u00e5dsvalg 2021: I\u00a0et debatindl\u00e6g stiller udvalgsformand Henning S\u00f8rensen fra Venstre en r\u00e6kke sp\u00f8rgsm\u00e5l til mig om akutberedskabet. Selvom nogle af dem egentligt mere burde rettes til Henning S\u00f8rensens egne partif\u00e6ller i regionen end til mig. Men jeg besvarer skam gerne Hennings sp\u00f8rgsm\u00e5l. Beredskabsmodellen for ambulancek\u00f8rslen [&hellip;]","og_url":"https:\/\/kunmedierne.dk\/mors\/svar-til-henning-soerensen\/","og_site_name":"Mors","article_published_time":"2021-11-01T15:11:04+00:00","article_modified_time":"2024-08-12T11:35:57+00:00","og_image":[{"width":770,"height":513,"url":"https:\/\/kunmedierne.dk\/mors\/wp-content\/uploads\/2021\/06\/ulla-astman.jpg","type":"image\/jpeg"}],"author":"Debat","twitter_card":"summary_large_image","twitter_misc":{"Skrevet af":"Debat","Estimeret l\u00e6setid":"3 minutter"},"schema":{"@context":"https:\/\/schema.org","@graph":[{"@type":"Article","@id":"https:\/\/kunmedierne.dk\/mors\/svar-til-henning-soerensen\/#article","isPartOf":{"@id":"https:\/\/kunmedierne.dk\/mors\/svar-til-henning-soerensen\/"},"author":{"name":"Debat","@id":"https:\/\/kunmedierne.dk\/mors\/#\/schema\/person\/84c1391bce0b43b9bb3a49736bc0ad78"},"headline":"&#8211; Svar til Henning S\u00f8rensen","datePublished":"2021-11-01T15:11:04+00:00","dateModified":"2024-08-12T11:35:57+00:00","mainEntityOfPage":{"@id":"https:\/\/kunmedierne.dk\/mors\/svar-til-henning-soerensen\/"},"wordCount":503,"commentCount":0,"publisher":{"@id":"https:\/\/kunmedierne.dk\/mors\/#organization"},"image":{"@id":"https:\/\/kunmedierne.dk\/mors\/svar-til-henning-soerensen\/#primaryimage"},"thumbnailUrl":"https:\/\/kunmedierne.dk\/mors\/wp-content\/uploads\/2021\/06\/ulla-astman.jpg","keywords":["Politik"],"articleSection":["Debat"],"inLanguage":"da-DK","potentialAction":[{"@type":"CommentAction","name":"Comment","target":["https:\/\/kunmedierne.dk\/mors\/svar-til-henning-soerensen\/#respond"]}]},{"@type":"WebPage","@id":"https:\/\/kunmedierne.dk\/mors\/svar-til-henning-soerensen\/","url":"https:\/\/kunmedierne.dk\/mors\/svar-til-henning-soerensen\/","name":"- Svar til Henning S\u00f8rensen - Mors","isPartOf":{"@id":"https:\/\/kunmedierne.dk\/mors\/#website"},"primaryImageOfPage":{"@id":"https:\/\/kunmedierne.dk\/mors\/svar-til-henning-soerensen\/#primaryimage"},"image":{"@id":"https:\/\/kunmedierne.dk\/mors\/svar-til-henning-soerensen\/#primaryimage"},"thumbnailUrl":"https:\/\/kunmedierne.dk\/mors\/wp-content\/uploads\/2021\/06\/ulla-astman.jpg","datePublished":"2021-11-01T15:11:04+00:00","dateModified":"2024-08-12T11:35:57+00:00","breadcrumb":{"@id":"https:\/\/kunmedierne.dk\/mors\/svar-til-henning-soerensen\/#breadcrumb"},"inLanguage":"da-DK","potentialAction":[{"@type":"ReadAction","target":["https:\/\/kunmedierne.dk\/mors\/svar-til-henning-soerensen\/"]}]},{"@type":"ImageObject","inLanguage":"da-DK","@id":"https:\/\/kunmedierne.dk\/mors\/svar-til-henning-soerensen\/#primaryimage","url":"https:\/\/kunmedierne.dk\/mors\/wp-content\/uploads\/2021\/06\/ulla-astman.jpg","contentUrl":"https:\/\/kunmedierne.dk\/mors\/wp-content\/uploads\/2021\/06\/ulla-astman.jpg","width":770,"height":513,"caption":"Regionsr\u00e5dsformand Ulla Astman (S). Foto: Line Bloch Klostergaard\/Region Nordjylland."},{"@type":"BreadcrumbList","@id":"https:\/\/kunmedierne.dk\/mors\/svar-til-henning-soerensen\/#breadcrumb","itemListElement":[{"@type":"ListItem","position":1,"name":"Hjem","item":"https:\/\/kunmedierne.dk\/mors\/"},{"@type":"ListItem","position":2,"name":"&#8211; Svar til Henning S\u00f8rensen"}]},{"@type":"WebSite","@id":"https:\/\/kunmedierne.dk\/mors\/#website","url":"https:\/\/kunmedierne.dk\/mors\/","name":"Mors","description":"et netmedie med journalistik om livet p\u00e5 Mors","publisher":{"@id":"https:\/\/kunmedierne.dk\/mors\/#organization"},"potentialAction":[{"@type":"SearchAction","target":{"@type":"EntryPoint","urlTemplate":"https:\/\/kunmedierne.dk\/mors\/?s={search_term_string}"},"query-input":{"@type":"PropertyValueSpecification","valueRequired":true,"valueName":"search_term_string"}}],"inLanguage":"da-DK"},{"@type":"Organization","@id":"https:\/\/kunmedierne.dk\/mors\/#organization","name":"Mors","url":"https:\/\/kunmedierne.dk\/mors\/","logo":{"@type":"ImageObject","inLanguage":"da-DK","@id":"https:\/\/kunmedierne.dk\/mors\/#\/schema\/logo\/image\/","url":"https:\/\/kunmedierne.dk\/mors\/wp-content\/uploads\/2024\/08\/kunmors-logo.svg","contentUrl":"https:\/\/kunmedierne.dk\/mors\/wp-content\/uploads\/2024\/08\/kunmors-logo.svg","caption":"Mors"},"image":{"@id":"https:\/\/kunmedierne.dk\/mors\/#\/schema\/logo\/image\/"}},{"@type":"Person","@id":"https:\/\/kunmedierne.dk\/mors\/#\/schema\/person\/84c1391bce0b43b9bb3a49736bc0ad78","name":"Debat","image":{"@type":"ImageObject","inLanguage":"da-DK","@id":"https:\/\/kunmedierne.dk\/mors\/#\/schema\/person\/image\/","url":"https:\/\/secure.gravatar.com\/avatar\/b0fb2e221d618f7c65162ab0d49c7e8a0b580c871ca03af90e42b47b4150654c?s=96&d=mm&r=g","contentUrl":"https:\/\/secure.gravatar.com\/avatar\/b0fb2e221d618f7c65162ab0d49c7e8a0b580c871ca03af90e42b47b4150654c?s=96&d=mm&r=g","caption":"Debat"},"url":"https:\/\/kunmedierne.dk\/mors\/author\/debat\/"}]}},"_links":{"self":[{"href":"https:\/\/kunmedierne.dk\/mors\/wp-json\/wp\/v2\/posts\/56253","targetHints":{"allow":["GET"]}}],"collection":[{"href":"https:\/\/kunmedierne.dk\/mors\/wp-json\/wp\/v2\/posts"}],"about":[{"href":"https:\/\/kunmedierne.dk\/mors\/wp-json\/wp\/v2\/types\/post"}],"author":[{"embeddable":true,"href":"https:\/\/kunmedierne.dk\/mors\/wp-json\/wp\/v2\/users\/11"}],"replies":[{"embeddable":true,"href":"https:\/\/kunmedierne.dk\/mors\/wp-json\/wp\/v2\/comments?post=56253"}],"version-history":[{"count":3,"href":"https:\/\/kunmedierne.dk\/mors\/wp-json\/wp\/v2\/posts\/56253\/revisions"}],"predecessor-version":[{"id":56256,"href":"https:\/\/kunmedierne.dk\/mors\/wp-json\/wp\/v2\/posts\/56253\/revisions\/56256"}],"wp:featuredmedia":[{"embeddable":true,"href":"https:\/\/kunmedierne.dk\/mors\/wp-json\/wp\/v2\/media\/47891"}],"wp:attachment":[{"href":"https:\/\/kunmedierne.dk\/mors\/wp-json\/wp\/v2\/media?parent=56253"}],"wp:term":[{"taxonomy":"category","embeddable":true,"href":"https:\/\/kunmedierne.dk\/mors\/wp-json\/wp\/v2\/categories?post=56253"},{"taxonomy":"post_tag","embeddable":true,"href":"https:\/\/kunmedierne.dk\/mors\/wp-json\/wp\/v2\/tags?post=56253"}],"curies":[{"name":"wp","href":"https:\/\/api.w.org\/{rel}","templated":true}]}}