{"id":56249,"date":"2021-11-01T18:09:51","date_gmt":"2021-11-01T17:09:51","guid":{"rendered":"https:\/\/kunmedierne.dk\/mors\/?p=56249"},"modified":"2024-08-12T13:35:57","modified_gmt":"2024-08-12T11:35:57","slug":"efter-voldssag-paa-gymnasiet-de-unge-mangler-erfaring-i-at-holde-en-stor-fest","status":"publish","type":"post","link":"https:\/\/kunmedierne.dk\/mors\/efter-voldssag-paa-gymnasiet-de-unge-mangler-erfaring-i-at-holde-en-stor-fest\/","title":{"rendered":"Efter voldssag p\u00e5 gymnasiet: &#8211; De unge mangler erfaring i at holde en stor fest"},"content":{"rendered":"<p><strong>NYK\u00d8BING<\/strong>: Coronavirussen kan nemt f\u00e5 skyld for lidt af hvert, men i forbindelse med en gymnasiefest fredag aften p\u00e5 Mors\u00f8 Gymnasium er det nok ikke helt skudt ved siden af:<\/p>\n<p>\u201dVores elever har i to \u00e5r jo ikke v\u00e6ret til en stor fest eller v\u00e6ret med til at arrangere en,\u201d forklarer vicerektor Birgitte Martiny.<\/p>\n<p>Hun var selv til festen fredag aften,\u00a0og opdagede ikke problemer, f\u00f8r en 18-\u00e5rig ung mand fra Mors var blevet <a href=\"https:\/\/kunmedierne.dk\/mors\/sigtet-for-vold-til-gymnasiefest\/\" target=\"_blank\" rel=\"noopener\">sl\u00e5et ned<\/a> af en 17-\u00e5rig ung mand fra Thy.<\/p>\n<p><a href=\"https:\/\/konpap.dk\/\"><img loading=\"lazy\" decoding=\"async\" class=\"alignleft size-full wp-image-49328\" src=\"https:\/\/kunmedierne.dk\/mors\/wp-content\/uploads\/2021\/07\/t10.jpg\" alt=\"\" width=\"1400\" height=\"125\" srcset=\"https:\/\/kunmedierne.dk\/mors\/wp-content\/uploads\/2021\/07\/t10.jpg 1400w, https:\/\/kunmedierne.dk\/mors\/wp-content\/uploads\/2021\/07\/t10-300x27.jpg 300w, https:\/\/kunmedierne.dk\/mors\/wp-content\/uploads\/2021\/07\/t10-1024x91.jpg 1024w, https:\/\/kunmedierne.dk\/mors\/wp-content\/uploads\/2021\/07\/t10-768x69.jpg 768w, https:\/\/kunmedierne.dk\/mors\/wp-content\/uploads\/2021\/07\/t10-600x54.jpg 600w\" sizes=\"auto, (max-width: 1400px) 100vw, 1400px\" \/><\/a>\u201dVi har professionelle vagter til at hj\u00e6lpe os,\u201d siger hun og tilf\u00f8jer, at vagterne s\u00f8rger for, at dem, der st\u00e5r p\u00e5 g\u00e6stelisten, ogs\u00e5 er dem, der f\u00e5r lov at komme ind.<\/p>\n<p>\u201dMen vi kan m\u00e6rke, at mange af de unge slet ikke kender til at v\u00e6re til en stor fest,\u201d fort\u00e6ller vicerektoren.<\/p>\n<p>To \u00e5r med Corona har dermed fjernet de erfaringer, som 16-17-\u00e5rige f\u00e5r som deltagere og medarrang\u00f8rer.<\/p>\n<p>\u201dNu skal vi i gang med at hj\u00e6lpe de unge med at f\u00e5 erfaringer og viden med at holde en fest,&#8221; siger vicerektoren.<\/p>\n<p><a href=\"https:\/\/www.sparv.dk\/\"><img loading=\"lazy\" decoding=\"async\" class=\"alignleft size-full wp-image-46602\" src=\"https:\/\/kunmedierne.dk\/mors\/wp-content\/uploads\/2021\/06\/t11.jpg\" alt=\"\" width=\"1400\" height=\"125\" srcset=\"https:\/\/kunmedierne.dk\/mors\/wp-content\/uploads\/2021\/06\/t11.jpg 1400w, https:\/\/kunmedierne.dk\/mors\/wp-content\/uploads\/2021\/06\/t11-300x27.jpg 300w, https:\/\/kunmedierne.dk\/mors\/wp-content\/uploads\/2021\/06\/t11-1024x91.jpg 1024w, https:\/\/kunmedierne.dk\/mors\/wp-content\/uploads\/2021\/06\/t11-768x69.jpg 768w, https:\/\/kunmedierne.dk\/mors\/wp-content\/uploads\/2021\/06\/t11-600x54.jpg 600w\" sizes=\"auto, (max-width: 1400px) 100vw, 1400px\" \/><\/a>For det er ikke s\u00e5dan, at gymnasiet vil droppe festerne:<\/p>\n<p>\u201dVi har ikke oplevet noget af det her i de mange \u00e5r, vi har haft fester,\u201d siger Birgitte Martiny og forklarer, at der ogs\u00e5 skal ses n\u00e6rmere p\u00e5, hvordan man kontrollerer g\u00e6stelisterne.<\/p>\n<p>\u201dMen lige nu ved jeg ikke ret meget om de to.\u201d<\/p>\n<p>Politiet har p\u00e5 nuv\u00e6rende tidspunkt ikke noget om baggrunden for volden.<\/p>\n<h5>POPUL\u00c6R ARTIKEL: <a href=\"https:\/\/kunmedierne.dk\/morsingbo-efter-balladen-om-bryghuset-det-var-min-skyld-det-hele\/\">Morsingbo efter balladen om bryghuset: &#8211; Det var min skyld det hele<\/a><\/h5>\n<p><a href=\"https:\/\/thistedkloakservice.dk\/\"><img loading=\"lazy\" decoding=\"async\" class=\"alignleft size-full wp-image-46603\" src=\"https:\/\/kunmedierne.dk\/mors\/wp-content\/uploads\/2021\/06\/t12.jpg\" alt=\"\" width=\"1400\" height=\"125\" srcset=\"https:\/\/kunmedierne.dk\/mors\/wp-content\/uploads\/2021\/06\/t12.jpg 1400w, https:\/\/kunmedierne.dk\/mors\/wp-content\/uploads\/2021\/06\/t12-300x27.jpg 300w, https:\/\/kunmedierne.dk\/mors\/wp-content\/uploads\/2021\/06\/t12-1024x91.jpg 1024w, https:\/\/kunmedierne.dk\/mors\/wp-content\/uploads\/2021\/06\/t12-768x69.jpg 768w, https:\/\/kunmedierne.dk\/mors\/wp-content\/uploads\/2021\/06\/t12-600x54.jpg 600w\" sizes=\"auto, (max-width: 1400px) 100vw, 1400px\" \/><\/a><\/p>\n<blockquote>\n<h5>Tilmeld dig vores nyhedsbrev og deltag i lodtr\u00e6kningen om en flaske portvin fra <a href=\"https:\/\/prebensvinhandel.dk\/\" target=\"_blank\" rel=\"noopener\">Prebens Vinhandel<\/a> til en v\u00e6rdi af 325 kroner. L\u00e6s mere\u00a0<a href=\"https:\/\/kunmedierne.dk\/mors\/vind-laekker-portvin-fra-prebens-vinhandel\/#prettyPhoto\" target=\"_blank\" rel=\"noopener\">her<\/a>.<\/h5>\n<\/blockquote>\n","protected":false},"excerpt":{"rendered":"<p>NYK\u00d8BING: Coronavirussen kan nemt f\u00e5 skyld for lidt af hvert, men i forbindelse med en gymnasiefest fredag aften p\u00e5 Mors\u00f8 Gymnasium er det nok ikke helt skudt ved siden af: \u201dVores elever har i to \u00e5r jo ikke v\u00e6ret til en stor fest eller v\u00e6ret med til at arrangere en,\u201d forklarer vicerektor Birgitte Martiny. Hun [&hellip;]<\/p>\n","protected":false},"author":176,"featured_media":56251,"comment_status":"open","ping_status":"open","sticky":false,"template":"","format":"standard","meta":{"_acf_changed":false,"footnotes":""},"categories":[54],"tags":[170],"class_list":["post-56249","post","type-post","status-publish","format-standard","has-post-thumbnail","hentry","category-54","tag-uddannelse"],"acf":[],"yoast_head":"<!-- This site is optimized with the Yoast SEO plugin v26.8 - https:\/\/yoast.com\/product\/yoast-seo-wordpress\/ -->\n<title>Efter voldssag p\u00e5 gymnasiet: - De unge mangler erfaring i at holde en stor fest - Mors<\/title>\n<meta name=\"robots\" content=\"index, follow, max-snippet:-1, max-image-preview:large, max-video-preview:-1\" \/>\n<link rel=\"canonical\" href=\"https:\/\/kunmedierne.dk\/mors\/efter-voldssag-paa-gymnasiet-de-unge-mangler-erfaring-i-at-holde-en-stor-fest\/\" \/>\n<meta property=\"og:locale\" content=\"da_DK\" \/>\n<meta property=\"og:type\" content=\"article\" \/>\n<meta property=\"og:title\" content=\"Efter voldssag p\u00e5 gymnasiet: - De unge mangler erfaring i at holde en stor fest - Mors\" \/>\n<meta property=\"og:description\" content=\"NYK\u00d8BING: Coronavirussen kan nemt f\u00e5 skyld for lidt af hvert, men i forbindelse med en gymnasiefest fredag aften p\u00e5 Mors\u00f8 Gymnasium er det nok ikke helt skudt ved siden af: \u201dVores elever har i to \u00e5r jo ikke v\u00e6ret til en stor fest eller v\u00e6ret med til at arrangere en,\u201d forklarer vicerektor Birgitte Martiny. Hun [&hellip;]\" \/>\n<meta property=\"og:url\" content=\"https:\/\/kunmedierne.dk\/mors\/efter-voldssag-paa-gymnasiet-de-unge-mangler-erfaring-i-at-holde-en-stor-fest\/\" \/>\n<meta property=\"og:site_name\" content=\"Mors\" \/>\n<meta property=\"article:published_time\" content=\"2021-11-01T17:09:51+00:00\" \/>\n<meta property=\"article:modified_time\" content=\"2024-08-12T11:35:57+00:00\" \/>\n<meta property=\"og:image\" content=\"https:\/\/kunmedierne.dk\/mors\/wp-content\/uploads\/2021\/11\/IMG_6400.jpg\" \/>\n\t<meta property=\"og:image:width\" content=\"770\" \/>\n\t<meta property=\"og:image:height\" content=\"513\" \/>\n\t<meta property=\"og:image:type\" content=\"image\/jpeg\" \/>\n<meta name=\"author\" content=\"Niels Hansen\" \/>\n<meta name=\"twitter:card\" content=\"summary_large_image\" \/>\n<meta name=\"twitter:label1\" content=\"Skrevet af\" \/>\n\t<meta name=\"twitter:data1\" content=\"Niels Hansen\" \/>\n\t<meta name=\"twitter:label2\" content=\"Estimeret l\u00e6setid\" \/>\n\t<meta name=\"twitter:data2\" content=\"2 minutter\" \/>\n<script type=\"application\/ld+json\" class=\"yoast-schema-graph\">{\"@context\":\"https:\/\/schema.org\",\"@graph\":[{\"@type\":\"Article\",\"@id\":\"https:\/\/kunmedierne.dk\/mors\/efter-voldssag-paa-gymnasiet-de-unge-mangler-erfaring-i-at-holde-en-stor-fest\/#article\",\"isPartOf\":{\"@id\":\"https:\/\/kunmedierne.dk\/mors\/efter-voldssag-paa-gymnasiet-de-unge-mangler-erfaring-i-at-holde-en-stor-fest\/\"},\"author\":{\"name\":\"Niels Hansen\",\"@id\":\"https:\/\/kunmedierne.dk\/mors\/#\/schema\/person\/09cc14cd371d523a3528ea9c4fda5254\"},\"headline\":\"Efter voldssag p\u00e5 gymnasiet: &#8211; De unge mangler erfaring i at holde en stor fest\",\"datePublished\":\"2021-11-01T17:09:51+00:00\",\"dateModified\":\"2024-08-12T11:35:57+00:00\",\"mainEntityOfPage\":{\"@id\":\"https:\/\/kunmedierne.dk\/mors\/efter-voldssag-paa-gymnasiet-de-unge-mangler-erfaring-i-at-holde-en-stor-fest\/\"},\"wordCount\":319,\"commentCount\":0,\"publisher\":{\"@id\":\"https:\/\/kunmedierne.dk\/mors\/#organization\"},\"image\":{\"@id\":\"https:\/\/kunmedierne.dk\/mors\/efter-voldssag-paa-gymnasiet-de-unge-mangler-erfaring-i-at-holde-en-stor-fest\/#primaryimage\"},\"thumbnailUrl\":\"https:\/\/kunmedierne.dk\/mors\/wp-content\/uploads\/2021\/11\/IMG_6400.jpg\",\"keywords\":[\"Skoler og uddannelse\"],\"articleSection\":[\"112\"],\"inLanguage\":\"da-DK\",\"potentialAction\":[{\"@type\":\"CommentAction\",\"name\":\"Comment\",\"target\":[\"https:\/\/kunmedierne.dk\/mors\/efter-voldssag-paa-gymnasiet-de-unge-mangler-erfaring-i-at-holde-en-stor-fest\/#respond\"]}]},{\"@type\":\"WebPage\",\"@id\":\"https:\/\/kunmedierne.dk\/mors\/efter-voldssag-paa-gymnasiet-de-unge-mangler-erfaring-i-at-holde-en-stor-fest\/\",\"url\":\"https:\/\/kunmedierne.dk\/mors\/efter-voldssag-paa-gymnasiet-de-unge-mangler-erfaring-i-at-holde-en-stor-fest\/\",\"name\":\"Efter voldssag p\u00e5 gymnasiet: - De unge mangler erfaring i at holde en stor fest - Mors\",\"isPartOf\":{\"@id\":\"https:\/\/kunmedierne.dk\/mors\/#website\"},\"primaryImageOfPage\":{\"@id\":\"https:\/\/kunmedierne.dk\/mors\/efter-voldssag-paa-gymnasiet-de-unge-mangler-erfaring-i-at-holde-en-stor-fest\/#primaryimage\"},\"image\":{\"@id\":\"https:\/\/kunmedierne.dk\/mors\/efter-voldssag-paa-gymnasiet-de-unge-mangler-erfaring-i-at-holde-en-stor-fest\/#primaryimage\"},\"thumbnailUrl\":\"https:\/\/kunmedierne.dk\/mors\/wp-content\/uploads\/2021\/11\/IMG_6400.jpg\",\"datePublished\":\"2021-11-01T17:09:51+00:00\",\"dateModified\":\"2024-08-12T11:35:57+00:00\",\"breadcrumb\":{\"@id\":\"https:\/\/kunmedierne.dk\/mors\/efter-voldssag-paa-gymnasiet-de-unge-mangler-erfaring-i-at-holde-en-stor-fest\/#breadcrumb\"},\"inLanguage\":\"da-DK\",\"potentialAction\":[{\"@type\":\"ReadAction\",\"target\":[\"https:\/\/kunmedierne.dk\/mors\/efter-voldssag-paa-gymnasiet-de-unge-mangler-erfaring-i-at-holde-en-stor-fest\/\"]}]},{\"@type\":\"ImageObject\",\"inLanguage\":\"da-DK\",\"@id\":\"https:\/\/kunmedierne.dk\/mors\/efter-voldssag-paa-gymnasiet-de-unge-mangler-erfaring-i-at-holde-en-stor-fest\/#primaryimage\",\"url\":\"https:\/\/kunmedierne.dk\/mors\/wp-content\/uploads\/2021\/11\/IMG_6400.jpg\",\"contentUrl\":\"https:\/\/kunmedierne.dk\/mors\/wp-content\/uploads\/2021\/11\/IMG_6400.jpg\",\"width\":770,\"height\":513},{\"@type\":\"BreadcrumbList\",\"@id\":\"https:\/\/kunmedierne.dk\/mors\/efter-voldssag-paa-gymnasiet-de-unge-mangler-erfaring-i-at-holde-en-stor-fest\/#breadcrumb\",\"itemListElement\":[{\"@type\":\"ListItem\",\"position\":1,\"name\":\"Hjem\",\"item\":\"https:\/\/kunmedierne.dk\/mors\/\"},{\"@type\":\"ListItem\",\"position\":2,\"name\":\"Efter voldssag p\u00e5 gymnasiet: &#8211; De unge mangler erfaring i at holde en stor fest\"}]},{\"@type\":\"WebSite\",\"@id\":\"https:\/\/kunmedierne.dk\/mors\/#website\",\"url\":\"https:\/\/kunmedierne.dk\/mors\/\",\"name\":\"Mors\",\"description\":\"et netmedie med journalistik om livet p\u00e5 Mors\",\"publisher\":{\"@id\":\"https:\/\/kunmedierne.dk\/mors\/#organization\"},\"potentialAction\":[{\"@type\":\"SearchAction\",\"target\":{\"@type\":\"EntryPoint\",\"urlTemplate\":\"https:\/\/kunmedierne.dk\/mors\/?s={search_term_string}\"},\"query-input\":{\"@type\":\"PropertyValueSpecification\",\"valueRequired\":true,\"valueName\":\"search_term_string\"}}],\"inLanguage\":\"da-DK\"},{\"@type\":\"Organization\",\"@id\":\"https:\/\/kunmedierne.dk\/mors\/#organization\",\"name\":\"Mors\",\"url\":\"https:\/\/kunmedierne.dk\/mors\/\",\"logo\":{\"@type\":\"ImageObject\",\"inLanguage\":\"da-DK\",\"@id\":\"https:\/\/kunmedierne.dk\/mors\/#\/schema\/logo\/image\/\",\"url\":\"https:\/\/kunmedierne.dk\/mors\/wp-content\/uploads\/2024\/08\/kunmors-logo.svg\",\"contentUrl\":\"https:\/\/kunmedierne.dk\/mors\/wp-content\/uploads\/2024\/08\/kunmors-logo.svg\",\"caption\":\"Mors\"},\"image\":{\"@id\":\"https:\/\/kunmedierne.dk\/mors\/#\/schema\/logo\/image\/\"}},{\"@type\":\"Person\",\"@id\":\"https:\/\/kunmedierne.dk\/mors\/#\/schema\/person\/09cc14cd371d523a3528ea9c4fda5254\",\"name\":\"Niels Hansen\",\"image\":{\"@type\":\"ImageObject\",\"inLanguage\":\"da-DK\",\"@id\":\"https:\/\/kunmedierne.dk\/mors\/#\/schema\/person\/image\/\",\"url\":\"https:\/\/secure.gravatar.com\/avatar\/568e84d860856800f9f57c56a1d8280df5422f50943b8f79fd25417a3720af53?s=96&d=mm&r=g\",\"contentUrl\":\"https:\/\/secure.gravatar.com\/avatar\/568e84d860856800f9f57c56a1d8280df5422f50943b8f79fd25417a3720af53?s=96&d=mm&r=g\",\"caption\":\"Niels Hansen\"},\"url\":\"https:\/\/kunmedierne.dk\/mors\/author\/niels-hansen\/\"}]}<\/script>\n<!-- \/ Yoast SEO plugin. -->","yoast_head_json":{"title":"Efter voldssag p\u00e5 gymnasiet: - De unge mangler erfaring i at holde en stor fest - Mors","robots":{"index":"index","follow":"follow","max-snippet":"max-snippet:-1","max-image-preview":"max-image-preview:large","max-video-preview":"max-video-preview:-1"},"canonical":"https:\/\/kunmedierne.dk\/mors\/efter-voldssag-paa-gymnasiet-de-unge-mangler-erfaring-i-at-holde-en-stor-fest\/","og_locale":"da_DK","og_type":"article","og_title":"Efter voldssag p\u00e5 gymnasiet: - De unge mangler erfaring i at holde en stor fest - Mors","og_description":"NYK\u00d8BING: Coronavirussen kan nemt f\u00e5 skyld for lidt af hvert, men i forbindelse med en gymnasiefest fredag aften p\u00e5 Mors\u00f8 Gymnasium er det nok ikke helt skudt ved siden af: \u201dVores elever har i to \u00e5r jo ikke v\u00e6ret til en stor fest eller v\u00e6ret med til at arrangere en,\u201d forklarer vicerektor Birgitte Martiny. Hun [&hellip;]","og_url":"https:\/\/kunmedierne.dk\/mors\/efter-voldssag-paa-gymnasiet-de-unge-mangler-erfaring-i-at-holde-en-stor-fest\/","og_site_name":"Mors","article_published_time":"2021-11-01T17:09:51+00:00","article_modified_time":"2024-08-12T11:35:57+00:00","og_image":[{"width":770,"height":513,"url":"https:\/\/kunmedierne.dk\/mors\/wp-content\/uploads\/2021\/11\/IMG_6400.jpg","type":"image\/jpeg"}],"author":"Niels Hansen","twitter_card":"summary_large_image","twitter_misc":{"Skrevet af":"Niels Hansen","Estimeret l\u00e6setid":"2 minutter"},"schema":{"@context":"https:\/\/schema.org","@graph":[{"@type":"Article","@id":"https:\/\/kunmedierne.dk\/mors\/efter-voldssag-paa-gymnasiet-de-unge-mangler-erfaring-i-at-holde-en-stor-fest\/#article","isPartOf":{"@id":"https:\/\/kunmedierne.dk\/mors\/efter-voldssag-paa-gymnasiet-de-unge-mangler-erfaring-i-at-holde-en-stor-fest\/"},"author":{"name":"Niels Hansen","@id":"https:\/\/kunmedierne.dk\/mors\/#\/schema\/person\/09cc14cd371d523a3528ea9c4fda5254"},"headline":"Efter voldssag p\u00e5 gymnasiet: &#8211; De unge mangler erfaring i at holde en stor fest","datePublished":"2021-11-01T17:09:51+00:00","dateModified":"2024-08-12T11:35:57+00:00","mainEntityOfPage":{"@id":"https:\/\/kunmedierne.dk\/mors\/efter-voldssag-paa-gymnasiet-de-unge-mangler-erfaring-i-at-holde-en-stor-fest\/"},"wordCount":319,"commentCount":0,"publisher":{"@id":"https:\/\/kunmedierne.dk\/mors\/#organization"},"image":{"@id":"https:\/\/kunmedierne.dk\/mors\/efter-voldssag-paa-gymnasiet-de-unge-mangler-erfaring-i-at-holde-en-stor-fest\/#primaryimage"},"thumbnailUrl":"https:\/\/kunmedierne.dk\/mors\/wp-content\/uploads\/2021\/11\/IMG_6400.jpg","keywords":["Skoler og uddannelse"],"articleSection":["112"],"inLanguage":"da-DK","potentialAction":[{"@type":"CommentAction","name":"Comment","target":["https:\/\/kunmedierne.dk\/mors\/efter-voldssag-paa-gymnasiet-de-unge-mangler-erfaring-i-at-holde-en-stor-fest\/#respond"]}]},{"@type":"WebPage","@id":"https:\/\/kunmedierne.dk\/mors\/efter-voldssag-paa-gymnasiet-de-unge-mangler-erfaring-i-at-holde-en-stor-fest\/","url":"https:\/\/kunmedierne.dk\/mors\/efter-voldssag-paa-gymnasiet-de-unge-mangler-erfaring-i-at-holde-en-stor-fest\/","name":"Efter voldssag p\u00e5 gymnasiet: - De unge mangler erfaring i at holde en stor fest - Mors","isPartOf":{"@id":"https:\/\/kunmedierne.dk\/mors\/#website"},"primaryImageOfPage":{"@id":"https:\/\/kunmedierne.dk\/mors\/efter-voldssag-paa-gymnasiet-de-unge-mangler-erfaring-i-at-holde-en-stor-fest\/#primaryimage"},"image":{"@id":"https:\/\/kunmedierne.dk\/mors\/efter-voldssag-paa-gymnasiet-de-unge-mangler-erfaring-i-at-holde-en-stor-fest\/#primaryimage"},"thumbnailUrl":"https:\/\/kunmedierne.dk\/mors\/wp-content\/uploads\/2021\/11\/IMG_6400.jpg","datePublished":"2021-11-01T17:09:51+00:00","dateModified":"2024-08-12T11:35:57+00:00","breadcrumb":{"@id":"https:\/\/kunmedierne.dk\/mors\/efter-voldssag-paa-gymnasiet-de-unge-mangler-erfaring-i-at-holde-en-stor-fest\/#breadcrumb"},"inLanguage":"da-DK","potentialAction":[{"@type":"ReadAction","target":["https:\/\/kunmedierne.dk\/mors\/efter-voldssag-paa-gymnasiet-de-unge-mangler-erfaring-i-at-holde-en-stor-fest\/"]}]},{"@type":"ImageObject","inLanguage":"da-DK","@id":"https:\/\/kunmedierne.dk\/mors\/efter-voldssag-paa-gymnasiet-de-unge-mangler-erfaring-i-at-holde-en-stor-fest\/#primaryimage","url":"https:\/\/kunmedierne.dk\/mors\/wp-content\/uploads\/2021\/11\/IMG_6400.jpg","contentUrl":"https:\/\/kunmedierne.dk\/mors\/wp-content\/uploads\/2021\/11\/IMG_6400.jpg","width":770,"height":513},{"@type":"BreadcrumbList","@id":"https:\/\/kunmedierne.dk\/mors\/efter-voldssag-paa-gymnasiet-de-unge-mangler-erfaring-i-at-holde-en-stor-fest\/#breadcrumb","itemListElement":[{"@type":"ListItem","position":1,"name":"Hjem","item":"https:\/\/kunmedierne.dk\/mors\/"},{"@type":"ListItem","position":2,"name":"Efter voldssag p\u00e5 gymnasiet: &#8211; De unge mangler erfaring i at holde en stor fest"}]},{"@type":"WebSite","@id":"https:\/\/kunmedierne.dk\/mors\/#website","url":"https:\/\/kunmedierne.dk\/mors\/","name":"Mors","description":"et netmedie med journalistik om livet p\u00e5 Mors","publisher":{"@id":"https:\/\/kunmedierne.dk\/mors\/#organization"},"potentialAction":[{"@type":"SearchAction","target":{"@type":"EntryPoint","urlTemplate":"https:\/\/kunmedierne.dk\/mors\/?s={search_term_string}"},"query-input":{"@type":"PropertyValueSpecification","valueRequired":true,"valueName":"search_term_string"}}],"inLanguage":"da-DK"},{"@type":"Organization","@id":"https:\/\/kunmedierne.dk\/mors\/#organization","name":"Mors","url":"https:\/\/kunmedierne.dk\/mors\/","logo":{"@type":"ImageObject","inLanguage":"da-DK","@id":"https:\/\/kunmedierne.dk\/mors\/#\/schema\/logo\/image\/","url":"https:\/\/kunmedierne.dk\/mors\/wp-content\/uploads\/2024\/08\/kunmors-logo.svg","contentUrl":"https:\/\/kunmedierne.dk\/mors\/wp-content\/uploads\/2024\/08\/kunmors-logo.svg","caption":"Mors"},"image":{"@id":"https:\/\/kunmedierne.dk\/mors\/#\/schema\/logo\/image\/"}},{"@type":"Person","@id":"https:\/\/kunmedierne.dk\/mors\/#\/schema\/person\/09cc14cd371d523a3528ea9c4fda5254","name":"Niels Hansen","image":{"@type":"ImageObject","inLanguage":"da-DK","@id":"https:\/\/kunmedierne.dk\/mors\/#\/schema\/person\/image\/","url":"https:\/\/secure.gravatar.com\/avatar\/568e84d860856800f9f57c56a1d8280df5422f50943b8f79fd25417a3720af53?s=96&d=mm&r=g","contentUrl":"https:\/\/secure.gravatar.com\/avatar\/568e84d860856800f9f57c56a1d8280df5422f50943b8f79fd25417a3720af53?s=96&d=mm&r=g","caption":"Niels Hansen"},"url":"https:\/\/kunmedierne.dk\/mors\/author\/niels-hansen\/"}]}},"_links":{"self":[{"href":"https:\/\/kunmedierne.dk\/mors\/wp-json\/wp\/v2\/posts\/56249","targetHints":{"allow":["GET"]}}],"collection":[{"href":"https:\/\/kunmedierne.dk\/mors\/wp-json\/wp\/v2\/posts"}],"about":[{"href":"https:\/\/kunmedierne.dk\/mors\/wp-json\/wp\/v2\/types\/post"}],"author":[{"embeddable":true,"href":"https:\/\/kunmedierne.dk\/mors\/wp-json\/wp\/v2\/users\/176"}],"replies":[{"embeddable":true,"href":"https:\/\/kunmedierne.dk\/mors\/wp-json\/wp\/v2\/comments?post=56249"}],"version-history":[{"count":2,"href":"https:\/\/kunmedierne.dk\/mors\/wp-json\/wp\/v2\/posts\/56249\/revisions"}],"predecessor-version":[{"id":56269,"href":"https:\/\/kunmedierne.dk\/mors\/wp-json\/wp\/v2\/posts\/56249\/revisions\/56269"}],"wp:featuredmedia":[{"embeddable":true,"href":"https:\/\/kunmedierne.dk\/mors\/wp-json\/wp\/v2\/media\/56251"}],"wp:attachment":[{"href":"https:\/\/kunmedierne.dk\/mors\/wp-json\/wp\/v2\/media?parent=56249"}],"wp:term":[{"taxonomy":"category","embeddable":true,"href":"https:\/\/kunmedierne.dk\/mors\/wp-json\/wp\/v2\/categories?post=56249"},{"taxonomy":"post_tag","embeddable":true,"href":"https:\/\/kunmedierne.dk\/mors\/wp-json\/wp\/v2\/tags?post=56249"}],"curies":[{"name":"wp","href":"https:\/\/api.w.org\/{rel}","templated":true}]}}