{"id":56232,"date":"2021-11-01T14:32:43","date_gmt":"2021-11-01T13:32:43","guid":{"rendered":"https:\/\/kunmedierne.dk\/mors\/?p=56232"},"modified":"2024-08-12T13:35:57","modified_gmt":"2024-08-12T11:35:57","slug":"uvaerdig-debat","status":"publish","type":"post","link":"https:\/\/kunmedierne.dk\/mors\/uvaerdig-debat\/","title":{"rendered":"&#8211; Uv\u00e6rdig debat"},"content":{"rendered":"<p><em>Debatindl\u00e6g fra Pia Thorsen, kandidat for Enhedslisten ved kommunal- og regionsr\u00e5dsvalget 2021:<\/em><\/p>\n<hr \/>\n<p><strong>MORS<\/strong>:\u00a0N\u00e5r borgmesteren p\u00e5 et v\u00e6lgerm\u00f8de fort\u00e6ller, at jeg vil lukke Kulturm\u00f8det, s\u00e5 er det en lodret l\u00f8gn og et debatniveau, der ikke er en borgmester v\u00e6rdigt.<\/p>\n<p>Kulturelt Samvirke bad os p\u00e5 v\u00e6lgerm\u00f8det om at forholde os til kulturlivet, de kulturelle institutioner og herunder Kulturm\u00f8det.<\/p>\n<p>Enhedslistens syn p\u00e5 kultur er bredt. Kultur handler f\u00f8rst og fremmest om de mange m\u00e5der, vi som mennesker forholder os p\u00e5 til hinanden og vores omverden. Mennesker skaber kultur, og kultur skaber mennesker. Det er vores fortsatte indbyrdes dannelse.<\/p>\n<p>Kommunens opgave er at skabe rammer for et rigt kulturliv, s\u00e5 alle de folkelige initiativer kan blomstre. Og det g\u00f8r vi dels med de gode puljer, som vi har. Udviklingspuljer, elitepulje og ungepulje, som de unge heldigvis bruger. Men de fysiske rammer halter. Der er foreninger, der mangler lokaler. Prisen for at leje Musikv\u00e6rket er for stor for fx de unge, som nu i valg\u00e5ret endelig er blevet lovet et ungdomshus.<\/p>\n<p><a href=\"https:\/\/www.sparnord.dk\/filialer\/nykoebing-mors\/\"><img loading=\"lazy\" decoding=\"async\" class=\"alignleft size-full wp-image-46595\" src=\"https:\/\/kunmedierne.dk\/mors\/wp-content\/uploads\/2021\/06\/t04.jpg\" alt=\"\" width=\"1400\" height=\"123\" srcset=\"https:\/\/kunmedierne.dk\/mors\/wp-content\/uploads\/2021\/06\/t04.jpg 1400w, https:\/\/kunmedierne.dk\/mors\/wp-content\/uploads\/2021\/06\/t04-300x26.jpg 300w, https:\/\/kunmedierne.dk\/mors\/wp-content\/uploads\/2021\/06\/t04-1024x90.jpg 1024w, https:\/\/kunmedierne.dk\/mors\/wp-content\/uploads\/2021\/06\/t04-768x67.jpg 768w, https:\/\/kunmedierne.dk\/mors\/wp-content\/uploads\/2021\/06\/t04-600x53.jpg 600w\" sizes=\"auto, (max-width: 1400px) 100vw, 1400px\" \/><\/a>De folkelige kulturaktiviteter fremmer m\u00f8der p\u00e5 tv\u00e6rs af kulturelle og sociale lag. Der skal v\u00e6re rum for almindelige menneskers aktiviteter ved siden af den professionelle kultur. Foreningslivet og idr\u00e6tten er en v\u00e6sentlig del af det lokale kulturliv. Derfor skal der v\u00e6re gode vilk\u00e5r for folkelige aktiviteter. Det er vigtigt for den demokratiske udvikling at sikre gratis m\u00f8desteder.<\/p>\n<p>Og vi HAR gratis m\u00f8desteder: Folkeskolerne, friskolerne, frivilligcentret, biblioteket, skomagerhuset, borgerhusene i Fr\u00f8slev og \u00d8ster Assels og sikkert ogs\u00e5 i andre landsbyer.<\/p>\n<p>Forsamlingshusene har f\u00e5et en flot f\u00e6lles hjemmeside, men vi kan g\u00f8re mere for dem. Hj\u00e6lp til energirenovering. G\u00f8re dem uafh\u00e6ngig af lejeindt\u00e6gter, s\u00e5 de kan blive mere \u00e5bne brugerstyrede medborgerkulturhuse.<\/p>\n<p><a href=\"http:\/\/www.limfjordsteatret.dk\/#front\"><img loading=\"lazy\" decoding=\"async\" class=\"alignleft size-full wp-image-46596\" src=\"https:\/\/kunmedierne.dk\/mors\/wp-content\/uploads\/2021\/06\/t05.jpg\" alt=\"\" width=\"1400\" height=\"125\" srcset=\"https:\/\/kunmedierne.dk\/mors\/wp-content\/uploads\/2021\/06\/t05.jpg 1400w, https:\/\/kunmedierne.dk\/mors\/wp-content\/uploads\/2021\/06\/t05-300x27.jpg 300w, https:\/\/kunmedierne.dk\/mors\/wp-content\/uploads\/2021\/06\/t05-1024x91.jpg 1024w, https:\/\/kunmedierne.dk\/mors\/wp-content\/uploads\/2021\/06\/t05-768x69.jpg 768w, https:\/\/kunmedierne.dk\/mors\/wp-content\/uploads\/2021\/06\/t05-600x54.jpg 600w\" sizes=\"auto, (max-width: 1400px) 100vw, 1400px\" \/><\/a>Og det mangler vi i den grad ogs\u00e5 i Nyk\u00f8bing.<\/p>\n<p>Et brugerstyret kulturhus med forskellige v\u00e6rksteder samt m\u00f8de- og \u00f8velokaler. Det h\u00e5ber jeg, at nogle st\u00e6rke foreninger vil tage initiativ til.<\/p>\n<p>N\u00e5r borgmesteren taler om de store events, handler det om, hvilken betydning det har for vores forretninger i g\u00e5gaden. Kommunen skal ikke drive de store events for forretningslivets skyld. Kulturevents er for kulturens skyld! Og kulturevents skal v\u00e6re b\u00e5ret af ildsj\u00e6le &#8211; b\u00e5de de professionelle og amat\u00f8rerne.<\/p>\n<p>Kulturm\u00f8det er blevet elit\u00e6rt, ekskluderende og kommercielt. Leje af en hvid pavillon koster det blege; ingen sm\u00e5 lokale kulturakt\u00f8rer og -foreninger kan v\u00e6re med p\u00e5 de priser. Maden er ekskluderende. Man giver retten til at s\u00e6lge mad til nogle f\u00e5 udvalgte og forventer massevis af frivillige, der vasker op efter en restaurant, der skovler penge ind. Man skulle hellere give alle \u00f8ens restauranter tilbud om en lille madbod, s\u00e5 man fik street-food kultur og mangfoldighed. Og hvor er sprogskolens folkek\u00f8kken p\u00e5 Gasv\u00e6rksvej blevet af? Den folkelige del af Kulturm\u00f8det er skrumpet s\u00e5 meget, at det lige s\u00e5 godt kan afholdes p\u00e5 et konferencecenter.<\/p>\n<p><a href=\"https:\/\/www.braendselsforeningen.dk\/\"><img loading=\"lazy\" decoding=\"async\" class=\"alignleft size-full wp-image-46597\" src=\"https:\/\/kunmedierne.dk\/mors\/wp-content\/uploads\/2021\/06\/t06.jpg\" alt=\"\" width=\"1425\" height=\"127\" srcset=\"https:\/\/kunmedierne.dk\/mors\/wp-content\/uploads\/2021\/06\/t06.jpg 1425w, https:\/\/kunmedierne.dk\/mors\/wp-content\/uploads\/2021\/06\/t06-300x27.jpg 300w, https:\/\/kunmedierne.dk\/mors\/wp-content\/uploads\/2021\/06\/t06-1024x91.jpg 1024w, https:\/\/kunmedierne.dk\/mors\/wp-content\/uploads\/2021\/06\/t06-768x68.jpg 768w, https:\/\/kunmedierne.dk\/mors\/wp-content\/uploads\/2021\/06\/t06-600x53.jpg 600w\" sizes=\"auto, (max-width: 1425px) 100vw, 1425px\" \/><\/a>Pr\u00e6cis det samme med Muslinge- og \u00d8sterspremieren. Elit\u00e6rt og ekskluderende. Det har sigte p\u00e5 turisme og underst\u00f8ttelse af \u00f8del\u00e6ggende muslingedyrkning i Limfjorden.<\/p>\n<p>Borgmesterens udtalelse har sikkert baggrund i Enhedslistens kritik af kommunens \u00e5rlige forbrug af driftsmidler p\u00e5 events, der ikke er vokset ud af den folkelige kultur eller vores kulturinstitutioner, men som udelukkende har et sigte mod branding og turisme. I budgetforliget 2022 har man tilf\u00f8rt flere midler til Muslinge- \u00d8sterspremieren og sparer samtidig p\u00e5 b\u00f8rneomr\u00e5det.<\/p>\n<hr \/>\n<p><em>Har du et bidrag til den lokale debat? Send det til os p\u00e5 e-mail: debat@kunmedierne.dk\/mors. Husk at l\u00e6se korrektur inden afsendelse p\u00e5 indl\u00e6gget.<\/em><\/p>\n<blockquote>\n<h5>Tilmeld dig vores nyhedsbrev og deltag i lodtr\u00e6kningen om en flaske portvin fra Prebens Vinhandel til en v\u00e6rdi af 325 kroner. L\u00e6s mere\u00a0<a href=\"https:\/\/kunmedierne.dk\/mors\/vind-laekker-portvin-fra-prebens-vinhandel\/#prettyPhoto\" target=\"_blank\" rel=\"noopener\">her<\/a>.<\/h5>\n<\/blockquote>\n","protected":false},"excerpt":{"rendered":"<p>Debatindl\u00e6g fra Pia Thorsen, kandidat for Enhedslisten ved kommunal- og regionsr\u00e5dsvalget 2021: MORS:\u00a0N\u00e5r borgmesteren p\u00e5 et v\u00e6lgerm\u00f8de fort\u00e6ller, at jeg vil lukke Kulturm\u00f8det, s\u00e5 er det en lodret l\u00f8gn og et debatniveau, der ikke er en borgmester v\u00e6rdigt. Kulturelt Samvirke bad os p\u00e5 v\u00e6lgerm\u00f8det om at forholde os til kulturlivet, de kulturelle institutioner og herunder [&hellip;]<\/p>\n","protected":false},"author":11,"featured_media":38239,"comment_status":"open","ping_status":"open","sticky":false,"template":"","format":"standard","meta":{"_acf_changed":false,"footnotes":""},"categories":[56],"tags":[],"class_list":["post-56232","post","type-post","status-publish","format-standard","has-post-thumbnail","hentry","category-debat"],"acf":[],"yoast_head":"<!-- This site is optimized with the Yoast SEO plugin v26.8 - https:\/\/yoast.com\/product\/yoast-seo-wordpress\/ -->\n<title>- Uv\u00e6rdig debat - Mors<\/title>\n<meta name=\"robots\" content=\"index, follow, max-snippet:-1, max-image-preview:large, max-video-preview:-1\" \/>\n<link rel=\"canonical\" href=\"https:\/\/kunmedierne.dk\/mors\/uvaerdig-debat\/\" \/>\n<meta property=\"og:locale\" content=\"da_DK\" \/>\n<meta property=\"og:type\" content=\"article\" \/>\n<meta property=\"og:title\" content=\"- Uv\u00e6rdig debat - Mors\" \/>\n<meta property=\"og:description\" content=\"Debatindl\u00e6g fra Pia Thorsen, kandidat for Enhedslisten ved kommunal- og regionsr\u00e5dsvalget 2021: MORS:\u00a0N\u00e5r borgmesteren p\u00e5 et v\u00e6lgerm\u00f8de fort\u00e6ller, at jeg vil lukke Kulturm\u00f8det, s\u00e5 er det en lodret l\u00f8gn og et debatniveau, der ikke er en borgmester v\u00e6rdigt. Kulturelt Samvirke bad os p\u00e5 v\u00e6lgerm\u00f8det om at forholde os til kulturlivet, de kulturelle institutioner og herunder [&hellip;]\" \/>\n<meta property=\"og:url\" content=\"https:\/\/kunmedierne.dk\/mors\/uvaerdig-debat\/\" \/>\n<meta property=\"og:site_name\" content=\"Mors\" \/>\n<meta property=\"article:published_time\" content=\"2021-11-01T13:32:43+00:00\" \/>\n<meta property=\"article:modified_time\" content=\"2024-08-12T11:35:57+00:00\" \/>\n<meta property=\"og:image\" content=\"https:\/\/kunmedierne.dk\/mors\/wp-content\/uploads\/2021\/01\/piathorsen.jpg\" \/>\n\t<meta property=\"og:image:width\" content=\"770\" \/>\n\t<meta property=\"og:image:height\" content=\"513\" \/>\n\t<meta property=\"og:image:type\" content=\"image\/jpeg\" \/>\n<meta name=\"author\" content=\"Debat\" \/>\n<meta name=\"twitter:card\" content=\"summary_large_image\" \/>\n<meta name=\"twitter:label1\" content=\"Skrevet af\" \/>\n\t<meta name=\"twitter:data1\" content=\"Debat\" \/>\n\t<meta name=\"twitter:label2\" content=\"Estimeret l\u00e6setid\" \/>\n\t<meta name=\"twitter:data2\" content=\"4 minutter\" \/>\n<script type=\"application\/ld+json\" class=\"yoast-schema-graph\">{\"@context\":\"https:\/\/schema.org\",\"@graph\":[{\"@type\":\"Article\",\"@id\":\"https:\/\/kunmedierne.dk\/mors\/uvaerdig-debat\/#article\",\"isPartOf\":{\"@id\":\"https:\/\/kunmedierne.dk\/mors\/uvaerdig-debat\/\"},\"author\":{\"name\":\"Debat\",\"@id\":\"https:\/\/kunmedierne.dk\/mors\/#\/schema\/person\/84c1391bce0b43b9bb3a49736bc0ad78\"},\"headline\":\"&#8211; Uv\u00e6rdig debat\",\"datePublished\":\"2021-11-01T13:32:43+00:00\",\"dateModified\":\"2024-08-12T11:35:57+00:00\",\"mainEntityOfPage\":{\"@id\":\"https:\/\/kunmedierne.dk\/mors\/uvaerdig-debat\/\"},\"wordCount\":649,\"commentCount\":0,\"publisher\":{\"@id\":\"https:\/\/kunmedierne.dk\/mors\/#organization\"},\"image\":{\"@id\":\"https:\/\/kunmedierne.dk\/mors\/uvaerdig-debat\/#primaryimage\"},\"thumbnailUrl\":\"https:\/\/kunmedierne.dk\/mors\/wp-content\/uploads\/2021\/01\/piathorsen.jpg\",\"articleSection\":[\"Debat\"],\"inLanguage\":\"da-DK\",\"potentialAction\":[{\"@type\":\"CommentAction\",\"name\":\"Comment\",\"target\":[\"https:\/\/kunmedierne.dk\/mors\/uvaerdig-debat\/#respond\"]}]},{\"@type\":\"WebPage\",\"@id\":\"https:\/\/kunmedierne.dk\/mors\/uvaerdig-debat\/\",\"url\":\"https:\/\/kunmedierne.dk\/mors\/uvaerdig-debat\/\",\"name\":\"- Uv\u00e6rdig debat - Mors\",\"isPartOf\":{\"@id\":\"https:\/\/kunmedierne.dk\/mors\/#website\"},\"primaryImageOfPage\":{\"@id\":\"https:\/\/kunmedierne.dk\/mors\/uvaerdig-debat\/#primaryimage\"},\"image\":{\"@id\":\"https:\/\/kunmedierne.dk\/mors\/uvaerdig-debat\/#primaryimage\"},\"thumbnailUrl\":\"https:\/\/kunmedierne.dk\/mors\/wp-content\/uploads\/2021\/01\/piathorsen.jpg\",\"datePublished\":\"2021-11-01T13:32:43+00:00\",\"dateModified\":\"2024-08-12T11:35:57+00:00\",\"breadcrumb\":{\"@id\":\"https:\/\/kunmedierne.dk\/mors\/uvaerdig-debat\/#breadcrumb\"},\"inLanguage\":\"da-DK\",\"potentialAction\":[{\"@type\":\"ReadAction\",\"target\":[\"https:\/\/kunmedierne.dk\/mors\/uvaerdig-debat\/\"]}]},{\"@type\":\"ImageObject\",\"inLanguage\":\"da-DK\",\"@id\":\"https:\/\/kunmedierne.dk\/mors\/uvaerdig-debat\/#primaryimage\",\"url\":\"https:\/\/kunmedierne.dk\/mors\/wp-content\/uploads\/2021\/01\/piathorsen.jpg\",\"contentUrl\":\"https:\/\/kunmedierne.dk\/mors\/wp-content\/uploads\/2021\/01\/piathorsen.jpg\",\"width\":770,\"height\":513,\"caption\":\"Pia Thorsen, kandidat for Enhedslisten ved kommunal- og regionsr\u00e5dsvalget 2021. Privatfoto\"},{\"@type\":\"BreadcrumbList\",\"@id\":\"https:\/\/kunmedierne.dk\/mors\/uvaerdig-debat\/#breadcrumb\",\"itemListElement\":[{\"@type\":\"ListItem\",\"position\":1,\"name\":\"Hjem\",\"item\":\"https:\/\/kunmedierne.dk\/mors\/\"},{\"@type\":\"ListItem\",\"position\":2,\"name\":\"&#8211; Uv\u00e6rdig debat\"}]},{\"@type\":\"WebSite\",\"@id\":\"https:\/\/kunmedierne.dk\/mors\/#website\",\"url\":\"https:\/\/kunmedierne.dk\/mors\/\",\"name\":\"Mors\",\"description\":\"et netmedie med journalistik om livet p\u00e5 Mors\",\"publisher\":{\"@id\":\"https:\/\/kunmedierne.dk\/mors\/#organization\"},\"potentialAction\":[{\"@type\":\"SearchAction\",\"target\":{\"@type\":\"EntryPoint\",\"urlTemplate\":\"https:\/\/kunmedierne.dk\/mors\/?s={search_term_string}\"},\"query-input\":{\"@type\":\"PropertyValueSpecification\",\"valueRequired\":true,\"valueName\":\"search_term_string\"}}],\"inLanguage\":\"da-DK\"},{\"@type\":\"Organization\",\"@id\":\"https:\/\/kunmedierne.dk\/mors\/#organization\",\"name\":\"Mors\",\"url\":\"https:\/\/kunmedierne.dk\/mors\/\",\"logo\":{\"@type\":\"ImageObject\",\"inLanguage\":\"da-DK\",\"@id\":\"https:\/\/kunmedierne.dk\/mors\/#\/schema\/logo\/image\/\",\"url\":\"https:\/\/kunmedierne.dk\/mors\/wp-content\/uploads\/2024\/08\/kunmors-logo.svg\",\"contentUrl\":\"https:\/\/kunmedierne.dk\/mors\/wp-content\/uploads\/2024\/08\/kunmors-logo.svg\",\"caption\":\"Mors\"},\"image\":{\"@id\":\"https:\/\/kunmedierne.dk\/mors\/#\/schema\/logo\/image\/\"}},{\"@type\":\"Person\",\"@id\":\"https:\/\/kunmedierne.dk\/mors\/#\/schema\/person\/84c1391bce0b43b9bb3a49736bc0ad78\",\"name\":\"Debat\",\"image\":{\"@type\":\"ImageObject\",\"inLanguage\":\"da-DK\",\"@id\":\"https:\/\/kunmedierne.dk\/mors\/#\/schema\/person\/image\/\",\"url\":\"https:\/\/secure.gravatar.com\/avatar\/b0fb2e221d618f7c65162ab0d49c7e8a0b580c871ca03af90e42b47b4150654c?s=96&d=mm&r=g\",\"contentUrl\":\"https:\/\/secure.gravatar.com\/avatar\/b0fb2e221d618f7c65162ab0d49c7e8a0b580c871ca03af90e42b47b4150654c?s=96&d=mm&r=g\",\"caption\":\"Debat\"},\"url\":\"https:\/\/kunmedierne.dk\/mors\/author\/debat\/\"}]}<\/script>\n<!-- \/ Yoast SEO plugin. -->","yoast_head_json":{"title":"- Uv\u00e6rdig debat - Mors","robots":{"index":"index","follow":"follow","max-snippet":"max-snippet:-1","max-image-preview":"max-image-preview:large","max-video-preview":"max-video-preview:-1"},"canonical":"https:\/\/kunmedierne.dk\/mors\/uvaerdig-debat\/","og_locale":"da_DK","og_type":"article","og_title":"- Uv\u00e6rdig debat - Mors","og_description":"Debatindl\u00e6g fra Pia Thorsen, kandidat for Enhedslisten ved kommunal- og regionsr\u00e5dsvalget 2021: MORS:\u00a0N\u00e5r borgmesteren p\u00e5 et v\u00e6lgerm\u00f8de fort\u00e6ller, at jeg vil lukke Kulturm\u00f8det, s\u00e5 er det en lodret l\u00f8gn og et debatniveau, der ikke er en borgmester v\u00e6rdigt. Kulturelt Samvirke bad os p\u00e5 v\u00e6lgerm\u00f8det om at forholde os til kulturlivet, de kulturelle institutioner og herunder [&hellip;]","og_url":"https:\/\/kunmedierne.dk\/mors\/uvaerdig-debat\/","og_site_name":"Mors","article_published_time":"2021-11-01T13:32:43+00:00","article_modified_time":"2024-08-12T11:35:57+00:00","og_image":[{"width":770,"height":513,"url":"https:\/\/kunmedierne.dk\/mors\/wp-content\/uploads\/2021\/01\/piathorsen.jpg","type":"image\/jpeg"}],"author":"Debat","twitter_card":"summary_large_image","twitter_misc":{"Skrevet af":"Debat","Estimeret l\u00e6setid":"4 minutter"},"schema":{"@context":"https:\/\/schema.org","@graph":[{"@type":"Article","@id":"https:\/\/kunmedierne.dk\/mors\/uvaerdig-debat\/#article","isPartOf":{"@id":"https:\/\/kunmedierne.dk\/mors\/uvaerdig-debat\/"},"author":{"name":"Debat","@id":"https:\/\/kunmedierne.dk\/mors\/#\/schema\/person\/84c1391bce0b43b9bb3a49736bc0ad78"},"headline":"&#8211; Uv\u00e6rdig debat","datePublished":"2021-11-01T13:32:43+00:00","dateModified":"2024-08-12T11:35:57+00:00","mainEntityOfPage":{"@id":"https:\/\/kunmedierne.dk\/mors\/uvaerdig-debat\/"},"wordCount":649,"commentCount":0,"publisher":{"@id":"https:\/\/kunmedierne.dk\/mors\/#organization"},"image":{"@id":"https:\/\/kunmedierne.dk\/mors\/uvaerdig-debat\/#primaryimage"},"thumbnailUrl":"https:\/\/kunmedierne.dk\/mors\/wp-content\/uploads\/2021\/01\/piathorsen.jpg","articleSection":["Debat"],"inLanguage":"da-DK","potentialAction":[{"@type":"CommentAction","name":"Comment","target":["https:\/\/kunmedierne.dk\/mors\/uvaerdig-debat\/#respond"]}]},{"@type":"WebPage","@id":"https:\/\/kunmedierne.dk\/mors\/uvaerdig-debat\/","url":"https:\/\/kunmedierne.dk\/mors\/uvaerdig-debat\/","name":"- Uv\u00e6rdig debat - Mors","isPartOf":{"@id":"https:\/\/kunmedierne.dk\/mors\/#website"},"primaryImageOfPage":{"@id":"https:\/\/kunmedierne.dk\/mors\/uvaerdig-debat\/#primaryimage"},"image":{"@id":"https:\/\/kunmedierne.dk\/mors\/uvaerdig-debat\/#primaryimage"},"thumbnailUrl":"https:\/\/kunmedierne.dk\/mors\/wp-content\/uploads\/2021\/01\/piathorsen.jpg","datePublished":"2021-11-01T13:32:43+00:00","dateModified":"2024-08-12T11:35:57+00:00","breadcrumb":{"@id":"https:\/\/kunmedierne.dk\/mors\/uvaerdig-debat\/#breadcrumb"},"inLanguage":"da-DK","potentialAction":[{"@type":"ReadAction","target":["https:\/\/kunmedierne.dk\/mors\/uvaerdig-debat\/"]}]},{"@type":"ImageObject","inLanguage":"da-DK","@id":"https:\/\/kunmedierne.dk\/mors\/uvaerdig-debat\/#primaryimage","url":"https:\/\/kunmedierne.dk\/mors\/wp-content\/uploads\/2021\/01\/piathorsen.jpg","contentUrl":"https:\/\/kunmedierne.dk\/mors\/wp-content\/uploads\/2021\/01\/piathorsen.jpg","width":770,"height":513,"caption":"Pia Thorsen, kandidat for Enhedslisten ved kommunal- og regionsr\u00e5dsvalget 2021. Privatfoto"},{"@type":"BreadcrumbList","@id":"https:\/\/kunmedierne.dk\/mors\/uvaerdig-debat\/#breadcrumb","itemListElement":[{"@type":"ListItem","position":1,"name":"Hjem","item":"https:\/\/kunmedierne.dk\/mors\/"},{"@type":"ListItem","position":2,"name":"&#8211; Uv\u00e6rdig debat"}]},{"@type":"WebSite","@id":"https:\/\/kunmedierne.dk\/mors\/#website","url":"https:\/\/kunmedierne.dk\/mors\/","name":"Mors","description":"et netmedie med journalistik om livet p\u00e5 Mors","publisher":{"@id":"https:\/\/kunmedierne.dk\/mors\/#organization"},"potentialAction":[{"@type":"SearchAction","target":{"@type":"EntryPoint","urlTemplate":"https:\/\/kunmedierne.dk\/mors\/?s={search_term_string}"},"query-input":{"@type":"PropertyValueSpecification","valueRequired":true,"valueName":"search_term_string"}}],"inLanguage":"da-DK"},{"@type":"Organization","@id":"https:\/\/kunmedierne.dk\/mors\/#organization","name":"Mors","url":"https:\/\/kunmedierne.dk\/mors\/","logo":{"@type":"ImageObject","inLanguage":"da-DK","@id":"https:\/\/kunmedierne.dk\/mors\/#\/schema\/logo\/image\/","url":"https:\/\/kunmedierne.dk\/mors\/wp-content\/uploads\/2024\/08\/kunmors-logo.svg","contentUrl":"https:\/\/kunmedierne.dk\/mors\/wp-content\/uploads\/2024\/08\/kunmors-logo.svg","caption":"Mors"},"image":{"@id":"https:\/\/kunmedierne.dk\/mors\/#\/schema\/logo\/image\/"}},{"@type":"Person","@id":"https:\/\/kunmedierne.dk\/mors\/#\/schema\/person\/84c1391bce0b43b9bb3a49736bc0ad78","name":"Debat","image":{"@type":"ImageObject","inLanguage":"da-DK","@id":"https:\/\/kunmedierne.dk\/mors\/#\/schema\/person\/image\/","url":"https:\/\/secure.gravatar.com\/avatar\/b0fb2e221d618f7c65162ab0d49c7e8a0b580c871ca03af90e42b47b4150654c?s=96&d=mm&r=g","contentUrl":"https:\/\/secure.gravatar.com\/avatar\/b0fb2e221d618f7c65162ab0d49c7e8a0b580c871ca03af90e42b47b4150654c?s=96&d=mm&r=g","caption":"Debat"},"url":"https:\/\/kunmedierne.dk\/mors\/author\/debat\/"}]}},"_links":{"self":[{"href":"https:\/\/kunmedierne.dk\/mors\/wp-json\/wp\/v2\/posts\/56232","targetHints":{"allow":["GET"]}}],"collection":[{"href":"https:\/\/kunmedierne.dk\/mors\/wp-json\/wp\/v2\/posts"}],"about":[{"href":"https:\/\/kunmedierne.dk\/mors\/wp-json\/wp\/v2\/types\/post"}],"author":[{"embeddable":true,"href":"https:\/\/kunmedierne.dk\/mors\/wp-json\/wp\/v2\/users\/11"}],"replies":[{"embeddable":true,"href":"https:\/\/kunmedierne.dk\/mors\/wp-json\/wp\/v2\/comments?post=56232"}],"version-history":[{"count":1,"href":"https:\/\/kunmedierne.dk\/mors\/wp-json\/wp\/v2\/posts\/56232\/revisions"}],"predecessor-version":[{"id":56233,"href":"https:\/\/kunmedierne.dk\/mors\/wp-json\/wp\/v2\/posts\/56232\/revisions\/56233"}],"wp:featuredmedia":[{"embeddable":true,"href":"https:\/\/kunmedierne.dk\/mors\/wp-json\/wp\/v2\/media\/38239"}],"wp:attachment":[{"href":"https:\/\/kunmedierne.dk\/mors\/wp-json\/wp\/v2\/media?parent=56232"}],"wp:term":[{"taxonomy":"category","embeddable":true,"href":"https:\/\/kunmedierne.dk\/mors\/wp-json\/wp\/v2\/categories?post=56232"},{"taxonomy":"post_tag","embeddable":true,"href":"https:\/\/kunmedierne.dk\/mors\/wp-json\/wp\/v2\/tags?post=56232"}],"curies":[{"name":"wp","href":"https:\/\/api.w.org\/{rel}","templated":true}]}}