{"id":56071,"date":"2021-10-30T21:02:55","date_gmt":"2021-10-30T19:02:55","guid":{"rendered":"https:\/\/kunmedierne.dk\/mors\/?p=56071"},"modified":"2024-08-12T13:35:57","modified_gmt":"2024-08-12T11:35:57","slug":"der-skal-goeres-en-stoerre-indsats-for-akutbehandling-i-naeromraadet","status":"publish","type":"post","link":"https:\/\/kunmedierne.dk\/mors\/der-skal-goeres-en-stoerre-indsats-for-akutbehandling-i-naeromraadet\/","title":{"rendered":"&#8211; Der skal g\u00f8res en st\u00f8rre indsats for akutbehandling i n\u00e6romr\u00e5det"},"content":{"rendered":"<p><em>Debatindl\u00e6g fra Anette Svindborg, medlem af kommunalbestyrelsen og kandidat for Dansk Folkeparti ved Kommunalvalg 2021:<\/em><\/p>\n<hr \/>\n<p><strong>MORS<\/strong>:\u00a0Igennem de senere \u00e5r er der blevet l\u00e6ngere til specialbehandling p\u00e5 sygehusene. Det er fint for ekspertisen, dog knapt s\u00e5 fint, for dem, der bor i en kommune som vores, hvor der er halvanden times k\u00f8rsel \u2013 eller mere \u2013 til det n\u00e6rmeste st\u00f8rre hospital. Endnu v\u00e6rre er det, hvis man st\u00e5r og har brug for akut behandling for livstruende tilstande.<\/p>\n<p>For at sikre livsvigtig behandling i tide, har man indsat fire akuthelikoptere. Men giver det en falsk tryghed?<\/p>\n<p><a href=\"https:\/\/www.braendselsforeningen.dk\/\"><img loading=\"lazy\" decoding=\"async\" class=\"alignleft size-full wp-image-46597\" src=\"https:\/\/kunmedierne.dk\/mors\/wp-content\/uploads\/2021\/06\/t06.jpg\" alt=\"\" width=\"1425\" height=\"127\" srcset=\"https:\/\/kunmedierne.dk\/mors\/wp-content\/uploads\/2021\/06\/t06.jpg 1425w, https:\/\/kunmedierne.dk\/mors\/wp-content\/uploads\/2021\/06\/t06-300x27.jpg 300w, https:\/\/kunmedierne.dk\/mors\/wp-content\/uploads\/2021\/06\/t06-1024x91.jpg 1024w, https:\/\/kunmedierne.dk\/mors\/wp-content\/uploads\/2021\/06\/t06-768x68.jpg 768w, https:\/\/kunmedierne.dk\/mors\/wp-content\/uploads\/2021\/06\/t06-600x53.jpg 600w\" sizes=\"auto, (max-width: 1425px) 100vw, 1425px\" \/><\/a><\/p>\n<p>Med helikopterne er de muligt at bringe folk fra Mors til akutbehandling p\u00e5 Aalborg sygehus p\u00e5 15-20 minutter. Fantastisk som det er, s\u00e5 er der ogs\u00e5 den vinkel, som vi ikke taler nok om, nemlig at ca. 1 af 10 ture med akuthelikopter bliver opgivet p\u00e5 grund af d\u00e5rligt vejr.\u00a0Nok kan en milit\u00e6rhelikopter s\u00e6ttes ind, men det tager ogs\u00e5 tid og er kun muligt, hvis den ikke er i brug andre steder.\u00a0For folk med indre bl\u00f8dninger eller folk med blodpropper, som kr\u00e6ver hurtig behandling, kan det koste liv \u2013 og det har det gjort i flere tilf\u00e6lde.<\/p>\n<p>Det kan ikke v\u00e6re rigtigt, at det kan have s\u00e5 store konsekvenser at bo langt fra de store sygehuse. Derfor mener jeg, at vi b\u00f8r g\u00f8re hvad vi kan for at sikre adgang til livsn\u00f8dvendige akutbehandlinger p\u00e5\u00a0i n\u00e6romr\u00e5det.\u00a0Vi skal prioritere at tiltr\u00e6kkeekspertise og ressourcer til de sm\u00e5 sygehuse, som Thisted Sygehus og det kommende n\u00e6rsygehus i Nyk\u00f8bing, s\u00e5 akutbehandling for blodpropper, indre bl\u00f8dninger og hovedtraumer ogs\u00e5 er en mulighed, selvom man bor langt fra de store byer.<\/p>\n<p><a href=\"https:\/\/www.sparthy.dk\/\"><img loading=\"lazy\" decoding=\"async\" class=\"alignleft size-full wp-image-46599\" src=\"https:\/\/kunmedierne.dk\/mors\/wp-content\/uploads\/2021\/06\/t08.jpg\" alt=\"\" width=\"1400\" height=\"125\" srcset=\"https:\/\/kunmedierne.dk\/mors\/wp-content\/uploads\/2021\/06\/t08.jpg 1400w, https:\/\/kunmedierne.dk\/mors\/wp-content\/uploads\/2021\/06\/t08-300x27.jpg 300w, https:\/\/kunmedierne.dk\/mors\/wp-content\/uploads\/2021\/06\/t08-1024x91.jpg 1024w, https:\/\/kunmedierne.dk\/mors\/wp-content\/uploads\/2021\/06\/t08-768x69.jpg 768w, https:\/\/kunmedierne.dk\/mors\/wp-content\/uploads\/2021\/06\/t08-600x54.jpg 600w\" sizes=\"auto, (max-width: 1400px) 100vw, 1400px\" \/><\/a><\/p>\n<p>Alle b\u00f8r kunne f\u00f8le sig trygge og have mulighed for at modtage den rette behandling i tide, uanset hvor man bor i landet.<\/p>\n<hr \/>\n<p><em>Har du et bidrag til den lokale debat? Send det til os p\u00e5 e-mail: debat@kunmedierne.dk\/mors. Husk at l\u00e6se korrektur inden afsendelse p\u00e5 indl\u00e6gget.<\/em><\/p>\n","protected":false},"excerpt":{"rendered":"<p>Debatindl\u00e6g fra Anette Svindborg, medlem af kommunalbestyrelsen og kandidat for Dansk Folkeparti ved Kommunalvalg 2021: MORS:\u00a0Igennem de senere \u00e5r er der blevet l\u00e6ngere til specialbehandling p\u00e5 sygehusene. Det er fint for ekspertisen, dog knapt s\u00e5 fint, for dem, der bor i en kommune som vores, hvor der er halvanden times k\u00f8rsel \u2013 eller mere \u2013 [&hellip;]<\/p>\n","protected":false},"author":11,"featured_media":36990,"comment_status":"open","ping_status":"open","sticky":false,"template":"","format":"standard","meta":{"_acf_changed":false,"footnotes":""},"categories":[56],"tags":[167],"class_list":["post-56071","post","type-post","status-publish","format-standard","has-post-thumbnail","hentry","category-debat","tag-politik"],"acf":[],"yoast_head":"<!-- This site is optimized with the Yoast SEO plugin v26.8 - https:\/\/yoast.com\/product\/yoast-seo-wordpress\/ -->\n<title>- Der skal g\u00f8res en st\u00f8rre indsats for akutbehandling i n\u00e6romr\u00e5det - Mors<\/title>\n<meta name=\"robots\" content=\"index, follow, max-snippet:-1, max-image-preview:large, max-video-preview:-1\" \/>\n<link rel=\"canonical\" href=\"https:\/\/kunmedierne.dk\/mors\/der-skal-goeres-en-stoerre-indsats-for-akutbehandling-i-naeromraadet\/\" \/>\n<meta property=\"og:locale\" content=\"da_DK\" \/>\n<meta property=\"og:type\" content=\"article\" \/>\n<meta property=\"og:title\" content=\"- Der skal g\u00f8res en st\u00f8rre indsats for akutbehandling i n\u00e6romr\u00e5det - Mors\" \/>\n<meta property=\"og:description\" content=\"Debatindl\u00e6g fra Anette Svindborg, medlem af kommunalbestyrelsen og kandidat for Dansk Folkeparti ved Kommunalvalg 2021: MORS:\u00a0Igennem de senere \u00e5r er der blevet l\u00e6ngere til specialbehandling p\u00e5 sygehusene. Det er fint for ekspertisen, dog knapt s\u00e5 fint, for dem, der bor i en kommune som vores, hvor der er halvanden times k\u00f8rsel \u2013 eller mere \u2013 [&hellip;]\" \/>\n<meta property=\"og:url\" content=\"https:\/\/kunmedierne.dk\/mors\/der-skal-goeres-en-stoerre-indsats-for-akutbehandling-i-naeromraadet\/\" \/>\n<meta property=\"og:site_name\" content=\"Mors\" \/>\n<meta property=\"article:published_time\" content=\"2021-10-30T19:02:55+00:00\" \/>\n<meta property=\"article:modified_time\" content=\"2024-08-12T11:35:57+00:00\" \/>\n<meta property=\"og:image\" content=\"https:\/\/kunmedierne.dk\/mors\/wp-content\/uploads\/2020\/12\/0-debat-anette-svindborg-o.jpg\" \/>\n\t<meta property=\"og:image:width\" content=\"770\" \/>\n\t<meta property=\"og:image:height\" content=\"513\" \/>\n\t<meta property=\"og:image:type\" content=\"image\/jpeg\" \/>\n<meta name=\"author\" content=\"Debat\" \/>\n<meta name=\"twitter:card\" content=\"summary_large_image\" \/>\n<meta name=\"twitter:label1\" content=\"Skrevet af\" \/>\n\t<meta name=\"twitter:data1\" content=\"Debat\" \/>\n\t<meta name=\"twitter:label2\" content=\"Estimeret l\u00e6setid\" \/>\n\t<meta name=\"twitter:data2\" content=\"2 minutter\" \/>\n<script type=\"application\/ld+json\" class=\"yoast-schema-graph\">{\"@context\":\"https:\/\/schema.org\",\"@graph\":[{\"@type\":\"Article\",\"@id\":\"https:\/\/kunmedierne.dk\/mors\/der-skal-goeres-en-stoerre-indsats-for-akutbehandling-i-naeromraadet\/#article\",\"isPartOf\":{\"@id\":\"https:\/\/kunmedierne.dk\/mors\/der-skal-goeres-en-stoerre-indsats-for-akutbehandling-i-naeromraadet\/\"},\"author\":{\"name\":\"Debat\",\"@id\":\"https:\/\/kunmedierne.dk\/mors\/#\/schema\/person\/84c1391bce0b43b9bb3a49736bc0ad78\"},\"headline\":\"&#8211; Der skal g\u00f8res en st\u00f8rre indsats for akutbehandling i n\u00e6romr\u00e5det\",\"datePublished\":\"2021-10-30T19:02:55+00:00\",\"dateModified\":\"2024-08-12T11:35:57+00:00\",\"mainEntityOfPage\":{\"@id\":\"https:\/\/kunmedierne.dk\/mors\/der-skal-goeres-en-stoerre-indsats-for-akutbehandling-i-naeromraadet\/\"},\"wordCount\":357,\"commentCount\":0,\"publisher\":{\"@id\":\"https:\/\/kunmedierne.dk\/mors\/#organization\"},\"image\":{\"@id\":\"https:\/\/kunmedierne.dk\/mors\/der-skal-goeres-en-stoerre-indsats-for-akutbehandling-i-naeromraadet\/#primaryimage\"},\"thumbnailUrl\":\"https:\/\/kunmedierne.dk\/mors\/wp-content\/uploads\/2020\/12\/0-debat-anette-svindborg-o.jpg\",\"keywords\":[\"Politik\"],\"articleSection\":[\"Debat\"],\"inLanguage\":\"da-DK\",\"potentialAction\":[{\"@type\":\"CommentAction\",\"name\":\"Comment\",\"target\":[\"https:\/\/kunmedierne.dk\/mors\/der-skal-goeres-en-stoerre-indsats-for-akutbehandling-i-naeromraadet\/#respond\"]}]},{\"@type\":\"WebPage\",\"@id\":\"https:\/\/kunmedierne.dk\/mors\/der-skal-goeres-en-stoerre-indsats-for-akutbehandling-i-naeromraadet\/\",\"url\":\"https:\/\/kunmedierne.dk\/mors\/der-skal-goeres-en-stoerre-indsats-for-akutbehandling-i-naeromraadet\/\",\"name\":\"- Der skal g\u00f8res en st\u00f8rre indsats for akutbehandling i n\u00e6romr\u00e5det - Mors\",\"isPartOf\":{\"@id\":\"https:\/\/kunmedierne.dk\/mors\/#website\"},\"primaryImageOfPage\":{\"@id\":\"https:\/\/kunmedierne.dk\/mors\/der-skal-goeres-en-stoerre-indsats-for-akutbehandling-i-naeromraadet\/#primaryimage\"},\"image\":{\"@id\":\"https:\/\/kunmedierne.dk\/mors\/der-skal-goeres-en-stoerre-indsats-for-akutbehandling-i-naeromraadet\/#primaryimage\"},\"thumbnailUrl\":\"https:\/\/kunmedierne.dk\/mors\/wp-content\/uploads\/2020\/12\/0-debat-anette-svindborg-o.jpg\",\"datePublished\":\"2021-10-30T19:02:55+00:00\",\"dateModified\":\"2024-08-12T11:35:57+00:00\",\"breadcrumb\":{\"@id\":\"https:\/\/kunmedierne.dk\/mors\/der-skal-goeres-en-stoerre-indsats-for-akutbehandling-i-naeromraadet\/#breadcrumb\"},\"inLanguage\":\"da-DK\",\"potentialAction\":[{\"@type\":\"ReadAction\",\"target\":[\"https:\/\/kunmedierne.dk\/mors\/der-skal-goeres-en-stoerre-indsats-for-akutbehandling-i-naeromraadet\/\"]}]},{\"@type\":\"ImageObject\",\"inLanguage\":\"da-DK\",\"@id\":\"https:\/\/kunmedierne.dk\/mors\/der-skal-goeres-en-stoerre-indsats-for-akutbehandling-i-naeromraadet\/#primaryimage\",\"url\":\"https:\/\/kunmedierne.dk\/mors\/wp-content\/uploads\/2020\/12\/0-debat-anette-svindborg-o.jpg\",\"contentUrl\":\"https:\/\/kunmedierne.dk\/mors\/wp-content\/uploads\/2020\/12\/0-debat-anette-svindborg-o.jpg\",\"width\":770,\"height\":513,\"caption\":\"Anette Svindborg (DF). Foto: Per Bech\/Mors\u00f8 Kommune.\"},{\"@type\":\"BreadcrumbList\",\"@id\":\"https:\/\/kunmedierne.dk\/mors\/der-skal-goeres-en-stoerre-indsats-for-akutbehandling-i-naeromraadet\/#breadcrumb\",\"itemListElement\":[{\"@type\":\"ListItem\",\"position\":1,\"name\":\"Hjem\",\"item\":\"https:\/\/kunmedierne.dk\/mors\/\"},{\"@type\":\"ListItem\",\"position\":2,\"name\":\"&#8211; Der skal g\u00f8res en st\u00f8rre indsats for akutbehandling i n\u00e6romr\u00e5det\"}]},{\"@type\":\"WebSite\",\"@id\":\"https:\/\/kunmedierne.dk\/mors\/#website\",\"url\":\"https:\/\/kunmedierne.dk\/mors\/\",\"name\":\"Mors\",\"description\":\"et netmedie med journalistik om livet p\u00e5 Mors\",\"publisher\":{\"@id\":\"https:\/\/kunmedierne.dk\/mors\/#organization\"},\"potentialAction\":[{\"@type\":\"SearchAction\",\"target\":{\"@type\":\"EntryPoint\",\"urlTemplate\":\"https:\/\/kunmedierne.dk\/mors\/?s={search_term_string}\"},\"query-input\":{\"@type\":\"PropertyValueSpecification\",\"valueRequired\":true,\"valueName\":\"search_term_string\"}}],\"inLanguage\":\"da-DK\"},{\"@type\":\"Organization\",\"@id\":\"https:\/\/kunmedierne.dk\/mors\/#organization\",\"name\":\"Mors\",\"url\":\"https:\/\/kunmedierne.dk\/mors\/\",\"logo\":{\"@type\":\"ImageObject\",\"inLanguage\":\"da-DK\",\"@id\":\"https:\/\/kunmedierne.dk\/mors\/#\/schema\/logo\/image\/\",\"url\":\"https:\/\/kunmedierne.dk\/mors\/wp-content\/uploads\/2024\/08\/kunmors-logo.svg\",\"contentUrl\":\"https:\/\/kunmedierne.dk\/mors\/wp-content\/uploads\/2024\/08\/kunmors-logo.svg\",\"caption\":\"Mors\"},\"image\":{\"@id\":\"https:\/\/kunmedierne.dk\/mors\/#\/schema\/logo\/image\/\"}},{\"@type\":\"Person\",\"@id\":\"https:\/\/kunmedierne.dk\/mors\/#\/schema\/person\/84c1391bce0b43b9bb3a49736bc0ad78\",\"name\":\"Debat\",\"image\":{\"@type\":\"ImageObject\",\"inLanguage\":\"da-DK\",\"@id\":\"https:\/\/kunmedierne.dk\/mors\/#\/schema\/person\/image\/\",\"url\":\"https:\/\/secure.gravatar.com\/avatar\/b0fb2e221d618f7c65162ab0d49c7e8a0b580c871ca03af90e42b47b4150654c?s=96&d=mm&r=g\",\"contentUrl\":\"https:\/\/secure.gravatar.com\/avatar\/b0fb2e221d618f7c65162ab0d49c7e8a0b580c871ca03af90e42b47b4150654c?s=96&d=mm&r=g\",\"caption\":\"Debat\"},\"url\":\"https:\/\/kunmedierne.dk\/mors\/author\/debat\/\"}]}<\/script>\n<!-- \/ Yoast SEO plugin. -->","yoast_head_json":{"title":"- Der skal g\u00f8res en st\u00f8rre indsats for akutbehandling i n\u00e6romr\u00e5det - Mors","robots":{"index":"index","follow":"follow","max-snippet":"max-snippet:-1","max-image-preview":"max-image-preview:large","max-video-preview":"max-video-preview:-1"},"canonical":"https:\/\/kunmedierne.dk\/mors\/der-skal-goeres-en-stoerre-indsats-for-akutbehandling-i-naeromraadet\/","og_locale":"da_DK","og_type":"article","og_title":"- Der skal g\u00f8res en st\u00f8rre indsats for akutbehandling i n\u00e6romr\u00e5det - Mors","og_description":"Debatindl\u00e6g fra Anette Svindborg, medlem af kommunalbestyrelsen og kandidat for Dansk Folkeparti ved Kommunalvalg 2021: MORS:\u00a0Igennem de senere \u00e5r er der blevet l\u00e6ngere til specialbehandling p\u00e5 sygehusene. Det er fint for ekspertisen, dog knapt s\u00e5 fint, for dem, der bor i en kommune som vores, hvor der er halvanden times k\u00f8rsel \u2013 eller mere \u2013 [&hellip;]","og_url":"https:\/\/kunmedierne.dk\/mors\/der-skal-goeres-en-stoerre-indsats-for-akutbehandling-i-naeromraadet\/","og_site_name":"Mors","article_published_time":"2021-10-30T19:02:55+00:00","article_modified_time":"2024-08-12T11:35:57+00:00","og_image":[{"width":770,"height":513,"url":"https:\/\/kunmedierne.dk\/mors\/wp-content\/uploads\/2020\/12\/0-debat-anette-svindborg-o.jpg","type":"image\/jpeg"}],"author":"Debat","twitter_card":"summary_large_image","twitter_misc":{"Skrevet af":"Debat","Estimeret l\u00e6setid":"2 minutter"},"schema":{"@context":"https:\/\/schema.org","@graph":[{"@type":"Article","@id":"https:\/\/kunmedierne.dk\/mors\/der-skal-goeres-en-stoerre-indsats-for-akutbehandling-i-naeromraadet\/#article","isPartOf":{"@id":"https:\/\/kunmedierne.dk\/mors\/der-skal-goeres-en-stoerre-indsats-for-akutbehandling-i-naeromraadet\/"},"author":{"name":"Debat","@id":"https:\/\/kunmedierne.dk\/mors\/#\/schema\/person\/84c1391bce0b43b9bb3a49736bc0ad78"},"headline":"&#8211; Der skal g\u00f8res en st\u00f8rre indsats for akutbehandling i n\u00e6romr\u00e5det","datePublished":"2021-10-30T19:02:55+00:00","dateModified":"2024-08-12T11:35:57+00:00","mainEntityOfPage":{"@id":"https:\/\/kunmedierne.dk\/mors\/der-skal-goeres-en-stoerre-indsats-for-akutbehandling-i-naeromraadet\/"},"wordCount":357,"commentCount":0,"publisher":{"@id":"https:\/\/kunmedierne.dk\/mors\/#organization"},"image":{"@id":"https:\/\/kunmedierne.dk\/mors\/der-skal-goeres-en-stoerre-indsats-for-akutbehandling-i-naeromraadet\/#primaryimage"},"thumbnailUrl":"https:\/\/kunmedierne.dk\/mors\/wp-content\/uploads\/2020\/12\/0-debat-anette-svindborg-o.jpg","keywords":["Politik"],"articleSection":["Debat"],"inLanguage":"da-DK","potentialAction":[{"@type":"CommentAction","name":"Comment","target":["https:\/\/kunmedierne.dk\/mors\/der-skal-goeres-en-stoerre-indsats-for-akutbehandling-i-naeromraadet\/#respond"]}]},{"@type":"WebPage","@id":"https:\/\/kunmedierne.dk\/mors\/der-skal-goeres-en-stoerre-indsats-for-akutbehandling-i-naeromraadet\/","url":"https:\/\/kunmedierne.dk\/mors\/der-skal-goeres-en-stoerre-indsats-for-akutbehandling-i-naeromraadet\/","name":"- Der skal g\u00f8res en st\u00f8rre indsats for akutbehandling i n\u00e6romr\u00e5det - Mors","isPartOf":{"@id":"https:\/\/kunmedierne.dk\/mors\/#website"},"primaryImageOfPage":{"@id":"https:\/\/kunmedierne.dk\/mors\/der-skal-goeres-en-stoerre-indsats-for-akutbehandling-i-naeromraadet\/#primaryimage"},"image":{"@id":"https:\/\/kunmedierne.dk\/mors\/der-skal-goeres-en-stoerre-indsats-for-akutbehandling-i-naeromraadet\/#primaryimage"},"thumbnailUrl":"https:\/\/kunmedierne.dk\/mors\/wp-content\/uploads\/2020\/12\/0-debat-anette-svindborg-o.jpg","datePublished":"2021-10-30T19:02:55+00:00","dateModified":"2024-08-12T11:35:57+00:00","breadcrumb":{"@id":"https:\/\/kunmedierne.dk\/mors\/der-skal-goeres-en-stoerre-indsats-for-akutbehandling-i-naeromraadet\/#breadcrumb"},"inLanguage":"da-DK","potentialAction":[{"@type":"ReadAction","target":["https:\/\/kunmedierne.dk\/mors\/der-skal-goeres-en-stoerre-indsats-for-akutbehandling-i-naeromraadet\/"]}]},{"@type":"ImageObject","inLanguage":"da-DK","@id":"https:\/\/kunmedierne.dk\/mors\/der-skal-goeres-en-stoerre-indsats-for-akutbehandling-i-naeromraadet\/#primaryimage","url":"https:\/\/kunmedierne.dk\/mors\/wp-content\/uploads\/2020\/12\/0-debat-anette-svindborg-o.jpg","contentUrl":"https:\/\/kunmedierne.dk\/mors\/wp-content\/uploads\/2020\/12\/0-debat-anette-svindborg-o.jpg","width":770,"height":513,"caption":"Anette Svindborg (DF). Foto: Per Bech\/Mors\u00f8 Kommune."},{"@type":"BreadcrumbList","@id":"https:\/\/kunmedierne.dk\/mors\/der-skal-goeres-en-stoerre-indsats-for-akutbehandling-i-naeromraadet\/#breadcrumb","itemListElement":[{"@type":"ListItem","position":1,"name":"Hjem","item":"https:\/\/kunmedierne.dk\/mors\/"},{"@type":"ListItem","position":2,"name":"&#8211; Der skal g\u00f8res en st\u00f8rre indsats for akutbehandling i n\u00e6romr\u00e5det"}]},{"@type":"WebSite","@id":"https:\/\/kunmedierne.dk\/mors\/#website","url":"https:\/\/kunmedierne.dk\/mors\/","name":"Mors","description":"et netmedie med journalistik om livet p\u00e5 Mors","publisher":{"@id":"https:\/\/kunmedierne.dk\/mors\/#organization"},"potentialAction":[{"@type":"SearchAction","target":{"@type":"EntryPoint","urlTemplate":"https:\/\/kunmedierne.dk\/mors\/?s={search_term_string}"},"query-input":{"@type":"PropertyValueSpecification","valueRequired":true,"valueName":"search_term_string"}}],"inLanguage":"da-DK"},{"@type":"Organization","@id":"https:\/\/kunmedierne.dk\/mors\/#organization","name":"Mors","url":"https:\/\/kunmedierne.dk\/mors\/","logo":{"@type":"ImageObject","inLanguage":"da-DK","@id":"https:\/\/kunmedierne.dk\/mors\/#\/schema\/logo\/image\/","url":"https:\/\/kunmedierne.dk\/mors\/wp-content\/uploads\/2024\/08\/kunmors-logo.svg","contentUrl":"https:\/\/kunmedierne.dk\/mors\/wp-content\/uploads\/2024\/08\/kunmors-logo.svg","caption":"Mors"},"image":{"@id":"https:\/\/kunmedierne.dk\/mors\/#\/schema\/logo\/image\/"}},{"@type":"Person","@id":"https:\/\/kunmedierne.dk\/mors\/#\/schema\/person\/84c1391bce0b43b9bb3a49736bc0ad78","name":"Debat","image":{"@type":"ImageObject","inLanguage":"da-DK","@id":"https:\/\/kunmedierne.dk\/mors\/#\/schema\/person\/image\/","url":"https:\/\/secure.gravatar.com\/avatar\/b0fb2e221d618f7c65162ab0d49c7e8a0b580c871ca03af90e42b47b4150654c?s=96&d=mm&r=g","contentUrl":"https:\/\/secure.gravatar.com\/avatar\/b0fb2e221d618f7c65162ab0d49c7e8a0b580c871ca03af90e42b47b4150654c?s=96&d=mm&r=g","caption":"Debat"},"url":"https:\/\/kunmedierne.dk\/mors\/author\/debat\/"}]}},"_links":{"self":[{"href":"https:\/\/kunmedierne.dk\/mors\/wp-json\/wp\/v2\/posts\/56071","targetHints":{"allow":["GET"]}}],"collection":[{"href":"https:\/\/kunmedierne.dk\/mors\/wp-json\/wp\/v2\/posts"}],"about":[{"href":"https:\/\/kunmedierne.dk\/mors\/wp-json\/wp\/v2\/types\/post"}],"author":[{"embeddable":true,"href":"https:\/\/kunmedierne.dk\/mors\/wp-json\/wp\/v2\/users\/11"}],"replies":[{"embeddable":true,"href":"https:\/\/kunmedierne.dk\/mors\/wp-json\/wp\/v2\/comments?post=56071"}],"version-history":[{"count":1,"href":"https:\/\/kunmedierne.dk\/mors\/wp-json\/wp\/v2\/posts\/56071\/revisions"}],"predecessor-version":[{"id":56073,"href":"https:\/\/kunmedierne.dk\/mors\/wp-json\/wp\/v2\/posts\/56071\/revisions\/56073"}],"wp:featuredmedia":[{"embeddable":true,"href":"https:\/\/kunmedierne.dk\/mors\/wp-json\/wp\/v2\/media\/36990"}],"wp:attachment":[{"href":"https:\/\/kunmedierne.dk\/mors\/wp-json\/wp\/v2\/media?parent=56071"}],"wp:term":[{"taxonomy":"category","embeddable":true,"href":"https:\/\/kunmedierne.dk\/mors\/wp-json\/wp\/v2\/categories?post=56071"},{"taxonomy":"post_tag","embeddable":true,"href":"https:\/\/kunmedierne.dk\/mors\/wp-json\/wp\/v2\/tags?post=56071"}],"curies":[{"name":"wp","href":"https:\/\/api.w.org\/{rel}","templated":true}]}}