{"id":55999,"date":"2021-10-30T00:53:55","date_gmt":"2021-10-29T22:53:55","guid":{"rendered":"https:\/\/kunmedierne.dk\/mors\/?p=55999"},"modified":"2024-08-12T13:35:58","modified_gmt":"2024-08-12T11:35:58","slug":"hvor-skal-de-unge-danse-paa-mors","status":"publish","type":"post","link":"https:\/\/kunmedierne.dk\/mors\/hvor-skal-de-unge-danse-paa-mors\/","title":{"rendered":"&#8211; Hvor skal de unge danse p\u00e5 Mors?"},"content":{"rendered":"<p><em>Debatindl\u00e6g fra Jens Hvid Skouboe, kandidat for Demokratisk Balance ved Kommunalvalg 2021:<\/em><\/p>\n<hr \/>\n<p><strong>MORS<\/strong>: \u201dDet eneste, hun ville, var at danse.\u201d S\u00e5dan synger Steffen Brandt fra TV2 p\u00e5 albummet \u201dN\u00e6rmest Lykkelig\u201d. Men det kan hun glemme, kan hun. I al fald hvis trangen kommer over hende p\u00e5 Mors, for vi har ikke l\u00e6ngere noget diskotek p\u00e5 \u00f8en.<\/p>\n<p>Det kan der v\u00e6re mange gode grunde til; f.eks. at det m\u00e5 v\u00e6re sv\u00e6rt at drive en natklub. Det er jo dyrt at g\u00e5 i byen, og derfor ankommer de unge sent til diskotekerne. Og hvis der reelt kun er salg i baren fra 01.00 &#8211; 05.00, ja s\u00e5 er det sin sag at lave en indtjening, der g\u00f8r det muligt at betale l\u00f8nninger og husleje.<\/p>\n<p>Konsekvens: De unge m\u00e5 ud p\u00e5 en l\u00e6ngere tur til Thisted eller Skive, hvis de vil i byen og bade sig i lyset fra kul\u00f8rte diskokugler. At k\u00f8re selv kr\u00e6ver adgang til en bil og stor selvkontrol i forhold til indtaget af alkohol, og det er (siger al erfaring) meget vanskeligt at f\u00e5 fat i en taxa i spidsbelastningsperioderne.<\/p>\n<p><a href=\"https:\/\/morsgaver.dk\/\"><img loading=\"lazy\" decoding=\"async\" class=\"alignleft size-full wp-image-51444\" src=\"https:\/\/kunmedierne.dk\/mors\/wp-content\/uploads\/2021\/09\/KunMors_julegaver_2021.jpg\" alt=\"\" width=\"1400\" height=\"125\" srcset=\"https:\/\/kunmedierne.dk\/mors\/wp-content\/uploads\/2021\/09\/KunMors_julegaver_2021.jpg 1400w, https:\/\/kunmedierne.dk\/mors\/wp-content\/uploads\/2021\/09\/KunMors_julegaver_2021-300x27.jpg 300w, https:\/\/kunmedierne.dk\/mors\/wp-content\/uploads\/2021\/09\/KunMors_julegaver_2021-1024x91.jpg 1024w, https:\/\/kunmedierne.dk\/mors\/wp-content\/uploads\/2021\/09\/KunMors_julegaver_2021-768x69.jpg 768w, https:\/\/kunmedierne.dk\/mors\/wp-content\/uploads\/2021\/09\/KunMors_julegaver_2021-600x54.jpg 600w\" sizes=\"auto, (max-width: 1400px) 100vw, 1400px\" \/><\/a>Nogle har selvf\u00f8lgelig mulighed for bede for\u00e6ldrene eller en kammerat om at k\u00f8re, men det er ofte besv\u00e6rligt, for nu ikke bare at kalde det noget b\u00f8vl, for man skal jo hjem igen.<\/p>\n<p>I Demokratisk Balance vil vi gerne hj\u00e6lpe de unge med at kunne leve et fedt ungdomsliv p\u00e5 Mors &#8211; og samtidig hj\u00e6lpe for\u00e6ldrene til at kunne sove trygt om natten. Vi foresl\u00e5r derfor, at Mors genopliver halbal-konceptet. Den 1. fredag i hver m\u00e5ned kan der v\u00e6re diskotek i f.eks. Bankohallen, og hele Mors skal have mulighed for at v\u00e6re en del af det. B\u00e5de som arrang\u00f8rer og deltagere. De 12 fester arrangeres af forskellige foreninger, som s\u00e5 har en god mulighed for at tjene lidt penge til klubkasserne. De lokale restaurat\u00f8rer kan naturligvis ogs\u00e5 byde ind p\u00e5 at st\u00e5 for baren, hvis den del af festen virker uoverskueligt for en lille forening.<\/p>\n<p><a href=\"https:\/\/www.fmspks.dk\/\"><img loading=\"lazy\" decoding=\"async\" class=\"alignleft size-full wp-image-46592\" src=\"https:\/\/kunmedierne.dk\/mors\/wp-content\/uploads\/2021\/06\/t01.jpg\" alt=\"\" width=\"1400\" height=\"125\" srcset=\"https:\/\/kunmedierne.dk\/mors\/wp-content\/uploads\/2021\/06\/t01.jpg 1400w, https:\/\/kunmedierne.dk\/mors\/wp-content\/uploads\/2021\/06\/t01-300x27.jpg 300w, https:\/\/kunmedierne.dk\/mors\/wp-content\/uploads\/2021\/06\/t01-1024x91.jpg 1024w, https:\/\/kunmedierne.dk\/mors\/wp-content\/uploads\/2021\/06\/t01-768x69.jpg 768w, https:\/\/kunmedierne.dk\/mors\/wp-content\/uploads\/2021\/06\/t01-600x54.jpg 600w\" sizes=\"auto, (max-width: 1400px) 100vw, 1400px\" \/><\/a><\/p>\n<p>Konceptet kan se s\u00e5dan ud:<\/p>\n<p>Billig entre<\/p>\n<p>Lave barpriser<\/p>\n<p>\u00c5bningstid 22.00-02.00<\/p>\n<p>\u00c5ben scene 22.00 \u2013 23.00 for lokale bands<\/p>\n<p>Diskotek 23.00 \u2013 02.00<\/p>\n<p>Busruter ud p\u00e5 \u00f8en kl. 02.30 &#8211; lokale vognm\u00e6nd<\/p>\n<p>Temafester<\/p>\n<p><a href=\"https:\/\/vognmand-filtenborg.dk\/\"><img loading=\"lazy\" decoding=\"async\" class=\"alignleft size-full wp-image-53879\" src=\"https:\/\/kunmedierne.dk\/mors\/wp-content\/uploads\/2021\/10\/NY-Vester-Begravelse-TOP-BUND.jpg\" alt=\"\" width=\"1400\" height=\"125\" srcset=\"https:\/\/kunmedierne.dk\/mors\/wp-content\/uploads\/2021\/10\/NY-Vester-Begravelse-TOP-BUND.jpg 1400w, https:\/\/kunmedierne.dk\/mors\/wp-content\/uploads\/2021\/10\/NY-Vester-Begravelse-TOP-BUND-300x27.jpg 300w, https:\/\/kunmedierne.dk\/mors\/wp-content\/uploads\/2021\/10\/NY-Vester-Begravelse-TOP-BUND-1024x91.jpg 1024w, https:\/\/kunmedierne.dk\/mors\/wp-content\/uploads\/2021\/10\/NY-Vester-Begravelse-TOP-BUND-768x69.jpg 768w, https:\/\/kunmedierne.dk\/mors\/wp-content\/uploads\/2021\/10\/NY-Vester-Begravelse-TOP-BUND-600x54.jpg 600w\" sizes=\"auto, (max-width: 1400px) 100vw, 1400px\" \/><\/a><\/p>\n<p>Kommunen stiller en taskforce til r\u00e5dighed til \u00f8konomistyring og koordinering mellem foreninger, SSP, d\u00f8rm\u00e6nd, vognm\u00e6nd, leverand\u00f8rer og andre interessenter. Det er yderst vigtigt at koordinere kalendere med STX, HTX, Mors\u00f8 festival, Kulturm\u00f8det og \u00f8ens mange byfester, s\u00e5 man ikke konkurrerer mod hinanden, og s\u00e5 alle har mulighed for at v\u00e6re med.<\/p>\n<p>Men et initiativ som dette, kan vi v\u00e6re med til at skabe et trygt og godt ungdomsliv med festmuligheder i trygge rammer. Det arbejde, der er lavet med Fr\u00f8slevbal, er meget imponerende for de 14 til 17-\u00e5rige. Hvis vi i Nyk\u00f8bing kan etablere et koncept for de +18-\u00e5rige, er vi med til at s\u00f8rge for, at de unge kan feste p\u00e5 \u00f8en\u2026 og at det forbliver fedt at bo p\u00e5 Mors.<br \/>\n\u201dFordi der sker noget\u201d.<\/p>\n<hr \/>\n<p><em>Har du et bidrag til den lokale debat? Send det til os p\u00e5 e-mail: debat@kunmedierne.dk\/mors. Husk at l\u00e6se korrektur inden afsendelse p\u00e5 indl\u00e6gget.<\/em><\/p>\n","protected":false},"excerpt":{"rendered":"<p>Debatindl\u00e6g fra Jens Hvid Skouboe, kandidat for Demokratisk Balance ved Kommunalvalg 2021: MORS: \u201dDet eneste, hun ville, var at danse.\u201d S\u00e5dan synger Steffen Brandt fra TV2 p\u00e5 albummet \u201dN\u00e6rmest Lykkelig\u201d. Men det kan hun glemme, kan hun. I al fald hvis trangen kommer over hende p\u00e5 Mors, for vi har ikke l\u00e6ngere noget diskotek p\u00e5 [&hellip;]<\/p>\n","protected":false},"author":11,"featured_media":54538,"comment_status":"open","ping_status":"open","sticky":false,"template":"","format":"standard","meta":{"_acf_changed":false,"footnotes":""},"categories":[56],"tags":[167],"class_list":["post-55999","post","type-post","status-publish","format-standard","has-post-thumbnail","hentry","category-debat","tag-politik"],"acf":[],"yoast_head":"<!-- This site is optimized with the Yoast SEO plugin v26.8 - https:\/\/yoast.com\/product\/yoast-seo-wordpress\/ -->\n<title>- Hvor skal de unge danse p\u00e5 Mors? - Mors<\/title>\n<meta name=\"robots\" content=\"index, follow, max-snippet:-1, max-image-preview:large, max-video-preview:-1\" \/>\n<link rel=\"canonical\" href=\"https:\/\/kunmedierne.dk\/mors\/hvor-skal-de-unge-danse-paa-mors\/\" \/>\n<meta property=\"og:locale\" content=\"da_DK\" \/>\n<meta property=\"og:type\" content=\"article\" \/>\n<meta property=\"og:title\" content=\"- Hvor skal de unge danse p\u00e5 Mors? - Mors\" \/>\n<meta property=\"og:description\" content=\"Debatindl\u00e6g fra Jens Hvid Skouboe, kandidat for Demokratisk Balance ved Kommunalvalg 2021: MORS: \u201dDet eneste, hun ville, var at danse.\u201d S\u00e5dan synger Steffen Brandt fra TV2 p\u00e5 albummet \u201dN\u00e6rmest Lykkelig\u201d. Men det kan hun glemme, kan hun. I al fald hvis trangen kommer over hende p\u00e5 Mors, for vi har ikke l\u00e6ngere noget diskotek p\u00e5 [&hellip;]\" \/>\n<meta property=\"og:url\" content=\"https:\/\/kunmedierne.dk\/mors\/hvor-skal-de-unge-danse-paa-mors\/\" \/>\n<meta property=\"og:site_name\" content=\"Mors\" \/>\n<meta property=\"article:published_time\" content=\"2021-10-29T22:53:55+00:00\" \/>\n<meta property=\"article:modified_time\" content=\"2024-08-12T11:35:58+00:00\" \/>\n<meta property=\"og:image\" content=\"https:\/\/kunmedierne.dk\/mors\/wp-content\/uploads\/2021\/10\/jens-hvid.jpg\" \/>\n\t<meta property=\"og:image:width\" content=\"770\" \/>\n\t<meta property=\"og:image:height\" content=\"513\" \/>\n\t<meta property=\"og:image:type\" content=\"image\/jpeg\" \/>\n<meta name=\"author\" content=\"Debat\" \/>\n<meta name=\"twitter:card\" content=\"summary_large_image\" \/>\n<meta name=\"twitter:label1\" content=\"Skrevet af\" \/>\n\t<meta name=\"twitter:data1\" content=\"Debat\" \/>\n\t<meta name=\"twitter:label2\" content=\"Estimeret l\u00e6setid\" \/>\n\t<meta name=\"twitter:data2\" content=\"3 minutter\" \/>\n<script type=\"application\/ld+json\" class=\"yoast-schema-graph\">{\"@context\":\"https:\/\/schema.org\",\"@graph\":[{\"@type\":\"Article\",\"@id\":\"https:\/\/kunmedierne.dk\/mors\/hvor-skal-de-unge-danse-paa-mors\/#article\",\"isPartOf\":{\"@id\":\"https:\/\/kunmedierne.dk\/mors\/hvor-skal-de-unge-danse-paa-mors\/\"},\"author\":{\"name\":\"Debat\",\"@id\":\"https:\/\/kunmedierne.dk\/mors\/#\/schema\/person\/84c1391bce0b43b9bb3a49736bc0ad78\"},\"headline\":\"&#8211; Hvor skal de unge danse p\u00e5 Mors?\",\"datePublished\":\"2021-10-29T22:53:55+00:00\",\"dateModified\":\"2024-08-12T11:35:58+00:00\",\"mainEntityOfPage\":{\"@id\":\"https:\/\/kunmedierne.dk\/mors\/hvor-skal-de-unge-danse-paa-mors\/\"},\"wordCount\":552,\"commentCount\":0,\"publisher\":{\"@id\":\"https:\/\/kunmedierne.dk\/mors\/#organization\"},\"image\":{\"@id\":\"https:\/\/kunmedierne.dk\/mors\/hvor-skal-de-unge-danse-paa-mors\/#primaryimage\"},\"thumbnailUrl\":\"https:\/\/kunmedierne.dk\/mors\/wp-content\/uploads\/2021\/10\/jens-hvid.jpg\",\"keywords\":[\"Politik\"],\"articleSection\":[\"Debat\"],\"inLanguage\":\"da-DK\",\"potentialAction\":[{\"@type\":\"CommentAction\",\"name\":\"Comment\",\"target\":[\"https:\/\/kunmedierne.dk\/mors\/hvor-skal-de-unge-danse-paa-mors\/#respond\"]}]},{\"@type\":\"WebPage\",\"@id\":\"https:\/\/kunmedierne.dk\/mors\/hvor-skal-de-unge-danse-paa-mors\/\",\"url\":\"https:\/\/kunmedierne.dk\/mors\/hvor-skal-de-unge-danse-paa-mors\/\",\"name\":\"- Hvor skal de unge danse p\u00e5 Mors? - Mors\",\"isPartOf\":{\"@id\":\"https:\/\/kunmedierne.dk\/mors\/#website\"},\"primaryImageOfPage\":{\"@id\":\"https:\/\/kunmedierne.dk\/mors\/hvor-skal-de-unge-danse-paa-mors\/#primaryimage\"},\"image\":{\"@id\":\"https:\/\/kunmedierne.dk\/mors\/hvor-skal-de-unge-danse-paa-mors\/#primaryimage\"},\"thumbnailUrl\":\"https:\/\/kunmedierne.dk\/mors\/wp-content\/uploads\/2021\/10\/jens-hvid.jpg\",\"datePublished\":\"2021-10-29T22:53:55+00:00\",\"dateModified\":\"2024-08-12T11:35:58+00:00\",\"breadcrumb\":{\"@id\":\"https:\/\/kunmedierne.dk\/mors\/hvor-skal-de-unge-danse-paa-mors\/#breadcrumb\"},\"inLanguage\":\"da-DK\",\"potentialAction\":[{\"@type\":\"ReadAction\",\"target\":[\"https:\/\/kunmedierne.dk\/mors\/hvor-skal-de-unge-danse-paa-mors\/\"]}]},{\"@type\":\"ImageObject\",\"inLanguage\":\"da-DK\",\"@id\":\"https:\/\/kunmedierne.dk\/mors\/hvor-skal-de-unge-danse-paa-mors\/#primaryimage\",\"url\":\"https:\/\/kunmedierne.dk\/mors\/wp-content\/uploads\/2021\/10\/jens-hvid.jpg\",\"contentUrl\":\"https:\/\/kunmedierne.dk\/mors\/wp-content\/uploads\/2021\/10\/jens-hvid.jpg\",\"width\":770,\"height\":513,\"caption\":\"Jens Hvid Skouboe, kandidat for Demokratisk Balance ved Kommunalvalg 2021.\"},{\"@type\":\"BreadcrumbList\",\"@id\":\"https:\/\/kunmedierne.dk\/mors\/hvor-skal-de-unge-danse-paa-mors\/#breadcrumb\",\"itemListElement\":[{\"@type\":\"ListItem\",\"position\":1,\"name\":\"Hjem\",\"item\":\"https:\/\/kunmedierne.dk\/mors\/\"},{\"@type\":\"ListItem\",\"position\":2,\"name\":\"&#8211; Hvor skal de unge danse p\u00e5 Mors?\"}]},{\"@type\":\"WebSite\",\"@id\":\"https:\/\/kunmedierne.dk\/mors\/#website\",\"url\":\"https:\/\/kunmedierne.dk\/mors\/\",\"name\":\"Mors\",\"description\":\"et netmedie med journalistik om livet p\u00e5 Mors\",\"publisher\":{\"@id\":\"https:\/\/kunmedierne.dk\/mors\/#organization\"},\"potentialAction\":[{\"@type\":\"SearchAction\",\"target\":{\"@type\":\"EntryPoint\",\"urlTemplate\":\"https:\/\/kunmedierne.dk\/mors\/?s={search_term_string}\"},\"query-input\":{\"@type\":\"PropertyValueSpecification\",\"valueRequired\":true,\"valueName\":\"search_term_string\"}}],\"inLanguage\":\"da-DK\"},{\"@type\":\"Organization\",\"@id\":\"https:\/\/kunmedierne.dk\/mors\/#organization\",\"name\":\"Mors\",\"url\":\"https:\/\/kunmedierne.dk\/mors\/\",\"logo\":{\"@type\":\"ImageObject\",\"inLanguage\":\"da-DK\",\"@id\":\"https:\/\/kunmedierne.dk\/mors\/#\/schema\/logo\/image\/\",\"url\":\"https:\/\/kunmedierne.dk\/mors\/wp-content\/uploads\/2024\/08\/kunmors-logo.svg\",\"contentUrl\":\"https:\/\/kunmedierne.dk\/mors\/wp-content\/uploads\/2024\/08\/kunmors-logo.svg\",\"caption\":\"Mors\"},\"image\":{\"@id\":\"https:\/\/kunmedierne.dk\/mors\/#\/schema\/logo\/image\/\"}},{\"@type\":\"Person\",\"@id\":\"https:\/\/kunmedierne.dk\/mors\/#\/schema\/person\/84c1391bce0b43b9bb3a49736bc0ad78\",\"name\":\"Debat\",\"image\":{\"@type\":\"ImageObject\",\"inLanguage\":\"da-DK\",\"@id\":\"https:\/\/kunmedierne.dk\/mors\/#\/schema\/person\/image\/\",\"url\":\"https:\/\/secure.gravatar.com\/avatar\/b0fb2e221d618f7c65162ab0d49c7e8a0b580c871ca03af90e42b47b4150654c?s=96&d=mm&r=g\",\"contentUrl\":\"https:\/\/secure.gravatar.com\/avatar\/b0fb2e221d618f7c65162ab0d49c7e8a0b580c871ca03af90e42b47b4150654c?s=96&d=mm&r=g\",\"caption\":\"Debat\"},\"url\":\"https:\/\/kunmedierne.dk\/mors\/author\/debat\/\"}]}<\/script>\n<!-- \/ Yoast SEO plugin. -->","yoast_head_json":{"title":"- Hvor skal de unge danse p\u00e5 Mors? - Mors","robots":{"index":"index","follow":"follow","max-snippet":"max-snippet:-1","max-image-preview":"max-image-preview:large","max-video-preview":"max-video-preview:-1"},"canonical":"https:\/\/kunmedierne.dk\/mors\/hvor-skal-de-unge-danse-paa-mors\/","og_locale":"da_DK","og_type":"article","og_title":"- Hvor skal de unge danse p\u00e5 Mors? - Mors","og_description":"Debatindl\u00e6g fra Jens Hvid Skouboe, kandidat for Demokratisk Balance ved Kommunalvalg 2021: MORS: \u201dDet eneste, hun ville, var at danse.\u201d S\u00e5dan synger Steffen Brandt fra TV2 p\u00e5 albummet \u201dN\u00e6rmest Lykkelig\u201d. Men det kan hun glemme, kan hun. I al fald hvis trangen kommer over hende p\u00e5 Mors, for vi har ikke l\u00e6ngere noget diskotek p\u00e5 [&hellip;]","og_url":"https:\/\/kunmedierne.dk\/mors\/hvor-skal-de-unge-danse-paa-mors\/","og_site_name":"Mors","article_published_time":"2021-10-29T22:53:55+00:00","article_modified_time":"2024-08-12T11:35:58+00:00","og_image":[{"width":770,"height":513,"url":"https:\/\/kunmedierne.dk\/mors\/wp-content\/uploads\/2021\/10\/jens-hvid.jpg","type":"image\/jpeg"}],"author":"Debat","twitter_card":"summary_large_image","twitter_misc":{"Skrevet af":"Debat","Estimeret l\u00e6setid":"3 minutter"},"schema":{"@context":"https:\/\/schema.org","@graph":[{"@type":"Article","@id":"https:\/\/kunmedierne.dk\/mors\/hvor-skal-de-unge-danse-paa-mors\/#article","isPartOf":{"@id":"https:\/\/kunmedierne.dk\/mors\/hvor-skal-de-unge-danse-paa-mors\/"},"author":{"name":"Debat","@id":"https:\/\/kunmedierne.dk\/mors\/#\/schema\/person\/84c1391bce0b43b9bb3a49736bc0ad78"},"headline":"&#8211; Hvor skal de unge danse p\u00e5 Mors?","datePublished":"2021-10-29T22:53:55+00:00","dateModified":"2024-08-12T11:35:58+00:00","mainEntityOfPage":{"@id":"https:\/\/kunmedierne.dk\/mors\/hvor-skal-de-unge-danse-paa-mors\/"},"wordCount":552,"commentCount":0,"publisher":{"@id":"https:\/\/kunmedierne.dk\/mors\/#organization"},"image":{"@id":"https:\/\/kunmedierne.dk\/mors\/hvor-skal-de-unge-danse-paa-mors\/#primaryimage"},"thumbnailUrl":"https:\/\/kunmedierne.dk\/mors\/wp-content\/uploads\/2021\/10\/jens-hvid.jpg","keywords":["Politik"],"articleSection":["Debat"],"inLanguage":"da-DK","potentialAction":[{"@type":"CommentAction","name":"Comment","target":["https:\/\/kunmedierne.dk\/mors\/hvor-skal-de-unge-danse-paa-mors\/#respond"]}]},{"@type":"WebPage","@id":"https:\/\/kunmedierne.dk\/mors\/hvor-skal-de-unge-danse-paa-mors\/","url":"https:\/\/kunmedierne.dk\/mors\/hvor-skal-de-unge-danse-paa-mors\/","name":"- Hvor skal de unge danse p\u00e5 Mors? - Mors","isPartOf":{"@id":"https:\/\/kunmedierne.dk\/mors\/#website"},"primaryImageOfPage":{"@id":"https:\/\/kunmedierne.dk\/mors\/hvor-skal-de-unge-danse-paa-mors\/#primaryimage"},"image":{"@id":"https:\/\/kunmedierne.dk\/mors\/hvor-skal-de-unge-danse-paa-mors\/#primaryimage"},"thumbnailUrl":"https:\/\/kunmedierne.dk\/mors\/wp-content\/uploads\/2021\/10\/jens-hvid.jpg","datePublished":"2021-10-29T22:53:55+00:00","dateModified":"2024-08-12T11:35:58+00:00","breadcrumb":{"@id":"https:\/\/kunmedierne.dk\/mors\/hvor-skal-de-unge-danse-paa-mors\/#breadcrumb"},"inLanguage":"da-DK","potentialAction":[{"@type":"ReadAction","target":["https:\/\/kunmedierne.dk\/mors\/hvor-skal-de-unge-danse-paa-mors\/"]}]},{"@type":"ImageObject","inLanguage":"da-DK","@id":"https:\/\/kunmedierne.dk\/mors\/hvor-skal-de-unge-danse-paa-mors\/#primaryimage","url":"https:\/\/kunmedierne.dk\/mors\/wp-content\/uploads\/2021\/10\/jens-hvid.jpg","contentUrl":"https:\/\/kunmedierne.dk\/mors\/wp-content\/uploads\/2021\/10\/jens-hvid.jpg","width":770,"height":513,"caption":"Jens Hvid Skouboe, kandidat for Demokratisk Balance ved Kommunalvalg 2021."},{"@type":"BreadcrumbList","@id":"https:\/\/kunmedierne.dk\/mors\/hvor-skal-de-unge-danse-paa-mors\/#breadcrumb","itemListElement":[{"@type":"ListItem","position":1,"name":"Hjem","item":"https:\/\/kunmedierne.dk\/mors\/"},{"@type":"ListItem","position":2,"name":"&#8211; Hvor skal de unge danse p\u00e5 Mors?"}]},{"@type":"WebSite","@id":"https:\/\/kunmedierne.dk\/mors\/#website","url":"https:\/\/kunmedierne.dk\/mors\/","name":"Mors","description":"et netmedie med journalistik om livet p\u00e5 Mors","publisher":{"@id":"https:\/\/kunmedierne.dk\/mors\/#organization"},"potentialAction":[{"@type":"SearchAction","target":{"@type":"EntryPoint","urlTemplate":"https:\/\/kunmedierne.dk\/mors\/?s={search_term_string}"},"query-input":{"@type":"PropertyValueSpecification","valueRequired":true,"valueName":"search_term_string"}}],"inLanguage":"da-DK"},{"@type":"Organization","@id":"https:\/\/kunmedierne.dk\/mors\/#organization","name":"Mors","url":"https:\/\/kunmedierne.dk\/mors\/","logo":{"@type":"ImageObject","inLanguage":"da-DK","@id":"https:\/\/kunmedierne.dk\/mors\/#\/schema\/logo\/image\/","url":"https:\/\/kunmedierne.dk\/mors\/wp-content\/uploads\/2024\/08\/kunmors-logo.svg","contentUrl":"https:\/\/kunmedierne.dk\/mors\/wp-content\/uploads\/2024\/08\/kunmors-logo.svg","caption":"Mors"},"image":{"@id":"https:\/\/kunmedierne.dk\/mors\/#\/schema\/logo\/image\/"}},{"@type":"Person","@id":"https:\/\/kunmedierne.dk\/mors\/#\/schema\/person\/84c1391bce0b43b9bb3a49736bc0ad78","name":"Debat","image":{"@type":"ImageObject","inLanguage":"da-DK","@id":"https:\/\/kunmedierne.dk\/mors\/#\/schema\/person\/image\/","url":"https:\/\/secure.gravatar.com\/avatar\/b0fb2e221d618f7c65162ab0d49c7e8a0b580c871ca03af90e42b47b4150654c?s=96&d=mm&r=g","contentUrl":"https:\/\/secure.gravatar.com\/avatar\/b0fb2e221d618f7c65162ab0d49c7e8a0b580c871ca03af90e42b47b4150654c?s=96&d=mm&r=g","caption":"Debat"},"url":"https:\/\/kunmedierne.dk\/mors\/author\/debat\/"}]}},"_links":{"self":[{"href":"https:\/\/kunmedierne.dk\/mors\/wp-json\/wp\/v2\/posts\/55999","targetHints":{"allow":["GET"]}}],"collection":[{"href":"https:\/\/kunmedierne.dk\/mors\/wp-json\/wp\/v2\/posts"}],"about":[{"href":"https:\/\/kunmedierne.dk\/mors\/wp-json\/wp\/v2\/types\/post"}],"author":[{"embeddable":true,"href":"https:\/\/kunmedierne.dk\/mors\/wp-json\/wp\/v2\/users\/11"}],"replies":[{"embeddable":true,"href":"https:\/\/kunmedierne.dk\/mors\/wp-json\/wp\/v2\/comments?post=55999"}],"version-history":[{"count":1,"href":"https:\/\/kunmedierne.dk\/mors\/wp-json\/wp\/v2\/posts\/55999\/revisions"}],"predecessor-version":[{"id":56000,"href":"https:\/\/kunmedierne.dk\/mors\/wp-json\/wp\/v2\/posts\/55999\/revisions\/56000"}],"wp:featuredmedia":[{"embeddable":true,"href":"https:\/\/kunmedierne.dk\/mors\/wp-json\/wp\/v2\/media\/54538"}],"wp:attachment":[{"href":"https:\/\/kunmedierne.dk\/mors\/wp-json\/wp\/v2\/media?parent=55999"}],"wp:term":[{"taxonomy":"category","embeddable":true,"href":"https:\/\/kunmedierne.dk\/mors\/wp-json\/wp\/v2\/categories?post=55999"},{"taxonomy":"post_tag","embeddable":true,"href":"https:\/\/kunmedierne.dk\/mors\/wp-json\/wp\/v2\/tags?post=55999"}],"curies":[{"name":"wp","href":"https:\/\/api.w.org\/{rel}","templated":true}]}}