{"id":55968,"date":"2021-10-29T18:26:48","date_gmt":"2021-10-29T16:26:48","guid":{"rendered":"https:\/\/kunmedierne.dk\/mors\/?p=55968"},"modified":"2024-08-12T13:35:58","modified_gmt":"2024-08-12T11:35:58","slug":"regionen-vildleder-og-misinformerer-om-patientbefordring","status":"publish","type":"post","link":"https:\/\/kunmedierne.dk\/mors\/regionen-vildleder-og-misinformerer-om-patientbefordring\/","title":{"rendered":"&#8211; Regionen vildleder og misinformerer om patientbefordring"},"content":{"rendered":"<p><em>Debatindl\u00e6g fra Bo Fink, kandidat for Radikale Venstre, ved kommunal- og regionsr\u00e5dsvalget 2021.<\/em><\/p>\n<hr \/>\n<p><strong>MORS<\/strong>:\u00a0Skal du som bosiddende i Thy eller p\u00e5 Mors til behandling udenfor landsdelen, vil jeg godt opfordre dig til at l\u00e6se regionens informationer om patientbefordring med lup. Informationerne er skrevet vildledende og misvisende, og du risikerer at blive snydt for dine rettigheder som patient.<\/p>\n<p>De sidste 20 \u00e5r er der bygget et meget specialiseret sygehusv\u00e6sen op, og det har \u00f8get kvaliteten, men samtidig har rigtigt mange patienter f\u00e5et rigtigt lange og dyre transportveje. Forst\u00e5eligt nok er der indf\u00f8rt regler, som sikrer disse patienter ret til befordring eller befordringsgodtg\u00f8relse, s\u00e5 den geografiske ulighed i sundhed ikke stikker helt af.<\/p>\n<p>Disse rettigheder pr\u00f8ver regionsr\u00e5det at smyge sig udenom og v\u00e6lter\u00a0 store omkostninger over p\u00e5 patienterne. Efter min opfattelse et udtryk for grov kasset\u00e6nkning.<\/p>\n<p><a href=\"https:\/\/konpap.dk\/\"><img loading=\"lazy\" decoding=\"async\" class=\"alignleft size-full wp-image-49328\" src=\"https:\/\/kunmedierne.dk\/mors\/wp-content\/uploads\/2021\/07\/t10.jpg\" alt=\"\" width=\"1400\" height=\"125\" srcset=\"https:\/\/kunmedierne.dk\/mors\/wp-content\/uploads\/2021\/07\/t10.jpg 1400w, https:\/\/kunmedierne.dk\/mors\/wp-content\/uploads\/2021\/07\/t10-300x27.jpg 300w, https:\/\/kunmedierne.dk\/mors\/wp-content\/uploads\/2021\/07\/t10-1024x91.jpg 1024w, https:\/\/kunmedierne.dk\/mors\/wp-content\/uploads\/2021\/07\/t10-768x69.jpg 768w, https:\/\/kunmedierne.dk\/mors\/wp-content\/uploads\/2021\/07\/t10-600x54.jpg 600w\" sizes=\"auto, (max-width: 1400px) 100vw, 1400px\" \/><\/a>Regionens man\u00f8vre begynder allerede p\u00e5 k\u00f8rselskontorets vejledning p\u00e5 regionens hjemmeside. Hvor der spinnes i et afskr\u00e6kkende sprog. Dette kan dokumenteres ved at sammenligne regionens vejledning med statens bestemmelser.<\/p>\n<p>I sine bestemmelser skriver staten helt enkelt \u201dRegionen yder befordring eller befordringsgodtg\u00f8relse\u2026, medens regionen skriver det som om, at det er en n\u00e5desgave: \u201dDu kan f\u00e5 bevilget\u2026\u201d.<\/p>\n<p>I regionens udgave formuleres kriterierne for at f\u00e5 k\u00f8rselsrefusion som et n\u00e5le\u00f8je og et forhindringsl\u00f8b i to trin.\u00a0 -Statens tekst er helt andeledes enkel og n\u00e6vner bare 3 ligestillede kriterier, hvoraf patienten blot skal opfylde \u00e9t.<\/p>\n<p>Eftersom et af disse tre ligestillede kriterier siger, at der skal v\u00e6re \u201dmindst 50 km til behandlingsstedet, har alle Thy- og Morsingboer ret til befordring eller befordringsgodtg\u00f8relse uden for Thy og Mors.<\/p>\n<p><a href=\"https:\/\/www.sparv.dk\/\"><img loading=\"lazy\" decoding=\"async\" class=\"alignleft size-full wp-image-46602\" src=\"https:\/\/kunmedierne.dk\/mors\/wp-content\/uploads\/2021\/06\/t11.jpg\" alt=\"\" width=\"1400\" height=\"125\" srcset=\"https:\/\/kunmedierne.dk\/mors\/wp-content\/uploads\/2021\/06\/t11.jpg 1400w, https:\/\/kunmedierne.dk\/mors\/wp-content\/uploads\/2021\/06\/t11-300x27.jpg 300w, https:\/\/kunmedierne.dk\/mors\/wp-content\/uploads\/2021\/06\/t11-1024x91.jpg 1024w, https:\/\/kunmedierne.dk\/mors\/wp-content\/uploads\/2021\/06\/t11-768x69.jpg 768w, https:\/\/kunmedierne.dk\/mors\/wp-content\/uploads\/2021\/06\/t11-600x54.jpg 600w\" sizes=\"auto, (max-width: 1400px) 100vw, 1400px\" \/><\/a>Min n\u00e6ste anke er den del, der omfatter regionens misinformation, og som jeg anser for ganske grov. Jeg kan forestille mig, at mange Thy- og\u00a0 morsingboer godt kunne t\u00e6nke sig at g\u00f8re brug af det fri sygehusvalg i forhold behandlinger i Viborg og p\u00e5 det kommende supersygehus i G\u00f8dstrup ved Herning. Det vil i hvert fald v\u00e6re et oplagt valg for borgere, der er bosat i Sydthy, og det bliver ekstra attraktivt, fordi\u00a0 man med Thybanen kan k\u00f8re med tog til d\u00f8ren.<\/p>\n<p>Men om brug af det fri sygehusvalg, skriver region Nordjylland, at det m\u00e5 ske for egen regning, hvilket er objektivt forkert.<\/p>\n<p>Statens regler er ganske klare. Hvis du har ret til befordringsgodtg\u00f8relse til et behandlingssted i regionen, s\u00e5 har du ogs\u00e5 ret til befordringsgodtg\u00f8relse til et sted uden for regionen, bare det ligger mere end 50 kilometer v\u00e6k.<\/p>\n<p>P\u00e5 dette punkt vil jeg godt sammenligne statens og regionens formuleringerne i fuld tekst.<\/p>\n<p>Regionen skriver:<\/p>\n<p>\u201dBefordring ved frit eller udvidet frit sygehusvalg<\/p>\n<p>Du skal selv s\u00f8rge for og betale din transport, hvis du har\u00a0valgt at flytte din unders\u00f8gelse eller behandling til et andet offentligt eller privat hospital, som ikke er en del af Region Nordjyllands eget behandlingstilbud. \u201d<\/p>\n<p><a href=\"https:\/\/thistedkloakservice.dk\/\"><img loading=\"lazy\" decoding=\"async\" class=\"alignleft size-full wp-image-46603\" src=\"https:\/\/kunmedierne.dk\/mors\/wp-content\/uploads\/2021\/06\/t12.jpg\" alt=\"\" width=\"1400\" height=\"125\" srcset=\"https:\/\/kunmedierne.dk\/mors\/wp-content\/uploads\/2021\/06\/t12.jpg 1400w, https:\/\/kunmedierne.dk\/mors\/wp-content\/uploads\/2021\/06\/t12-300x27.jpg 300w, https:\/\/kunmedierne.dk\/mors\/wp-content\/uploads\/2021\/06\/t12-1024x91.jpg 1024w, https:\/\/kunmedierne.dk\/mors\/wp-content\/uploads\/2021\/06\/t12-768x69.jpg 768w, https:\/\/kunmedierne.dk\/mors\/wp-content\/uploads\/2021\/06\/t12-600x54.jpg 600w\" sizes=\"auto, (max-width: 1400px) 100vw, 1400px\" \/><\/a>staten skriver:<\/p>\n<p>\u201d[Du]&#8230;har ret til godtg\u00f8relse af deres befordringsudgifter som minimum svarende til befordringsudgiften til det behandlingssted, hvor behandlingen ville have fundet sted efter regionsr\u00e5dets visitationskriterier.\u201d<\/p>\n<p>Jeg synes dette er en slem misere. Heldigvis er l\u00f8sningen ganske enkel. L\u00f8sningen er at genindf\u00f8re samme regler, der var g\u00e6ldende indtil 31.12.2018. S\u00e5 f\u00e5r borgerne deres ret, og hvad vigtigere er, vi f\u00e5r bedre patientforl\u00f8b.<\/p>\n<hr \/>\n<p><em>Har du et bidrag til den lokale debat? Send det til os p\u00e5 e-mail: debat@kunmedierne.dk\/mors. Husk at l\u00e6se korrektur inden afsendelse p\u00e5 indl\u00e6gget.<\/em><\/p>\n","protected":false},"excerpt":{"rendered":"<p>Debatindl\u00e6g fra Bo Fink, kandidat for Radikale Venstre, ved kommunal- og regionsr\u00e5dsvalget 2021. MORS:\u00a0Skal du som bosiddende i Thy eller p\u00e5 Mors til behandling udenfor landsdelen, vil jeg godt opfordre dig til at l\u00e6se regionens informationer om patientbefordring med lup. Informationerne er skrevet vildledende og misvisende, og du risikerer at blive snydt for dine rettigheder [&hellip;]<\/p>\n","protected":false},"author":11,"featured_media":54495,"comment_status":"open","ping_status":"open","sticky":false,"template":"","format":"standard","meta":{"_acf_changed":false,"footnotes":""},"categories":[56],"tags":[167],"class_list":["post-55968","post","type-post","status-publish","format-standard","has-post-thumbnail","hentry","category-debat","tag-politik"],"acf":[],"yoast_head":"<!-- This site is optimized with the Yoast SEO plugin v26.8 - https:\/\/yoast.com\/product\/yoast-seo-wordpress\/ -->\n<title>- Regionen vildleder og misinformerer om patientbefordring - Mors<\/title>\n<meta name=\"robots\" content=\"index, follow, max-snippet:-1, max-image-preview:large, max-video-preview:-1\" \/>\n<link rel=\"canonical\" href=\"https:\/\/kunmedierne.dk\/mors\/regionen-vildleder-og-misinformerer-om-patientbefordring\/\" \/>\n<meta property=\"og:locale\" content=\"da_DK\" \/>\n<meta property=\"og:type\" content=\"article\" \/>\n<meta property=\"og:title\" content=\"- Regionen vildleder og misinformerer om patientbefordring - Mors\" \/>\n<meta property=\"og:description\" content=\"Debatindl\u00e6g fra Bo Fink, kandidat for Radikale Venstre, ved kommunal- og regionsr\u00e5dsvalget 2021. MORS:\u00a0Skal du som bosiddende i Thy eller p\u00e5 Mors til behandling udenfor landsdelen, vil jeg godt opfordre dig til at l\u00e6se regionens informationer om patientbefordring med lup. Informationerne er skrevet vildledende og misvisende, og du risikerer at blive snydt for dine rettigheder [&hellip;]\" \/>\n<meta property=\"og:url\" content=\"https:\/\/kunmedierne.dk\/mors\/regionen-vildleder-og-misinformerer-om-patientbefordring\/\" \/>\n<meta property=\"og:site_name\" content=\"Mors\" \/>\n<meta property=\"article:published_time\" content=\"2021-10-29T16:26:48+00:00\" \/>\n<meta property=\"article:modified_time\" content=\"2024-08-12T11:35:58+00:00\" \/>\n<meta property=\"og:image\" content=\"https:\/\/kunmedierne.dk\/mors\/wp-content\/uploads\/2021\/10\/bo-fink-regionsraadsvalget.jpg\" \/>\n\t<meta property=\"og:image:width\" content=\"770\" \/>\n\t<meta property=\"og:image:height\" content=\"513\" \/>\n\t<meta property=\"og:image:type\" content=\"image\/jpeg\" \/>\n<meta name=\"author\" content=\"Debat\" \/>\n<meta name=\"twitter:card\" content=\"summary_large_image\" \/>\n<meta name=\"twitter:label1\" content=\"Skrevet af\" \/>\n\t<meta name=\"twitter:data1\" content=\"Debat\" \/>\n\t<meta name=\"twitter:label2\" content=\"Estimeret l\u00e6setid\" \/>\n\t<meta name=\"twitter:data2\" content=\"3 minutter\" \/>\n<script type=\"application\/ld+json\" class=\"yoast-schema-graph\">{\"@context\":\"https:\/\/schema.org\",\"@graph\":[{\"@type\":\"Article\",\"@id\":\"https:\/\/kunmedierne.dk\/mors\/regionen-vildleder-og-misinformerer-om-patientbefordring\/#article\",\"isPartOf\":{\"@id\":\"https:\/\/kunmedierne.dk\/mors\/regionen-vildleder-og-misinformerer-om-patientbefordring\/\"},\"author\":{\"name\":\"Debat\",\"@id\":\"https:\/\/kunmedierne.dk\/mors\/#\/schema\/person\/84c1391bce0b43b9bb3a49736bc0ad78\"},\"headline\":\"&#8211; Regionen vildleder og misinformerer om patientbefordring\",\"datePublished\":\"2021-10-29T16:26:48+00:00\",\"dateModified\":\"2024-08-12T11:35:58+00:00\",\"mainEntityOfPage\":{\"@id\":\"https:\/\/kunmedierne.dk\/mors\/regionen-vildleder-og-misinformerer-om-patientbefordring\/\"},\"wordCount\":593,\"commentCount\":0,\"publisher\":{\"@id\":\"https:\/\/kunmedierne.dk\/mors\/#organization\"},\"image\":{\"@id\":\"https:\/\/kunmedierne.dk\/mors\/regionen-vildleder-og-misinformerer-om-patientbefordring\/#primaryimage\"},\"thumbnailUrl\":\"https:\/\/kunmedierne.dk\/mors\/wp-content\/uploads\/2021\/10\/bo-fink-regionsraadsvalget.jpg\",\"keywords\":[\"Politik\"],\"articleSection\":[\"Debat\"],\"inLanguage\":\"da-DK\",\"potentialAction\":[{\"@type\":\"CommentAction\",\"name\":\"Comment\",\"target\":[\"https:\/\/kunmedierne.dk\/mors\/regionen-vildleder-og-misinformerer-om-patientbefordring\/#respond\"]}]},{\"@type\":\"WebPage\",\"@id\":\"https:\/\/kunmedierne.dk\/mors\/regionen-vildleder-og-misinformerer-om-patientbefordring\/\",\"url\":\"https:\/\/kunmedierne.dk\/mors\/regionen-vildleder-og-misinformerer-om-patientbefordring\/\",\"name\":\"- Regionen vildleder og misinformerer om patientbefordring - Mors\",\"isPartOf\":{\"@id\":\"https:\/\/kunmedierne.dk\/mors\/#website\"},\"primaryImageOfPage\":{\"@id\":\"https:\/\/kunmedierne.dk\/mors\/regionen-vildleder-og-misinformerer-om-patientbefordring\/#primaryimage\"},\"image\":{\"@id\":\"https:\/\/kunmedierne.dk\/mors\/regionen-vildleder-og-misinformerer-om-patientbefordring\/#primaryimage\"},\"thumbnailUrl\":\"https:\/\/kunmedierne.dk\/mors\/wp-content\/uploads\/2021\/10\/bo-fink-regionsraadsvalget.jpg\",\"datePublished\":\"2021-10-29T16:26:48+00:00\",\"dateModified\":\"2024-08-12T11:35:58+00:00\",\"breadcrumb\":{\"@id\":\"https:\/\/kunmedierne.dk\/mors\/regionen-vildleder-og-misinformerer-om-patientbefordring\/#breadcrumb\"},\"inLanguage\":\"da-DK\",\"potentialAction\":[{\"@type\":\"ReadAction\",\"target\":[\"https:\/\/kunmedierne.dk\/mors\/regionen-vildleder-og-misinformerer-om-patientbefordring\/\"]}]},{\"@type\":\"ImageObject\",\"inLanguage\":\"da-DK\",\"@id\":\"https:\/\/kunmedierne.dk\/mors\/regionen-vildleder-og-misinformerer-om-patientbefordring\/#primaryimage\",\"url\":\"https:\/\/kunmedierne.dk\/mors\/wp-content\/uploads\/2021\/10\/bo-fink-regionsraadsvalget.jpg\",\"contentUrl\":\"https:\/\/kunmedierne.dk\/mors\/wp-content\/uploads\/2021\/10\/bo-fink-regionsraadsvalget.jpg\",\"width\":770,\"height\":513,\"caption\":\"Bo Fink, kandidat til regionsr\u00e5det og kommunalbestyrelsen for Radikale Venstre.\"},{\"@type\":\"BreadcrumbList\",\"@id\":\"https:\/\/kunmedierne.dk\/mors\/regionen-vildleder-og-misinformerer-om-patientbefordring\/#breadcrumb\",\"itemListElement\":[{\"@type\":\"ListItem\",\"position\":1,\"name\":\"Hjem\",\"item\":\"https:\/\/kunmedierne.dk\/mors\/\"},{\"@type\":\"ListItem\",\"position\":2,\"name\":\"&#8211; Regionen vildleder og misinformerer om patientbefordring\"}]},{\"@type\":\"WebSite\",\"@id\":\"https:\/\/kunmedierne.dk\/mors\/#website\",\"url\":\"https:\/\/kunmedierne.dk\/mors\/\",\"name\":\"Mors\",\"description\":\"et netmedie med journalistik om livet p\u00e5 Mors\",\"publisher\":{\"@id\":\"https:\/\/kunmedierne.dk\/mors\/#organization\"},\"potentialAction\":[{\"@type\":\"SearchAction\",\"target\":{\"@type\":\"EntryPoint\",\"urlTemplate\":\"https:\/\/kunmedierne.dk\/mors\/?s={search_term_string}\"},\"query-input\":{\"@type\":\"PropertyValueSpecification\",\"valueRequired\":true,\"valueName\":\"search_term_string\"}}],\"inLanguage\":\"da-DK\"},{\"@type\":\"Organization\",\"@id\":\"https:\/\/kunmedierne.dk\/mors\/#organization\",\"name\":\"Mors\",\"url\":\"https:\/\/kunmedierne.dk\/mors\/\",\"logo\":{\"@type\":\"ImageObject\",\"inLanguage\":\"da-DK\",\"@id\":\"https:\/\/kunmedierne.dk\/mors\/#\/schema\/logo\/image\/\",\"url\":\"https:\/\/kunmedierne.dk\/mors\/wp-content\/uploads\/2024\/08\/kunmors-logo.svg\",\"contentUrl\":\"https:\/\/kunmedierne.dk\/mors\/wp-content\/uploads\/2024\/08\/kunmors-logo.svg\",\"caption\":\"Mors\"},\"image\":{\"@id\":\"https:\/\/kunmedierne.dk\/mors\/#\/schema\/logo\/image\/\"}},{\"@type\":\"Person\",\"@id\":\"https:\/\/kunmedierne.dk\/mors\/#\/schema\/person\/84c1391bce0b43b9bb3a49736bc0ad78\",\"name\":\"Debat\",\"image\":{\"@type\":\"ImageObject\",\"inLanguage\":\"da-DK\",\"@id\":\"https:\/\/kunmedierne.dk\/mors\/#\/schema\/person\/image\/\",\"url\":\"https:\/\/secure.gravatar.com\/avatar\/b0fb2e221d618f7c65162ab0d49c7e8a0b580c871ca03af90e42b47b4150654c?s=96&d=mm&r=g\",\"contentUrl\":\"https:\/\/secure.gravatar.com\/avatar\/b0fb2e221d618f7c65162ab0d49c7e8a0b580c871ca03af90e42b47b4150654c?s=96&d=mm&r=g\",\"caption\":\"Debat\"},\"url\":\"https:\/\/kunmedierne.dk\/mors\/author\/debat\/\"}]}<\/script>\n<!-- \/ Yoast SEO plugin. -->","yoast_head_json":{"title":"- Regionen vildleder og misinformerer om patientbefordring - Mors","robots":{"index":"index","follow":"follow","max-snippet":"max-snippet:-1","max-image-preview":"max-image-preview:large","max-video-preview":"max-video-preview:-1"},"canonical":"https:\/\/kunmedierne.dk\/mors\/regionen-vildleder-og-misinformerer-om-patientbefordring\/","og_locale":"da_DK","og_type":"article","og_title":"- Regionen vildleder og misinformerer om patientbefordring - Mors","og_description":"Debatindl\u00e6g fra Bo Fink, kandidat for Radikale Venstre, ved kommunal- og regionsr\u00e5dsvalget 2021. MORS:\u00a0Skal du som bosiddende i Thy eller p\u00e5 Mors til behandling udenfor landsdelen, vil jeg godt opfordre dig til at l\u00e6se regionens informationer om patientbefordring med lup. Informationerne er skrevet vildledende og misvisende, og du risikerer at blive snydt for dine rettigheder [&hellip;]","og_url":"https:\/\/kunmedierne.dk\/mors\/regionen-vildleder-og-misinformerer-om-patientbefordring\/","og_site_name":"Mors","article_published_time":"2021-10-29T16:26:48+00:00","article_modified_time":"2024-08-12T11:35:58+00:00","og_image":[{"width":770,"height":513,"url":"https:\/\/kunmedierne.dk\/mors\/wp-content\/uploads\/2021\/10\/bo-fink-regionsraadsvalget.jpg","type":"image\/jpeg"}],"author":"Debat","twitter_card":"summary_large_image","twitter_misc":{"Skrevet af":"Debat","Estimeret l\u00e6setid":"3 minutter"},"schema":{"@context":"https:\/\/schema.org","@graph":[{"@type":"Article","@id":"https:\/\/kunmedierne.dk\/mors\/regionen-vildleder-og-misinformerer-om-patientbefordring\/#article","isPartOf":{"@id":"https:\/\/kunmedierne.dk\/mors\/regionen-vildleder-og-misinformerer-om-patientbefordring\/"},"author":{"name":"Debat","@id":"https:\/\/kunmedierne.dk\/mors\/#\/schema\/person\/84c1391bce0b43b9bb3a49736bc0ad78"},"headline":"&#8211; Regionen vildleder og misinformerer om patientbefordring","datePublished":"2021-10-29T16:26:48+00:00","dateModified":"2024-08-12T11:35:58+00:00","mainEntityOfPage":{"@id":"https:\/\/kunmedierne.dk\/mors\/regionen-vildleder-og-misinformerer-om-patientbefordring\/"},"wordCount":593,"commentCount":0,"publisher":{"@id":"https:\/\/kunmedierne.dk\/mors\/#organization"},"image":{"@id":"https:\/\/kunmedierne.dk\/mors\/regionen-vildleder-og-misinformerer-om-patientbefordring\/#primaryimage"},"thumbnailUrl":"https:\/\/kunmedierne.dk\/mors\/wp-content\/uploads\/2021\/10\/bo-fink-regionsraadsvalget.jpg","keywords":["Politik"],"articleSection":["Debat"],"inLanguage":"da-DK","potentialAction":[{"@type":"CommentAction","name":"Comment","target":["https:\/\/kunmedierne.dk\/mors\/regionen-vildleder-og-misinformerer-om-patientbefordring\/#respond"]}]},{"@type":"WebPage","@id":"https:\/\/kunmedierne.dk\/mors\/regionen-vildleder-og-misinformerer-om-patientbefordring\/","url":"https:\/\/kunmedierne.dk\/mors\/regionen-vildleder-og-misinformerer-om-patientbefordring\/","name":"- Regionen vildleder og misinformerer om patientbefordring - Mors","isPartOf":{"@id":"https:\/\/kunmedierne.dk\/mors\/#website"},"primaryImageOfPage":{"@id":"https:\/\/kunmedierne.dk\/mors\/regionen-vildleder-og-misinformerer-om-patientbefordring\/#primaryimage"},"image":{"@id":"https:\/\/kunmedierne.dk\/mors\/regionen-vildleder-og-misinformerer-om-patientbefordring\/#primaryimage"},"thumbnailUrl":"https:\/\/kunmedierne.dk\/mors\/wp-content\/uploads\/2021\/10\/bo-fink-regionsraadsvalget.jpg","datePublished":"2021-10-29T16:26:48+00:00","dateModified":"2024-08-12T11:35:58+00:00","breadcrumb":{"@id":"https:\/\/kunmedierne.dk\/mors\/regionen-vildleder-og-misinformerer-om-patientbefordring\/#breadcrumb"},"inLanguage":"da-DK","potentialAction":[{"@type":"ReadAction","target":["https:\/\/kunmedierne.dk\/mors\/regionen-vildleder-og-misinformerer-om-patientbefordring\/"]}]},{"@type":"ImageObject","inLanguage":"da-DK","@id":"https:\/\/kunmedierne.dk\/mors\/regionen-vildleder-og-misinformerer-om-patientbefordring\/#primaryimage","url":"https:\/\/kunmedierne.dk\/mors\/wp-content\/uploads\/2021\/10\/bo-fink-regionsraadsvalget.jpg","contentUrl":"https:\/\/kunmedierne.dk\/mors\/wp-content\/uploads\/2021\/10\/bo-fink-regionsraadsvalget.jpg","width":770,"height":513,"caption":"Bo Fink, kandidat til regionsr\u00e5det og kommunalbestyrelsen for Radikale Venstre."},{"@type":"BreadcrumbList","@id":"https:\/\/kunmedierne.dk\/mors\/regionen-vildleder-og-misinformerer-om-patientbefordring\/#breadcrumb","itemListElement":[{"@type":"ListItem","position":1,"name":"Hjem","item":"https:\/\/kunmedierne.dk\/mors\/"},{"@type":"ListItem","position":2,"name":"&#8211; Regionen vildleder og misinformerer om patientbefordring"}]},{"@type":"WebSite","@id":"https:\/\/kunmedierne.dk\/mors\/#website","url":"https:\/\/kunmedierne.dk\/mors\/","name":"Mors","description":"et netmedie med journalistik om livet p\u00e5 Mors","publisher":{"@id":"https:\/\/kunmedierne.dk\/mors\/#organization"},"potentialAction":[{"@type":"SearchAction","target":{"@type":"EntryPoint","urlTemplate":"https:\/\/kunmedierne.dk\/mors\/?s={search_term_string}"},"query-input":{"@type":"PropertyValueSpecification","valueRequired":true,"valueName":"search_term_string"}}],"inLanguage":"da-DK"},{"@type":"Organization","@id":"https:\/\/kunmedierne.dk\/mors\/#organization","name":"Mors","url":"https:\/\/kunmedierne.dk\/mors\/","logo":{"@type":"ImageObject","inLanguage":"da-DK","@id":"https:\/\/kunmedierne.dk\/mors\/#\/schema\/logo\/image\/","url":"https:\/\/kunmedierne.dk\/mors\/wp-content\/uploads\/2024\/08\/kunmors-logo.svg","contentUrl":"https:\/\/kunmedierne.dk\/mors\/wp-content\/uploads\/2024\/08\/kunmors-logo.svg","caption":"Mors"},"image":{"@id":"https:\/\/kunmedierne.dk\/mors\/#\/schema\/logo\/image\/"}},{"@type":"Person","@id":"https:\/\/kunmedierne.dk\/mors\/#\/schema\/person\/84c1391bce0b43b9bb3a49736bc0ad78","name":"Debat","image":{"@type":"ImageObject","inLanguage":"da-DK","@id":"https:\/\/kunmedierne.dk\/mors\/#\/schema\/person\/image\/","url":"https:\/\/secure.gravatar.com\/avatar\/b0fb2e221d618f7c65162ab0d49c7e8a0b580c871ca03af90e42b47b4150654c?s=96&d=mm&r=g","contentUrl":"https:\/\/secure.gravatar.com\/avatar\/b0fb2e221d618f7c65162ab0d49c7e8a0b580c871ca03af90e42b47b4150654c?s=96&d=mm&r=g","caption":"Debat"},"url":"https:\/\/kunmedierne.dk\/mors\/author\/debat\/"}]}},"_links":{"self":[{"href":"https:\/\/kunmedierne.dk\/mors\/wp-json\/wp\/v2\/posts\/55968","targetHints":{"allow":["GET"]}}],"collection":[{"href":"https:\/\/kunmedierne.dk\/mors\/wp-json\/wp\/v2\/posts"}],"about":[{"href":"https:\/\/kunmedierne.dk\/mors\/wp-json\/wp\/v2\/types\/post"}],"author":[{"embeddable":true,"href":"https:\/\/kunmedierne.dk\/mors\/wp-json\/wp\/v2\/users\/11"}],"replies":[{"embeddable":true,"href":"https:\/\/kunmedierne.dk\/mors\/wp-json\/wp\/v2\/comments?post=55968"}],"version-history":[{"count":1,"href":"https:\/\/kunmedierne.dk\/mors\/wp-json\/wp\/v2\/posts\/55968\/revisions"}],"predecessor-version":[{"id":55969,"href":"https:\/\/kunmedierne.dk\/mors\/wp-json\/wp\/v2\/posts\/55968\/revisions\/55969"}],"wp:featuredmedia":[{"embeddable":true,"href":"https:\/\/kunmedierne.dk\/mors\/wp-json\/wp\/v2\/media\/54495"}],"wp:attachment":[{"href":"https:\/\/kunmedierne.dk\/mors\/wp-json\/wp\/v2\/media?parent=55968"}],"wp:term":[{"taxonomy":"category","embeddable":true,"href":"https:\/\/kunmedierne.dk\/mors\/wp-json\/wp\/v2\/categories?post=55968"},{"taxonomy":"post_tag","embeddable":true,"href":"https:\/\/kunmedierne.dk\/mors\/wp-json\/wp\/v2\/tags?post=55968"}],"curies":[{"name":"wp","href":"https:\/\/api.w.org\/{rel}","templated":true}]}}