{"id":55958,"date":"2021-10-29T16:04:31","date_gmt":"2021-10-29T14:04:31","guid":{"rendered":"https:\/\/kunmedierne.dk\/mors\/?p=55958"},"modified":"2024-08-12T13:35:58","modified_gmt":"2024-08-12T11:35:58","slug":"spoergsmaal-til-ulla-astman","status":"publish","type":"post","link":"https:\/\/kunmedierne.dk\/mors\/spoergsmaal-til-ulla-astman\/","title":{"rendered":"&#8211; Sp\u00f8rgsm\u00e5l til Ulla Astman"},"content":{"rendered":"<p><em>Debatindl\u00e6g fra Henning S\u00f8rensen, formand for det sociale udvalg i Mors\u00f8 Kommune og kandidat for Venstre ved Kommunalvalg 2021:<\/em><\/p>\n<hr \/>\n<p><strong>MORS<\/strong>: I Regionsr\u00e5det har I vedtaget en beredskabsmodel inden for ambulancetjenesten. Hvad er servicem\u00e5lene p\u00e5 Mors og hvordan skal det fungere i praksis?<\/p>\n<p>N\u00e5r ambulancen i Nyk\u00f8bing er sendt af sted, vil Mors s\u00e5 \u2013 uanset om ambulancen er i f.eks Hj\u00f8rring eller \u00c5lborg &#8211; v\u00e6re uden ambulance? I bekr\u00e6ftende fald vil Mors v\u00e6re helt uden ambulanced\u00e6kning i lange tidsrum og det vil v\u00e6re en klar forringelse i forhold til nu.<\/p>\n<p>Jeg ved, at der &#8211; efter de nye regler &#8211; vil blive m\u00e5lt p\u00e5 f\u00f8rste enheds tilstedev\u00e6relse, men g\u00e6lder det ogs\u00e5, hvis det er akuthj\u00e6lperne fra Karby eller \u00d8ster Assels, der n\u00e5r f\u00f8rst frem?<\/p>\n<p><a href=\"https:\/\/www.braendselsforeningen.dk\/\"><img loading=\"lazy\" decoding=\"async\" class=\"alignleft size-full wp-image-46597\" src=\"https:\/\/kunmedierne.dk\/mors\/wp-content\/uploads\/2021\/06\/t06.jpg\" alt=\"\" width=\"1425\" height=\"127\" srcset=\"https:\/\/kunmedierne.dk\/mors\/wp-content\/uploads\/2021\/06\/t06.jpg 1425w, https:\/\/kunmedierne.dk\/mors\/wp-content\/uploads\/2021\/06\/t06-300x27.jpg 300w, https:\/\/kunmedierne.dk\/mors\/wp-content\/uploads\/2021\/06\/t06-1024x91.jpg 1024w, https:\/\/kunmedierne.dk\/mors\/wp-content\/uploads\/2021\/06\/t06-768x68.jpg 768w, https:\/\/kunmedierne.dk\/mors\/wp-content\/uploads\/2021\/06\/t06-600x53.jpg 600w\" sizes=\"auto, (max-width: 1425px) 100vw, 1425px\" \/><\/a>Med baggrund i 20.000 indbyggere p\u00e5 \u00f8en forst\u00e5r jeg ikke, at der ikke blev plads til en akutbil bemandet med en paramediciner p\u00e5 Mors. Det ville have givet et d\u00e6kkende og trygt beredskab p\u00e5 \u00f8en.<\/p>\n<p>I det nye forlig kan jeg se, at der er afsat penge til \u00f8get beredskab. Derfor ville det v\u00e6re n\u00e6rliggende at Mors ogs\u00e5 blev tilgodeset p\u00e5 det punkt. Yderligere vil paramedicineren kunne g\u00f8re stor gavn p\u00e5 et N\u00e6rhospital, n\u00e5r der ikke er udrykning.<\/p>\n<p>Hvorfor f\u00e5r vi ikke en akutbil med en paramediciner p\u00e5 Mors?<\/p>\n<hr \/>\n<p><em>Har du et bidrag til den lokale debat? Send det til os p\u00e5 e-mail: debat@kunmedierne.dk\/mors. Husk at l\u00e6se korrektur inden afsendelse p\u00e5 indl\u00e6gget.<\/em><\/p>\n","protected":false},"excerpt":{"rendered":"<p>Debatindl\u00e6g fra Henning S\u00f8rensen, formand for det sociale udvalg i Mors\u00f8 Kommune og kandidat for Venstre ved Kommunalvalg 2021: MORS: I Regionsr\u00e5det har I vedtaget en beredskabsmodel inden for ambulancetjenesten. Hvad er servicem\u00e5lene p\u00e5 Mors og hvordan skal det fungere i praksis? N\u00e5r ambulancen i Nyk\u00f8bing er sendt af sted, vil Mors s\u00e5 \u2013 uanset [&hellip;]<\/p>\n","protected":false},"author":11,"featured_media":15114,"comment_status":"open","ping_status":"open","sticky":false,"template":"","format":"standard","meta":{"_acf_changed":false,"footnotes":""},"categories":[56],"tags":[167],"class_list":["post-55958","post","type-post","status-publish","format-standard","has-post-thumbnail","hentry","category-debat","tag-politik"],"acf":[],"yoast_head":"<!-- This site is optimized with the Yoast SEO plugin v26.8 - https:\/\/yoast.com\/product\/yoast-seo-wordpress\/ -->\n<title>- Sp\u00f8rgsm\u00e5l til Ulla Astman - Mors<\/title>\n<meta name=\"robots\" content=\"index, follow, max-snippet:-1, max-image-preview:large, max-video-preview:-1\" \/>\n<link rel=\"canonical\" href=\"https:\/\/kunmedierne.dk\/mors\/spoergsmaal-til-ulla-astman\/\" \/>\n<meta property=\"og:locale\" content=\"da_DK\" \/>\n<meta property=\"og:type\" content=\"article\" \/>\n<meta property=\"og:title\" content=\"- Sp\u00f8rgsm\u00e5l til Ulla Astman - Mors\" \/>\n<meta property=\"og:description\" content=\"Debatindl\u00e6g fra Henning S\u00f8rensen, formand for det sociale udvalg i Mors\u00f8 Kommune og kandidat for Venstre ved Kommunalvalg 2021: MORS: I Regionsr\u00e5det har I vedtaget en beredskabsmodel inden for ambulancetjenesten. Hvad er servicem\u00e5lene p\u00e5 Mors og hvordan skal det fungere i praksis? N\u00e5r ambulancen i Nyk\u00f8bing er sendt af sted, vil Mors s\u00e5 \u2013 uanset [&hellip;]\" \/>\n<meta property=\"og:url\" content=\"https:\/\/kunmedierne.dk\/mors\/spoergsmaal-til-ulla-astman\/\" \/>\n<meta property=\"og:site_name\" content=\"Mors\" \/>\n<meta property=\"article:published_time\" content=\"2021-10-29T14:04:31+00:00\" \/>\n<meta property=\"article:modified_time\" content=\"2024-08-12T11:35:58+00:00\" \/>\n<meta property=\"og:image\" content=\"https:\/\/kunmedierne.dk\/mors\/wp-content\/uploads\/2020\/03\/200401-henning-s\u00f8rensen-V.jpg\" \/>\n\t<meta property=\"og:image:width\" content=\"770\" \/>\n\t<meta property=\"og:image:height\" content=\"513\" \/>\n\t<meta property=\"og:image:type\" content=\"image\/jpeg\" \/>\n<meta name=\"author\" content=\"Debat\" \/>\n<meta name=\"twitter:card\" content=\"summary_large_image\" \/>\n<meta name=\"twitter:label1\" content=\"Skrevet af\" \/>\n\t<meta name=\"twitter:data1\" content=\"Debat\" \/>\n\t<meta name=\"twitter:label2\" content=\"Estimeret l\u00e6setid\" \/>\n\t<meta name=\"twitter:data2\" content=\"2 minutter\" \/>\n<script type=\"application\/ld+json\" class=\"yoast-schema-graph\">{\"@context\":\"https:\/\/schema.org\",\"@graph\":[{\"@type\":\"Article\",\"@id\":\"https:\/\/kunmedierne.dk\/mors\/spoergsmaal-til-ulla-astman\/#article\",\"isPartOf\":{\"@id\":\"https:\/\/kunmedierne.dk\/mors\/spoergsmaal-til-ulla-astman\/\"},\"author\":{\"name\":\"Debat\",\"@id\":\"https:\/\/kunmedierne.dk\/mors\/#\/schema\/person\/84c1391bce0b43b9bb3a49736bc0ad78\"},\"headline\":\"&#8211; Sp\u00f8rgsm\u00e5l til Ulla Astman\",\"datePublished\":\"2021-10-29T14:04:31+00:00\",\"dateModified\":\"2024-08-12T11:35:58+00:00\",\"mainEntityOfPage\":{\"@id\":\"https:\/\/kunmedierne.dk\/mors\/spoergsmaal-til-ulla-astman\/\"},\"wordCount\":272,\"commentCount\":0,\"publisher\":{\"@id\":\"https:\/\/kunmedierne.dk\/mors\/#organization\"},\"image\":{\"@id\":\"https:\/\/kunmedierne.dk\/mors\/spoergsmaal-til-ulla-astman\/#primaryimage\"},\"thumbnailUrl\":\"https:\/\/kunmedierne.dk\/mors\/wp-content\/uploads\/2020\/03\/200401-henning-s\u00f8rensen-V.jpg\",\"keywords\":[\"Politik\"],\"articleSection\":[\"Debat\"],\"inLanguage\":\"da-DK\",\"potentialAction\":[{\"@type\":\"CommentAction\",\"name\":\"Comment\",\"target\":[\"https:\/\/kunmedierne.dk\/mors\/spoergsmaal-til-ulla-astman\/#respond\"]}]},{\"@type\":\"WebPage\",\"@id\":\"https:\/\/kunmedierne.dk\/mors\/spoergsmaal-til-ulla-astman\/\",\"url\":\"https:\/\/kunmedierne.dk\/mors\/spoergsmaal-til-ulla-astman\/\",\"name\":\"- Sp\u00f8rgsm\u00e5l til Ulla Astman - Mors\",\"isPartOf\":{\"@id\":\"https:\/\/kunmedierne.dk\/mors\/#website\"},\"primaryImageOfPage\":{\"@id\":\"https:\/\/kunmedierne.dk\/mors\/spoergsmaal-til-ulla-astman\/#primaryimage\"},\"image\":{\"@id\":\"https:\/\/kunmedierne.dk\/mors\/spoergsmaal-til-ulla-astman\/#primaryimage\"},\"thumbnailUrl\":\"https:\/\/kunmedierne.dk\/mors\/wp-content\/uploads\/2020\/03\/200401-henning-s\u00f8rensen-V.jpg\",\"datePublished\":\"2021-10-29T14:04:31+00:00\",\"dateModified\":\"2024-08-12T11:35:58+00:00\",\"breadcrumb\":{\"@id\":\"https:\/\/kunmedierne.dk\/mors\/spoergsmaal-til-ulla-astman\/#breadcrumb\"},\"inLanguage\":\"da-DK\",\"potentialAction\":[{\"@type\":\"ReadAction\",\"target\":[\"https:\/\/kunmedierne.dk\/mors\/spoergsmaal-til-ulla-astman\/\"]}]},{\"@type\":\"ImageObject\",\"inLanguage\":\"da-DK\",\"@id\":\"https:\/\/kunmedierne.dk\/mors\/spoergsmaal-til-ulla-astman\/#primaryimage\",\"url\":\"https:\/\/kunmedierne.dk\/mors\/wp-content\/uploads\/2020\/03\/200401-henning-s\u00f8rensen-V.jpg\",\"contentUrl\":\"https:\/\/kunmedierne.dk\/mors\/wp-content\/uploads\/2020\/03\/200401-henning-s\u00f8rensen-V.jpg\",\"width\":770,\"height\":513,\"caption\":\"Henning S\u00f8rensen (V). Foto: Per Bech\/Mors\u00f8 Kommune.\"},{\"@type\":\"BreadcrumbList\",\"@id\":\"https:\/\/kunmedierne.dk\/mors\/spoergsmaal-til-ulla-astman\/#breadcrumb\",\"itemListElement\":[{\"@type\":\"ListItem\",\"position\":1,\"name\":\"Hjem\",\"item\":\"https:\/\/kunmedierne.dk\/mors\/\"},{\"@type\":\"ListItem\",\"position\":2,\"name\":\"&#8211; Sp\u00f8rgsm\u00e5l til Ulla Astman\"}]},{\"@type\":\"WebSite\",\"@id\":\"https:\/\/kunmedierne.dk\/mors\/#website\",\"url\":\"https:\/\/kunmedierne.dk\/mors\/\",\"name\":\"Mors\",\"description\":\"et netmedie med journalistik om livet p\u00e5 Mors\",\"publisher\":{\"@id\":\"https:\/\/kunmedierne.dk\/mors\/#organization\"},\"potentialAction\":[{\"@type\":\"SearchAction\",\"target\":{\"@type\":\"EntryPoint\",\"urlTemplate\":\"https:\/\/kunmedierne.dk\/mors\/?s={search_term_string}\"},\"query-input\":{\"@type\":\"PropertyValueSpecification\",\"valueRequired\":true,\"valueName\":\"search_term_string\"}}],\"inLanguage\":\"da-DK\"},{\"@type\":\"Organization\",\"@id\":\"https:\/\/kunmedierne.dk\/mors\/#organization\",\"name\":\"Mors\",\"url\":\"https:\/\/kunmedierne.dk\/mors\/\",\"logo\":{\"@type\":\"ImageObject\",\"inLanguage\":\"da-DK\",\"@id\":\"https:\/\/kunmedierne.dk\/mors\/#\/schema\/logo\/image\/\",\"url\":\"https:\/\/kunmedierne.dk\/mors\/wp-content\/uploads\/2024\/08\/kunmors-logo.svg\",\"contentUrl\":\"https:\/\/kunmedierne.dk\/mors\/wp-content\/uploads\/2024\/08\/kunmors-logo.svg\",\"caption\":\"Mors\"},\"image\":{\"@id\":\"https:\/\/kunmedierne.dk\/mors\/#\/schema\/logo\/image\/\"}},{\"@type\":\"Person\",\"@id\":\"https:\/\/kunmedierne.dk\/mors\/#\/schema\/person\/84c1391bce0b43b9bb3a49736bc0ad78\",\"name\":\"Debat\",\"image\":{\"@type\":\"ImageObject\",\"inLanguage\":\"da-DK\",\"@id\":\"https:\/\/kunmedierne.dk\/mors\/#\/schema\/person\/image\/\",\"url\":\"https:\/\/secure.gravatar.com\/avatar\/b0fb2e221d618f7c65162ab0d49c7e8a0b580c871ca03af90e42b47b4150654c?s=96&d=mm&r=g\",\"contentUrl\":\"https:\/\/secure.gravatar.com\/avatar\/b0fb2e221d618f7c65162ab0d49c7e8a0b580c871ca03af90e42b47b4150654c?s=96&d=mm&r=g\",\"caption\":\"Debat\"},\"url\":\"https:\/\/kunmedierne.dk\/mors\/author\/debat\/\"}]}<\/script>\n<!-- \/ Yoast SEO plugin. -->","yoast_head_json":{"title":"- Sp\u00f8rgsm\u00e5l til Ulla Astman - Mors","robots":{"index":"index","follow":"follow","max-snippet":"max-snippet:-1","max-image-preview":"max-image-preview:large","max-video-preview":"max-video-preview:-1"},"canonical":"https:\/\/kunmedierne.dk\/mors\/spoergsmaal-til-ulla-astman\/","og_locale":"da_DK","og_type":"article","og_title":"- Sp\u00f8rgsm\u00e5l til Ulla Astman - Mors","og_description":"Debatindl\u00e6g fra Henning S\u00f8rensen, formand for det sociale udvalg i Mors\u00f8 Kommune og kandidat for Venstre ved Kommunalvalg 2021: MORS: I Regionsr\u00e5det har I vedtaget en beredskabsmodel inden for ambulancetjenesten. Hvad er servicem\u00e5lene p\u00e5 Mors og hvordan skal det fungere i praksis? N\u00e5r ambulancen i Nyk\u00f8bing er sendt af sted, vil Mors s\u00e5 \u2013 uanset [&hellip;]","og_url":"https:\/\/kunmedierne.dk\/mors\/spoergsmaal-til-ulla-astman\/","og_site_name":"Mors","article_published_time":"2021-10-29T14:04:31+00:00","article_modified_time":"2024-08-12T11:35:58+00:00","og_image":[{"width":770,"height":513,"url":"https:\/\/kunmedierne.dk\/mors\/wp-content\/uploads\/2020\/03\/200401-henning-s\u00f8rensen-V.jpg","type":"image\/jpeg"}],"author":"Debat","twitter_card":"summary_large_image","twitter_misc":{"Skrevet af":"Debat","Estimeret l\u00e6setid":"2 minutter"},"schema":{"@context":"https:\/\/schema.org","@graph":[{"@type":"Article","@id":"https:\/\/kunmedierne.dk\/mors\/spoergsmaal-til-ulla-astman\/#article","isPartOf":{"@id":"https:\/\/kunmedierne.dk\/mors\/spoergsmaal-til-ulla-astman\/"},"author":{"name":"Debat","@id":"https:\/\/kunmedierne.dk\/mors\/#\/schema\/person\/84c1391bce0b43b9bb3a49736bc0ad78"},"headline":"&#8211; Sp\u00f8rgsm\u00e5l til Ulla Astman","datePublished":"2021-10-29T14:04:31+00:00","dateModified":"2024-08-12T11:35:58+00:00","mainEntityOfPage":{"@id":"https:\/\/kunmedierne.dk\/mors\/spoergsmaal-til-ulla-astman\/"},"wordCount":272,"commentCount":0,"publisher":{"@id":"https:\/\/kunmedierne.dk\/mors\/#organization"},"image":{"@id":"https:\/\/kunmedierne.dk\/mors\/spoergsmaal-til-ulla-astman\/#primaryimage"},"thumbnailUrl":"https:\/\/kunmedierne.dk\/mors\/wp-content\/uploads\/2020\/03\/200401-henning-s\u00f8rensen-V.jpg","keywords":["Politik"],"articleSection":["Debat"],"inLanguage":"da-DK","potentialAction":[{"@type":"CommentAction","name":"Comment","target":["https:\/\/kunmedierne.dk\/mors\/spoergsmaal-til-ulla-astman\/#respond"]}]},{"@type":"WebPage","@id":"https:\/\/kunmedierne.dk\/mors\/spoergsmaal-til-ulla-astman\/","url":"https:\/\/kunmedierne.dk\/mors\/spoergsmaal-til-ulla-astman\/","name":"- Sp\u00f8rgsm\u00e5l til Ulla Astman - Mors","isPartOf":{"@id":"https:\/\/kunmedierne.dk\/mors\/#website"},"primaryImageOfPage":{"@id":"https:\/\/kunmedierne.dk\/mors\/spoergsmaal-til-ulla-astman\/#primaryimage"},"image":{"@id":"https:\/\/kunmedierne.dk\/mors\/spoergsmaal-til-ulla-astman\/#primaryimage"},"thumbnailUrl":"https:\/\/kunmedierne.dk\/mors\/wp-content\/uploads\/2020\/03\/200401-henning-s\u00f8rensen-V.jpg","datePublished":"2021-10-29T14:04:31+00:00","dateModified":"2024-08-12T11:35:58+00:00","breadcrumb":{"@id":"https:\/\/kunmedierne.dk\/mors\/spoergsmaal-til-ulla-astman\/#breadcrumb"},"inLanguage":"da-DK","potentialAction":[{"@type":"ReadAction","target":["https:\/\/kunmedierne.dk\/mors\/spoergsmaal-til-ulla-astman\/"]}]},{"@type":"ImageObject","inLanguage":"da-DK","@id":"https:\/\/kunmedierne.dk\/mors\/spoergsmaal-til-ulla-astman\/#primaryimage","url":"https:\/\/kunmedierne.dk\/mors\/wp-content\/uploads\/2020\/03\/200401-henning-s\u00f8rensen-V.jpg","contentUrl":"https:\/\/kunmedierne.dk\/mors\/wp-content\/uploads\/2020\/03\/200401-henning-s\u00f8rensen-V.jpg","width":770,"height":513,"caption":"Henning S\u00f8rensen (V). Foto: Per Bech\/Mors\u00f8 Kommune."},{"@type":"BreadcrumbList","@id":"https:\/\/kunmedierne.dk\/mors\/spoergsmaal-til-ulla-astman\/#breadcrumb","itemListElement":[{"@type":"ListItem","position":1,"name":"Hjem","item":"https:\/\/kunmedierne.dk\/mors\/"},{"@type":"ListItem","position":2,"name":"&#8211; Sp\u00f8rgsm\u00e5l til Ulla Astman"}]},{"@type":"WebSite","@id":"https:\/\/kunmedierne.dk\/mors\/#website","url":"https:\/\/kunmedierne.dk\/mors\/","name":"Mors","description":"et netmedie med journalistik om livet p\u00e5 Mors","publisher":{"@id":"https:\/\/kunmedierne.dk\/mors\/#organization"},"potentialAction":[{"@type":"SearchAction","target":{"@type":"EntryPoint","urlTemplate":"https:\/\/kunmedierne.dk\/mors\/?s={search_term_string}"},"query-input":{"@type":"PropertyValueSpecification","valueRequired":true,"valueName":"search_term_string"}}],"inLanguage":"da-DK"},{"@type":"Organization","@id":"https:\/\/kunmedierne.dk\/mors\/#organization","name":"Mors","url":"https:\/\/kunmedierne.dk\/mors\/","logo":{"@type":"ImageObject","inLanguage":"da-DK","@id":"https:\/\/kunmedierne.dk\/mors\/#\/schema\/logo\/image\/","url":"https:\/\/kunmedierne.dk\/mors\/wp-content\/uploads\/2024\/08\/kunmors-logo.svg","contentUrl":"https:\/\/kunmedierne.dk\/mors\/wp-content\/uploads\/2024\/08\/kunmors-logo.svg","caption":"Mors"},"image":{"@id":"https:\/\/kunmedierne.dk\/mors\/#\/schema\/logo\/image\/"}},{"@type":"Person","@id":"https:\/\/kunmedierne.dk\/mors\/#\/schema\/person\/84c1391bce0b43b9bb3a49736bc0ad78","name":"Debat","image":{"@type":"ImageObject","inLanguage":"da-DK","@id":"https:\/\/kunmedierne.dk\/mors\/#\/schema\/person\/image\/","url":"https:\/\/secure.gravatar.com\/avatar\/b0fb2e221d618f7c65162ab0d49c7e8a0b580c871ca03af90e42b47b4150654c?s=96&d=mm&r=g","contentUrl":"https:\/\/secure.gravatar.com\/avatar\/b0fb2e221d618f7c65162ab0d49c7e8a0b580c871ca03af90e42b47b4150654c?s=96&d=mm&r=g","caption":"Debat"},"url":"https:\/\/kunmedierne.dk\/mors\/author\/debat\/"}]}},"_links":{"self":[{"href":"https:\/\/kunmedierne.dk\/mors\/wp-json\/wp\/v2\/posts\/55958","targetHints":{"allow":["GET"]}}],"collection":[{"href":"https:\/\/kunmedierne.dk\/mors\/wp-json\/wp\/v2\/posts"}],"about":[{"href":"https:\/\/kunmedierne.dk\/mors\/wp-json\/wp\/v2\/types\/post"}],"author":[{"embeddable":true,"href":"https:\/\/kunmedierne.dk\/mors\/wp-json\/wp\/v2\/users\/11"}],"replies":[{"embeddable":true,"href":"https:\/\/kunmedierne.dk\/mors\/wp-json\/wp\/v2\/comments?post=55958"}],"version-history":[{"count":1,"href":"https:\/\/kunmedierne.dk\/mors\/wp-json\/wp\/v2\/posts\/55958\/revisions"}],"predecessor-version":[{"id":55961,"href":"https:\/\/kunmedierne.dk\/mors\/wp-json\/wp\/v2\/posts\/55958\/revisions\/55961"}],"wp:featuredmedia":[{"embeddable":true,"href":"https:\/\/kunmedierne.dk\/mors\/wp-json\/wp\/v2\/media\/15114"}],"wp:attachment":[{"href":"https:\/\/kunmedierne.dk\/mors\/wp-json\/wp\/v2\/media?parent=55958"}],"wp:term":[{"taxonomy":"category","embeddable":true,"href":"https:\/\/kunmedierne.dk\/mors\/wp-json\/wp\/v2\/categories?post=55958"},{"taxonomy":"post_tag","embeddable":true,"href":"https:\/\/kunmedierne.dk\/mors\/wp-json\/wp\/v2\/tags?post=55958"}],"curies":[{"name":"wp","href":"https:\/\/api.w.org\/{rel}","templated":true}]}}