{"id":55938,"date":"2021-10-29T13:36:14","date_gmt":"2021-10-29T11:36:14","guid":{"rendered":"https:\/\/kunmedierne.dk\/mors\/?p=55938"},"modified":"2024-08-12T13:35:58","modified_gmt":"2024-08-12T11:35:58","slug":"ind-under-gulvtaeppet-med-det","status":"publish","type":"post","link":"https:\/\/kunmedierne.dk\/mors\/ind-under-gulvtaeppet-med-det\/","title":{"rendered":"&#8211; Ind under gulvt\u00e6ppet med det"},"content":{"rendered":"<p><em>Debatindl\u00e6g fra Max Madsen, kandidat for Socialdemokratiet ved Kommunalvalg 2021:<\/em><\/p>\n<hr \/>\n<p class=\"v1MsoNormal\"><strong>MORS<\/strong>:\u00a0De konservative \u00f8nsker flere vindm\u00f8ller p\u00e5 mors, problematikken er dog hvor de skal st\u00e5?<\/p>\n<p class=\"v1MsoNormal\">Ingen morsingboer \u00f8nsker at bo nabo til disse projekter.<\/p>\n<p class=\"v1MsoNormal\">Thomas Jensen foresl\u00e5r Sindbjerg plantage, hvor der allerede st\u00e5r 6 store vindm\u00f8ller, man er tilb\u00f8jelig til at t\u00e6nke at s\u00e5 l\u00e6nge de st\u00e5r syd for Skarum \u00e5, er de jo udenfor Thomas Jensens &#8220;baghave&#8221;.<\/p>\n<p class=\"v1MsoNormal\"><a href=\"https:\/\/www.fmspks.dk\/\"><img loading=\"lazy\" decoding=\"async\" class=\"alignleft size-full wp-image-46592\" src=\"https:\/\/kunmedierne.dk\/mors\/wp-content\/uploads\/2021\/06\/t01.jpg\" alt=\"\" width=\"1400\" height=\"125\" srcset=\"https:\/\/kunmedierne.dk\/mors\/wp-content\/uploads\/2021\/06\/t01.jpg 1400w, https:\/\/kunmedierne.dk\/mors\/wp-content\/uploads\/2021\/06\/t01-300x27.jpg 300w, https:\/\/kunmedierne.dk\/mors\/wp-content\/uploads\/2021\/06\/t01-1024x91.jpg 1024w, https:\/\/kunmedierne.dk\/mors\/wp-content\/uploads\/2021\/06\/t01-768x69.jpg 768w, https:\/\/kunmedierne.dk\/mors\/wp-content\/uploads\/2021\/06\/t01-600x54.jpg 600w\" sizes=\"auto, (max-width: 1400px) 100vw, 1400px\" \/><\/a>Et forslag der er liges\u00e5 tosset som at ops\u00e6tte nye m\u00f8ller, kunne v\u00e6re at ops\u00e6tte dem p\u00e5 Feggeklit. S\u00e5 vil Thomas Jensen stolt kunne betragte dem fra baghaven, og samtidig f\u00e5 fuld udnyttelse af vinden.<\/p>\n<p class=\"v1MsoNormal\">&#8220;ironi kan forekomme&#8221;.<\/p>\n<p class=\"v1MsoNormal\">Ved ops\u00e6ttelse af flere nye vindm\u00f8ller, m\u00e5 vi g\u00e5 ud fra at gamle m\u00f8ller skal nedtages.<\/p>\n<p class=\"v1MsoNormal\">Jeg som socialdemokrat \u00f8nsker p\u00e5 ingen m\u00e5der flere vindm\u00f8ller! Og slet ikke med et efterf\u00f8lgende milj\u00f8problem.<\/p>\n<p class=\"v1MsoNormal\"><a href=\"https:\/\/vester-begr.dk\"><img loading=\"lazy\" decoding=\"async\" class=\"alignleft size-full wp-image-53879\" src=\"https:\/\/kunmedierne.dk\/mors\/wp-content\/uploads\/2021\/10\/NY-Vester-Begravelse-TOP-BUND.jpg\" alt=\"\" width=\"1400\" height=\"125\" srcset=\"https:\/\/kunmedierne.dk\/mors\/wp-content\/uploads\/2021\/10\/NY-Vester-Begravelse-TOP-BUND.jpg 1400w, https:\/\/kunmedierne.dk\/mors\/wp-content\/uploads\/2021\/10\/NY-Vester-Begravelse-TOP-BUND-300x27.jpg 300w, https:\/\/kunmedierne.dk\/mors\/wp-content\/uploads\/2021\/10\/NY-Vester-Begravelse-TOP-BUND-1024x91.jpg 1024w, https:\/\/kunmedierne.dk\/mors\/wp-content\/uploads\/2021\/10\/NY-Vester-Begravelse-TOP-BUND-768x69.jpg 768w, https:\/\/kunmedierne.dk\/mors\/wp-content\/uploads\/2021\/10\/NY-Vester-Begravelse-TOP-BUND-600x54.jpg 600w\" sizes=\"auto, (max-width: 1400px) 100vw, 1400px\" \/><\/a>Vi st\u00e5r overfor en alvorlig problematik i genanvendelse af gamle m\u00f8ller. Vingerne fra de gamle m\u00f8ller er lavet i komposit materiale og kan ikke genanvendes og bliver henlagt som deponerings affald, alts\u00e5 &#8220;ind under gulvt\u00e6ppet&#8221; dette synes jeg de konservative skylder at oplyse borgerne omkring n\u00e5r de fint og flot taler om de store nye m\u00f8ller.<\/p>\n<hr \/>\n<p class=\"v1MsoNormal\"><em>Har du et bidrag til den lokale debat? Send det til os p\u00e5 e-mail: debat@kunmedierne.dk\/mors. Husk at l\u00e6se korrektur inden afsendelse p\u00e5 indl\u00e6gget.<\/em><\/p>\n","protected":false},"excerpt":{"rendered":"<p>Debatindl\u00e6g fra Max Madsen, kandidat for Socialdemokratiet ved Kommunalvalg 2021: MORS:\u00a0De konservative \u00f8nsker flere vindm\u00f8ller p\u00e5 mors, problematikken er dog hvor de skal st\u00e5? Ingen morsingboer \u00f8nsker at bo nabo til disse projekter. Thomas Jensen foresl\u00e5r Sindbjerg plantage, hvor der allerede st\u00e5r 6 store vindm\u00f8ller, man er tilb\u00f8jelig til at t\u00e6nke at s\u00e5 l\u00e6nge de [&hellip;]<\/p>\n","protected":false},"author":11,"featured_media":55382,"comment_status":"open","ping_status":"open","sticky":false,"template":"","format":"standard","meta":{"_acf_changed":false,"footnotes":""},"categories":[56],"tags":[167],"class_list":["post-55938","post","type-post","status-publish","format-standard","has-post-thumbnail","hentry","category-debat","tag-politik"],"acf":[],"yoast_head":"<!-- This site is optimized with the Yoast SEO plugin v26.8 - https:\/\/yoast.com\/product\/yoast-seo-wordpress\/ -->\n<title>- Ind under gulvt\u00e6ppet med det - Mors<\/title>\n<meta name=\"robots\" content=\"index, follow, max-snippet:-1, max-image-preview:large, max-video-preview:-1\" \/>\n<link rel=\"canonical\" href=\"https:\/\/kunmedierne.dk\/mors\/ind-under-gulvtaeppet-med-det\/\" \/>\n<meta property=\"og:locale\" content=\"da_DK\" \/>\n<meta property=\"og:type\" content=\"article\" \/>\n<meta property=\"og:title\" content=\"- Ind under gulvt\u00e6ppet med det - Mors\" \/>\n<meta property=\"og:description\" content=\"Debatindl\u00e6g fra Max Madsen, kandidat for Socialdemokratiet ved Kommunalvalg 2021: MORS:\u00a0De konservative \u00f8nsker flere vindm\u00f8ller p\u00e5 mors, problematikken er dog hvor de skal st\u00e5? Ingen morsingboer \u00f8nsker at bo nabo til disse projekter. Thomas Jensen foresl\u00e5r Sindbjerg plantage, hvor der allerede st\u00e5r 6 store vindm\u00f8ller, man er tilb\u00f8jelig til at t\u00e6nke at s\u00e5 l\u00e6nge de [&hellip;]\" \/>\n<meta property=\"og:url\" content=\"https:\/\/kunmedierne.dk\/mors\/ind-under-gulvtaeppet-med-det\/\" \/>\n<meta property=\"og:site_name\" content=\"Mors\" \/>\n<meta property=\"article:published_time\" content=\"2021-10-29T11:36:14+00:00\" \/>\n<meta property=\"article:modified_time\" content=\"2024-08-12T11:35:58+00:00\" \/>\n<meta property=\"og:image\" content=\"https:\/\/kunmedierne.dk\/mors\/wp-content\/uploads\/2021\/10\/max-madsen.jpg\" \/>\n\t<meta property=\"og:image:width\" content=\"770\" \/>\n\t<meta property=\"og:image:height\" content=\"513\" \/>\n\t<meta property=\"og:image:type\" content=\"image\/jpeg\" \/>\n<meta name=\"author\" content=\"Debat\" \/>\n<meta name=\"twitter:card\" content=\"summary_large_image\" \/>\n<meta name=\"twitter:label1\" content=\"Skrevet af\" \/>\n\t<meta name=\"twitter:data1\" content=\"Debat\" \/>\n\t<meta name=\"twitter:label2\" content=\"Estimeret l\u00e6setid\" \/>\n\t<meta name=\"twitter:data2\" content=\"2 minutter\" \/>\n<script type=\"application\/ld+json\" class=\"yoast-schema-graph\">{\"@context\":\"https:\/\/schema.org\",\"@graph\":[{\"@type\":\"Article\",\"@id\":\"https:\/\/kunmedierne.dk\/mors\/ind-under-gulvtaeppet-med-det\/#article\",\"isPartOf\":{\"@id\":\"https:\/\/kunmedierne.dk\/mors\/ind-under-gulvtaeppet-med-det\/\"},\"author\":{\"name\":\"Debat\",\"@id\":\"https:\/\/kunmedierne.dk\/mors\/#\/schema\/person\/84c1391bce0b43b9bb3a49736bc0ad78\"},\"headline\":\"&#8211; Ind under gulvt\u00e6ppet med det\",\"datePublished\":\"2021-10-29T11:36:14+00:00\",\"dateModified\":\"2024-08-12T11:35:58+00:00\",\"mainEntityOfPage\":{\"@id\":\"https:\/\/kunmedierne.dk\/mors\/ind-under-gulvtaeppet-med-det\/\"},\"wordCount\":251,\"commentCount\":0,\"publisher\":{\"@id\":\"https:\/\/kunmedierne.dk\/mors\/#organization\"},\"image\":{\"@id\":\"https:\/\/kunmedierne.dk\/mors\/ind-under-gulvtaeppet-med-det\/#primaryimage\"},\"thumbnailUrl\":\"https:\/\/kunmedierne.dk\/mors\/wp-content\/uploads\/2021\/10\/max-madsen.jpg\",\"keywords\":[\"Politik\"],\"articleSection\":[\"Debat\"],\"inLanguage\":\"da-DK\",\"potentialAction\":[{\"@type\":\"CommentAction\",\"name\":\"Comment\",\"target\":[\"https:\/\/kunmedierne.dk\/mors\/ind-under-gulvtaeppet-med-det\/#respond\"]}]},{\"@type\":\"WebPage\",\"@id\":\"https:\/\/kunmedierne.dk\/mors\/ind-under-gulvtaeppet-med-det\/\",\"url\":\"https:\/\/kunmedierne.dk\/mors\/ind-under-gulvtaeppet-med-det\/\",\"name\":\"- Ind under gulvt\u00e6ppet med det - Mors\",\"isPartOf\":{\"@id\":\"https:\/\/kunmedierne.dk\/mors\/#website\"},\"primaryImageOfPage\":{\"@id\":\"https:\/\/kunmedierne.dk\/mors\/ind-under-gulvtaeppet-med-det\/#primaryimage\"},\"image\":{\"@id\":\"https:\/\/kunmedierne.dk\/mors\/ind-under-gulvtaeppet-med-det\/#primaryimage\"},\"thumbnailUrl\":\"https:\/\/kunmedierne.dk\/mors\/wp-content\/uploads\/2021\/10\/max-madsen.jpg\",\"datePublished\":\"2021-10-29T11:36:14+00:00\",\"dateModified\":\"2024-08-12T11:35:58+00:00\",\"breadcrumb\":{\"@id\":\"https:\/\/kunmedierne.dk\/mors\/ind-under-gulvtaeppet-med-det\/#breadcrumb\"},\"inLanguage\":\"da-DK\",\"potentialAction\":[{\"@type\":\"ReadAction\",\"target\":[\"https:\/\/kunmedierne.dk\/mors\/ind-under-gulvtaeppet-med-det\/\"]}]},{\"@type\":\"ImageObject\",\"inLanguage\":\"da-DK\",\"@id\":\"https:\/\/kunmedierne.dk\/mors\/ind-under-gulvtaeppet-med-det\/#primaryimage\",\"url\":\"https:\/\/kunmedierne.dk\/mors\/wp-content\/uploads\/2021\/10\/max-madsen.jpg\",\"contentUrl\":\"https:\/\/kunmedierne.dk\/mors\/wp-content\/uploads\/2021\/10\/max-madsen.jpg\",\"width\":770,\"height\":513,\"caption\":\"Max Madsen, kandidat for Socialdemokratiet ved Kommunalvalg 2021.\"},{\"@type\":\"BreadcrumbList\",\"@id\":\"https:\/\/kunmedierne.dk\/mors\/ind-under-gulvtaeppet-med-det\/#breadcrumb\",\"itemListElement\":[{\"@type\":\"ListItem\",\"position\":1,\"name\":\"Hjem\",\"item\":\"https:\/\/kunmedierne.dk\/mors\/\"},{\"@type\":\"ListItem\",\"position\":2,\"name\":\"&#8211; Ind under gulvt\u00e6ppet med det\"}]},{\"@type\":\"WebSite\",\"@id\":\"https:\/\/kunmedierne.dk\/mors\/#website\",\"url\":\"https:\/\/kunmedierne.dk\/mors\/\",\"name\":\"Mors\",\"description\":\"et netmedie med journalistik om livet p\u00e5 Mors\",\"publisher\":{\"@id\":\"https:\/\/kunmedierne.dk\/mors\/#organization\"},\"potentialAction\":[{\"@type\":\"SearchAction\",\"target\":{\"@type\":\"EntryPoint\",\"urlTemplate\":\"https:\/\/kunmedierne.dk\/mors\/?s={search_term_string}\"},\"query-input\":{\"@type\":\"PropertyValueSpecification\",\"valueRequired\":true,\"valueName\":\"search_term_string\"}}],\"inLanguage\":\"da-DK\"},{\"@type\":\"Organization\",\"@id\":\"https:\/\/kunmedierne.dk\/mors\/#organization\",\"name\":\"Mors\",\"url\":\"https:\/\/kunmedierne.dk\/mors\/\",\"logo\":{\"@type\":\"ImageObject\",\"inLanguage\":\"da-DK\",\"@id\":\"https:\/\/kunmedierne.dk\/mors\/#\/schema\/logo\/image\/\",\"url\":\"https:\/\/kunmedierne.dk\/mors\/wp-content\/uploads\/2024\/08\/kunmors-logo.svg\",\"contentUrl\":\"https:\/\/kunmedierne.dk\/mors\/wp-content\/uploads\/2024\/08\/kunmors-logo.svg\",\"caption\":\"Mors\"},\"image\":{\"@id\":\"https:\/\/kunmedierne.dk\/mors\/#\/schema\/logo\/image\/\"}},{\"@type\":\"Person\",\"@id\":\"https:\/\/kunmedierne.dk\/mors\/#\/schema\/person\/84c1391bce0b43b9bb3a49736bc0ad78\",\"name\":\"Debat\",\"image\":{\"@type\":\"ImageObject\",\"inLanguage\":\"da-DK\",\"@id\":\"https:\/\/kunmedierne.dk\/mors\/#\/schema\/person\/image\/\",\"url\":\"https:\/\/secure.gravatar.com\/avatar\/b0fb2e221d618f7c65162ab0d49c7e8a0b580c871ca03af90e42b47b4150654c?s=96&d=mm&r=g\",\"contentUrl\":\"https:\/\/secure.gravatar.com\/avatar\/b0fb2e221d618f7c65162ab0d49c7e8a0b580c871ca03af90e42b47b4150654c?s=96&d=mm&r=g\",\"caption\":\"Debat\"},\"url\":\"https:\/\/kunmedierne.dk\/mors\/author\/debat\/\"}]}<\/script>\n<!-- \/ Yoast SEO plugin. -->","yoast_head_json":{"title":"- Ind under gulvt\u00e6ppet med det - Mors","robots":{"index":"index","follow":"follow","max-snippet":"max-snippet:-1","max-image-preview":"max-image-preview:large","max-video-preview":"max-video-preview:-1"},"canonical":"https:\/\/kunmedierne.dk\/mors\/ind-under-gulvtaeppet-med-det\/","og_locale":"da_DK","og_type":"article","og_title":"- Ind under gulvt\u00e6ppet med det - Mors","og_description":"Debatindl\u00e6g fra Max Madsen, kandidat for Socialdemokratiet ved Kommunalvalg 2021: MORS:\u00a0De konservative \u00f8nsker flere vindm\u00f8ller p\u00e5 mors, problematikken er dog hvor de skal st\u00e5? Ingen morsingboer \u00f8nsker at bo nabo til disse projekter. Thomas Jensen foresl\u00e5r Sindbjerg plantage, hvor der allerede st\u00e5r 6 store vindm\u00f8ller, man er tilb\u00f8jelig til at t\u00e6nke at s\u00e5 l\u00e6nge de [&hellip;]","og_url":"https:\/\/kunmedierne.dk\/mors\/ind-under-gulvtaeppet-med-det\/","og_site_name":"Mors","article_published_time":"2021-10-29T11:36:14+00:00","article_modified_time":"2024-08-12T11:35:58+00:00","og_image":[{"width":770,"height":513,"url":"https:\/\/kunmedierne.dk\/mors\/wp-content\/uploads\/2021\/10\/max-madsen.jpg","type":"image\/jpeg"}],"author":"Debat","twitter_card":"summary_large_image","twitter_misc":{"Skrevet af":"Debat","Estimeret l\u00e6setid":"2 minutter"},"schema":{"@context":"https:\/\/schema.org","@graph":[{"@type":"Article","@id":"https:\/\/kunmedierne.dk\/mors\/ind-under-gulvtaeppet-med-det\/#article","isPartOf":{"@id":"https:\/\/kunmedierne.dk\/mors\/ind-under-gulvtaeppet-med-det\/"},"author":{"name":"Debat","@id":"https:\/\/kunmedierne.dk\/mors\/#\/schema\/person\/84c1391bce0b43b9bb3a49736bc0ad78"},"headline":"&#8211; Ind under gulvt\u00e6ppet med det","datePublished":"2021-10-29T11:36:14+00:00","dateModified":"2024-08-12T11:35:58+00:00","mainEntityOfPage":{"@id":"https:\/\/kunmedierne.dk\/mors\/ind-under-gulvtaeppet-med-det\/"},"wordCount":251,"commentCount":0,"publisher":{"@id":"https:\/\/kunmedierne.dk\/mors\/#organization"},"image":{"@id":"https:\/\/kunmedierne.dk\/mors\/ind-under-gulvtaeppet-med-det\/#primaryimage"},"thumbnailUrl":"https:\/\/kunmedierne.dk\/mors\/wp-content\/uploads\/2021\/10\/max-madsen.jpg","keywords":["Politik"],"articleSection":["Debat"],"inLanguage":"da-DK","potentialAction":[{"@type":"CommentAction","name":"Comment","target":["https:\/\/kunmedierne.dk\/mors\/ind-under-gulvtaeppet-med-det\/#respond"]}]},{"@type":"WebPage","@id":"https:\/\/kunmedierne.dk\/mors\/ind-under-gulvtaeppet-med-det\/","url":"https:\/\/kunmedierne.dk\/mors\/ind-under-gulvtaeppet-med-det\/","name":"- Ind under gulvt\u00e6ppet med det - Mors","isPartOf":{"@id":"https:\/\/kunmedierne.dk\/mors\/#website"},"primaryImageOfPage":{"@id":"https:\/\/kunmedierne.dk\/mors\/ind-under-gulvtaeppet-med-det\/#primaryimage"},"image":{"@id":"https:\/\/kunmedierne.dk\/mors\/ind-under-gulvtaeppet-med-det\/#primaryimage"},"thumbnailUrl":"https:\/\/kunmedierne.dk\/mors\/wp-content\/uploads\/2021\/10\/max-madsen.jpg","datePublished":"2021-10-29T11:36:14+00:00","dateModified":"2024-08-12T11:35:58+00:00","breadcrumb":{"@id":"https:\/\/kunmedierne.dk\/mors\/ind-under-gulvtaeppet-med-det\/#breadcrumb"},"inLanguage":"da-DK","potentialAction":[{"@type":"ReadAction","target":["https:\/\/kunmedierne.dk\/mors\/ind-under-gulvtaeppet-med-det\/"]}]},{"@type":"ImageObject","inLanguage":"da-DK","@id":"https:\/\/kunmedierne.dk\/mors\/ind-under-gulvtaeppet-med-det\/#primaryimage","url":"https:\/\/kunmedierne.dk\/mors\/wp-content\/uploads\/2021\/10\/max-madsen.jpg","contentUrl":"https:\/\/kunmedierne.dk\/mors\/wp-content\/uploads\/2021\/10\/max-madsen.jpg","width":770,"height":513,"caption":"Max Madsen, kandidat for Socialdemokratiet ved Kommunalvalg 2021."},{"@type":"BreadcrumbList","@id":"https:\/\/kunmedierne.dk\/mors\/ind-under-gulvtaeppet-med-det\/#breadcrumb","itemListElement":[{"@type":"ListItem","position":1,"name":"Hjem","item":"https:\/\/kunmedierne.dk\/mors\/"},{"@type":"ListItem","position":2,"name":"&#8211; Ind under gulvt\u00e6ppet med det"}]},{"@type":"WebSite","@id":"https:\/\/kunmedierne.dk\/mors\/#website","url":"https:\/\/kunmedierne.dk\/mors\/","name":"Mors","description":"et netmedie med journalistik om livet p\u00e5 Mors","publisher":{"@id":"https:\/\/kunmedierne.dk\/mors\/#organization"},"potentialAction":[{"@type":"SearchAction","target":{"@type":"EntryPoint","urlTemplate":"https:\/\/kunmedierne.dk\/mors\/?s={search_term_string}"},"query-input":{"@type":"PropertyValueSpecification","valueRequired":true,"valueName":"search_term_string"}}],"inLanguage":"da-DK"},{"@type":"Organization","@id":"https:\/\/kunmedierne.dk\/mors\/#organization","name":"Mors","url":"https:\/\/kunmedierne.dk\/mors\/","logo":{"@type":"ImageObject","inLanguage":"da-DK","@id":"https:\/\/kunmedierne.dk\/mors\/#\/schema\/logo\/image\/","url":"https:\/\/kunmedierne.dk\/mors\/wp-content\/uploads\/2024\/08\/kunmors-logo.svg","contentUrl":"https:\/\/kunmedierne.dk\/mors\/wp-content\/uploads\/2024\/08\/kunmors-logo.svg","caption":"Mors"},"image":{"@id":"https:\/\/kunmedierne.dk\/mors\/#\/schema\/logo\/image\/"}},{"@type":"Person","@id":"https:\/\/kunmedierne.dk\/mors\/#\/schema\/person\/84c1391bce0b43b9bb3a49736bc0ad78","name":"Debat","image":{"@type":"ImageObject","inLanguage":"da-DK","@id":"https:\/\/kunmedierne.dk\/mors\/#\/schema\/person\/image\/","url":"https:\/\/secure.gravatar.com\/avatar\/b0fb2e221d618f7c65162ab0d49c7e8a0b580c871ca03af90e42b47b4150654c?s=96&d=mm&r=g","contentUrl":"https:\/\/secure.gravatar.com\/avatar\/b0fb2e221d618f7c65162ab0d49c7e8a0b580c871ca03af90e42b47b4150654c?s=96&d=mm&r=g","caption":"Debat"},"url":"https:\/\/kunmedierne.dk\/mors\/author\/debat\/"}]}},"_links":{"self":[{"href":"https:\/\/kunmedierne.dk\/mors\/wp-json\/wp\/v2\/posts\/55938","targetHints":{"allow":["GET"]}}],"collection":[{"href":"https:\/\/kunmedierne.dk\/mors\/wp-json\/wp\/v2\/posts"}],"about":[{"href":"https:\/\/kunmedierne.dk\/mors\/wp-json\/wp\/v2\/types\/post"}],"author":[{"embeddable":true,"href":"https:\/\/kunmedierne.dk\/mors\/wp-json\/wp\/v2\/users\/11"}],"replies":[{"embeddable":true,"href":"https:\/\/kunmedierne.dk\/mors\/wp-json\/wp\/v2\/comments?post=55938"}],"version-history":[{"count":2,"href":"https:\/\/kunmedierne.dk\/mors\/wp-json\/wp\/v2\/posts\/55938\/revisions"}],"predecessor-version":[{"id":55951,"href":"https:\/\/kunmedierne.dk\/mors\/wp-json\/wp\/v2\/posts\/55938\/revisions\/55951"}],"wp:featuredmedia":[{"embeddable":true,"href":"https:\/\/kunmedierne.dk\/mors\/wp-json\/wp\/v2\/media\/55382"}],"wp:attachment":[{"href":"https:\/\/kunmedierne.dk\/mors\/wp-json\/wp\/v2\/media?parent=55938"}],"wp:term":[{"taxonomy":"category","embeddable":true,"href":"https:\/\/kunmedierne.dk\/mors\/wp-json\/wp\/v2\/categories?post=55938"},{"taxonomy":"post_tag","embeddable":true,"href":"https:\/\/kunmedierne.dk\/mors\/wp-json\/wp\/v2\/tags?post=55938"}],"curies":[{"name":"wp","href":"https:\/\/api.w.org\/{rel}","templated":true}]}}