{"id":55930,"date":"2021-10-29T11:21:41","date_gmt":"2021-10-29T09:21:41","guid":{"rendered":"https:\/\/kunmedierne.dk\/mors\/?p=55930"},"modified":"2024-08-12T13:35:58","modified_gmt":"2024-08-12T11:35:58","slug":"fremtidens-varme-haender","status":"publish","type":"post","link":"https:\/\/kunmedierne.dk\/mors\/fremtidens-varme-haender\/","title":{"rendered":"&#8211; Fremtidens varme h\u00e6nder"},"content":{"rendered":"<p><em>Debatindl\u00e6g fra Niels Kr. \u00d8stergaard, kandidat for Socialdemokratiet ved Kommunalvalg 2021:<\/em><\/p>\n<hr \/>\n<p><strong>MORS<\/strong>: Om mindre end 1 m\u00e5ned til skal vi alle til valg i Mors\u00f8 Kommune. Lige nu tror jeg at mange stadig stiller sig sp\u00f8rgsm\u00e5let, hvor skal jeg s\u00e6tte mit kryds d. 16. november for politikerne minder meget om hinanden.<\/p>\n<p>For mig som kandidat har og er den vigtigste opgave at fokusere p\u00e5, hvad der kan g\u00f8re hverdagen bedre for os, der allerede bor her p\u00e5 \u00f8en. Det vil jeg tro at du ogs\u00e5 har h\u00f8rt fra mange andre, men forskellen ligger i, hvor prioriteringerne og stregerne s\u00e6ttes.<\/p>\n<p><img loading=\"lazy\" decoding=\"async\" class=\"alignleft size-full wp-image-46600\" src=\"https:\/\/kunmedierne.dk\/mors\/wp-content\/uploads\/2021\/06\/t09.jpg\" alt=\"\" width=\"1400\" height=\"125\" srcset=\"https:\/\/kunmedierne.dk\/mors\/wp-content\/uploads\/2021\/06\/t09.jpg 1400w, https:\/\/kunmedierne.dk\/mors\/wp-content\/uploads\/2021\/06\/t09-300x27.jpg 300w, https:\/\/kunmedierne.dk\/mors\/wp-content\/uploads\/2021\/06\/t09-1024x91.jpg 1024w, https:\/\/kunmedierne.dk\/mors\/wp-content\/uploads\/2021\/06\/t09-768x69.jpg 768w, https:\/\/kunmedierne.dk\/mors\/wp-content\/uploads\/2021\/06\/t09-600x54.jpg 600w\" sizes=\"auto, (max-width: 1400px) 100vw, 1400px\" \/>For mig har velf\u00e6rden en stor prioritet. B\u00f8rn og unge skal have de bedste muligheder i skolen. Det er dem, der skal overtage, n\u00e5r vi ikke kan mere. Over de kommende \u00e5r ved vi at h\u00e6nder bliver en mangelvare ogs\u00e5 i klasselokalerne og b\u00f8rnehaverne. Det bliver en udfordring at skaffe uddannet personale nok, som kan l\u00f8fte velf\u00e6rdsopgaverne hos b\u00f8rn og unge.<\/p>\n<p>Ligeledes ligger der i dag et stort pres p\u00e5 personalet i \u00e6ldreplejen. Her skal vi ogs\u00e5 huske at have sikret nok fagl\u00e6rt personale til opgaverne i fremtiden. For mig er det vigtig med en v\u00e6rdig og omsorgsfuld pleje med kvalificerede medarbejdere. Der skal v\u00e6re tid til de n\u00e6re opgaver. For omsorg hos de \u00e6ldre og personer med handicap kr\u00e6ver tid. En maskine eller sensor kan ikke erstatte de mennesker, der udf\u00f8rer disse opgaver. Mange \u00e6ldre har brug for \u201den varm h\u00e5nd\u201d, en snak eller en omsorgsfuld st\u00f8tte n\u00e5r kroppen svigter. \u00c6ldre skal ikke v\u00e6re ensomme p\u00e5 Mors. MOA-teamet er her et rigtigt godt bud p\u00e5 hvordan de l\u00f8ser og sikre at f\u00e6rre \u00e6ldre sidder alene. For mig er det vigtigt at der bliver taget h\u00e5nd om livskvaliteten som borger i Mors\u00f8 Kommune.<\/p>\n<p><a href=\"https:\/\/konpap.dk\/\"><img loading=\"lazy\" decoding=\"async\" class=\"alignleft size-full wp-image-49328\" src=\"https:\/\/kunmedierne.dk\/mors\/wp-content\/uploads\/2021\/07\/t10.jpg\" alt=\"\" width=\"1400\" height=\"125\" srcset=\"https:\/\/kunmedierne.dk\/mors\/wp-content\/uploads\/2021\/07\/t10.jpg 1400w, https:\/\/kunmedierne.dk\/mors\/wp-content\/uploads\/2021\/07\/t10-300x27.jpg 300w, https:\/\/kunmedierne.dk\/mors\/wp-content\/uploads\/2021\/07\/t10-1024x91.jpg 1024w, https:\/\/kunmedierne.dk\/mors\/wp-content\/uploads\/2021\/07\/t10-768x69.jpg 768w, https:\/\/kunmedierne.dk\/mors\/wp-content\/uploads\/2021\/07\/t10-600x54.jpg 600w\" sizes=\"auto, (max-width: 1400px) 100vw, 1400px\" \/><\/a>Det skal v\u00e6re trygt som \u00e6ldre at bo p\u00e5 Mors.<\/p>\n<p>Derfor vil jeg k\u00e6mpe for at rekruttering til vores velf\u00e6rdsomr\u00e5der kommer mere i fokus. Og jeg tror at hvis vi skal lykkes med dette, s\u00e5 skal vi sikre gode arbejdsforhold i kommunen med tid til den enkelte og sikre velf\u00e6rdstilbud, der f\u00e5r flere til at v\u00e6lge Mors til.<\/p>\n<hr \/>\n<p><em>Har du et bidrag til den lokale debat? Send det til os p\u00e5 e-mail: debat@kunmedierne.dk\/mors. Husk at l\u00e6se korrektur inden afsendelse p\u00e5 indl\u00e6gget.<\/em><\/p>\n","protected":false},"excerpt":{"rendered":"<p>Debatindl\u00e6g fra Niels Kr. \u00d8stergaard, kandidat for Socialdemokratiet ved Kommunalvalg 2021: MORS: Om mindre end 1 m\u00e5ned til skal vi alle til valg i Mors\u00f8 Kommune. Lige nu tror jeg at mange stadig stiller sig sp\u00f8rgsm\u00e5let, hvor skal jeg s\u00e6tte mit kryds d. 16. november for politikerne minder meget om hinanden. For mig som kandidat [&hellip;]<\/p>\n","protected":false},"author":11,"featured_media":45379,"comment_status":"open","ping_status":"open","sticky":false,"template":"","format":"standard","meta":{"_acf_changed":false,"footnotes":""},"categories":[56],"tags":[167],"class_list":["post-55930","post","type-post","status-publish","format-standard","has-post-thumbnail","hentry","category-debat","tag-politik"],"acf":[],"yoast_head":"<!-- This site is optimized with the Yoast SEO plugin v26.8 - https:\/\/yoast.com\/product\/yoast-seo-wordpress\/ -->\n<title>- Fremtidens varme h\u00e6nder - Mors<\/title>\n<meta name=\"robots\" content=\"index, follow, max-snippet:-1, max-image-preview:large, max-video-preview:-1\" \/>\n<link rel=\"canonical\" href=\"https:\/\/kunmedierne.dk\/mors\/fremtidens-varme-haender\/\" \/>\n<meta property=\"og:locale\" content=\"da_DK\" \/>\n<meta property=\"og:type\" content=\"article\" \/>\n<meta property=\"og:title\" content=\"- Fremtidens varme h\u00e6nder - Mors\" \/>\n<meta property=\"og:description\" content=\"Debatindl\u00e6g fra Niels Kr. \u00d8stergaard, kandidat for Socialdemokratiet ved Kommunalvalg 2021: MORS: Om mindre end 1 m\u00e5ned til skal vi alle til valg i Mors\u00f8 Kommune. Lige nu tror jeg at mange stadig stiller sig sp\u00f8rgsm\u00e5let, hvor skal jeg s\u00e6tte mit kryds d. 16. november for politikerne minder meget om hinanden. For mig som kandidat [&hellip;]\" \/>\n<meta property=\"og:url\" content=\"https:\/\/kunmedierne.dk\/mors\/fremtidens-varme-haender\/\" \/>\n<meta property=\"og:site_name\" content=\"Mors\" \/>\n<meta property=\"article:published_time\" content=\"2021-10-29T09:21:41+00:00\" \/>\n<meta property=\"article:modified_time\" content=\"2024-08-12T11:35:58+00:00\" \/>\n<meta property=\"og:image\" content=\"https:\/\/kunmedierne.dk\/mors\/wp-content\/uploads\/2021\/05\/niels-kr-oestergaard.jpg\" \/>\n\t<meta property=\"og:image:width\" content=\"770\" \/>\n\t<meta property=\"og:image:height\" content=\"513\" \/>\n\t<meta property=\"og:image:type\" content=\"image\/jpeg\" \/>\n<meta name=\"author\" content=\"Debat\" \/>\n<meta name=\"twitter:card\" content=\"summary_large_image\" \/>\n<meta name=\"twitter:label1\" content=\"Skrevet af\" \/>\n\t<meta name=\"twitter:data1\" content=\"Debat\" \/>\n\t<meta name=\"twitter:label2\" content=\"Estimeret l\u00e6setid\" \/>\n\t<meta name=\"twitter:data2\" content=\"3 minutter\" \/>\n<script type=\"application\/ld+json\" class=\"yoast-schema-graph\">{\"@context\":\"https:\/\/schema.org\",\"@graph\":[{\"@type\":\"Article\",\"@id\":\"https:\/\/kunmedierne.dk\/mors\/fremtidens-varme-haender\/#article\",\"isPartOf\":{\"@id\":\"https:\/\/kunmedierne.dk\/mors\/fremtidens-varme-haender\/\"},\"author\":{\"name\":\"Debat\",\"@id\":\"https:\/\/kunmedierne.dk\/mors\/#\/schema\/person\/84c1391bce0b43b9bb3a49736bc0ad78\"},\"headline\":\"&#8211; Fremtidens varme h\u00e6nder\",\"datePublished\":\"2021-10-29T09:21:41+00:00\",\"dateModified\":\"2024-08-12T11:35:58+00:00\",\"mainEntityOfPage\":{\"@id\":\"https:\/\/kunmedierne.dk\/mors\/fremtidens-varme-haender\/\"},\"wordCount\":415,\"commentCount\":0,\"publisher\":{\"@id\":\"https:\/\/kunmedierne.dk\/mors\/#organization\"},\"image\":{\"@id\":\"https:\/\/kunmedierne.dk\/mors\/fremtidens-varme-haender\/#primaryimage\"},\"thumbnailUrl\":\"https:\/\/kunmedierne.dk\/mors\/wp-content\/uploads\/2021\/05\/niels-kr-oestergaard.jpg\",\"keywords\":[\"Politik\"],\"articleSection\":[\"Debat\"],\"inLanguage\":\"da-DK\",\"potentialAction\":[{\"@type\":\"CommentAction\",\"name\":\"Comment\",\"target\":[\"https:\/\/kunmedierne.dk\/mors\/fremtidens-varme-haender\/#respond\"]}]},{\"@type\":\"WebPage\",\"@id\":\"https:\/\/kunmedierne.dk\/mors\/fremtidens-varme-haender\/\",\"url\":\"https:\/\/kunmedierne.dk\/mors\/fremtidens-varme-haender\/\",\"name\":\"- Fremtidens varme h\u00e6nder - Mors\",\"isPartOf\":{\"@id\":\"https:\/\/kunmedierne.dk\/mors\/#website\"},\"primaryImageOfPage\":{\"@id\":\"https:\/\/kunmedierne.dk\/mors\/fremtidens-varme-haender\/#primaryimage\"},\"image\":{\"@id\":\"https:\/\/kunmedierne.dk\/mors\/fremtidens-varme-haender\/#primaryimage\"},\"thumbnailUrl\":\"https:\/\/kunmedierne.dk\/mors\/wp-content\/uploads\/2021\/05\/niels-kr-oestergaard.jpg\",\"datePublished\":\"2021-10-29T09:21:41+00:00\",\"dateModified\":\"2024-08-12T11:35:58+00:00\",\"breadcrumb\":{\"@id\":\"https:\/\/kunmedierne.dk\/mors\/fremtidens-varme-haender\/#breadcrumb\"},\"inLanguage\":\"da-DK\",\"potentialAction\":[{\"@type\":\"ReadAction\",\"target\":[\"https:\/\/kunmedierne.dk\/mors\/fremtidens-varme-haender\/\"]}]},{\"@type\":\"ImageObject\",\"inLanguage\":\"da-DK\",\"@id\":\"https:\/\/kunmedierne.dk\/mors\/fremtidens-varme-haender\/#primaryimage\",\"url\":\"https:\/\/kunmedierne.dk\/mors\/wp-content\/uploads\/2021\/05\/niels-kr-oestergaard.jpg\",\"contentUrl\":\"https:\/\/kunmedierne.dk\/mors\/wp-content\/uploads\/2021\/05\/niels-kr-oestergaard.jpg\",\"width\":770,\"height\":513,\"caption\":\"Niels Kr. \u00d8stergaard, kandidat for Socialdemokratiet ved Kommunalvalg 2021.\"},{\"@type\":\"BreadcrumbList\",\"@id\":\"https:\/\/kunmedierne.dk\/mors\/fremtidens-varme-haender\/#breadcrumb\",\"itemListElement\":[{\"@type\":\"ListItem\",\"position\":1,\"name\":\"Hjem\",\"item\":\"https:\/\/kunmedierne.dk\/mors\/\"},{\"@type\":\"ListItem\",\"position\":2,\"name\":\"&#8211; Fremtidens varme h\u00e6nder\"}]},{\"@type\":\"WebSite\",\"@id\":\"https:\/\/kunmedierne.dk\/mors\/#website\",\"url\":\"https:\/\/kunmedierne.dk\/mors\/\",\"name\":\"Mors\",\"description\":\"et netmedie med journalistik om livet p\u00e5 Mors\",\"publisher\":{\"@id\":\"https:\/\/kunmedierne.dk\/mors\/#organization\"},\"potentialAction\":[{\"@type\":\"SearchAction\",\"target\":{\"@type\":\"EntryPoint\",\"urlTemplate\":\"https:\/\/kunmedierne.dk\/mors\/?s={search_term_string}\"},\"query-input\":{\"@type\":\"PropertyValueSpecification\",\"valueRequired\":true,\"valueName\":\"search_term_string\"}}],\"inLanguage\":\"da-DK\"},{\"@type\":\"Organization\",\"@id\":\"https:\/\/kunmedierne.dk\/mors\/#organization\",\"name\":\"Mors\",\"url\":\"https:\/\/kunmedierne.dk\/mors\/\",\"logo\":{\"@type\":\"ImageObject\",\"inLanguage\":\"da-DK\",\"@id\":\"https:\/\/kunmedierne.dk\/mors\/#\/schema\/logo\/image\/\",\"url\":\"https:\/\/kunmedierne.dk\/mors\/wp-content\/uploads\/2024\/08\/kunmors-logo.svg\",\"contentUrl\":\"https:\/\/kunmedierne.dk\/mors\/wp-content\/uploads\/2024\/08\/kunmors-logo.svg\",\"caption\":\"Mors\"},\"image\":{\"@id\":\"https:\/\/kunmedierne.dk\/mors\/#\/schema\/logo\/image\/\"}},{\"@type\":\"Person\",\"@id\":\"https:\/\/kunmedierne.dk\/mors\/#\/schema\/person\/84c1391bce0b43b9bb3a49736bc0ad78\",\"name\":\"Debat\",\"image\":{\"@type\":\"ImageObject\",\"inLanguage\":\"da-DK\",\"@id\":\"https:\/\/kunmedierne.dk\/mors\/#\/schema\/person\/image\/\",\"url\":\"https:\/\/secure.gravatar.com\/avatar\/b0fb2e221d618f7c65162ab0d49c7e8a0b580c871ca03af90e42b47b4150654c?s=96&d=mm&r=g\",\"contentUrl\":\"https:\/\/secure.gravatar.com\/avatar\/b0fb2e221d618f7c65162ab0d49c7e8a0b580c871ca03af90e42b47b4150654c?s=96&d=mm&r=g\",\"caption\":\"Debat\"},\"url\":\"https:\/\/kunmedierne.dk\/mors\/author\/debat\/\"}]}<\/script>\n<!-- \/ Yoast SEO plugin. -->","yoast_head_json":{"title":"- Fremtidens varme h\u00e6nder - Mors","robots":{"index":"index","follow":"follow","max-snippet":"max-snippet:-1","max-image-preview":"max-image-preview:large","max-video-preview":"max-video-preview:-1"},"canonical":"https:\/\/kunmedierne.dk\/mors\/fremtidens-varme-haender\/","og_locale":"da_DK","og_type":"article","og_title":"- Fremtidens varme h\u00e6nder - Mors","og_description":"Debatindl\u00e6g fra Niels Kr. \u00d8stergaard, kandidat for Socialdemokratiet ved Kommunalvalg 2021: MORS: Om mindre end 1 m\u00e5ned til skal vi alle til valg i Mors\u00f8 Kommune. Lige nu tror jeg at mange stadig stiller sig sp\u00f8rgsm\u00e5let, hvor skal jeg s\u00e6tte mit kryds d. 16. november for politikerne minder meget om hinanden. For mig som kandidat [&hellip;]","og_url":"https:\/\/kunmedierne.dk\/mors\/fremtidens-varme-haender\/","og_site_name":"Mors","article_published_time":"2021-10-29T09:21:41+00:00","article_modified_time":"2024-08-12T11:35:58+00:00","og_image":[{"width":770,"height":513,"url":"https:\/\/kunmedierne.dk\/mors\/wp-content\/uploads\/2021\/05\/niels-kr-oestergaard.jpg","type":"image\/jpeg"}],"author":"Debat","twitter_card":"summary_large_image","twitter_misc":{"Skrevet af":"Debat","Estimeret l\u00e6setid":"3 minutter"},"schema":{"@context":"https:\/\/schema.org","@graph":[{"@type":"Article","@id":"https:\/\/kunmedierne.dk\/mors\/fremtidens-varme-haender\/#article","isPartOf":{"@id":"https:\/\/kunmedierne.dk\/mors\/fremtidens-varme-haender\/"},"author":{"name":"Debat","@id":"https:\/\/kunmedierne.dk\/mors\/#\/schema\/person\/84c1391bce0b43b9bb3a49736bc0ad78"},"headline":"&#8211; Fremtidens varme h\u00e6nder","datePublished":"2021-10-29T09:21:41+00:00","dateModified":"2024-08-12T11:35:58+00:00","mainEntityOfPage":{"@id":"https:\/\/kunmedierne.dk\/mors\/fremtidens-varme-haender\/"},"wordCount":415,"commentCount":0,"publisher":{"@id":"https:\/\/kunmedierne.dk\/mors\/#organization"},"image":{"@id":"https:\/\/kunmedierne.dk\/mors\/fremtidens-varme-haender\/#primaryimage"},"thumbnailUrl":"https:\/\/kunmedierne.dk\/mors\/wp-content\/uploads\/2021\/05\/niels-kr-oestergaard.jpg","keywords":["Politik"],"articleSection":["Debat"],"inLanguage":"da-DK","potentialAction":[{"@type":"CommentAction","name":"Comment","target":["https:\/\/kunmedierne.dk\/mors\/fremtidens-varme-haender\/#respond"]}]},{"@type":"WebPage","@id":"https:\/\/kunmedierne.dk\/mors\/fremtidens-varme-haender\/","url":"https:\/\/kunmedierne.dk\/mors\/fremtidens-varme-haender\/","name":"- Fremtidens varme h\u00e6nder - Mors","isPartOf":{"@id":"https:\/\/kunmedierne.dk\/mors\/#website"},"primaryImageOfPage":{"@id":"https:\/\/kunmedierne.dk\/mors\/fremtidens-varme-haender\/#primaryimage"},"image":{"@id":"https:\/\/kunmedierne.dk\/mors\/fremtidens-varme-haender\/#primaryimage"},"thumbnailUrl":"https:\/\/kunmedierne.dk\/mors\/wp-content\/uploads\/2021\/05\/niels-kr-oestergaard.jpg","datePublished":"2021-10-29T09:21:41+00:00","dateModified":"2024-08-12T11:35:58+00:00","breadcrumb":{"@id":"https:\/\/kunmedierne.dk\/mors\/fremtidens-varme-haender\/#breadcrumb"},"inLanguage":"da-DK","potentialAction":[{"@type":"ReadAction","target":["https:\/\/kunmedierne.dk\/mors\/fremtidens-varme-haender\/"]}]},{"@type":"ImageObject","inLanguage":"da-DK","@id":"https:\/\/kunmedierne.dk\/mors\/fremtidens-varme-haender\/#primaryimage","url":"https:\/\/kunmedierne.dk\/mors\/wp-content\/uploads\/2021\/05\/niels-kr-oestergaard.jpg","contentUrl":"https:\/\/kunmedierne.dk\/mors\/wp-content\/uploads\/2021\/05\/niels-kr-oestergaard.jpg","width":770,"height":513,"caption":"Niels Kr. \u00d8stergaard, kandidat for Socialdemokratiet ved Kommunalvalg 2021."},{"@type":"BreadcrumbList","@id":"https:\/\/kunmedierne.dk\/mors\/fremtidens-varme-haender\/#breadcrumb","itemListElement":[{"@type":"ListItem","position":1,"name":"Hjem","item":"https:\/\/kunmedierne.dk\/mors\/"},{"@type":"ListItem","position":2,"name":"&#8211; Fremtidens varme h\u00e6nder"}]},{"@type":"WebSite","@id":"https:\/\/kunmedierne.dk\/mors\/#website","url":"https:\/\/kunmedierne.dk\/mors\/","name":"Mors","description":"et netmedie med journalistik om livet p\u00e5 Mors","publisher":{"@id":"https:\/\/kunmedierne.dk\/mors\/#organization"},"potentialAction":[{"@type":"SearchAction","target":{"@type":"EntryPoint","urlTemplate":"https:\/\/kunmedierne.dk\/mors\/?s={search_term_string}"},"query-input":{"@type":"PropertyValueSpecification","valueRequired":true,"valueName":"search_term_string"}}],"inLanguage":"da-DK"},{"@type":"Organization","@id":"https:\/\/kunmedierne.dk\/mors\/#organization","name":"Mors","url":"https:\/\/kunmedierne.dk\/mors\/","logo":{"@type":"ImageObject","inLanguage":"da-DK","@id":"https:\/\/kunmedierne.dk\/mors\/#\/schema\/logo\/image\/","url":"https:\/\/kunmedierne.dk\/mors\/wp-content\/uploads\/2024\/08\/kunmors-logo.svg","contentUrl":"https:\/\/kunmedierne.dk\/mors\/wp-content\/uploads\/2024\/08\/kunmors-logo.svg","caption":"Mors"},"image":{"@id":"https:\/\/kunmedierne.dk\/mors\/#\/schema\/logo\/image\/"}},{"@type":"Person","@id":"https:\/\/kunmedierne.dk\/mors\/#\/schema\/person\/84c1391bce0b43b9bb3a49736bc0ad78","name":"Debat","image":{"@type":"ImageObject","inLanguage":"da-DK","@id":"https:\/\/kunmedierne.dk\/mors\/#\/schema\/person\/image\/","url":"https:\/\/secure.gravatar.com\/avatar\/b0fb2e221d618f7c65162ab0d49c7e8a0b580c871ca03af90e42b47b4150654c?s=96&d=mm&r=g","contentUrl":"https:\/\/secure.gravatar.com\/avatar\/b0fb2e221d618f7c65162ab0d49c7e8a0b580c871ca03af90e42b47b4150654c?s=96&d=mm&r=g","caption":"Debat"},"url":"https:\/\/kunmedierne.dk\/mors\/author\/debat\/"}]}},"_links":{"self":[{"href":"https:\/\/kunmedierne.dk\/mors\/wp-json\/wp\/v2\/posts\/55930","targetHints":{"allow":["GET"]}}],"collection":[{"href":"https:\/\/kunmedierne.dk\/mors\/wp-json\/wp\/v2\/posts"}],"about":[{"href":"https:\/\/kunmedierne.dk\/mors\/wp-json\/wp\/v2\/types\/post"}],"author":[{"embeddable":true,"href":"https:\/\/kunmedierne.dk\/mors\/wp-json\/wp\/v2\/users\/11"}],"replies":[{"embeddable":true,"href":"https:\/\/kunmedierne.dk\/mors\/wp-json\/wp\/v2\/comments?post=55930"}],"version-history":[{"count":1,"href":"https:\/\/kunmedierne.dk\/mors\/wp-json\/wp\/v2\/posts\/55930\/revisions"}],"predecessor-version":[{"id":55931,"href":"https:\/\/kunmedierne.dk\/mors\/wp-json\/wp\/v2\/posts\/55930\/revisions\/55931"}],"wp:featuredmedia":[{"embeddable":true,"href":"https:\/\/kunmedierne.dk\/mors\/wp-json\/wp\/v2\/media\/45379"}],"wp:attachment":[{"href":"https:\/\/kunmedierne.dk\/mors\/wp-json\/wp\/v2\/media?parent=55930"}],"wp:term":[{"taxonomy":"category","embeddable":true,"href":"https:\/\/kunmedierne.dk\/mors\/wp-json\/wp\/v2\/categories?post=55930"},{"taxonomy":"post_tag","embeddable":true,"href":"https:\/\/kunmedierne.dk\/mors\/wp-json\/wp\/v2\/tags?post=55930"}],"curies":[{"name":"wp","href":"https:\/\/api.w.org\/{rel}","templated":true}]}}