{"id":55906,"date":"2021-10-28T22:21:44","date_gmt":"2021-10-28T20:21:44","guid":{"rendered":"https:\/\/kunmedierne.dk\/mors\/?p=55906"},"modified":"2024-08-12T13:35:58","modified_gmt":"2024-08-12T11:35:58","slug":"kaempe-regning-til-regionens-skatteborgere","status":"publish","type":"post","link":"https:\/\/kunmedierne.dk\/mors\/kaempe-regning-til-regionens-skatteborgere\/","title":{"rendered":"&#8211; K\u00e6mpe regning til regionens skatteborgere"},"content":{"rendered":"<p><em>Debatindl\u00e6g fra Kim Frost, kandidat for De Konservative ved Regionsr\u00e5dsvalg 2021:<\/em><\/p>\n<hr \/>\n<p><strong>NORDJYLLAND<\/strong>: Det kan jo f\u00e5 en gris til at gr\u00e6de: Regionen er af r\u00e5dgiveren for Nyt Aalborg Universitetshospital (hvilket snedigt navn!) blevet st\u00e6vnet for kr. 337 mio.<\/p>\n<p>Iflg. advokatresponsum fra landets st\u00f8rste advokatfirma Bech-Bruun kan Regionen selv i v\u00e6rst t\u00e6nkeligt voldgiftsscenarie kun p\u00e5regne en forsikringsd\u00e6kning p\u00e5 kr. 131 mio. &#8211; alts\u00e5 er her godt kr. 200 mio. et realistisk bud p\u00e5 regningen til Regionens skatteborgere. L\u00e6g dertil en forventet budgetoverskridelse, allerede indregnet i Regionens budget 2022 (!) p\u00e5 kr. godt 200 mio. Alts\u00e5 i alt godt kr. 400 mio.! Hvad kunne vi borgere ikke have f\u00e5et af bedre sundhed og \u00e6ldre omsorg for dette k\u00e6mpebel\u00f8b? Og s\u00e5 er der forresten ogs\u00e5 undervejs slanket lidt i tegningerne.<\/p>\n<p><a href=\"http:\/\/www.limfjordsteatret.dk\/#front\"><img loading=\"lazy\" decoding=\"async\" class=\"alignleft size-full wp-image-46596\" src=\"https:\/\/kunmedierne.dk\/mors\/wp-content\/uploads\/2021\/06\/t05.jpg\" alt=\"\" width=\"1400\" height=\"125\" srcset=\"https:\/\/kunmedierne.dk\/mors\/wp-content\/uploads\/2021\/06\/t05.jpg 1400w, https:\/\/kunmedierne.dk\/mors\/wp-content\/uploads\/2021\/06\/t05-300x27.jpg 300w, https:\/\/kunmedierne.dk\/mors\/wp-content\/uploads\/2021\/06\/t05-1024x91.jpg 1024w, https:\/\/kunmedierne.dk\/mors\/wp-content\/uploads\/2021\/06\/t05-768x69.jpg 768w, https:\/\/kunmedierne.dk\/mors\/wp-content\/uploads\/2021\/06\/t05-600x54.jpg 600w\" sizes=\"auto, (max-width: 1400px) 100vw, 1400px\" \/><\/a>Som vanligt er Ulla Astman f\u00e5m\u00e6lt om forl\u00f8bet, fordi det \u201cindeholder strategiske overvejelser\u201d (m\u00e5ske samme skulle have v\u00e6ret p\u00e5 banen tidligere); men siger dog beroligende, at Regionsr\u00e5det er \u201cfuldt bekendt\u201d\u2026<\/p>\n<p>Hvilken stor privat virksomhed ville have ladet et underskud vokse til de dimensioner, uden at ejerkredsen undervejs havde udskiftet hele eller dele af bestyrelse og\/eller direktionen?<\/p>\n<p>Og Regionen er ikke en mellemstor virksomhed, men \u201coms\u00e6tter\u201d, l\u00e6s forvalter, i \u00e5r kr. 11.000 mio af de fra vor skatteindbetaling tildelte midler til at g\u00f8re Nordjylland bedst for borgerne.<\/p>\n<p><a href=\"https:\/\/www.braendselsforeningen.dk\/\"><img loading=\"lazy\" decoding=\"async\" class=\"alignleft size-full wp-image-46597\" src=\"https:\/\/kunmedierne.dk\/mors\/wp-content\/uploads\/2021\/06\/t06.jpg\" alt=\"\" width=\"1425\" height=\"127\" srcset=\"https:\/\/kunmedierne.dk\/mors\/wp-content\/uploads\/2021\/06\/t06.jpg 1425w, https:\/\/kunmedierne.dk\/mors\/wp-content\/uploads\/2021\/06\/t06-300x27.jpg 300w, https:\/\/kunmedierne.dk\/mors\/wp-content\/uploads\/2021\/06\/t06-1024x91.jpg 1024w, https:\/\/kunmedierne.dk\/mors\/wp-content\/uploads\/2021\/06\/t06-768x68.jpg 768w, https:\/\/kunmedierne.dk\/mors\/wp-content\/uploads\/2021\/06\/t06-600x53.jpg 600w\" sizes=\"auto, (max-width: 1425px) 100vw, 1425px\" \/><\/a>Jeg vil gerne v\u00e6re &#8211; og beder om jeres mandat til at blive &#8211; medlem af dem, der bestyrer jeres penge &#8211; Regionsr\u00e5det.<\/p>\n<p>Og med mit slogan \u201cNyt syn p\u00e5 Regionen\u201d forpligter jeg mig fuldt til at v\u00e6re garant for, at det videre forl\u00f8b i denne sag &#8211; det st\u00f8rste anl\u00e6gsprojekt i Nordjylland til dato! &#8211; ikke ender som et \u201clukket punkt\u201d. Som jeg vil forpligte mig til &#8211; med min faglige baggrund og \u00f8konomiske indsigt som virksomhedsejer &#8211; at dykke ned i fremtidige storanl\u00e6g fra start til slut. Det n\u00e6ste projekt venter jo lige om hj\u00f8rnet: Den tredje Limfjordspassage, som skal blive en tunnel &#8211; skrot Egholmgalskaben! Og den skal holde \u00f8konomisk holde vand bogstavelig talt!<\/p>\n<h5>POPUL\u00c6R ARTIKEL: <a href=\"https:\/\/kunmedierne.dk\/mors\/taetpakket-vaelgermoede-i-sejerslev-naaede-vidt-omkring\/\">T\u00e6tpakket v\u00e6lgerm\u00f8de i Sejerslev n\u00e5ede vidt omkring<\/a><\/h5>\n<hr \/>\n<p><em>Har du et bidrag til den lokale debat? Send det til os p\u00e5 e-mail: debat@kunmedierne.dk\/mors. Husk at l\u00e6se korrektur inden afsendelse p\u00e5 indl\u00e6gget.<\/em><\/p>\n","protected":false},"excerpt":{"rendered":"<p>Debatindl\u00e6g fra Kim Frost, kandidat for De Konservative ved Regionsr\u00e5dsvalg 2021: NORDJYLLAND: Det kan jo f\u00e5 en gris til at gr\u00e6de: Regionen er af r\u00e5dgiveren for Nyt Aalborg Universitetshospital (hvilket snedigt navn!) blevet st\u00e6vnet for kr. 337 mio. Iflg. advokatresponsum fra landets st\u00f8rste advokatfirma Bech-Bruun kan Regionen selv i v\u00e6rst t\u00e6nkeligt voldgiftsscenarie kun p\u00e5regne en [&hellip;]<\/p>\n","protected":false},"author":11,"featured_media":55707,"comment_status":"open","ping_status":"open","sticky":false,"template":"","format":"standard","meta":{"_acf_changed":false,"footnotes":""},"categories":[56],"tags":[167],"class_list":["post-55906","post","type-post","status-publish","format-standard","has-post-thumbnail","hentry","category-debat","tag-politik"],"acf":[],"yoast_head":"<!-- This site is optimized with the Yoast SEO plugin v26.8 - https:\/\/yoast.com\/product\/yoast-seo-wordpress\/ -->\n<title>- K\u00e6mpe regning til regionens skatteborgere - Mors<\/title>\n<meta name=\"robots\" content=\"index, follow, max-snippet:-1, max-image-preview:large, max-video-preview:-1\" \/>\n<link rel=\"canonical\" href=\"https:\/\/kunmedierne.dk\/mors\/kaempe-regning-til-regionens-skatteborgere\/\" \/>\n<meta property=\"og:locale\" content=\"da_DK\" \/>\n<meta property=\"og:type\" content=\"article\" \/>\n<meta property=\"og:title\" content=\"- K\u00e6mpe regning til regionens skatteborgere - Mors\" \/>\n<meta property=\"og:description\" content=\"Debatindl\u00e6g fra Kim Frost, kandidat for De Konservative ved Regionsr\u00e5dsvalg 2021: NORDJYLLAND: Det kan jo f\u00e5 en gris til at gr\u00e6de: Regionen er af r\u00e5dgiveren for Nyt Aalborg Universitetshospital (hvilket snedigt navn!) blevet st\u00e6vnet for kr. 337 mio. Iflg. advokatresponsum fra landets st\u00f8rste advokatfirma Bech-Bruun kan Regionen selv i v\u00e6rst t\u00e6nkeligt voldgiftsscenarie kun p\u00e5regne en [&hellip;]\" \/>\n<meta property=\"og:url\" content=\"https:\/\/kunmedierne.dk\/mors\/kaempe-regning-til-regionens-skatteborgere\/\" \/>\n<meta property=\"og:site_name\" content=\"Mors\" \/>\n<meta property=\"article:published_time\" content=\"2021-10-28T20:21:44+00:00\" \/>\n<meta property=\"article:modified_time\" content=\"2024-08-12T11:35:58+00:00\" \/>\n<meta property=\"og:image\" content=\"https:\/\/kunmedierne.dk\/mors\/wp-content\/uploads\/2021\/10\/DR7A3036.jpg\" \/>\n\t<meta property=\"og:image:width\" content=\"770\" \/>\n\t<meta property=\"og:image:height\" content=\"489\" \/>\n\t<meta property=\"og:image:type\" content=\"image\/jpeg\" \/>\n<meta name=\"author\" content=\"Debat\" \/>\n<meta name=\"twitter:card\" content=\"summary_large_image\" \/>\n<meta name=\"twitter:label1\" content=\"Skrevet af\" \/>\n\t<meta name=\"twitter:data1\" content=\"Debat\" \/>\n\t<meta name=\"twitter:label2\" content=\"Estimeret l\u00e6setid\" \/>\n\t<meta name=\"twitter:data2\" content=\"2 minutter\" \/>\n<script type=\"application\/ld+json\" class=\"yoast-schema-graph\">{\"@context\":\"https:\/\/schema.org\",\"@graph\":[{\"@type\":\"Article\",\"@id\":\"https:\/\/kunmedierne.dk\/mors\/kaempe-regning-til-regionens-skatteborgere\/#article\",\"isPartOf\":{\"@id\":\"https:\/\/kunmedierne.dk\/mors\/kaempe-regning-til-regionens-skatteborgere\/\"},\"author\":{\"name\":\"Debat\",\"@id\":\"https:\/\/kunmedierne.dk\/mors\/#\/schema\/person\/84c1391bce0b43b9bb3a49736bc0ad78\"},\"headline\":\"&#8211; K\u00e6mpe regning til regionens skatteborgere\",\"datePublished\":\"2021-10-28T20:21:44+00:00\",\"dateModified\":\"2024-08-12T11:35:58+00:00\",\"mainEntityOfPage\":{\"@id\":\"https:\/\/kunmedierne.dk\/mors\/kaempe-regning-til-regionens-skatteborgere\/\"},\"wordCount\":402,\"commentCount\":0,\"publisher\":{\"@id\":\"https:\/\/kunmedierne.dk\/mors\/#organization\"},\"image\":{\"@id\":\"https:\/\/kunmedierne.dk\/mors\/kaempe-regning-til-regionens-skatteborgere\/#primaryimage\"},\"thumbnailUrl\":\"https:\/\/kunmedierne.dk\/mors\/wp-content\/uploads\/2021\/10\/DR7A3036.jpg\",\"keywords\":[\"Politik\"],\"articleSection\":[\"Debat\"],\"inLanguage\":\"da-DK\",\"potentialAction\":[{\"@type\":\"CommentAction\",\"name\":\"Comment\",\"target\":[\"https:\/\/kunmedierne.dk\/mors\/kaempe-regning-til-regionens-skatteborgere\/#respond\"]}]},{\"@type\":\"WebPage\",\"@id\":\"https:\/\/kunmedierne.dk\/mors\/kaempe-regning-til-regionens-skatteborgere\/\",\"url\":\"https:\/\/kunmedierne.dk\/mors\/kaempe-regning-til-regionens-skatteborgere\/\",\"name\":\"- K\u00e6mpe regning til regionens skatteborgere - Mors\",\"isPartOf\":{\"@id\":\"https:\/\/kunmedierne.dk\/mors\/#website\"},\"primaryImageOfPage\":{\"@id\":\"https:\/\/kunmedierne.dk\/mors\/kaempe-regning-til-regionens-skatteborgere\/#primaryimage\"},\"image\":{\"@id\":\"https:\/\/kunmedierne.dk\/mors\/kaempe-regning-til-regionens-skatteborgere\/#primaryimage\"},\"thumbnailUrl\":\"https:\/\/kunmedierne.dk\/mors\/wp-content\/uploads\/2021\/10\/DR7A3036.jpg\",\"datePublished\":\"2021-10-28T20:21:44+00:00\",\"dateModified\":\"2024-08-12T11:35:58+00:00\",\"breadcrumb\":{\"@id\":\"https:\/\/kunmedierne.dk\/mors\/kaempe-regning-til-regionens-skatteborgere\/#breadcrumb\"},\"inLanguage\":\"da-DK\",\"potentialAction\":[{\"@type\":\"ReadAction\",\"target\":[\"https:\/\/kunmedierne.dk\/mors\/kaempe-regning-til-regionens-skatteborgere\/\"]}]},{\"@type\":\"ImageObject\",\"inLanguage\":\"da-DK\",\"@id\":\"https:\/\/kunmedierne.dk\/mors\/kaempe-regning-til-regionens-skatteborgere\/#primaryimage\",\"url\":\"https:\/\/kunmedierne.dk\/mors\/wp-content\/uploads\/2021\/10\/DR7A3036.jpg\",\"contentUrl\":\"https:\/\/kunmedierne.dk\/mors\/wp-content\/uploads\/2021\/10\/DR7A3036.jpg\",\"width\":770,\"height\":489,\"caption\":\"Kim Frost. Foto: Ole Geerthsen\"},{\"@type\":\"BreadcrumbList\",\"@id\":\"https:\/\/kunmedierne.dk\/mors\/kaempe-regning-til-regionens-skatteborgere\/#breadcrumb\",\"itemListElement\":[{\"@type\":\"ListItem\",\"position\":1,\"name\":\"Hjem\",\"item\":\"https:\/\/kunmedierne.dk\/mors\/\"},{\"@type\":\"ListItem\",\"position\":2,\"name\":\"&#8211; K\u00e6mpe regning til regionens skatteborgere\"}]},{\"@type\":\"WebSite\",\"@id\":\"https:\/\/kunmedierne.dk\/mors\/#website\",\"url\":\"https:\/\/kunmedierne.dk\/mors\/\",\"name\":\"Mors\",\"description\":\"et netmedie med journalistik om livet p\u00e5 Mors\",\"publisher\":{\"@id\":\"https:\/\/kunmedierne.dk\/mors\/#organization\"},\"potentialAction\":[{\"@type\":\"SearchAction\",\"target\":{\"@type\":\"EntryPoint\",\"urlTemplate\":\"https:\/\/kunmedierne.dk\/mors\/?s={search_term_string}\"},\"query-input\":{\"@type\":\"PropertyValueSpecification\",\"valueRequired\":true,\"valueName\":\"search_term_string\"}}],\"inLanguage\":\"da-DK\"},{\"@type\":\"Organization\",\"@id\":\"https:\/\/kunmedierne.dk\/mors\/#organization\",\"name\":\"Mors\",\"url\":\"https:\/\/kunmedierne.dk\/mors\/\",\"logo\":{\"@type\":\"ImageObject\",\"inLanguage\":\"da-DK\",\"@id\":\"https:\/\/kunmedierne.dk\/mors\/#\/schema\/logo\/image\/\",\"url\":\"https:\/\/kunmedierne.dk\/mors\/wp-content\/uploads\/2024\/08\/kunmors-logo.svg\",\"contentUrl\":\"https:\/\/kunmedierne.dk\/mors\/wp-content\/uploads\/2024\/08\/kunmors-logo.svg\",\"caption\":\"Mors\"},\"image\":{\"@id\":\"https:\/\/kunmedierne.dk\/mors\/#\/schema\/logo\/image\/\"}},{\"@type\":\"Person\",\"@id\":\"https:\/\/kunmedierne.dk\/mors\/#\/schema\/person\/84c1391bce0b43b9bb3a49736bc0ad78\",\"name\":\"Debat\",\"image\":{\"@type\":\"ImageObject\",\"inLanguage\":\"da-DK\",\"@id\":\"https:\/\/kunmedierne.dk\/mors\/#\/schema\/person\/image\/\",\"url\":\"https:\/\/secure.gravatar.com\/avatar\/b0fb2e221d618f7c65162ab0d49c7e8a0b580c871ca03af90e42b47b4150654c?s=96&d=mm&r=g\",\"contentUrl\":\"https:\/\/secure.gravatar.com\/avatar\/b0fb2e221d618f7c65162ab0d49c7e8a0b580c871ca03af90e42b47b4150654c?s=96&d=mm&r=g\",\"caption\":\"Debat\"},\"url\":\"https:\/\/kunmedierne.dk\/mors\/author\/debat\/\"}]}<\/script>\n<!-- \/ Yoast SEO plugin. -->","yoast_head_json":{"title":"- K\u00e6mpe regning til regionens skatteborgere - Mors","robots":{"index":"index","follow":"follow","max-snippet":"max-snippet:-1","max-image-preview":"max-image-preview:large","max-video-preview":"max-video-preview:-1"},"canonical":"https:\/\/kunmedierne.dk\/mors\/kaempe-regning-til-regionens-skatteborgere\/","og_locale":"da_DK","og_type":"article","og_title":"- K\u00e6mpe regning til regionens skatteborgere - Mors","og_description":"Debatindl\u00e6g fra Kim Frost, kandidat for De Konservative ved Regionsr\u00e5dsvalg 2021: NORDJYLLAND: Det kan jo f\u00e5 en gris til at gr\u00e6de: Regionen er af r\u00e5dgiveren for Nyt Aalborg Universitetshospital (hvilket snedigt navn!) blevet st\u00e6vnet for kr. 337 mio. Iflg. advokatresponsum fra landets st\u00f8rste advokatfirma Bech-Bruun kan Regionen selv i v\u00e6rst t\u00e6nkeligt voldgiftsscenarie kun p\u00e5regne en [&hellip;]","og_url":"https:\/\/kunmedierne.dk\/mors\/kaempe-regning-til-regionens-skatteborgere\/","og_site_name":"Mors","article_published_time":"2021-10-28T20:21:44+00:00","article_modified_time":"2024-08-12T11:35:58+00:00","og_image":[{"width":770,"height":489,"url":"https:\/\/kunmedierne.dk\/mors\/wp-content\/uploads\/2021\/10\/DR7A3036.jpg","type":"image\/jpeg"}],"author":"Debat","twitter_card":"summary_large_image","twitter_misc":{"Skrevet af":"Debat","Estimeret l\u00e6setid":"2 minutter"},"schema":{"@context":"https:\/\/schema.org","@graph":[{"@type":"Article","@id":"https:\/\/kunmedierne.dk\/mors\/kaempe-regning-til-regionens-skatteborgere\/#article","isPartOf":{"@id":"https:\/\/kunmedierne.dk\/mors\/kaempe-regning-til-regionens-skatteborgere\/"},"author":{"name":"Debat","@id":"https:\/\/kunmedierne.dk\/mors\/#\/schema\/person\/84c1391bce0b43b9bb3a49736bc0ad78"},"headline":"&#8211; K\u00e6mpe regning til regionens skatteborgere","datePublished":"2021-10-28T20:21:44+00:00","dateModified":"2024-08-12T11:35:58+00:00","mainEntityOfPage":{"@id":"https:\/\/kunmedierne.dk\/mors\/kaempe-regning-til-regionens-skatteborgere\/"},"wordCount":402,"commentCount":0,"publisher":{"@id":"https:\/\/kunmedierne.dk\/mors\/#organization"},"image":{"@id":"https:\/\/kunmedierne.dk\/mors\/kaempe-regning-til-regionens-skatteborgere\/#primaryimage"},"thumbnailUrl":"https:\/\/kunmedierne.dk\/mors\/wp-content\/uploads\/2021\/10\/DR7A3036.jpg","keywords":["Politik"],"articleSection":["Debat"],"inLanguage":"da-DK","potentialAction":[{"@type":"CommentAction","name":"Comment","target":["https:\/\/kunmedierne.dk\/mors\/kaempe-regning-til-regionens-skatteborgere\/#respond"]}]},{"@type":"WebPage","@id":"https:\/\/kunmedierne.dk\/mors\/kaempe-regning-til-regionens-skatteborgere\/","url":"https:\/\/kunmedierne.dk\/mors\/kaempe-regning-til-regionens-skatteborgere\/","name":"- K\u00e6mpe regning til regionens skatteborgere - Mors","isPartOf":{"@id":"https:\/\/kunmedierne.dk\/mors\/#website"},"primaryImageOfPage":{"@id":"https:\/\/kunmedierne.dk\/mors\/kaempe-regning-til-regionens-skatteborgere\/#primaryimage"},"image":{"@id":"https:\/\/kunmedierne.dk\/mors\/kaempe-regning-til-regionens-skatteborgere\/#primaryimage"},"thumbnailUrl":"https:\/\/kunmedierne.dk\/mors\/wp-content\/uploads\/2021\/10\/DR7A3036.jpg","datePublished":"2021-10-28T20:21:44+00:00","dateModified":"2024-08-12T11:35:58+00:00","breadcrumb":{"@id":"https:\/\/kunmedierne.dk\/mors\/kaempe-regning-til-regionens-skatteborgere\/#breadcrumb"},"inLanguage":"da-DK","potentialAction":[{"@type":"ReadAction","target":["https:\/\/kunmedierne.dk\/mors\/kaempe-regning-til-regionens-skatteborgere\/"]}]},{"@type":"ImageObject","inLanguage":"da-DK","@id":"https:\/\/kunmedierne.dk\/mors\/kaempe-regning-til-regionens-skatteborgere\/#primaryimage","url":"https:\/\/kunmedierne.dk\/mors\/wp-content\/uploads\/2021\/10\/DR7A3036.jpg","contentUrl":"https:\/\/kunmedierne.dk\/mors\/wp-content\/uploads\/2021\/10\/DR7A3036.jpg","width":770,"height":489,"caption":"Kim Frost. Foto: Ole Geerthsen"},{"@type":"BreadcrumbList","@id":"https:\/\/kunmedierne.dk\/mors\/kaempe-regning-til-regionens-skatteborgere\/#breadcrumb","itemListElement":[{"@type":"ListItem","position":1,"name":"Hjem","item":"https:\/\/kunmedierne.dk\/mors\/"},{"@type":"ListItem","position":2,"name":"&#8211; K\u00e6mpe regning til regionens skatteborgere"}]},{"@type":"WebSite","@id":"https:\/\/kunmedierne.dk\/mors\/#website","url":"https:\/\/kunmedierne.dk\/mors\/","name":"Mors","description":"et netmedie med journalistik om livet p\u00e5 Mors","publisher":{"@id":"https:\/\/kunmedierne.dk\/mors\/#organization"},"potentialAction":[{"@type":"SearchAction","target":{"@type":"EntryPoint","urlTemplate":"https:\/\/kunmedierne.dk\/mors\/?s={search_term_string}"},"query-input":{"@type":"PropertyValueSpecification","valueRequired":true,"valueName":"search_term_string"}}],"inLanguage":"da-DK"},{"@type":"Organization","@id":"https:\/\/kunmedierne.dk\/mors\/#organization","name":"Mors","url":"https:\/\/kunmedierne.dk\/mors\/","logo":{"@type":"ImageObject","inLanguage":"da-DK","@id":"https:\/\/kunmedierne.dk\/mors\/#\/schema\/logo\/image\/","url":"https:\/\/kunmedierne.dk\/mors\/wp-content\/uploads\/2024\/08\/kunmors-logo.svg","contentUrl":"https:\/\/kunmedierne.dk\/mors\/wp-content\/uploads\/2024\/08\/kunmors-logo.svg","caption":"Mors"},"image":{"@id":"https:\/\/kunmedierne.dk\/mors\/#\/schema\/logo\/image\/"}},{"@type":"Person","@id":"https:\/\/kunmedierne.dk\/mors\/#\/schema\/person\/84c1391bce0b43b9bb3a49736bc0ad78","name":"Debat","image":{"@type":"ImageObject","inLanguage":"da-DK","@id":"https:\/\/kunmedierne.dk\/mors\/#\/schema\/person\/image\/","url":"https:\/\/secure.gravatar.com\/avatar\/b0fb2e221d618f7c65162ab0d49c7e8a0b580c871ca03af90e42b47b4150654c?s=96&d=mm&r=g","contentUrl":"https:\/\/secure.gravatar.com\/avatar\/b0fb2e221d618f7c65162ab0d49c7e8a0b580c871ca03af90e42b47b4150654c?s=96&d=mm&r=g","caption":"Debat"},"url":"https:\/\/kunmedierne.dk\/mors\/author\/debat\/"}]}},"_links":{"self":[{"href":"https:\/\/kunmedierne.dk\/mors\/wp-json\/wp\/v2\/posts\/55906","targetHints":{"allow":["GET"]}}],"collection":[{"href":"https:\/\/kunmedierne.dk\/mors\/wp-json\/wp\/v2\/posts"}],"about":[{"href":"https:\/\/kunmedierne.dk\/mors\/wp-json\/wp\/v2\/types\/post"}],"author":[{"embeddable":true,"href":"https:\/\/kunmedierne.dk\/mors\/wp-json\/wp\/v2\/users\/11"}],"replies":[{"embeddable":true,"href":"https:\/\/kunmedierne.dk\/mors\/wp-json\/wp\/v2\/comments?post=55906"}],"version-history":[{"count":5,"href":"https:\/\/kunmedierne.dk\/mors\/wp-json\/wp\/v2\/posts\/55906\/revisions"}],"predecessor-version":[{"id":55911,"href":"https:\/\/kunmedierne.dk\/mors\/wp-json\/wp\/v2\/posts\/55906\/revisions\/55911"}],"wp:featuredmedia":[{"embeddable":true,"href":"https:\/\/kunmedierne.dk\/mors\/wp-json\/wp\/v2\/media\/55707"}],"wp:attachment":[{"href":"https:\/\/kunmedierne.dk\/mors\/wp-json\/wp\/v2\/media?parent=55906"}],"wp:term":[{"taxonomy":"category","embeddable":true,"href":"https:\/\/kunmedierne.dk\/mors\/wp-json\/wp\/v2\/categories?post=55906"},{"taxonomy":"post_tag","embeddable":true,"href":"https:\/\/kunmedierne.dk\/mors\/wp-json\/wp\/v2\/tags?post=55906"}],"curies":[{"name":"wp","href":"https:\/\/api.w.org\/{rel}","templated":true}]}}