{"id":55852,"date":"2021-10-28T12:05:46","date_gmt":"2021-10-28T10:05:46","guid":{"rendered":"https:\/\/kunmedierne.dk\/mors\/?p=55852"},"modified":"2024-08-12T13:35:59","modified_gmt":"2024-08-12T11:35:59","slug":"paa-mors-har-vi-omsorgsgaranti","status":"publish","type":"post","link":"https:\/\/kunmedierne.dk\/mors\/paa-mors-har-vi-omsorgsgaranti\/","title":{"rendered":"&#8211; P\u00e5 Mors har vi omsorgsgaranti"},"content":{"rendered":"<p><em>Debatindl\u00e6g Peter Therkildsen, kandidat for Venstre ved kommunal- og regionsr\u00e5dsvalget 2021:<\/em><\/p>\n<hr \/>\n<p class=\"v1MsoNormal\"><strong>MORS<\/strong>:\u00a0I forbindelse med den igangv\u00e6rende valgkamp s\u00e5 er der kommet p\u00e5standen om, at varetagelsen af pleje og omsorgsbehov for enkelte plejekr\u00e6vende borgere, i enkelte tilf\u00e6lde har v\u00e6ret mangelfuld.<\/p>\n<p class=\"v1MsoNormal\">Efter at have v\u00e6ret medlem af kommunalbestyrelsen siden 1994, t\u00f8r jeg godt sige, at vores hjemmepleje p\u00e5 det n\u00e6rmeste kan kaldes omsorgsgaranti. Uden at p\u00e5st\u00e5, der ikke kan v\u00e6re et eksempler p\u00e5, at det ikke helt har levet op til forventninger.<\/p>\n<p class=\"v1MsoNormal\">Mors\u00f8 kommune og jeg ved ogs\u00e5 Thisted, tager udgangspunkt i de enkelte borgeres muligheder, og vi bestr\u00e6ber os p\u00e5 at g\u00f8re det s\u00e5 professionel som muligt. Hertil kommer at vi samme dag som en patient udskrives fra hospitalet, stiller hj\u00e6lp og pleje til r\u00e5dighed.<\/p>\n<p class=\"v1MsoNormal\"><a href=\"https:\/\/www.sparthy.dk\/\"><img loading=\"lazy\" decoding=\"async\" class=\"alignleft size-full wp-image-46599\" src=\"https:\/\/kunmedierne.dk\/mors\/wp-content\/uploads\/2021\/06\/t08.jpg\" alt=\"\" width=\"1400\" height=\"125\" srcset=\"https:\/\/kunmedierne.dk\/mors\/wp-content\/uploads\/2021\/06\/t08.jpg 1400w, https:\/\/kunmedierne.dk\/mors\/wp-content\/uploads\/2021\/06\/t08-300x27.jpg 300w, https:\/\/kunmedierne.dk\/mors\/wp-content\/uploads\/2021\/06\/t08-1024x91.jpg 1024w, https:\/\/kunmedierne.dk\/mors\/wp-content\/uploads\/2021\/06\/t08-768x69.jpg 768w, https:\/\/kunmedierne.dk\/mors\/wp-content\/uploads\/2021\/06\/t08-600x54.jpg 600w\" sizes=\"auto, (max-width: 1400px) 100vw, 1400px\" \/><\/a>Nu er omsorgsgaranti mere end det det offentlige kan tilbyde. Det er n\u00e6rv\u00e6r, det er k\u00e6rlighed, og det er n\u00e6nsomhed og forst\u00e5else, alt efter hvad den enkelte borger \u00f8nsker, eller hvad de p\u00e5r\u00f8rende kan byde ind med.<\/p>\n<p class=\"v1MsoNormal\">Derfor aftaler vi indimellem, at &#8211; der bevilges plejeorlov, &#8211; ydes massiv hjemmehj\u00e6lp, &#8211; stilles hj\u00e6lpere til r\u00e5dighed, eller at de p\u00e5g\u00e6ldende kan f\u00e5 ophold p\u00e5 afklaringscenteret. Endelig en plejehjemsplads.<\/p>\n<p class=\"v1MsoNormal\">For mange \u00e5r siden passede vi min svigerfar, hvor han stort set var sengeliggende, og ramt af en alvorlig sygdom. Hvor der ikke var s\u00e5 meget smerte, ud over de mentale, &#8211; men hvor der var behov for hj\u00e6lp til alle basale forn\u00f8denheder. Det gjorde vi i 2 \u00e5r, med hj\u00e6lp fra hjemmeplejen.<\/p>\n<p class=\"v1MsoNormal\">Det vil jeg p\u00e5st\u00e5 var omsorgsgaranti, en omsorg det offentlige aldrig alene kan g\u00f8re efter. Men det vi som kommune og region kan, er at sikre at der er hj\u00e6lp hvor behovet er, &#8211; at der er sygeplejefaglig opbakning til alle n\u00f8dvendige situationer.\u00a0\u00a0Herudover ogs\u00e5 l\u00e6gelig d\u00e6kning.<\/p>\n<p class=\"v1MsoNormal\"><img loading=\"lazy\" decoding=\"async\" class=\"alignleft size-full wp-image-46600\" src=\"https:\/\/kunmedierne.dk\/mors\/wp-content\/uploads\/2021\/06\/t09.jpg\" alt=\"\" width=\"1400\" height=\"125\" srcset=\"https:\/\/kunmedierne.dk\/mors\/wp-content\/uploads\/2021\/06\/t09.jpg 1400w, https:\/\/kunmedierne.dk\/mors\/wp-content\/uploads\/2021\/06\/t09-300x27.jpg 300w, https:\/\/kunmedierne.dk\/mors\/wp-content\/uploads\/2021\/06\/t09-1024x91.jpg 1024w, https:\/\/kunmedierne.dk\/mors\/wp-content\/uploads\/2021\/06\/t09-768x69.jpg 768w, https:\/\/kunmedierne.dk\/mors\/wp-content\/uploads\/2021\/06\/t09-600x54.jpg 600w\" sizes=\"auto, (max-width: 1400px) 100vw, 1400px\" \/>Det har jeg arbejdet p\u00e5 bl.a. i relation til den nye overenskomst med praktiserende l\u00e6gers organisation. Herudover har vi fra Region Nordjylland, udm\u00f8ntet det i en aftale med Mors\u00f8 kommune i forhold\u00a0\u00a0&#8220;nye veje&#8221;, som er fremskridt i det n\u00e6re sundhedsv\u00e6sen.<\/p>\n<p class=\"v1MsoNormal\">Nu f\u00e5r vi s\u00e5 med tiden udbygningen af sundhedshuset, s\u00e5 betegnelsen n\u00e6rhospital kan h\u00e6ftes p\u00e5 tilbudene her p\u00e5 Mors.<\/p>\n<p class=\"v1MsoNormal\">Arbejdet med de mennersker der har behovet, har vores st\u00f8rste respekt og anerkendelse. De g\u00f8r en forskel. Social &#8211; og sundhedspersonale, sygeplejersker, p\u00e6dagoger og terapeuter g\u00f8r, at vi kan v\u00e6re stolte over vores omsorg og pleje. Bevidstheden om deres v\u00e6rdi mindes vi om hver dag.<\/p>\n<hr \/>\n<p class=\"v1MsoNormal\"><em>Har du et bidrag til den lokale debat? Send det til os p\u00e5 e-mail: debat@kunmedierne.dk\/mors. Husk at l\u00e6se korrektur inden afsendelse p\u00e5 indl\u00e6gget.<\/em><\/p>\n","protected":false},"excerpt":{"rendered":"<p>Debatindl\u00e6g Peter Therkildsen, kandidat for Venstre ved kommunal- og regionsr\u00e5dsvalget 2021: MORS:\u00a0I forbindelse med den igangv\u00e6rende valgkamp s\u00e5 er der kommet p\u00e5standen om, at varetagelsen af pleje og omsorgsbehov for enkelte plejekr\u00e6vende borgere, i enkelte tilf\u00e6lde har v\u00e6ret mangelfuld. Efter at have v\u00e6ret medlem af kommunalbestyrelsen siden 1994, t\u00f8r jeg godt sige, at vores hjemmepleje [&hellip;]<\/p>\n","protected":false},"author":11,"featured_media":55853,"comment_status":"open","ping_status":"open","sticky":false,"template":"","format":"standard","meta":{"_acf_changed":false,"footnotes":""},"categories":[56],"tags":[167],"class_list":["post-55852","post","type-post","status-publish","format-standard","has-post-thumbnail","hentry","category-debat","tag-politik"],"acf":[],"yoast_head":"<!-- This site is optimized with the Yoast SEO plugin v26.8 - https:\/\/yoast.com\/product\/yoast-seo-wordpress\/ -->\n<title>- P\u00e5 Mors har vi omsorgsgaranti - Mors<\/title>\n<meta name=\"robots\" content=\"index, follow, max-snippet:-1, max-image-preview:large, max-video-preview:-1\" \/>\n<link rel=\"canonical\" href=\"https:\/\/kunmedierne.dk\/mors\/paa-mors-har-vi-omsorgsgaranti\/\" \/>\n<meta property=\"og:locale\" content=\"da_DK\" \/>\n<meta property=\"og:type\" content=\"article\" \/>\n<meta property=\"og:title\" content=\"- P\u00e5 Mors har vi omsorgsgaranti - Mors\" \/>\n<meta property=\"og:description\" content=\"Debatindl\u00e6g Peter Therkildsen, kandidat for Venstre ved kommunal- og regionsr\u00e5dsvalget 2021: MORS:\u00a0I forbindelse med den igangv\u00e6rende valgkamp s\u00e5 er der kommet p\u00e5standen om, at varetagelsen af pleje og omsorgsbehov for enkelte plejekr\u00e6vende borgere, i enkelte tilf\u00e6lde har v\u00e6ret mangelfuld. Efter at have v\u00e6ret medlem af kommunalbestyrelsen siden 1994, t\u00f8r jeg godt sige, at vores hjemmepleje [&hellip;]\" \/>\n<meta property=\"og:url\" content=\"https:\/\/kunmedierne.dk\/mors\/paa-mors-har-vi-omsorgsgaranti\/\" \/>\n<meta property=\"og:site_name\" content=\"Mors\" \/>\n<meta property=\"article:published_time\" content=\"2021-10-28T10:05:46+00:00\" \/>\n<meta property=\"article:modified_time\" content=\"2024-08-12T11:35:59+00:00\" \/>\n<meta property=\"og:image\" content=\"https:\/\/kunmedierne.dk\/mors\/wp-content\/uploads\/2021\/10\/peter-therkildsen.jpg\" \/>\n\t<meta property=\"og:image:width\" content=\"770\" \/>\n\t<meta property=\"og:image:height\" content=\"513\" \/>\n\t<meta property=\"og:image:type\" content=\"image\/jpeg\" \/>\n<meta name=\"author\" content=\"Debat\" \/>\n<meta name=\"twitter:card\" content=\"summary_large_image\" \/>\n<meta name=\"twitter:label1\" content=\"Skrevet af\" \/>\n\t<meta name=\"twitter:data1\" content=\"Debat\" \/>\n\t<meta name=\"twitter:label2\" content=\"Estimeret l\u00e6setid\" \/>\n\t<meta name=\"twitter:data2\" content=\"3 minutter\" \/>\n<script type=\"application\/ld+json\" class=\"yoast-schema-graph\">{\"@context\":\"https:\/\/schema.org\",\"@graph\":[{\"@type\":\"Article\",\"@id\":\"https:\/\/kunmedierne.dk\/mors\/paa-mors-har-vi-omsorgsgaranti\/#article\",\"isPartOf\":{\"@id\":\"https:\/\/kunmedierne.dk\/mors\/paa-mors-har-vi-omsorgsgaranti\/\"},\"author\":{\"name\":\"Debat\",\"@id\":\"https:\/\/kunmedierne.dk\/mors\/#\/schema\/person\/84c1391bce0b43b9bb3a49736bc0ad78\"},\"headline\":\"&#8211; P\u00e5 Mors har vi omsorgsgaranti\",\"datePublished\":\"2021-10-28T10:05:46+00:00\",\"dateModified\":\"2024-08-12T11:35:59+00:00\",\"mainEntityOfPage\":{\"@id\":\"https:\/\/kunmedierne.dk\/mors\/paa-mors-har-vi-omsorgsgaranti\/\"},\"wordCount\":478,\"commentCount\":0,\"publisher\":{\"@id\":\"https:\/\/kunmedierne.dk\/mors\/#organization\"},\"image\":{\"@id\":\"https:\/\/kunmedierne.dk\/mors\/paa-mors-har-vi-omsorgsgaranti\/#primaryimage\"},\"thumbnailUrl\":\"https:\/\/kunmedierne.dk\/mors\/wp-content\/uploads\/2021\/10\/peter-therkildsen.jpg\",\"keywords\":[\"Politik\"],\"articleSection\":[\"Debat\"],\"inLanguage\":\"da-DK\",\"potentialAction\":[{\"@type\":\"CommentAction\",\"name\":\"Comment\",\"target\":[\"https:\/\/kunmedierne.dk\/mors\/paa-mors-har-vi-omsorgsgaranti\/#respond\"]}]},{\"@type\":\"WebPage\",\"@id\":\"https:\/\/kunmedierne.dk\/mors\/paa-mors-har-vi-omsorgsgaranti\/\",\"url\":\"https:\/\/kunmedierne.dk\/mors\/paa-mors-har-vi-omsorgsgaranti\/\",\"name\":\"- P\u00e5 Mors har vi omsorgsgaranti - Mors\",\"isPartOf\":{\"@id\":\"https:\/\/kunmedierne.dk\/mors\/#website\"},\"primaryImageOfPage\":{\"@id\":\"https:\/\/kunmedierne.dk\/mors\/paa-mors-har-vi-omsorgsgaranti\/#primaryimage\"},\"image\":{\"@id\":\"https:\/\/kunmedierne.dk\/mors\/paa-mors-har-vi-omsorgsgaranti\/#primaryimage\"},\"thumbnailUrl\":\"https:\/\/kunmedierne.dk\/mors\/wp-content\/uploads\/2021\/10\/peter-therkildsen.jpg\",\"datePublished\":\"2021-10-28T10:05:46+00:00\",\"dateModified\":\"2024-08-12T11:35:59+00:00\",\"breadcrumb\":{\"@id\":\"https:\/\/kunmedierne.dk\/mors\/paa-mors-har-vi-omsorgsgaranti\/#breadcrumb\"},\"inLanguage\":\"da-DK\",\"potentialAction\":[{\"@type\":\"ReadAction\",\"target\":[\"https:\/\/kunmedierne.dk\/mors\/paa-mors-har-vi-omsorgsgaranti\/\"]}]},{\"@type\":\"ImageObject\",\"inLanguage\":\"da-DK\",\"@id\":\"https:\/\/kunmedierne.dk\/mors\/paa-mors-har-vi-omsorgsgaranti\/#primaryimage\",\"url\":\"https:\/\/kunmedierne.dk\/mors\/wp-content\/uploads\/2021\/10\/peter-therkildsen.jpg\",\"contentUrl\":\"https:\/\/kunmedierne.dk\/mors\/wp-content\/uploads\/2021\/10\/peter-therkildsen.jpg\",\"width\":770,\"height\":513,\"caption\":\"Peter Therkildsen, kandidat til kommunal- og regionsvalget 2021.\"},{\"@type\":\"BreadcrumbList\",\"@id\":\"https:\/\/kunmedierne.dk\/mors\/paa-mors-har-vi-omsorgsgaranti\/#breadcrumb\",\"itemListElement\":[{\"@type\":\"ListItem\",\"position\":1,\"name\":\"Hjem\",\"item\":\"https:\/\/kunmedierne.dk\/mors\/\"},{\"@type\":\"ListItem\",\"position\":2,\"name\":\"&#8211; P\u00e5 Mors har vi omsorgsgaranti\"}]},{\"@type\":\"WebSite\",\"@id\":\"https:\/\/kunmedierne.dk\/mors\/#website\",\"url\":\"https:\/\/kunmedierne.dk\/mors\/\",\"name\":\"Mors\",\"description\":\"et netmedie med journalistik om livet p\u00e5 Mors\",\"publisher\":{\"@id\":\"https:\/\/kunmedierne.dk\/mors\/#organization\"},\"potentialAction\":[{\"@type\":\"SearchAction\",\"target\":{\"@type\":\"EntryPoint\",\"urlTemplate\":\"https:\/\/kunmedierne.dk\/mors\/?s={search_term_string}\"},\"query-input\":{\"@type\":\"PropertyValueSpecification\",\"valueRequired\":true,\"valueName\":\"search_term_string\"}}],\"inLanguage\":\"da-DK\"},{\"@type\":\"Organization\",\"@id\":\"https:\/\/kunmedierne.dk\/mors\/#organization\",\"name\":\"Mors\",\"url\":\"https:\/\/kunmedierne.dk\/mors\/\",\"logo\":{\"@type\":\"ImageObject\",\"inLanguage\":\"da-DK\",\"@id\":\"https:\/\/kunmedierne.dk\/mors\/#\/schema\/logo\/image\/\",\"url\":\"https:\/\/kunmedierne.dk\/mors\/wp-content\/uploads\/2024\/08\/kunmors-logo.svg\",\"contentUrl\":\"https:\/\/kunmedierne.dk\/mors\/wp-content\/uploads\/2024\/08\/kunmors-logo.svg\",\"caption\":\"Mors\"},\"image\":{\"@id\":\"https:\/\/kunmedierne.dk\/mors\/#\/schema\/logo\/image\/\"}},{\"@type\":\"Person\",\"@id\":\"https:\/\/kunmedierne.dk\/mors\/#\/schema\/person\/84c1391bce0b43b9bb3a49736bc0ad78\",\"name\":\"Debat\",\"image\":{\"@type\":\"ImageObject\",\"inLanguage\":\"da-DK\",\"@id\":\"https:\/\/kunmedierne.dk\/mors\/#\/schema\/person\/image\/\",\"url\":\"https:\/\/secure.gravatar.com\/avatar\/b0fb2e221d618f7c65162ab0d49c7e8a0b580c871ca03af90e42b47b4150654c?s=96&d=mm&r=g\",\"contentUrl\":\"https:\/\/secure.gravatar.com\/avatar\/b0fb2e221d618f7c65162ab0d49c7e8a0b580c871ca03af90e42b47b4150654c?s=96&d=mm&r=g\",\"caption\":\"Debat\"},\"url\":\"https:\/\/kunmedierne.dk\/mors\/author\/debat\/\"}]}<\/script>\n<!-- \/ Yoast SEO plugin. -->","yoast_head_json":{"title":"- P\u00e5 Mors har vi omsorgsgaranti - Mors","robots":{"index":"index","follow":"follow","max-snippet":"max-snippet:-1","max-image-preview":"max-image-preview:large","max-video-preview":"max-video-preview:-1"},"canonical":"https:\/\/kunmedierne.dk\/mors\/paa-mors-har-vi-omsorgsgaranti\/","og_locale":"da_DK","og_type":"article","og_title":"- P\u00e5 Mors har vi omsorgsgaranti - Mors","og_description":"Debatindl\u00e6g Peter Therkildsen, kandidat for Venstre ved kommunal- og regionsr\u00e5dsvalget 2021: MORS:\u00a0I forbindelse med den igangv\u00e6rende valgkamp s\u00e5 er der kommet p\u00e5standen om, at varetagelsen af pleje og omsorgsbehov for enkelte plejekr\u00e6vende borgere, i enkelte tilf\u00e6lde har v\u00e6ret mangelfuld. Efter at have v\u00e6ret medlem af kommunalbestyrelsen siden 1994, t\u00f8r jeg godt sige, at vores hjemmepleje [&hellip;]","og_url":"https:\/\/kunmedierne.dk\/mors\/paa-mors-har-vi-omsorgsgaranti\/","og_site_name":"Mors","article_published_time":"2021-10-28T10:05:46+00:00","article_modified_time":"2024-08-12T11:35:59+00:00","og_image":[{"width":770,"height":513,"url":"https:\/\/kunmedierne.dk\/mors\/wp-content\/uploads\/2021\/10\/peter-therkildsen.jpg","type":"image\/jpeg"}],"author":"Debat","twitter_card":"summary_large_image","twitter_misc":{"Skrevet af":"Debat","Estimeret l\u00e6setid":"3 minutter"},"schema":{"@context":"https:\/\/schema.org","@graph":[{"@type":"Article","@id":"https:\/\/kunmedierne.dk\/mors\/paa-mors-har-vi-omsorgsgaranti\/#article","isPartOf":{"@id":"https:\/\/kunmedierne.dk\/mors\/paa-mors-har-vi-omsorgsgaranti\/"},"author":{"name":"Debat","@id":"https:\/\/kunmedierne.dk\/mors\/#\/schema\/person\/84c1391bce0b43b9bb3a49736bc0ad78"},"headline":"&#8211; P\u00e5 Mors har vi omsorgsgaranti","datePublished":"2021-10-28T10:05:46+00:00","dateModified":"2024-08-12T11:35:59+00:00","mainEntityOfPage":{"@id":"https:\/\/kunmedierne.dk\/mors\/paa-mors-har-vi-omsorgsgaranti\/"},"wordCount":478,"commentCount":0,"publisher":{"@id":"https:\/\/kunmedierne.dk\/mors\/#organization"},"image":{"@id":"https:\/\/kunmedierne.dk\/mors\/paa-mors-har-vi-omsorgsgaranti\/#primaryimage"},"thumbnailUrl":"https:\/\/kunmedierne.dk\/mors\/wp-content\/uploads\/2021\/10\/peter-therkildsen.jpg","keywords":["Politik"],"articleSection":["Debat"],"inLanguage":"da-DK","potentialAction":[{"@type":"CommentAction","name":"Comment","target":["https:\/\/kunmedierne.dk\/mors\/paa-mors-har-vi-omsorgsgaranti\/#respond"]}]},{"@type":"WebPage","@id":"https:\/\/kunmedierne.dk\/mors\/paa-mors-har-vi-omsorgsgaranti\/","url":"https:\/\/kunmedierne.dk\/mors\/paa-mors-har-vi-omsorgsgaranti\/","name":"- P\u00e5 Mors har vi omsorgsgaranti - Mors","isPartOf":{"@id":"https:\/\/kunmedierne.dk\/mors\/#website"},"primaryImageOfPage":{"@id":"https:\/\/kunmedierne.dk\/mors\/paa-mors-har-vi-omsorgsgaranti\/#primaryimage"},"image":{"@id":"https:\/\/kunmedierne.dk\/mors\/paa-mors-har-vi-omsorgsgaranti\/#primaryimage"},"thumbnailUrl":"https:\/\/kunmedierne.dk\/mors\/wp-content\/uploads\/2021\/10\/peter-therkildsen.jpg","datePublished":"2021-10-28T10:05:46+00:00","dateModified":"2024-08-12T11:35:59+00:00","breadcrumb":{"@id":"https:\/\/kunmedierne.dk\/mors\/paa-mors-har-vi-omsorgsgaranti\/#breadcrumb"},"inLanguage":"da-DK","potentialAction":[{"@type":"ReadAction","target":["https:\/\/kunmedierne.dk\/mors\/paa-mors-har-vi-omsorgsgaranti\/"]}]},{"@type":"ImageObject","inLanguage":"da-DK","@id":"https:\/\/kunmedierne.dk\/mors\/paa-mors-har-vi-omsorgsgaranti\/#primaryimage","url":"https:\/\/kunmedierne.dk\/mors\/wp-content\/uploads\/2021\/10\/peter-therkildsen.jpg","contentUrl":"https:\/\/kunmedierne.dk\/mors\/wp-content\/uploads\/2021\/10\/peter-therkildsen.jpg","width":770,"height":513,"caption":"Peter Therkildsen, kandidat til kommunal- og regionsvalget 2021."},{"@type":"BreadcrumbList","@id":"https:\/\/kunmedierne.dk\/mors\/paa-mors-har-vi-omsorgsgaranti\/#breadcrumb","itemListElement":[{"@type":"ListItem","position":1,"name":"Hjem","item":"https:\/\/kunmedierne.dk\/mors\/"},{"@type":"ListItem","position":2,"name":"&#8211; P\u00e5 Mors har vi omsorgsgaranti"}]},{"@type":"WebSite","@id":"https:\/\/kunmedierne.dk\/mors\/#website","url":"https:\/\/kunmedierne.dk\/mors\/","name":"Mors","description":"et netmedie med journalistik om livet p\u00e5 Mors","publisher":{"@id":"https:\/\/kunmedierne.dk\/mors\/#organization"},"potentialAction":[{"@type":"SearchAction","target":{"@type":"EntryPoint","urlTemplate":"https:\/\/kunmedierne.dk\/mors\/?s={search_term_string}"},"query-input":{"@type":"PropertyValueSpecification","valueRequired":true,"valueName":"search_term_string"}}],"inLanguage":"da-DK"},{"@type":"Organization","@id":"https:\/\/kunmedierne.dk\/mors\/#organization","name":"Mors","url":"https:\/\/kunmedierne.dk\/mors\/","logo":{"@type":"ImageObject","inLanguage":"da-DK","@id":"https:\/\/kunmedierne.dk\/mors\/#\/schema\/logo\/image\/","url":"https:\/\/kunmedierne.dk\/mors\/wp-content\/uploads\/2024\/08\/kunmors-logo.svg","contentUrl":"https:\/\/kunmedierne.dk\/mors\/wp-content\/uploads\/2024\/08\/kunmors-logo.svg","caption":"Mors"},"image":{"@id":"https:\/\/kunmedierne.dk\/mors\/#\/schema\/logo\/image\/"}},{"@type":"Person","@id":"https:\/\/kunmedierne.dk\/mors\/#\/schema\/person\/84c1391bce0b43b9bb3a49736bc0ad78","name":"Debat","image":{"@type":"ImageObject","inLanguage":"da-DK","@id":"https:\/\/kunmedierne.dk\/mors\/#\/schema\/person\/image\/","url":"https:\/\/secure.gravatar.com\/avatar\/b0fb2e221d618f7c65162ab0d49c7e8a0b580c871ca03af90e42b47b4150654c?s=96&d=mm&r=g","contentUrl":"https:\/\/secure.gravatar.com\/avatar\/b0fb2e221d618f7c65162ab0d49c7e8a0b580c871ca03af90e42b47b4150654c?s=96&d=mm&r=g","caption":"Debat"},"url":"https:\/\/kunmedierne.dk\/mors\/author\/debat\/"}]}},"_links":{"self":[{"href":"https:\/\/kunmedierne.dk\/mors\/wp-json\/wp\/v2\/posts\/55852","targetHints":{"allow":["GET"]}}],"collection":[{"href":"https:\/\/kunmedierne.dk\/mors\/wp-json\/wp\/v2\/posts"}],"about":[{"href":"https:\/\/kunmedierne.dk\/mors\/wp-json\/wp\/v2\/types\/post"}],"author":[{"embeddable":true,"href":"https:\/\/kunmedierne.dk\/mors\/wp-json\/wp\/v2\/users\/11"}],"replies":[{"embeddable":true,"href":"https:\/\/kunmedierne.dk\/mors\/wp-json\/wp\/v2\/comments?post=55852"}],"version-history":[{"count":1,"href":"https:\/\/kunmedierne.dk\/mors\/wp-json\/wp\/v2\/posts\/55852\/revisions"}],"predecessor-version":[{"id":55854,"href":"https:\/\/kunmedierne.dk\/mors\/wp-json\/wp\/v2\/posts\/55852\/revisions\/55854"}],"wp:featuredmedia":[{"embeddable":true,"href":"https:\/\/kunmedierne.dk\/mors\/wp-json\/wp\/v2\/media\/55853"}],"wp:attachment":[{"href":"https:\/\/kunmedierne.dk\/mors\/wp-json\/wp\/v2\/media?parent=55852"}],"wp:term":[{"taxonomy":"category","embeddable":true,"href":"https:\/\/kunmedierne.dk\/mors\/wp-json\/wp\/v2\/categories?post=55852"},{"taxonomy":"post_tag","embeddable":true,"href":"https:\/\/kunmedierne.dk\/mors\/wp-json\/wp\/v2\/tags?post=55852"}],"curies":[{"name":"wp","href":"https:\/\/api.w.org\/{rel}","templated":true}]}}