{"id":55843,"date":"2021-10-28T08:43:04","date_gmt":"2021-10-28T06:43:04","guid":{"rendered":"https:\/\/kunmedierne.dk\/mors\/?p=55843"},"modified":"2024-08-12T13:35:59","modified_gmt":"2024-08-12T11:35:59","slug":"hul-i-hovedet","status":"publish","type":"post","link":"https:\/\/kunmedierne.dk\/mors\/hul-i-hovedet\/","title":{"rendered":"&#8211; Hul i hovedet"},"content":{"rendered":"<p><em>Debatindl\u00e6g fra Pia Thorsen, kandidat for Enhedslisten ved kommunal- og regionsr\u00e5dsvalget 2021:<\/em><\/p>\n<hr \/>\n<p><strong>MORS<\/strong>: Invest\u00e9r i menneskers trivsel er teksten p\u00e5 mine annoncer i valgkampen. De ord har jeg valgt, fordi jeg synes, at Mors\u00f8 Kommune investerer forkert.<\/p>\n<p>Til v\u00e6lgerm\u00f8det i Vils sagde jeg, at Enhedslisten aldrig ville have stemt for budget 2022. Det vil jeg gerne uddybe. Alle partier i kommunalbestyrelsen har stemt for et budget, der sparer ledelsen v\u00e6k i sfo\u2019erne. Det har de gjort uden at skolerne har v\u00e6ret inddraget i beslutningen om at finde besparelser. Man har ogs\u00e5 sparet den ekstra indsats for de 25% tosprogede b\u00f8rn i M.C. Holm B\u00f8rnehus.<\/p>\n<p>For det f\u00f8rste s\u00e5 synes jeg, at det er hul i hovedet at lave besparelse uden at inddrage ledelserne p\u00e5 de omr\u00e5der, det handler om. M\u00e5ske kunne de have f\u00e5et \u00f8je p\u00e5 andre m\u00e5der. Det er trods alt dem, der kender institutionerne.<\/p>\n<p><a href=\"https:\/\/www.sparnord.dk\/filialer\/nykoebing-mors\/\"><img loading=\"lazy\" decoding=\"async\" class=\"alignleft size-full wp-image-46595\" src=\"https:\/\/kunmedierne.dk\/mors\/wp-content\/uploads\/2021\/06\/t04.jpg\" alt=\"\" width=\"1400\" height=\"123\" srcset=\"https:\/\/kunmedierne.dk\/mors\/wp-content\/uploads\/2021\/06\/t04.jpg 1400w, https:\/\/kunmedierne.dk\/mors\/wp-content\/uploads\/2021\/06\/t04-300x26.jpg 300w, https:\/\/kunmedierne.dk\/mors\/wp-content\/uploads\/2021\/06\/t04-1024x90.jpg 1024w, https:\/\/kunmedierne.dk\/mors\/wp-content\/uploads\/2021\/06\/t04-768x67.jpg 768w, https:\/\/kunmedierne.dk\/mors\/wp-content\/uploads\/2021\/06\/t04-600x53.jpg 600w\" sizes=\"auto, (max-width: 1400px) 100vw, 1400px\" \/><\/a>For det andet s\u00e5 synes jeg ved genneml\u00e6sning af de ber\u00f8rte institutioners h\u00f8ringssvar, at der er alle mulige gode grunde til at have en sfo-leder, som er bindeled til skoleledelse, ansatte og for\u00e6ldre. Hvem skal nu l\u00f8se de opgaver? Der er sparet kr. 450.000 p\u00e5 sfo.<\/p>\n<p>For det tredje s\u00e5 er der al mulig grund til at have den bedst mulige indsats for vores tosprogede b\u00f8rn. De er ogs\u00e5 fremtidens ressource, og den ekstra indsats vil vise sig at v\u00e6re godt givet ud senere. Der er sparet kr. 300.000 p\u00e5 den ekstra indsats.<\/p>\n<p>For det fjerde s\u00e5 kunne jeg pege p\u00e5 andre ting at spare p\u00e5. Jeg har spurgt ved aktindsigt, hvor mange penge Mors\u00f8 Kommune direkte st\u00f8tter de tre store events med.<\/p>\n<table>\n<tbody>\n<tr>\n<td width=\"128\"><\/td>\n<td width=\"128\">2019<\/td>\n<td width=\"128\">2020<\/td>\n<td width=\"128\">2021<\/td>\n<\/tr>\n<tr>\n<td width=\"128\">Kulturm\u00f8det<\/p>\n<p>&nbsp;<\/td>\n<td width=\"128\">1.500.000<\/td>\n<td width=\"128\">1.500.000<\/td>\n<td width=\"128\">1.500.000<\/td>\n<\/tr>\n<tr>\n<td width=\"128\">Skaldyrsfestival<\/td>\n<td width=\"128\">150.000<\/td>\n<td width=\"128\">150.000<\/td>\n<td width=\"128\">223.000<\/td>\n<\/tr>\n<tr>\n<td width=\"128\">\u00d8sters- og muslingepremiere<\/td>\n<td width=\"128\">432.000<\/td>\n<td width=\"128\">137.000<\/td>\n<td width=\"128\">690.000<\/td>\n<\/tr>\n<tr>\n<td width=\"128\"><\/td>\n<td width=\"128\">2.082.000<\/td>\n<td width=\"128\">1.787.000<\/td>\n<td width=\"128\">2.413.00<\/td>\n<\/tr>\n<\/tbody>\n<\/table>\n<p>&nbsp;<\/p>\n<p>Oven i kommer s\u00e5 alle de medarbejdertimer, der bruges p\u00e5 disse events. Det har Mors\u00f8 Kommune ingen opg\u00f8relse over!<\/p>\n<p>I budget 2022 har man s\u00e5 vedtaget at bruge yderligere kr. 300.000 til ans\u00e6ttelse af en direkt\u00f8r for Danmarks Skaldyrshovedstad.<\/p>\n<p><img loading=\"lazy\" decoding=\"async\" class=\"alignleft size-full wp-image-46596\" src=\"https:\/\/kunmedierne.dk\/mors\/wp-content\/uploads\/2021\/06\/t05.jpg\" alt=\"\" width=\"1400\" height=\"125\" srcset=\"https:\/\/kunmedierne.dk\/mors\/wp-content\/uploads\/2021\/06\/t05.jpg 1400w, https:\/\/kunmedierne.dk\/mors\/wp-content\/uploads\/2021\/06\/t05-300x27.jpg 300w, https:\/\/kunmedierne.dk\/mors\/wp-content\/uploads\/2021\/06\/t05-1024x91.jpg 1024w, https:\/\/kunmedierne.dk\/mors\/wp-content\/uploads\/2021\/06\/t05-768x69.jpg 768w, https:\/\/kunmedierne.dk\/mors\/wp-content\/uploads\/2021\/06\/t05-600x54.jpg 600w\" sizes=\"auto, (max-width: 1400px) 100vw, 1400px\" \/>Det er meget fair, at Mors\u00f8 Kommune bidrager til udvikling af kulturevents. Men den \u00f8konomiske b\u00e6redygtighed ser ikke ud til at v\u00e6re tilstede i disse events, da man \u00e5r efter \u00e5r er n\u00f8dt til at pumpe penge i dem. Overnatningssteder, restauranter og butikker b\u00f8r selv b\u00e6re udgiften, da det er dem, der har indtjeningen.<\/p>\n<p>P\u00e5 v\u00e6lgerm\u00f8det p\u00e5 H\u00f8jskolen Mors var der mange kandidater, der gerne ville sikre velf\u00e6rden. Men ingen andre end Enhedslisten havde konkrete bud p\u00e5, hvor pengene skal komme fra.<\/p>\n<p>Jeg kan garantere for, at ingen b\u00f8rn kommer i bedre trivsel af at bruge pengene p\u00e5 denne indirekte erhvervsst\u00f8tte. Pengene er bedst brugt p\u00e5 investering i forebyggelse og trivsel.<\/p>\n<hr \/>\n<p><em>Har du et bidrag til den lokale debat? Send det til os p\u00e5 e-mail: debat@kunmedierne.dk\/mors. Husk at l\u00e6se korrektur inden afsendelse p\u00e5 indl\u00e6gget.<\/em><\/p>\n","protected":false},"excerpt":{"rendered":"<p>Debatindl\u00e6g fra Pia Thorsen, kandidat for Enhedslisten ved kommunal- og regionsr\u00e5dsvalget 2021: MORS: Invest\u00e9r i menneskers trivsel er teksten p\u00e5 mine annoncer i valgkampen. De ord har jeg valgt, fordi jeg synes, at Mors\u00f8 Kommune investerer forkert. Til v\u00e6lgerm\u00f8det i Vils sagde jeg, at Enhedslisten aldrig ville have stemt for budget 2022. Det vil jeg [&hellip;]<\/p>\n","protected":false},"author":11,"featured_media":38239,"comment_status":"open","ping_status":"open","sticky":false,"template":"","format":"standard","meta":{"_acf_changed":false,"footnotes":""},"categories":[56],"tags":[162,167,169,170],"class_list":["post-55843","post","type-post","status-publish","format-standard","has-post-thumbnail","hentry","category-debat","tag-kulturmoedet","tag-politik","tag-skaldyr","tag-uddannelse"],"acf":[],"yoast_head":"<!-- This site is optimized with the Yoast SEO plugin v26.8 - https:\/\/yoast.com\/product\/yoast-seo-wordpress\/ -->\n<title>- Hul i hovedet - Mors<\/title>\n<meta name=\"robots\" content=\"index, follow, max-snippet:-1, max-image-preview:large, max-video-preview:-1\" \/>\n<link rel=\"canonical\" href=\"https:\/\/kunmedierne.dk\/mors\/hul-i-hovedet\/\" \/>\n<meta property=\"og:locale\" content=\"da_DK\" \/>\n<meta property=\"og:type\" content=\"article\" \/>\n<meta property=\"og:title\" content=\"- Hul i hovedet - Mors\" \/>\n<meta property=\"og:description\" content=\"Debatindl\u00e6g fra Pia Thorsen, kandidat for Enhedslisten ved kommunal- og regionsr\u00e5dsvalget 2021: MORS: Invest\u00e9r i menneskers trivsel er teksten p\u00e5 mine annoncer i valgkampen. De ord har jeg valgt, fordi jeg synes, at Mors\u00f8 Kommune investerer forkert. Til v\u00e6lgerm\u00f8det i Vils sagde jeg, at Enhedslisten aldrig ville have stemt for budget 2022. Det vil jeg [&hellip;]\" \/>\n<meta property=\"og:url\" content=\"https:\/\/kunmedierne.dk\/mors\/hul-i-hovedet\/\" \/>\n<meta property=\"og:site_name\" content=\"Mors\" \/>\n<meta property=\"article:published_time\" content=\"2021-10-28T06:43:04+00:00\" \/>\n<meta property=\"article:modified_time\" content=\"2024-08-12T11:35:59+00:00\" \/>\n<meta property=\"og:image\" content=\"https:\/\/kunmedierne.dk\/mors\/wp-content\/uploads\/2021\/01\/piathorsen.jpg\" \/>\n\t<meta property=\"og:image:width\" content=\"770\" \/>\n\t<meta property=\"og:image:height\" content=\"513\" \/>\n\t<meta property=\"og:image:type\" content=\"image\/jpeg\" \/>\n<meta name=\"author\" content=\"Debat\" \/>\n<meta name=\"twitter:card\" content=\"summary_large_image\" \/>\n<meta name=\"twitter:label1\" content=\"Skrevet af\" \/>\n\t<meta name=\"twitter:data1\" content=\"Debat\" \/>\n\t<meta name=\"twitter:label2\" content=\"Estimeret l\u00e6setid\" \/>\n\t<meta name=\"twitter:data2\" content=\"3 minutter\" \/>\n<script type=\"application\/ld+json\" class=\"yoast-schema-graph\">{\"@context\":\"https:\/\/schema.org\",\"@graph\":[{\"@type\":\"Article\",\"@id\":\"https:\/\/kunmedierne.dk\/mors\/hul-i-hovedet\/#article\",\"isPartOf\":{\"@id\":\"https:\/\/kunmedierne.dk\/mors\/hul-i-hovedet\/\"},\"author\":{\"name\":\"Debat\",\"@id\":\"https:\/\/kunmedierne.dk\/mors\/#\/schema\/person\/84c1391bce0b43b9bb3a49736bc0ad78\"},\"headline\":\"&#8211; Hul i hovedet\",\"datePublished\":\"2021-10-28T06:43:04+00:00\",\"dateModified\":\"2024-08-12T11:35:59+00:00\",\"mainEntityOfPage\":{\"@id\":\"https:\/\/kunmedierne.dk\/mors\/hul-i-hovedet\/\"},\"wordCount\":489,\"commentCount\":0,\"publisher\":{\"@id\":\"https:\/\/kunmedierne.dk\/mors\/#organization\"},\"image\":{\"@id\":\"https:\/\/kunmedierne.dk\/mors\/hul-i-hovedet\/#primaryimage\"},\"thumbnailUrl\":\"https:\/\/kunmedierne.dk\/mors\/wp-content\/uploads\/2021\/01\/piathorsen.jpg\",\"keywords\":[\"Kulturm\u00f8det\",\"Politik\",\"Skaldyr\",\"Skoler og uddannelse\"],\"articleSection\":[\"Debat\"],\"inLanguage\":\"da-DK\",\"potentialAction\":[{\"@type\":\"CommentAction\",\"name\":\"Comment\",\"target\":[\"https:\/\/kunmedierne.dk\/mors\/hul-i-hovedet\/#respond\"]}]},{\"@type\":\"WebPage\",\"@id\":\"https:\/\/kunmedierne.dk\/mors\/hul-i-hovedet\/\",\"url\":\"https:\/\/kunmedierne.dk\/mors\/hul-i-hovedet\/\",\"name\":\"- Hul i hovedet - Mors\",\"isPartOf\":{\"@id\":\"https:\/\/kunmedierne.dk\/mors\/#website\"},\"primaryImageOfPage\":{\"@id\":\"https:\/\/kunmedierne.dk\/mors\/hul-i-hovedet\/#primaryimage\"},\"image\":{\"@id\":\"https:\/\/kunmedierne.dk\/mors\/hul-i-hovedet\/#primaryimage\"},\"thumbnailUrl\":\"https:\/\/kunmedierne.dk\/mors\/wp-content\/uploads\/2021\/01\/piathorsen.jpg\",\"datePublished\":\"2021-10-28T06:43:04+00:00\",\"dateModified\":\"2024-08-12T11:35:59+00:00\",\"breadcrumb\":{\"@id\":\"https:\/\/kunmedierne.dk\/mors\/hul-i-hovedet\/#breadcrumb\"},\"inLanguage\":\"da-DK\",\"potentialAction\":[{\"@type\":\"ReadAction\",\"target\":[\"https:\/\/kunmedierne.dk\/mors\/hul-i-hovedet\/\"]}]},{\"@type\":\"ImageObject\",\"inLanguage\":\"da-DK\",\"@id\":\"https:\/\/kunmedierne.dk\/mors\/hul-i-hovedet\/#primaryimage\",\"url\":\"https:\/\/kunmedierne.dk\/mors\/wp-content\/uploads\/2021\/01\/piathorsen.jpg\",\"contentUrl\":\"https:\/\/kunmedierne.dk\/mors\/wp-content\/uploads\/2021\/01\/piathorsen.jpg\",\"width\":770,\"height\":513,\"caption\":\"Pia Thorsen, kandidat for Enhedslisten ved kommunal- og regionsr\u00e5dsvalget 2021. Privatfoto\"},{\"@type\":\"BreadcrumbList\",\"@id\":\"https:\/\/kunmedierne.dk\/mors\/hul-i-hovedet\/#breadcrumb\",\"itemListElement\":[{\"@type\":\"ListItem\",\"position\":1,\"name\":\"Hjem\",\"item\":\"https:\/\/kunmedierne.dk\/mors\/\"},{\"@type\":\"ListItem\",\"position\":2,\"name\":\"&#8211; Hul i hovedet\"}]},{\"@type\":\"WebSite\",\"@id\":\"https:\/\/kunmedierne.dk\/mors\/#website\",\"url\":\"https:\/\/kunmedierne.dk\/mors\/\",\"name\":\"Mors\",\"description\":\"et netmedie med journalistik om livet p\u00e5 Mors\",\"publisher\":{\"@id\":\"https:\/\/kunmedierne.dk\/mors\/#organization\"},\"potentialAction\":[{\"@type\":\"SearchAction\",\"target\":{\"@type\":\"EntryPoint\",\"urlTemplate\":\"https:\/\/kunmedierne.dk\/mors\/?s={search_term_string}\"},\"query-input\":{\"@type\":\"PropertyValueSpecification\",\"valueRequired\":true,\"valueName\":\"search_term_string\"}}],\"inLanguage\":\"da-DK\"},{\"@type\":\"Organization\",\"@id\":\"https:\/\/kunmedierne.dk\/mors\/#organization\",\"name\":\"Mors\",\"url\":\"https:\/\/kunmedierne.dk\/mors\/\",\"logo\":{\"@type\":\"ImageObject\",\"inLanguage\":\"da-DK\",\"@id\":\"https:\/\/kunmedierne.dk\/mors\/#\/schema\/logo\/image\/\",\"url\":\"https:\/\/kunmedierne.dk\/mors\/wp-content\/uploads\/2024\/08\/kunmors-logo.svg\",\"contentUrl\":\"https:\/\/kunmedierne.dk\/mors\/wp-content\/uploads\/2024\/08\/kunmors-logo.svg\",\"caption\":\"Mors\"},\"image\":{\"@id\":\"https:\/\/kunmedierne.dk\/mors\/#\/schema\/logo\/image\/\"}},{\"@type\":\"Person\",\"@id\":\"https:\/\/kunmedierne.dk\/mors\/#\/schema\/person\/84c1391bce0b43b9bb3a49736bc0ad78\",\"name\":\"Debat\",\"image\":{\"@type\":\"ImageObject\",\"inLanguage\":\"da-DK\",\"@id\":\"https:\/\/kunmedierne.dk\/mors\/#\/schema\/person\/image\/\",\"url\":\"https:\/\/secure.gravatar.com\/avatar\/b0fb2e221d618f7c65162ab0d49c7e8a0b580c871ca03af90e42b47b4150654c?s=96&d=mm&r=g\",\"contentUrl\":\"https:\/\/secure.gravatar.com\/avatar\/b0fb2e221d618f7c65162ab0d49c7e8a0b580c871ca03af90e42b47b4150654c?s=96&d=mm&r=g\",\"caption\":\"Debat\"},\"url\":\"https:\/\/kunmedierne.dk\/mors\/author\/debat\/\"}]}<\/script>\n<!-- \/ Yoast SEO plugin. -->","yoast_head_json":{"title":"- Hul i hovedet - Mors","robots":{"index":"index","follow":"follow","max-snippet":"max-snippet:-1","max-image-preview":"max-image-preview:large","max-video-preview":"max-video-preview:-1"},"canonical":"https:\/\/kunmedierne.dk\/mors\/hul-i-hovedet\/","og_locale":"da_DK","og_type":"article","og_title":"- Hul i hovedet - Mors","og_description":"Debatindl\u00e6g fra Pia Thorsen, kandidat for Enhedslisten ved kommunal- og regionsr\u00e5dsvalget 2021: MORS: Invest\u00e9r i menneskers trivsel er teksten p\u00e5 mine annoncer i valgkampen. De ord har jeg valgt, fordi jeg synes, at Mors\u00f8 Kommune investerer forkert. Til v\u00e6lgerm\u00f8det i Vils sagde jeg, at Enhedslisten aldrig ville have stemt for budget 2022. Det vil jeg [&hellip;]","og_url":"https:\/\/kunmedierne.dk\/mors\/hul-i-hovedet\/","og_site_name":"Mors","article_published_time":"2021-10-28T06:43:04+00:00","article_modified_time":"2024-08-12T11:35:59+00:00","og_image":[{"width":770,"height":513,"url":"https:\/\/kunmedierne.dk\/mors\/wp-content\/uploads\/2021\/01\/piathorsen.jpg","type":"image\/jpeg"}],"author":"Debat","twitter_card":"summary_large_image","twitter_misc":{"Skrevet af":"Debat","Estimeret l\u00e6setid":"3 minutter"},"schema":{"@context":"https:\/\/schema.org","@graph":[{"@type":"Article","@id":"https:\/\/kunmedierne.dk\/mors\/hul-i-hovedet\/#article","isPartOf":{"@id":"https:\/\/kunmedierne.dk\/mors\/hul-i-hovedet\/"},"author":{"name":"Debat","@id":"https:\/\/kunmedierne.dk\/mors\/#\/schema\/person\/84c1391bce0b43b9bb3a49736bc0ad78"},"headline":"&#8211; Hul i hovedet","datePublished":"2021-10-28T06:43:04+00:00","dateModified":"2024-08-12T11:35:59+00:00","mainEntityOfPage":{"@id":"https:\/\/kunmedierne.dk\/mors\/hul-i-hovedet\/"},"wordCount":489,"commentCount":0,"publisher":{"@id":"https:\/\/kunmedierne.dk\/mors\/#organization"},"image":{"@id":"https:\/\/kunmedierne.dk\/mors\/hul-i-hovedet\/#primaryimage"},"thumbnailUrl":"https:\/\/kunmedierne.dk\/mors\/wp-content\/uploads\/2021\/01\/piathorsen.jpg","keywords":["Kulturm\u00f8det","Politik","Skaldyr","Skoler og uddannelse"],"articleSection":["Debat"],"inLanguage":"da-DK","potentialAction":[{"@type":"CommentAction","name":"Comment","target":["https:\/\/kunmedierne.dk\/mors\/hul-i-hovedet\/#respond"]}]},{"@type":"WebPage","@id":"https:\/\/kunmedierne.dk\/mors\/hul-i-hovedet\/","url":"https:\/\/kunmedierne.dk\/mors\/hul-i-hovedet\/","name":"- Hul i hovedet - Mors","isPartOf":{"@id":"https:\/\/kunmedierne.dk\/mors\/#website"},"primaryImageOfPage":{"@id":"https:\/\/kunmedierne.dk\/mors\/hul-i-hovedet\/#primaryimage"},"image":{"@id":"https:\/\/kunmedierne.dk\/mors\/hul-i-hovedet\/#primaryimage"},"thumbnailUrl":"https:\/\/kunmedierne.dk\/mors\/wp-content\/uploads\/2021\/01\/piathorsen.jpg","datePublished":"2021-10-28T06:43:04+00:00","dateModified":"2024-08-12T11:35:59+00:00","breadcrumb":{"@id":"https:\/\/kunmedierne.dk\/mors\/hul-i-hovedet\/#breadcrumb"},"inLanguage":"da-DK","potentialAction":[{"@type":"ReadAction","target":["https:\/\/kunmedierne.dk\/mors\/hul-i-hovedet\/"]}]},{"@type":"ImageObject","inLanguage":"da-DK","@id":"https:\/\/kunmedierne.dk\/mors\/hul-i-hovedet\/#primaryimage","url":"https:\/\/kunmedierne.dk\/mors\/wp-content\/uploads\/2021\/01\/piathorsen.jpg","contentUrl":"https:\/\/kunmedierne.dk\/mors\/wp-content\/uploads\/2021\/01\/piathorsen.jpg","width":770,"height":513,"caption":"Pia Thorsen, kandidat for Enhedslisten ved kommunal- og regionsr\u00e5dsvalget 2021. Privatfoto"},{"@type":"BreadcrumbList","@id":"https:\/\/kunmedierne.dk\/mors\/hul-i-hovedet\/#breadcrumb","itemListElement":[{"@type":"ListItem","position":1,"name":"Hjem","item":"https:\/\/kunmedierne.dk\/mors\/"},{"@type":"ListItem","position":2,"name":"&#8211; Hul i hovedet"}]},{"@type":"WebSite","@id":"https:\/\/kunmedierne.dk\/mors\/#website","url":"https:\/\/kunmedierne.dk\/mors\/","name":"Mors","description":"et netmedie med journalistik om livet p\u00e5 Mors","publisher":{"@id":"https:\/\/kunmedierne.dk\/mors\/#organization"},"potentialAction":[{"@type":"SearchAction","target":{"@type":"EntryPoint","urlTemplate":"https:\/\/kunmedierne.dk\/mors\/?s={search_term_string}"},"query-input":{"@type":"PropertyValueSpecification","valueRequired":true,"valueName":"search_term_string"}}],"inLanguage":"da-DK"},{"@type":"Organization","@id":"https:\/\/kunmedierne.dk\/mors\/#organization","name":"Mors","url":"https:\/\/kunmedierne.dk\/mors\/","logo":{"@type":"ImageObject","inLanguage":"da-DK","@id":"https:\/\/kunmedierne.dk\/mors\/#\/schema\/logo\/image\/","url":"https:\/\/kunmedierne.dk\/mors\/wp-content\/uploads\/2024\/08\/kunmors-logo.svg","contentUrl":"https:\/\/kunmedierne.dk\/mors\/wp-content\/uploads\/2024\/08\/kunmors-logo.svg","caption":"Mors"},"image":{"@id":"https:\/\/kunmedierne.dk\/mors\/#\/schema\/logo\/image\/"}},{"@type":"Person","@id":"https:\/\/kunmedierne.dk\/mors\/#\/schema\/person\/84c1391bce0b43b9bb3a49736bc0ad78","name":"Debat","image":{"@type":"ImageObject","inLanguage":"da-DK","@id":"https:\/\/kunmedierne.dk\/mors\/#\/schema\/person\/image\/","url":"https:\/\/secure.gravatar.com\/avatar\/b0fb2e221d618f7c65162ab0d49c7e8a0b580c871ca03af90e42b47b4150654c?s=96&d=mm&r=g","contentUrl":"https:\/\/secure.gravatar.com\/avatar\/b0fb2e221d618f7c65162ab0d49c7e8a0b580c871ca03af90e42b47b4150654c?s=96&d=mm&r=g","caption":"Debat"},"url":"https:\/\/kunmedierne.dk\/mors\/author\/debat\/"}]}},"_links":{"self":[{"href":"https:\/\/kunmedierne.dk\/mors\/wp-json\/wp\/v2\/posts\/55843","targetHints":{"allow":["GET"]}}],"collection":[{"href":"https:\/\/kunmedierne.dk\/mors\/wp-json\/wp\/v2\/posts"}],"about":[{"href":"https:\/\/kunmedierne.dk\/mors\/wp-json\/wp\/v2\/types\/post"}],"author":[{"embeddable":true,"href":"https:\/\/kunmedierne.dk\/mors\/wp-json\/wp\/v2\/users\/11"}],"replies":[{"embeddable":true,"href":"https:\/\/kunmedierne.dk\/mors\/wp-json\/wp\/v2\/comments?post=55843"}],"version-history":[{"count":2,"href":"https:\/\/kunmedierne.dk\/mors\/wp-json\/wp\/v2\/posts\/55843\/revisions"}],"predecessor-version":[{"id":56234,"href":"https:\/\/kunmedierne.dk\/mors\/wp-json\/wp\/v2\/posts\/55843\/revisions\/56234"}],"wp:featuredmedia":[{"embeddable":true,"href":"https:\/\/kunmedierne.dk\/mors\/wp-json\/wp\/v2\/media\/38239"}],"wp:attachment":[{"href":"https:\/\/kunmedierne.dk\/mors\/wp-json\/wp\/v2\/media?parent=55843"}],"wp:term":[{"taxonomy":"category","embeddable":true,"href":"https:\/\/kunmedierne.dk\/mors\/wp-json\/wp\/v2\/categories?post=55843"},{"taxonomy":"post_tag","embeddable":true,"href":"https:\/\/kunmedierne.dk\/mors\/wp-json\/wp\/v2\/tags?post=55843"}],"curies":[{"name":"wp","href":"https:\/\/api.w.org\/{rel}","templated":true}]}}