{"id":55825,"date":"2021-10-27T17:29:09","date_gmt":"2021-10-27T15:29:09","guid":{"rendered":"https:\/\/kunmedierne.dk\/mors\/?p=55825"},"modified":"2024-08-12T13:35:59","modified_gmt":"2024-08-12T11:35:59","slug":"man-maa-gerne-prale-naar-man-har-noget-at-ha-det-i","status":"publish","type":"post","link":"https:\/\/kunmedierne.dk\/mors\/man-maa-gerne-prale-naar-man-har-noget-at-ha-det-i\/","title":{"rendered":"&#8211; Man m\u00e5 gerne prale, n\u00e5r man har noget at ha\u2019 det i"},"content":{"rendered":"<p><em>Debatindl\u00e6g fra Henrik Markm\u00f8ller Bro, kandidat for De Konservative ved Kommunalvalg 2021:<\/em><\/p>\n<hr \/>\n<p><strong>MORS<\/strong>: En \u00f8get bos\u00e6tning vil v\u00e6re med til at skabe en bedre \u00f8konomi, og dermed give mulighed for endnu flere forbedringer. En \u00f8get bos\u00e6tning vil styrke erhvervslivet og v\u00e6re med til at tiltr\u00e6kke flere virksomheder. En \u00f8get bos\u00e6tning betyder flere medarbejdere til de omr\u00e5der som akut mangler arbejdskraft. En \u00f8get bos\u00e6tning vil g\u00f8re at Mors\u00f8 Kommune kan satse p\u00e5 de GR\u00d8NNE industrier. En \u00f8get bos\u00e6tning kan skabe mere liv i landsbyerne. En \u00f8get bos\u00e6tning&#8230; ja man kan blive ved og ved.<\/p>\n<p>Problemet er, hvis vi kun g\u00f8r, som der hidtil er gjort, vil der netto ikke blive flere indbyggere p\u00e5 Mors. Der er gjort noget, men det er der bare ikke kommet flere indbyggere af. Derfor er vi n\u00f8dt til at g\u00f8re endnu mere, og gerne nye og andre tiltag. Overl\u00e6ggeren skal h\u00e6ves, og den skal h\u00e6ves en del.<\/p>\n<p><a href=\"https:\/\/www.braendselsforeningen.dk\/\"><img loading=\"lazy\" decoding=\"async\" class=\"alignleft size-full wp-image-46597\" src=\"https:\/\/kunmedierne.dk\/mors\/wp-content\/uploads\/2021\/06\/t06.jpg\" alt=\"\" width=\"1425\" height=\"127\" srcset=\"https:\/\/kunmedierne.dk\/mors\/wp-content\/uploads\/2021\/06\/t06.jpg 1425w, https:\/\/kunmedierne.dk\/mors\/wp-content\/uploads\/2021\/06\/t06-300x27.jpg 300w, https:\/\/kunmedierne.dk\/mors\/wp-content\/uploads\/2021\/06\/t06-1024x91.jpg 1024w, https:\/\/kunmedierne.dk\/mors\/wp-content\/uploads\/2021\/06\/t06-768x68.jpg 768w, https:\/\/kunmedierne.dk\/mors\/wp-content\/uploads\/2021\/06\/t06-600x53.jpg 600w\" sizes=\"auto, (max-width: 1425px) 100vw, 1425px\" \/><\/a><\/p>\n<p>Nye tiltag kunne v\u00e6re at lave anderledes attraktive udstykninger b\u00e5de i Nyk\u00f8bing, i landsbyerene og i det \u00e5bne land. Det ville g\u00f8re det endu mere sp\u00e6ndende at flytte til Mors. Der er rigtig mange muligheder i at t\u00e6nke anderledes f.eks. meget sm\u00e5t, meget stort, mere natur, muligheder for dyr, alternative boformer, nye boformer. Eller hvad med en \u00e6gtef\u00e6llejobbank eller frivillig \u201dreservebedste-pasning\u201d hvis b\u00f8rn er syge. &#8211; kun fantasien s\u00e6tter gr\u00e6nser.<\/p>\n<p>Det eneste her i verden som kommer af sig selv, er mig bekendt lommeuld og nullerm\u00e6nd. En \u00f8get bos\u00e6tning kommer i al fald ikke af sig selv. Vi er n\u00f8dt til at komme uden for Mors og fort\u00e6lle, hvor godt vi har det, hvad vi har at byde p\u00e5 og hvad vi g\u00f8r. Vi skal fort\u00e6lle, hvor meget bolig man kan f\u00e5 for f\u00e5 penge, og hvilke muligheder det giver. Vi skal beskrive alt det fantastiske, vi allerede har, og alle de sp\u00e6ndende nye tiltag der bliver taget.<\/p>\n<p><a href=\"https:\/\/morsoe-begravelsesforretning.dk\/\"><img loading=\"lazy\" decoding=\"async\" class=\"alignleft size-full wp-image-46598\" src=\"https:\/\/kunmedierne.dk\/mors\/wp-content\/uploads\/2021\/06\/t07.jpg\" alt=\"\" width=\"1425\" height=\"127\" srcset=\"https:\/\/kunmedierne.dk\/mors\/wp-content\/uploads\/2021\/06\/t07.jpg 1425w, https:\/\/kunmedierne.dk\/mors\/wp-content\/uploads\/2021\/06\/t07-300x27.jpg 300w, https:\/\/kunmedierne.dk\/mors\/wp-content\/uploads\/2021\/06\/t07-1024x91.jpg 1024w, https:\/\/kunmedierne.dk\/mors\/wp-content\/uploads\/2021\/06\/t07-768x68.jpg 768w, https:\/\/kunmedierne.dk\/mors\/wp-content\/uploads\/2021\/06\/t07-600x53.jpg 600w\" sizes=\"auto, (max-width: 1425px) 100vw, 1425px\" \/><\/a><\/p>\n<p>Vi f\u00e5r ikke en \u00f8get bos\u00e6tning, hvis vi kun fort\u00e6ller de gode historier om Mors p\u00e5 Mors. Vi skal have solgt Mors gennem aktiv markedsf\u00f8ring uden for \u00f8en. Der skal laves en plan, der fort\u00e6ller. Hvad der skal ske og hvordan det skal ske, og s\u00e5 skal vi i gang! Det kan kun g\u00e5 for langsomt.<\/p>\n<p>I Thy har de Cold Hawai. Nogle grinede lidt af det i starten, men det har vist sig, ikke at v\u00e6re s\u00e5 tosset en ide. Vi kan ogs\u00e5! Lad os smide Janteloven til side og fort\u00e6lle med store bogstaver at MORS ER FANTASTISK OG HAR S\u00c5 MEGET AT BYDE P\u00c5.<\/p>\n<p><a href=\"https:\/\/kunmedierne.dk\/mors\/gitta-malling-udpeget-til-plads-i-statens-kunstfond\/\"><img loading=\"lazy\" decoding=\"async\" class=\"alignleft size-full wp-image-46599\" src=\"https:\/\/kunmedierne.dk\/mors\/wp-content\/uploads\/2021\/06\/t08.jpg\" alt=\"\" width=\"1400\" height=\"125\" srcset=\"https:\/\/kunmedierne.dk\/mors\/wp-content\/uploads\/2021\/06\/t08.jpg 1400w, https:\/\/kunmedierne.dk\/mors\/wp-content\/uploads\/2021\/06\/t08-300x27.jpg 300w, https:\/\/kunmedierne.dk\/mors\/wp-content\/uploads\/2021\/06\/t08-1024x91.jpg 1024w, https:\/\/kunmedierne.dk\/mors\/wp-content\/uploads\/2021\/06\/t08-768x69.jpg 768w, https:\/\/kunmedierne.dk\/mors\/wp-content\/uploads\/2021\/06\/t08-600x54.jpg 600w\" sizes=\"auto, (max-width: 1400px) 100vw, 1400px\" \/><\/a><\/p>\n<hr \/>\n<p><em>Har du et bidrag til den lokale debat? Send det til os p\u00e5 e-mail: debat@kunmedierne.dk\/mors. Husk at l\u00e6se korrektur inden afsendelse p\u00e5 indl\u00e6gget.<\/em><\/p>\n","protected":false},"excerpt":{"rendered":"<p>Debatindl\u00e6g fra Henrik Markm\u00f8ller Bro, kandidat for De Konservative ved Kommunalvalg 2021: MORS: En \u00f8get bos\u00e6tning vil v\u00e6re med til at skabe en bedre \u00f8konomi, og dermed give mulighed for endnu flere forbedringer. En \u00f8get bos\u00e6tning vil styrke erhvervslivet og v\u00e6re med til at tiltr\u00e6kke flere virksomheder. En \u00f8get bos\u00e6tning betyder flere medarbejdere til de [&hellip;]<\/p>\n","protected":false},"author":11,"featured_media":54047,"comment_status":"open","ping_status":"open","sticky":false,"template":"","format":"standard","meta":{"_acf_changed":false,"footnotes":""},"categories":[56],"tags":[167],"class_list":["post-55825","post","type-post","status-publish","format-standard","has-post-thumbnail","hentry","category-debat","tag-politik"],"acf":[],"yoast_head":"<!-- This site is optimized with the Yoast SEO plugin v26.8 - https:\/\/yoast.com\/product\/yoast-seo-wordpress\/ -->\n<title>- Man m\u00e5 gerne prale, n\u00e5r man har noget at ha\u2019 det i - Mors<\/title>\n<meta name=\"robots\" content=\"index, follow, max-snippet:-1, max-image-preview:large, max-video-preview:-1\" \/>\n<link rel=\"canonical\" href=\"https:\/\/kunmedierne.dk\/mors\/man-maa-gerne-prale-naar-man-har-noget-at-ha-det-i\/\" \/>\n<meta property=\"og:locale\" content=\"da_DK\" \/>\n<meta property=\"og:type\" content=\"article\" \/>\n<meta property=\"og:title\" content=\"- Man m\u00e5 gerne prale, n\u00e5r man har noget at ha\u2019 det i - Mors\" \/>\n<meta property=\"og:description\" content=\"Debatindl\u00e6g fra Henrik Markm\u00f8ller Bro, kandidat for De Konservative ved Kommunalvalg 2021: MORS: En \u00f8get bos\u00e6tning vil v\u00e6re med til at skabe en bedre \u00f8konomi, og dermed give mulighed for endnu flere forbedringer. En \u00f8get bos\u00e6tning vil styrke erhvervslivet og v\u00e6re med til at tiltr\u00e6kke flere virksomheder. En \u00f8get bos\u00e6tning betyder flere medarbejdere til de [&hellip;]\" \/>\n<meta property=\"og:url\" content=\"https:\/\/kunmedierne.dk\/mors\/man-maa-gerne-prale-naar-man-har-noget-at-ha-det-i\/\" \/>\n<meta property=\"og:site_name\" content=\"Mors\" \/>\n<meta property=\"article:published_time\" content=\"2021-10-27T15:29:09+00:00\" \/>\n<meta property=\"article:modified_time\" content=\"2024-08-12T11:35:59+00:00\" \/>\n<meta property=\"og:image\" content=\"https:\/\/kunmedierne.dk\/mors\/wp-content\/uploads\/2021\/10\/henrik-markmoeller-bro.jpg\" \/>\n\t<meta property=\"og:image:width\" content=\"770\" \/>\n\t<meta property=\"og:image:height\" content=\"513\" \/>\n\t<meta property=\"og:image:type\" content=\"image\/jpeg\" \/>\n<meta name=\"author\" content=\"Debat\" \/>\n<meta name=\"twitter:card\" content=\"summary_large_image\" \/>\n<meta name=\"twitter:label1\" content=\"Skrevet af\" \/>\n\t<meta name=\"twitter:data1\" content=\"Debat\" \/>\n\t<meta name=\"twitter:label2\" content=\"Estimeret l\u00e6setid\" \/>\n\t<meta name=\"twitter:data2\" content=\"3 minutter\" \/>\n<script type=\"application\/ld+json\" class=\"yoast-schema-graph\">{\"@context\":\"https:\/\/schema.org\",\"@graph\":[{\"@type\":\"Article\",\"@id\":\"https:\/\/kunmedierne.dk\/mors\/man-maa-gerne-prale-naar-man-har-noget-at-ha-det-i\/#article\",\"isPartOf\":{\"@id\":\"https:\/\/kunmedierne.dk\/mors\/man-maa-gerne-prale-naar-man-har-noget-at-ha-det-i\/\"},\"author\":{\"name\":\"Debat\",\"@id\":\"https:\/\/kunmedierne.dk\/mors\/#\/schema\/person\/84c1391bce0b43b9bb3a49736bc0ad78\"},\"headline\":\"&#8211; Man m\u00e5 gerne prale, n\u00e5r man har noget at ha\u2019 det i\",\"datePublished\":\"2021-10-27T15:29:09+00:00\",\"dateModified\":\"2024-08-12T11:35:59+00:00\",\"mainEntityOfPage\":{\"@id\":\"https:\/\/kunmedierne.dk\/mors\/man-maa-gerne-prale-naar-man-har-noget-at-ha-det-i\/\"},\"wordCount\":501,\"commentCount\":0,\"publisher\":{\"@id\":\"https:\/\/kunmedierne.dk\/mors\/#organization\"},\"image\":{\"@id\":\"https:\/\/kunmedierne.dk\/mors\/man-maa-gerne-prale-naar-man-har-noget-at-ha-det-i\/#primaryimage\"},\"thumbnailUrl\":\"https:\/\/kunmedierne.dk\/mors\/wp-content\/uploads\/2021\/10\/henrik-markmoeller-bro.jpg\",\"keywords\":[\"Politik\"],\"articleSection\":[\"Debat\"],\"inLanguage\":\"da-DK\",\"potentialAction\":[{\"@type\":\"CommentAction\",\"name\":\"Comment\",\"target\":[\"https:\/\/kunmedierne.dk\/mors\/man-maa-gerne-prale-naar-man-har-noget-at-ha-det-i\/#respond\"]}]},{\"@type\":\"WebPage\",\"@id\":\"https:\/\/kunmedierne.dk\/mors\/man-maa-gerne-prale-naar-man-har-noget-at-ha-det-i\/\",\"url\":\"https:\/\/kunmedierne.dk\/mors\/man-maa-gerne-prale-naar-man-har-noget-at-ha-det-i\/\",\"name\":\"- Man m\u00e5 gerne prale, n\u00e5r man har noget at ha\u2019 det i - Mors\",\"isPartOf\":{\"@id\":\"https:\/\/kunmedierne.dk\/mors\/#website\"},\"primaryImageOfPage\":{\"@id\":\"https:\/\/kunmedierne.dk\/mors\/man-maa-gerne-prale-naar-man-har-noget-at-ha-det-i\/#primaryimage\"},\"image\":{\"@id\":\"https:\/\/kunmedierne.dk\/mors\/man-maa-gerne-prale-naar-man-har-noget-at-ha-det-i\/#primaryimage\"},\"thumbnailUrl\":\"https:\/\/kunmedierne.dk\/mors\/wp-content\/uploads\/2021\/10\/henrik-markmoeller-bro.jpg\",\"datePublished\":\"2021-10-27T15:29:09+00:00\",\"dateModified\":\"2024-08-12T11:35:59+00:00\",\"breadcrumb\":{\"@id\":\"https:\/\/kunmedierne.dk\/mors\/man-maa-gerne-prale-naar-man-har-noget-at-ha-det-i\/#breadcrumb\"},\"inLanguage\":\"da-DK\",\"potentialAction\":[{\"@type\":\"ReadAction\",\"target\":[\"https:\/\/kunmedierne.dk\/mors\/man-maa-gerne-prale-naar-man-har-noget-at-ha-det-i\/\"]}]},{\"@type\":\"ImageObject\",\"inLanguage\":\"da-DK\",\"@id\":\"https:\/\/kunmedierne.dk\/mors\/man-maa-gerne-prale-naar-man-har-noget-at-ha-det-i\/#primaryimage\",\"url\":\"https:\/\/kunmedierne.dk\/mors\/wp-content\/uploads\/2021\/10\/henrik-markmoeller-bro.jpg\",\"contentUrl\":\"https:\/\/kunmedierne.dk\/mors\/wp-content\/uploads\/2021\/10\/henrik-markmoeller-bro.jpg\",\"width\":770,\"height\":513,\"caption\":\"Henrik Markm\u00f8ller Bro, kandidat for De Konservative ved Kommunalvalg 2021.\"},{\"@type\":\"BreadcrumbList\",\"@id\":\"https:\/\/kunmedierne.dk\/mors\/man-maa-gerne-prale-naar-man-har-noget-at-ha-det-i\/#breadcrumb\",\"itemListElement\":[{\"@type\":\"ListItem\",\"position\":1,\"name\":\"Hjem\",\"item\":\"https:\/\/kunmedierne.dk\/mors\/\"},{\"@type\":\"ListItem\",\"position\":2,\"name\":\"&#8211; Man m\u00e5 gerne prale, n\u00e5r man har noget at ha\u2019 det i\"}]},{\"@type\":\"WebSite\",\"@id\":\"https:\/\/kunmedierne.dk\/mors\/#website\",\"url\":\"https:\/\/kunmedierne.dk\/mors\/\",\"name\":\"Mors\",\"description\":\"et netmedie med journalistik om livet p\u00e5 Mors\",\"publisher\":{\"@id\":\"https:\/\/kunmedierne.dk\/mors\/#organization\"},\"potentialAction\":[{\"@type\":\"SearchAction\",\"target\":{\"@type\":\"EntryPoint\",\"urlTemplate\":\"https:\/\/kunmedierne.dk\/mors\/?s={search_term_string}\"},\"query-input\":{\"@type\":\"PropertyValueSpecification\",\"valueRequired\":true,\"valueName\":\"search_term_string\"}}],\"inLanguage\":\"da-DK\"},{\"@type\":\"Organization\",\"@id\":\"https:\/\/kunmedierne.dk\/mors\/#organization\",\"name\":\"Mors\",\"url\":\"https:\/\/kunmedierne.dk\/mors\/\",\"logo\":{\"@type\":\"ImageObject\",\"inLanguage\":\"da-DK\",\"@id\":\"https:\/\/kunmedierne.dk\/mors\/#\/schema\/logo\/image\/\",\"url\":\"https:\/\/kunmedierne.dk\/mors\/wp-content\/uploads\/2024\/08\/kunmors-logo.svg\",\"contentUrl\":\"https:\/\/kunmedierne.dk\/mors\/wp-content\/uploads\/2024\/08\/kunmors-logo.svg\",\"caption\":\"Mors\"},\"image\":{\"@id\":\"https:\/\/kunmedierne.dk\/mors\/#\/schema\/logo\/image\/\"}},{\"@type\":\"Person\",\"@id\":\"https:\/\/kunmedierne.dk\/mors\/#\/schema\/person\/84c1391bce0b43b9bb3a49736bc0ad78\",\"name\":\"Debat\",\"image\":{\"@type\":\"ImageObject\",\"inLanguage\":\"da-DK\",\"@id\":\"https:\/\/kunmedierne.dk\/mors\/#\/schema\/person\/image\/\",\"url\":\"https:\/\/secure.gravatar.com\/avatar\/b0fb2e221d618f7c65162ab0d49c7e8a0b580c871ca03af90e42b47b4150654c?s=96&d=mm&r=g\",\"contentUrl\":\"https:\/\/secure.gravatar.com\/avatar\/b0fb2e221d618f7c65162ab0d49c7e8a0b580c871ca03af90e42b47b4150654c?s=96&d=mm&r=g\",\"caption\":\"Debat\"},\"url\":\"https:\/\/kunmedierne.dk\/mors\/author\/debat\/\"}]}<\/script>\n<!-- \/ Yoast SEO plugin. -->","yoast_head_json":{"title":"- Man m\u00e5 gerne prale, n\u00e5r man har noget at ha\u2019 det i - Mors","robots":{"index":"index","follow":"follow","max-snippet":"max-snippet:-1","max-image-preview":"max-image-preview:large","max-video-preview":"max-video-preview:-1"},"canonical":"https:\/\/kunmedierne.dk\/mors\/man-maa-gerne-prale-naar-man-har-noget-at-ha-det-i\/","og_locale":"da_DK","og_type":"article","og_title":"- Man m\u00e5 gerne prale, n\u00e5r man har noget at ha\u2019 det i - Mors","og_description":"Debatindl\u00e6g fra Henrik Markm\u00f8ller Bro, kandidat for De Konservative ved Kommunalvalg 2021: MORS: En \u00f8get bos\u00e6tning vil v\u00e6re med til at skabe en bedre \u00f8konomi, og dermed give mulighed for endnu flere forbedringer. En \u00f8get bos\u00e6tning vil styrke erhvervslivet og v\u00e6re med til at tiltr\u00e6kke flere virksomheder. En \u00f8get bos\u00e6tning betyder flere medarbejdere til de [&hellip;]","og_url":"https:\/\/kunmedierne.dk\/mors\/man-maa-gerne-prale-naar-man-har-noget-at-ha-det-i\/","og_site_name":"Mors","article_published_time":"2021-10-27T15:29:09+00:00","article_modified_time":"2024-08-12T11:35:59+00:00","og_image":[{"width":770,"height":513,"url":"https:\/\/kunmedierne.dk\/mors\/wp-content\/uploads\/2021\/10\/henrik-markmoeller-bro.jpg","type":"image\/jpeg"}],"author":"Debat","twitter_card":"summary_large_image","twitter_misc":{"Skrevet af":"Debat","Estimeret l\u00e6setid":"3 minutter"},"schema":{"@context":"https:\/\/schema.org","@graph":[{"@type":"Article","@id":"https:\/\/kunmedierne.dk\/mors\/man-maa-gerne-prale-naar-man-har-noget-at-ha-det-i\/#article","isPartOf":{"@id":"https:\/\/kunmedierne.dk\/mors\/man-maa-gerne-prale-naar-man-har-noget-at-ha-det-i\/"},"author":{"name":"Debat","@id":"https:\/\/kunmedierne.dk\/mors\/#\/schema\/person\/84c1391bce0b43b9bb3a49736bc0ad78"},"headline":"&#8211; Man m\u00e5 gerne prale, n\u00e5r man har noget at ha\u2019 det i","datePublished":"2021-10-27T15:29:09+00:00","dateModified":"2024-08-12T11:35:59+00:00","mainEntityOfPage":{"@id":"https:\/\/kunmedierne.dk\/mors\/man-maa-gerne-prale-naar-man-har-noget-at-ha-det-i\/"},"wordCount":501,"commentCount":0,"publisher":{"@id":"https:\/\/kunmedierne.dk\/mors\/#organization"},"image":{"@id":"https:\/\/kunmedierne.dk\/mors\/man-maa-gerne-prale-naar-man-har-noget-at-ha-det-i\/#primaryimage"},"thumbnailUrl":"https:\/\/kunmedierne.dk\/mors\/wp-content\/uploads\/2021\/10\/henrik-markmoeller-bro.jpg","keywords":["Politik"],"articleSection":["Debat"],"inLanguage":"da-DK","potentialAction":[{"@type":"CommentAction","name":"Comment","target":["https:\/\/kunmedierne.dk\/mors\/man-maa-gerne-prale-naar-man-har-noget-at-ha-det-i\/#respond"]}]},{"@type":"WebPage","@id":"https:\/\/kunmedierne.dk\/mors\/man-maa-gerne-prale-naar-man-har-noget-at-ha-det-i\/","url":"https:\/\/kunmedierne.dk\/mors\/man-maa-gerne-prale-naar-man-har-noget-at-ha-det-i\/","name":"- Man m\u00e5 gerne prale, n\u00e5r man har noget at ha\u2019 det i - Mors","isPartOf":{"@id":"https:\/\/kunmedierne.dk\/mors\/#website"},"primaryImageOfPage":{"@id":"https:\/\/kunmedierne.dk\/mors\/man-maa-gerne-prale-naar-man-har-noget-at-ha-det-i\/#primaryimage"},"image":{"@id":"https:\/\/kunmedierne.dk\/mors\/man-maa-gerne-prale-naar-man-har-noget-at-ha-det-i\/#primaryimage"},"thumbnailUrl":"https:\/\/kunmedierne.dk\/mors\/wp-content\/uploads\/2021\/10\/henrik-markmoeller-bro.jpg","datePublished":"2021-10-27T15:29:09+00:00","dateModified":"2024-08-12T11:35:59+00:00","breadcrumb":{"@id":"https:\/\/kunmedierne.dk\/mors\/man-maa-gerne-prale-naar-man-har-noget-at-ha-det-i\/#breadcrumb"},"inLanguage":"da-DK","potentialAction":[{"@type":"ReadAction","target":["https:\/\/kunmedierne.dk\/mors\/man-maa-gerne-prale-naar-man-har-noget-at-ha-det-i\/"]}]},{"@type":"ImageObject","inLanguage":"da-DK","@id":"https:\/\/kunmedierne.dk\/mors\/man-maa-gerne-prale-naar-man-har-noget-at-ha-det-i\/#primaryimage","url":"https:\/\/kunmedierne.dk\/mors\/wp-content\/uploads\/2021\/10\/henrik-markmoeller-bro.jpg","contentUrl":"https:\/\/kunmedierne.dk\/mors\/wp-content\/uploads\/2021\/10\/henrik-markmoeller-bro.jpg","width":770,"height":513,"caption":"Henrik Markm\u00f8ller Bro, kandidat for De Konservative ved Kommunalvalg 2021."},{"@type":"BreadcrumbList","@id":"https:\/\/kunmedierne.dk\/mors\/man-maa-gerne-prale-naar-man-har-noget-at-ha-det-i\/#breadcrumb","itemListElement":[{"@type":"ListItem","position":1,"name":"Hjem","item":"https:\/\/kunmedierne.dk\/mors\/"},{"@type":"ListItem","position":2,"name":"&#8211; Man m\u00e5 gerne prale, n\u00e5r man har noget at ha\u2019 det i"}]},{"@type":"WebSite","@id":"https:\/\/kunmedierne.dk\/mors\/#website","url":"https:\/\/kunmedierne.dk\/mors\/","name":"Mors","description":"et netmedie med journalistik om livet p\u00e5 Mors","publisher":{"@id":"https:\/\/kunmedierne.dk\/mors\/#organization"},"potentialAction":[{"@type":"SearchAction","target":{"@type":"EntryPoint","urlTemplate":"https:\/\/kunmedierne.dk\/mors\/?s={search_term_string}"},"query-input":{"@type":"PropertyValueSpecification","valueRequired":true,"valueName":"search_term_string"}}],"inLanguage":"da-DK"},{"@type":"Organization","@id":"https:\/\/kunmedierne.dk\/mors\/#organization","name":"Mors","url":"https:\/\/kunmedierne.dk\/mors\/","logo":{"@type":"ImageObject","inLanguage":"da-DK","@id":"https:\/\/kunmedierne.dk\/mors\/#\/schema\/logo\/image\/","url":"https:\/\/kunmedierne.dk\/mors\/wp-content\/uploads\/2024\/08\/kunmors-logo.svg","contentUrl":"https:\/\/kunmedierne.dk\/mors\/wp-content\/uploads\/2024\/08\/kunmors-logo.svg","caption":"Mors"},"image":{"@id":"https:\/\/kunmedierne.dk\/mors\/#\/schema\/logo\/image\/"}},{"@type":"Person","@id":"https:\/\/kunmedierne.dk\/mors\/#\/schema\/person\/84c1391bce0b43b9bb3a49736bc0ad78","name":"Debat","image":{"@type":"ImageObject","inLanguage":"da-DK","@id":"https:\/\/kunmedierne.dk\/mors\/#\/schema\/person\/image\/","url":"https:\/\/secure.gravatar.com\/avatar\/b0fb2e221d618f7c65162ab0d49c7e8a0b580c871ca03af90e42b47b4150654c?s=96&d=mm&r=g","contentUrl":"https:\/\/secure.gravatar.com\/avatar\/b0fb2e221d618f7c65162ab0d49c7e8a0b580c871ca03af90e42b47b4150654c?s=96&d=mm&r=g","caption":"Debat"},"url":"https:\/\/kunmedierne.dk\/mors\/author\/debat\/"}]}},"_links":{"self":[{"href":"https:\/\/kunmedierne.dk\/mors\/wp-json\/wp\/v2\/posts\/55825","targetHints":{"allow":["GET"]}}],"collection":[{"href":"https:\/\/kunmedierne.dk\/mors\/wp-json\/wp\/v2\/posts"}],"about":[{"href":"https:\/\/kunmedierne.dk\/mors\/wp-json\/wp\/v2\/types\/post"}],"author":[{"embeddable":true,"href":"https:\/\/kunmedierne.dk\/mors\/wp-json\/wp\/v2\/users\/11"}],"replies":[{"embeddable":true,"href":"https:\/\/kunmedierne.dk\/mors\/wp-json\/wp\/v2\/comments?post=55825"}],"version-history":[{"count":1,"href":"https:\/\/kunmedierne.dk\/mors\/wp-json\/wp\/v2\/posts\/55825\/revisions"}],"predecessor-version":[{"id":55827,"href":"https:\/\/kunmedierne.dk\/mors\/wp-json\/wp\/v2\/posts\/55825\/revisions\/55827"}],"wp:featuredmedia":[{"embeddable":true,"href":"https:\/\/kunmedierne.dk\/mors\/wp-json\/wp\/v2\/media\/54047"}],"wp:attachment":[{"href":"https:\/\/kunmedierne.dk\/mors\/wp-json\/wp\/v2\/media?parent=55825"}],"wp:term":[{"taxonomy":"category","embeddable":true,"href":"https:\/\/kunmedierne.dk\/mors\/wp-json\/wp\/v2\/categories?post=55825"},{"taxonomy":"post_tag","embeddable":true,"href":"https:\/\/kunmedierne.dk\/mors\/wp-json\/wp\/v2\/tags?post=55825"}],"curies":[{"name":"wp","href":"https:\/\/api.w.org\/{rel}","templated":true}]}}