{"id":55756,"date":"2021-10-27T09:59:19","date_gmt":"2021-10-27T07:59:19","guid":{"rendered":"https:\/\/kunmedierne.dk\/mors\/?p=55756"},"modified":"2024-08-12T13:35:59","modified_gmt":"2024-08-12T11:35:59","slug":"rekruttering-i-hjemmeplejen","status":"publish","type":"post","link":"https:\/\/kunmedierne.dk\/mors\/rekruttering-i-hjemmeplejen\/","title":{"rendered":"&#8211; Rekruttering i Hjemmeplejen"},"content":{"rendered":"<p><em>Debatindl\u00e6g fra Thomas Dahlgaard, kandidat for Venstre ved Kommunalvalg 2021:<\/em><\/p>\n<hr \/>\n<p><strong>MORS<\/strong>: Et af de s\u00e5kaldt gode sp\u00f8rgsm\u00e5l, som rejses rundt p\u00e5 de forskellige v\u00e6lgerm\u00f8der er, hvordan vi i Mors\u00f8 kommune im\u00f8deg\u00e5r udfordringen med at andelen af \u00e6ldre og plejekr\u00e6vende stiger, samtidig med at vi har en medarbejdergruppe, hvor en stor andel n\u00e6rmer sig efterl\u00f8ns og pensionsalderen.<\/p>\n<p>Aktuelt har man fra kommunens side iv\u00e6rksat forskellige tiltag for at f\u00e5 flere ind i faget. Man har indf\u00f8rt en ordning, hvor kommunen allerede under elevernes skoleforl\u00f8b udbetaler l\u00f8n, dette g\u00f8r uddannelsen, is\u00e6r for de lidt mere modne elever mere overkommelig, da de ofte har stiftet hus og hjem med de omkostninger, som der f\u00f8lger med dette. Der er ligeledes afsat en pulje til at etablere s\u00e5kaldte EGU pladser indenfor omr\u00e5det.<\/p>\n<p><a href=\"https:\/\/vester-begr.dk\"><img loading=\"lazy\" decoding=\"async\" class=\"alignleft size-full wp-image-53879\" src=\"https:\/\/kunmedierne.dk\/mors\/wp-content\/uploads\/2021\/10\/NY-Vester-Begravelse-TOP-BUND.jpg\" alt=\"\" width=\"1400\" height=\"125\" srcset=\"https:\/\/kunmedierne.dk\/mors\/wp-content\/uploads\/2021\/10\/NY-Vester-Begravelse-TOP-BUND.jpg 1400w, https:\/\/kunmedierne.dk\/mors\/wp-content\/uploads\/2021\/10\/NY-Vester-Begravelse-TOP-BUND-300x27.jpg 300w, https:\/\/kunmedierne.dk\/mors\/wp-content\/uploads\/2021\/10\/NY-Vester-Begravelse-TOP-BUND-1024x91.jpg 1024w, https:\/\/kunmedierne.dk\/mors\/wp-content\/uploads\/2021\/10\/NY-Vester-Begravelse-TOP-BUND-768x69.jpg 768w, https:\/\/kunmedierne.dk\/mors\/wp-content\/uploads\/2021\/10\/NY-Vester-Begravelse-TOP-BUND-600x54.jpg 600w\" sizes=\"auto, (max-width: 1400px) 100vw, 1400px\" \/><\/a>I Viborg kommune, har man ansat man et antal unge mennesker til at lave aktiviteter med de \u00e6ldre p\u00e5 plejecentrene, i h\u00e5b om at v\u00e6kke en fremtidig interesse for plejefaget. I Varde kommune pr\u00f8ver man at l\u00f8se rekrutteringsudfordringerne ved at f\u00e5 flere \u00f8steurop\u00e6iske tilflyttere flyttet prim\u00e6rt fra landbrugssektoren og over i plejesektoren. I Thisted kommune h\u00e5ber man at kunne f\u00e5 flere af de ansatte til at ville g\u00e5 op i tid, da man her har en st\u00f8rre andel, som er p\u00e5 reduceret timetal. Dette g\u00f8r sig ogs\u00e5 g\u00e6ldende i Mors\u00f8 kommune.\u00a0 Et arbejde i hjemmeplejen er dog fysisk h\u00e5rdt, s\u00e5 det vil ikke v\u00e6re en mulighed for alle.<\/p>\n<p>Der er ingen tvivl om at disse elementer bestemt er gode bud p\u00e5 at skaffe arbejdskraft til plejesektoren. Jeg t\u00e6nker dog man herudover vil kunne g\u00f8re mere for at skabe en attraktiv arbejdsplads ved at indf\u00f8re den s\u00e5kaldte Hollandske model i hjemmeplejen.<\/p>\n<p>Den Hollandske model g\u00e5r kort fortalt ud p\u00e5 at lade hjemmeplejerne arbejde i et antal selvstyrende teams, hvor de har ansvar for plejen af et vist antal borgere. Teamet planl\u00e6gger i samarbejde dagens g\u00f8rem\u00e5l og organiseringen heraf. Dette g\u00f8r at den enkelte medarbejder oplever stor indflydelse p\u00e5 sit arbejdsliv og udf\u00f8relsen heraf. Dette er i h\u00f8j grad med til at styrke arbejdsgl\u00e6den, som jo er et vigtigt element i forhold til at minimere sygefrav\u00e6r og som er afg\u00f8rende i fastholdelse af dygtige medarbejdere. Ved at rykke planl\u00e6gningen af arbejdet ud i udf\u00f8rerleddet er der samtidig et reduceret behov for ledere og planl\u00e6ggere. Man g\u00f8r popul\u00e6rt sagt kolde h\u00e6nder varme, hvilket ellers har vist sig som en sv\u00e6r \u00f8velse.<\/p>\n<p><a href=\"https:\/\/vognmand-filtenborg.dk\/\"><img loading=\"lazy\" decoding=\"async\" class=\"alignleft size-full wp-image-46594\" src=\"https:\/\/kunmedierne.dk\/mors\/wp-content\/uploads\/2021\/06\/t03.jpg\" alt=\"\" width=\"1400\" height=\"125\" srcset=\"https:\/\/kunmedierne.dk\/mors\/wp-content\/uploads\/2021\/06\/t03.jpg 1400w, https:\/\/kunmedierne.dk\/mors\/wp-content\/uploads\/2021\/06\/t03-300x27.jpg 300w, https:\/\/kunmedierne.dk\/mors\/wp-content\/uploads\/2021\/06\/t03-1024x91.jpg 1024w, https:\/\/kunmedierne.dk\/mors\/wp-content\/uploads\/2021\/06\/t03-768x69.jpg 768w, https:\/\/kunmedierne.dk\/mors\/wp-content\/uploads\/2021\/06\/t03-600x54.jpg 600w\" sizes=\"auto, (max-width: 1400px) 100vw, 1400px\" \/><\/a>Aktuelt k\u00f8rer man med ordningen p\u00e5 fors\u00f8gsbasis i Syddjurs kommune. Medarbejdere og ikke mindst borgerne oplever fordelene som markante. Modellen g\u00f8r at borgerne oplever f\u00e6rre skift i antallet af hjemmeplejere, da det faste team afl\u00f8ser for hinanden. Med et fast team professionaliseres og gennemf\u00f8res arbejdsopgaverne uden den usikkerhed, som b\u00e5de en vikar og borgeren kan opleve, n\u00e5r relationen og rutinen er usikker. Ved et kendt korps af hjemmeplejere oplever de \u00e6ldre ogs\u00e5 at der nemmere opbygges en tryg relation og en mere n\u00e6rv\u00e6rende og dyb kommunikation, til gavn for begge parter.<\/p>\n<p>Jeg synes at det bliver sp\u00e6ndende at f\u00f8lge udviklingen i fors\u00f8get fra Syddjurs kommune og om det kunne v\u00e6re en overvejelse v\u00e6rd at indf\u00f8re i Mors\u00f8 kommune ogs\u00e5. De forel\u00f8bige udmeldinger er i hvert fald positive og kan m\u00e5ske v\u00e6re med til at f\u00e5 flere til at v\u00e6lge SOSU vejen, som et arbejdsomr\u00e5de, hvor man har medindflydelse p\u00e5 sin arbejdsdag og udf\u00f8relsen af en gerning, som vi alle kommer i ber\u00f8ring med, som enten p\u00e5r\u00f8rende eller bruger. Fors\u00f8get afsluttes til nyt\u00e5r, s\u00e5 der b\u00f8r v\u00e6re nogle erfaringer, som den nye kommunalbestyrelse vil kunne tr\u00e6kke p\u00e5 i den vigtige opgave med at sikre en god service p\u00e5 en god arbejdsplads. Til gavn for de morsingboere, som vi holder af.<\/p>\n<hr \/>\n<p><em>Har du et bidrag til den lokale debat? Send det til os p\u00e5 e-mail: debat@kunmedierne.dk\/mors. Husk at l\u00e6se korrektur inden afsendelse p\u00e5 indl\u00e6gget.<\/em><\/p>\n","protected":false},"excerpt":{"rendered":"<p>Debatindl\u00e6g fra Thomas Dahlgaard, kandidat for Venstre ved Kommunalvalg 2021: MORS: Et af de s\u00e5kaldt gode sp\u00f8rgsm\u00e5l, som rejses rundt p\u00e5 de forskellige v\u00e6lgerm\u00f8der er, hvordan vi i Mors\u00f8 kommune im\u00f8deg\u00e5r udfordringen med at andelen af \u00e6ldre og plejekr\u00e6vende stiger, samtidig med at vi har en medarbejdergruppe, hvor en stor andel n\u00e6rmer sig efterl\u00f8ns og [&hellip;]<\/p>\n","protected":false},"author":11,"featured_media":43014,"comment_status":"open","ping_status":"open","sticky":false,"template":"","format":"standard","meta":{"_acf_changed":false,"footnotes":""},"categories":[56],"tags":[167],"class_list":["post-55756","post","type-post","status-publish","format-standard","has-post-thumbnail","hentry","category-debat","tag-politik"],"acf":[],"yoast_head":"<!-- This site is optimized with the Yoast SEO plugin v26.8 - https:\/\/yoast.com\/product\/yoast-seo-wordpress\/ -->\n<title>- Rekruttering i Hjemmeplejen - Mors<\/title>\n<meta name=\"robots\" content=\"index, follow, max-snippet:-1, max-image-preview:large, max-video-preview:-1\" \/>\n<link rel=\"canonical\" href=\"https:\/\/kunmedierne.dk\/mors\/rekruttering-i-hjemmeplejen\/\" \/>\n<meta property=\"og:locale\" content=\"da_DK\" \/>\n<meta property=\"og:type\" content=\"article\" \/>\n<meta property=\"og:title\" content=\"- Rekruttering i Hjemmeplejen - Mors\" \/>\n<meta property=\"og:description\" content=\"Debatindl\u00e6g fra Thomas Dahlgaard, kandidat for Venstre ved Kommunalvalg 2021: MORS: Et af de s\u00e5kaldt gode sp\u00f8rgsm\u00e5l, som rejses rundt p\u00e5 de forskellige v\u00e6lgerm\u00f8der er, hvordan vi i Mors\u00f8 kommune im\u00f8deg\u00e5r udfordringen med at andelen af \u00e6ldre og plejekr\u00e6vende stiger, samtidig med at vi har en medarbejdergruppe, hvor en stor andel n\u00e6rmer sig efterl\u00f8ns og [&hellip;]\" \/>\n<meta property=\"og:url\" content=\"https:\/\/kunmedierne.dk\/mors\/rekruttering-i-hjemmeplejen\/\" \/>\n<meta property=\"og:site_name\" content=\"Mors\" \/>\n<meta property=\"article:published_time\" content=\"2021-10-27T07:59:19+00:00\" \/>\n<meta property=\"article:modified_time\" content=\"2024-08-12T11:35:59+00:00\" \/>\n<meta property=\"og:image\" content=\"https:\/\/kunmedierne.dk\/mors\/wp-content\/uploads\/2021\/04\/thomas-dahlgaard.jpg\" \/>\n\t<meta property=\"og:image:width\" content=\"770\" \/>\n\t<meta property=\"og:image:height\" content=\"513\" \/>\n\t<meta property=\"og:image:type\" content=\"image\/jpeg\" \/>\n<meta name=\"author\" content=\"Debat\" \/>\n<meta name=\"twitter:card\" content=\"summary_large_image\" \/>\n<meta name=\"twitter:label1\" content=\"Skrevet af\" \/>\n\t<meta name=\"twitter:data1\" content=\"Debat\" \/>\n\t<meta name=\"twitter:label2\" content=\"Estimeret l\u00e6setid\" \/>\n\t<meta name=\"twitter:data2\" content=\"4 minutter\" \/>\n<script type=\"application\/ld+json\" class=\"yoast-schema-graph\">{\"@context\":\"https:\/\/schema.org\",\"@graph\":[{\"@type\":\"Article\",\"@id\":\"https:\/\/kunmedierne.dk\/mors\/rekruttering-i-hjemmeplejen\/#article\",\"isPartOf\":{\"@id\":\"https:\/\/kunmedierne.dk\/mors\/rekruttering-i-hjemmeplejen\/\"},\"author\":{\"name\":\"Debat\",\"@id\":\"https:\/\/kunmedierne.dk\/mors\/#\/schema\/person\/84c1391bce0b43b9bb3a49736bc0ad78\"},\"headline\":\"&#8211; Rekruttering i Hjemmeplejen\",\"datePublished\":\"2021-10-27T07:59:19+00:00\",\"dateModified\":\"2024-08-12T11:35:59+00:00\",\"mainEntityOfPage\":{\"@id\":\"https:\/\/kunmedierne.dk\/mors\/rekruttering-i-hjemmeplejen\/\"},\"wordCount\":717,\"commentCount\":0,\"publisher\":{\"@id\":\"https:\/\/kunmedierne.dk\/mors\/#organization\"},\"image\":{\"@id\":\"https:\/\/kunmedierne.dk\/mors\/rekruttering-i-hjemmeplejen\/#primaryimage\"},\"thumbnailUrl\":\"https:\/\/kunmedierne.dk\/mors\/wp-content\/uploads\/2021\/04\/thomas-dahlgaard.jpg\",\"keywords\":[\"Politik\"],\"articleSection\":[\"Debat\"],\"inLanguage\":\"da-DK\",\"potentialAction\":[{\"@type\":\"CommentAction\",\"name\":\"Comment\",\"target\":[\"https:\/\/kunmedierne.dk\/mors\/rekruttering-i-hjemmeplejen\/#respond\"]}]},{\"@type\":\"WebPage\",\"@id\":\"https:\/\/kunmedierne.dk\/mors\/rekruttering-i-hjemmeplejen\/\",\"url\":\"https:\/\/kunmedierne.dk\/mors\/rekruttering-i-hjemmeplejen\/\",\"name\":\"- Rekruttering i Hjemmeplejen - Mors\",\"isPartOf\":{\"@id\":\"https:\/\/kunmedierne.dk\/mors\/#website\"},\"primaryImageOfPage\":{\"@id\":\"https:\/\/kunmedierne.dk\/mors\/rekruttering-i-hjemmeplejen\/#primaryimage\"},\"image\":{\"@id\":\"https:\/\/kunmedierne.dk\/mors\/rekruttering-i-hjemmeplejen\/#primaryimage\"},\"thumbnailUrl\":\"https:\/\/kunmedierne.dk\/mors\/wp-content\/uploads\/2021\/04\/thomas-dahlgaard.jpg\",\"datePublished\":\"2021-10-27T07:59:19+00:00\",\"dateModified\":\"2024-08-12T11:35:59+00:00\",\"breadcrumb\":{\"@id\":\"https:\/\/kunmedierne.dk\/mors\/rekruttering-i-hjemmeplejen\/#breadcrumb\"},\"inLanguage\":\"da-DK\",\"potentialAction\":[{\"@type\":\"ReadAction\",\"target\":[\"https:\/\/kunmedierne.dk\/mors\/rekruttering-i-hjemmeplejen\/\"]}]},{\"@type\":\"ImageObject\",\"inLanguage\":\"da-DK\",\"@id\":\"https:\/\/kunmedierne.dk\/mors\/rekruttering-i-hjemmeplejen\/#primaryimage\",\"url\":\"https:\/\/kunmedierne.dk\/mors\/wp-content\/uploads\/2021\/04\/thomas-dahlgaard.jpg\",\"contentUrl\":\"https:\/\/kunmedierne.dk\/mors\/wp-content\/uploads\/2021\/04\/thomas-dahlgaard.jpg\",\"width\":770,\"height\":513,\"caption\":\"Thomas Dahlgaard, kandidat for Venstre ved kommunalvalget i november. Foto: Venstre Mors\"},{\"@type\":\"BreadcrumbList\",\"@id\":\"https:\/\/kunmedierne.dk\/mors\/rekruttering-i-hjemmeplejen\/#breadcrumb\",\"itemListElement\":[{\"@type\":\"ListItem\",\"position\":1,\"name\":\"Hjem\",\"item\":\"https:\/\/kunmedierne.dk\/mors\/\"},{\"@type\":\"ListItem\",\"position\":2,\"name\":\"&#8211; Rekruttering i Hjemmeplejen\"}]},{\"@type\":\"WebSite\",\"@id\":\"https:\/\/kunmedierne.dk\/mors\/#website\",\"url\":\"https:\/\/kunmedierne.dk\/mors\/\",\"name\":\"Mors\",\"description\":\"et netmedie med journalistik om livet p\u00e5 Mors\",\"publisher\":{\"@id\":\"https:\/\/kunmedierne.dk\/mors\/#organization\"},\"potentialAction\":[{\"@type\":\"SearchAction\",\"target\":{\"@type\":\"EntryPoint\",\"urlTemplate\":\"https:\/\/kunmedierne.dk\/mors\/?s={search_term_string}\"},\"query-input\":{\"@type\":\"PropertyValueSpecification\",\"valueRequired\":true,\"valueName\":\"search_term_string\"}}],\"inLanguage\":\"da-DK\"},{\"@type\":\"Organization\",\"@id\":\"https:\/\/kunmedierne.dk\/mors\/#organization\",\"name\":\"Mors\",\"url\":\"https:\/\/kunmedierne.dk\/mors\/\",\"logo\":{\"@type\":\"ImageObject\",\"inLanguage\":\"da-DK\",\"@id\":\"https:\/\/kunmedierne.dk\/mors\/#\/schema\/logo\/image\/\",\"url\":\"https:\/\/kunmedierne.dk\/mors\/wp-content\/uploads\/2024\/08\/kunmors-logo.svg\",\"contentUrl\":\"https:\/\/kunmedierne.dk\/mors\/wp-content\/uploads\/2024\/08\/kunmors-logo.svg\",\"caption\":\"Mors\"},\"image\":{\"@id\":\"https:\/\/kunmedierne.dk\/mors\/#\/schema\/logo\/image\/\"}},{\"@type\":\"Person\",\"@id\":\"https:\/\/kunmedierne.dk\/mors\/#\/schema\/person\/84c1391bce0b43b9bb3a49736bc0ad78\",\"name\":\"Debat\",\"image\":{\"@type\":\"ImageObject\",\"inLanguage\":\"da-DK\",\"@id\":\"https:\/\/kunmedierne.dk\/mors\/#\/schema\/person\/image\/\",\"url\":\"https:\/\/secure.gravatar.com\/avatar\/b0fb2e221d618f7c65162ab0d49c7e8a0b580c871ca03af90e42b47b4150654c?s=96&d=mm&r=g\",\"contentUrl\":\"https:\/\/secure.gravatar.com\/avatar\/b0fb2e221d618f7c65162ab0d49c7e8a0b580c871ca03af90e42b47b4150654c?s=96&d=mm&r=g\",\"caption\":\"Debat\"},\"url\":\"https:\/\/kunmedierne.dk\/mors\/author\/debat\/\"}]}<\/script>\n<!-- \/ Yoast SEO plugin. -->","yoast_head_json":{"title":"- Rekruttering i Hjemmeplejen - Mors","robots":{"index":"index","follow":"follow","max-snippet":"max-snippet:-1","max-image-preview":"max-image-preview:large","max-video-preview":"max-video-preview:-1"},"canonical":"https:\/\/kunmedierne.dk\/mors\/rekruttering-i-hjemmeplejen\/","og_locale":"da_DK","og_type":"article","og_title":"- Rekruttering i Hjemmeplejen - Mors","og_description":"Debatindl\u00e6g fra Thomas Dahlgaard, kandidat for Venstre ved Kommunalvalg 2021: MORS: Et af de s\u00e5kaldt gode sp\u00f8rgsm\u00e5l, som rejses rundt p\u00e5 de forskellige v\u00e6lgerm\u00f8der er, hvordan vi i Mors\u00f8 kommune im\u00f8deg\u00e5r udfordringen med at andelen af \u00e6ldre og plejekr\u00e6vende stiger, samtidig med at vi har en medarbejdergruppe, hvor en stor andel n\u00e6rmer sig efterl\u00f8ns og [&hellip;]","og_url":"https:\/\/kunmedierne.dk\/mors\/rekruttering-i-hjemmeplejen\/","og_site_name":"Mors","article_published_time":"2021-10-27T07:59:19+00:00","article_modified_time":"2024-08-12T11:35:59+00:00","og_image":[{"width":770,"height":513,"url":"https:\/\/kunmedierne.dk\/mors\/wp-content\/uploads\/2021\/04\/thomas-dahlgaard.jpg","type":"image\/jpeg"}],"author":"Debat","twitter_card":"summary_large_image","twitter_misc":{"Skrevet af":"Debat","Estimeret l\u00e6setid":"4 minutter"},"schema":{"@context":"https:\/\/schema.org","@graph":[{"@type":"Article","@id":"https:\/\/kunmedierne.dk\/mors\/rekruttering-i-hjemmeplejen\/#article","isPartOf":{"@id":"https:\/\/kunmedierne.dk\/mors\/rekruttering-i-hjemmeplejen\/"},"author":{"name":"Debat","@id":"https:\/\/kunmedierne.dk\/mors\/#\/schema\/person\/84c1391bce0b43b9bb3a49736bc0ad78"},"headline":"&#8211; Rekruttering i Hjemmeplejen","datePublished":"2021-10-27T07:59:19+00:00","dateModified":"2024-08-12T11:35:59+00:00","mainEntityOfPage":{"@id":"https:\/\/kunmedierne.dk\/mors\/rekruttering-i-hjemmeplejen\/"},"wordCount":717,"commentCount":0,"publisher":{"@id":"https:\/\/kunmedierne.dk\/mors\/#organization"},"image":{"@id":"https:\/\/kunmedierne.dk\/mors\/rekruttering-i-hjemmeplejen\/#primaryimage"},"thumbnailUrl":"https:\/\/kunmedierne.dk\/mors\/wp-content\/uploads\/2021\/04\/thomas-dahlgaard.jpg","keywords":["Politik"],"articleSection":["Debat"],"inLanguage":"da-DK","potentialAction":[{"@type":"CommentAction","name":"Comment","target":["https:\/\/kunmedierne.dk\/mors\/rekruttering-i-hjemmeplejen\/#respond"]}]},{"@type":"WebPage","@id":"https:\/\/kunmedierne.dk\/mors\/rekruttering-i-hjemmeplejen\/","url":"https:\/\/kunmedierne.dk\/mors\/rekruttering-i-hjemmeplejen\/","name":"- Rekruttering i Hjemmeplejen - Mors","isPartOf":{"@id":"https:\/\/kunmedierne.dk\/mors\/#website"},"primaryImageOfPage":{"@id":"https:\/\/kunmedierne.dk\/mors\/rekruttering-i-hjemmeplejen\/#primaryimage"},"image":{"@id":"https:\/\/kunmedierne.dk\/mors\/rekruttering-i-hjemmeplejen\/#primaryimage"},"thumbnailUrl":"https:\/\/kunmedierne.dk\/mors\/wp-content\/uploads\/2021\/04\/thomas-dahlgaard.jpg","datePublished":"2021-10-27T07:59:19+00:00","dateModified":"2024-08-12T11:35:59+00:00","breadcrumb":{"@id":"https:\/\/kunmedierne.dk\/mors\/rekruttering-i-hjemmeplejen\/#breadcrumb"},"inLanguage":"da-DK","potentialAction":[{"@type":"ReadAction","target":["https:\/\/kunmedierne.dk\/mors\/rekruttering-i-hjemmeplejen\/"]}]},{"@type":"ImageObject","inLanguage":"da-DK","@id":"https:\/\/kunmedierne.dk\/mors\/rekruttering-i-hjemmeplejen\/#primaryimage","url":"https:\/\/kunmedierne.dk\/mors\/wp-content\/uploads\/2021\/04\/thomas-dahlgaard.jpg","contentUrl":"https:\/\/kunmedierne.dk\/mors\/wp-content\/uploads\/2021\/04\/thomas-dahlgaard.jpg","width":770,"height":513,"caption":"Thomas Dahlgaard, kandidat for Venstre ved kommunalvalget i november. Foto: Venstre Mors"},{"@type":"BreadcrumbList","@id":"https:\/\/kunmedierne.dk\/mors\/rekruttering-i-hjemmeplejen\/#breadcrumb","itemListElement":[{"@type":"ListItem","position":1,"name":"Hjem","item":"https:\/\/kunmedierne.dk\/mors\/"},{"@type":"ListItem","position":2,"name":"&#8211; Rekruttering i Hjemmeplejen"}]},{"@type":"WebSite","@id":"https:\/\/kunmedierne.dk\/mors\/#website","url":"https:\/\/kunmedierne.dk\/mors\/","name":"Mors","description":"et netmedie med journalistik om livet p\u00e5 Mors","publisher":{"@id":"https:\/\/kunmedierne.dk\/mors\/#organization"},"potentialAction":[{"@type":"SearchAction","target":{"@type":"EntryPoint","urlTemplate":"https:\/\/kunmedierne.dk\/mors\/?s={search_term_string}"},"query-input":{"@type":"PropertyValueSpecification","valueRequired":true,"valueName":"search_term_string"}}],"inLanguage":"da-DK"},{"@type":"Organization","@id":"https:\/\/kunmedierne.dk\/mors\/#organization","name":"Mors","url":"https:\/\/kunmedierne.dk\/mors\/","logo":{"@type":"ImageObject","inLanguage":"da-DK","@id":"https:\/\/kunmedierne.dk\/mors\/#\/schema\/logo\/image\/","url":"https:\/\/kunmedierne.dk\/mors\/wp-content\/uploads\/2024\/08\/kunmors-logo.svg","contentUrl":"https:\/\/kunmedierne.dk\/mors\/wp-content\/uploads\/2024\/08\/kunmors-logo.svg","caption":"Mors"},"image":{"@id":"https:\/\/kunmedierne.dk\/mors\/#\/schema\/logo\/image\/"}},{"@type":"Person","@id":"https:\/\/kunmedierne.dk\/mors\/#\/schema\/person\/84c1391bce0b43b9bb3a49736bc0ad78","name":"Debat","image":{"@type":"ImageObject","inLanguage":"da-DK","@id":"https:\/\/kunmedierne.dk\/mors\/#\/schema\/person\/image\/","url":"https:\/\/secure.gravatar.com\/avatar\/b0fb2e221d618f7c65162ab0d49c7e8a0b580c871ca03af90e42b47b4150654c?s=96&d=mm&r=g","contentUrl":"https:\/\/secure.gravatar.com\/avatar\/b0fb2e221d618f7c65162ab0d49c7e8a0b580c871ca03af90e42b47b4150654c?s=96&d=mm&r=g","caption":"Debat"},"url":"https:\/\/kunmedierne.dk\/mors\/author\/debat\/"}]}},"_links":{"self":[{"href":"https:\/\/kunmedierne.dk\/mors\/wp-json\/wp\/v2\/posts\/55756","targetHints":{"allow":["GET"]}}],"collection":[{"href":"https:\/\/kunmedierne.dk\/mors\/wp-json\/wp\/v2\/posts"}],"about":[{"href":"https:\/\/kunmedierne.dk\/mors\/wp-json\/wp\/v2\/types\/post"}],"author":[{"embeddable":true,"href":"https:\/\/kunmedierne.dk\/mors\/wp-json\/wp\/v2\/users\/11"}],"replies":[{"embeddable":true,"href":"https:\/\/kunmedierne.dk\/mors\/wp-json\/wp\/v2\/comments?post=55756"}],"version-history":[{"count":1,"href":"https:\/\/kunmedierne.dk\/mors\/wp-json\/wp\/v2\/posts\/55756\/revisions"}],"predecessor-version":[{"id":55757,"href":"https:\/\/kunmedierne.dk\/mors\/wp-json\/wp\/v2\/posts\/55756\/revisions\/55757"}],"wp:featuredmedia":[{"embeddable":true,"href":"https:\/\/kunmedierne.dk\/mors\/wp-json\/wp\/v2\/media\/43014"}],"wp:attachment":[{"href":"https:\/\/kunmedierne.dk\/mors\/wp-json\/wp\/v2\/media?parent=55756"}],"wp:term":[{"taxonomy":"category","embeddable":true,"href":"https:\/\/kunmedierne.dk\/mors\/wp-json\/wp\/v2\/categories?post=55756"},{"taxonomy":"post_tag","embeddable":true,"href":"https:\/\/kunmedierne.dk\/mors\/wp-json\/wp\/v2\/tags?post=55756"}],"curies":[{"name":"wp","href":"https:\/\/api.w.org\/{rel}","templated":true}]}}