{"id":55746,"date":"2021-10-26T22:47:16","date_gmt":"2021-10-26T20:47:16","guid":{"rendered":"https:\/\/kunmedierne.dk\/mors\/?p=55746"},"modified":"2024-08-12T13:35:59","modified_gmt":"2024-08-12T11:35:59","slug":"styrk-den-mentale-sundhed-med-et-psykiatriens-hus","status":"publish","type":"post","link":"https:\/\/kunmedierne.dk\/mors\/styrk-den-mentale-sundhed-med-et-psykiatriens-hus\/","title":{"rendered":"&#8211; Styrk den mentale sundhed med et Psykiatriens Hus"},"content":{"rendered":"<p><em>Debatindl\u00e6g fra Ingerliva Frii\u00f8, kandidat for Enhedslisten ved Kommunalvalg 2021:<\/em><\/p>\n<hr \/>\n<p><strong>MORS<\/strong>:\u00a0Enhedslisten Mors\u00f8 \u00f8nsker at etablere et Psykiatriens Hus p\u00e5 Mors. Et hus med den samme indgang for borgeren hvad enten man skal til ambulant behandling i den regionale psykiatri eller deltage i et kommunalt forl\u00f8b.<\/p>\n<p>For en borger med psykisk s\u00e5rbarhed er det afg\u00f8rende, at livet bliver s\u00e5 overskueligt som muligt &#8211; at steder og omgivelser er kendte. Det er faktisk ofte afg\u00f8rende for, om en psykisk s\u00e5rbar borger kommer af sted til sine aftaler.<\/p>\n<p>Regeringen har fremlagt forslag om flere decentrale behandlinger. I Enhedslisten ser vi frem til, at den regionale behandling, der ikke kr\u00e6ver indl\u00e6ggelse, kan foreg\u00e5 p\u00e5 Mors.<\/p>\n<p><img loading=\"lazy\" decoding=\"async\" class=\"alignleft size-full wp-image-46600\" src=\"https:\/\/kunmedierne.dk\/mors\/wp-content\/uploads\/2021\/06\/t09.jpg\" alt=\"\" width=\"1400\" height=\"125\" srcset=\"https:\/\/kunmedierne.dk\/mors\/wp-content\/uploads\/2021\/06\/t09.jpg 1400w, https:\/\/kunmedierne.dk\/mors\/wp-content\/uploads\/2021\/06\/t09-300x27.jpg 300w, https:\/\/kunmedierne.dk\/mors\/wp-content\/uploads\/2021\/06\/t09-1024x91.jpg 1024w, https:\/\/kunmedierne.dk\/mors\/wp-content\/uploads\/2021\/06\/t09-768x69.jpg 768w, https:\/\/kunmedierne.dk\/mors\/wp-content\/uploads\/2021\/06\/t09-600x54.jpg 600w\" sizes=\"auto, (max-width: 1400px) 100vw, 1400px\" \/>Det kommunale aktivitets- og samv\u00e6rstilbud for psykisk s\u00e5rbare borgere b\u00f8r ogs\u00e5 v\u00e6re en del af et Psykiatriens Hus. Tilbuddet er i dag en sammenblanding af borgere med vidt forskellige behov. I dag g\u00e6lder det samme tilbud b\u00e5de for udviklingsh\u00e6mmede og psykisk s\u00e5rbare; det b\u00f8r derfor deles i to forskellige tilbud!<\/p>\n<p>I et Psykiatriens Hus skal der ogs\u00e5 v\u00e6re \u00e5bne forebyggende sundhedstilbud i form af gruppeforl\u00f8b for lettere stress- eller depressionsramte. Tilbud der kan forebygge, at tilstande udvikler sig til egentlig psykisk sygdom.<\/p>\n<p>Fordelen ved at samle alt i \u00e9t hus er, at man hurtigere og mere smidigt kan tilbyde borgeren og de p\u00e5r\u00f8rende det mest hensigtsm\u00e6ssige tilbud. En anden fordel er, at ansatte kan udveksle erfaringer og f\u00e5 faglig sparring.<\/p>\n<p><a href=\"https:\/\/konpap.dk\/\"><img loading=\"lazy\" decoding=\"async\" class=\"alignleft size-full wp-image-49328\" src=\"https:\/\/kunmedierne.dk\/mors\/wp-content\/uploads\/2021\/07\/t10.jpg\" alt=\"\" width=\"1400\" height=\"125\" srcset=\"https:\/\/kunmedierne.dk\/mors\/wp-content\/uploads\/2021\/07\/t10.jpg 1400w, https:\/\/kunmedierne.dk\/mors\/wp-content\/uploads\/2021\/07\/t10-300x27.jpg 300w, https:\/\/kunmedierne.dk\/mors\/wp-content\/uploads\/2021\/07\/t10-1024x91.jpg 1024w, https:\/\/kunmedierne.dk\/mors\/wp-content\/uploads\/2021\/07\/t10-768x69.jpg 768w, https:\/\/kunmedierne.dk\/mors\/wp-content\/uploads\/2021\/07\/t10-600x54.jpg 600w\" sizes=\"auto, (max-width: 1400px) 100vw, 1400px\" \/><\/a>Enhedslisten\u00a0foresl\u00e5r,\u00a0at der\u00a0etableres et\u00a0Psykiatriens Hus\u00a0p\u00e5 Sundhedscentret, hvor alle kommunale og regionale tilbud om forebyggelse, behandling, rehabilitering og recovery samles.<\/p>\n<p>Et samlet Psykiatriens Hus vil gavne psykisk s\u00e5rbare borgere, p\u00e5r\u00f8rende og ansatte med en sammenh\u00e6ngende indsats med \u00e9n indgang.<\/p>\n<hr \/>\n<p><em>Har du et bidrag til den lokale debat? Send det til os p\u00e5 e-mail: debat@kunmedierne.dk\/mors. Husk at l\u00e6se korrektur inden afsendelse p\u00e5 indl\u00e6gget.<\/em><\/p>\n","protected":false},"excerpt":{"rendered":"<p>Debatindl\u00e6g fra Ingerliva Frii\u00f8, kandidat for Enhedslisten ved Kommunalvalg 2021: MORS:\u00a0Enhedslisten Mors\u00f8 \u00f8nsker at etablere et Psykiatriens Hus p\u00e5 Mors. Et hus med den samme indgang for borgeren hvad enten man skal til ambulant behandling i den regionale psykiatri eller deltage i et kommunalt forl\u00f8b. For en borger med psykisk s\u00e5rbarhed er det afg\u00f8rende, at [&hellip;]<\/p>\n","protected":false},"author":11,"featured_media":55747,"comment_status":"open","ping_status":"open","sticky":false,"template":"","format":"standard","meta":{"_acf_changed":false,"footnotes":""},"categories":[56],"tags":[167],"class_list":["post-55746","post","type-post","status-publish","format-standard","has-post-thumbnail","hentry","category-debat","tag-politik"],"acf":[],"yoast_head":"<!-- This site is optimized with the Yoast SEO plugin v26.8 - https:\/\/yoast.com\/product\/yoast-seo-wordpress\/ -->\n<title>- Styrk den mentale sundhed med et Psykiatriens Hus - Mors<\/title>\n<meta name=\"robots\" content=\"index, follow, max-snippet:-1, max-image-preview:large, max-video-preview:-1\" \/>\n<link rel=\"canonical\" href=\"https:\/\/kunmedierne.dk\/mors\/styrk-den-mentale-sundhed-med-et-psykiatriens-hus\/\" \/>\n<meta property=\"og:locale\" content=\"da_DK\" \/>\n<meta property=\"og:type\" content=\"article\" \/>\n<meta property=\"og:title\" content=\"- Styrk den mentale sundhed med et Psykiatriens Hus - Mors\" \/>\n<meta property=\"og:description\" content=\"Debatindl\u00e6g fra Ingerliva Frii\u00f8, kandidat for Enhedslisten ved Kommunalvalg 2021: MORS:\u00a0Enhedslisten Mors\u00f8 \u00f8nsker at etablere et Psykiatriens Hus p\u00e5 Mors. Et hus med den samme indgang for borgeren hvad enten man skal til ambulant behandling i den regionale psykiatri eller deltage i et kommunalt forl\u00f8b. For en borger med psykisk s\u00e5rbarhed er det afg\u00f8rende, at [&hellip;]\" \/>\n<meta property=\"og:url\" content=\"https:\/\/kunmedierne.dk\/mors\/styrk-den-mentale-sundhed-med-et-psykiatriens-hus\/\" \/>\n<meta property=\"og:site_name\" content=\"Mors\" \/>\n<meta property=\"article:published_time\" content=\"2021-10-26T20:47:16+00:00\" \/>\n<meta property=\"article:modified_time\" content=\"2024-08-12T11:35:59+00:00\" \/>\n<meta property=\"og:image\" content=\"https:\/\/kunmedierne.dk\/mors\/wp-content\/uploads\/2021\/10\/Ingerliva-Friioe.jpg\" \/>\n\t<meta property=\"og:image:width\" content=\"770\" \/>\n\t<meta property=\"og:image:height\" content=\"513\" \/>\n\t<meta property=\"og:image:type\" content=\"image\/jpeg\" \/>\n<meta name=\"author\" content=\"Debat\" \/>\n<meta name=\"twitter:card\" content=\"summary_large_image\" \/>\n<meta name=\"twitter:label1\" content=\"Skrevet af\" \/>\n\t<meta name=\"twitter:data1\" content=\"Debat\" \/>\n\t<meta name=\"twitter:label2\" content=\"Estimeret l\u00e6setid\" \/>\n\t<meta name=\"twitter:data2\" content=\"2 minutter\" \/>\n<script type=\"application\/ld+json\" class=\"yoast-schema-graph\">{\"@context\":\"https:\/\/schema.org\",\"@graph\":[{\"@type\":\"Article\",\"@id\":\"https:\/\/kunmedierne.dk\/mors\/styrk-den-mentale-sundhed-med-et-psykiatriens-hus\/#article\",\"isPartOf\":{\"@id\":\"https:\/\/kunmedierne.dk\/mors\/styrk-den-mentale-sundhed-med-et-psykiatriens-hus\/\"},\"author\":{\"name\":\"Debat\",\"@id\":\"https:\/\/kunmedierne.dk\/mors\/#\/schema\/person\/84c1391bce0b43b9bb3a49736bc0ad78\"},\"headline\":\"&#8211; Styrk den mentale sundhed med et Psykiatriens Hus\",\"datePublished\":\"2021-10-26T20:47:16+00:00\",\"dateModified\":\"2024-08-12T11:35:59+00:00\",\"mainEntityOfPage\":{\"@id\":\"https:\/\/kunmedierne.dk\/mors\/styrk-den-mentale-sundhed-med-et-psykiatriens-hus\/\"},\"wordCount\":336,\"commentCount\":0,\"publisher\":{\"@id\":\"https:\/\/kunmedierne.dk\/mors\/#organization\"},\"image\":{\"@id\":\"https:\/\/kunmedierne.dk\/mors\/styrk-den-mentale-sundhed-med-et-psykiatriens-hus\/#primaryimage\"},\"thumbnailUrl\":\"https:\/\/kunmedierne.dk\/mors\/wp-content\/uploads\/2021\/10\/Ingerliva-Friioe.jpg\",\"keywords\":[\"Politik\"],\"articleSection\":[\"Debat\"],\"inLanguage\":\"da-DK\",\"potentialAction\":[{\"@type\":\"CommentAction\",\"name\":\"Comment\",\"target\":[\"https:\/\/kunmedierne.dk\/mors\/styrk-den-mentale-sundhed-med-et-psykiatriens-hus\/#respond\"]}]},{\"@type\":\"WebPage\",\"@id\":\"https:\/\/kunmedierne.dk\/mors\/styrk-den-mentale-sundhed-med-et-psykiatriens-hus\/\",\"url\":\"https:\/\/kunmedierne.dk\/mors\/styrk-den-mentale-sundhed-med-et-psykiatriens-hus\/\",\"name\":\"- Styrk den mentale sundhed med et Psykiatriens Hus - Mors\",\"isPartOf\":{\"@id\":\"https:\/\/kunmedierne.dk\/mors\/#website\"},\"primaryImageOfPage\":{\"@id\":\"https:\/\/kunmedierne.dk\/mors\/styrk-den-mentale-sundhed-med-et-psykiatriens-hus\/#primaryimage\"},\"image\":{\"@id\":\"https:\/\/kunmedierne.dk\/mors\/styrk-den-mentale-sundhed-med-et-psykiatriens-hus\/#primaryimage\"},\"thumbnailUrl\":\"https:\/\/kunmedierne.dk\/mors\/wp-content\/uploads\/2021\/10\/Ingerliva-Friioe.jpg\",\"datePublished\":\"2021-10-26T20:47:16+00:00\",\"dateModified\":\"2024-08-12T11:35:59+00:00\",\"breadcrumb\":{\"@id\":\"https:\/\/kunmedierne.dk\/mors\/styrk-den-mentale-sundhed-med-et-psykiatriens-hus\/#breadcrumb\"},\"inLanguage\":\"da-DK\",\"potentialAction\":[{\"@type\":\"ReadAction\",\"target\":[\"https:\/\/kunmedierne.dk\/mors\/styrk-den-mentale-sundhed-med-et-psykiatriens-hus\/\"]}]},{\"@type\":\"ImageObject\",\"inLanguage\":\"da-DK\",\"@id\":\"https:\/\/kunmedierne.dk\/mors\/styrk-den-mentale-sundhed-med-et-psykiatriens-hus\/#primaryimage\",\"url\":\"https:\/\/kunmedierne.dk\/mors\/wp-content\/uploads\/2021\/10\/Ingerliva-Friioe.jpg\",\"contentUrl\":\"https:\/\/kunmedierne.dk\/mors\/wp-content\/uploads\/2021\/10\/Ingerliva-Friioe.jpg\",\"width\":770,\"height\":513,\"caption\":\"Ingerliva Frii\u00f8, kandidat for Enhedslisten ved Kommunalvalg 2021.\"},{\"@type\":\"BreadcrumbList\",\"@id\":\"https:\/\/kunmedierne.dk\/mors\/styrk-den-mentale-sundhed-med-et-psykiatriens-hus\/#breadcrumb\",\"itemListElement\":[{\"@type\":\"ListItem\",\"position\":1,\"name\":\"Hjem\",\"item\":\"https:\/\/kunmedierne.dk\/mors\/\"},{\"@type\":\"ListItem\",\"position\":2,\"name\":\"&#8211; Styrk den mentale sundhed med et Psykiatriens Hus\"}]},{\"@type\":\"WebSite\",\"@id\":\"https:\/\/kunmedierne.dk\/mors\/#website\",\"url\":\"https:\/\/kunmedierne.dk\/mors\/\",\"name\":\"Mors\",\"description\":\"et netmedie med journalistik om livet p\u00e5 Mors\",\"publisher\":{\"@id\":\"https:\/\/kunmedierne.dk\/mors\/#organization\"},\"potentialAction\":[{\"@type\":\"SearchAction\",\"target\":{\"@type\":\"EntryPoint\",\"urlTemplate\":\"https:\/\/kunmedierne.dk\/mors\/?s={search_term_string}\"},\"query-input\":{\"@type\":\"PropertyValueSpecification\",\"valueRequired\":true,\"valueName\":\"search_term_string\"}}],\"inLanguage\":\"da-DK\"},{\"@type\":\"Organization\",\"@id\":\"https:\/\/kunmedierne.dk\/mors\/#organization\",\"name\":\"Mors\",\"url\":\"https:\/\/kunmedierne.dk\/mors\/\",\"logo\":{\"@type\":\"ImageObject\",\"inLanguage\":\"da-DK\",\"@id\":\"https:\/\/kunmedierne.dk\/mors\/#\/schema\/logo\/image\/\",\"url\":\"https:\/\/kunmedierne.dk\/mors\/wp-content\/uploads\/2024\/08\/kunmors-logo.svg\",\"contentUrl\":\"https:\/\/kunmedierne.dk\/mors\/wp-content\/uploads\/2024\/08\/kunmors-logo.svg\",\"caption\":\"Mors\"},\"image\":{\"@id\":\"https:\/\/kunmedierne.dk\/mors\/#\/schema\/logo\/image\/\"}},{\"@type\":\"Person\",\"@id\":\"https:\/\/kunmedierne.dk\/mors\/#\/schema\/person\/84c1391bce0b43b9bb3a49736bc0ad78\",\"name\":\"Debat\",\"image\":{\"@type\":\"ImageObject\",\"inLanguage\":\"da-DK\",\"@id\":\"https:\/\/kunmedierne.dk\/mors\/#\/schema\/person\/image\/\",\"url\":\"https:\/\/secure.gravatar.com\/avatar\/b0fb2e221d618f7c65162ab0d49c7e8a0b580c871ca03af90e42b47b4150654c?s=96&d=mm&r=g\",\"contentUrl\":\"https:\/\/secure.gravatar.com\/avatar\/b0fb2e221d618f7c65162ab0d49c7e8a0b580c871ca03af90e42b47b4150654c?s=96&d=mm&r=g\",\"caption\":\"Debat\"},\"url\":\"https:\/\/kunmedierne.dk\/mors\/author\/debat\/\"}]}<\/script>\n<!-- \/ Yoast SEO plugin. -->","yoast_head_json":{"title":"- Styrk den mentale sundhed med et Psykiatriens Hus - Mors","robots":{"index":"index","follow":"follow","max-snippet":"max-snippet:-1","max-image-preview":"max-image-preview:large","max-video-preview":"max-video-preview:-1"},"canonical":"https:\/\/kunmedierne.dk\/mors\/styrk-den-mentale-sundhed-med-et-psykiatriens-hus\/","og_locale":"da_DK","og_type":"article","og_title":"- Styrk den mentale sundhed med et Psykiatriens Hus - Mors","og_description":"Debatindl\u00e6g fra Ingerliva Frii\u00f8, kandidat for Enhedslisten ved Kommunalvalg 2021: MORS:\u00a0Enhedslisten Mors\u00f8 \u00f8nsker at etablere et Psykiatriens Hus p\u00e5 Mors. Et hus med den samme indgang for borgeren hvad enten man skal til ambulant behandling i den regionale psykiatri eller deltage i et kommunalt forl\u00f8b. For en borger med psykisk s\u00e5rbarhed er det afg\u00f8rende, at [&hellip;]","og_url":"https:\/\/kunmedierne.dk\/mors\/styrk-den-mentale-sundhed-med-et-psykiatriens-hus\/","og_site_name":"Mors","article_published_time":"2021-10-26T20:47:16+00:00","article_modified_time":"2024-08-12T11:35:59+00:00","og_image":[{"width":770,"height":513,"url":"https:\/\/kunmedierne.dk\/mors\/wp-content\/uploads\/2021\/10\/Ingerliva-Friioe.jpg","type":"image\/jpeg"}],"author":"Debat","twitter_card":"summary_large_image","twitter_misc":{"Skrevet af":"Debat","Estimeret l\u00e6setid":"2 minutter"},"schema":{"@context":"https:\/\/schema.org","@graph":[{"@type":"Article","@id":"https:\/\/kunmedierne.dk\/mors\/styrk-den-mentale-sundhed-med-et-psykiatriens-hus\/#article","isPartOf":{"@id":"https:\/\/kunmedierne.dk\/mors\/styrk-den-mentale-sundhed-med-et-psykiatriens-hus\/"},"author":{"name":"Debat","@id":"https:\/\/kunmedierne.dk\/mors\/#\/schema\/person\/84c1391bce0b43b9bb3a49736bc0ad78"},"headline":"&#8211; Styrk den mentale sundhed med et Psykiatriens Hus","datePublished":"2021-10-26T20:47:16+00:00","dateModified":"2024-08-12T11:35:59+00:00","mainEntityOfPage":{"@id":"https:\/\/kunmedierne.dk\/mors\/styrk-den-mentale-sundhed-med-et-psykiatriens-hus\/"},"wordCount":336,"commentCount":0,"publisher":{"@id":"https:\/\/kunmedierne.dk\/mors\/#organization"},"image":{"@id":"https:\/\/kunmedierne.dk\/mors\/styrk-den-mentale-sundhed-med-et-psykiatriens-hus\/#primaryimage"},"thumbnailUrl":"https:\/\/kunmedierne.dk\/mors\/wp-content\/uploads\/2021\/10\/Ingerliva-Friioe.jpg","keywords":["Politik"],"articleSection":["Debat"],"inLanguage":"da-DK","potentialAction":[{"@type":"CommentAction","name":"Comment","target":["https:\/\/kunmedierne.dk\/mors\/styrk-den-mentale-sundhed-med-et-psykiatriens-hus\/#respond"]}]},{"@type":"WebPage","@id":"https:\/\/kunmedierne.dk\/mors\/styrk-den-mentale-sundhed-med-et-psykiatriens-hus\/","url":"https:\/\/kunmedierne.dk\/mors\/styrk-den-mentale-sundhed-med-et-psykiatriens-hus\/","name":"- Styrk den mentale sundhed med et Psykiatriens Hus - Mors","isPartOf":{"@id":"https:\/\/kunmedierne.dk\/mors\/#website"},"primaryImageOfPage":{"@id":"https:\/\/kunmedierne.dk\/mors\/styrk-den-mentale-sundhed-med-et-psykiatriens-hus\/#primaryimage"},"image":{"@id":"https:\/\/kunmedierne.dk\/mors\/styrk-den-mentale-sundhed-med-et-psykiatriens-hus\/#primaryimage"},"thumbnailUrl":"https:\/\/kunmedierne.dk\/mors\/wp-content\/uploads\/2021\/10\/Ingerliva-Friioe.jpg","datePublished":"2021-10-26T20:47:16+00:00","dateModified":"2024-08-12T11:35:59+00:00","breadcrumb":{"@id":"https:\/\/kunmedierne.dk\/mors\/styrk-den-mentale-sundhed-med-et-psykiatriens-hus\/#breadcrumb"},"inLanguage":"da-DK","potentialAction":[{"@type":"ReadAction","target":["https:\/\/kunmedierne.dk\/mors\/styrk-den-mentale-sundhed-med-et-psykiatriens-hus\/"]}]},{"@type":"ImageObject","inLanguage":"da-DK","@id":"https:\/\/kunmedierne.dk\/mors\/styrk-den-mentale-sundhed-med-et-psykiatriens-hus\/#primaryimage","url":"https:\/\/kunmedierne.dk\/mors\/wp-content\/uploads\/2021\/10\/Ingerliva-Friioe.jpg","contentUrl":"https:\/\/kunmedierne.dk\/mors\/wp-content\/uploads\/2021\/10\/Ingerliva-Friioe.jpg","width":770,"height":513,"caption":"Ingerliva Frii\u00f8, kandidat for Enhedslisten ved Kommunalvalg 2021."},{"@type":"BreadcrumbList","@id":"https:\/\/kunmedierne.dk\/mors\/styrk-den-mentale-sundhed-med-et-psykiatriens-hus\/#breadcrumb","itemListElement":[{"@type":"ListItem","position":1,"name":"Hjem","item":"https:\/\/kunmedierne.dk\/mors\/"},{"@type":"ListItem","position":2,"name":"&#8211; Styrk den mentale sundhed med et Psykiatriens Hus"}]},{"@type":"WebSite","@id":"https:\/\/kunmedierne.dk\/mors\/#website","url":"https:\/\/kunmedierne.dk\/mors\/","name":"Mors","description":"et netmedie med journalistik om livet p\u00e5 Mors","publisher":{"@id":"https:\/\/kunmedierne.dk\/mors\/#organization"},"potentialAction":[{"@type":"SearchAction","target":{"@type":"EntryPoint","urlTemplate":"https:\/\/kunmedierne.dk\/mors\/?s={search_term_string}"},"query-input":{"@type":"PropertyValueSpecification","valueRequired":true,"valueName":"search_term_string"}}],"inLanguage":"da-DK"},{"@type":"Organization","@id":"https:\/\/kunmedierne.dk\/mors\/#organization","name":"Mors","url":"https:\/\/kunmedierne.dk\/mors\/","logo":{"@type":"ImageObject","inLanguage":"da-DK","@id":"https:\/\/kunmedierne.dk\/mors\/#\/schema\/logo\/image\/","url":"https:\/\/kunmedierne.dk\/mors\/wp-content\/uploads\/2024\/08\/kunmors-logo.svg","contentUrl":"https:\/\/kunmedierne.dk\/mors\/wp-content\/uploads\/2024\/08\/kunmors-logo.svg","caption":"Mors"},"image":{"@id":"https:\/\/kunmedierne.dk\/mors\/#\/schema\/logo\/image\/"}},{"@type":"Person","@id":"https:\/\/kunmedierne.dk\/mors\/#\/schema\/person\/84c1391bce0b43b9bb3a49736bc0ad78","name":"Debat","image":{"@type":"ImageObject","inLanguage":"da-DK","@id":"https:\/\/kunmedierne.dk\/mors\/#\/schema\/person\/image\/","url":"https:\/\/secure.gravatar.com\/avatar\/b0fb2e221d618f7c65162ab0d49c7e8a0b580c871ca03af90e42b47b4150654c?s=96&d=mm&r=g","contentUrl":"https:\/\/secure.gravatar.com\/avatar\/b0fb2e221d618f7c65162ab0d49c7e8a0b580c871ca03af90e42b47b4150654c?s=96&d=mm&r=g","caption":"Debat"},"url":"https:\/\/kunmedierne.dk\/mors\/author\/debat\/"}]}},"_links":{"self":[{"href":"https:\/\/kunmedierne.dk\/mors\/wp-json\/wp\/v2\/posts\/55746","targetHints":{"allow":["GET"]}}],"collection":[{"href":"https:\/\/kunmedierne.dk\/mors\/wp-json\/wp\/v2\/posts"}],"about":[{"href":"https:\/\/kunmedierne.dk\/mors\/wp-json\/wp\/v2\/types\/post"}],"author":[{"embeddable":true,"href":"https:\/\/kunmedierne.dk\/mors\/wp-json\/wp\/v2\/users\/11"}],"replies":[{"embeddable":true,"href":"https:\/\/kunmedierne.dk\/mors\/wp-json\/wp\/v2\/comments?post=55746"}],"version-history":[{"count":1,"href":"https:\/\/kunmedierne.dk\/mors\/wp-json\/wp\/v2\/posts\/55746\/revisions"}],"predecessor-version":[{"id":55748,"href":"https:\/\/kunmedierne.dk\/mors\/wp-json\/wp\/v2\/posts\/55746\/revisions\/55748"}],"wp:featuredmedia":[{"embeddable":true,"href":"https:\/\/kunmedierne.dk\/mors\/wp-json\/wp\/v2\/media\/55747"}],"wp:attachment":[{"href":"https:\/\/kunmedierne.dk\/mors\/wp-json\/wp\/v2\/media?parent=55746"}],"wp:term":[{"taxonomy":"category","embeddable":true,"href":"https:\/\/kunmedierne.dk\/mors\/wp-json\/wp\/v2\/categories?post=55746"},{"taxonomy":"post_tag","embeddable":true,"href":"https:\/\/kunmedierne.dk\/mors\/wp-json\/wp\/v2\/tags?post=55746"}],"curies":[{"name":"wp","href":"https:\/\/api.w.org\/{rel}","templated":true}]}}