{"id":55627,"date":"2021-10-25T15:42:51","date_gmt":"2021-10-25T13:42:51","guid":{"rendered":"https:\/\/kunmedierne.dk\/mors\/?p=55627"},"modified":"2024-08-12T13:36:00","modified_gmt":"2024-08-12T11:36:00","slug":"svar-til-steen-klaerke","status":"publish","type":"post","link":"https:\/\/kunmedierne.dk\/mors\/svar-til-steen-klaerke\/","title":{"rendered":"&#8211; Svar til Steen Kl\u00e6rke"},"content":{"rendered":"<p><em>Debatindl\u00e6g fra John Christiansen, medlem af kommunalbestyrelsen og kandidat for Socialdemokratiet ved Kommunalvalg 2021:<\/em><\/p>\n<hr \/>\n<p><strong>MORS<\/strong>:\u00a0Under overskriften, Mors\u00f8 kommune taber ankesager, har Steen Kl\u00e6rke, kandidat for Enhedslisten, <a href=\"https:\/\/kunmedierne.dk\/morsoe-kommune-taber-ankesager\/\" target=\"_blank\" rel=\"noopener\">et debatindl\u00e6g<\/a> i samtlige elektroniske medier her p\u00e5 Mors.<\/p>\n<p>Blandt andet henviser Steen Kl\u00e6rke til en artikel i Nordjyske fra d 29 sept. Hvor han ganske korrekt skriver at jeg mener at borgerne bliver hjulpet ud over alle gr\u00e6nser, med at anke sagerne, og at det er vigtigt at f\u00e5 afpr\u00f8vet hvor gr\u00e6nserne g\u00e5r. S\u00e5 kan kommunen jo ogs\u00e5 slippe for at betale.<\/p>\n<p>Jeg er n\u00f8dt til at anf\u00f8re, at den sidste s\u00e6tning \u201dS\u00e5 kan kommunen jo ogs\u00e5 slippe for at betale\u201d er anf\u00f8rt af Steen Kl\u00e6rke, det har jeg aldrig sagt, og jeg syntes at n\u00e5r man skal f\u00f8re valgkamp skal det v\u00e6re p\u00e5 et \u00e6rligt og sagligt grundlag.<\/p>\n<p><a href=\"https:\/\/www.braendselsforeningen.dk\/\"><img loading=\"lazy\" decoding=\"async\" class=\"alignleft size-full wp-image-46597\" src=\"https:\/\/kunmedierne.dk\/mors\/wp-content\/uploads\/2021\/06\/t06.jpg\" alt=\"\" width=\"1425\" height=\"127\" srcset=\"https:\/\/kunmedierne.dk\/mors\/wp-content\/uploads\/2021\/06\/t06.jpg 1425w, https:\/\/kunmedierne.dk\/mors\/wp-content\/uploads\/2021\/06\/t06-300x27.jpg 300w, https:\/\/kunmedierne.dk\/mors\/wp-content\/uploads\/2021\/06\/t06-1024x91.jpg 1024w, https:\/\/kunmedierne.dk\/mors\/wp-content\/uploads\/2021\/06\/t06-768x68.jpg 768w, https:\/\/kunmedierne.dk\/mors\/wp-content\/uploads\/2021\/06\/t06-600x53.jpg 600w\" sizes=\"auto, (max-width: 1425px) 100vw, 1425px\" \/><\/a>N\u00e5r det s\u00e5 er sagt, vil jeg henholde mig til sagen og fakta, selvf\u00f8lgelig vil Mors\u00f8 Kommune f\u00e5 nogle sager omgjort, det kan ganske enkelt ikke undg\u00e5s, og skulle vi undg\u00e5 det, tror jeg ikke arbejdet bliver gjort godt nok. Det er det jeg mener med at pr\u00f8ve gr\u00e6nser af.<\/p>\n<p>Og for mig som Socialdemokratisk kandidat er der selvf\u00f8lgelig ingen tvivl, borgerne skal have hver en krone de har krav p\u00e5, hverken mere eller mindre, det m\u00e5 aldrig blive kasset\u00e6nkning.<\/p>\n<p>Til sidst skriver Steen Kl\u00e6rke at det er de st\u00e6rkeste der klager, det har han ret i, men de mest udsatte, skal nok f\u00e5 den n\u00f8dvendige hj\u00e6lp hos kommunens borgerservice, hos deres fagforening eller hos andre interesseorganisationer.<\/p>\n<p>Med h\u00e5bet om en god og sober valgkamp.<\/p>\n<hr \/>\n<p><em>Har du et bidrag til den lokale debat? Send det til os p\u00e5 e-mail: debat@kunmedierne.dk\/mors. Husk at l\u00e6se korrektur inden afsendelse p\u00e5 indl\u00e6gget.<\/em><\/p>\n","protected":false},"excerpt":{"rendered":"<p>Debatindl\u00e6g fra John Christiansen, medlem af kommunalbestyrelsen og kandidat for Socialdemokratiet ved Kommunalvalg 2021: MORS:\u00a0Under overskriften, Mors\u00f8 kommune taber ankesager, har Steen Kl\u00e6rke, kandidat for Enhedslisten, et debatindl\u00e6g i samtlige elektroniske medier her p\u00e5 Mors. Blandt andet henviser Steen Kl\u00e6rke til en artikel i Nordjyske fra d 29 sept. Hvor han ganske korrekt skriver at [&hellip;]<\/p>\n","protected":false},"author":11,"featured_media":45970,"comment_status":"open","ping_status":"open","sticky":false,"template":"","format":"standard","meta":{"_acf_changed":false,"footnotes":""},"categories":[56],"tags":[167],"class_list":["post-55627","post","type-post","status-publish","format-standard","has-post-thumbnail","hentry","category-debat","tag-politik"],"acf":[],"yoast_head":"<!-- This site is optimized with the Yoast SEO plugin v26.8 - https:\/\/yoast.com\/product\/yoast-seo-wordpress\/ -->\n<title>- Svar til Steen Kl\u00e6rke - Mors<\/title>\n<meta name=\"robots\" content=\"index, follow, max-snippet:-1, max-image-preview:large, max-video-preview:-1\" \/>\n<link rel=\"canonical\" href=\"https:\/\/kunmedierne.dk\/mors\/svar-til-steen-klaerke\/\" \/>\n<meta property=\"og:locale\" content=\"da_DK\" \/>\n<meta property=\"og:type\" content=\"article\" \/>\n<meta property=\"og:title\" content=\"- Svar til Steen Kl\u00e6rke - Mors\" \/>\n<meta property=\"og:description\" content=\"Debatindl\u00e6g fra John Christiansen, medlem af kommunalbestyrelsen og kandidat for Socialdemokratiet ved Kommunalvalg 2021: MORS:\u00a0Under overskriften, Mors\u00f8 kommune taber ankesager, har Steen Kl\u00e6rke, kandidat for Enhedslisten, et debatindl\u00e6g i samtlige elektroniske medier her p\u00e5 Mors. Blandt andet henviser Steen Kl\u00e6rke til en artikel i Nordjyske fra d 29 sept. Hvor han ganske korrekt skriver at [&hellip;]\" \/>\n<meta property=\"og:url\" content=\"https:\/\/kunmedierne.dk\/mors\/svar-til-steen-klaerke\/\" \/>\n<meta property=\"og:site_name\" content=\"Mors\" \/>\n<meta property=\"article:published_time\" content=\"2021-10-25T13:42:51+00:00\" \/>\n<meta property=\"article:modified_time\" content=\"2024-08-12T11:36:00+00:00\" \/>\n<meta property=\"og:image\" content=\"https:\/\/kunmedierne.dk\/mors\/wp-content\/uploads\/2021\/05\/DR7A7815-Kopi.jpg\" \/>\n\t<meta property=\"og:image:width\" content=\"770\" \/>\n\t<meta property=\"og:image:height\" content=\"513\" \/>\n\t<meta property=\"og:image:type\" content=\"image\/jpeg\" \/>\n<meta name=\"author\" content=\"Debat\" \/>\n<meta name=\"twitter:card\" content=\"summary_large_image\" \/>\n<meta name=\"twitter:label1\" content=\"Skrevet af\" \/>\n\t<meta name=\"twitter:data1\" content=\"Debat\" \/>\n\t<meta name=\"twitter:label2\" content=\"Estimeret l\u00e6setid\" \/>\n\t<meta name=\"twitter:data2\" content=\"2 minutter\" \/>\n<script type=\"application\/ld+json\" class=\"yoast-schema-graph\">{\"@context\":\"https:\/\/schema.org\",\"@graph\":[{\"@type\":\"Article\",\"@id\":\"https:\/\/kunmedierne.dk\/mors\/svar-til-steen-klaerke\/#article\",\"isPartOf\":{\"@id\":\"https:\/\/kunmedierne.dk\/mors\/svar-til-steen-klaerke\/\"},\"author\":{\"name\":\"Debat\",\"@id\":\"https:\/\/kunmedierne.dk\/mors\/#\/schema\/person\/84c1391bce0b43b9bb3a49736bc0ad78\"},\"headline\":\"&#8211; Svar til Steen Kl\u00e6rke\",\"datePublished\":\"2021-10-25T13:42:51+00:00\",\"dateModified\":\"2024-08-12T11:36:00+00:00\",\"mainEntityOfPage\":{\"@id\":\"https:\/\/kunmedierne.dk\/mors\/svar-til-steen-klaerke\/\"},\"wordCount\":321,\"commentCount\":0,\"publisher\":{\"@id\":\"https:\/\/kunmedierne.dk\/mors\/#organization\"},\"image\":{\"@id\":\"https:\/\/kunmedierne.dk\/mors\/svar-til-steen-klaerke\/#primaryimage\"},\"thumbnailUrl\":\"https:\/\/kunmedierne.dk\/mors\/wp-content\/uploads\/2021\/05\/DR7A7815-Kopi.jpg\",\"keywords\":[\"Politik\"],\"articleSection\":[\"Debat\"],\"inLanguage\":\"da-DK\",\"potentialAction\":[{\"@type\":\"CommentAction\",\"name\":\"Comment\",\"target\":[\"https:\/\/kunmedierne.dk\/mors\/svar-til-steen-klaerke\/#respond\"]}]},{\"@type\":\"WebPage\",\"@id\":\"https:\/\/kunmedierne.dk\/mors\/svar-til-steen-klaerke\/\",\"url\":\"https:\/\/kunmedierne.dk\/mors\/svar-til-steen-klaerke\/\",\"name\":\"- Svar til Steen Kl\u00e6rke - Mors\",\"isPartOf\":{\"@id\":\"https:\/\/kunmedierne.dk\/mors\/#website\"},\"primaryImageOfPage\":{\"@id\":\"https:\/\/kunmedierne.dk\/mors\/svar-til-steen-klaerke\/#primaryimage\"},\"image\":{\"@id\":\"https:\/\/kunmedierne.dk\/mors\/svar-til-steen-klaerke\/#primaryimage\"},\"thumbnailUrl\":\"https:\/\/kunmedierne.dk\/mors\/wp-content\/uploads\/2021\/05\/DR7A7815-Kopi.jpg\",\"datePublished\":\"2021-10-25T13:42:51+00:00\",\"dateModified\":\"2024-08-12T11:36:00+00:00\",\"breadcrumb\":{\"@id\":\"https:\/\/kunmedierne.dk\/mors\/svar-til-steen-klaerke\/#breadcrumb\"},\"inLanguage\":\"da-DK\",\"potentialAction\":[{\"@type\":\"ReadAction\",\"target\":[\"https:\/\/kunmedierne.dk\/mors\/svar-til-steen-klaerke\/\"]}]},{\"@type\":\"ImageObject\",\"inLanguage\":\"da-DK\",\"@id\":\"https:\/\/kunmedierne.dk\/mors\/svar-til-steen-klaerke\/#primaryimage\",\"url\":\"https:\/\/kunmedierne.dk\/mors\/wp-content\/uploads\/2021\/05\/DR7A7815-Kopi.jpg\",\"contentUrl\":\"https:\/\/kunmedierne.dk\/mors\/wp-content\/uploads\/2021\/05\/DR7A7815-Kopi.jpg\",\"width\":770,\"height\":513,\"caption\":\"John Christiansen. Foto: Socialdemokratiet Mors\"},{\"@type\":\"BreadcrumbList\",\"@id\":\"https:\/\/kunmedierne.dk\/mors\/svar-til-steen-klaerke\/#breadcrumb\",\"itemListElement\":[{\"@type\":\"ListItem\",\"position\":1,\"name\":\"Hjem\",\"item\":\"https:\/\/kunmedierne.dk\/mors\/\"},{\"@type\":\"ListItem\",\"position\":2,\"name\":\"&#8211; Svar til Steen Kl\u00e6rke\"}]},{\"@type\":\"WebSite\",\"@id\":\"https:\/\/kunmedierne.dk\/mors\/#website\",\"url\":\"https:\/\/kunmedierne.dk\/mors\/\",\"name\":\"Mors\",\"description\":\"et netmedie med journalistik om livet p\u00e5 Mors\",\"publisher\":{\"@id\":\"https:\/\/kunmedierne.dk\/mors\/#organization\"},\"potentialAction\":[{\"@type\":\"SearchAction\",\"target\":{\"@type\":\"EntryPoint\",\"urlTemplate\":\"https:\/\/kunmedierne.dk\/mors\/?s={search_term_string}\"},\"query-input\":{\"@type\":\"PropertyValueSpecification\",\"valueRequired\":true,\"valueName\":\"search_term_string\"}}],\"inLanguage\":\"da-DK\"},{\"@type\":\"Organization\",\"@id\":\"https:\/\/kunmedierne.dk\/mors\/#organization\",\"name\":\"Mors\",\"url\":\"https:\/\/kunmedierne.dk\/mors\/\",\"logo\":{\"@type\":\"ImageObject\",\"inLanguage\":\"da-DK\",\"@id\":\"https:\/\/kunmedierne.dk\/mors\/#\/schema\/logo\/image\/\",\"url\":\"https:\/\/kunmedierne.dk\/mors\/wp-content\/uploads\/2024\/08\/kunmors-logo.svg\",\"contentUrl\":\"https:\/\/kunmedierne.dk\/mors\/wp-content\/uploads\/2024\/08\/kunmors-logo.svg\",\"caption\":\"Mors\"},\"image\":{\"@id\":\"https:\/\/kunmedierne.dk\/mors\/#\/schema\/logo\/image\/\"}},{\"@type\":\"Person\",\"@id\":\"https:\/\/kunmedierne.dk\/mors\/#\/schema\/person\/84c1391bce0b43b9bb3a49736bc0ad78\",\"name\":\"Debat\",\"image\":{\"@type\":\"ImageObject\",\"inLanguage\":\"da-DK\",\"@id\":\"https:\/\/kunmedierne.dk\/mors\/#\/schema\/person\/image\/\",\"url\":\"https:\/\/secure.gravatar.com\/avatar\/b0fb2e221d618f7c65162ab0d49c7e8a0b580c871ca03af90e42b47b4150654c?s=96&d=mm&r=g\",\"contentUrl\":\"https:\/\/secure.gravatar.com\/avatar\/b0fb2e221d618f7c65162ab0d49c7e8a0b580c871ca03af90e42b47b4150654c?s=96&d=mm&r=g\",\"caption\":\"Debat\"},\"url\":\"https:\/\/kunmedierne.dk\/mors\/author\/debat\/\"}]}<\/script>\n<!-- \/ Yoast SEO plugin. -->","yoast_head_json":{"title":"- Svar til Steen Kl\u00e6rke - Mors","robots":{"index":"index","follow":"follow","max-snippet":"max-snippet:-1","max-image-preview":"max-image-preview:large","max-video-preview":"max-video-preview:-1"},"canonical":"https:\/\/kunmedierne.dk\/mors\/svar-til-steen-klaerke\/","og_locale":"da_DK","og_type":"article","og_title":"- Svar til Steen Kl\u00e6rke - Mors","og_description":"Debatindl\u00e6g fra John Christiansen, medlem af kommunalbestyrelsen og kandidat for Socialdemokratiet ved Kommunalvalg 2021: MORS:\u00a0Under overskriften, Mors\u00f8 kommune taber ankesager, har Steen Kl\u00e6rke, kandidat for Enhedslisten, et debatindl\u00e6g i samtlige elektroniske medier her p\u00e5 Mors. Blandt andet henviser Steen Kl\u00e6rke til en artikel i Nordjyske fra d 29 sept. Hvor han ganske korrekt skriver at [&hellip;]","og_url":"https:\/\/kunmedierne.dk\/mors\/svar-til-steen-klaerke\/","og_site_name":"Mors","article_published_time":"2021-10-25T13:42:51+00:00","article_modified_time":"2024-08-12T11:36:00+00:00","og_image":[{"width":770,"height":513,"url":"https:\/\/kunmedierne.dk\/mors\/wp-content\/uploads\/2021\/05\/DR7A7815-Kopi.jpg","type":"image\/jpeg"}],"author":"Debat","twitter_card":"summary_large_image","twitter_misc":{"Skrevet af":"Debat","Estimeret l\u00e6setid":"2 minutter"},"schema":{"@context":"https:\/\/schema.org","@graph":[{"@type":"Article","@id":"https:\/\/kunmedierne.dk\/mors\/svar-til-steen-klaerke\/#article","isPartOf":{"@id":"https:\/\/kunmedierne.dk\/mors\/svar-til-steen-klaerke\/"},"author":{"name":"Debat","@id":"https:\/\/kunmedierne.dk\/mors\/#\/schema\/person\/84c1391bce0b43b9bb3a49736bc0ad78"},"headline":"&#8211; Svar til Steen Kl\u00e6rke","datePublished":"2021-10-25T13:42:51+00:00","dateModified":"2024-08-12T11:36:00+00:00","mainEntityOfPage":{"@id":"https:\/\/kunmedierne.dk\/mors\/svar-til-steen-klaerke\/"},"wordCount":321,"commentCount":0,"publisher":{"@id":"https:\/\/kunmedierne.dk\/mors\/#organization"},"image":{"@id":"https:\/\/kunmedierne.dk\/mors\/svar-til-steen-klaerke\/#primaryimage"},"thumbnailUrl":"https:\/\/kunmedierne.dk\/mors\/wp-content\/uploads\/2021\/05\/DR7A7815-Kopi.jpg","keywords":["Politik"],"articleSection":["Debat"],"inLanguage":"da-DK","potentialAction":[{"@type":"CommentAction","name":"Comment","target":["https:\/\/kunmedierne.dk\/mors\/svar-til-steen-klaerke\/#respond"]}]},{"@type":"WebPage","@id":"https:\/\/kunmedierne.dk\/mors\/svar-til-steen-klaerke\/","url":"https:\/\/kunmedierne.dk\/mors\/svar-til-steen-klaerke\/","name":"- Svar til Steen Kl\u00e6rke - Mors","isPartOf":{"@id":"https:\/\/kunmedierne.dk\/mors\/#website"},"primaryImageOfPage":{"@id":"https:\/\/kunmedierne.dk\/mors\/svar-til-steen-klaerke\/#primaryimage"},"image":{"@id":"https:\/\/kunmedierne.dk\/mors\/svar-til-steen-klaerke\/#primaryimage"},"thumbnailUrl":"https:\/\/kunmedierne.dk\/mors\/wp-content\/uploads\/2021\/05\/DR7A7815-Kopi.jpg","datePublished":"2021-10-25T13:42:51+00:00","dateModified":"2024-08-12T11:36:00+00:00","breadcrumb":{"@id":"https:\/\/kunmedierne.dk\/mors\/svar-til-steen-klaerke\/#breadcrumb"},"inLanguage":"da-DK","potentialAction":[{"@type":"ReadAction","target":["https:\/\/kunmedierne.dk\/mors\/svar-til-steen-klaerke\/"]}]},{"@type":"ImageObject","inLanguage":"da-DK","@id":"https:\/\/kunmedierne.dk\/mors\/svar-til-steen-klaerke\/#primaryimage","url":"https:\/\/kunmedierne.dk\/mors\/wp-content\/uploads\/2021\/05\/DR7A7815-Kopi.jpg","contentUrl":"https:\/\/kunmedierne.dk\/mors\/wp-content\/uploads\/2021\/05\/DR7A7815-Kopi.jpg","width":770,"height":513,"caption":"John Christiansen. Foto: Socialdemokratiet Mors"},{"@type":"BreadcrumbList","@id":"https:\/\/kunmedierne.dk\/mors\/svar-til-steen-klaerke\/#breadcrumb","itemListElement":[{"@type":"ListItem","position":1,"name":"Hjem","item":"https:\/\/kunmedierne.dk\/mors\/"},{"@type":"ListItem","position":2,"name":"&#8211; Svar til Steen Kl\u00e6rke"}]},{"@type":"WebSite","@id":"https:\/\/kunmedierne.dk\/mors\/#website","url":"https:\/\/kunmedierne.dk\/mors\/","name":"Mors","description":"et netmedie med journalistik om livet p\u00e5 Mors","publisher":{"@id":"https:\/\/kunmedierne.dk\/mors\/#organization"},"potentialAction":[{"@type":"SearchAction","target":{"@type":"EntryPoint","urlTemplate":"https:\/\/kunmedierne.dk\/mors\/?s={search_term_string}"},"query-input":{"@type":"PropertyValueSpecification","valueRequired":true,"valueName":"search_term_string"}}],"inLanguage":"da-DK"},{"@type":"Organization","@id":"https:\/\/kunmedierne.dk\/mors\/#organization","name":"Mors","url":"https:\/\/kunmedierne.dk\/mors\/","logo":{"@type":"ImageObject","inLanguage":"da-DK","@id":"https:\/\/kunmedierne.dk\/mors\/#\/schema\/logo\/image\/","url":"https:\/\/kunmedierne.dk\/mors\/wp-content\/uploads\/2024\/08\/kunmors-logo.svg","contentUrl":"https:\/\/kunmedierne.dk\/mors\/wp-content\/uploads\/2024\/08\/kunmors-logo.svg","caption":"Mors"},"image":{"@id":"https:\/\/kunmedierne.dk\/mors\/#\/schema\/logo\/image\/"}},{"@type":"Person","@id":"https:\/\/kunmedierne.dk\/mors\/#\/schema\/person\/84c1391bce0b43b9bb3a49736bc0ad78","name":"Debat","image":{"@type":"ImageObject","inLanguage":"da-DK","@id":"https:\/\/kunmedierne.dk\/mors\/#\/schema\/person\/image\/","url":"https:\/\/secure.gravatar.com\/avatar\/b0fb2e221d618f7c65162ab0d49c7e8a0b580c871ca03af90e42b47b4150654c?s=96&d=mm&r=g","contentUrl":"https:\/\/secure.gravatar.com\/avatar\/b0fb2e221d618f7c65162ab0d49c7e8a0b580c871ca03af90e42b47b4150654c?s=96&d=mm&r=g","caption":"Debat"},"url":"https:\/\/kunmedierne.dk\/mors\/author\/debat\/"}]}},"_links":{"self":[{"href":"https:\/\/kunmedierne.dk\/mors\/wp-json\/wp\/v2\/posts\/55627","targetHints":{"allow":["GET"]}}],"collection":[{"href":"https:\/\/kunmedierne.dk\/mors\/wp-json\/wp\/v2\/posts"}],"about":[{"href":"https:\/\/kunmedierne.dk\/mors\/wp-json\/wp\/v2\/types\/post"}],"author":[{"embeddable":true,"href":"https:\/\/kunmedierne.dk\/mors\/wp-json\/wp\/v2\/users\/11"}],"replies":[{"embeddable":true,"href":"https:\/\/kunmedierne.dk\/mors\/wp-json\/wp\/v2\/comments?post=55627"}],"version-history":[{"count":5,"href":"https:\/\/kunmedierne.dk\/mors\/wp-json\/wp\/v2\/posts\/55627\/revisions"}],"predecessor-version":[{"id":55646,"href":"https:\/\/kunmedierne.dk\/mors\/wp-json\/wp\/v2\/posts\/55627\/revisions\/55646"}],"wp:featuredmedia":[{"embeddable":true,"href":"https:\/\/kunmedierne.dk\/mors\/wp-json\/wp\/v2\/media\/45970"}],"wp:attachment":[{"href":"https:\/\/kunmedierne.dk\/mors\/wp-json\/wp\/v2\/media?parent=55627"}],"wp:term":[{"taxonomy":"category","embeddable":true,"href":"https:\/\/kunmedierne.dk\/mors\/wp-json\/wp\/v2\/categories?post=55627"},{"taxonomy":"post_tag","embeddable":true,"href":"https:\/\/kunmedierne.dk\/mors\/wp-json\/wp\/v2\/tags?post=55627"}],"curies":[{"name":"wp","href":"https:\/\/api.w.org\/{rel}","templated":true}]}}