{"id":55416,"date":"2021-10-23T15:29:18","date_gmt":"2021-10-23T13:29:18","guid":{"rendered":"https:\/\/kunmedierne.dk\/mors\/?p=55416"},"modified":"2024-08-12T13:36:01","modified_gmt":"2024-08-12T11:36:01","slug":"to-generationer-faelles-fodslag-groen-omstilling","status":"publish","type":"post","link":"https:\/\/kunmedierne.dk\/mors\/to-generationer-faelles-fodslag-groen-omstilling\/","title":{"rendered":"&#8211; To generationer \u2013 f\u00e6lles fodslag \u2013 gr\u00f8n omstilling"},"content":{"rendered":"<p><em>Debatindl\u00e6g af Anja Birch Als\u00f8er og Ansgar Nygaard, henholdsvis udvalgsmedlem og n\u00e6stformand i udvalget for teknik og milj\u00f8 og kandidater for Venstre ved Kommunalvalg 2021.<\/em><\/p>\n<hr \/>\n<p><strong>MORS<\/strong>: De sidste 4 \u00e5r har udvalget Teknik &amp; Milj\u00f8 haft specifik bev\u00e5genhed p\u00e5 den gr\u00f8nne omstilling. I udvalget er det blevet dr\u00f8ftet, hvilke projekter der kan bidrage til bl.a. at nedbringe CO2, sikre bedre biodiversitet og reducere kv\u00e6lstof.<\/p>\n<p>S\u00e6rligt har muligheden for at skabe v\u00e5domr\u00e5der p\u00e5 vores \u00d8, bidraget positivt til biodiversiteten og til at reducerer det kv\u00e6lstof landbruget er p\u00e5lagt.<\/p>\n<p>Det er vigtigt for os, at de l\u00f8sninger der skabes, sker i et godt og konstruktivt samarbejde med de implicerede lodsejere &#8211; til gavn for hele \u00f8en. Det er vi utroligt taknemmelige for, da foruds\u00e6tningen for ansvarsfuld udvikling sker if\u00f8lge vores v\u00e6rdier, i et respektfuldt samarbejde mellem kommune og borgere.<\/p>\n<p><a href=\"https:\/\/www.braendselsforeningen.dk\/\"><img loading=\"lazy\" decoding=\"async\" class=\"alignleft size-full wp-image-46597\" src=\"https:\/\/kunmedierne.dk\/mors\/wp-content\/uploads\/2021\/06\/t06.jpg\" alt=\"\" width=\"1425\" height=\"127\" srcset=\"https:\/\/kunmedierne.dk\/mors\/wp-content\/uploads\/2021\/06\/t06.jpg 1425w, https:\/\/kunmedierne.dk\/mors\/wp-content\/uploads\/2021\/06\/t06-300x27.jpg 300w, https:\/\/kunmedierne.dk\/mors\/wp-content\/uploads\/2021\/06\/t06-1024x91.jpg 1024w, https:\/\/kunmedierne.dk\/mors\/wp-content\/uploads\/2021\/06\/t06-768x68.jpg 768w, https:\/\/kunmedierne.dk\/mors\/wp-content\/uploads\/2021\/06\/t06-600x53.jpg 600w\" sizes=\"auto, (max-width: 1425px) 100vw, 1425px\" \/><\/a><\/p>\n<p>Det er vigtigt, at de investeringer der g\u00f8res i vores kommune, g\u00e5r h\u00e5nd-i-h\u00e5nd med den overordnede strategiske energiplanl\u00e6gning for region Nordjylland og med s\u00e6rlig fokus p\u00e5 kommunens \u00f8konomi.<\/p>\n<p>Det betyder bl.a., at energirenovationer af kommunens bygninger prioriteres ansvarligt; b\u00e5de p\u00e5 hvor hurtig tilbagebetalingstid der er p\u00e5 investeringerne og hvor store forbedringer der samlet opn\u00e5s.<\/p>\n<p>Uden skelen til \u00f8konomi kan hurtige l\u00f8sninger nemt blive for dyre for en lille kommune, hvor der er rift om ressourcerne.<\/p>\n<p>Vidensdeling og faglige forum i KKR &#8211; kommunekontaktr\u00e5det &#8211; \u00a0sikrer, at vi som politikere f\u00e5r kvalificeret viden om tiltag der bidrager til gr\u00f8n omstilling.\u00a0 Forvaltningens fagspecialister informer og perspektiver den relevante viden. Efterf\u00f8lgende stiller vi sp\u00f8rgsm\u00e5l til de forskellige omr\u00e5der, der sikrer at de politiske beslutninger tr\u00e6ffes p\u00e5 et oplyst grundlag og ud fra vores overn\u00e6vnte prioriteringer.<\/p>\n<p><a href=\"https:\/\/morsoe-begravelsesforretning.dk\/\"><img loading=\"lazy\" decoding=\"async\" class=\"alignleft size-full wp-image-46598\" src=\"https:\/\/kunmedierne.dk\/mors\/wp-content\/uploads\/2021\/06\/t07.jpg\" alt=\"\" width=\"1425\" height=\"127\" srcset=\"https:\/\/kunmedierne.dk\/mors\/wp-content\/uploads\/2021\/06\/t07.jpg 1425w, https:\/\/kunmedierne.dk\/mors\/wp-content\/uploads\/2021\/06\/t07-300x27.jpg 300w, https:\/\/kunmedierne.dk\/mors\/wp-content\/uploads\/2021\/06\/t07-1024x91.jpg 1024w, https:\/\/kunmedierne.dk\/mors\/wp-content\/uploads\/2021\/06\/t07-768x68.jpg 768w, https:\/\/kunmedierne.dk\/mors\/wp-content\/uploads\/2021\/06\/t07-600x53.jpg 600w\" sizes=\"auto, (max-width: 1425px) 100vw, 1425px\" \/><\/a>Fremgangsm\u00e5den har bl.a. bidraget til etablering og indvielse af v\u00e5domr\u00e5derne Hunds\u00f8 &#8211; og Bisk\u00e6r p\u00e5 Nord Mors, Sillerslev-\u00d8rding k\u00e6r og J\u00f8lby Nor. Af nye politiske tiltag der ligger i pipelinen, kan n\u00e6vnes Porsmose ved Redsted\/Hvidbjerg, Nees vig og den gamle golfbane i Nyk\u00f8bing, ogs\u00e5 kaldet Nyk\u00f8bing enge.<\/p>\n<p>Engarealet i Markedsgade udl\u00e6gges til rekreativt omr\u00e5de og til opsamling af overfladevand i samarbejde med Mors\u00f8 forsyning. Staten har ligeledes bidraget med etableringen af Thissing vig.<\/p>\n<p>Et andet aspekt ved de rekreative omr\u00e5der kunne p\u00e5 sigt v\u00e6re at bidrage til co2 neutrale bos\u00e6tninger, s\u00e5fremt lovgivningen en gang skulle give mulighed herfor.<\/p>\n<p>&nbsp;<\/p>\n<p><strong>Diversitet er godt &#8211; ogs\u00e5 i kommunalpolitik. <\/strong><\/p>\n<p>Vi repr\u00e6senterer to generationer, to k\u00f8n, to forskellige fagligheder, og sammen repr\u00e6senterer vi forskellige borgere. Det b\u00e6rer vores sp\u00f8rgsm\u00e5l ogs\u00e5 pr\u00e6g af. Vores v\u00e6rdier er ens &#8211; \u00f8konomisk ansvarlighed, borgerne i centrum &#8211; respektfuldt samarbejde mellem kommune og borgere.<\/p>\n<p>Ved at have en bred diversitet i kommunalbestyrelsen sikrer vi, at ikke kun den gr\u00f8nne omstilling bliver belyst fra forskellige perspektiver.<\/p>\n<p><a href=\"https:\/\/www.sparthy.dk\/\"><img loading=\"lazy\" decoding=\"async\" class=\"alignleft size-full wp-image-46599\" src=\"https:\/\/kunmedierne.dk\/mors\/wp-content\/uploads\/2021\/06\/t08.jpg\" alt=\"\" width=\"1400\" height=\"125\" srcset=\"https:\/\/kunmedierne.dk\/mors\/wp-content\/uploads\/2021\/06\/t08.jpg 1400w, https:\/\/kunmedierne.dk\/mors\/wp-content\/uploads\/2021\/06\/t08-300x27.jpg 300w, https:\/\/kunmedierne.dk\/mors\/wp-content\/uploads\/2021\/06\/t08-1024x91.jpg 1024w, https:\/\/kunmedierne.dk\/mors\/wp-content\/uploads\/2021\/06\/t08-768x69.jpg 768w, https:\/\/kunmedierne.dk\/mors\/wp-content\/uploads\/2021\/06\/t08-600x54.jpg 600w\" sizes=\"auto, (max-width: 1400px) 100vw, 1400px\" \/><\/a>S\u00e6rligt Teknik og Milj\u00f8 har vores f\u00e6lles interesse. Gennem det udvalg kan gode betingelser for vores erhvervsliv, bos\u00e6tning, turisme etc., varetages.<\/p>\n<p>Vi vil fortsat arbejde for at sikre den gr\u00f8nne omstilling gennem inddragelse af faglighed og \u00e5bne sp\u00f8rgsm\u00e5l der sammen kan berige beslutningsgrundlaget.<\/p>\n<p>Vi er hinandens foruds\u00e6tninger &#8211; by \/land, kvinde\/mand og p\u00e5 tv\u00e6rs af generationer.<\/p>\n<hr \/>\n<p><em>Har du et bidrag til den lokale debat? Send det til os p\u00e5 e-mail: debat@kunmedierne.dk\/mors. Husk at l\u00e6se korrektur inden afsendelse p\u00e5 indl\u00e6gget.<\/em><\/p>\n<blockquote>\n<h4 class=\"western\">Tilmeld dig vores nyhedsbrev nederst p\u00e5 siden og modtag KunMors som din daglige lokalavis. S\u00e5 deltager du samtidig i lodtr\u00e6kningen om t\u00f8j fra\u00a0<span lang=\"zxx\"><u><a href=\"https:\/\/www.facebook.com\/MrTorbenJensen\" target=\"_blank\" rel=\"noopener\">Mr. Torben Jensen<\/a><\/u><\/span>\u00a0for 600 kroner. L\u00e6s\u00a0<span lang=\"zxx\"><u><a href=\"https:\/\/kunmedierne.dk\/mors\/vind-toej-hos-mr-torben-jensen-for-600-kroner\/\" target=\"_blank\" rel=\"noopener\">her<\/a><\/u><\/span>\u00a0hvordan.<\/h4>\n<\/blockquote>\n","protected":false},"excerpt":{"rendered":"<p>Debatindl\u00e6g af Anja Birch Als\u00f8er og Ansgar Nygaard, henholdsvis udvalgsmedlem og n\u00e6stformand i udvalget for teknik og milj\u00f8 og kandidater for Venstre ved Kommunalvalg 2021. MORS: De sidste 4 \u00e5r har udvalget Teknik &amp; Milj\u00f8 haft specifik bev\u00e5genhed p\u00e5 den gr\u00f8nne omstilling. I udvalget er det blevet dr\u00f8ftet, hvilke projekter der kan bidrage til bl.a. [&hellip;]<\/p>\n","protected":false},"author":11,"featured_media":55418,"comment_status":"open","ping_status":"open","sticky":false,"template":"","format":"standard","meta":{"_acf_changed":false,"footnotes":""},"categories":[56],"tags":[167],"class_list":["post-55416","post","type-post","status-publish","format-standard","has-post-thumbnail","hentry","category-debat","tag-politik"],"acf":[],"yoast_head":"<!-- This site is optimized with the Yoast SEO plugin v26.8 - https:\/\/yoast.com\/product\/yoast-seo-wordpress\/ -->\n<title>- To generationer \u2013 f\u00e6lles fodslag \u2013 gr\u00f8n omstilling - Mors<\/title>\n<meta name=\"robots\" content=\"index, follow, max-snippet:-1, max-image-preview:large, max-video-preview:-1\" \/>\n<link rel=\"canonical\" href=\"https:\/\/kunmedierne.dk\/mors\/to-generationer-faelles-fodslag-groen-omstilling\/\" \/>\n<meta property=\"og:locale\" content=\"da_DK\" \/>\n<meta property=\"og:type\" content=\"article\" \/>\n<meta property=\"og:title\" content=\"- To generationer \u2013 f\u00e6lles fodslag \u2013 gr\u00f8n omstilling - Mors\" \/>\n<meta property=\"og:description\" content=\"Debatindl\u00e6g af Anja Birch Als\u00f8er og Ansgar Nygaard, henholdsvis udvalgsmedlem og n\u00e6stformand i udvalget for teknik og milj\u00f8 og kandidater for Venstre ved Kommunalvalg 2021. MORS: De sidste 4 \u00e5r har udvalget Teknik &amp; Milj\u00f8 haft specifik bev\u00e5genhed p\u00e5 den gr\u00f8nne omstilling. I udvalget er det blevet dr\u00f8ftet, hvilke projekter der kan bidrage til bl.a. [&hellip;]\" \/>\n<meta property=\"og:url\" content=\"https:\/\/kunmedierne.dk\/mors\/to-generationer-faelles-fodslag-groen-omstilling\/\" \/>\n<meta property=\"og:site_name\" content=\"Mors\" \/>\n<meta property=\"article:published_time\" content=\"2021-10-23T13:29:18+00:00\" \/>\n<meta property=\"article:modified_time\" content=\"2024-08-12T11:36:01+00:00\" \/>\n<meta property=\"og:image\" content=\"https:\/\/kunmedierne.dk\/mors\/wp-content\/uploads\/2021\/10\/alsoeer-nygaard.jpg\" \/>\n\t<meta property=\"og:image:width\" content=\"770\" \/>\n\t<meta property=\"og:image:height\" content=\"513\" \/>\n\t<meta property=\"og:image:type\" content=\"image\/jpeg\" \/>\n<meta name=\"author\" content=\"Debat\" \/>\n<meta name=\"twitter:card\" content=\"summary_large_image\" \/>\n<meta name=\"twitter:label1\" content=\"Skrevet af\" \/>\n\t<meta name=\"twitter:data1\" content=\"Debat\" \/>\n\t<meta name=\"twitter:label2\" content=\"Estimeret l\u00e6setid\" \/>\n\t<meta name=\"twitter:data2\" content=\"3 minutter\" \/>\n<script type=\"application\/ld+json\" class=\"yoast-schema-graph\">{\"@context\":\"https:\/\/schema.org\",\"@graph\":[{\"@type\":\"Article\",\"@id\":\"https:\/\/kunmedierne.dk\/mors\/to-generationer-faelles-fodslag-groen-omstilling\/#article\",\"isPartOf\":{\"@id\":\"https:\/\/kunmedierne.dk\/mors\/to-generationer-faelles-fodslag-groen-omstilling\/\"},\"author\":{\"name\":\"Debat\",\"@id\":\"https:\/\/kunmedierne.dk\/mors\/#\/schema\/person\/84c1391bce0b43b9bb3a49736bc0ad78\"},\"headline\":\"&#8211; To generationer \u2013 f\u00e6lles fodslag \u2013 gr\u00f8n omstilling\",\"datePublished\":\"2021-10-23T13:29:18+00:00\",\"dateModified\":\"2024-08-12T11:36:01+00:00\",\"mainEntityOfPage\":{\"@id\":\"https:\/\/kunmedierne.dk\/mors\/to-generationer-faelles-fodslag-groen-omstilling\/\"},\"wordCount\":630,\"commentCount\":0,\"publisher\":{\"@id\":\"https:\/\/kunmedierne.dk\/mors\/#organization\"},\"image\":{\"@id\":\"https:\/\/kunmedierne.dk\/mors\/to-generationer-faelles-fodslag-groen-omstilling\/#primaryimage\"},\"thumbnailUrl\":\"https:\/\/kunmedierne.dk\/mors\/wp-content\/uploads\/2021\/10\/alsoeer-nygaard.jpg\",\"keywords\":[\"Politik\"],\"articleSection\":[\"Debat\"],\"inLanguage\":\"da-DK\",\"potentialAction\":[{\"@type\":\"CommentAction\",\"name\":\"Comment\",\"target\":[\"https:\/\/kunmedierne.dk\/mors\/to-generationer-faelles-fodslag-groen-omstilling\/#respond\"]}]},{\"@type\":\"WebPage\",\"@id\":\"https:\/\/kunmedierne.dk\/mors\/to-generationer-faelles-fodslag-groen-omstilling\/\",\"url\":\"https:\/\/kunmedierne.dk\/mors\/to-generationer-faelles-fodslag-groen-omstilling\/\",\"name\":\"- To generationer \u2013 f\u00e6lles fodslag \u2013 gr\u00f8n omstilling - Mors\",\"isPartOf\":{\"@id\":\"https:\/\/kunmedierne.dk\/mors\/#website\"},\"primaryImageOfPage\":{\"@id\":\"https:\/\/kunmedierne.dk\/mors\/to-generationer-faelles-fodslag-groen-omstilling\/#primaryimage\"},\"image\":{\"@id\":\"https:\/\/kunmedierne.dk\/mors\/to-generationer-faelles-fodslag-groen-omstilling\/#primaryimage\"},\"thumbnailUrl\":\"https:\/\/kunmedierne.dk\/mors\/wp-content\/uploads\/2021\/10\/alsoeer-nygaard.jpg\",\"datePublished\":\"2021-10-23T13:29:18+00:00\",\"dateModified\":\"2024-08-12T11:36:01+00:00\",\"breadcrumb\":{\"@id\":\"https:\/\/kunmedierne.dk\/mors\/to-generationer-faelles-fodslag-groen-omstilling\/#breadcrumb\"},\"inLanguage\":\"da-DK\",\"potentialAction\":[{\"@type\":\"ReadAction\",\"target\":[\"https:\/\/kunmedierne.dk\/mors\/to-generationer-faelles-fodslag-groen-omstilling\/\"]}]},{\"@type\":\"ImageObject\",\"inLanguage\":\"da-DK\",\"@id\":\"https:\/\/kunmedierne.dk\/mors\/to-generationer-faelles-fodslag-groen-omstilling\/#primaryimage\",\"url\":\"https:\/\/kunmedierne.dk\/mors\/wp-content\/uploads\/2021\/10\/alsoeer-nygaard.jpg\",\"contentUrl\":\"https:\/\/kunmedierne.dk\/mors\/wp-content\/uploads\/2021\/10\/alsoeer-nygaard.jpg\",\"width\":770,\"height\":513,\"caption\":\"Anja Als\u00f8er (V) og Ansgar Nygaard (V).\"},{\"@type\":\"BreadcrumbList\",\"@id\":\"https:\/\/kunmedierne.dk\/mors\/to-generationer-faelles-fodslag-groen-omstilling\/#breadcrumb\",\"itemListElement\":[{\"@type\":\"ListItem\",\"position\":1,\"name\":\"Hjem\",\"item\":\"https:\/\/kunmedierne.dk\/mors\/\"},{\"@type\":\"ListItem\",\"position\":2,\"name\":\"&#8211; To generationer \u2013 f\u00e6lles fodslag \u2013 gr\u00f8n omstilling\"}]},{\"@type\":\"WebSite\",\"@id\":\"https:\/\/kunmedierne.dk\/mors\/#website\",\"url\":\"https:\/\/kunmedierne.dk\/mors\/\",\"name\":\"Mors\",\"description\":\"et netmedie med journalistik om livet p\u00e5 Mors\",\"publisher\":{\"@id\":\"https:\/\/kunmedierne.dk\/mors\/#organization\"},\"potentialAction\":[{\"@type\":\"SearchAction\",\"target\":{\"@type\":\"EntryPoint\",\"urlTemplate\":\"https:\/\/kunmedierne.dk\/mors\/?s={search_term_string}\"},\"query-input\":{\"@type\":\"PropertyValueSpecification\",\"valueRequired\":true,\"valueName\":\"search_term_string\"}}],\"inLanguage\":\"da-DK\"},{\"@type\":\"Organization\",\"@id\":\"https:\/\/kunmedierne.dk\/mors\/#organization\",\"name\":\"Mors\",\"url\":\"https:\/\/kunmedierne.dk\/mors\/\",\"logo\":{\"@type\":\"ImageObject\",\"inLanguage\":\"da-DK\",\"@id\":\"https:\/\/kunmedierne.dk\/mors\/#\/schema\/logo\/image\/\",\"url\":\"https:\/\/kunmedierne.dk\/mors\/wp-content\/uploads\/2024\/08\/kunmors-logo.svg\",\"contentUrl\":\"https:\/\/kunmedierne.dk\/mors\/wp-content\/uploads\/2024\/08\/kunmors-logo.svg\",\"caption\":\"Mors\"},\"image\":{\"@id\":\"https:\/\/kunmedierne.dk\/mors\/#\/schema\/logo\/image\/\"}},{\"@type\":\"Person\",\"@id\":\"https:\/\/kunmedierne.dk\/mors\/#\/schema\/person\/84c1391bce0b43b9bb3a49736bc0ad78\",\"name\":\"Debat\",\"image\":{\"@type\":\"ImageObject\",\"inLanguage\":\"da-DK\",\"@id\":\"https:\/\/kunmedierne.dk\/mors\/#\/schema\/person\/image\/\",\"url\":\"https:\/\/secure.gravatar.com\/avatar\/b0fb2e221d618f7c65162ab0d49c7e8a0b580c871ca03af90e42b47b4150654c?s=96&d=mm&r=g\",\"contentUrl\":\"https:\/\/secure.gravatar.com\/avatar\/b0fb2e221d618f7c65162ab0d49c7e8a0b580c871ca03af90e42b47b4150654c?s=96&d=mm&r=g\",\"caption\":\"Debat\"},\"url\":\"https:\/\/kunmedierne.dk\/mors\/author\/debat\/\"}]}<\/script>\n<!-- \/ Yoast SEO plugin. -->","yoast_head_json":{"title":"- To generationer \u2013 f\u00e6lles fodslag \u2013 gr\u00f8n omstilling - Mors","robots":{"index":"index","follow":"follow","max-snippet":"max-snippet:-1","max-image-preview":"max-image-preview:large","max-video-preview":"max-video-preview:-1"},"canonical":"https:\/\/kunmedierne.dk\/mors\/to-generationer-faelles-fodslag-groen-omstilling\/","og_locale":"da_DK","og_type":"article","og_title":"- To generationer \u2013 f\u00e6lles fodslag \u2013 gr\u00f8n omstilling - Mors","og_description":"Debatindl\u00e6g af Anja Birch Als\u00f8er og Ansgar Nygaard, henholdsvis udvalgsmedlem og n\u00e6stformand i udvalget for teknik og milj\u00f8 og kandidater for Venstre ved Kommunalvalg 2021. MORS: De sidste 4 \u00e5r har udvalget Teknik &amp; Milj\u00f8 haft specifik bev\u00e5genhed p\u00e5 den gr\u00f8nne omstilling. I udvalget er det blevet dr\u00f8ftet, hvilke projekter der kan bidrage til bl.a. [&hellip;]","og_url":"https:\/\/kunmedierne.dk\/mors\/to-generationer-faelles-fodslag-groen-omstilling\/","og_site_name":"Mors","article_published_time":"2021-10-23T13:29:18+00:00","article_modified_time":"2024-08-12T11:36:01+00:00","og_image":[{"width":770,"height":513,"url":"https:\/\/kunmedierne.dk\/mors\/wp-content\/uploads\/2021\/10\/alsoeer-nygaard.jpg","type":"image\/jpeg"}],"author":"Debat","twitter_card":"summary_large_image","twitter_misc":{"Skrevet af":"Debat","Estimeret l\u00e6setid":"3 minutter"},"schema":{"@context":"https:\/\/schema.org","@graph":[{"@type":"Article","@id":"https:\/\/kunmedierne.dk\/mors\/to-generationer-faelles-fodslag-groen-omstilling\/#article","isPartOf":{"@id":"https:\/\/kunmedierne.dk\/mors\/to-generationer-faelles-fodslag-groen-omstilling\/"},"author":{"name":"Debat","@id":"https:\/\/kunmedierne.dk\/mors\/#\/schema\/person\/84c1391bce0b43b9bb3a49736bc0ad78"},"headline":"&#8211; To generationer \u2013 f\u00e6lles fodslag \u2013 gr\u00f8n omstilling","datePublished":"2021-10-23T13:29:18+00:00","dateModified":"2024-08-12T11:36:01+00:00","mainEntityOfPage":{"@id":"https:\/\/kunmedierne.dk\/mors\/to-generationer-faelles-fodslag-groen-omstilling\/"},"wordCount":630,"commentCount":0,"publisher":{"@id":"https:\/\/kunmedierne.dk\/mors\/#organization"},"image":{"@id":"https:\/\/kunmedierne.dk\/mors\/to-generationer-faelles-fodslag-groen-omstilling\/#primaryimage"},"thumbnailUrl":"https:\/\/kunmedierne.dk\/mors\/wp-content\/uploads\/2021\/10\/alsoeer-nygaard.jpg","keywords":["Politik"],"articleSection":["Debat"],"inLanguage":"da-DK","potentialAction":[{"@type":"CommentAction","name":"Comment","target":["https:\/\/kunmedierne.dk\/mors\/to-generationer-faelles-fodslag-groen-omstilling\/#respond"]}]},{"@type":"WebPage","@id":"https:\/\/kunmedierne.dk\/mors\/to-generationer-faelles-fodslag-groen-omstilling\/","url":"https:\/\/kunmedierne.dk\/mors\/to-generationer-faelles-fodslag-groen-omstilling\/","name":"- To generationer \u2013 f\u00e6lles fodslag \u2013 gr\u00f8n omstilling - Mors","isPartOf":{"@id":"https:\/\/kunmedierne.dk\/mors\/#website"},"primaryImageOfPage":{"@id":"https:\/\/kunmedierne.dk\/mors\/to-generationer-faelles-fodslag-groen-omstilling\/#primaryimage"},"image":{"@id":"https:\/\/kunmedierne.dk\/mors\/to-generationer-faelles-fodslag-groen-omstilling\/#primaryimage"},"thumbnailUrl":"https:\/\/kunmedierne.dk\/mors\/wp-content\/uploads\/2021\/10\/alsoeer-nygaard.jpg","datePublished":"2021-10-23T13:29:18+00:00","dateModified":"2024-08-12T11:36:01+00:00","breadcrumb":{"@id":"https:\/\/kunmedierne.dk\/mors\/to-generationer-faelles-fodslag-groen-omstilling\/#breadcrumb"},"inLanguage":"da-DK","potentialAction":[{"@type":"ReadAction","target":["https:\/\/kunmedierne.dk\/mors\/to-generationer-faelles-fodslag-groen-omstilling\/"]}]},{"@type":"ImageObject","inLanguage":"da-DK","@id":"https:\/\/kunmedierne.dk\/mors\/to-generationer-faelles-fodslag-groen-omstilling\/#primaryimage","url":"https:\/\/kunmedierne.dk\/mors\/wp-content\/uploads\/2021\/10\/alsoeer-nygaard.jpg","contentUrl":"https:\/\/kunmedierne.dk\/mors\/wp-content\/uploads\/2021\/10\/alsoeer-nygaard.jpg","width":770,"height":513,"caption":"Anja Als\u00f8er (V) og Ansgar Nygaard (V)."},{"@type":"BreadcrumbList","@id":"https:\/\/kunmedierne.dk\/mors\/to-generationer-faelles-fodslag-groen-omstilling\/#breadcrumb","itemListElement":[{"@type":"ListItem","position":1,"name":"Hjem","item":"https:\/\/kunmedierne.dk\/mors\/"},{"@type":"ListItem","position":2,"name":"&#8211; To generationer \u2013 f\u00e6lles fodslag \u2013 gr\u00f8n omstilling"}]},{"@type":"WebSite","@id":"https:\/\/kunmedierne.dk\/mors\/#website","url":"https:\/\/kunmedierne.dk\/mors\/","name":"Mors","description":"et netmedie med journalistik om livet p\u00e5 Mors","publisher":{"@id":"https:\/\/kunmedierne.dk\/mors\/#organization"},"potentialAction":[{"@type":"SearchAction","target":{"@type":"EntryPoint","urlTemplate":"https:\/\/kunmedierne.dk\/mors\/?s={search_term_string}"},"query-input":{"@type":"PropertyValueSpecification","valueRequired":true,"valueName":"search_term_string"}}],"inLanguage":"da-DK"},{"@type":"Organization","@id":"https:\/\/kunmedierne.dk\/mors\/#organization","name":"Mors","url":"https:\/\/kunmedierne.dk\/mors\/","logo":{"@type":"ImageObject","inLanguage":"da-DK","@id":"https:\/\/kunmedierne.dk\/mors\/#\/schema\/logo\/image\/","url":"https:\/\/kunmedierne.dk\/mors\/wp-content\/uploads\/2024\/08\/kunmors-logo.svg","contentUrl":"https:\/\/kunmedierne.dk\/mors\/wp-content\/uploads\/2024\/08\/kunmors-logo.svg","caption":"Mors"},"image":{"@id":"https:\/\/kunmedierne.dk\/mors\/#\/schema\/logo\/image\/"}},{"@type":"Person","@id":"https:\/\/kunmedierne.dk\/mors\/#\/schema\/person\/84c1391bce0b43b9bb3a49736bc0ad78","name":"Debat","image":{"@type":"ImageObject","inLanguage":"da-DK","@id":"https:\/\/kunmedierne.dk\/mors\/#\/schema\/person\/image\/","url":"https:\/\/secure.gravatar.com\/avatar\/b0fb2e221d618f7c65162ab0d49c7e8a0b580c871ca03af90e42b47b4150654c?s=96&d=mm&r=g","contentUrl":"https:\/\/secure.gravatar.com\/avatar\/b0fb2e221d618f7c65162ab0d49c7e8a0b580c871ca03af90e42b47b4150654c?s=96&d=mm&r=g","caption":"Debat"},"url":"https:\/\/kunmedierne.dk\/mors\/author\/debat\/"}]}},"_links":{"self":[{"href":"https:\/\/kunmedierne.dk\/mors\/wp-json\/wp\/v2\/posts\/55416","targetHints":{"allow":["GET"]}}],"collection":[{"href":"https:\/\/kunmedierne.dk\/mors\/wp-json\/wp\/v2\/posts"}],"about":[{"href":"https:\/\/kunmedierne.dk\/mors\/wp-json\/wp\/v2\/types\/post"}],"author":[{"embeddable":true,"href":"https:\/\/kunmedierne.dk\/mors\/wp-json\/wp\/v2\/users\/11"}],"replies":[{"embeddable":true,"href":"https:\/\/kunmedierne.dk\/mors\/wp-json\/wp\/v2\/comments?post=55416"}],"version-history":[{"count":2,"href":"https:\/\/kunmedierne.dk\/mors\/wp-json\/wp\/v2\/posts\/55416\/revisions"}],"predecessor-version":[{"id":55420,"href":"https:\/\/kunmedierne.dk\/mors\/wp-json\/wp\/v2\/posts\/55416\/revisions\/55420"}],"wp:featuredmedia":[{"embeddable":true,"href":"https:\/\/kunmedierne.dk\/mors\/wp-json\/wp\/v2\/media\/55418"}],"wp:attachment":[{"href":"https:\/\/kunmedierne.dk\/mors\/wp-json\/wp\/v2\/media?parent=55416"}],"wp:term":[{"taxonomy":"category","embeddable":true,"href":"https:\/\/kunmedierne.dk\/mors\/wp-json\/wp\/v2\/categories?post=55416"},{"taxonomy":"post_tag","embeddable":true,"href":"https:\/\/kunmedierne.dk\/mors\/wp-json\/wp\/v2\/tags?post=55416"}],"curies":[{"name":"wp","href":"https:\/\/api.w.org\/{rel}","templated":true}]}}