{"id":55372,"date":"2021-10-22T20:35:03","date_gmt":"2021-10-22T18:35:03","guid":{"rendered":"https:\/\/kunmedierne.dk\/mors\/?p=55372"},"modified":"2024-08-12T13:36:01","modified_gmt":"2024-08-12T11:36:01","slug":"boernefamilierne-er-et-vigtigt-aktiv-for-vores-fremtid-paa-mors","status":"publish","type":"post","link":"https:\/\/kunmedierne.dk\/mors\/boernefamilierne-er-et-vigtigt-aktiv-for-vores-fremtid-paa-mors\/","title":{"rendered":"&#8211; B\u00f8rnefamilierne er et vigtigt aktiv for vores fremtid p\u00e5 Mors"},"content":{"rendered":"<p><em>Debatindl\u00e6g fra Chris Dahl, kandidat for Venstre ved Kommunalvalg 2021:<\/em><\/p>\n<hr \/>\n<p><strong>MORS<\/strong>: Der er ingen tvivl at spore. P\u00e5 tv\u00e6rs af partierne bliver vigtigheden af b\u00f8rn og b\u00f8rnefamilier italesat i b\u00e5de valgmateriale og p\u00e5 v\u00e6lgerm\u00f8der. Jeg har dog endnu til gode at blive klogere p\u00e5 hvordan alle vil vise b\u00f8rnefamilierne at de er prioriterede borgere og ikke kun en vigtig brik i arbejdet med at vende det faldende befolkningstal.<\/p>\n<p>If\u00f8lge Danmarks Statistiks befolkningsfremskrivning vil vi allerede i 2022 komme under 20.000 borgere i Mors\u00f8 Kommune. Et tal der med de foruds\u00e6tninger vi kender i dag, kun bliver ved med at falde s\u00e5 langt \u00f8jet r\u00e6kker. Det faldende befolkningstal kr\u00e6ver et tydeligt fokus i fremtiden. S\u00e5 hvad kan vi g\u00f8re for at give de bedste foruds\u00e6tninger for vores b\u00f8rnefamilier, b\u00e5de s\u00e5 vi kan fastholde dem der allerede bor her, men ogs\u00e5 s\u00e5 vi kan tiltr\u00e6kke nye b\u00f8rnefamilier eller yngre par, der p\u00e5 sigt kan bidrage med nye borgere til vores f\u00e6llesskab?<\/p>\n<p><a href=\"http:\/\/www.limfjordsteatret.dk\/#front\"><img loading=\"lazy\" decoding=\"async\" class=\"alignleft size-full wp-image-46596\" src=\"https:\/\/kunmedierne.dk\/mors\/wp-content\/uploads\/2021\/06\/t05.jpg\" alt=\"\" width=\"1400\" height=\"125\" srcset=\"https:\/\/kunmedierne.dk\/mors\/wp-content\/uploads\/2021\/06\/t05.jpg 1400w, https:\/\/kunmedierne.dk\/mors\/wp-content\/uploads\/2021\/06\/t05-300x27.jpg 300w, https:\/\/kunmedierne.dk\/mors\/wp-content\/uploads\/2021\/06\/t05-1024x91.jpg 1024w, https:\/\/kunmedierne.dk\/mors\/wp-content\/uploads\/2021\/06\/t05-768x69.jpg 768w, https:\/\/kunmedierne.dk\/mors\/wp-content\/uploads\/2021\/06\/t05-600x54.jpg 600w\" sizes=\"auto, (max-width: 1400px) 100vw, 1400px\" \/><\/a>Jeg har bestemt ikke alle svarene, men jeg har et par konkrete bud, som jeg gerne vil bidrage med.<\/p>\n<p>For det f\u00f8rste skal vi sikre at vi har attraktive bos\u00e6tningsmuligheder p\u00e5 hele Mors. Dette g\u00f8r vi blandt andet ved at sikre gode rekreative tilbud med tidssvarende rammer for fysisk leg og udfoldelse, i alle lokalomr\u00e5der.<\/p>\n<p>Vi skal have fokus p\u00e5 vores b\u00f8rns trafiksikkerhed. Den nuv\u00e6rende skolestruktur betyder at hvert skoledistrikt d\u00e6kker over flere lokalomr\u00e5der, men trafiksikkerheden for vores b\u00f8rn og unge er ikke fulgt med. Som borger i Fr\u00f8slev, har jeg det ikke godt med, at min s\u00f8n p\u00e5 ti \u00e5r sommetider har cyklet til Vils i skole. Der er b\u00e5de lastbiler der k\u00f8rer t\u00e6t p\u00e5 b\u00f8rnene og personbiler der k\u00f8rer for st\u00e6rkt p\u00e5 str\u00e6kningen. Det er ikke kun g\u00e6ldende for os, men ogs\u00e5 for mange andre p\u00e5 Mors.<\/p>\n<p>Vi har en opgave i at sikre vores b\u00f8rns trafiksikkerhed. Det er p\u00e5 ingen m\u00e5der noget der kan l\u00f8ses p\u00e5 f\u00e5 \u00e5r, for etablering af cykelstier er en dyr aff\u00e6re. Men man kan i kommunalbestyrelsen forpligte hinanden til, at trafiksikkerheden skal prioriteres og l\u00e6gge en samlet plan for hvordan vi i fremtiden kan etablere trafiksikre ruter for vores b\u00f8rn, p\u00e5 tv\u00e6rs af b\u00e5de skoledistrikter og fritidstilbud.<\/p>\n<p><a href=\"https:\/\/www.braendselsforeningen.dk\/\"><img loading=\"lazy\" decoding=\"async\" class=\"alignleft size-full wp-image-46597\" src=\"https:\/\/kunmedierne.dk\/mors\/wp-content\/uploads\/2021\/06\/t06.jpg\" alt=\"\" width=\"1425\" height=\"127\" srcset=\"https:\/\/kunmedierne.dk\/mors\/wp-content\/uploads\/2021\/06\/t06.jpg 1425w, https:\/\/kunmedierne.dk\/mors\/wp-content\/uploads\/2021\/06\/t06-300x27.jpg 300w, https:\/\/kunmedierne.dk\/mors\/wp-content\/uploads\/2021\/06\/t06-1024x91.jpg 1024w, https:\/\/kunmedierne.dk\/mors\/wp-content\/uploads\/2021\/06\/t06-768x68.jpg 768w, https:\/\/kunmedierne.dk\/mors\/wp-content\/uploads\/2021\/06\/t06-600x53.jpg 600w\" sizes=\"auto, (max-width: 1425px) 100vw, 1425px\" \/><\/a>Vi skal arbejde p\u00e5 en model der giver \u00f8get mobilitet for vores unge. Det er ikke altid for\u00e6ldre har mulighed for at tilpasse en kalender der im\u00f8dekommer alle b\u00f8rnenes fritidsaktiviteter, lige som den offentlige transport p\u00e5 Mors er sammensat s\u00e5 den passer med skolernes m\u00f8detid, men ikke ret meget mere end det. Det betyder at de aktiviteter der finder sted p\u00e5 vores ungdomsskole eller i multiparken, der begge ligger i Nyk\u00f8bing, kan g\u00f8re det sv\u00e6rt for de unge i landdistriktet at deltage. Lige som unge i Nyk\u00f8bing kan v\u00e6re udfordret i at kunne v\u00e6lge fritidstilbud der ligger udenfor Nyk\u00f8bing.<\/p>\n<p>Ved at koordinere aktiviteter p\u00e5 tv\u00e6rs af \u00f8ens forskellige tilbud, kunne man investere i at inds\u00e6tte en ugentlig busafgang, der kan skabe bedre mobilitet for vores unge p\u00e5 hele Mors.<\/p>\n<p>Jeg tror p\u00e5, at vi med et tydeligt fokus p\u00e5 b\u00f8rnefamilierne og deres behov, kan skabe en endnu mere attraktiv kommune at b\u00e5de blive boende i, men ogs\u00e5 at flytte til.<\/p>\n<h4 class=\"western\"><a href=\"https:\/\/morsoe-begravelsesforretning.dk\/\"><img loading=\"lazy\" decoding=\"async\" class=\"alignleft size-full wp-image-46598\" src=\"https:\/\/kunmedierne.dk\/mors\/wp-content\/uploads\/2021\/06\/t07.jpg\" alt=\"\" width=\"1425\" height=\"127\" srcset=\"https:\/\/kunmedierne.dk\/mors\/wp-content\/uploads\/2021\/06\/t07.jpg 1425w, https:\/\/kunmedierne.dk\/mors\/wp-content\/uploads\/2021\/06\/t07-300x27.jpg 300w, https:\/\/kunmedierne.dk\/mors\/wp-content\/uploads\/2021\/06\/t07-1024x91.jpg 1024w, https:\/\/kunmedierne.dk\/mors\/wp-content\/uploads\/2021\/06\/t07-768x68.jpg 768w, https:\/\/kunmedierne.dk\/mors\/wp-content\/uploads\/2021\/06\/t07-600x53.jpg 600w\" sizes=\"auto, (max-width: 1425px) 100vw, 1425px\" \/><\/a><\/h4>\n<hr \/>\n<p><em>Har du et bidrag til den lokale debat? Send det til os p\u00e5 e-mail: debat@kunmedierne.dk\/mors. Husk at l\u00e6se korrektur inden afsendelse p\u00e5 indl\u00e6gget.<\/em><\/p>\n<blockquote>\n<h4 class=\"western\">Tilmeld dig vores nyhedsbrev nederst p\u00e5 siden og modtag KunMors som din daglige lokalavis. S\u00e5 deltager du samtidig i lodtr\u00e6kningen om t\u00f8j fra <span lang=\"zxx\"><u><a href=\"https:\/\/www.facebook.com\/MrTorbenJensen\" target=\"_blank\" rel=\"noopener\">Mr. Torben Jensen<\/a><\/u><\/span>\u00a0for 600 kroner. L\u00e6s\u00a0<span lang=\"zxx\"><u><a href=\"https:\/\/kunmedierne.dk\/mors\/vind-toej-hos-mr-torben-jensen-for-600-kroner\/\" target=\"_blank\" rel=\"noopener\">her<\/a><\/u><\/span>\u00a0hvordan.<\/h4>\n<\/blockquote>\n<p>&nbsp;<\/p>\n","protected":false},"excerpt":{"rendered":"<p>Debatindl\u00e6g fra Chris Dahl, kandidat for Venstre ved Kommunalvalg 2021: MORS: Der er ingen tvivl at spore. P\u00e5 tv\u00e6rs af partierne bliver vigtigheden af b\u00f8rn og b\u00f8rnefamilier italesat i b\u00e5de valgmateriale og p\u00e5 v\u00e6lgerm\u00f8der. Jeg har dog endnu til gode at blive klogere p\u00e5 hvordan alle vil vise b\u00f8rnefamilierne at de er prioriterede borgere og [&hellip;]<\/p>\n","protected":false},"author":11,"featured_media":55374,"comment_status":"open","ping_status":"open","sticky":false,"template":"","format":"standard","meta":{"_acf_changed":false,"footnotes":""},"categories":[56],"tags":[167],"class_list":["post-55372","post","type-post","status-publish","format-standard","has-post-thumbnail","hentry","category-debat","tag-politik"],"acf":[],"yoast_head":"<!-- This site is optimized with the Yoast SEO plugin v26.8 - https:\/\/yoast.com\/product\/yoast-seo-wordpress\/ -->\n<title>- B\u00f8rnefamilierne er et vigtigt aktiv for vores fremtid p\u00e5 Mors - Mors<\/title>\n<meta name=\"robots\" content=\"index, follow, max-snippet:-1, max-image-preview:large, max-video-preview:-1\" \/>\n<link rel=\"canonical\" href=\"https:\/\/kunmedierne.dk\/mors\/boernefamilierne-er-et-vigtigt-aktiv-for-vores-fremtid-paa-mors\/\" \/>\n<meta property=\"og:locale\" content=\"da_DK\" \/>\n<meta property=\"og:type\" content=\"article\" \/>\n<meta property=\"og:title\" content=\"- B\u00f8rnefamilierne er et vigtigt aktiv for vores fremtid p\u00e5 Mors - Mors\" \/>\n<meta property=\"og:description\" content=\"Debatindl\u00e6g fra Chris Dahl, kandidat for Venstre ved Kommunalvalg 2021: MORS: Der er ingen tvivl at spore. P\u00e5 tv\u00e6rs af partierne bliver vigtigheden af b\u00f8rn og b\u00f8rnefamilier italesat i b\u00e5de valgmateriale og p\u00e5 v\u00e6lgerm\u00f8der. Jeg har dog endnu til gode at blive klogere p\u00e5 hvordan alle vil vise b\u00f8rnefamilierne at de er prioriterede borgere og [&hellip;]\" \/>\n<meta property=\"og:url\" content=\"https:\/\/kunmedierne.dk\/mors\/boernefamilierne-er-et-vigtigt-aktiv-for-vores-fremtid-paa-mors\/\" \/>\n<meta property=\"og:site_name\" content=\"Mors\" \/>\n<meta property=\"article:published_time\" content=\"2021-10-22T18:35:03+00:00\" \/>\n<meta property=\"article:modified_time\" content=\"2024-08-12T11:36:01+00:00\" \/>\n<meta property=\"og:image\" content=\"https:\/\/kunmedierne.dk\/mors\/wp-content\/uploads\/2021\/10\/chris-dahl.jpg\" \/>\n\t<meta property=\"og:image:width\" content=\"770\" \/>\n\t<meta property=\"og:image:height\" content=\"513\" \/>\n\t<meta property=\"og:image:type\" content=\"image\/jpeg\" \/>\n<meta name=\"author\" content=\"Debat\" \/>\n<meta name=\"twitter:card\" content=\"summary_large_image\" \/>\n<meta name=\"twitter:label1\" content=\"Skrevet af\" \/>\n\t<meta name=\"twitter:data1\" content=\"Debat\" \/>\n\t<meta name=\"twitter:label2\" content=\"Estimeret l\u00e6setid\" \/>\n\t<meta name=\"twitter:data2\" content=\"4 minutter\" \/>\n<script type=\"application\/ld+json\" class=\"yoast-schema-graph\">{\"@context\":\"https:\/\/schema.org\",\"@graph\":[{\"@type\":\"Article\",\"@id\":\"https:\/\/kunmedierne.dk\/mors\/boernefamilierne-er-et-vigtigt-aktiv-for-vores-fremtid-paa-mors\/#article\",\"isPartOf\":{\"@id\":\"https:\/\/kunmedierne.dk\/mors\/boernefamilierne-er-et-vigtigt-aktiv-for-vores-fremtid-paa-mors\/\"},\"author\":{\"name\":\"Debat\",\"@id\":\"https:\/\/kunmedierne.dk\/mors\/#\/schema\/person\/84c1391bce0b43b9bb3a49736bc0ad78\"},\"headline\":\"&#8211; B\u00f8rnefamilierne er et vigtigt aktiv for vores fremtid p\u00e5 Mors\",\"datePublished\":\"2021-10-22T18:35:03+00:00\",\"dateModified\":\"2024-08-12T11:36:01+00:00\",\"mainEntityOfPage\":{\"@id\":\"https:\/\/kunmedierne.dk\/mors\/boernefamilierne-er-et-vigtigt-aktiv-for-vores-fremtid-paa-mors\/\"},\"wordCount\":656,\"commentCount\":0,\"publisher\":{\"@id\":\"https:\/\/kunmedierne.dk\/mors\/#organization\"},\"image\":{\"@id\":\"https:\/\/kunmedierne.dk\/mors\/boernefamilierne-er-et-vigtigt-aktiv-for-vores-fremtid-paa-mors\/#primaryimage\"},\"thumbnailUrl\":\"https:\/\/kunmedierne.dk\/mors\/wp-content\/uploads\/2021\/10\/chris-dahl.jpg\",\"keywords\":[\"Politik\"],\"articleSection\":[\"Debat\"],\"inLanguage\":\"da-DK\",\"potentialAction\":[{\"@type\":\"CommentAction\",\"name\":\"Comment\",\"target\":[\"https:\/\/kunmedierne.dk\/mors\/boernefamilierne-er-et-vigtigt-aktiv-for-vores-fremtid-paa-mors\/#respond\"]}]},{\"@type\":\"WebPage\",\"@id\":\"https:\/\/kunmedierne.dk\/mors\/boernefamilierne-er-et-vigtigt-aktiv-for-vores-fremtid-paa-mors\/\",\"url\":\"https:\/\/kunmedierne.dk\/mors\/boernefamilierne-er-et-vigtigt-aktiv-for-vores-fremtid-paa-mors\/\",\"name\":\"- B\u00f8rnefamilierne er et vigtigt aktiv for vores fremtid p\u00e5 Mors - Mors\",\"isPartOf\":{\"@id\":\"https:\/\/kunmedierne.dk\/mors\/#website\"},\"primaryImageOfPage\":{\"@id\":\"https:\/\/kunmedierne.dk\/mors\/boernefamilierne-er-et-vigtigt-aktiv-for-vores-fremtid-paa-mors\/#primaryimage\"},\"image\":{\"@id\":\"https:\/\/kunmedierne.dk\/mors\/boernefamilierne-er-et-vigtigt-aktiv-for-vores-fremtid-paa-mors\/#primaryimage\"},\"thumbnailUrl\":\"https:\/\/kunmedierne.dk\/mors\/wp-content\/uploads\/2021\/10\/chris-dahl.jpg\",\"datePublished\":\"2021-10-22T18:35:03+00:00\",\"dateModified\":\"2024-08-12T11:36:01+00:00\",\"breadcrumb\":{\"@id\":\"https:\/\/kunmedierne.dk\/mors\/boernefamilierne-er-et-vigtigt-aktiv-for-vores-fremtid-paa-mors\/#breadcrumb\"},\"inLanguage\":\"da-DK\",\"potentialAction\":[{\"@type\":\"ReadAction\",\"target\":[\"https:\/\/kunmedierne.dk\/mors\/boernefamilierne-er-et-vigtigt-aktiv-for-vores-fremtid-paa-mors\/\"]}]},{\"@type\":\"ImageObject\",\"inLanguage\":\"da-DK\",\"@id\":\"https:\/\/kunmedierne.dk\/mors\/boernefamilierne-er-et-vigtigt-aktiv-for-vores-fremtid-paa-mors\/#primaryimage\",\"url\":\"https:\/\/kunmedierne.dk\/mors\/wp-content\/uploads\/2021\/10\/chris-dahl.jpg\",\"contentUrl\":\"https:\/\/kunmedierne.dk\/mors\/wp-content\/uploads\/2021\/10\/chris-dahl.jpg\",\"width\":770,\"height\":513,\"caption\":\"Chris Dahl, kandidat for Venstre ved Kommunalvalg 2021.\"},{\"@type\":\"BreadcrumbList\",\"@id\":\"https:\/\/kunmedierne.dk\/mors\/boernefamilierne-er-et-vigtigt-aktiv-for-vores-fremtid-paa-mors\/#breadcrumb\",\"itemListElement\":[{\"@type\":\"ListItem\",\"position\":1,\"name\":\"Hjem\",\"item\":\"https:\/\/kunmedierne.dk\/mors\/\"},{\"@type\":\"ListItem\",\"position\":2,\"name\":\"&#8211; B\u00f8rnefamilierne er et vigtigt aktiv for vores fremtid p\u00e5 Mors\"}]},{\"@type\":\"WebSite\",\"@id\":\"https:\/\/kunmedierne.dk\/mors\/#website\",\"url\":\"https:\/\/kunmedierne.dk\/mors\/\",\"name\":\"Mors\",\"description\":\"et netmedie med journalistik om livet p\u00e5 Mors\",\"publisher\":{\"@id\":\"https:\/\/kunmedierne.dk\/mors\/#organization\"},\"potentialAction\":[{\"@type\":\"SearchAction\",\"target\":{\"@type\":\"EntryPoint\",\"urlTemplate\":\"https:\/\/kunmedierne.dk\/mors\/?s={search_term_string}\"},\"query-input\":{\"@type\":\"PropertyValueSpecification\",\"valueRequired\":true,\"valueName\":\"search_term_string\"}}],\"inLanguage\":\"da-DK\"},{\"@type\":\"Organization\",\"@id\":\"https:\/\/kunmedierne.dk\/mors\/#organization\",\"name\":\"Mors\",\"url\":\"https:\/\/kunmedierne.dk\/mors\/\",\"logo\":{\"@type\":\"ImageObject\",\"inLanguage\":\"da-DK\",\"@id\":\"https:\/\/kunmedierne.dk\/mors\/#\/schema\/logo\/image\/\",\"url\":\"https:\/\/kunmedierne.dk\/mors\/wp-content\/uploads\/2024\/08\/kunmors-logo.svg\",\"contentUrl\":\"https:\/\/kunmedierne.dk\/mors\/wp-content\/uploads\/2024\/08\/kunmors-logo.svg\",\"caption\":\"Mors\"},\"image\":{\"@id\":\"https:\/\/kunmedierne.dk\/mors\/#\/schema\/logo\/image\/\"}},{\"@type\":\"Person\",\"@id\":\"https:\/\/kunmedierne.dk\/mors\/#\/schema\/person\/84c1391bce0b43b9bb3a49736bc0ad78\",\"name\":\"Debat\",\"image\":{\"@type\":\"ImageObject\",\"inLanguage\":\"da-DK\",\"@id\":\"https:\/\/kunmedierne.dk\/mors\/#\/schema\/person\/image\/\",\"url\":\"https:\/\/secure.gravatar.com\/avatar\/b0fb2e221d618f7c65162ab0d49c7e8a0b580c871ca03af90e42b47b4150654c?s=96&d=mm&r=g\",\"contentUrl\":\"https:\/\/secure.gravatar.com\/avatar\/b0fb2e221d618f7c65162ab0d49c7e8a0b580c871ca03af90e42b47b4150654c?s=96&d=mm&r=g\",\"caption\":\"Debat\"},\"url\":\"https:\/\/kunmedierne.dk\/mors\/author\/debat\/\"}]}<\/script>\n<!-- \/ Yoast SEO plugin. -->","yoast_head_json":{"title":"- B\u00f8rnefamilierne er et vigtigt aktiv for vores fremtid p\u00e5 Mors - Mors","robots":{"index":"index","follow":"follow","max-snippet":"max-snippet:-1","max-image-preview":"max-image-preview:large","max-video-preview":"max-video-preview:-1"},"canonical":"https:\/\/kunmedierne.dk\/mors\/boernefamilierne-er-et-vigtigt-aktiv-for-vores-fremtid-paa-mors\/","og_locale":"da_DK","og_type":"article","og_title":"- B\u00f8rnefamilierne er et vigtigt aktiv for vores fremtid p\u00e5 Mors - Mors","og_description":"Debatindl\u00e6g fra Chris Dahl, kandidat for Venstre ved Kommunalvalg 2021: MORS: Der er ingen tvivl at spore. P\u00e5 tv\u00e6rs af partierne bliver vigtigheden af b\u00f8rn og b\u00f8rnefamilier italesat i b\u00e5de valgmateriale og p\u00e5 v\u00e6lgerm\u00f8der. Jeg har dog endnu til gode at blive klogere p\u00e5 hvordan alle vil vise b\u00f8rnefamilierne at de er prioriterede borgere og [&hellip;]","og_url":"https:\/\/kunmedierne.dk\/mors\/boernefamilierne-er-et-vigtigt-aktiv-for-vores-fremtid-paa-mors\/","og_site_name":"Mors","article_published_time":"2021-10-22T18:35:03+00:00","article_modified_time":"2024-08-12T11:36:01+00:00","og_image":[{"width":770,"height":513,"url":"https:\/\/kunmedierne.dk\/mors\/wp-content\/uploads\/2021\/10\/chris-dahl.jpg","type":"image\/jpeg"}],"author":"Debat","twitter_card":"summary_large_image","twitter_misc":{"Skrevet af":"Debat","Estimeret l\u00e6setid":"4 minutter"},"schema":{"@context":"https:\/\/schema.org","@graph":[{"@type":"Article","@id":"https:\/\/kunmedierne.dk\/mors\/boernefamilierne-er-et-vigtigt-aktiv-for-vores-fremtid-paa-mors\/#article","isPartOf":{"@id":"https:\/\/kunmedierne.dk\/mors\/boernefamilierne-er-et-vigtigt-aktiv-for-vores-fremtid-paa-mors\/"},"author":{"name":"Debat","@id":"https:\/\/kunmedierne.dk\/mors\/#\/schema\/person\/84c1391bce0b43b9bb3a49736bc0ad78"},"headline":"&#8211; B\u00f8rnefamilierne er et vigtigt aktiv for vores fremtid p\u00e5 Mors","datePublished":"2021-10-22T18:35:03+00:00","dateModified":"2024-08-12T11:36:01+00:00","mainEntityOfPage":{"@id":"https:\/\/kunmedierne.dk\/mors\/boernefamilierne-er-et-vigtigt-aktiv-for-vores-fremtid-paa-mors\/"},"wordCount":656,"commentCount":0,"publisher":{"@id":"https:\/\/kunmedierne.dk\/mors\/#organization"},"image":{"@id":"https:\/\/kunmedierne.dk\/mors\/boernefamilierne-er-et-vigtigt-aktiv-for-vores-fremtid-paa-mors\/#primaryimage"},"thumbnailUrl":"https:\/\/kunmedierne.dk\/mors\/wp-content\/uploads\/2021\/10\/chris-dahl.jpg","keywords":["Politik"],"articleSection":["Debat"],"inLanguage":"da-DK","potentialAction":[{"@type":"CommentAction","name":"Comment","target":["https:\/\/kunmedierne.dk\/mors\/boernefamilierne-er-et-vigtigt-aktiv-for-vores-fremtid-paa-mors\/#respond"]}]},{"@type":"WebPage","@id":"https:\/\/kunmedierne.dk\/mors\/boernefamilierne-er-et-vigtigt-aktiv-for-vores-fremtid-paa-mors\/","url":"https:\/\/kunmedierne.dk\/mors\/boernefamilierne-er-et-vigtigt-aktiv-for-vores-fremtid-paa-mors\/","name":"- B\u00f8rnefamilierne er et vigtigt aktiv for vores fremtid p\u00e5 Mors - Mors","isPartOf":{"@id":"https:\/\/kunmedierne.dk\/mors\/#website"},"primaryImageOfPage":{"@id":"https:\/\/kunmedierne.dk\/mors\/boernefamilierne-er-et-vigtigt-aktiv-for-vores-fremtid-paa-mors\/#primaryimage"},"image":{"@id":"https:\/\/kunmedierne.dk\/mors\/boernefamilierne-er-et-vigtigt-aktiv-for-vores-fremtid-paa-mors\/#primaryimage"},"thumbnailUrl":"https:\/\/kunmedierne.dk\/mors\/wp-content\/uploads\/2021\/10\/chris-dahl.jpg","datePublished":"2021-10-22T18:35:03+00:00","dateModified":"2024-08-12T11:36:01+00:00","breadcrumb":{"@id":"https:\/\/kunmedierne.dk\/mors\/boernefamilierne-er-et-vigtigt-aktiv-for-vores-fremtid-paa-mors\/#breadcrumb"},"inLanguage":"da-DK","potentialAction":[{"@type":"ReadAction","target":["https:\/\/kunmedierne.dk\/mors\/boernefamilierne-er-et-vigtigt-aktiv-for-vores-fremtid-paa-mors\/"]}]},{"@type":"ImageObject","inLanguage":"da-DK","@id":"https:\/\/kunmedierne.dk\/mors\/boernefamilierne-er-et-vigtigt-aktiv-for-vores-fremtid-paa-mors\/#primaryimage","url":"https:\/\/kunmedierne.dk\/mors\/wp-content\/uploads\/2021\/10\/chris-dahl.jpg","contentUrl":"https:\/\/kunmedierne.dk\/mors\/wp-content\/uploads\/2021\/10\/chris-dahl.jpg","width":770,"height":513,"caption":"Chris Dahl, kandidat for Venstre ved Kommunalvalg 2021."},{"@type":"BreadcrumbList","@id":"https:\/\/kunmedierne.dk\/mors\/boernefamilierne-er-et-vigtigt-aktiv-for-vores-fremtid-paa-mors\/#breadcrumb","itemListElement":[{"@type":"ListItem","position":1,"name":"Hjem","item":"https:\/\/kunmedierne.dk\/mors\/"},{"@type":"ListItem","position":2,"name":"&#8211; B\u00f8rnefamilierne er et vigtigt aktiv for vores fremtid p\u00e5 Mors"}]},{"@type":"WebSite","@id":"https:\/\/kunmedierne.dk\/mors\/#website","url":"https:\/\/kunmedierne.dk\/mors\/","name":"Mors","description":"et netmedie med journalistik om livet p\u00e5 Mors","publisher":{"@id":"https:\/\/kunmedierne.dk\/mors\/#organization"},"potentialAction":[{"@type":"SearchAction","target":{"@type":"EntryPoint","urlTemplate":"https:\/\/kunmedierne.dk\/mors\/?s={search_term_string}"},"query-input":{"@type":"PropertyValueSpecification","valueRequired":true,"valueName":"search_term_string"}}],"inLanguage":"da-DK"},{"@type":"Organization","@id":"https:\/\/kunmedierne.dk\/mors\/#organization","name":"Mors","url":"https:\/\/kunmedierne.dk\/mors\/","logo":{"@type":"ImageObject","inLanguage":"da-DK","@id":"https:\/\/kunmedierne.dk\/mors\/#\/schema\/logo\/image\/","url":"https:\/\/kunmedierne.dk\/mors\/wp-content\/uploads\/2024\/08\/kunmors-logo.svg","contentUrl":"https:\/\/kunmedierne.dk\/mors\/wp-content\/uploads\/2024\/08\/kunmors-logo.svg","caption":"Mors"},"image":{"@id":"https:\/\/kunmedierne.dk\/mors\/#\/schema\/logo\/image\/"}},{"@type":"Person","@id":"https:\/\/kunmedierne.dk\/mors\/#\/schema\/person\/84c1391bce0b43b9bb3a49736bc0ad78","name":"Debat","image":{"@type":"ImageObject","inLanguage":"da-DK","@id":"https:\/\/kunmedierne.dk\/mors\/#\/schema\/person\/image\/","url":"https:\/\/secure.gravatar.com\/avatar\/b0fb2e221d618f7c65162ab0d49c7e8a0b580c871ca03af90e42b47b4150654c?s=96&d=mm&r=g","contentUrl":"https:\/\/secure.gravatar.com\/avatar\/b0fb2e221d618f7c65162ab0d49c7e8a0b580c871ca03af90e42b47b4150654c?s=96&d=mm&r=g","caption":"Debat"},"url":"https:\/\/kunmedierne.dk\/mors\/author\/debat\/"}]}},"_links":{"self":[{"href":"https:\/\/kunmedierne.dk\/mors\/wp-json\/wp\/v2\/posts\/55372","targetHints":{"allow":["GET"]}}],"collection":[{"href":"https:\/\/kunmedierne.dk\/mors\/wp-json\/wp\/v2\/posts"}],"about":[{"href":"https:\/\/kunmedierne.dk\/mors\/wp-json\/wp\/v2\/types\/post"}],"author":[{"embeddable":true,"href":"https:\/\/kunmedierne.dk\/mors\/wp-json\/wp\/v2\/users\/11"}],"replies":[{"embeddable":true,"href":"https:\/\/kunmedierne.dk\/mors\/wp-json\/wp\/v2\/comments?post=55372"}],"version-history":[{"count":2,"href":"https:\/\/kunmedierne.dk\/mors\/wp-json\/wp\/v2\/posts\/55372\/revisions"}],"predecessor-version":[{"id":55376,"href":"https:\/\/kunmedierne.dk\/mors\/wp-json\/wp\/v2\/posts\/55372\/revisions\/55376"}],"wp:featuredmedia":[{"embeddable":true,"href":"https:\/\/kunmedierne.dk\/mors\/wp-json\/wp\/v2\/media\/55374"}],"wp:attachment":[{"href":"https:\/\/kunmedierne.dk\/mors\/wp-json\/wp\/v2\/media?parent=55372"}],"wp:term":[{"taxonomy":"category","embeddable":true,"href":"https:\/\/kunmedierne.dk\/mors\/wp-json\/wp\/v2\/categories?post=55372"},{"taxonomy":"post_tag","embeddable":true,"href":"https:\/\/kunmedierne.dk\/mors\/wp-json\/wp\/v2\/tags?post=55372"}],"curies":[{"name":"wp","href":"https:\/\/api.w.org\/{rel}","templated":true}]}}