{"id":55299,"date":"2021-10-22T12:21:30","date_gmt":"2021-10-22T10:21:30","guid":{"rendered":"https:\/\/kunmedierne.dk\/mors\/?p=55299"},"modified":"2024-08-12T13:36:01","modified_gmt":"2024-08-12T11:36:01","slug":"hvis-bare-jeg-havde-et-pengetrae","status":"publish","type":"post","link":"https:\/\/kunmedierne.dk\/mors\/hvis-bare-jeg-havde-et-pengetrae\/","title":{"rendered":"&#8211; Hvis bare jeg havde et pengetr\u00e6&#8230;"},"content":{"rendered":"<p><em>Debatindl\u00e6g fra Jytte Foldbjerg, kandidat for Venstre ved Kommunalvalg 2021:<\/em><\/p>\n<hr \/>\n<p class=\"v1MsoNormal\"><strong>MORS<\/strong>: S\u00e5 er valgkampen skudt i gang og der er mange \u00f8nsker og ideer til hvordan vi g\u00f8r Mors til det bedste sted i verden.<\/p>\n<p class=\"v1MsoNormal\">Jeg har ogs\u00e5 mange ideer, desv\u00e6rre er de fleste langt fra gratis, s\u00e5 her en lille \u00f8nskeliste.<\/p>\n<p class=\"v1MsoNormal\"><a href=\"https:\/\/www.sparnord.dk\/filialer\/nykoebing-mors\/\"><img loading=\"lazy\" decoding=\"async\" class=\"alignleft size-full wp-image-46595\" src=\"https:\/\/kunmedierne.dk\/mors\/wp-content\/uploads\/2021\/06\/t04.jpg\" alt=\"\" width=\"1400\" height=\"123\" srcset=\"https:\/\/kunmedierne.dk\/mors\/wp-content\/uploads\/2021\/06\/t04.jpg 1400w, https:\/\/kunmedierne.dk\/mors\/wp-content\/uploads\/2021\/06\/t04-300x26.jpg 300w, https:\/\/kunmedierne.dk\/mors\/wp-content\/uploads\/2021\/06\/t04-1024x90.jpg 1024w, https:\/\/kunmedierne.dk\/mors\/wp-content\/uploads\/2021\/06\/t04-768x67.jpg 768w, https:\/\/kunmedierne.dk\/mors\/wp-content\/uploads\/2021\/06\/t04-600x53.jpg 600w\" sizes=\"auto, (max-width: 1400px) 100vw, 1400px\" \/><\/a>Hvis bare jeg havde et pengetr\u00e6:<\/p>\n<p class=\"v1MsoListParagraphCxSpFirst\">&#8211;\u00a0\u00a0\u00a0\u00a0\u00a0\u00a0\u00a0S\u00e5 ville jeg have alle de &#8220;varme h\u00e6nder&#8221;, jeg synes vore \u00e6ldre fortjener. Der skal drages omsorg for de \u00e6ldre, de har trods alt lagt hj\u00f8rnestenene for det Mors vi har i dag.<\/p>\n<p class=\"v1MsoListParagraphCxSpMiddle\">&#8211;\u00a0\u00a0\u00a0\u00a0\u00a0\u00a0\u00a0S\u00e5 ville jeg give kommunens ansatte de bedste forhold de kunne \u00f8nske sig, b\u00e5de fysisk og psykisk. De skal have et godt arbejdsmilj\u00f8, en god l\u00f8n, fleksible arbejdsforhold og arbejdstid og de skal have mulighed for personlig udvikling.<\/p>\n<p class=\"v1MsoListParagraphCxSpMiddle\">&#8211;\u00a0\u00a0\u00a0\u00a0\u00a0\u00a0\u00a0S\u00e5 skulle \u00d8ens borgere v\u00e6re de sundeste i landet.<\/p>\n<p class=\"v1MsoListParagraphCxSpMiddle\">&#8211;\u00a0\u00a0\u00a0\u00a0\u00a0\u00a0\u00a0S\u00e5 skulle alle have den absolut bedste og mest professionelle behandling i verden og den skulle v\u00e6re tilg\u00e6ngelig lige rundt om hj\u00f8rnet.<\/p>\n<p class=\"v1MsoListParagraphCxSpMiddle\">&#8211;\u00a0\u00a0\u00a0\u00a0\u00a0\u00a0\u00a0S\u00e5 skulle udsatte familier, have mest mulig hj\u00e6lp til at f\u00e5 et godt liv.<\/p>\n<p class=\"v1MsoListParagraphCxSpMiddle\">&#8211;\u00a0\u00a0\u00a0\u00a0\u00a0\u00a0\u00a0S\u00e5 skulle ALLE b\u00f8rn og unge have de absolut bedste betingelser for at blive den bedste udgave af sig selv, uden skelen til \u00f8konomi.<\/p>\n<p class=\"v1MsoListParagraphCxSpMiddle\">&#8211;\u00a0\u00a0\u00a0\u00a0\u00a0\u00a0\u00a0S\u00e5 skulle erhvervet have de absolut bedste vilk\u00e5r i landet.<\/p>\n<p class=\"v1MsoListParagraphCxSpMiddle\">&#8211;\u00a0\u00a0\u00a0\u00a0\u00a0\u00a0\u00a0S\u00e5 skulle fysiske og psykiske handikappede have lige adgang og muligheder.<\/p>\n<p class=\"v1MsoListParagraphCxSpMiddle\">&#8211;\u00a0\u00a0\u00a0\u00a0\u00a0\u00a0\u00a0Skulle vore skoler have rummelighed og klassekvotienten skulle v\u00e6re meget lav, s\u00e5 l\u00e6rerne og eleverne ville f\u00e5 de absolut bedste vilk\u00e5r for at lykkes.<\/p>\n<p class=\"v1MsoListParagraphCxSpMiddle\">&#8211;\u00a0\u00a0\u00a0\u00a0\u00a0\u00a0\u00a0S\u00e5 skulle vore daginstitutioner have gode nomineringer og der er pasningsgaranti.<\/p>\n<p class=\"v1MsoListParagraphCxSpMiddle\">&#8211;\u00a0\u00a0\u00a0\u00a0\u00a0\u00a0\u00a0S\u00e5 ville jeg lave alle de rigtige tiltag med hensyn til den gr\u00f8nne omstilling, g\u00e6ldende fra i morgen.<\/p>\n<p class=\"v1MsoListParagraphCxSpMiddle\">&#8211;\u00a0\u00a0\u00a0\u00a0\u00a0\u00a0\u00a0S\u00e5 skulle kommunens bilpark ville blive skiftet ud med det samme og ikke f\u00f8rst n\u00e5r den alligevel skal fornyes.<\/p>\n<p class=\"v1MsoListParagraphCxSpMiddle\">&#8211;\u00a0\u00a0\u00a0\u00a0\u00a0\u00a0\u00a0S\u00e5 skulle renoveringen at kommunens bygninger ikke laves efter en tidsplan, men hurtigst muligt.<\/p>\n<p class=\"v1MsoListParagraphCxSpMiddle\">&#8211;\u00a0\u00a0\u00a0\u00a0\u00a0\u00a0\u00a0S\u00e5 skulle Mors s\u00e5 forrest med den gr\u00f8nne omstilling i Danmark.<\/p>\n<p class=\"v1MsoListParagraphCxSpMiddle\">&#8211;\u00a0\u00a0\u00a0\u00a0\u00a0\u00a0\u00a0S\u00e5 skulle alle fortov p\u00e5 \u00d8en rettes op, s\u00e5 alle ville kunne f\u00e6rdes uden problemer, ogs\u00e5 de med rollator og de i k\u00f8restol.<\/p>\n<p class=\"v1MsoListParagraphCxSpLast\">&#8211;\u00a0\u00a0\u00a0\u00a0\u00a0\u00a0\u00a0S\u00e5 skulle alle hullede veje p\u00e5 \u00f8en asfalteres, s\u00e5 vi kunne f\u00e6rdes uden gener.<\/p>\n<p class=\"v1MsoNormal\"><a href=\"http:\/\/www.limfjordsteatret.dk\/#front\"><img loading=\"lazy\" decoding=\"async\" class=\"alignleft size-full wp-image-46596\" src=\"https:\/\/kunmedierne.dk\/mors\/wp-content\/uploads\/2021\/06\/t05.jpg\" alt=\"\" width=\"1400\" height=\"125\" srcset=\"https:\/\/kunmedierne.dk\/mors\/wp-content\/uploads\/2021\/06\/t05.jpg 1400w, https:\/\/kunmedierne.dk\/mors\/wp-content\/uploads\/2021\/06\/t05-300x27.jpg 300w, https:\/\/kunmedierne.dk\/mors\/wp-content\/uploads\/2021\/06\/t05-1024x91.jpg 1024w, https:\/\/kunmedierne.dk\/mors\/wp-content\/uploads\/2021\/06\/t05-768x69.jpg 768w, https:\/\/kunmedierne.dk\/mors\/wp-content\/uploads\/2021\/06\/t05-600x54.jpg 600w\" sizes=\"auto, (max-width: 1400px) 100vw, 1400px\" \/><\/a>Desv\u00e6rre har jeg ikke et pengetr\u00e6 og ligesom enhj\u00f8rninger, findes det desv\u00e6rre ikke.<\/p>\n<p class=\"v1MsoNormal\">\u00d8konomien skal h\u00e6nge sammen, der skal laves prioriteringer og alle p\u00e5 Mors har ret til at f\u00e5 nogle \u00f8nsker opfyldt. Vi skal tilgodese mange med f\u00e5 midler og det er det jeg gerne vil hj\u00e6lpe med.<\/p>\n<p class=\"v1MsoNormal\">Goderne skal fordeles til gl\u00e6de og gavn for alle. Det er \u00e6rlighed, ansvarlighed og engagement.<\/p>\n<hr \/>\n<p><em>Har du et bidrag til den lokale debat? Send det til os p\u00e5 e-mail: debat@kunmedierne.dk\/mors. Husk at l\u00e6se korrektur inden afsendelse p\u00e5 indl\u00e6gget.<\/em><\/p>\n<blockquote>\n<h4 class=\"western\">Tilmeld dig vores nyhedsbrev nederst p\u00e5 siden og modtag KunMors som din daglige lokalavis. S\u00e5 deltager du samtidig i lodtr\u00e6kningen om t\u00f8j fra\u00a0<span lang=\"zxx\"><u><a href=\"https:\/\/www.facebook.com\/MrTorbenJensen\" target=\"_blank\" rel=\"noopener\">Mr. Torben Jensen<\/a><\/u><\/span>\u00a0for 600 kroner. L\u00e6s\u00a0<span lang=\"zxx\"><u><a href=\"https:\/\/kunmedierne.dk\/mors\/vind-toej-hos-mr-torben-jensen-for-600-kroner\/\" target=\"_blank\" rel=\"noopener\">her<\/a><\/u><\/span>\u00a0hvordan.<\/h4>\n<\/blockquote>\n","protected":false},"excerpt":{"rendered":"<p>Debatindl\u00e6g fra Jytte Foldbjerg, kandidat for Venstre ved Kommunalvalg 2021: MORS: S\u00e5 er valgkampen skudt i gang og der er mange \u00f8nsker og ideer til hvordan vi g\u00f8r Mors til det bedste sted i verden. Jeg har ogs\u00e5 mange ideer, desv\u00e6rre er de fleste langt fra gratis, s\u00e5 her en lille \u00f8nskeliste. Hvis bare jeg [&hellip;]<\/p>\n","protected":false},"author":11,"featured_media":42422,"comment_status":"open","ping_status":"open","sticky":false,"template":"","format":"standard","meta":{"_acf_changed":false,"footnotes":""},"categories":[56],"tags":[167],"class_list":["post-55299","post","type-post","status-publish","format-standard","has-post-thumbnail","hentry","category-debat","tag-politik"],"acf":[],"yoast_head":"<!-- This site is optimized with the Yoast SEO plugin v26.8 - https:\/\/yoast.com\/product\/yoast-seo-wordpress\/ -->\n<title>- Hvis bare jeg havde et pengetr\u00e6... - Mors<\/title>\n<meta name=\"robots\" content=\"index, follow, max-snippet:-1, max-image-preview:large, max-video-preview:-1\" \/>\n<link rel=\"canonical\" href=\"https:\/\/kunmedierne.dk\/mors\/hvis-bare-jeg-havde-et-pengetrae\/\" \/>\n<meta property=\"og:locale\" content=\"da_DK\" \/>\n<meta property=\"og:type\" content=\"article\" \/>\n<meta property=\"og:title\" content=\"- Hvis bare jeg havde et pengetr\u00e6... - Mors\" \/>\n<meta property=\"og:description\" content=\"Debatindl\u00e6g fra Jytte Foldbjerg, kandidat for Venstre ved Kommunalvalg 2021: MORS: S\u00e5 er valgkampen skudt i gang og der er mange \u00f8nsker og ideer til hvordan vi g\u00f8r Mors til det bedste sted i verden. Jeg har ogs\u00e5 mange ideer, desv\u00e6rre er de fleste langt fra gratis, s\u00e5 her en lille \u00f8nskeliste. Hvis bare jeg [&hellip;]\" \/>\n<meta property=\"og:url\" content=\"https:\/\/kunmedierne.dk\/mors\/hvis-bare-jeg-havde-et-pengetrae\/\" \/>\n<meta property=\"og:site_name\" content=\"Mors\" \/>\n<meta property=\"article:published_time\" content=\"2021-10-22T10:21:30+00:00\" \/>\n<meta property=\"article:modified_time\" content=\"2024-08-12T11:36:01+00:00\" \/>\n<meta property=\"og:image\" content=\"https:\/\/kunmedierne.dk\/mors\/wp-content\/uploads\/2021\/03\/Jytte-Foldberg2.jpg\" \/>\n\t<meta property=\"og:image:width\" content=\"770\" \/>\n\t<meta property=\"og:image:height\" content=\"513\" \/>\n\t<meta property=\"og:image:type\" content=\"image\/jpeg\" \/>\n<meta name=\"author\" content=\"Debat\" \/>\n<meta name=\"twitter:card\" content=\"summary_large_image\" \/>\n<meta name=\"twitter:label1\" content=\"Skrevet af\" \/>\n\t<meta name=\"twitter:data1\" content=\"Debat\" \/>\n\t<meta name=\"twitter:label2\" content=\"Estimeret l\u00e6setid\" \/>\n\t<meta name=\"twitter:data2\" content=\"3 minutter\" \/>\n<script type=\"application\/ld+json\" class=\"yoast-schema-graph\">{\"@context\":\"https:\/\/schema.org\",\"@graph\":[{\"@type\":\"Article\",\"@id\":\"https:\/\/kunmedierne.dk\/mors\/hvis-bare-jeg-havde-et-pengetrae\/#article\",\"isPartOf\":{\"@id\":\"https:\/\/kunmedierne.dk\/mors\/hvis-bare-jeg-havde-et-pengetrae\/\"},\"author\":{\"name\":\"Debat\",\"@id\":\"https:\/\/kunmedierne.dk\/mors\/#\/schema\/person\/84c1391bce0b43b9bb3a49736bc0ad78\"},\"headline\":\"&#8211; Hvis bare jeg havde et pengetr\u00e6&#8230;\",\"datePublished\":\"2021-10-22T10:21:30+00:00\",\"dateModified\":\"2024-08-12T11:36:01+00:00\",\"mainEntityOfPage\":{\"@id\":\"https:\/\/kunmedierne.dk\/mors\/hvis-bare-jeg-havde-et-pengetrae\/\"},\"wordCount\":531,\"commentCount\":0,\"publisher\":{\"@id\":\"https:\/\/kunmedierne.dk\/mors\/#organization\"},\"image\":{\"@id\":\"https:\/\/kunmedierne.dk\/mors\/hvis-bare-jeg-havde-et-pengetrae\/#primaryimage\"},\"thumbnailUrl\":\"https:\/\/kunmedierne.dk\/mors\/wp-content\/uploads\/2021\/03\/Jytte-Foldberg2.jpg\",\"keywords\":[\"Politik\"],\"articleSection\":[\"Debat\"],\"inLanguage\":\"da-DK\",\"potentialAction\":[{\"@type\":\"CommentAction\",\"name\":\"Comment\",\"target\":[\"https:\/\/kunmedierne.dk\/mors\/hvis-bare-jeg-havde-et-pengetrae\/#respond\"]}]},{\"@type\":\"WebPage\",\"@id\":\"https:\/\/kunmedierne.dk\/mors\/hvis-bare-jeg-havde-et-pengetrae\/\",\"url\":\"https:\/\/kunmedierne.dk\/mors\/hvis-bare-jeg-havde-et-pengetrae\/\",\"name\":\"- Hvis bare jeg havde et pengetr\u00e6... - Mors\",\"isPartOf\":{\"@id\":\"https:\/\/kunmedierne.dk\/mors\/#website\"},\"primaryImageOfPage\":{\"@id\":\"https:\/\/kunmedierne.dk\/mors\/hvis-bare-jeg-havde-et-pengetrae\/#primaryimage\"},\"image\":{\"@id\":\"https:\/\/kunmedierne.dk\/mors\/hvis-bare-jeg-havde-et-pengetrae\/#primaryimage\"},\"thumbnailUrl\":\"https:\/\/kunmedierne.dk\/mors\/wp-content\/uploads\/2021\/03\/Jytte-Foldberg2.jpg\",\"datePublished\":\"2021-10-22T10:21:30+00:00\",\"dateModified\":\"2024-08-12T11:36:01+00:00\",\"breadcrumb\":{\"@id\":\"https:\/\/kunmedierne.dk\/mors\/hvis-bare-jeg-havde-et-pengetrae\/#breadcrumb\"},\"inLanguage\":\"da-DK\",\"potentialAction\":[{\"@type\":\"ReadAction\",\"target\":[\"https:\/\/kunmedierne.dk\/mors\/hvis-bare-jeg-havde-et-pengetrae\/\"]}]},{\"@type\":\"ImageObject\",\"inLanguage\":\"da-DK\",\"@id\":\"https:\/\/kunmedierne.dk\/mors\/hvis-bare-jeg-havde-et-pengetrae\/#primaryimage\",\"url\":\"https:\/\/kunmedierne.dk\/mors\/wp-content\/uploads\/2021\/03\/Jytte-Foldberg2.jpg\",\"contentUrl\":\"https:\/\/kunmedierne.dk\/mors\/wp-content\/uploads\/2021\/03\/Jytte-Foldberg2.jpg\",\"width\":770,\"height\":513,\"caption\":\"Jytte Foldberg, kandidat for Venstre ved Kommunalvalg 2021.\"},{\"@type\":\"BreadcrumbList\",\"@id\":\"https:\/\/kunmedierne.dk\/mors\/hvis-bare-jeg-havde-et-pengetrae\/#breadcrumb\",\"itemListElement\":[{\"@type\":\"ListItem\",\"position\":1,\"name\":\"Hjem\",\"item\":\"https:\/\/kunmedierne.dk\/mors\/\"},{\"@type\":\"ListItem\",\"position\":2,\"name\":\"&#8211; Hvis bare jeg havde et pengetr\u00e6&#8230;\"}]},{\"@type\":\"WebSite\",\"@id\":\"https:\/\/kunmedierne.dk\/mors\/#website\",\"url\":\"https:\/\/kunmedierne.dk\/mors\/\",\"name\":\"Mors\",\"description\":\"et netmedie med journalistik om livet p\u00e5 Mors\",\"publisher\":{\"@id\":\"https:\/\/kunmedierne.dk\/mors\/#organization\"},\"potentialAction\":[{\"@type\":\"SearchAction\",\"target\":{\"@type\":\"EntryPoint\",\"urlTemplate\":\"https:\/\/kunmedierne.dk\/mors\/?s={search_term_string}\"},\"query-input\":{\"@type\":\"PropertyValueSpecification\",\"valueRequired\":true,\"valueName\":\"search_term_string\"}}],\"inLanguage\":\"da-DK\"},{\"@type\":\"Organization\",\"@id\":\"https:\/\/kunmedierne.dk\/mors\/#organization\",\"name\":\"Mors\",\"url\":\"https:\/\/kunmedierne.dk\/mors\/\",\"logo\":{\"@type\":\"ImageObject\",\"inLanguage\":\"da-DK\",\"@id\":\"https:\/\/kunmedierne.dk\/mors\/#\/schema\/logo\/image\/\",\"url\":\"https:\/\/kunmedierne.dk\/mors\/wp-content\/uploads\/2024\/08\/kunmors-logo.svg\",\"contentUrl\":\"https:\/\/kunmedierne.dk\/mors\/wp-content\/uploads\/2024\/08\/kunmors-logo.svg\",\"caption\":\"Mors\"},\"image\":{\"@id\":\"https:\/\/kunmedierne.dk\/mors\/#\/schema\/logo\/image\/\"}},{\"@type\":\"Person\",\"@id\":\"https:\/\/kunmedierne.dk\/mors\/#\/schema\/person\/84c1391bce0b43b9bb3a49736bc0ad78\",\"name\":\"Debat\",\"image\":{\"@type\":\"ImageObject\",\"inLanguage\":\"da-DK\",\"@id\":\"https:\/\/kunmedierne.dk\/mors\/#\/schema\/person\/image\/\",\"url\":\"https:\/\/secure.gravatar.com\/avatar\/b0fb2e221d618f7c65162ab0d49c7e8a0b580c871ca03af90e42b47b4150654c?s=96&d=mm&r=g\",\"contentUrl\":\"https:\/\/secure.gravatar.com\/avatar\/b0fb2e221d618f7c65162ab0d49c7e8a0b580c871ca03af90e42b47b4150654c?s=96&d=mm&r=g\",\"caption\":\"Debat\"},\"url\":\"https:\/\/kunmedierne.dk\/mors\/author\/debat\/\"}]}<\/script>\n<!-- \/ Yoast SEO plugin. -->","yoast_head_json":{"title":"- Hvis bare jeg havde et pengetr\u00e6... - Mors","robots":{"index":"index","follow":"follow","max-snippet":"max-snippet:-1","max-image-preview":"max-image-preview:large","max-video-preview":"max-video-preview:-1"},"canonical":"https:\/\/kunmedierne.dk\/mors\/hvis-bare-jeg-havde-et-pengetrae\/","og_locale":"da_DK","og_type":"article","og_title":"- Hvis bare jeg havde et pengetr\u00e6... - Mors","og_description":"Debatindl\u00e6g fra Jytte Foldbjerg, kandidat for Venstre ved Kommunalvalg 2021: MORS: S\u00e5 er valgkampen skudt i gang og der er mange \u00f8nsker og ideer til hvordan vi g\u00f8r Mors til det bedste sted i verden. Jeg har ogs\u00e5 mange ideer, desv\u00e6rre er de fleste langt fra gratis, s\u00e5 her en lille \u00f8nskeliste. Hvis bare jeg [&hellip;]","og_url":"https:\/\/kunmedierne.dk\/mors\/hvis-bare-jeg-havde-et-pengetrae\/","og_site_name":"Mors","article_published_time":"2021-10-22T10:21:30+00:00","article_modified_time":"2024-08-12T11:36:01+00:00","og_image":[{"width":770,"height":513,"url":"https:\/\/kunmedierne.dk\/mors\/wp-content\/uploads\/2021\/03\/Jytte-Foldberg2.jpg","type":"image\/jpeg"}],"author":"Debat","twitter_card":"summary_large_image","twitter_misc":{"Skrevet af":"Debat","Estimeret l\u00e6setid":"3 minutter"},"schema":{"@context":"https:\/\/schema.org","@graph":[{"@type":"Article","@id":"https:\/\/kunmedierne.dk\/mors\/hvis-bare-jeg-havde-et-pengetrae\/#article","isPartOf":{"@id":"https:\/\/kunmedierne.dk\/mors\/hvis-bare-jeg-havde-et-pengetrae\/"},"author":{"name":"Debat","@id":"https:\/\/kunmedierne.dk\/mors\/#\/schema\/person\/84c1391bce0b43b9bb3a49736bc0ad78"},"headline":"&#8211; Hvis bare jeg havde et pengetr\u00e6&#8230;","datePublished":"2021-10-22T10:21:30+00:00","dateModified":"2024-08-12T11:36:01+00:00","mainEntityOfPage":{"@id":"https:\/\/kunmedierne.dk\/mors\/hvis-bare-jeg-havde-et-pengetrae\/"},"wordCount":531,"commentCount":0,"publisher":{"@id":"https:\/\/kunmedierne.dk\/mors\/#organization"},"image":{"@id":"https:\/\/kunmedierne.dk\/mors\/hvis-bare-jeg-havde-et-pengetrae\/#primaryimage"},"thumbnailUrl":"https:\/\/kunmedierne.dk\/mors\/wp-content\/uploads\/2021\/03\/Jytte-Foldberg2.jpg","keywords":["Politik"],"articleSection":["Debat"],"inLanguage":"da-DK","potentialAction":[{"@type":"CommentAction","name":"Comment","target":["https:\/\/kunmedierne.dk\/mors\/hvis-bare-jeg-havde-et-pengetrae\/#respond"]}]},{"@type":"WebPage","@id":"https:\/\/kunmedierne.dk\/mors\/hvis-bare-jeg-havde-et-pengetrae\/","url":"https:\/\/kunmedierne.dk\/mors\/hvis-bare-jeg-havde-et-pengetrae\/","name":"- Hvis bare jeg havde et pengetr\u00e6... - Mors","isPartOf":{"@id":"https:\/\/kunmedierne.dk\/mors\/#website"},"primaryImageOfPage":{"@id":"https:\/\/kunmedierne.dk\/mors\/hvis-bare-jeg-havde-et-pengetrae\/#primaryimage"},"image":{"@id":"https:\/\/kunmedierne.dk\/mors\/hvis-bare-jeg-havde-et-pengetrae\/#primaryimage"},"thumbnailUrl":"https:\/\/kunmedierne.dk\/mors\/wp-content\/uploads\/2021\/03\/Jytte-Foldberg2.jpg","datePublished":"2021-10-22T10:21:30+00:00","dateModified":"2024-08-12T11:36:01+00:00","breadcrumb":{"@id":"https:\/\/kunmedierne.dk\/mors\/hvis-bare-jeg-havde-et-pengetrae\/#breadcrumb"},"inLanguage":"da-DK","potentialAction":[{"@type":"ReadAction","target":["https:\/\/kunmedierne.dk\/mors\/hvis-bare-jeg-havde-et-pengetrae\/"]}]},{"@type":"ImageObject","inLanguage":"da-DK","@id":"https:\/\/kunmedierne.dk\/mors\/hvis-bare-jeg-havde-et-pengetrae\/#primaryimage","url":"https:\/\/kunmedierne.dk\/mors\/wp-content\/uploads\/2021\/03\/Jytte-Foldberg2.jpg","contentUrl":"https:\/\/kunmedierne.dk\/mors\/wp-content\/uploads\/2021\/03\/Jytte-Foldberg2.jpg","width":770,"height":513,"caption":"Jytte Foldberg, kandidat for Venstre ved Kommunalvalg 2021."},{"@type":"BreadcrumbList","@id":"https:\/\/kunmedierne.dk\/mors\/hvis-bare-jeg-havde-et-pengetrae\/#breadcrumb","itemListElement":[{"@type":"ListItem","position":1,"name":"Hjem","item":"https:\/\/kunmedierne.dk\/mors\/"},{"@type":"ListItem","position":2,"name":"&#8211; Hvis bare jeg havde et pengetr\u00e6&#8230;"}]},{"@type":"WebSite","@id":"https:\/\/kunmedierne.dk\/mors\/#website","url":"https:\/\/kunmedierne.dk\/mors\/","name":"Mors","description":"et netmedie med journalistik om livet p\u00e5 Mors","publisher":{"@id":"https:\/\/kunmedierne.dk\/mors\/#organization"},"potentialAction":[{"@type":"SearchAction","target":{"@type":"EntryPoint","urlTemplate":"https:\/\/kunmedierne.dk\/mors\/?s={search_term_string}"},"query-input":{"@type":"PropertyValueSpecification","valueRequired":true,"valueName":"search_term_string"}}],"inLanguage":"da-DK"},{"@type":"Organization","@id":"https:\/\/kunmedierne.dk\/mors\/#organization","name":"Mors","url":"https:\/\/kunmedierne.dk\/mors\/","logo":{"@type":"ImageObject","inLanguage":"da-DK","@id":"https:\/\/kunmedierne.dk\/mors\/#\/schema\/logo\/image\/","url":"https:\/\/kunmedierne.dk\/mors\/wp-content\/uploads\/2024\/08\/kunmors-logo.svg","contentUrl":"https:\/\/kunmedierne.dk\/mors\/wp-content\/uploads\/2024\/08\/kunmors-logo.svg","caption":"Mors"},"image":{"@id":"https:\/\/kunmedierne.dk\/mors\/#\/schema\/logo\/image\/"}},{"@type":"Person","@id":"https:\/\/kunmedierne.dk\/mors\/#\/schema\/person\/84c1391bce0b43b9bb3a49736bc0ad78","name":"Debat","image":{"@type":"ImageObject","inLanguage":"da-DK","@id":"https:\/\/kunmedierne.dk\/mors\/#\/schema\/person\/image\/","url":"https:\/\/secure.gravatar.com\/avatar\/b0fb2e221d618f7c65162ab0d49c7e8a0b580c871ca03af90e42b47b4150654c?s=96&d=mm&r=g","contentUrl":"https:\/\/secure.gravatar.com\/avatar\/b0fb2e221d618f7c65162ab0d49c7e8a0b580c871ca03af90e42b47b4150654c?s=96&d=mm&r=g","caption":"Debat"},"url":"https:\/\/kunmedierne.dk\/mors\/author\/debat\/"}]}},"_links":{"self":[{"href":"https:\/\/kunmedierne.dk\/mors\/wp-json\/wp\/v2\/posts\/55299","targetHints":{"allow":["GET"]}}],"collection":[{"href":"https:\/\/kunmedierne.dk\/mors\/wp-json\/wp\/v2\/posts"}],"about":[{"href":"https:\/\/kunmedierne.dk\/mors\/wp-json\/wp\/v2\/types\/post"}],"author":[{"embeddable":true,"href":"https:\/\/kunmedierne.dk\/mors\/wp-json\/wp\/v2\/users\/11"}],"replies":[{"embeddable":true,"href":"https:\/\/kunmedierne.dk\/mors\/wp-json\/wp\/v2\/comments?post=55299"}],"version-history":[{"count":3,"href":"https:\/\/kunmedierne.dk\/mors\/wp-json\/wp\/v2\/posts\/55299\/revisions"}],"predecessor-version":[{"id":55303,"href":"https:\/\/kunmedierne.dk\/mors\/wp-json\/wp\/v2\/posts\/55299\/revisions\/55303"}],"wp:featuredmedia":[{"embeddable":true,"href":"https:\/\/kunmedierne.dk\/mors\/wp-json\/wp\/v2\/media\/42422"}],"wp:attachment":[{"href":"https:\/\/kunmedierne.dk\/mors\/wp-json\/wp\/v2\/media?parent=55299"}],"wp:term":[{"taxonomy":"category","embeddable":true,"href":"https:\/\/kunmedierne.dk\/mors\/wp-json\/wp\/v2\/categories?post=55299"},{"taxonomy":"post_tag","embeddable":true,"href":"https:\/\/kunmedierne.dk\/mors\/wp-json\/wp\/v2\/tags?post=55299"}],"curies":[{"name":"wp","href":"https:\/\/api.w.org\/{rel}","templated":true}]}}