{"id":55234,"date":"2021-10-22T09:04:08","date_gmt":"2021-10-22T07:04:08","guid":{"rendered":"https:\/\/kunmedierne.dk\/mors\/?p=55234"},"modified":"2024-08-12T13:36:01","modified_gmt":"2024-08-12T11:36:01","slug":"blaese-og-ha-mel-i-munden","status":"publish","type":"post","link":"https:\/\/kunmedierne.dk\/mors\/blaese-og-ha-mel-i-munden\/","title":{"rendered":"&#8211; Bl\u00e6se og ha&#8217; mel i munden"},"content":{"rendered":"<p><em>Debatindl\u00e6g af Henrik &#8216;Sivert&#8217; Kristensen, Kandidat for Venstre ved Kommunalvalg 2021:<\/em><\/p>\n<hr \/>\n<p><strong>MORS:<\/strong> Guld og gr\u00f8nne Skove, bl\u00e6se og ha&#8217; mel i munden, osv. Alle kender ordsprogene , og de fleste af os bruger dem endog i fl\u00e6ng. Jeg vil gerne dykke ned i dem, men f\u00f8rst lidt om hvorfor.<\/p>\n<p>Jeg har i mange \u00e5r arbejdet p\u00e5 lager hos en maskinhandler p\u00e5 Mors. Der har jeg v\u00e6ret s\u00e5 heldig at f\u00e5 mange gode kollegaer, og heldigvis det samme antal venner. En af de \u00e6ldste sagde engang til mig: Man skal altid passe p\u00e5 n\u00e5r Henrik siger noget, der er n\u00e6sten altid noget fikumdik i det. Ved godt hvad han mente, men fik mig til at spekulere p\u00e5 om det er s\u00e5dan folk ser mig.<\/p>\n<p>Jeg ynder at v\u00e6re \u00e6rlig, og det skal IKKE \u00e6ndre sig bare fordi jeg stiller op til kommunalvalget (Venstres nr 12).<\/p>\n<p><a href=\"https:\/\/www.fmspks.dk\/\"><img loading=\"lazy\" decoding=\"async\" class=\"alignleft size-full wp-image-46592\" src=\"https:\/\/kunmedierne.dk\/mors\/wp-content\/uploads\/2021\/06\/t01.jpg\" alt=\"\" width=\"1400\" height=\"125\" srcset=\"https:\/\/kunmedierne.dk\/mors\/wp-content\/uploads\/2021\/06\/t01.jpg 1400w, https:\/\/kunmedierne.dk\/mors\/wp-content\/uploads\/2021\/06\/t01-300x27.jpg 300w, https:\/\/kunmedierne.dk\/mors\/wp-content\/uploads\/2021\/06\/t01-1024x91.jpg 1024w, https:\/\/kunmedierne.dk\/mors\/wp-content\/uploads\/2021\/06\/t01-768x69.jpg 768w, https:\/\/kunmedierne.dk\/mors\/wp-content\/uploads\/2021\/06\/t01-600x54.jpg 600w\" sizes=\"auto, (max-width: 1400px) 100vw, 1400px\" \/><\/a>Derfor vil jeg gerne fort\u00e6lle hvad jeg st\u00e5r for, og mener &#8211; uden fikumdik. Hvis man skal ha&#8217; gr\u00f8nne skove, kr\u00e6ver det guld. Og det guld skal sommetider findes p\u00e5 steder hvor det p\u00e5 nogen g\u00f8r lidt ondt.<\/p>\n<p>Personligt kan jeg ikke se den store forbrydelse i at s\u00e6lge den gamle pavilliongrund og campingplads som byggegrunde. Porsvej, Granskovsvej og Havevej er jo allerede bebygget &#8211; og de grundejere g\u00f8r jo alt for at g\u00f8re omr\u00e5det &#8211; og deres bolig attraktiv. Jeg synes det giver go&#8217; mening at flytte campingpladsen over p\u00e5 en st\u00f8rre grund og udstykke det gamle areal til byggegrunde.<\/p>\n<p>Det er til gavn for HELE Mors, og p\u00e5 den m\u00e5de kan vi f\u00e5 noget guld som vi kan forvandle til gr\u00f8nne skove. Fakta er jo at hvis samme stykke jord l\u00e5 p\u00e5 syd-eller Nordmors var det jo (heldigvis) bebygget. I det hele taget g\u00f8r debatten omkring vores allesammens klimakrise mig en smule trist.<\/p>\n<p><a href=\"https:\/\/vester-begr.dk\"><img loading=\"lazy\" decoding=\"async\" class=\"alignleft size-full wp-image-53879\" src=\"https:\/\/kunmedierne.dk\/mors\/wp-content\/uploads\/2021\/10\/NY-Vester-Begravelse-TOP-BUND.jpg\" alt=\"\" width=\"1400\" height=\"125\" srcset=\"https:\/\/kunmedierne.dk\/mors\/wp-content\/uploads\/2021\/10\/NY-Vester-Begravelse-TOP-BUND.jpg 1400w, https:\/\/kunmedierne.dk\/mors\/wp-content\/uploads\/2021\/10\/NY-Vester-Begravelse-TOP-BUND-300x27.jpg 300w, https:\/\/kunmedierne.dk\/mors\/wp-content\/uploads\/2021\/10\/NY-Vester-Begravelse-TOP-BUND-1024x91.jpg 1024w, https:\/\/kunmedierne.dk\/mors\/wp-content\/uploads\/2021\/10\/NY-Vester-Begravelse-TOP-BUND-768x69.jpg 768w, https:\/\/kunmedierne.dk\/mors\/wp-content\/uploads\/2021\/10\/NY-Vester-Begravelse-TOP-BUND-600x54.jpg 600w\" sizes=\"auto, (max-width: 1400px) 100vw, 1400px\" \/><\/a>Situationen er selvf\u00f8lgelig det v\u00e6rste, men at se den hekseafbr\u00e6nding der er m\u00f8ntet p\u00e5 landbruget g\u00f8r da ikke situationen bedre. For at g\u00f8re det lidt lokalt vil jeg n\u00e6vne at f\u00f8rst fik landm\u00e6ndene skylden for at Fjordbank Mors krakkede, ogs\u00e5 selvom den dav\u00e6rende bankdirekt\u00f8r if\u00f8lge B\u00f8rsen var den n\u00e6sth\u00f8jest l\u00f8nnede bankdirekt\u00f8r i DK &#8211; og landm\u00e6ndene i den grad blev vildledt. Nu er det s\u00e5 klimakrisen de f\u00e5r skylden for, ogs\u00e5 selvom vi lever i en verden hvor det jo \u00e5benlyst er antallet af mennesker der er skyld i krisen &#8211; og ABSOLUT ikke antallet af landm\u00e6nd &#8211; jeg har endnu aldrig m\u00f8dt en landmand der ikke gik op i milj\u00f8et og dyrevelf\u00e6rd.<\/p>\n<p>Derfor er en stemme p\u00e5 mig en stemme p\u00e5 landbruget og hele \u00f8en Mors. En stemme p\u00e5 foreningslivet og det at vi p\u00e5 Mors skal forene os &#8211; by som land. For gr\u00f8nne skove kr\u00e6ver guld, og man kan ikke bl\u00e6se og ha&#8217; mel i munden!<\/p>\n<p><a href=\"https:\/\/vognmand-filtenborg.dk\/\"><img loading=\"lazy\" decoding=\"async\" class=\"alignleft size-full wp-image-46594\" src=\"https:\/\/kunmedierne.dk\/mors\/wp-content\/uploads\/2021\/06\/t03.jpg\" alt=\"\" width=\"1400\" height=\"125\" srcset=\"https:\/\/kunmedierne.dk\/mors\/wp-content\/uploads\/2021\/06\/t03.jpg 1400w, https:\/\/kunmedierne.dk\/mors\/wp-content\/uploads\/2021\/06\/t03-300x27.jpg 300w, https:\/\/kunmedierne.dk\/mors\/wp-content\/uploads\/2021\/06\/t03-1024x91.jpg 1024w, https:\/\/kunmedierne.dk\/mors\/wp-content\/uploads\/2021\/06\/t03-768x69.jpg 768w, https:\/\/kunmedierne.dk\/mors\/wp-content\/uploads\/2021\/06\/t03-600x54.jpg 600w\" sizes=\"auto, (max-width: 1400px) 100vw, 1400px\" \/><\/a><\/p>\n<hr \/>\n<p><em>Har du et bidrag til den lokale debat? Send det til os p\u00e5 e-mail: debat@kunmedierne.dk\/mors. Husk at l\u00e6se korrektur inden afsendelse p\u00e5 indl\u00e6gget.<\/em><\/p>\n<blockquote>\n<h4 class=\"western\">Tilmeld dig vores nyhedsbrev nederst p\u00e5 siden og modtag KunMors som din daglige lokalavis. S\u00e5 deltager du samtidig i lodtr\u00e6kningen om t\u00f8j fra\u00a0<span style=\"color: #000080;\"><span lang=\"zxx\"><u><a href=\"https:\/\/www.facebook.com\/MrTorbenJensen\" target=\"_blank\" rel=\"noopener\">Mr. Torben Jensen<\/a><\/u><\/span><\/span>\u00a0for 600 kroner. L\u00e6s\u00a0<span style=\"color: #000080;\"><span lang=\"zxx\"><u><a href=\"https:\/\/kunmedierne.dk\/mors\/vind-toej-hos-mr-torben-jensen-for-600-kroner\/\" target=\"_blank\" rel=\"noopener\">her<\/a><\/u><\/span><\/span> hvordan.<\/h4>\n<\/blockquote>\n","protected":false},"excerpt":{"rendered":"<p>Debatindl\u00e6g af Henrik &#8216;Sivert&#8217; Kristensen, Kandidat for Venstre ved Kommunalvalg 2021: MORS: Guld og gr\u00f8nne Skove, bl\u00e6se og ha&#8217; mel i munden, osv. Alle kender ordsprogene , og de fleste af os bruger dem endog i fl\u00e6ng. Jeg vil gerne dykke ned i dem, men f\u00f8rst lidt om hvorfor. Jeg har i mange \u00e5r arbejdet [&hellip;]<\/p>\n","protected":false},"author":176,"featured_media":37504,"comment_status":"open","ping_status":"open","sticky":false,"template":"","format":"standard","meta":{"_acf_changed":false,"footnotes":""},"categories":[56],"tags":[167],"class_list":["post-55234","post","type-post","status-publish","format-standard","has-post-thumbnail","hentry","category-debat","tag-politik"],"acf":[],"yoast_head":"<!-- This site is optimized with the Yoast SEO plugin v26.8 - https:\/\/yoast.com\/product\/yoast-seo-wordpress\/ -->\n<title>- Bl\u00e6se og ha&#039; mel i munden - Mors<\/title>\n<meta name=\"robots\" content=\"index, follow, max-snippet:-1, max-image-preview:large, max-video-preview:-1\" \/>\n<link rel=\"canonical\" href=\"https:\/\/kunmedierne.dk\/mors\/blaese-og-ha-mel-i-munden\/\" \/>\n<meta property=\"og:locale\" content=\"da_DK\" \/>\n<meta property=\"og:type\" content=\"article\" \/>\n<meta property=\"og:title\" content=\"- Bl\u00e6se og ha&#039; mel i munden - Mors\" \/>\n<meta property=\"og:description\" content=\"Debatindl\u00e6g af Henrik &#8216;Sivert&#8217; Kristensen, Kandidat for Venstre ved Kommunalvalg 2021: MORS: Guld og gr\u00f8nne Skove, bl\u00e6se og ha&#8217; mel i munden, osv. Alle kender ordsprogene , og de fleste af os bruger dem endog i fl\u00e6ng. Jeg vil gerne dykke ned i dem, men f\u00f8rst lidt om hvorfor. Jeg har i mange \u00e5r arbejdet [&hellip;]\" \/>\n<meta property=\"og:url\" content=\"https:\/\/kunmedierne.dk\/mors\/blaese-og-ha-mel-i-munden\/\" \/>\n<meta property=\"og:site_name\" content=\"Mors\" \/>\n<meta property=\"article:published_time\" content=\"2021-10-22T07:04:08+00:00\" \/>\n<meta property=\"article:modified_time\" content=\"2024-08-12T11:36:01+00:00\" \/>\n<meta property=\"og:image\" content=\"https:\/\/kunmedierne.dk\/mors\/wp-content\/uploads\/2020\/12\/henrik-sivert-kristensen.jpg\" \/>\n\t<meta property=\"og:image:width\" content=\"770\" \/>\n\t<meta property=\"og:image:height\" content=\"513\" \/>\n\t<meta property=\"og:image:type\" content=\"image\/jpeg\" \/>\n<meta name=\"author\" content=\"Niels Hansen\" \/>\n<meta name=\"twitter:card\" content=\"summary_large_image\" \/>\n<meta name=\"twitter:label1\" content=\"Skrevet af\" \/>\n\t<meta name=\"twitter:data1\" content=\"Niels Hansen\" \/>\n\t<meta name=\"twitter:label2\" content=\"Estimeret l\u00e6setid\" \/>\n\t<meta name=\"twitter:data2\" content=\"3 minutter\" \/>\n<script type=\"application\/ld+json\" class=\"yoast-schema-graph\">{\"@context\":\"https:\/\/schema.org\",\"@graph\":[{\"@type\":\"Article\",\"@id\":\"https:\/\/kunmedierne.dk\/mors\/blaese-og-ha-mel-i-munden\/#article\",\"isPartOf\":{\"@id\":\"https:\/\/kunmedierne.dk\/mors\/blaese-og-ha-mel-i-munden\/\"},\"author\":{\"name\":\"Niels Hansen\",\"@id\":\"https:\/\/kunmedierne.dk\/mors\/#\/schema\/person\/09cc14cd371d523a3528ea9c4fda5254\"},\"headline\":\"&#8211; Bl\u00e6se og ha&#8217; mel i munden\",\"datePublished\":\"2021-10-22T07:04:08+00:00\",\"dateModified\":\"2024-08-12T11:36:01+00:00\",\"mainEntityOfPage\":{\"@id\":\"https:\/\/kunmedierne.dk\/mors\/blaese-og-ha-mel-i-munden\/\"},\"wordCount\":573,\"commentCount\":0,\"publisher\":{\"@id\":\"https:\/\/kunmedierne.dk\/mors\/#organization\"},\"image\":{\"@id\":\"https:\/\/kunmedierne.dk\/mors\/blaese-og-ha-mel-i-munden\/#primaryimage\"},\"thumbnailUrl\":\"https:\/\/kunmedierne.dk\/mors\/wp-content\/uploads\/2020\/12\/henrik-sivert-kristensen.jpg\",\"keywords\":[\"Politik\"],\"articleSection\":[\"Debat\"],\"inLanguage\":\"da-DK\",\"potentialAction\":[{\"@type\":\"CommentAction\",\"name\":\"Comment\",\"target\":[\"https:\/\/kunmedierne.dk\/mors\/blaese-og-ha-mel-i-munden\/#respond\"]}]},{\"@type\":\"WebPage\",\"@id\":\"https:\/\/kunmedierne.dk\/mors\/blaese-og-ha-mel-i-munden\/\",\"url\":\"https:\/\/kunmedierne.dk\/mors\/blaese-og-ha-mel-i-munden\/\",\"name\":\"- Bl\u00e6se og ha' mel i munden - Mors\",\"isPartOf\":{\"@id\":\"https:\/\/kunmedierne.dk\/mors\/#website\"},\"primaryImageOfPage\":{\"@id\":\"https:\/\/kunmedierne.dk\/mors\/blaese-og-ha-mel-i-munden\/#primaryimage\"},\"image\":{\"@id\":\"https:\/\/kunmedierne.dk\/mors\/blaese-og-ha-mel-i-munden\/#primaryimage\"},\"thumbnailUrl\":\"https:\/\/kunmedierne.dk\/mors\/wp-content\/uploads\/2020\/12\/henrik-sivert-kristensen.jpg\",\"datePublished\":\"2021-10-22T07:04:08+00:00\",\"dateModified\":\"2024-08-12T11:36:01+00:00\",\"breadcrumb\":{\"@id\":\"https:\/\/kunmedierne.dk\/mors\/blaese-og-ha-mel-i-munden\/#breadcrumb\"},\"inLanguage\":\"da-DK\",\"potentialAction\":[{\"@type\":\"ReadAction\",\"target\":[\"https:\/\/kunmedierne.dk\/mors\/blaese-og-ha-mel-i-munden\/\"]}]},{\"@type\":\"ImageObject\",\"inLanguage\":\"da-DK\",\"@id\":\"https:\/\/kunmedierne.dk\/mors\/blaese-og-ha-mel-i-munden\/#primaryimage\",\"url\":\"https:\/\/kunmedierne.dk\/mors\/wp-content\/uploads\/2020\/12\/henrik-sivert-kristensen.jpg\",\"contentUrl\":\"https:\/\/kunmedierne.dk\/mors\/wp-content\/uploads\/2020\/12\/henrik-sivert-kristensen.jpg\",\"width\":770,\"height\":513,\"caption\":\"Henrik 'Sivert' Kristensen, kandidat for Venstre ved Kommunalvalg 2021.\"},{\"@type\":\"BreadcrumbList\",\"@id\":\"https:\/\/kunmedierne.dk\/mors\/blaese-og-ha-mel-i-munden\/#breadcrumb\",\"itemListElement\":[{\"@type\":\"ListItem\",\"position\":1,\"name\":\"Hjem\",\"item\":\"https:\/\/kunmedierne.dk\/mors\/\"},{\"@type\":\"ListItem\",\"position\":2,\"name\":\"&#8211; Bl\u00e6se og ha&#8217; mel i munden\"}]},{\"@type\":\"WebSite\",\"@id\":\"https:\/\/kunmedierne.dk\/mors\/#website\",\"url\":\"https:\/\/kunmedierne.dk\/mors\/\",\"name\":\"Mors\",\"description\":\"et netmedie med journalistik om livet p\u00e5 Mors\",\"publisher\":{\"@id\":\"https:\/\/kunmedierne.dk\/mors\/#organization\"},\"potentialAction\":[{\"@type\":\"SearchAction\",\"target\":{\"@type\":\"EntryPoint\",\"urlTemplate\":\"https:\/\/kunmedierne.dk\/mors\/?s={search_term_string}\"},\"query-input\":{\"@type\":\"PropertyValueSpecification\",\"valueRequired\":true,\"valueName\":\"search_term_string\"}}],\"inLanguage\":\"da-DK\"},{\"@type\":\"Organization\",\"@id\":\"https:\/\/kunmedierne.dk\/mors\/#organization\",\"name\":\"Mors\",\"url\":\"https:\/\/kunmedierne.dk\/mors\/\",\"logo\":{\"@type\":\"ImageObject\",\"inLanguage\":\"da-DK\",\"@id\":\"https:\/\/kunmedierne.dk\/mors\/#\/schema\/logo\/image\/\",\"url\":\"https:\/\/kunmedierne.dk\/mors\/wp-content\/uploads\/2024\/08\/kunmors-logo.svg\",\"contentUrl\":\"https:\/\/kunmedierne.dk\/mors\/wp-content\/uploads\/2024\/08\/kunmors-logo.svg\",\"caption\":\"Mors\"},\"image\":{\"@id\":\"https:\/\/kunmedierne.dk\/mors\/#\/schema\/logo\/image\/\"}},{\"@type\":\"Person\",\"@id\":\"https:\/\/kunmedierne.dk\/mors\/#\/schema\/person\/09cc14cd371d523a3528ea9c4fda5254\",\"name\":\"Niels Hansen\",\"image\":{\"@type\":\"ImageObject\",\"inLanguage\":\"da-DK\",\"@id\":\"https:\/\/kunmedierne.dk\/mors\/#\/schema\/person\/image\/\",\"url\":\"https:\/\/secure.gravatar.com\/avatar\/568e84d860856800f9f57c56a1d8280df5422f50943b8f79fd25417a3720af53?s=96&d=mm&r=g\",\"contentUrl\":\"https:\/\/secure.gravatar.com\/avatar\/568e84d860856800f9f57c56a1d8280df5422f50943b8f79fd25417a3720af53?s=96&d=mm&r=g\",\"caption\":\"Niels Hansen\"},\"url\":\"https:\/\/kunmedierne.dk\/mors\/author\/niels-hansen\/\"}]}<\/script>\n<!-- \/ Yoast SEO plugin. -->","yoast_head_json":{"title":"- Bl\u00e6se og ha' mel i munden - Mors","robots":{"index":"index","follow":"follow","max-snippet":"max-snippet:-1","max-image-preview":"max-image-preview:large","max-video-preview":"max-video-preview:-1"},"canonical":"https:\/\/kunmedierne.dk\/mors\/blaese-og-ha-mel-i-munden\/","og_locale":"da_DK","og_type":"article","og_title":"- Bl\u00e6se og ha' mel i munden - Mors","og_description":"Debatindl\u00e6g af Henrik &#8216;Sivert&#8217; Kristensen, Kandidat for Venstre ved Kommunalvalg 2021: MORS: Guld og gr\u00f8nne Skove, bl\u00e6se og ha&#8217; mel i munden, osv. Alle kender ordsprogene , og de fleste af os bruger dem endog i fl\u00e6ng. Jeg vil gerne dykke ned i dem, men f\u00f8rst lidt om hvorfor. Jeg har i mange \u00e5r arbejdet [&hellip;]","og_url":"https:\/\/kunmedierne.dk\/mors\/blaese-og-ha-mel-i-munden\/","og_site_name":"Mors","article_published_time":"2021-10-22T07:04:08+00:00","article_modified_time":"2024-08-12T11:36:01+00:00","og_image":[{"width":770,"height":513,"url":"https:\/\/kunmedierne.dk\/mors\/wp-content\/uploads\/2020\/12\/henrik-sivert-kristensen.jpg","type":"image\/jpeg"}],"author":"Niels Hansen","twitter_card":"summary_large_image","twitter_misc":{"Skrevet af":"Niels Hansen","Estimeret l\u00e6setid":"3 minutter"},"schema":{"@context":"https:\/\/schema.org","@graph":[{"@type":"Article","@id":"https:\/\/kunmedierne.dk\/mors\/blaese-og-ha-mel-i-munden\/#article","isPartOf":{"@id":"https:\/\/kunmedierne.dk\/mors\/blaese-og-ha-mel-i-munden\/"},"author":{"name":"Niels Hansen","@id":"https:\/\/kunmedierne.dk\/mors\/#\/schema\/person\/09cc14cd371d523a3528ea9c4fda5254"},"headline":"&#8211; Bl\u00e6se og ha&#8217; mel i munden","datePublished":"2021-10-22T07:04:08+00:00","dateModified":"2024-08-12T11:36:01+00:00","mainEntityOfPage":{"@id":"https:\/\/kunmedierne.dk\/mors\/blaese-og-ha-mel-i-munden\/"},"wordCount":573,"commentCount":0,"publisher":{"@id":"https:\/\/kunmedierne.dk\/mors\/#organization"},"image":{"@id":"https:\/\/kunmedierne.dk\/mors\/blaese-og-ha-mel-i-munden\/#primaryimage"},"thumbnailUrl":"https:\/\/kunmedierne.dk\/mors\/wp-content\/uploads\/2020\/12\/henrik-sivert-kristensen.jpg","keywords":["Politik"],"articleSection":["Debat"],"inLanguage":"da-DK","potentialAction":[{"@type":"CommentAction","name":"Comment","target":["https:\/\/kunmedierne.dk\/mors\/blaese-og-ha-mel-i-munden\/#respond"]}]},{"@type":"WebPage","@id":"https:\/\/kunmedierne.dk\/mors\/blaese-og-ha-mel-i-munden\/","url":"https:\/\/kunmedierne.dk\/mors\/blaese-og-ha-mel-i-munden\/","name":"- Bl\u00e6se og ha' mel i munden - Mors","isPartOf":{"@id":"https:\/\/kunmedierne.dk\/mors\/#website"},"primaryImageOfPage":{"@id":"https:\/\/kunmedierne.dk\/mors\/blaese-og-ha-mel-i-munden\/#primaryimage"},"image":{"@id":"https:\/\/kunmedierne.dk\/mors\/blaese-og-ha-mel-i-munden\/#primaryimage"},"thumbnailUrl":"https:\/\/kunmedierne.dk\/mors\/wp-content\/uploads\/2020\/12\/henrik-sivert-kristensen.jpg","datePublished":"2021-10-22T07:04:08+00:00","dateModified":"2024-08-12T11:36:01+00:00","breadcrumb":{"@id":"https:\/\/kunmedierne.dk\/mors\/blaese-og-ha-mel-i-munden\/#breadcrumb"},"inLanguage":"da-DK","potentialAction":[{"@type":"ReadAction","target":["https:\/\/kunmedierne.dk\/mors\/blaese-og-ha-mel-i-munden\/"]}]},{"@type":"ImageObject","inLanguage":"da-DK","@id":"https:\/\/kunmedierne.dk\/mors\/blaese-og-ha-mel-i-munden\/#primaryimage","url":"https:\/\/kunmedierne.dk\/mors\/wp-content\/uploads\/2020\/12\/henrik-sivert-kristensen.jpg","contentUrl":"https:\/\/kunmedierne.dk\/mors\/wp-content\/uploads\/2020\/12\/henrik-sivert-kristensen.jpg","width":770,"height":513,"caption":"Henrik 'Sivert' Kristensen, kandidat for Venstre ved Kommunalvalg 2021."},{"@type":"BreadcrumbList","@id":"https:\/\/kunmedierne.dk\/mors\/blaese-og-ha-mel-i-munden\/#breadcrumb","itemListElement":[{"@type":"ListItem","position":1,"name":"Hjem","item":"https:\/\/kunmedierne.dk\/mors\/"},{"@type":"ListItem","position":2,"name":"&#8211; Bl\u00e6se og ha&#8217; mel i munden"}]},{"@type":"WebSite","@id":"https:\/\/kunmedierne.dk\/mors\/#website","url":"https:\/\/kunmedierne.dk\/mors\/","name":"Mors","description":"et netmedie med journalistik om livet p\u00e5 Mors","publisher":{"@id":"https:\/\/kunmedierne.dk\/mors\/#organization"},"potentialAction":[{"@type":"SearchAction","target":{"@type":"EntryPoint","urlTemplate":"https:\/\/kunmedierne.dk\/mors\/?s={search_term_string}"},"query-input":{"@type":"PropertyValueSpecification","valueRequired":true,"valueName":"search_term_string"}}],"inLanguage":"da-DK"},{"@type":"Organization","@id":"https:\/\/kunmedierne.dk\/mors\/#organization","name":"Mors","url":"https:\/\/kunmedierne.dk\/mors\/","logo":{"@type":"ImageObject","inLanguage":"da-DK","@id":"https:\/\/kunmedierne.dk\/mors\/#\/schema\/logo\/image\/","url":"https:\/\/kunmedierne.dk\/mors\/wp-content\/uploads\/2024\/08\/kunmors-logo.svg","contentUrl":"https:\/\/kunmedierne.dk\/mors\/wp-content\/uploads\/2024\/08\/kunmors-logo.svg","caption":"Mors"},"image":{"@id":"https:\/\/kunmedierne.dk\/mors\/#\/schema\/logo\/image\/"}},{"@type":"Person","@id":"https:\/\/kunmedierne.dk\/mors\/#\/schema\/person\/09cc14cd371d523a3528ea9c4fda5254","name":"Niels Hansen","image":{"@type":"ImageObject","inLanguage":"da-DK","@id":"https:\/\/kunmedierne.dk\/mors\/#\/schema\/person\/image\/","url":"https:\/\/secure.gravatar.com\/avatar\/568e84d860856800f9f57c56a1d8280df5422f50943b8f79fd25417a3720af53?s=96&d=mm&r=g","contentUrl":"https:\/\/secure.gravatar.com\/avatar\/568e84d860856800f9f57c56a1d8280df5422f50943b8f79fd25417a3720af53?s=96&d=mm&r=g","caption":"Niels Hansen"},"url":"https:\/\/kunmedierne.dk\/mors\/author\/niels-hansen\/"}]}},"_links":{"self":[{"href":"https:\/\/kunmedierne.dk\/mors\/wp-json\/wp\/v2\/posts\/55234","targetHints":{"allow":["GET"]}}],"collection":[{"href":"https:\/\/kunmedierne.dk\/mors\/wp-json\/wp\/v2\/posts"}],"about":[{"href":"https:\/\/kunmedierne.dk\/mors\/wp-json\/wp\/v2\/types\/post"}],"author":[{"embeddable":true,"href":"https:\/\/kunmedierne.dk\/mors\/wp-json\/wp\/v2\/users\/176"}],"replies":[{"embeddable":true,"href":"https:\/\/kunmedierne.dk\/mors\/wp-json\/wp\/v2\/comments?post=55234"}],"version-history":[{"count":5,"href":"https:\/\/kunmedierne.dk\/mors\/wp-json\/wp\/v2\/posts\/55234\/revisions"}],"predecessor-version":[{"id":55271,"href":"https:\/\/kunmedierne.dk\/mors\/wp-json\/wp\/v2\/posts\/55234\/revisions\/55271"}],"wp:featuredmedia":[{"embeddable":true,"href":"https:\/\/kunmedierne.dk\/mors\/wp-json\/wp\/v2\/media\/37504"}],"wp:attachment":[{"href":"https:\/\/kunmedierne.dk\/mors\/wp-json\/wp\/v2\/media?parent=55234"}],"wp:term":[{"taxonomy":"category","embeddable":true,"href":"https:\/\/kunmedierne.dk\/mors\/wp-json\/wp\/v2\/categories?post=55234"},{"taxonomy":"post_tag","embeddable":true,"href":"https:\/\/kunmedierne.dk\/mors\/wp-json\/wp\/v2\/tags?post=55234"}],"curies":[{"name":"wp","href":"https:\/\/api.w.org\/{rel}","templated":true}]}}