{"id":55213,"date":"2021-10-21T13:09:43","date_gmt":"2021-10-21T11:09:43","guid":{"rendered":"https:\/\/kunmedierne.dk\/mors\/?p=55213"},"modified":"2024-08-12T13:36:01","modified_gmt":"2024-08-12T11:36:01","slug":"fjernvarme-mors","status":"publish","type":"post","link":"https:\/\/kunmedierne.dk\/mors\/fjernvarme-mors\/","title":{"rendered":"&#8211; Fjernvarme Mors"},"content":{"rendered":"<p><em>Debatindl\u00e6g fra Poul Kristensen, kandidat for Socialdemokratiet ved Kommunalvalg 2021:<\/em><\/p>\n<hr \/>\n<p><strong>MORS<\/strong>:\u00a0Dette l\u00e6serbrev er skrevet i min egenskab af socialdemokratisk kandidat til Kommunalbestyrelsen, og indholdet er ikke udtryk for holdninger som p\u00e5 alle omr\u00e5der stemmer overens med de holdninger som man har i bestyrelsen for Sdr. Herreds Kraftvarmev\u00e6rker.<\/p>\n<p>I forbindelse med valgm\u00f8det i Vils kom der pludselig fjernvarme p\u00e5 dagsorden, borgmesteren n\u00e6vnte muligheden for et fjernvarme Mors. Tanken om et samlet varmev\u00e6rk p\u00e5 Mors er ikke fremmed for mig idet jeg tidligere selv offentligt har n\u00e6vnt muligheden, og f\u00e5r jeg lov, vil jeg aktivt tage arbejdshandskerne p\u00e5 og v\u00e6re med til i kommunalbestyrelsen at f\u00e5 konkretiseret hvad der skal til for at f\u00e5 samlet de 3 varmev\u00e6rker p\u00e5 Mors.<\/p>\n<p><a href=\"https:\/\/www.sparv.dk\/\"><img loading=\"lazy\" decoding=\"async\" class=\"alignleft size-full wp-image-46602\" src=\"https:\/\/kunmedierne.dk\/mors\/wp-content\/uploads\/2021\/06\/t11.jpg\" alt=\"\" width=\"1400\" height=\"125\" srcset=\"https:\/\/kunmedierne.dk\/mors\/wp-content\/uploads\/2021\/06\/t11.jpg 1400w, https:\/\/kunmedierne.dk\/mors\/wp-content\/uploads\/2021\/06\/t11-300x27.jpg 300w, https:\/\/kunmedierne.dk\/mors\/wp-content\/uploads\/2021\/06\/t11-1024x91.jpg 1024w, https:\/\/kunmedierne.dk\/mors\/wp-content\/uploads\/2021\/06\/t11-768x69.jpg 768w, https:\/\/kunmedierne.dk\/mors\/wp-content\/uploads\/2021\/06\/t11-600x54.jpg 600w\" sizes=\"auto, (max-width: 1400px) 100vw, 1400px\" \/><\/a>Men hvorfor er det s\u00e5 at vi skal v\u00e6lge fjernvarmen, og ikke individuelle l\u00f8sninger? Det er fordi den moderne fjernvarme i dag er gr\u00f8n og co2 neutral, den er fleksibel med flere br\u00e6ndsler og dermed laves der prisbillig varme, det er ogs\u00e5 det teknologisk sikre valg, det er nemt, og endelig er man i fjernvarmen en del af et f\u00e6llesskab hvor man l\u00f8fter i f\u00e6lles flok, og dermed g\u00f8r det muligt at lave gr\u00f8n omstilling i stor stil.<\/p>\n<p>Som det har fremg\u00e5et af flere debatindl\u00e6g de sidste dage vil det v\u00e6re oplagt at se p\u00e5 nye fjernvarme-omr\u00e5der p\u00e5 \u00f8en, mest oplagt er det selvf\u00f8lgelig at f\u00e5 konverteret hele Nyk\u00f8bing, og dermed f\u00e5 smidt de fossile br\u00e6ndsler olie og naturgas p\u00e5 porten. Men ogs\u00e5 de st\u00f8rre landsbyer p\u00e5 Mors omfatter et potentiale hvor beboerne i Vils, Erslev og \u00d8. J\u00f8lby formentlig snart vil f\u00e5 mulighed for at forholde sig til om man \u00f8nsker fjernvarmen i byen. Der er ogs\u00e5 andre landsbyer som kan v\u00e6re interessante i forhold til fjernvarmen, men en vigtig l\u00e6re er dog at man kun skal lave kollektive r\u00f8rledninger hvor det giver mening.<\/p>\n<p><a href=\"https:\/\/thistedkloakservice.dk\/\"><img loading=\"lazy\" decoding=\"async\" class=\"alignleft size-full wp-image-46603\" src=\"https:\/\/kunmedierne.dk\/mors\/wp-content\/uploads\/2021\/06\/t12.jpg\" alt=\"\" width=\"1400\" height=\"125\" srcset=\"https:\/\/kunmedierne.dk\/mors\/wp-content\/uploads\/2021\/06\/t12.jpg 1400w, https:\/\/kunmedierne.dk\/mors\/wp-content\/uploads\/2021\/06\/t12-300x27.jpg 300w, https:\/\/kunmedierne.dk\/mors\/wp-content\/uploads\/2021\/06\/t12-1024x91.jpg 1024w, https:\/\/kunmedierne.dk\/mors\/wp-content\/uploads\/2021\/06\/t12-768x69.jpg 768w, https:\/\/kunmedierne.dk\/mors\/wp-content\/uploads\/2021\/06\/t12-600x54.jpg 600w\" sizes=\"auto, (max-width: 1400px) 100vw, 1400px\" \/><\/a>P\u00e5 Mors er der flere oplagte muligheder for at producere kollektiv varme, for mig ser det optimale ud til at v\u00e6re at man i en varmepumpe udnytter varmen i det kloakvand som sendes til rensningsanl\u00e6gget i Nyk\u00f8bing, dette skal samdriftes med et biomasseanl\u00e6g (lokalt b\u00e6redygtigt) for at blive den optimale l\u00f8sning. I Sindbjerg ligger der jo flere energianl\u00e6g, hvor man i et samspil mellem vindm\u00f8ller, solceller og biogas vil kunne lavet et PtX anl\u00e6g som vil kunne lave br\u00e6ndstof, og hvor overskudsvarme vil kunne forsyne b\u00e5de Hvidbjerg og Nyk\u00f8bing med varme. Dette kr\u00e6ver selvf\u00f8lgelig et samarbejde med de private akt\u00f8rer som ejer anl\u00e6ggene. Alternativt vil el direkte fra vindm\u00f8ller eller solceller kunne drifte en varmepumpe og lave billig varme. Herudover vil l\u00f8sninger med opsamling af overskudsvarme ved virksomheder, v\u00e6re oplagt i forhold til den gr\u00f8nne omstilling.<\/p>\n<p>Som socialdemokrat g\u00e5r jeg meget ind for kollektive l\u00f8sninger, og forbruger ejerskabet (demokratiske virksomheder) hvor vi l\u00f8fter i samlet flok. Fjernvarmeomr\u00e5det er en vigtig brik i den gr\u00f8nne omstilling p\u00e5 Mors, men ikke tilstr\u00e6kkelig til at vi kommer i m\u00e5l med 70% m\u00e5ls\u00e6tningen s\u00e5 andre v\u00e5ben skal ogs\u00e5 tages i brug.<\/p>\n<p><a href=\"https:\/\/morsgaver.dk\/\"><img loading=\"lazy\" decoding=\"async\" class=\"alignleft size-full wp-image-51444\" src=\"https:\/\/kunmedierne.dk\/mors\/wp-content\/uploads\/2021\/09\/KunMors_julegaver_2021.jpg\" alt=\"\" width=\"1400\" height=\"125\" srcset=\"https:\/\/kunmedierne.dk\/mors\/wp-content\/uploads\/2021\/09\/KunMors_julegaver_2021.jpg 1400w, https:\/\/kunmedierne.dk\/mors\/wp-content\/uploads\/2021\/09\/KunMors_julegaver_2021-300x27.jpg 300w, https:\/\/kunmedierne.dk\/mors\/wp-content\/uploads\/2021\/09\/KunMors_julegaver_2021-1024x91.jpg 1024w, https:\/\/kunmedierne.dk\/mors\/wp-content\/uploads\/2021\/09\/KunMors_julegaver_2021-768x69.jpg 768w, https:\/\/kunmedierne.dk\/mors\/wp-content\/uploads\/2021\/09\/KunMors_julegaver_2021-600x54.jpg 600w\" sizes=\"auto, (max-width: 1400px) 100vw, 1400px\" \/><\/a><\/p>\n<hr \/>\n<p><em>Har du et bidrag til den lokale debat? Send det til os p\u00e5 e-mail: debat@kunmedierne.dk\/mors. Husk at l\u00e6se korrektur inden afsendelse p\u00e5 indl\u00e6gget.<\/em><\/p>\n<blockquote>\n<h4 class=\"western\">Tilmeld dig vores nyhedsbrev nederst p\u00e5 siden og modtag KunMors som din daglige lokalavis. S\u00e5 deltager du samtidig i lodtr\u00e6kningen om t\u00f8j fra\u00a0<span lang=\"zxx\"><u><a href=\"https:\/\/www.facebook.com\/MrTorbenJensen\" target=\"_blank\" rel=\"noopener\">Mr. Torben Jensen<\/a><\/u><\/span>\u00a0for 600 kroner. L\u00e6s\u00a0<span lang=\"zxx\"><u><a href=\"https:\/\/kunmedierne.dk\/mors\/vind-toej-hos-mr-torben-jensen-for-600-kroner\/\" target=\"_blank\" rel=\"noopener\">her<\/a><\/u><\/span>\u00a0hvordan.<\/h4>\n<\/blockquote>\n","protected":false},"excerpt":{"rendered":"<p>Debatindl\u00e6g fra Poul Kristensen, kandidat for Socialdemokratiet ved Kommunalvalg 2021: MORS:\u00a0Dette l\u00e6serbrev er skrevet i min egenskab af socialdemokratisk kandidat til Kommunalbestyrelsen, og indholdet er ikke udtryk for holdninger som p\u00e5 alle omr\u00e5der stemmer overens med de holdninger som man har i bestyrelsen for Sdr. Herreds Kraftvarmev\u00e6rker. I forbindelse med valgm\u00f8det i Vils kom der [&hellip;]<\/p>\n","protected":false},"author":11,"featured_media":53851,"comment_status":"open","ping_status":"open","sticky":false,"template":"","format":"standard","meta":{"_acf_changed":false,"footnotes":""},"categories":[56],"tags":[167],"class_list":["post-55213","post","type-post","status-publish","format-standard","has-post-thumbnail","hentry","category-debat","tag-politik"],"acf":[],"yoast_head":"<!-- This site is optimized with the Yoast SEO plugin v26.8 - https:\/\/yoast.com\/product\/yoast-seo-wordpress\/ -->\n<title>- Fjernvarme Mors - Mors<\/title>\n<meta name=\"robots\" content=\"index, follow, max-snippet:-1, max-image-preview:large, max-video-preview:-1\" \/>\n<link rel=\"canonical\" href=\"https:\/\/kunmedierne.dk\/mors\/fjernvarme-mors\/\" \/>\n<meta property=\"og:locale\" content=\"da_DK\" \/>\n<meta property=\"og:type\" content=\"article\" \/>\n<meta property=\"og:title\" content=\"- Fjernvarme Mors - Mors\" \/>\n<meta property=\"og:description\" content=\"Debatindl\u00e6g fra Poul Kristensen, kandidat for Socialdemokratiet ved Kommunalvalg 2021: MORS:\u00a0Dette l\u00e6serbrev er skrevet i min egenskab af socialdemokratisk kandidat til Kommunalbestyrelsen, og indholdet er ikke udtryk for holdninger som p\u00e5 alle omr\u00e5der stemmer overens med de holdninger som man har i bestyrelsen for Sdr. Herreds Kraftvarmev\u00e6rker. I forbindelse med valgm\u00f8det i Vils kom der [&hellip;]\" \/>\n<meta property=\"og:url\" content=\"https:\/\/kunmedierne.dk\/mors\/fjernvarme-mors\/\" \/>\n<meta property=\"og:site_name\" content=\"Mors\" \/>\n<meta property=\"article:published_time\" content=\"2021-10-21T11:09:43+00:00\" \/>\n<meta property=\"article:modified_time\" content=\"2024-08-12T11:36:01+00:00\" \/>\n<meta property=\"og:image\" content=\"https:\/\/kunmedierne.dk\/mors\/wp-content\/uploads\/2021\/10\/poul-kristensen-debat.jpg\" \/>\n\t<meta property=\"og:image:width\" content=\"770\" \/>\n\t<meta property=\"og:image:height\" content=\"513\" \/>\n\t<meta property=\"og:image:type\" content=\"image\/jpeg\" \/>\n<meta name=\"author\" content=\"Debat\" \/>\n<meta name=\"twitter:card\" content=\"summary_large_image\" \/>\n<meta name=\"twitter:label1\" content=\"Skrevet af\" \/>\n\t<meta name=\"twitter:data1\" content=\"Debat\" \/>\n\t<meta name=\"twitter:label2\" content=\"Estimeret l\u00e6setid\" \/>\n\t<meta name=\"twitter:data2\" content=\"3 minutter\" \/>\n<script type=\"application\/ld+json\" class=\"yoast-schema-graph\">{\"@context\":\"https:\/\/schema.org\",\"@graph\":[{\"@type\":\"Article\",\"@id\":\"https:\/\/kunmedierne.dk\/mors\/fjernvarme-mors\/#article\",\"isPartOf\":{\"@id\":\"https:\/\/kunmedierne.dk\/mors\/fjernvarme-mors\/\"},\"author\":{\"name\":\"Debat\",\"@id\":\"https:\/\/kunmedierne.dk\/mors\/#\/schema\/person\/84c1391bce0b43b9bb3a49736bc0ad78\"},\"headline\":\"&#8211; Fjernvarme Mors\",\"datePublished\":\"2021-10-21T11:09:43+00:00\",\"dateModified\":\"2024-08-12T11:36:01+00:00\",\"mainEntityOfPage\":{\"@id\":\"https:\/\/kunmedierne.dk\/mors\/fjernvarme-mors\/\"},\"wordCount\":613,\"commentCount\":0,\"publisher\":{\"@id\":\"https:\/\/kunmedierne.dk\/mors\/#organization\"},\"image\":{\"@id\":\"https:\/\/kunmedierne.dk\/mors\/fjernvarme-mors\/#primaryimage\"},\"thumbnailUrl\":\"https:\/\/kunmedierne.dk\/mors\/wp-content\/uploads\/2021\/10\/poul-kristensen-debat.jpg\",\"keywords\":[\"Politik\"],\"articleSection\":[\"Debat\"],\"inLanguage\":\"da-DK\",\"potentialAction\":[{\"@type\":\"CommentAction\",\"name\":\"Comment\",\"target\":[\"https:\/\/kunmedierne.dk\/mors\/fjernvarme-mors\/#respond\"]}]},{\"@type\":\"WebPage\",\"@id\":\"https:\/\/kunmedierne.dk\/mors\/fjernvarme-mors\/\",\"url\":\"https:\/\/kunmedierne.dk\/mors\/fjernvarme-mors\/\",\"name\":\"- Fjernvarme Mors - Mors\",\"isPartOf\":{\"@id\":\"https:\/\/kunmedierne.dk\/mors\/#website\"},\"primaryImageOfPage\":{\"@id\":\"https:\/\/kunmedierne.dk\/mors\/fjernvarme-mors\/#primaryimage\"},\"image\":{\"@id\":\"https:\/\/kunmedierne.dk\/mors\/fjernvarme-mors\/#primaryimage\"},\"thumbnailUrl\":\"https:\/\/kunmedierne.dk\/mors\/wp-content\/uploads\/2021\/10\/poul-kristensen-debat.jpg\",\"datePublished\":\"2021-10-21T11:09:43+00:00\",\"dateModified\":\"2024-08-12T11:36:01+00:00\",\"breadcrumb\":{\"@id\":\"https:\/\/kunmedierne.dk\/mors\/fjernvarme-mors\/#breadcrumb\"},\"inLanguage\":\"da-DK\",\"potentialAction\":[{\"@type\":\"ReadAction\",\"target\":[\"https:\/\/kunmedierne.dk\/mors\/fjernvarme-mors\/\"]}]},{\"@type\":\"ImageObject\",\"inLanguage\":\"da-DK\",\"@id\":\"https:\/\/kunmedierne.dk\/mors\/fjernvarme-mors\/#primaryimage\",\"url\":\"https:\/\/kunmedierne.dk\/mors\/wp-content\/uploads\/2021\/10\/poul-kristensen-debat.jpg\",\"contentUrl\":\"https:\/\/kunmedierne.dk\/mors\/wp-content\/uploads\/2021\/10\/poul-kristensen-debat.jpg\",\"width\":770,\"height\":513,\"caption\":\"Poul Kristensen, kandidat for Socialdemokratiet ved Kommunalvalg 2021.\"},{\"@type\":\"BreadcrumbList\",\"@id\":\"https:\/\/kunmedierne.dk\/mors\/fjernvarme-mors\/#breadcrumb\",\"itemListElement\":[{\"@type\":\"ListItem\",\"position\":1,\"name\":\"Hjem\",\"item\":\"https:\/\/kunmedierne.dk\/mors\/\"},{\"@type\":\"ListItem\",\"position\":2,\"name\":\"&#8211; Fjernvarme Mors\"}]},{\"@type\":\"WebSite\",\"@id\":\"https:\/\/kunmedierne.dk\/mors\/#website\",\"url\":\"https:\/\/kunmedierne.dk\/mors\/\",\"name\":\"Mors\",\"description\":\"et netmedie med journalistik om livet p\u00e5 Mors\",\"publisher\":{\"@id\":\"https:\/\/kunmedierne.dk\/mors\/#organization\"},\"potentialAction\":[{\"@type\":\"SearchAction\",\"target\":{\"@type\":\"EntryPoint\",\"urlTemplate\":\"https:\/\/kunmedierne.dk\/mors\/?s={search_term_string}\"},\"query-input\":{\"@type\":\"PropertyValueSpecification\",\"valueRequired\":true,\"valueName\":\"search_term_string\"}}],\"inLanguage\":\"da-DK\"},{\"@type\":\"Organization\",\"@id\":\"https:\/\/kunmedierne.dk\/mors\/#organization\",\"name\":\"Mors\",\"url\":\"https:\/\/kunmedierne.dk\/mors\/\",\"logo\":{\"@type\":\"ImageObject\",\"inLanguage\":\"da-DK\",\"@id\":\"https:\/\/kunmedierne.dk\/mors\/#\/schema\/logo\/image\/\",\"url\":\"https:\/\/kunmedierne.dk\/mors\/wp-content\/uploads\/2024\/08\/kunmors-logo.svg\",\"contentUrl\":\"https:\/\/kunmedierne.dk\/mors\/wp-content\/uploads\/2024\/08\/kunmors-logo.svg\",\"caption\":\"Mors\"},\"image\":{\"@id\":\"https:\/\/kunmedierne.dk\/mors\/#\/schema\/logo\/image\/\"}},{\"@type\":\"Person\",\"@id\":\"https:\/\/kunmedierne.dk\/mors\/#\/schema\/person\/84c1391bce0b43b9bb3a49736bc0ad78\",\"name\":\"Debat\",\"image\":{\"@type\":\"ImageObject\",\"inLanguage\":\"da-DK\",\"@id\":\"https:\/\/kunmedierne.dk\/mors\/#\/schema\/person\/image\/\",\"url\":\"https:\/\/secure.gravatar.com\/avatar\/b0fb2e221d618f7c65162ab0d49c7e8a0b580c871ca03af90e42b47b4150654c?s=96&d=mm&r=g\",\"contentUrl\":\"https:\/\/secure.gravatar.com\/avatar\/b0fb2e221d618f7c65162ab0d49c7e8a0b580c871ca03af90e42b47b4150654c?s=96&d=mm&r=g\",\"caption\":\"Debat\"},\"url\":\"https:\/\/kunmedierne.dk\/mors\/author\/debat\/\"}]}<\/script>\n<!-- \/ Yoast SEO plugin. -->","yoast_head_json":{"title":"- Fjernvarme Mors - Mors","robots":{"index":"index","follow":"follow","max-snippet":"max-snippet:-1","max-image-preview":"max-image-preview:large","max-video-preview":"max-video-preview:-1"},"canonical":"https:\/\/kunmedierne.dk\/mors\/fjernvarme-mors\/","og_locale":"da_DK","og_type":"article","og_title":"- Fjernvarme Mors - Mors","og_description":"Debatindl\u00e6g fra Poul Kristensen, kandidat for Socialdemokratiet ved Kommunalvalg 2021: MORS:\u00a0Dette l\u00e6serbrev er skrevet i min egenskab af socialdemokratisk kandidat til Kommunalbestyrelsen, og indholdet er ikke udtryk for holdninger som p\u00e5 alle omr\u00e5der stemmer overens med de holdninger som man har i bestyrelsen for Sdr. Herreds Kraftvarmev\u00e6rker. I forbindelse med valgm\u00f8det i Vils kom der [&hellip;]","og_url":"https:\/\/kunmedierne.dk\/mors\/fjernvarme-mors\/","og_site_name":"Mors","article_published_time":"2021-10-21T11:09:43+00:00","article_modified_time":"2024-08-12T11:36:01+00:00","og_image":[{"width":770,"height":513,"url":"https:\/\/kunmedierne.dk\/mors\/wp-content\/uploads\/2021\/10\/poul-kristensen-debat.jpg","type":"image\/jpeg"}],"author":"Debat","twitter_card":"summary_large_image","twitter_misc":{"Skrevet af":"Debat","Estimeret l\u00e6setid":"3 minutter"},"schema":{"@context":"https:\/\/schema.org","@graph":[{"@type":"Article","@id":"https:\/\/kunmedierne.dk\/mors\/fjernvarme-mors\/#article","isPartOf":{"@id":"https:\/\/kunmedierne.dk\/mors\/fjernvarme-mors\/"},"author":{"name":"Debat","@id":"https:\/\/kunmedierne.dk\/mors\/#\/schema\/person\/84c1391bce0b43b9bb3a49736bc0ad78"},"headline":"&#8211; Fjernvarme Mors","datePublished":"2021-10-21T11:09:43+00:00","dateModified":"2024-08-12T11:36:01+00:00","mainEntityOfPage":{"@id":"https:\/\/kunmedierne.dk\/mors\/fjernvarme-mors\/"},"wordCount":613,"commentCount":0,"publisher":{"@id":"https:\/\/kunmedierne.dk\/mors\/#organization"},"image":{"@id":"https:\/\/kunmedierne.dk\/mors\/fjernvarme-mors\/#primaryimage"},"thumbnailUrl":"https:\/\/kunmedierne.dk\/mors\/wp-content\/uploads\/2021\/10\/poul-kristensen-debat.jpg","keywords":["Politik"],"articleSection":["Debat"],"inLanguage":"da-DK","potentialAction":[{"@type":"CommentAction","name":"Comment","target":["https:\/\/kunmedierne.dk\/mors\/fjernvarme-mors\/#respond"]}]},{"@type":"WebPage","@id":"https:\/\/kunmedierne.dk\/mors\/fjernvarme-mors\/","url":"https:\/\/kunmedierne.dk\/mors\/fjernvarme-mors\/","name":"- Fjernvarme Mors - Mors","isPartOf":{"@id":"https:\/\/kunmedierne.dk\/mors\/#website"},"primaryImageOfPage":{"@id":"https:\/\/kunmedierne.dk\/mors\/fjernvarme-mors\/#primaryimage"},"image":{"@id":"https:\/\/kunmedierne.dk\/mors\/fjernvarme-mors\/#primaryimage"},"thumbnailUrl":"https:\/\/kunmedierne.dk\/mors\/wp-content\/uploads\/2021\/10\/poul-kristensen-debat.jpg","datePublished":"2021-10-21T11:09:43+00:00","dateModified":"2024-08-12T11:36:01+00:00","breadcrumb":{"@id":"https:\/\/kunmedierne.dk\/mors\/fjernvarme-mors\/#breadcrumb"},"inLanguage":"da-DK","potentialAction":[{"@type":"ReadAction","target":["https:\/\/kunmedierne.dk\/mors\/fjernvarme-mors\/"]}]},{"@type":"ImageObject","inLanguage":"da-DK","@id":"https:\/\/kunmedierne.dk\/mors\/fjernvarme-mors\/#primaryimage","url":"https:\/\/kunmedierne.dk\/mors\/wp-content\/uploads\/2021\/10\/poul-kristensen-debat.jpg","contentUrl":"https:\/\/kunmedierne.dk\/mors\/wp-content\/uploads\/2021\/10\/poul-kristensen-debat.jpg","width":770,"height":513,"caption":"Poul Kristensen, kandidat for Socialdemokratiet ved Kommunalvalg 2021."},{"@type":"BreadcrumbList","@id":"https:\/\/kunmedierne.dk\/mors\/fjernvarme-mors\/#breadcrumb","itemListElement":[{"@type":"ListItem","position":1,"name":"Hjem","item":"https:\/\/kunmedierne.dk\/mors\/"},{"@type":"ListItem","position":2,"name":"&#8211; Fjernvarme Mors"}]},{"@type":"WebSite","@id":"https:\/\/kunmedierne.dk\/mors\/#website","url":"https:\/\/kunmedierne.dk\/mors\/","name":"Mors","description":"et netmedie med journalistik om livet p\u00e5 Mors","publisher":{"@id":"https:\/\/kunmedierne.dk\/mors\/#organization"},"potentialAction":[{"@type":"SearchAction","target":{"@type":"EntryPoint","urlTemplate":"https:\/\/kunmedierne.dk\/mors\/?s={search_term_string}"},"query-input":{"@type":"PropertyValueSpecification","valueRequired":true,"valueName":"search_term_string"}}],"inLanguage":"da-DK"},{"@type":"Organization","@id":"https:\/\/kunmedierne.dk\/mors\/#organization","name":"Mors","url":"https:\/\/kunmedierne.dk\/mors\/","logo":{"@type":"ImageObject","inLanguage":"da-DK","@id":"https:\/\/kunmedierne.dk\/mors\/#\/schema\/logo\/image\/","url":"https:\/\/kunmedierne.dk\/mors\/wp-content\/uploads\/2024\/08\/kunmors-logo.svg","contentUrl":"https:\/\/kunmedierne.dk\/mors\/wp-content\/uploads\/2024\/08\/kunmors-logo.svg","caption":"Mors"},"image":{"@id":"https:\/\/kunmedierne.dk\/mors\/#\/schema\/logo\/image\/"}},{"@type":"Person","@id":"https:\/\/kunmedierne.dk\/mors\/#\/schema\/person\/84c1391bce0b43b9bb3a49736bc0ad78","name":"Debat","image":{"@type":"ImageObject","inLanguage":"da-DK","@id":"https:\/\/kunmedierne.dk\/mors\/#\/schema\/person\/image\/","url":"https:\/\/secure.gravatar.com\/avatar\/b0fb2e221d618f7c65162ab0d49c7e8a0b580c871ca03af90e42b47b4150654c?s=96&d=mm&r=g","contentUrl":"https:\/\/secure.gravatar.com\/avatar\/b0fb2e221d618f7c65162ab0d49c7e8a0b580c871ca03af90e42b47b4150654c?s=96&d=mm&r=g","caption":"Debat"},"url":"https:\/\/kunmedierne.dk\/mors\/author\/debat\/"}]}},"_links":{"self":[{"href":"https:\/\/kunmedierne.dk\/mors\/wp-json\/wp\/v2\/posts\/55213","targetHints":{"allow":["GET"]}}],"collection":[{"href":"https:\/\/kunmedierne.dk\/mors\/wp-json\/wp\/v2\/posts"}],"about":[{"href":"https:\/\/kunmedierne.dk\/mors\/wp-json\/wp\/v2\/types\/post"}],"author":[{"embeddable":true,"href":"https:\/\/kunmedierne.dk\/mors\/wp-json\/wp\/v2\/users\/11"}],"replies":[{"embeddable":true,"href":"https:\/\/kunmedierne.dk\/mors\/wp-json\/wp\/v2\/comments?post=55213"}],"version-history":[{"count":2,"href":"https:\/\/kunmedierne.dk\/mors\/wp-json\/wp\/v2\/posts\/55213\/revisions"}],"predecessor-version":[{"id":55217,"href":"https:\/\/kunmedierne.dk\/mors\/wp-json\/wp\/v2\/posts\/55213\/revisions\/55217"}],"wp:featuredmedia":[{"embeddable":true,"href":"https:\/\/kunmedierne.dk\/mors\/wp-json\/wp\/v2\/media\/53851"}],"wp:attachment":[{"href":"https:\/\/kunmedierne.dk\/mors\/wp-json\/wp\/v2\/media?parent=55213"}],"wp:term":[{"taxonomy":"category","embeddable":true,"href":"https:\/\/kunmedierne.dk\/mors\/wp-json\/wp\/v2\/categories?post=55213"},{"taxonomy":"post_tag","embeddable":true,"href":"https:\/\/kunmedierne.dk\/mors\/wp-json\/wp\/v2\/tags?post=55213"}],"curies":[{"name":"wp","href":"https:\/\/api.w.org\/{rel}","templated":true}]}}