{"id":55122,"date":"2021-10-20T20:39:37","date_gmt":"2021-10-20T18:39:37","guid":{"rendered":"https:\/\/kunmedierne.dk\/mors\/?p=55122"},"modified":"2024-08-12T13:36:02","modified_gmt":"2024-08-12T11:36:02","slug":"hoejskole-holder-politisk-topmoede-eleverne-staar-bag","status":"publish","type":"post","link":"https:\/\/kunmedierne.dk\/mors\/hoejskole-holder-politisk-topmoede-eleverne-staar-bag\/","title":{"rendered":"H\u00f8jskole holder politisk topm\u00f8de:  Eleverne st\u00e5r bag"},"content":{"rendered":"<p><strong>MORS: <\/strong>Hvordan kan besparelser i det kommunale budget m\u00e6rkes i de unges hverdag? Og hvad kan en kommune g\u00f8re for at passe godt p\u00e5 klimaet? Det er bare nogle af de omr\u00e5der, som eleverne p\u00e5 politiklinjen p\u00e5 H\u00f8jskolen Mors har f\u00e5et chancen for at blive klogere p\u00e5.<\/p>\n<p>For eleverne i fagene politik, event- og kulturledelse og grafisk design f\u00e5et mulighed for virkelig at g\u00e5 i dybden med et stort projekt i alt fra lokalpolitik, kommunikation til f\u00e6ngende plakater forud for det politiske topm\u00f8de. Det er h\u00f8jskolen v\u00e6rt for onsdag 27.oktober, hvor v\u00e6lgerne kan m\u00f8de ni lokale spidskandidater fra samtlige partier, der stiller op p\u00e5 Mors. Kandidaterne skal i h\u00f8jskolens teatersal diskutere kommunale prioriteringer, det borgern\u00e6re demokrati, tradition og vision samt klima, inden krydset skal s\u00e6ttes til kommunalvalget 16. november.<\/p>\n<p><img loading=\"lazy\" decoding=\"async\" class=\"alignleft size-full wp-image-46600\" src=\"https:\/\/kunmedierne.dk\/mors\/wp-content\/uploads\/2021\/06\/t09.jpg\" alt=\"\" width=\"1400\" height=\"125\" srcset=\"https:\/\/kunmedierne.dk\/mors\/wp-content\/uploads\/2021\/06\/t09.jpg 1400w, https:\/\/kunmedierne.dk\/mors\/wp-content\/uploads\/2021\/06\/t09-300x27.jpg 300w, https:\/\/kunmedierne.dk\/mors\/wp-content\/uploads\/2021\/06\/t09-1024x91.jpg 1024w, https:\/\/kunmedierne.dk\/mors\/wp-content\/uploads\/2021\/06\/t09-768x69.jpg 768w, https:\/\/kunmedierne.dk\/mors\/wp-content\/uploads\/2021\/06\/t09-600x54.jpg 600w\" sizes=\"auto, (max-width: 1400px) 100vw, 1400px\" \/><\/p>\n<p>&nbsp;<\/p>\n<p>&#8220;Det er utroligt sp\u00e6ndende at f\u00e5 lov til, at v\u00e6re med til, at stable et helt unikt event p\u00e5 benene. Is\u00e6r fordi det giver os elever en k\u00e6mpe erfaring og l\u00e6ring, men mest af alt giver vi noget tilbage til alle dem, som har hjulpet vores h\u00f8jskole,&#8221; siger Freja Gant, elev i faget event- og kulturledelse.<\/p>\n<p>&nbsp;<\/p>\n<p><strong>Demokratisk pligt<\/strong><\/p>\n<p>Nikolai Seidelin, forstander p\u00e5 H\u00f8jskolen Mors, er begejstret for sine elevers engagement i at stable topm\u00f8det p\u00e5 benene.<\/p>\n<p>&#8220;Jeg h\u00e5ber, at det kan blive en tradition her p\u00e5 Mors, at h\u00f8jskolen holder v\u00e6lgerm\u00f8de. Faktisk synes jeg, at vi har en demokratisk forpligtelse til det. Vi er en god ramme om det, synes jeg, Demokrati og dannelse er vigtige dele i det at v\u00e6re en h\u00f8jskole,&#8221; siger forstanderen og forts\u00e6tter:<\/p>\n<p>&#8220;Det er er vigtigt at v\u00e6rne om demokratiet, ikke mindst n\u00e5r det er under pres, som lige nu i den tid vi lever i. Derudover har vi fors\u00f8gt at ramme emner, som ogs\u00e5 interesserer de unge. De er for eksempel meget optagede af klimaet.&#8221;<\/p>\n<p>Forstanderen understreger, at v\u00e6lgerm\u00f8det er for alle, der har lyst til at m\u00f8de de lokale spidskandidater forud for kommunalvalget.<\/p>\n<p><img loading=\"lazy\" decoding=\"async\" class=\"alignleft size-full wp-image-49328\" src=\"https:\/\/kunmedierne.dk\/mors\/wp-content\/uploads\/2021\/07\/t10.jpg\" alt=\"\" width=\"1400\" height=\"125\" srcset=\"https:\/\/kunmedierne.dk\/mors\/wp-content\/uploads\/2021\/07\/t10.jpg 1400w, https:\/\/kunmedierne.dk\/mors\/wp-content\/uploads\/2021\/07\/t10-300x27.jpg 300w, https:\/\/kunmedierne.dk\/mors\/wp-content\/uploads\/2021\/07\/t10-1024x91.jpg 1024w, https:\/\/kunmedierne.dk\/mors\/wp-content\/uploads\/2021\/07\/t10-768x69.jpg 768w, https:\/\/kunmedierne.dk\/mors\/wp-content\/uploads\/2021\/07\/t10-600x54.jpg 600w\" sizes=\"auto, (max-width: 1400px) 100vw, 1400px\" \/><\/p>\n<p>&#8220;Det er jo f\u00f8rste gang, at vi holder et s\u00e5dant arrangement. Jeg t\u00f8r ikke g\u00e6tte p\u00e5, hvor mange, men vi h\u00e5ber p\u00e5 god opbakning. Vi har i hvert fald godt med kage og kaffe klar,&#8221; siger han.<\/p>\n<p>&nbsp;<\/p>\n<p><strong>Den lokale samtale<\/strong><\/p>\n<p>Ordstyrer til topm\u00f8det er Torben K. Jensen, der underviser i politik og sociologi p\u00e5 h\u00f8jskolen. Han er en af initiativtagerne til valgm\u00f8det og gl\u00e6der sig over den store opbakning fra b\u00e5de de ni spidskandidater og skolens elever.<\/p>\n<p>&#8220;Foruden at deltage i lokalsamfundet s\u00e5 f\u00e5r eleverne ogs\u00e5 indblik i og ansvar for et arrangement, der bidrager til det lokale demokrati, og den lokale samtale. Samtidig vil vi gerne vise livet p\u00e5 h\u00f8jskolen frem,&#8221; fastsl\u00e5r han.<\/p>\n<p>&#8220;Vi vil udover at g\u00f8re eleverne interesserede i politik ogs\u00e5 vise det retoriske i en politisk samtale, som opst\u00e5r, n\u00e5r der er flere mennesker til stede,&#8221; tilf\u00f8jer underviseren.<\/p>\n<p>V\u00e6lgerne kan m\u00f8de disse politikere p\u00e5 topm\u00f8det:<\/p>\n<p>Tore M\u00fcller (S), Jette Jepsen (RV), Thomas Jensen (K), Annfinn H\u00e1ls\u00e1gard (NB), Viggo Vangsgaard (SF), Ellen Philipsen Dahl (DB), Meiner N\u00f8rgaard (DF), Hans Ejner Bertelsen (V) og\u00a0\u00a0Pia Thorsen (EL).<\/p>\n<h4><\/h4>\n<blockquote>\n<h4>Tilmeld dig vores nyhedsbrev nederst p\u00e5 siden og modtag KunMors som din daglige lokalavis. S\u00e5 deltager du samtidig i lodtr\u00e6kningen om t\u00f8j fra\u00a0<a href=\"https:\/\/www.facebook.com\/MrTorbenJensen\" target=\"_blank\" rel=\"noopener noreferrer\">Mr. Torben Jensen<\/a>\u00a0for 600 kroner. L\u00e6s\u00a0<a href=\"https:\/\/kunmedierne.dk\/mors\/vind-toej-hos-mr-torben-jensen-for-600-kroner\/\" target=\"_blank\" rel=\"noopener noreferrer\">her<\/a>\u00a0hvordan.<\/h4>\n<\/blockquote>\n<p>&nbsp;<\/p>\n","protected":false},"excerpt":{"rendered":"<p>MORS: Hvordan kan besparelser i det kommunale budget m\u00e6rkes i de unges hverdag? Og hvad kan en kommune g\u00f8re for at passe godt p\u00e5 klimaet? Det er bare nogle af de omr\u00e5der, som eleverne p\u00e5 politiklinjen p\u00e5 H\u00f8jskolen Mors har f\u00e5et chancen for at blive klogere p\u00e5. For eleverne i fagene politik, event- og kulturledelse [&hellip;]<\/p>\n","protected":false},"author":1890,"featured_media":51027,"comment_status":"open","ping_status":"open","sticky":false,"template":"","format":"standard","meta":{"_acf_changed":false,"footnotes":""},"categories":[51],"tags":[167],"class_list":["post-55122","post","type-post","status-publish","format-standard","has-post-thumbnail","hentry","category-lokalt","tag-politik"],"acf":[],"yoast_head":"<!-- This site is optimized with the Yoast SEO plugin v26.8 - https:\/\/yoast.com\/product\/yoast-seo-wordpress\/ -->\n<title>H\u00f8jskole holder politisk topm\u00f8de: Eleverne st\u00e5r bag - Mors<\/title>\n<meta name=\"robots\" content=\"index, follow, max-snippet:-1, max-image-preview:large, max-video-preview:-1\" \/>\n<link rel=\"canonical\" href=\"https:\/\/kunmedierne.dk\/mors\/hoejskole-holder-politisk-topmoede-eleverne-staar-bag\/\" \/>\n<meta property=\"og:locale\" content=\"da_DK\" \/>\n<meta property=\"og:type\" content=\"article\" \/>\n<meta property=\"og:title\" content=\"H\u00f8jskole holder politisk topm\u00f8de: Eleverne st\u00e5r bag - Mors\" \/>\n<meta property=\"og:description\" content=\"MORS: Hvordan kan besparelser i det kommunale budget m\u00e6rkes i de unges hverdag? Og hvad kan en kommune g\u00f8re for at passe godt p\u00e5 klimaet? Det er bare nogle af de omr\u00e5der, som eleverne p\u00e5 politiklinjen p\u00e5 H\u00f8jskolen Mors har f\u00e5et chancen for at blive klogere p\u00e5. For eleverne i fagene politik, event- og kulturledelse [&hellip;]\" \/>\n<meta property=\"og:url\" content=\"https:\/\/kunmedierne.dk\/mors\/hoejskole-holder-politisk-topmoede-eleverne-staar-bag\/\" \/>\n<meta property=\"og:site_name\" content=\"Mors\" \/>\n<meta property=\"article:published_time\" content=\"2021-10-20T18:39:37+00:00\" \/>\n<meta property=\"article:modified_time\" content=\"2024-08-12T11:36:02+00:00\" \/>\n<meta property=\"og:image\" content=\"https:\/\/kunmedierne.dk\/mors\/wp-content\/uploads\/2021\/08\/hoejskolen-mors.jpg\" \/>\n\t<meta property=\"og:image:width\" content=\"770\" \/>\n\t<meta property=\"og:image:height\" content=\"513\" \/>\n\t<meta property=\"og:image:type\" content=\"image\/jpeg\" \/>\n<meta name=\"author\" content=\"Helle M\u00f8ller Larsen\" \/>\n<meta name=\"twitter:card\" content=\"summary_large_image\" \/>\n<meta name=\"twitter:label1\" content=\"Skrevet af\" \/>\n\t<meta name=\"twitter:data1\" content=\"Helle M\u00f8ller Larsen\" \/>\n\t<meta name=\"twitter:label2\" content=\"Estimeret l\u00e6setid\" \/>\n\t<meta name=\"twitter:data2\" content=\"3 minutter\" \/>\n<script type=\"application\/ld+json\" class=\"yoast-schema-graph\">{\"@context\":\"https:\/\/schema.org\",\"@graph\":[{\"@type\":\"Article\",\"@id\":\"https:\/\/kunmedierne.dk\/mors\/hoejskole-holder-politisk-topmoede-eleverne-staar-bag\/#article\",\"isPartOf\":{\"@id\":\"https:\/\/kunmedierne.dk\/mors\/hoejskole-holder-politisk-topmoede-eleverne-staar-bag\/\"},\"author\":{\"name\":\"Helle M\u00f8ller Larsen\",\"@id\":\"https:\/\/kunmedierne.dk\/mors\/#\/schema\/person\/a8426cb16cfd526b6bf3f1535b32dabf\"},\"headline\":\"H\u00f8jskole holder politisk topm\u00f8de: Eleverne st\u00e5r bag\",\"datePublished\":\"2021-10-20T18:39:37+00:00\",\"dateModified\":\"2024-08-12T11:36:02+00:00\",\"mainEntityOfPage\":{\"@id\":\"https:\/\/kunmedierne.dk\/mors\/hoejskole-holder-politisk-topmoede-eleverne-staar-bag\/\"},\"wordCount\":605,\"commentCount\":0,\"publisher\":{\"@id\":\"https:\/\/kunmedierne.dk\/mors\/#organization\"},\"image\":{\"@id\":\"https:\/\/kunmedierne.dk\/mors\/hoejskole-holder-politisk-topmoede-eleverne-staar-bag\/#primaryimage\"},\"thumbnailUrl\":\"https:\/\/kunmedierne.dk\/mors\/wp-content\/uploads\/2021\/08\/hoejskolen-mors.jpg\",\"keywords\":[\"Politik\"],\"articleSection\":[\"Lokalt\"],\"inLanguage\":\"da-DK\",\"potentialAction\":[{\"@type\":\"CommentAction\",\"name\":\"Comment\",\"target\":[\"https:\/\/kunmedierne.dk\/mors\/hoejskole-holder-politisk-topmoede-eleverne-staar-bag\/#respond\"]}]},{\"@type\":\"WebPage\",\"@id\":\"https:\/\/kunmedierne.dk\/mors\/hoejskole-holder-politisk-topmoede-eleverne-staar-bag\/\",\"url\":\"https:\/\/kunmedierne.dk\/mors\/hoejskole-holder-politisk-topmoede-eleverne-staar-bag\/\",\"name\":\"H\u00f8jskole holder politisk topm\u00f8de: Eleverne st\u00e5r bag - Mors\",\"isPartOf\":{\"@id\":\"https:\/\/kunmedierne.dk\/mors\/#website\"},\"primaryImageOfPage\":{\"@id\":\"https:\/\/kunmedierne.dk\/mors\/hoejskole-holder-politisk-topmoede-eleverne-staar-bag\/#primaryimage\"},\"image\":{\"@id\":\"https:\/\/kunmedierne.dk\/mors\/hoejskole-holder-politisk-topmoede-eleverne-staar-bag\/#primaryimage\"},\"thumbnailUrl\":\"https:\/\/kunmedierne.dk\/mors\/wp-content\/uploads\/2021\/08\/hoejskolen-mors.jpg\",\"datePublished\":\"2021-10-20T18:39:37+00:00\",\"dateModified\":\"2024-08-12T11:36:02+00:00\",\"breadcrumb\":{\"@id\":\"https:\/\/kunmedierne.dk\/mors\/hoejskole-holder-politisk-topmoede-eleverne-staar-bag\/#breadcrumb\"},\"inLanguage\":\"da-DK\",\"potentialAction\":[{\"@type\":\"ReadAction\",\"target\":[\"https:\/\/kunmedierne.dk\/mors\/hoejskole-holder-politisk-topmoede-eleverne-staar-bag\/\"]}]},{\"@type\":\"ImageObject\",\"inLanguage\":\"da-DK\",\"@id\":\"https:\/\/kunmedierne.dk\/mors\/hoejskole-holder-politisk-topmoede-eleverne-staar-bag\/#primaryimage\",\"url\":\"https:\/\/kunmedierne.dk\/mors\/wp-content\/uploads\/2021\/08\/hoejskolen-mors.jpg\",\"contentUrl\":\"https:\/\/kunmedierne.dk\/mors\/wp-content\/uploads\/2021\/08\/hoejskolen-mors.jpg\",\"width\":770,\"height\":513,\"caption\":\"H\u00f8jskolen Mors. Foto: David H\u00f8jmark.\"},{\"@type\":\"BreadcrumbList\",\"@id\":\"https:\/\/kunmedierne.dk\/mors\/hoejskole-holder-politisk-topmoede-eleverne-staar-bag\/#breadcrumb\",\"itemListElement\":[{\"@type\":\"ListItem\",\"position\":1,\"name\":\"Hjem\",\"item\":\"https:\/\/kunmedierne.dk\/mors\/\"},{\"@type\":\"ListItem\",\"position\":2,\"name\":\"H\u00f8jskole holder politisk topm\u00f8de: Eleverne st\u00e5r bag\"}]},{\"@type\":\"WebSite\",\"@id\":\"https:\/\/kunmedierne.dk\/mors\/#website\",\"url\":\"https:\/\/kunmedierne.dk\/mors\/\",\"name\":\"Mors\",\"description\":\"et netmedie med journalistik om livet p\u00e5 Mors\",\"publisher\":{\"@id\":\"https:\/\/kunmedierne.dk\/mors\/#organization\"},\"potentialAction\":[{\"@type\":\"SearchAction\",\"target\":{\"@type\":\"EntryPoint\",\"urlTemplate\":\"https:\/\/kunmedierne.dk\/mors\/?s={search_term_string}\"},\"query-input\":{\"@type\":\"PropertyValueSpecification\",\"valueRequired\":true,\"valueName\":\"search_term_string\"}}],\"inLanguage\":\"da-DK\"},{\"@type\":\"Organization\",\"@id\":\"https:\/\/kunmedierne.dk\/mors\/#organization\",\"name\":\"Mors\",\"url\":\"https:\/\/kunmedierne.dk\/mors\/\",\"logo\":{\"@type\":\"ImageObject\",\"inLanguage\":\"da-DK\",\"@id\":\"https:\/\/kunmedierne.dk\/mors\/#\/schema\/logo\/image\/\",\"url\":\"https:\/\/kunmedierne.dk\/mors\/wp-content\/uploads\/2024\/08\/kunmors-logo.svg\",\"contentUrl\":\"https:\/\/kunmedierne.dk\/mors\/wp-content\/uploads\/2024\/08\/kunmors-logo.svg\",\"caption\":\"Mors\"},\"image\":{\"@id\":\"https:\/\/kunmedierne.dk\/mors\/#\/schema\/logo\/image\/\"}},{\"@type\":\"Person\",\"@id\":\"https:\/\/kunmedierne.dk\/mors\/#\/schema\/person\/a8426cb16cfd526b6bf3f1535b32dabf\",\"name\":\"Helle M\u00f8ller Larsen\",\"image\":{\"@type\":\"ImageObject\",\"inLanguage\":\"da-DK\",\"@id\":\"https:\/\/kunmedierne.dk\/mors\/#\/schema\/person\/image\/\",\"url\":\"https:\/\/secure.gravatar.com\/avatar\/48179226e67cbb1f370367e82a899fe67a9be44ff282f7603602bd5ed4147645?s=96&d=mm&r=g\",\"contentUrl\":\"https:\/\/secure.gravatar.com\/avatar\/48179226e67cbb1f370367e82a899fe67a9be44ff282f7603602bd5ed4147645?s=96&d=mm&r=g\",\"caption\":\"Helle M\u00f8ller Larsen\"},\"url\":\"https:\/\/kunmedierne.dk\/mors\/author\/hml\/\"}]}<\/script>\n<!-- \/ Yoast SEO plugin. -->","yoast_head_json":{"title":"H\u00f8jskole holder politisk topm\u00f8de: Eleverne st\u00e5r bag - Mors","robots":{"index":"index","follow":"follow","max-snippet":"max-snippet:-1","max-image-preview":"max-image-preview:large","max-video-preview":"max-video-preview:-1"},"canonical":"https:\/\/kunmedierne.dk\/mors\/hoejskole-holder-politisk-topmoede-eleverne-staar-bag\/","og_locale":"da_DK","og_type":"article","og_title":"H\u00f8jskole holder politisk topm\u00f8de: Eleverne st\u00e5r bag - Mors","og_description":"MORS: Hvordan kan besparelser i det kommunale budget m\u00e6rkes i de unges hverdag? Og hvad kan en kommune g\u00f8re for at passe godt p\u00e5 klimaet? Det er bare nogle af de omr\u00e5der, som eleverne p\u00e5 politiklinjen p\u00e5 H\u00f8jskolen Mors har f\u00e5et chancen for at blive klogere p\u00e5. For eleverne i fagene politik, event- og kulturledelse [&hellip;]","og_url":"https:\/\/kunmedierne.dk\/mors\/hoejskole-holder-politisk-topmoede-eleverne-staar-bag\/","og_site_name":"Mors","article_published_time":"2021-10-20T18:39:37+00:00","article_modified_time":"2024-08-12T11:36:02+00:00","og_image":[{"width":770,"height":513,"url":"https:\/\/kunmedierne.dk\/mors\/wp-content\/uploads\/2021\/08\/hoejskolen-mors.jpg","type":"image\/jpeg"}],"author":"Helle M\u00f8ller Larsen","twitter_card":"summary_large_image","twitter_misc":{"Skrevet af":"Helle M\u00f8ller Larsen","Estimeret l\u00e6setid":"3 minutter"},"schema":{"@context":"https:\/\/schema.org","@graph":[{"@type":"Article","@id":"https:\/\/kunmedierne.dk\/mors\/hoejskole-holder-politisk-topmoede-eleverne-staar-bag\/#article","isPartOf":{"@id":"https:\/\/kunmedierne.dk\/mors\/hoejskole-holder-politisk-topmoede-eleverne-staar-bag\/"},"author":{"name":"Helle M\u00f8ller Larsen","@id":"https:\/\/kunmedierne.dk\/mors\/#\/schema\/person\/a8426cb16cfd526b6bf3f1535b32dabf"},"headline":"H\u00f8jskole holder politisk topm\u00f8de: Eleverne st\u00e5r bag","datePublished":"2021-10-20T18:39:37+00:00","dateModified":"2024-08-12T11:36:02+00:00","mainEntityOfPage":{"@id":"https:\/\/kunmedierne.dk\/mors\/hoejskole-holder-politisk-topmoede-eleverne-staar-bag\/"},"wordCount":605,"commentCount":0,"publisher":{"@id":"https:\/\/kunmedierne.dk\/mors\/#organization"},"image":{"@id":"https:\/\/kunmedierne.dk\/mors\/hoejskole-holder-politisk-topmoede-eleverne-staar-bag\/#primaryimage"},"thumbnailUrl":"https:\/\/kunmedierne.dk\/mors\/wp-content\/uploads\/2021\/08\/hoejskolen-mors.jpg","keywords":["Politik"],"articleSection":["Lokalt"],"inLanguage":"da-DK","potentialAction":[{"@type":"CommentAction","name":"Comment","target":["https:\/\/kunmedierne.dk\/mors\/hoejskole-holder-politisk-topmoede-eleverne-staar-bag\/#respond"]}]},{"@type":"WebPage","@id":"https:\/\/kunmedierne.dk\/mors\/hoejskole-holder-politisk-topmoede-eleverne-staar-bag\/","url":"https:\/\/kunmedierne.dk\/mors\/hoejskole-holder-politisk-topmoede-eleverne-staar-bag\/","name":"H\u00f8jskole holder politisk topm\u00f8de: Eleverne st\u00e5r bag - Mors","isPartOf":{"@id":"https:\/\/kunmedierne.dk\/mors\/#website"},"primaryImageOfPage":{"@id":"https:\/\/kunmedierne.dk\/mors\/hoejskole-holder-politisk-topmoede-eleverne-staar-bag\/#primaryimage"},"image":{"@id":"https:\/\/kunmedierne.dk\/mors\/hoejskole-holder-politisk-topmoede-eleverne-staar-bag\/#primaryimage"},"thumbnailUrl":"https:\/\/kunmedierne.dk\/mors\/wp-content\/uploads\/2021\/08\/hoejskolen-mors.jpg","datePublished":"2021-10-20T18:39:37+00:00","dateModified":"2024-08-12T11:36:02+00:00","breadcrumb":{"@id":"https:\/\/kunmedierne.dk\/mors\/hoejskole-holder-politisk-topmoede-eleverne-staar-bag\/#breadcrumb"},"inLanguage":"da-DK","potentialAction":[{"@type":"ReadAction","target":["https:\/\/kunmedierne.dk\/mors\/hoejskole-holder-politisk-topmoede-eleverne-staar-bag\/"]}]},{"@type":"ImageObject","inLanguage":"da-DK","@id":"https:\/\/kunmedierne.dk\/mors\/hoejskole-holder-politisk-topmoede-eleverne-staar-bag\/#primaryimage","url":"https:\/\/kunmedierne.dk\/mors\/wp-content\/uploads\/2021\/08\/hoejskolen-mors.jpg","contentUrl":"https:\/\/kunmedierne.dk\/mors\/wp-content\/uploads\/2021\/08\/hoejskolen-mors.jpg","width":770,"height":513,"caption":"H\u00f8jskolen Mors. Foto: David H\u00f8jmark."},{"@type":"BreadcrumbList","@id":"https:\/\/kunmedierne.dk\/mors\/hoejskole-holder-politisk-topmoede-eleverne-staar-bag\/#breadcrumb","itemListElement":[{"@type":"ListItem","position":1,"name":"Hjem","item":"https:\/\/kunmedierne.dk\/mors\/"},{"@type":"ListItem","position":2,"name":"H\u00f8jskole holder politisk topm\u00f8de: Eleverne st\u00e5r bag"}]},{"@type":"WebSite","@id":"https:\/\/kunmedierne.dk\/mors\/#website","url":"https:\/\/kunmedierne.dk\/mors\/","name":"Mors","description":"et netmedie med journalistik om livet p\u00e5 Mors","publisher":{"@id":"https:\/\/kunmedierne.dk\/mors\/#organization"},"potentialAction":[{"@type":"SearchAction","target":{"@type":"EntryPoint","urlTemplate":"https:\/\/kunmedierne.dk\/mors\/?s={search_term_string}"},"query-input":{"@type":"PropertyValueSpecification","valueRequired":true,"valueName":"search_term_string"}}],"inLanguage":"da-DK"},{"@type":"Organization","@id":"https:\/\/kunmedierne.dk\/mors\/#organization","name":"Mors","url":"https:\/\/kunmedierne.dk\/mors\/","logo":{"@type":"ImageObject","inLanguage":"da-DK","@id":"https:\/\/kunmedierne.dk\/mors\/#\/schema\/logo\/image\/","url":"https:\/\/kunmedierne.dk\/mors\/wp-content\/uploads\/2024\/08\/kunmors-logo.svg","contentUrl":"https:\/\/kunmedierne.dk\/mors\/wp-content\/uploads\/2024\/08\/kunmors-logo.svg","caption":"Mors"},"image":{"@id":"https:\/\/kunmedierne.dk\/mors\/#\/schema\/logo\/image\/"}},{"@type":"Person","@id":"https:\/\/kunmedierne.dk\/mors\/#\/schema\/person\/a8426cb16cfd526b6bf3f1535b32dabf","name":"Helle M\u00f8ller Larsen","image":{"@type":"ImageObject","inLanguage":"da-DK","@id":"https:\/\/kunmedierne.dk\/mors\/#\/schema\/person\/image\/","url":"https:\/\/secure.gravatar.com\/avatar\/48179226e67cbb1f370367e82a899fe67a9be44ff282f7603602bd5ed4147645?s=96&d=mm&r=g","contentUrl":"https:\/\/secure.gravatar.com\/avatar\/48179226e67cbb1f370367e82a899fe67a9be44ff282f7603602bd5ed4147645?s=96&d=mm&r=g","caption":"Helle M\u00f8ller Larsen"},"url":"https:\/\/kunmedierne.dk\/mors\/author\/hml\/"}]}},"_links":{"self":[{"href":"https:\/\/kunmedierne.dk\/mors\/wp-json\/wp\/v2\/posts\/55122","targetHints":{"allow":["GET"]}}],"collection":[{"href":"https:\/\/kunmedierne.dk\/mors\/wp-json\/wp\/v2\/posts"}],"about":[{"href":"https:\/\/kunmedierne.dk\/mors\/wp-json\/wp\/v2\/types\/post"}],"author":[{"embeddable":true,"href":"https:\/\/kunmedierne.dk\/mors\/wp-json\/wp\/v2\/users\/1890"}],"replies":[{"embeddable":true,"href":"https:\/\/kunmedierne.dk\/mors\/wp-json\/wp\/v2\/comments?post=55122"}],"version-history":[{"count":22,"href":"https:\/\/kunmedierne.dk\/mors\/wp-json\/wp\/v2\/posts\/55122\/revisions"}],"predecessor-version":[{"id":55733,"href":"https:\/\/kunmedierne.dk\/mors\/wp-json\/wp\/v2\/posts\/55122\/revisions\/55733"}],"wp:featuredmedia":[{"embeddable":true,"href":"https:\/\/kunmedierne.dk\/mors\/wp-json\/wp\/v2\/media\/51027"}],"wp:attachment":[{"href":"https:\/\/kunmedierne.dk\/mors\/wp-json\/wp\/v2\/media?parent=55122"}],"wp:term":[{"taxonomy":"category","embeddable":true,"href":"https:\/\/kunmedierne.dk\/mors\/wp-json\/wp\/v2\/categories?post=55122"},{"taxonomy":"post_tag","embeddable":true,"href":"https:\/\/kunmedierne.dk\/mors\/wp-json\/wp\/v2\/tags?post=55122"}],"curies":[{"name":"wp","href":"https:\/\/api.w.org\/{rel}","templated":true}]}}