{"id":54847,"date":"2021-10-18T11:55:59","date_gmt":"2021-10-18T09:55:59","guid":{"rendered":"https:\/\/kunmedierne.dk\/mors\/?p=54847"},"modified":"2024-08-12T13:36:02","modified_gmt":"2024-08-12T11:36:02","slug":"frihed-under-ansvar","status":"publish","type":"post","link":"https:\/\/kunmedierne.dk\/mors\/frihed-under-ansvar\/","title":{"rendered":"Frihed under ansvar"},"content":{"rendered":"<p class=\"western\"><em><span style=\"font-family: Times New Roman, serif;\"><span style=\"font-size: large;\">Debatindl\u00e6g af Jesper Balle Kristensen, kandidat for Venstre ved Kommunalvalg 2021:<\/span><\/span><\/em><\/p>\n<hr \/>\n<p><strong>MORS:<\/strong> Der er mange hensyn, der skal tages, ogs\u00e5 kommunalt. Her t\u00e6nker jeg s\u00e6rligt p\u00e5 klima, milj\u00f8 og natur. Det er omr\u00e5der, der selvf\u00f8lgelig vil fylde meget i den kommende valgkamp, og med rette.<\/p>\n<p>Vi skal, som kommune, g\u00f8re en indsats, der hvor det reelt kan flytte noget. Derfor er jeg ogs\u00e5 stolt af at bo i en kommune, der virkelig bidrager med sin del af den gr\u00f8nne energi. En kommune der er med helt fremme, for at forbedre milj\u00f8et i og omkring Limfjorden.<\/p>\n<p>En kommune der t\u00e6nker b\u00e6redygtighed og genanvendelighed ind i deres byggerier, i den udstr\u00e6kning der er \u00f8konomi til det. Ja du l\u00e6ste rigtigt: \u201dder er \u00f8konomi til\u201d. Alle kandidater vil gerne have, at der sker en masse \u00e6ndringer p\u00e5 en r\u00e6kke omr\u00e5der. Mange af ideerne, ogs\u00e5 de der ikke er f\u00f8dt i Venstre, er ganske udm\u00e6rkede. Men, som en klog mand har n\u00e6vnt nogle gange efterh\u00e5nden, s\u00e5 kan pengene kun bruges \u00e9n gang. S\u00e5 ressourcerne skal bruges rigtigt og vi skal have mest muligt for pengene, samtidigt med at der bliver t\u00e6nkt klimavenligt i forbindelse med byggeri. At der ikke er udarbejdet en kommunal klimaplan, betyder bestemt ikke, at man ikke rykker sig p\u00e5 omr\u00e5det.<\/p>\n<p><img loading=\"lazy\" decoding=\"async\" class=\"alignleft size-full wp-image-46594\" src=\"https:\/\/kunmedierne.dk\/mors\/wp-content\/uploads\/2021\/06\/t03.jpg\" alt=\"\" width=\"1400\" height=\"125\" srcset=\"https:\/\/kunmedierne.dk\/mors\/wp-content\/uploads\/2021\/06\/t03.jpg 1400w, https:\/\/kunmedierne.dk\/mors\/wp-content\/uploads\/2021\/06\/t03-300x27.jpg 300w, https:\/\/kunmedierne.dk\/mors\/wp-content\/uploads\/2021\/06\/t03-1024x91.jpg 1024w, https:\/\/kunmedierne.dk\/mors\/wp-content\/uploads\/2021\/06\/t03-768x69.jpg 768w, https:\/\/kunmedierne.dk\/mors\/wp-content\/uploads\/2021\/06\/t03-600x54.jpg 600w\" sizes=\"auto, (max-width: 1400px) 100vw, 1400px\" \/><\/p>\n<p>Jeg vil vende tilbage til borgernes frihed og frie valg. Vi ser kommuner, der indskr\u00e6nker borgernes frie valg. Eksempelvis er der kommuner, som indf\u00f8rer k\u00f8dfrie dage p\u00e5 plejecentre. Derved fjernes borgernes frie valg, men omvendt hvis en \u00e6ldre borger \u00f8nsker et k\u00f8dfrit alternativ, ja s\u00e5 skal vi selvf\u00f8lgelig muligg\u00f8re det \u00f8nske. Vi m\u00e5 ikke fjerne borgernes frihed, og da slet ikke, n\u00e5r det vedr\u00f8rer de borgere, som er i den situation, at de ikke l\u00e6ngere selv st\u00e5r for den daglige husholdning og andre g\u00f8rem\u00e5l. Heller ikke i klimaets navn.<\/p>\n<p>Et andet eksempel er kommunens gr\u00f8nne arealer, som ligger rundt omkring p\u00e5 Mors. Arealer som i mange tilf\u00e6lde er til fri afbenyttelse af alle, lige fra idr\u00e6tsforeninger til borger\/beboerforeninger. Det skal selvf\u00f8lgelig stadig v\u00e6re op til borgerne i de forskellige omr\u00e5der, at tage stilling til hvordan, og til hvad, de arealer skal udnyttes. Om gr\u00e6sset skal klippes, eller det skal gro vildt. Det er ikke en kommunal beslutning, heller ikke i biodiversitetens navn. Det leder mig videre til en afsluttende bem\u00e6rkning.<\/p>\n<p><img loading=\"lazy\" decoding=\"async\" class=\"alignleft size-full wp-image-46595\" src=\"https:\/\/kunmedierne.dk\/mors\/wp-content\/uploads\/2021\/06\/t04.jpg\" alt=\"\" width=\"1400\" height=\"123\" srcset=\"https:\/\/kunmedierne.dk\/mors\/wp-content\/uploads\/2021\/06\/t04.jpg 1400w, https:\/\/kunmedierne.dk\/mors\/wp-content\/uploads\/2021\/06\/t04-300x26.jpg 300w, https:\/\/kunmedierne.dk\/mors\/wp-content\/uploads\/2021\/06\/t04-1024x90.jpg 1024w, https:\/\/kunmedierne.dk\/mors\/wp-content\/uploads\/2021\/06\/t04-768x67.jpg 768w, https:\/\/kunmedierne.dk\/mors\/wp-content\/uploads\/2021\/06\/t04-600x53.jpg 600w\" sizes=\"auto, (max-width: 1400px) 100vw, 1400px\" \/><\/p>\n<p>Beslutningerne skal tr\u00e6ffes s\u00e5 t\u00e6t p\u00e5 borgeren som muligt. En klog mand sagde engang: \u201dBeslutningerne skal tr\u00e6ffes i det yderste b\u00e6redygtige led\u201d. Som ny kandidat, kan man m\u00e5ske godt finde enkelte punkter, hvor det ikke altid har v\u00e6ret tilf\u00e6ldet, men s\u00e5 m\u00e5 man jo k\u00e6mpe for at blive valgt til kommunalbestyrelsen, for at sikre at det sker i fremtiden.<\/p>\n<p><span style=\"font-family: Times New Roman, serif;\"><span style=\"font-size: large;\">Et andet eksempel er kommunens gr\u00f8nne arealer, som ligger rundt omkring p\u00e5 Mors. Arealer som i mange tilf\u00e6lde er til fri afbenyttelse af alle, lige fra idr\u00e6tsforeninger til borger\/beboerforeninger. Det skal selvf\u00f8lgelig stadig v\u00e6re op til borgerne i de forskellige omr\u00e5der, at tage stilling til hvordan, og til hvad, de arealer skal udnyttes. Om gr\u00e6sset skal klippes, eller det skal gro vildt. Det er ikke en kommunal beslutning, heller ikke i biodiversitetens navn. Det leder mig videre til en afsluttende bem\u00e6rkning.<\/span><\/span><\/p>\n<p class=\"western\"><span style=\"font-family: Times New Roman, serif;\"><span style=\"font-size: large;\">Beslutningerne skal tr\u00e6ffes s\u00e5 t\u00e6t p\u00e5 borgeren som muligt. En klog mand sagde engang: \u201dBeslutningerne skal tr\u00e6ffes i det yderste b\u00e6redygtige led\u201d. Som ny kandidat, kan man m\u00e5ske godt finde enkelte punkter, hvor det ikke altid har v\u00e6ret tilf\u00e6ldet, men s\u00e5 m\u00e5 man jo k\u00e6mpe for at blive valgt til kommunalbestyrelsen, for at sikre at det sker i fremtiden.<\/span><\/span><\/p>\n<hr \/>\n<p><em>Har du et bidrag til den lokale debat? Send det til os p\u00e5 e-mail: debat@kunmedierne.dk\/mors. Husk at l\u00e6se korrektur inden afsendelse p\u00e5 indl\u00e6gget.<\/em><\/p>\n<blockquote>\n<h4>Tilmeld dig vores nyhedsbrev nederst p\u00e5 siden og modtag KunMors som din daglige lokalavis. S\u00e5 deltager du samtidig i lodtr\u00e6kningen om t\u00f8j fra <a href=\"https:\/\/www.facebook.com\/MrTorbenJensen\" target=\"_blank\" rel=\"noopener noreferrer\">Mr. Torben Jensen<\/a> for 600 kroner. L\u00e6s <a href=\"https:\/\/kunmedierne.dk\/mors\/vind-toej-hos-mr-torben-jensen-for-600-kroner\/\" target=\"_blank\" rel=\"noopener noreferrer\">her<\/a> hvordan.<\/h4>\n<\/blockquote>\n","protected":false},"excerpt":{"rendered":"<p>Debatindl\u00e6g af Jesper Balle Kristensen, kandidat for Venstre ved Kommunalvalg 2021: MORS: Der er mange hensyn, der skal tages, ogs\u00e5 kommunalt. Her t\u00e6nker jeg s\u00e6rligt p\u00e5 klima, milj\u00f8 og natur. Det er omr\u00e5der, der selvf\u00f8lgelig vil fylde meget i den kommende valgkamp, og med rette. Vi skal, som kommune, g\u00f8re en indsats, der hvor det [&hellip;]<\/p>\n","protected":false},"author":11,"featured_media":44158,"comment_status":"open","ping_status":"open","sticky":false,"template":"","format":"standard","meta":{"_acf_changed":false,"footnotes":""},"categories":[56],"tags":[167],"class_list":["post-54847","post","type-post","status-publish","format-standard","has-post-thumbnail","hentry","category-debat","tag-politik"],"acf":[],"yoast_head":"<!-- This site is optimized with the Yoast SEO plugin v26.8 - https:\/\/yoast.com\/product\/yoast-seo-wordpress\/ -->\n<title>Frihed under ansvar - Mors<\/title>\n<meta name=\"robots\" content=\"index, follow, max-snippet:-1, max-image-preview:large, max-video-preview:-1\" \/>\n<link rel=\"canonical\" href=\"https:\/\/kunmedierne.dk\/mors\/frihed-under-ansvar\/\" \/>\n<meta property=\"og:locale\" content=\"da_DK\" \/>\n<meta property=\"og:type\" content=\"article\" \/>\n<meta property=\"og:title\" content=\"Frihed under ansvar - Mors\" \/>\n<meta property=\"og:description\" content=\"Debatindl\u00e6g af Jesper Balle Kristensen, kandidat for Venstre ved Kommunalvalg 2021: MORS: Der er mange hensyn, der skal tages, ogs\u00e5 kommunalt. Her t\u00e6nker jeg s\u00e6rligt p\u00e5 klima, milj\u00f8 og natur. Det er omr\u00e5der, der selvf\u00f8lgelig vil fylde meget i den kommende valgkamp, og med rette. Vi skal, som kommune, g\u00f8re en indsats, der hvor det [&hellip;]\" \/>\n<meta property=\"og:url\" content=\"https:\/\/kunmedierne.dk\/mors\/frihed-under-ansvar\/\" \/>\n<meta property=\"og:site_name\" content=\"Mors\" \/>\n<meta property=\"article:published_time\" content=\"2021-10-18T09:55:59+00:00\" \/>\n<meta property=\"article:modified_time\" content=\"2024-08-12T11:36:02+00:00\" \/>\n<meta property=\"og:image\" content=\"https:\/\/kunmedierne.dk\/mors\/wp-content\/uploads\/2021\/04\/Jesper-Balle-Kristensen.jpg\" \/>\n\t<meta property=\"og:image:width\" content=\"770\" \/>\n\t<meta property=\"og:image:height\" content=\"513\" \/>\n\t<meta property=\"og:image:type\" content=\"image\/jpeg\" \/>\n<meta name=\"author\" content=\"Debat\" \/>\n<meta name=\"twitter:card\" content=\"summary_large_image\" \/>\n<meta name=\"twitter:label1\" content=\"Skrevet af\" \/>\n\t<meta name=\"twitter:data1\" content=\"Debat\" \/>\n\t<meta name=\"twitter:label2\" content=\"Estimeret l\u00e6setid\" \/>\n\t<meta name=\"twitter:data2\" content=\"4 minutter\" \/>\n<script type=\"application\/ld+json\" class=\"yoast-schema-graph\">{\"@context\":\"https:\/\/schema.org\",\"@graph\":[{\"@type\":\"Article\",\"@id\":\"https:\/\/kunmedierne.dk\/mors\/frihed-under-ansvar\/#article\",\"isPartOf\":{\"@id\":\"https:\/\/kunmedierne.dk\/mors\/frihed-under-ansvar\/\"},\"author\":{\"name\":\"Debat\",\"@id\":\"https:\/\/kunmedierne.dk\/mors\/#\/schema\/person\/84c1391bce0b43b9bb3a49736bc0ad78\"},\"headline\":\"Frihed under ansvar\",\"datePublished\":\"2021-10-18T09:55:59+00:00\",\"dateModified\":\"2024-08-12T11:36:02+00:00\",\"mainEntityOfPage\":{\"@id\":\"https:\/\/kunmedierne.dk\/mors\/frihed-under-ansvar\/\"},\"wordCount\":709,\"commentCount\":0,\"publisher\":{\"@id\":\"https:\/\/kunmedierne.dk\/mors\/#organization\"},\"image\":{\"@id\":\"https:\/\/kunmedierne.dk\/mors\/frihed-under-ansvar\/#primaryimage\"},\"thumbnailUrl\":\"https:\/\/kunmedierne.dk\/mors\/wp-content\/uploads\/2021\/04\/Jesper-Balle-Kristensen.jpg\",\"keywords\":[\"Politik\"],\"articleSection\":[\"Debat\"],\"inLanguage\":\"da-DK\",\"potentialAction\":[{\"@type\":\"CommentAction\",\"name\":\"Comment\",\"target\":[\"https:\/\/kunmedierne.dk\/mors\/frihed-under-ansvar\/#respond\"]}]},{\"@type\":\"WebPage\",\"@id\":\"https:\/\/kunmedierne.dk\/mors\/frihed-under-ansvar\/\",\"url\":\"https:\/\/kunmedierne.dk\/mors\/frihed-under-ansvar\/\",\"name\":\"Frihed under ansvar - Mors\",\"isPartOf\":{\"@id\":\"https:\/\/kunmedierne.dk\/mors\/#website\"},\"primaryImageOfPage\":{\"@id\":\"https:\/\/kunmedierne.dk\/mors\/frihed-under-ansvar\/#primaryimage\"},\"image\":{\"@id\":\"https:\/\/kunmedierne.dk\/mors\/frihed-under-ansvar\/#primaryimage\"},\"thumbnailUrl\":\"https:\/\/kunmedierne.dk\/mors\/wp-content\/uploads\/2021\/04\/Jesper-Balle-Kristensen.jpg\",\"datePublished\":\"2021-10-18T09:55:59+00:00\",\"dateModified\":\"2024-08-12T11:36:02+00:00\",\"breadcrumb\":{\"@id\":\"https:\/\/kunmedierne.dk\/mors\/frihed-under-ansvar\/#breadcrumb\"},\"inLanguage\":\"da-DK\",\"potentialAction\":[{\"@type\":\"ReadAction\",\"target\":[\"https:\/\/kunmedierne.dk\/mors\/frihed-under-ansvar\/\"]}]},{\"@type\":\"ImageObject\",\"inLanguage\":\"da-DK\",\"@id\":\"https:\/\/kunmedierne.dk\/mors\/frihed-under-ansvar\/#primaryimage\",\"url\":\"https:\/\/kunmedierne.dk\/mors\/wp-content\/uploads\/2021\/04\/Jesper-Balle-Kristensen.jpg\",\"contentUrl\":\"https:\/\/kunmedierne.dk\/mors\/wp-content\/uploads\/2021\/04\/Jesper-Balle-Kristensen.jpg\",\"width\":770,\"height\":513,\"caption\":\"Jesper Balle Kristensen vil i kommunalbestyrelsen. Privatfoto\"},{\"@type\":\"BreadcrumbList\",\"@id\":\"https:\/\/kunmedierne.dk\/mors\/frihed-under-ansvar\/#breadcrumb\",\"itemListElement\":[{\"@type\":\"ListItem\",\"position\":1,\"name\":\"Hjem\",\"item\":\"https:\/\/kunmedierne.dk\/mors\/\"},{\"@type\":\"ListItem\",\"position\":2,\"name\":\"Frihed under ansvar\"}]},{\"@type\":\"WebSite\",\"@id\":\"https:\/\/kunmedierne.dk\/mors\/#website\",\"url\":\"https:\/\/kunmedierne.dk\/mors\/\",\"name\":\"Mors\",\"description\":\"et netmedie med journalistik om livet p\u00e5 Mors\",\"publisher\":{\"@id\":\"https:\/\/kunmedierne.dk\/mors\/#organization\"},\"potentialAction\":[{\"@type\":\"SearchAction\",\"target\":{\"@type\":\"EntryPoint\",\"urlTemplate\":\"https:\/\/kunmedierne.dk\/mors\/?s={search_term_string}\"},\"query-input\":{\"@type\":\"PropertyValueSpecification\",\"valueRequired\":true,\"valueName\":\"search_term_string\"}}],\"inLanguage\":\"da-DK\"},{\"@type\":\"Organization\",\"@id\":\"https:\/\/kunmedierne.dk\/mors\/#organization\",\"name\":\"Mors\",\"url\":\"https:\/\/kunmedierne.dk\/mors\/\",\"logo\":{\"@type\":\"ImageObject\",\"inLanguage\":\"da-DK\",\"@id\":\"https:\/\/kunmedierne.dk\/mors\/#\/schema\/logo\/image\/\",\"url\":\"https:\/\/kunmedierne.dk\/mors\/wp-content\/uploads\/2024\/08\/kunmors-logo.svg\",\"contentUrl\":\"https:\/\/kunmedierne.dk\/mors\/wp-content\/uploads\/2024\/08\/kunmors-logo.svg\",\"caption\":\"Mors\"},\"image\":{\"@id\":\"https:\/\/kunmedierne.dk\/mors\/#\/schema\/logo\/image\/\"}},{\"@type\":\"Person\",\"@id\":\"https:\/\/kunmedierne.dk\/mors\/#\/schema\/person\/84c1391bce0b43b9bb3a49736bc0ad78\",\"name\":\"Debat\",\"image\":{\"@type\":\"ImageObject\",\"inLanguage\":\"da-DK\",\"@id\":\"https:\/\/kunmedierne.dk\/mors\/#\/schema\/person\/image\/\",\"url\":\"https:\/\/secure.gravatar.com\/avatar\/b0fb2e221d618f7c65162ab0d49c7e8a0b580c871ca03af90e42b47b4150654c?s=96&d=mm&r=g\",\"contentUrl\":\"https:\/\/secure.gravatar.com\/avatar\/b0fb2e221d618f7c65162ab0d49c7e8a0b580c871ca03af90e42b47b4150654c?s=96&d=mm&r=g\",\"caption\":\"Debat\"},\"url\":\"https:\/\/kunmedierne.dk\/mors\/author\/debat\/\"}]}<\/script>\n<!-- \/ Yoast SEO plugin. -->","yoast_head_json":{"title":"Frihed under ansvar - Mors","robots":{"index":"index","follow":"follow","max-snippet":"max-snippet:-1","max-image-preview":"max-image-preview:large","max-video-preview":"max-video-preview:-1"},"canonical":"https:\/\/kunmedierne.dk\/mors\/frihed-under-ansvar\/","og_locale":"da_DK","og_type":"article","og_title":"Frihed under ansvar - Mors","og_description":"Debatindl\u00e6g af Jesper Balle Kristensen, kandidat for Venstre ved Kommunalvalg 2021: MORS: Der er mange hensyn, der skal tages, ogs\u00e5 kommunalt. Her t\u00e6nker jeg s\u00e6rligt p\u00e5 klima, milj\u00f8 og natur. Det er omr\u00e5der, der selvf\u00f8lgelig vil fylde meget i den kommende valgkamp, og med rette. Vi skal, som kommune, g\u00f8re en indsats, der hvor det [&hellip;]","og_url":"https:\/\/kunmedierne.dk\/mors\/frihed-under-ansvar\/","og_site_name":"Mors","article_published_time":"2021-10-18T09:55:59+00:00","article_modified_time":"2024-08-12T11:36:02+00:00","og_image":[{"width":770,"height":513,"url":"https:\/\/kunmedierne.dk\/mors\/wp-content\/uploads\/2021\/04\/Jesper-Balle-Kristensen.jpg","type":"image\/jpeg"}],"author":"Debat","twitter_card":"summary_large_image","twitter_misc":{"Skrevet af":"Debat","Estimeret l\u00e6setid":"4 minutter"},"schema":{"@context":"https:\/\/schema.org","@graph":[{"@type":"Article","@id":"https:\/\/kunmedierne.dk\/mors\/frihed-under-ansvar\/#article","isPartOf":{"@id":"https:\/\/kunmedierne.dk\/mors\/frihed-under-ansvar\/"},"author":{"name":"Debat","@id":"https:\/\/kunmedierne.dk\/mors\/#\/schema\/person\/84c1391bce0b43b9bb3a49736bc0ad78"},"headline":"Frihed under ansvar","datePublished":"2021-10-18T09:55:59+00:00","dateModified":"2024-08-12T11:36:02+00:00","mainEntityOfPage":{"@id":"https:\/\/kunmedierne.dk\/mors\/frihed-under-ansvar\/"},"wordCount":709,"commentCount":0,"publisher":{"@id":"https:\/\/kunmedierne.dk\/mors\/#organization"},"image":{"@id":"https:\/\/kunmedierne.dk\/mors\/frihed-under-ansvar\/#primaryimage"},"thumbnailUrl":"https:\/\/kunmedierne.dk\/mors\/wp-content\/uploads\/2021\/04\/Jesper-Balle-Kristensen.jpg","keywords":["Politik"],"articleSection":["Debat"],"inLanguage":"da-DK","potentialAction":[{"@type":"CommentAction","name":"Comment","target":["https:\/\/kunmedierne.dk\/mors\/frihed-under-ansvar\/#respond"]}]},{"@type":"WebPage","@id":"https:\/\/kunmedierne.dk\/mors\/frihed-under-ansvar\/","url":"https:\/\/kunmedierne.dk\/mors\/frihed-under-ansvar\/","name":"Frihed under ansvar - Mors","isPartOf":{"@id":"https:\/\/kunmedierne.dk\/mors\/#website"},"primaryImageOfPage":{"@id":"https:\/\/kunmedierne.dk\/mors\/frihed-under-ansvar\/#primaryimage"},"image":{"@id":"https:\/\/kunmedierne.dk\/mors\/frihed-under-ansvar\/#primaryimage"},"thumbnailUrl":"https:\/\/kunmedierne.dk\/mors\/wp-content\/uploads\/2021\/04\/Jesper-Balle-Kristensen.jpg","datePublished":"2021-10-18T09:55:59+00:00","dateModified":"2024-08-12T11:36:02+00:00","breadcrumb":{"@id":"https:\/\/kunmedierne.dk\/mors\/frihed-under-ansvar\/#breadcrumb"},"inLanguage":"da-DK","potentialAction":[{"@type":"ReadAction","target":["https:\/\/kunmedierne.dk\/mors\/frihed-under-ansvar\/"]}]},{"@type":"ImageObject","inLanguage":"da-DK","@id":"https:\/\/kunmedierne.dk\/mors\/frihed-under-ansvar\/#primaryimage","url":"https:\/\/kunmedierne.dk\/mors\/wp-content\/uploads\/2021\/04\/Jesper-Balle-Kristensen.jpg","contentUrl":"https:\/\/kunmedierne.dk\/mors\/wp-content\/uploads\/2021\/04\/Jesper-Balle-Kristensen.jpg","width":770,"height":513,"caption":"Jesper Balle Kristensen vil i kommunalbestyrelsen. Privatfoto"},{"@type":"BreadcrumbList","@id":"https:\/\/kunmedierne.dk\/mors\/frihed-under-ansvar\/#breadcrumb","itemListElement":[{"@type":"ListItem","position":1,"name":"Hjem","item":"https:\/\/kunmedierne.dk\/mors\/"},{"@type":"ListItem","position":2,"name":"Frihed under ansvar"}]},{"@type":"WebSite","@id":"https:\/\/kunmedierne.dk\/mors\/#website","url":"https:\/\/kunmedierne.dk\/mors\/","name":"Mors","description":"et netmedie med journalistik om livet p\u00e5 Mors","publisher":{"@id":"https:\/\/kunmedierne.dk\/mors\/#organization"},"potentialAction":[{"@type":"SearchAction","target":{"@type":"EntryPoint","urlTemplate":"https:\/\/kunmedierne.dk\/mors\/?s={search_term_string}"},"query-input":{"@type":"PropertyValueSpecification","valueRequired":true,"valueName":"search_term_string"}}],"inLanguage":"da-DK"},{"@type":"Organization","@id":"https:\/\/kunmedierne.dk\/mors\/#organization","name":"Mors","url":"https:\/\/kunmedierne.dk\/mors\/","logo":{"@type":"ImageObject","inLanguage":"da-DK","@id":"https:\/\/kunmedierne.dk\/mors\/#\/schema\/logo\/image\/","url":"https:\/\/kunmedierne.dk\/mors\/wp-content\/uploads\/2024\/08\/kunmors-logo.svg","contentUrl":"https:\/\/kunmedierne.dk\/mors\/wp-content\/uploads\/2024\/08\/kunmors-logo.svg","caption":"Mors"},"image":{"@id":"https:\/\/kunmedierne.dk\/mors\/#\/schema\/logo\/image\/"}},{"@type":"Person","@id":"https:\/\/kunmedierne.dk\/mors\/#\/schema\/person\/84c1391bce0b43b9bb3a49736bc0ad78","name":"Debat","image":{"@type":"ImageObject","inLanguage":"da-DK","@id":"https:\/\/kunmedierne.dk\/mors\/#\/schema\/person\/image\/","url":"https:\/\/secure.gravatar.com\/avatar\/b0fb2e221d618f7c65162ab0d49c7e8a0b580c871ca03af90e42b47b4150654c?s=96&d=mm&r=g","contentUrl":"https:\/\/secure.gravatar.com\/avatar\/b0fb2e221d618f7c65162ab0d49c7e8a0b580c871ca03af90e42b47b4150654c?s=96&d=mm&r=g","caption":"Debat"},"url":"https:\/\/kunmedierne.dk\/mors\/author\/debat\/"}]}},"_links":{"self":[{"href":"https:\/\/kunmedierne.dk\/mors\/wp-json\/wp\/v2\/posts\/54847","targetHints":{"allow":["GET"]}}],"collection":[{"href":"https:\/\/kunmedierne.dk\/mors\/wp-json\/wp\/v2\/posts"}],"about":[{"href":"https:\/\/kunmedierne.dk\/mors\/wp-json\/wp\/v2\/types\/post"}],"author":[{"embeddable":true,"href":"https:\/\/kunmedierne.dk\/mors\/wp-json\/wp\/v2\/users\/11"}],"replies":[{"embeddable":true,"href":"https:\/\/kunmedierne.dk\/mors\/wp-json\/wp\/v2\/comments?post=54847"}],"version-history":[{"count":6,"href":"https:\/\/kunmedierne.dk\/mors\/wp-json\/wp\/v2\/posts\/54847\/revisions"}],"predecessor-version":[{"id":54989,"href":"https:\/\/kunmedierne.dk\/mors\/wp-json\/wp\/v2\/posts\/54847\/revisions\/54989"}],"wp:featuredmedia":[{"embeddable":true,"href":"https:\/\/kunmedierne.dk\/mors\/wp-json\/wp\/v2\/media\/44158"}],"wp:attachment":[{"href":"https:\/\/kunmedierne.dk\/mors\/wp-json\/wp\/v2\/media?parent=54847"}],"wp:term":[{"taxonomy":"category","embeddable":true,"href":"https:\/\/kunmedierne.dk\/mors\/wp-json\/wp\/v2\/categories?post=54847"},{"taxonomy":"post_tag","embeddable":true,"href":"https:\/\/kunmedierne.dk\/mors\/wp-json\/wp\/v2\/tags?post=54847"}],"curies":[{"name":"wp","href":"https:\/\/api.w.org\/{rel}","templated":true}]}}