{"id":54590,"date":"2021-10-15T22:33:59","date_gmt":"2021-10-15T20:33:59","guid":{"rendered":"https:\/\/kunmedierne.dk\/mors\/?p=54590"},"modified":"2024-08-12T13:36:03","modified_gmt":"2024-08-12T11:36:03","slug":"den-vigtigste-ressource-vi-har-er-vores-boern-og-unge","status":"publish","type":"post","link":"https:\/\/kunmedierne.dk\/mors\/den-vigtigste-ressource-vi-har-er-vores-boern-og-unge\/","title":{"rendered":"&#8211; Den vigtigste ressource vi har er vores b\u00f8rn og unge"},"content":{"rendered":"<p><em>Debatindl\u00e6g fra Henrik Markm\u00f8ller Bro, kandidat for De Konservative ved Kommunalvalg 2021:<\/em><\/p>\n<hr \/>\n<p><strong>MORS<\/strong>:\u00a0Det er s\u00e5 vigtigt at vores b\u00f8rn og unge trives. De skal have optimale muligheder og forhold, helt fra de er sm\u00e5, til de bliver store. Et af de forhold, man som kommune kan, og efter min mening b\u00f8r, v\u00e6re med til at pr\u00e6ge, er vilk\u00e5rene for at dyrke idr\u00e6t gennem hele barne- og ungdomslivet.<\/p>\n<p>Jeg har gennem hele mit liv v\u00e6ret involveret i forenings- og idr\u00e6tslivet p\u00e5 Mors, b\u00e5de som ud\u00f8ver og i bestyrelser. Det var derfor slet ikke rart at l\u00e6se Danmark Idr\u00e6tsforbunds (DIF&#8217;s) nye store unders\u00f8gelse, der ud fra sp\u00f8rgsm\u00e5let: &#8220;<em>I hvilken dansk kommune har idr\u00e6tten de bedste rammer og vilk\u00e5r?<\/em>&#8220;, rangerer danske kommuner ud fra prioriteringer og indsatser p\u00e5 det idr\u00e6tspolitiske omr\u00e5de.<\/p>\n<p><a href=\"https:\/\/vognmand-filtenborg.dk\/\"><img loading=\"lazy\" decoding=\"async\" class=\"alignleft size-full wp-image-46594\" src=\"https:\/\/kunmedierne.dk\/mors\/wp-content\/uploads\/2021\/06\/t03.jpg\" alt=\"\" width=\"1400\" height=\"125\" srcset=\"https:\/\/kunmedierne.dk\/mors\/wp-content\/uploads\/2021\/06\/t03.jpg 1400w, https:\/\/kunmedierne.dk\/mors\/wp-content\/uploads\/2021\/06\/t03-300x27.jpg 300w, https:\/\/kunmedierne.dk\/mors\/wp-content\/uploads\/2021\/06\/t03-1024x91.jpg 1024w, https:\/\/kunmedierne.dk\/mors\/wp-content\/uploads\/2021\/06\/t03-768x69.jpg 768w, https:\/\/kunmedierne.dk\/mors\/wp-content\/uploads\/2021\/06\/t03-600x54.jpg 600w\" sizes=\"auto, (max-width: 1400px) 100vw, 1400px\" \/><\/a>I unders\u00f8gelsen rangeres 93 af landets kommuner ud fra 21 udvalgte parametre fordelt p\u00e5 de fire hovedtemaer \u00f8konomi, faciliteter, frivillige og idr\u00e6tspolitik. Unders\u00f8gelsen kan ses p\u00e5 DIFs hjemmeside: <a href=\"https:\/\/www.dif.dk\/nyheder\/2021\/10\/20211011_stordifundersgelserangererkommunerne\">https:\/\/www.dif.dk\/nyheder\/2021\/10\/20211011_stordifundersgelserangererkommunerne<\/a><\/p>\n<p>Jeg blev f\u00f8rst lidt stolt, da jeg s\u00e5 at Skive Kommune ligger p\u00e5 en f\u00f8rsteplads og Thisted kommer st\u00e6rkt ind p\u00e5 5. pladsen. Tillykke til dem! Man skal desv\u00e6rre langt ned p\u00e5 listen for at finde Mors\u00f8 Kommune. Mors\u00f8 kommer ind p\u00e5 plads nr. 61.<\/p>\n<p>Som det kan ses i unders\u00f8gelsen, scorer Mors\u00f8 h\u00f8jt, n\u00e5r det g\u00e6lder frivillighed. Vi er p\u00e5 dette omr\u00e5de helt oppe p\u00e5 en fjerde plads. Det kan jeg godt forst\u00e5, og det kan vi v\u00e6re stolte over. Vi har nogle fantastiske frivillige, der g\u00f8r et k\u00e6mpe stykke arbejde. Lad os forts\u00e6tte den stil. Der b\u00f8r gives al den st\u00f8tte og hj\u00e6lp, der kan til dette arbejde.<\/p>\n<p><a href=\"https:\/\/www.sparnord.dk\/filialer\/nykoebing-mors\/\"><img loading=\"lazy\" decoding=\"async\" class=\"alignleft size-full wp-image-46595\" src=\"https:\/\/kunmedierne.dk\/mors\/wp-content\/uploads\/2021\/06\/t04.jpg\" alt=\"\" width=\"1400\" height=\"123\" srcset=\"https:\/\/kunmedierne.dk\/mors\/wp-content\/uploads\/2021\/06\/t04.jpg 1400w, https:\/\/kunmedierne.dk\/mors\/wp-content\/uploads\/2021\/06\/t04-300x26.jpg 300w, https:\/\/kunmedierne.dk\/mors\/wp-content\/uploads\/2021\/06\/t04-1024x90.jpg 1024w, https:\/\/kunmedierne.dk\/mors\/wp-content\/uploads\/2021\/06\/t04-768x67.jpg 768w, https:\/\/kunmedierne.dk\/mors\/wp-content\/uploads\/2021\/06\/t04-600x53.jpg 600w\" sizes=\"auto, (max-width: 1400px) 100vw, 1400px\" \/><\/a>Men s\u00e5 kommer de alvorlige tal og v\u00e6rst st\u00e5r det til med idr\u00e6tspolitikken. Der kommer vi f\u00f8rst ind p\u00e5 plads nr. 87. Herefter f\u00f8lger \u00f8konomi som nr. 73 og faciliteter p\u00e5 plads nummer 39.<\/p>\n<p>Det er simpelthen ikke godt nok, og det skal og b\u00f8r kunne g\u00f8res bedre. Jeg h\u00e5ber, at unders\u00f8gelsen kommer til at tjene som et v\u00e6rkt\u00f8j for alle kommunerne i arbejdet med at sikre gode vilk\u00e5r for idr\u00e6tslivet. Mors\u00f8 Kommune b\u00f8r v\u00e6re med i toppen p\u00e5 niveau med Skive og Thisted. Der skal laves en decideret idr\u00e6tspolitik, hvor kommunen beskriver, hvad vi vil med b\u00e5de bredde- og eliteidr\u00e6tten. Det er n\u00f8dvendigt med et m\u00e5l, s\u00e5 man har noget konkret at arbejde hen imod.<\/p>\n<p><a href=\"http:\/\/www.limfjordsteatret.dk\/#front\"><img loading=\"lazy\" decoding=\"async\" class=\"alignleft size-full wp-image-46596\" src=\"https:\/\/kunmedierne.dk\/mors\/wp-content\/uploads\/2021\/06\/t05.jpg\" alt=\"\" width=\"1400\" height=\"125\" srcset=\"https:\/\/kunmedierne.dk\/mors\/wp-content\/uploads\/2021\/06\/t05.jpg 1400w, https:\/\/kunmedierne.dk\/mors\/wp-content\/uploads\/2021\/06\/t05-300x27.jpg 300w, https:\/\/kunmedierne.dk\/mors\/wp-content\/uploads\/2021\/06\/t05-1024x91.jpg 1024w, https:\/\/kunmedierne.dk\/mors\/wp-content\/uploads\/2021\/06\/t05-768x69.jpg 768w, https:\/\/kunmedierne.dk\/mors\/wp-content\/uploads\/2021\/06\/t05-600x54.jpg 600w\" sizes=\"auto, (max-width: 1400px) 100vw, 1400px\" \/><\/a>Udover idr\u00e6ttens betydning for at f\u00e5 sunde og glade b\u00f8rn i kommunen, er der mange andre gevinster ved at s\u00e6tte fokus p\u00e5 idr\u00e6t i kommunen. Jeg vil blot n\u00e6vne et par stykker. T\u00e6nk p\u00e5 den positive eksponering det gav, da Mors-Thy H\u00e5ndbold vandt \u201dFinal Four\u201d. Eller hvad med Sports College Mors, som tiltr\u00e6kker ca. 20 elever til handelskolen og gymnasiet.<\/p>\n<p>Jeg vil arbejde for, at Mors\u00f8 Kommune f\u00e5r lavet en idr\u00e6tspolitik for b\u00e5de bredden og eliten, at der er optimale \u00f8konomiske rammer og selvom faciliteterne har f\u00e5et et l\u00f8ft, skal der mere til.<\/p>\n<p>Husk det d. 16. november!<\/p>\n<hr \/>\n<p><em>Har du et bidrag til den lokale debat? Send det til os p\u00e5 e-mail: debat@kunmedierne.dk\/mors. Husk at l\u00e6se korrektur inden afsendelse p\u00e5 indl\u00e6gget.<\/em><\/p>\n","protected":false},"excerpt":{"rendered":"<p>Debatindl\u00e6g fra Henrik Markm\u00f8ller Bro, kandidat for De Konservative ved Kommunalvalg 2021: MORS:\u00a0Det er s\u00e5 vigtigt at vores b\u00f8rn og unge trives. De skal have optimale muligheder og forhold, helt fra de er sm\u00e5, til de bliver store. Et af de forhold, man som kommune kan, og efter min mening b\u00f8r, v\u00e6re med til at [&hellip;]<\/p>\n","protected":false},"author":11,"featured_media":54047,"comment_status":"open","ping_status":"open","sticky":false,"template":"","format":"standard","meta":{"_acf_changed":false,"footnotes":""},"categories":[56],"tags":[167],"class_list":["post-54590","post","type-post","status-publish","format-standard","has-post-thumbnail","hentry","category-debat","tag-politik"],"acf":[],"yoast_head":"<!-- This site is optimized with the Yoast SEO plugin v26.8 - https:\/\/yoast.com\/product\/yoast-seo-wordpress\/ -->\n<title>- Den vigtigste ressource vi har er vores b\u00f8rn og unge - Mors<\/title>\n<meta name=\"robots\" content=\"index, follow, max-snippet:-1, max-image-preview:large, max-video-preview:-1\" \/>\n<link rel=\"canonical\" href=\"https:\/\/kunmedierne.dk\/mors\/den-vigtigste-ressource-vi-har-er-vores-boern-og-unge\/\" \/>\n<meta property=\"og:locale\" content=\"da_DK\" \/>\n<meta property=\"og:type\" content=\"article\" \/>\n<meta property=\"og:title\" content=\"- Den vigtigste ressource vi har er vores b\u00f8rn og unge - Mors\" \/>\n<meta property=\"og:description\" content=\"Debatindl\u00e6g fra Henrik Markm\u00f8ller Bro, kandidat for De Konservative ved Kommunalvalg 2021: MORS:\u00a0Det er s\u00e5 vigtigt at vores b\u00f8rn og unge trives. De skal have optimale muligheder og forhold, helt fra de er sm\u00e5, til de bliver store. Et af de forhold, man som kommune kan, og efter min mening b\u00f8r, v\u00e6re med til at [&hellip;]\" \/>\n<meta property=\"og:url\" content=\"https:\/\/kunmedierne.dk\/mors\/den-vigtigste-ressource-vi-har-er-vores-boern-og-unge\/\" \/>\n<meta property=\"og:site_name\" content=\"Mors\" \/>\n<meta property=\"article:published_time\" content=\"2021-10-15T20:33:59+00:00\" \/>\n<meta property=\"article:modified_time\" content=\"2024-08-12T11:36:03+00:00\" \/>\n<meta property=\"og:image\" content=\"https:\/\/kunmedierne.dk\/mors\/wp-content\/uploads\/2021\/10\/henrik-markmoeller-bro.jpg\" \/>\n\t<meta property=\"og:image:width\" content=\"770\" \/>\n\t<meta property=\"og:image:height\" content=\"513\" \/>\n\t<meta property=\"og:image:type\" content=\"image\/jpeg\" \/>\n<meta name=\"author\" content=\"Debat\" \/>\n<meta name=\"twitter:card\" content=\"summary_large_image\" \/>\n<meta name=\"twitter:label1\" content=\"Skrevet af\" \/>\n\t<meta name=\"twitter:data1\" content=\"Debat\" \/>\n\t<meta name=\"twitter:label2\" content=\"Estimeret l\u00e6setid\" \/>\n\t<meta name=\"twitter:data2\" content=\"3 minutter\" \/>\n<script type=\"application\/ld+json\" class=\"yoast-schema-graph\">{\"@context\":\"https:\/\/schema.org\",\"@graph\":[{\"@type\":\"Article\",\"@id\":\"https:\/\/kunmedierne.dk\/mors\/den-vigtigste-ressource-vi-har-er-vores-boern-og-unge\/#article\",\"isPartOf\":{\"@id\":\"https:\/\/kunmedierne.dk\/mors\/den-vigtigste-ressource-vi-har-er-vores-boern-og-unge\/\"},\"author\":{\"name\":\"Debat\",\"@id\":\"https:\/\/kunmedierne.dk\/mors\/#\/schema\/person\/84c1391bce0b43b9bb3a49736bc0ad78\"},\"headline\":\"&#8211; Den vigtigste ressource vi har er vores b\u00f8rn og unge\",\"datePublished\":\"2021-10-15T20:33:59+00:00\",\"dateModified\":\"2024-08-12T11:36:03+00:00\",\"mainEntityOfPage\":{\"@id\":\"https:\/\/kunmedierne.dk\/mors\/den-vigtigste-ressource-vi-har-er-vores-boern-og-unge\/\"},\"wordCount\":590,\"commentCount\":0,\"publisher\":{\"@id\":\"https:\/\/kunmedierne.dk\/mors\/#organization\"},\"image\":{\"@id\":\"https:\/\/kunmedierne.dk\/mors\/den-vigtigste-ressource-vi-har-er-vores-boern-og-unge\/#primaryimage\"},\"thumbnailUrl\":\"https:\/\/kunmedierne.dk\/mors\/wp-content\/uploads\/2021\/10\/henrik-markmoeller-bro.jpg\",\"keywords\":[\"Politik\"],\"articleSection\":[\"Debat\"],\"inLanguage\":\"da-DK\",\"potentialAction\":[{\"@type\":\"CommentAction\",\"name\":\"Comment\",\"target\":[\"https:\/\/kunmedierne.dk\/mors\/den-vigtigste-ressource-vi-har-er-vores-boern-og-unge\/#respond\"]}]},{\"@type\":\"WebPage\",\"@id\":\"https:\/\/kunmedierne.dk\/mors\/den-vigtigste-ressource-vi-har-er-vores-boern-og-unge\/\",\"url\":\"https:\/\/kunmedierne.dk\/mors\/den-vigtigste-ressource-vi-har-er-vores-boern-og-unge\/\",\"name\":\"- Den vigtigste ressource vi har er vores b\u00f8rn og unge - Mors\",\"isPartOf\":{\"@id\":\"https:\/\/kunmedierne.dk\/mors\/#website\"},\"primaryImageOfPage\":{\"@id\":\"https:\/\/kunmedierne.dk\/mors\/den-vigtigste-ressource-vi-har-er-vores-boern-og-unge\/#primaryimage\"},\"image\":{\"@id\":\"https:\/\/kunmedierne.dk\/mors\/den-vigtigste-ressource-vi-har-er-vores-boern-og-unge\/#primaryimage\"},\"thumbnailUrl\":\"https:\/\/kunmedierne.dk\/mors\/wp-content\/uploads\/2021\/10\/henrik-markmoeller-bro.jpg\",\"datePublished\":\"2021-10-15T20:33:59+00:00\",\"dateModified\":\"2024-08-12T11:36:03+00:00\",\"breadcrumb\":{\"@id\":\"https:\/\/kunmedierne.dk\/mors\/den-vigtigste-ressource-vi-har-er-vores-boern-og-unge\/#breadcrumb\"},\"inLanguage\":\"da-DK\",\"potentialAction\":[{\"@type\":\"ReadAction\",\"target\":[\"https:\/\/kunmedierne.dk\/mors\/den-vigtigste-ressource-vi-har-er-vores-boern-og-unge\/\"]}]},{\"@type\":\"ImageObject\",\"inLanguage\":\"da-DK\",\"@id\":\"https:\/\/kunmedierne.dk\/mors\/den-vigtigste-ressource-vi-har-er-vores-boern-og-unge\/#primaryimage\",\"url\":\"https:\/\/kunmedierne.dk\/mors\/wp-content\/uploads\/2021\/10\/henrik-markmoeller-bro.jpg\",\"contentUrl\":\"https:\/\/kunmedierne.dk\/mors\/wp-content\/uploads\/2021\/10\/henrik-markmoeller-bro.jpg\",\"width\":770,\"height\":513,\"caption\":\"Henrik Markm\u00f8ller Bro, kandidat for De Konservative ved Kommunalvalg 2021.\"},{\"@type\":\"BreadcrumbList\",\"@id\":\"https:\/\/kunmedierne.dk\/mors\/den-vigtigste-ressource-vi-har-er-vores-boern-og-unge\/#breadcrumb\",\"itemListElement\":[{\"@type\":\"ListItem\",\"position\":1,\"name\":\"Hjem\",\"item\":\"https:\/\/kunmedierne.dk\/mors\/\"},{\"@type\":\"ListItem\",\"position\":2,\"name\":\"&#8211; Den vigtigste ressource vi har er vores b\u00f8rn og unge\"}]},{\"@type\":\"WebSite\",\"@id\":\"https:\/\/kunmedierne.dk\/mors\/#website\",\"url\":\"https:\/\/kunmedierne.dk\/mors\/\",\"name\":\"Mors\",\"description\":\"et netmedie med journalistik om livet p\u00e5 Mors\",\"publisher\":{\"@id\":\"https:\/\/kunmedierne.dk\/mors\/#organization\"},\"potentialAction\":[{\"@type\":\"SearchAction\",\"target\":{\"@type\":\"EntryPoint\",\"urlTemplate\":\"https:\/\/kunmedierne.dk\/mors\/?s={search_term_string}\"},\"query-input\":{\"@type\":\"PropertyValueSpecification\",\"valueRequired\":true,\"valueName\":\"search_term_string\"}}],\"inLanguage\":\"da-DK\"},{\"@type\":\"Organization\",\"@id\":\"https:\/\/kunmedierne.dk\/mors\/#organization\",\"name\":\"Mors\",\"url\":\"https:\/\/kunmedierne.dk\/mors\/\",\"logo\":{\"@type\":\"ImageObject\",\"inLanguage\":\"da-DK\",\"@id\":\"https:\/\/kunmedierne.dk\/mors\/#\/schema\/logo\/image\/\",\"url\":\"https:\/\/kunmedierne.dk\/mors\/wp-content\/uploads\/2024\/08\/kunmors-logo.svg\",\"contentUrl\":\"https:\/\/kunmedierne.dk\/mors\/wp-content\/uploads\/2024\/08\/kunmors-logo.svg\",\"caption\":\"Mors\"},\"image\":{\"@id\":\"https:\/\/kunmedierne.dk\/mors\/#\/schema\/logo\/image\/\"}},{\"@type\":\"Person\",\"@id\":\"https:\/\/kunmedierne.dk\/mors\/#\/schema\/person\/84c1391bce0b43b9bb3a49736bc0ad78\",\"name\":\"Debat\",\"image\":{\"@type\":\"ImageObject\",\"inLanguage\":\"da-DK\",\"@id\":\"https:\/\/kunmedierne.dk\/mors\/#\/schema\/person\/image\/\",\"url\":\"https:\/\/secure.gravatar.com\/avatar\/b0fb2e221d618f7c65162ab0d49c7e8a0b580c871ca03af90e42b47b4150654c?s=96&d=mm&r=g\",\"contentUrl\":\"https:\/\/secure.gravatar.com\/avatar\/b0fb2e221d618f7c65162ab0d49c7e8a0b580c871ca03af90e42b47b4150654c?s=96&d=mm&r=g\",\"caption\":\"Debat\"},\"url\":\"https:\/\/kunmedierne.dk\/mors\/author\/debat\/\"}]}<\/script>\n<!-- \/ Yoast SEO plugin. -->","yoast_head_json":{"title":"- Den vigtigste ressource vi har er vores b\u00f8rn og unge - Mors","robots":{"index":"index","follow":"follow","max-snippet":"max-snippet:-1","max-image-preview":"max-image-preview:large","max-video-preview":"max-video-preview:-1"},"canonical":"https:\/\/kunmedierne.dk\/mors\/den-vigtigste-ressource-vi-har-er-vores-boern-og-unge\/","og_locale":"da_DK","og_type":"article","og_title":"- Den vigtigste ressource vi har er vores b\u00f8rn og unge - Mors","og_description":"Debatindl\u00e6g fra Henrik Markm\u00f8ller Bro, kandidat for De Konservative ved Kommunalvalg 2021: MORS:\u00a0Det er s\u00e5 vigtigt at vores b\u00f8rn og unge trives. De skal have optimale muligheder og forhold, helt fra de er sm\u00e5, til de bliver store. Et af de forhold, man som kommune kan, og efter min mening b\u00f8r, v\u00e6re med til at [&hellip;]","og_url":"https:\/\/kunmedierne.dk\/mors\/den-vigtigste-ressource-vi-har-er-vores-boern-og-unge\/","og_site_name":"Mors","article_published_time":"2021-10-15T20:33:59+00:00","article_modified_time":"2024-08-12T11:36:03+00:00","og_image":[{"width":770,"height":513,"url":"https:\/\/kunmedierne.dk\/mors\/wp-content\/uploads\/2021\/10\/henrik-markmoeller-bro.jpg","type":"image\/jpeg"}],"author":"Debat","twitter_card":"summary_large_image","twitter_misc":{"Skrevet af":"Debat","Estimeret l\u00e6setid":"3 minutter"},"schema":{"@context":"https:\/\/schema.org","@graph":[{"@type":"Article","@id":"https:\/\/kunmedierne.dk\/mors\/den-vigtigste-ressource-vi-har-er-vores-boern-og-unge\/#article","isPartOf":{"@id":"https:\/\/kunmedierne.dk\/mors\/den-vigtigste-ressource-vi-har-er-vores-boern-og-unge\/"},"author":{"name":"Debat","@id":"https:\/\/kunmedierne.dk\/mors\/#\/schema\/person\/84c1391bce0b43b9bb3a49736bc0ad78"},"headline":"&#8211; Den vigtigste ressource vi har er vores b\u00f8rn og unge","datePublished":"2021-10-15T20:33:59+00:00","dateModified":"2024-08-12T11:36:03+00:00","mainEntityOfPage":{"@id":"https:\/\/kunmedierne.dk\/mors\/den-vigtigste-ressource-vi-har-er-vores-boern-og-unge\/"},"wordCount":590,"commentCount":0,"publisher":{"@id":"https:\/\/kunmedierne.dk\/mors\/#organization"},"image":{"@id":"https:\/\/kunmedierne.dk\/mors\/den-vigtigste-ressource-vi-har-er-vores-boern-og-unge\/#primaryimage"},"thumbnailUrl":"https:\/\/kunmedierne.dk\/mors\/wp-content\/uploads\/2021\/10\/henrik-markmoeller-bro.jpg","keywords":["Politik"],"articleSection":["Debat"],"inLanguage":"da-DK","potentialAction":[{"@type":"CommentAction","name":"Comment","target":["https:\/\/kunmedierne.dk\/mors\/den-vigtigste-ressource-vi-har-er-vores-boern-og-unge\/#respond"]}]},{"@type":"WebPage","@id":"https:\/\/kunmedierne.dk\/mors\/den-vigtigste-ressource-vi-har-er-vores-boern-og-unge\/","url":"https:\/\/kunmedierne.dk\/mors\/den-vigtigste-ressource-vi-har-er-vores-boern-og-unge\/","name":"- Den vigtigste ressource vi har er vores b\u00f8rn og unge - Mors","isPartOf":{"@id":"https:\/\/kunmedierne.dk\/mors\/#website"},"primaryImageOfPage":{"@id":"https:\/\/kunmedierne.dk\/mors\/den-vigtigste-ressource-vi-har-er-vores-boern-og-unge\/#primaryimage"},"image":{"@id":"https:\/\/kunmedierne.dk\/mors\/den-vigtigste-ressource-vi-har-er-vores-boern-og-unge\/#primaryimage"},"thumbnailUrl":"https:\/\/kunmedierne.dk\/mors\/wp-content\/uploads\/2021\/10\/henrik-markmoeller-bro.jpg","datePublished":"2021-10-15T20:33:59+00:00","dateModified":"2024-08-12T11:36:03+00:00","breadcrumb":{"@id":"https:\/\/kunmedierne.dk\/mors\/den-vigtigste-ressource-vi-har-er-vores-boern-og-unge\/#breadcrumb"},"inLanguage":"da-DK","potentialAction":[{"@type":"ReadAction","target":["https:\/\/kunmedierne.dk\/mors\/den-vigtigste-ressource-vi-har-er-vores-boern-og-unge\/"]}]},{"@type":"ImageObject","inLanguage":"da-DK","@id":"https:\/\/kunmedierne.dk\/mors\/den-vigtigste-ressource-vi-har-er-vores-boern-og-unge\/#primaryimage","url":"https:\/\/kunmedierne.dk\/mors\/wp-content\/uploads\/2021\/10\/henrik-markmoeller-bro.jpg","contentUrl":"https:\/\/kunmedierne.dk\/mors\/wp-content\/uploads\/2021\/10\/henrik-markmoeller-bro.jpg","width":770,"height":513,"caption":"Henrik Markm\u00f8ller Bro, kandidat for De Konservative ved Kommunalvalg 2021."},{"@type":"BreadcrumbList","@id":"https:\/\/kunmedierne.dk\/mors\/den-vigtigste-ressource-vi-har-er-vores-boern-og-unge\/#breadcrumb","itemListElement":[{"@type":"ListItem","position":1,"name":"Hjem","item":"https:\/\/kunmedierne.dk\/mors\/"},{"@type":"ListItem","position":2,"name":"&#8211; Den vigtigste ressource vi har er vores b\u00f8rn og unge"}]},{"@type":"WebSite","@id":"https:\/\/kunmedierne.dk\/mors\/#website","url":"https:\/\/kunmedierne.dk\/mors\/","name":"Mors","description":"et netmedie med journalistik om livet p\u00e5 Mors","publisher":{"@id":"https:\/\/kunmedierne.dk\/mors\/#organization"},"potentialAction":[{"@type":"SearchAction","target":{"@type":"EntryPoint","urlTemplate":"https:\/\/kunmedierne.dk\/mors\/?s={search_term_string}"},"query-input":{"@type":"PropertyValueSpecification","valueRequired":true,"valueName":"search_term_string"}}],"inLanguage":"da-DK"},{"@type":"Organization","@id":"https:\/\/kunmedierne.dk\/mors\/#organization","name":"Mors","url":"https:\/\/kunmedierne.dk\/mors\/","logo":{"@type":"ImageObject","inLanguage":"da-DK","@id":"https:\/\/kunmedierne.dk\/mors\/#\/schema\/logo\/image\/","url":"https:\/\/kunmedierne.dk\/mors\/wp-content\/uploads\/2024\/08\/kunmors-logo.svg","contentUrl":"https:\/\/kunmedierne.dk\/mors\/wp-content\/uploads\/2024\/08\/kunmors-logo.svg","caption":"Mors"},"image":{"@id":"https:\/\/kunmedierne.dk\/mors\/#\/schema\/logo\/image\/"}},{"@type":"Person","@id":"https:\/\/kunmedierne.dk\/mors\/#\/schema\/person\/84c1391bce0b43b9bb3a49736bc0ad78","name":"Debat","image":{"@type":"ImageObject","inLanguage":"da-DK","@id":"https:\/\/kunmedierne.dk\/mors\/#\/schema\/person\/image\/","url":"https:\/\/secure.gravatar.com\/avatar\/b0fb2e221d618f7c65162ab0d49c7e8a0b580c871ca03af90e42b47b4150654c?s=96&d=mm&r=g","contentUrl":"https:\/\/secure.gravatar.com\/avatar\/b0fb2e221d618f7c65162ab0d49c7e8a0b580c871ca03af90e42b47b4150654c?s=96&d=mm&r=g","caption":"Debat"},"url":"https:\/\/kunmedierne.dk\/mors\/author\/debat\/"}]}},"_links":{"self":[{"href":"https:\/\/kunmedierne.dk\/mors\/wp-json\/wp\/v2\/posts\/54590","targetHints":{"allow":["GET"]}}],"collection":[{"href":"https:\/\/kunmedierne.dk\/mors\/wp-json\/wp\/v2\/posts"}],"about":[{"href":"https:\/\/kunmedierne.dk\/mors\/wp-json\/wp\/v2\/types\/post"}],"author":[{"embeddable":true,"href":"https:\/\/kunmedierne.dk\/mors\/wp-json\/wp\/v2\/users\/11"}],"replies":[{"embeddable":true,"href":"https:\/\/kunmedierne.dk\/mors\/wp-json\/wp\/v2\/comments?post=54590"}],"version-history":[{"count":2,"href":"https:\/\/kunmedierne.dk\/mors\/wp-json\/wp\/v2\/posts\/54590\/revisions"}],"predecessor-version":[{"id":54633,"href":"https:\/\/kunmedierne.dk\/mors\/wp-json\/wp\/v2\/posts\/54590\/revisions\/54633"}],"wp:featuredmedia":[{"embeddable":true,"href":"https:\/\/kunmedierne.dk\/mors\/wp-json\/wp\/v2\/media\/54047"}],"wp:attachment":[{"href":"https:\/\/kunmedierne.dk\/mors\/wp-json\/wp\/v2\/media?parent=54590"}],"wp:term":[{"taxonomy":"category","embeddable":true,"href":"https:\/\/kunmedierne.dk\/mors\/wp-json\/wp\/v2\/categories?post=54590"},{"taxonomy":"post_tag","embeddable":true,"href":"https:\/\/kunmedierne.dk\/mors\/wp-json\/wp\/v2\/tags?post=54590"}],"curies":[{"name":"wp","href":"https:\/\/api.w.org\/{rel}","templated":true}]}}